{"id":165253,"date":"2022-08-01T10:53:31","date_gmt":"2022-08-01T09:53:31","guid":{"rendered":"https:\/\/radioljubuski.ba\/?p=165253"},"modified":"2022-08-02T13:22:02","modified_gmt":"2022-08-02T12:22:02","slug":"razvojaceni-branitelji-u-zhz-u-imat-ce-pravo-na-naknadu-vec-s-53-godine","status":"publish","type":"post","link":"https:\/\/radioljubuski.ba\/index.php\/2022\/08\/01\/razvojaceni-branitelji-u-zhz-u-imat-ce-pravo-na-naknadu-vec-s-53-godine\/","title":{"rendered":"Razvoja\u010deni branitelji u ZH\u017d-u imat \u0107e pravo na naknadu ve\u0107 s 53 godine"},"content":{"rendered":"\n<p>Egzistencijalnu nov\u010danu naknadu u Zapadnohercegova\u010dkoj \u017eupaniji mo\u0107i \u0107e ostvariti razvoja\u010deni branitelji nakon \u0161to napune 53 godine, pi\u0161e Ve\u010dernji list BiH. Vlada Zapadnohercegova\u010dke \u017eupanije je na jednoj od svojih posljednjih sjednica usvojila zakon o izmjeni Zakona o dopunskim pravima branitelja i njihovih obitelji kojim se mijenja dobna granica za ostvarenje tog prava, pi\u0161e Ve\u010dernji list BiH.<\/p>\n\n\n\n<p>Novac osiguran rebalansom<\/p>\n\n\n\n<p>Prema ranijem zakonskom rje\u0161enju, to su pravo razvoja\u010deni branitelji ove \u017eupanije mogli ostvariti s napunjenih 55 godina. &#8211; Zakon o izmjeni Zakona o dopunskim pravima branitelja i \u010dlanova njihovih obitelji donosi se radi pro\u0161irivanja prava na nov\u010danu egzistencijalnu naknadu razvoja\u010denim braniteljima za dodatne dvije generacije (53 i 54 godine) &#8211; stoji u obrazlo\u017eenju nacrta zakona o izmjeni Zakona o dopunskim pravima branitelja i njihovih obitelji. Prema procjeni Ministarstva branitelja iz Domovinskog rata, za financiranje nov\u010dane egzistencijalne naknade razvoja\u010denih branitelja potrebno je 200.000 konvertibilnih maraka. Navedeni iznos osiguran je rebalansom prora\u010duna Zapadnohercegova\u010dke \u017eupanije za 2022. godinu. Kako stoji u dokumentu koji je usvojila Vlada Zapadnohercegova\u010dke \u017eupanije te ga treba razmatrati Skup\u0161tina Zapadnohercegova\u010dke \u017eupanije, razvoja\u010deni branitelj, kako bi ostvario navedeno pravo s navr\u0161ene 53 godine, treba ispunjavati i ostale uvjete predvi\u0111ene zakonom.<\/p>\n\n\n\n<p>\u0160to stoji u zakonu<\/p>\n\n\n\n<p>Podsjetimo, u Zakonu o dopunskim pravima branitelja i njihovih obitelji stoji kako pravo na nov\u010danu egzistencijalnu naknadu razvoja\u010deni branitelj mo\u017ee ostvariti pod uvjetom da je bio pripadnik Oru\u017eanih snaga najmanje 12 mjeseci, da je prijavljen kao nezaposlena osoba kod nadle\u017ene slu\u017ebe za zapo\u0161ljavanje najmanje \u0161est mjeseci prije podno\u0161enja zahtjeva za ostvarivanje prava ako ima prebivali\u0161te na podru\u010dju Zapadnohercegova\u010dke \u017eupanije i ako ostvaruje mjese\u010dne nov\u010dane prihode u iznosu manjem od 50 posto minimalne mirovine ispla\u0107ene u Federaciji BiH za prosinac prethodne godine. U Zakonu o dopunskim pravima branitelja i njihovih obitelji tako\u0111er stoji kako mjese\u010dna nov\u010dana egzistencijalna naknada iznosi pet konvertibilnih maraka po mjesecu provedenom u Oru\u017eanim snagama. &#8211; Iznos mjese\u010dne nov\u010dane egzistencijalne naknade mo\u017ee biti i ni\u017ei uz primjenu koeficijenta za obra\u010dun &#8211; propisano je u Zakonu o dopunskim pravima branitelja i njihovih obitelji. Osobi koja ispunjava uvjete za priznavanje prava nov\u010dana egzistencijalna naknada pripada od prvog dana idu\u0107eg mjeseca od dana podno\u0161enja zahtjeva.<\/p>\n\n\n\n<p>Izvor:vecernji.ba<\/p>\n","protected":false},"excerpt":{"rendered":"<p>Egzistencijalnu nov\u010danu naknadu u Zapadnohercegova\u010dkoj \u017eupaniji mo\u0107i \u0107e ostvariti razvoja\u010deni branitelji nakon \u0161to napune 53 godine, pi\u0161e Ve\u010dernji list BiH. Vlada Zapadnohercegova\u010dke \u017eupanije je na jednoj od svojih posljednjih sjednica usvojila zakon o izmjeni Zakona o dopunskim pravima branitelja i njihovih obitelji kojim se mijenja dobna granica za ostvarenje tog prava, pi\u0161e Ve\u010dernji list BiH. [&hellip;]<\/p>\n","protected":false},"author":2,"featured_media":165254,"comment_status":"closed","ping_status":"closed","sticky":false,"template":"","format":"standard","meta":{"h5ap_radio_sources":[],"footnotes":""},"categories":[1],"tags":[],"class_list":["post-165253","post","type-post","status-publish","format-standard","has-post-thumbnail","hentry","category-bihiregija"],"yoast_head":"<!-- This site is optimized with the Yoast SEO plugin v27.4 - https:\/\/yoast.com\/product\/yoast-seo-wordpress\/ -->\n<title>Razvoja\u010deni branitelji u ZH\u017d-u imat \u0107e pravo na naknadu ve\u0107 s 53 godine - RADIO LJUBU\u0160KI<\/title>\n<meta name=\"robots\" content=\"index, follow, max-snippet:-1, max-image-preview:large, max-video-preview:-1\" \/>\n<link rel=\"canonical\" href=\"https:\/\/radioljubuski.ba\/index.php\/2022\/08\/01\/razvojaceni-branitelji-u-zhz-u-imat-ce-pravo-na-naknadu-vec-s-53-godine\/\" \/>\n<meta property=\"og:locale\" content=\"hr_HR\" \/>\n<meta property=\"og:type\" content=\"article\" \/>\n<meta property=\"og:title\" content=\"Razvoja\u010deni branitelji u ZH\u017d-u imat \u0107e pravo na naknadu ve\u0107 s 53 godine - RADIO LJUBU\u0160KI\" \/>\n<meta property=\"og:description\" content=\"Egzistencijalnu nov\u010danu naknadu u Zapadnohercegova\u010dkoj \u017eupaniji mo\u0107i \u0107e ostvariti razvoja\u010deni branitelji nakon \u0161to napune 53 godine, pi\u0161e Ve\u010dernji list BiH. Vlada Zapadnohercegova\u010dke \u017eupanije je na jednoj od svojih posljednjih sjednica usvojila zakon o izmjeni Zakona o dopunskim pravima branitelja i njihovih obitelji kojim se mijenja dobna granica za ostvarenje tog prava, pi\u0161e Ve\u010dernji list BiH. [&hellip;]\" \/>\n<meta property=\"og:url\" content=\"https:\/\/radioljubuski.ba\/index.php\/2022\/08\/01\/razvojaceni-branitelji-u-zhz-u-imat-ce-pravo-na-naknadu-vec-s-53-godine\/\" \/>\n<meta property=\"og:site_name\" content=\"RADIO LJUBU\u0160KI\" \/>\n<meta property=\"article:publisher\" content=\"https:\/\/www.facebook.com\/Radiio-Ljubuski-1490835324566332\" \/>\n<meta property=\"article:published_time\" content=\"2022-08-01T09:53:31+00:00\" \/>\n<meta property=\"article:modified_time\" content=\"2022-08-02T12:22:02+00:00\" \/>\n<meta property=\"og:image\" content=\"https:\/\/radioljubuski.ba\/wp-content\/uploads\/2022\/08\/10-2022-07-30-19-46-07-Snimka-zaslona-2022-07-30-194534.jpg\" \/>\n\t<meta property=\"og:image:width\" content=\"1000\" \/>\n\t<meta property=\"og:image:height\" content=\"625\" \/>\n\t<meta property=\"og:image:type\" content=\"image\/jpeg\" \/>\n<meta name=\"author\" content=\"Radio Ljubu\u0161ki\" \/>\n<meta name=\"twitter:card\" content=\"summary_large_image\" \/>\n<meta name=\"twitter:creator\" content=\"@radioljubuski\" \/>\n<meta name=\"twitter:site\" content=\"@radioljubuski\" \/>\n<meta name=\"twitter:label1\" content=\"Napisao\/la\" \/>\n\t<meta name=\"twitter:data1\" content=\"Radio Ljubu\u0161ki\" \/>\n\t<meta name=\"twitter:label2\" content=\"Procijenjeno vrijeme \u010ditanja\" \/>\n\t<meta name=\"twitter:data2\" content=\"2 minute\" \/>\n<script type=\"application\/ld+json\" class=\"yoast-schema-graph\">{\"@context\":\"https:\\\/\\\/schema.org\",\"@graph\":[{\"@type\":\"Article\",\"@id\":\"https:\\\/\\\/radioljubuski.ba\\\/index.php\\\/2022\\\/08\\\/01\\\/razvojaceni-branitelji-u-zhz-u-imat-ce-pravo-na-naknadu-vec-s-53-godine\\\/#article\",\"isPartOf\":{\"@id\":\"https:\\\/\\\/radioljubuski.ba\\\/index.php\\\/2022\\\/08\\\/01\\\/razvojaceni-branitelji-u-zhz-u-imat-ce-pravo-na-naknadu-vec-s-53-godine\\\/\"},\"author\":{\"name\":\"Radio Ljubu\u0161ki\",\"@id\":\"https:\\\/\\\/radioljubuski.ba\\\/#\\\/schema\\\/person\\\/19fc700381a780f69665d7956c469e3b\"},\"headline\":\"Razvoja\u010deni branitelji u ZH\u017d-u imat \u0107e pravo na naknadu ve\u0107 s 53 godine\",\"datePublished\":\"2022-08-01T09:53:31+00:00\",\"dateModified\":\"2022-08-02T12:22:02+00:00\",\"mainEntityOfPage\":{\"@id\":\"https:\\\/\\\/radioljubuski.ba\\\/index.php\\\/2022\\\/08\\\/01\\\/razvojaceni-branitelji-u-zhz-u-imat-ce-pravo-na-naknadu-vec-s-53-godine\\\/\"},\"wordCount\":405,\"publisher\":{\"@id\":\"https:\\\/\\\/radioljubuski.ba\\\/#organization\"},\"image\":{\"@id\":\"https:\\\/\\\/radioljubuski.ba\\\/index.php\\\/2022\\\/08\\\/01\\\/razvojaceni-branitelji-u-zhz-u-imat-ce-pravo-na-naknadu-vec-s-53-godine\\\/#primaryimage\"},\"thumbnailUrl\":\"https:\\\/\\\/radioljubuski.ba\\\/wp-content\\\/uploads\\\/2022\\\/08\\\/10-2022-07-30-19-46-07-Snimka-zaslona-2022-07-30-194534.jpg\",\"articleSection\":[\"BIH i regija\"],\"inLanguage\":\"hr\"},{\"@type\":\"WebPage\",\"@id\":\"https:\\\/\\\/radioljubuski.ba\\\/index.php\\\/2022\\\/08\\\/01\\\/razvojaceni-branitelji-u-zhz-u-imat-ce-pravo-na-naknadu-vec-s-53-godine\\\/\",\"url\":\"https:\\\/\\\/radioljubuski.ba\\\/index.php\\\/2022\\\/08\\\/01\\\/razvojaceni-branitelji-u-zhz-u-imat-ce-pravo-na-naknadu-vec-s-53-godine\\\/\",\"name\":\"Razvoja\u010deni branitelji u ZH\u017d-u imat \u0107e pravo na naknadu ve\u0107 s 53 godine - RADIO LJUBU\u0160KI\",\"isPartOf\":{\"@id\":\"https:\\\/\\\/radioljubuski.ba\\\/#website\"},\"primaryImageOfPage\":{\"@id\":\"https:\\\/\\\/radioljubuski.ba\\\/index.php\\\/2022\\\/08\\\/01\\\/razvojaceni-branitelji-u-zhz-u-imat-ce-pravo-na-naknadu-vec-s-53-godine\\\/#primaryimage\"},\"image\":{\"@id\":\"https:\\\/\\\/radioljubuski.ba\\\/index.php\\\/2022\\\/08\\\/01\\\/razvojaceni-branitelji-u-zhz-u-imat-ce-pravo-na-naknadu-vec-s-53-godine\\\/#primaryimage\"},\"thumbnailUrl\":\"https:\\\/\\\/radioljubuski.ba\\\/wp-content\\\/uploads\\\/2022\\\/08\\\/10-2022-07-30-19-46-07-Snimka-zaslona-2022-07-30-194534.jpg\",\"datePublished\":\"2022-08-01T09:53:31+00:00\",\"dateModified\":\"2022-08-02T12:22:02+00:00\",\"breadcrumb\":{\"@id\":\"https:\\\/\\\/radioljubuski.ba\\\/index.php\\\/2022\\\/08\\\/01\\\/razvojaceni-branitelji-u-zhz-u-imat-ce-pravo-na-naknadu-vec-s-53-godine\\\/#breadcrumb\"},\"inLanguage\":\"hr\",\"potentialAction\":[{\"@type\":\"ReadAction\",\"target\":[\"https:\\\/\\\/radioljubuski.ba\\\/index.php\\\/2022\\\/08\\\/01\\\/razvojaceni-branitelji-u-zhz-u-imat-ce-pravo-na-naknadu-vec-s-53-godine\\\/\"]}]},{\"@type\":\"ImageObject\",\"inLanguage\":\"hr\",\"@id\":\"https:\\\/\\\/radioljubuski.ba\\\/index.php\\\/2022\\\/08\\\/01\\\/razvojaceni-branitelji-u-zhz-u-imat-ce-pravo-na-naknadu-vec-s-53-godine\\\/#primaryimage\",\"url\":\"https:\\\/\\\/radioljubuski.ba\\\/wp-content\\\/uploads\\\/2022\\\/08\\\/10-2022-07-30-19-46-07-Snimka-zaslona-2022-07-30-194534.jpg\",\"contentUrl\":\"https:\\\/\\\/radioljubuski.ba\\\/wp-content\\\/uploads\\\/2022\\\/08\\\/10-2022-07-30-19-46-07-Snimka-zaslona-2022-07-30-194534.jpg\",\"width\":1000,\"height\":625},{\"@type\":\"BreadcrumbList\",\"@id\":\"https:\\\/\\\/radioljubuski.ba\\\/index.php\\\/2022\\\/08\\\/01\\\/razvojaceni-branitelji-u-zhz-u-imat-ce-pravo-na-naknadu-vec-s-53-godine\\\/#breadcrumb\",\"itemListElement\":[{\"@type\":\"ListItem\",\"position\":1,\"name\":\"Po\u010detna stranica\",\"item\":\"https:\\\/\\\/radioljubuski.ba\\\/\"},{\"@type\":\"ListItem\",\"position\":2,\"name\":\"Razvoja\u010deni branitelji u ZH\u017d-u imat \u0107e pravo na naknadu ve\u0107 s 53 godine\"}]},{\"@type\":\"WebSite\",\"@id\":\"https:\\\/\\\/radioljubuski.ba\\\/#website\",\"url\":\"https:\\\/\\\/radioljubuski.ba\\\/\",\"name\":\"Radio Ljubu\u0161ki\",\"description\":\"Sun\u010dana frekvencija Hercegovine\",\"publisher\":{\"@id\":\"https:\\\/\\\/radioljubuski.ba\\\/#organization\"},\"potentialAction\":[{\"@type\":\"SearchAction\",\"target\":{\"@type\":\"EntryPoint\",\"urlTemplate\":\"https:\\\/\\\/radioljubuski.ba\\\/?s={search_term_string}\"},\"query-input\":{\"@type\":\"PropertyValueSpecification\",\"valueRequired\":true,\"valueName\":\"search_term_string\"}}],\"inLanguage\":\"hr\"},{\"@type\":\"Organization\",\"@id\":\"https:\\\/\\\/radioljubuski.ba\\\/#organization\",\"name\":\"Radio Ljubu\u0161ki\",\"url\":\"https:\\\/\\\/radioljubuski.ba\\\/\",\"logo\":{\"@type\":\"ImageObject\",\"inLanguage\":\"hr\",\"@id\":\"https:\\\/\\\/radioljubuski.ba\\\/#\\\/schema\\\/logo\\\/image\\\/\",\"url\":\"https:\\\/\\\/radioljubuski.ba\\\/wp-content\\\/uploads\\\/2021\\\/02\\\/cropped-Radio_Ljubuski_logo1.jpg\",\"contentUrl\":\"https:\\\/\\\/radioljubuski.ba\\\/wp-content\\\/uploads\\\/2021\\\/02\\\/cropped-Radio_Ljubuski_logo1.jpg\",\"width\":512,\"height\":512,\"caption\":\"Radio Ljubu\u0161ki\"},\"image\":{\"@id\":\"https:\\\/\\\/radioljubuski.ba\\\/#\\\/schema\\\/logo\\\/image\\\/\"},\"sameAs\":[\"https:\\\/\\\/www.facebook.com\\\/Radiio-Ljubuski-1490835324566332\",\"https:\\\/\\\/x.com\\\/radioljubuski\",\"https:\\\/\\\/hr.linkedin.com\\\/company\\\/radio-ljubuski\",\"https:\\\/\\\/www.youtube.com\\\/channel\\\/UCHYaeO_n0Db3tjNGudGpXyw\"]},{\"@type\":\"Person\",\"@id\":\"https:\\\/\\\/radioljubuski.ba\\\/#\\\/schema\\\/person\\\/19fc700381a780f69665d7956c469e3b\",\"name\":\"Radio Ljubu\u0161ki\"}]}<\/script>\n<!-- \/ Yoast SEO plugin. -->","yoast_head_json":{"title":"Razvoja\u010deni branitelji u ZH\u017d-u imat \u0107e pravo na naknadu ve\u0107 s 53 godine - RADIO LJUBU\u0160KI","robots":{"index":"index","follow":"follow","max-snippet":"max-snippet:-1","max-image-preview":"max-image-preview:large","max-video-preview":"max-video-preview:-1"},"canonical":"https:\/\/radioljubuski.ba\/index.php\/2022\/08\/01\/razvojaceni-branitelji-u-zhz-u-imat-ce-pravo-na-naknadu-vec-s-53-godine\/","og_locale":"hr_HR","og_type":"article","og_title":"Razvoja\u010deni branitelji u ZH\u017d-u imat \u0107e pravo na naknadu ve\u0107 s 53 godine - RADIO LJUBU\u0160KI","og_description":"Egzistencijalnu nov\u010danu naknadu u Zapadnohercegova\u010dkoj \u017eupaniji mo\u0107i \u0107e ostvariti razvoja\u010deni branitelji nakon \u0161to napune 53 godine, pi\u0161e Ve\u010dernji list BiH. Vlada Zapadnohercegova\u010dke \u017eupanije je na jednoj od svojih posljednjih sjednica usvojila zakon o izmjeni Zakona o dopunskim pravima branitelja i njihovih obitelji kojim se mijenja dobna granica za ostvarenje tog prava, pi\u0161e Ve\u010dernji list BiH. [&hellip;]","og_url":"https:\/\/radioljubuski.ba\/index.php\/2022\/08\/01\/razvojaceni-branitelji-u-zhz-u-imat-ce-pravo-na-naknadu-vec-s-53-godine\/","og_site_name":"RADIO LJUBU\u0160KI","article_publisher":"https:\/\/www.facebook.com\/Radiio-Ljubuski-1490835324566332","article_published_time":"2022-08-01T09:53:31+00:00","article_modified_time":"2022-08-02T12:22:02+00:00","og_image":[{"width":1000,"height":625,"url":"https:\/\/radioljubuski.ba\/wp-content\/uploads\/2022\/08\/10-2022-07-30-19-46-07-Snimka-zaslona-2022-07-30-194534.jpg","type":"image\/jpeg"}],"author":"Radio Ljubu\u0161ki","twitter_card":"summary_large_image","twitter_creator":"@radioljubuski","twitter_site":"@radioljubuski","twitter_misc":{"Napisao\/la":"Radio Ljubu\u0161ki","Procijenjeno vrijeme \u010ditanja":"2 minute"},"schema":{"@context":"https:\/\/schema.org","@graph":[{"@type":"Article","@id":"https:\/\/radioljubuski.ba\/index.php\/2022\/08\/01\/razvojaceni-branitelji-u-zhz-u-imat-ce-pravo-na-naknadu-vec-s-53-godine\/#article","isPartOf":{"@id":"https:\/\/radioljubuski.ba\/index.php\/2022\/08\/01\/razvojaceni-branitelji-u-zhz-u-imat-ce-pravo-na-naknadu-vec-s-53-godine\/"},"author":{"name":"Radio Ljubu\u0161ki","@id":"https:\/\/radioljubuski.ba\/#\/schema\/person\/19fc700381a780f69665d7956c469e3b"},"headline":"Razvoja\u010deni branitelji u ZH\u017d-u imat \u0107e pravo na naknadu ve\u0107 s 53 godine","datePublished":"2022-08-01T09:53:31+00:00","dateModified":"2022-08-02T12:22:02+00:00","mainEntityOfPage":{"@id":"https:\/\/radioljubuski.ba\/index.php\/2022\/08\/01\/razvojaceni-branitelji-u-zhz-u-imat-ce-pravo-na-naknadu-vec-s-53-godine\/"},"wordCount":405,"publisher":{"@id":"https:\/\/radioljubuski.ba\/#organization"},"image":{"@id":"https:\/\/radioljubuski.ba\/index.php\/2022\/08\/01\/razvojaceni-branitelji-u-zhz-u-imat-ce-pravo-na-naknadu-vec-s-53-godine\/#primaryimage"},"thumbnailUrl":"https:\/\/radioljubuski.ba\/wp-content\/uploads\/2022\/08\/10-2022-07-30-19-46-07-Snimka-zaslona-2022-07-30-194534.jpg","articleSection":["BIH i regija"],"inLanguage":"hr"},{"@type":"WebPage","@id":"https:\/\/radioljubuski.ba\/index.php\/2022\/08\/01\/razvojaceni-branitelji-u-zhz-u-imat-ce-pravo-na-naknadu-vec-s-53-godine\/","url":"https:\/\/radioljubuski.ba\/index.php\/2022\/08\/01\/razvojaceni-branitelji-u-zhz-u-imat-ce-pravo-na-naknadu-vec-s-53-godine\/","name":"Razvoja\u010deni branitelji u ZH\u017d-u imat \u0107e pravo na naknadu ve\u0107 s 53 godine - RADIO LJUBU\u0160KI","isPartOf":{"@id":"https:\/\/radioljubuski.ba\/#website"},"primaryImageOfPage":{"@id":"https:\/\/radioljubuski.ba\/index.php\/2022\/08\/01\/razvojaceni-branitelji-u-zhz-u-imat-ce-pravo-na-naknadu-vec-s-53-godine\/#primaryimage"},"image":{"@id":"https:\/\/radioljubuski.ba\/index.php\/2022\/08\/01\/razvojaceni-branitelji-u-zhz-u-imat-ce-pravo-na-naknadu-vec-s-53-godine\/#primaryimage"},"thumbnailUrl":"https:\/\/radioljubuski.ba\/wp-content\/uploads\/2022\/08\/10-2022-07-30-19-46-07-Snimka-zaslona-2022-07-30-194534.jpg","datePublished":"2022-08-01T09:53:31+00:00","dateModified":"2022-08-02T12:22:02+00:00","breadcrumb":{"@id":"https:\/\/radioljubuski.ba\/index.php\/2022\/08\/01\/razvojaceni-branitelji-u-zhz-u-imat-ce-pravo-na-naknadu-vec-s-53-godine\/#breadcrumb"},"inLanguage":"hr","potentialAction":[{"@type":"ReadAction","target":["https:\/\/radioljubuski.ba\/index.php\/2022\/08\/01\/razvojaceni-branitelji-u-zhz-u-imat-ce-pravo-na-naknadu-vec-s-53-godine\/"]}]},{"@type":"ImageObject","inLanguage":"hr","@id":"https:\/\/radioljubuski.ba\/index.php\/2022\/08\/01\/razvojaceni-branitelji-u-zhz-u-imat-ce-pravo-na-naknadu-vec-s-53-godine\/#primaryimage","url":"https:\/\/radioljubuski.ba\/wp-content\/uploads\/2022\/08\/10-2022-07-30-19-46-07-Snimka-zaslona-2022-07-30-194534.jpg","contentUrl":"https:\/\/radioljubuski.ba\/wp-content\/uploads\/2022\/08\/10-2022-07-30-19-46-07-Snimka-zaslona-2022-07-30-194534.jpg","width":1000,"height":625},{"@type":"BreadcrumbList","@id":"https:\/\/radioljubuski.ba\/index.php\/2022\/08\/01\/razvojaceni-branitelji-u-zhz-u-imat-ce-pravo-na-naknadu-vec-s-53-godine\/#breadcrumb","itemListElement":[{"@type":"ListItem","position":1,"name":"Po\u010detna stranica","item":"https:\/\/radioljubuski.ba\/"},{"@type":"ListItem","position":2,"name":"Razvoja\u010deni branitelji u ZH\u017d-u imat \u0107e pravo na naknadu ve\u0107 s 53 godine"}]},{"@type":"WebSite","@id":"https:\/\/radioljubuski.ba\/#website","url":"https:\/\/radioljubuski.ba\/","name":"Radio Ljubu\u0161ki","description":"Sun\u010dana frekvencija Hercegovine","publisher":{"@id":"https:\/\/radioljubuski.ba\/#organization"},"potentialAction":[{"@type":"SearchAction","target":{"@type":"EntryPoint","urlTemplate":"https:\/\/radioljubuski.ba\/?s={search_term_string}"},"query-input":{"@type":"PropertyValueSpecification","valueRequired":true,"valueName":"search_term_string"}}],"inLanguage":"hr"},{"@type":"Organization","@id":"https:\/\/radioljubuski.ba\/#organization","name":"Radio Ljubu\u0161ki","url":"https:\/\/radioljubuski.ba\/","logo":{"@type":"ImageObject","inLanguage":"hr","@id":"https:\/\/radioljubuski.ba\/#\/schema\/logo\/image\/","url":"https:\/\/radioljubuski.ba\/wp-content\/uploads\/2021\/02\/cropped-Radio_Ljubuski_logo1.jpg","contentUrl":"https:\/\/radioljubuski.ba\/wp-content\/uploads\/2021\/02\/cropped-Radio_Ljubuski_logo1.jpg","width":512,"height":512,"caption":"Radio Ljubu\u0161ki"},"image":{"@id":"https:\/\/radioljubuski.ba\/#\/schema\/logo\/image\/"},"sameAs":["https:\/\/www.facebook.com\/Radiio-Ljubuski-1490835324566332","https:\/\/x.com\/radioljubuski","https:\/\/hr.linkedin.com\/company\/radio-ljubuski","https:\/\/www.youtube.com\/channel\/UCHYaeO_n0Db3tjNGudGpXyw"]},{"@type":"Person","@id":"https:\/\/radioljubuski.ba\/#\/schema\/person\/19fc700381a780f69665d7956c469e3b","name":"Radio Ljubu\u0161ki"}]}},"_links":{"self":[{"href":"https:\/\/radioljubuski.ba\/index.php\/wp-json\/wp\/v2\/posts\/165253","targetHints":{"allow":["GET"]}}],"collection":[{"href":"https:\/\/radioljubuski.ba\/index.php\/wp-json\/wp\/v2\/posts"}],"about":[{"href":"https:\/\/radioljubuski.ba\/index.php\/wp-json\/wp\/v2\/types\/post"}],"author":[{"embeddable":true,"href":"https:\/\/radioljubuski.ba\/index.php\/wp-json\/wp\/v2\/users\/2"}],"replies":[{"embeddable":true,"href":"https:\/\/radioljubuski.ba\/index.php\/wp-json\/wp\/v2\/comments?post=165253"}],"version-history":[{"count":1,"href":"https:\/\/radioljubuski.ba\/index.php\/wp-json\/wp\/v2\/posts\/165253\/revisions"}],"predecessor-version":[{"id":165255,"href":"https:\/\/radioljubuski.ba\/index.php\/wp-json\/wp\/v2\/posts\/165253\/revisions\/165255"}],"wp:featuredmedia":[{"embeddable":true,"href":"https:\/\/radioljubuski.ba\/index.php\/wp-json\/wp\/v2\/media\/165254"}],"wp:attachment":[{"href":"https:\/\/radioljubuski.ba\/index.php\/wp-json\/wp\/v2\/media?parent=165253"}],"wp:term":[{"taxonomy":"category","embeddable":true,"href":"https:\/\/radioljubuski.ba\/index.php\/wp-json\/wp\/v2\/categories?post=165253"},{"taxonomy":"post_tag","embeddable":true,"href":"https:\/\/radioljubuski.ba\/index.php\/wp-json\/wp\/v2\/tags?post=165253"}],"curies":[{"name":"wp","href":"https:\/\/api.w.org\/{rel}","templated":true}]}}