{"id":165256,"date":"2022-08-01T10:55:11","date_gmt":"2022-08-01T09:55:11","guid":{"rendered":"https:\/\/radioljubuski.ba\/?p=165256"},"modified":"2022-08-01T10:55:12","modified_gmt":"2022-08-01T09:55:12","slug":"von-der-leyen-rasna-diskriminacija-suprotna-vrijednostima-eu-a","status":"publish","type":"post","link":"https:\/\/radioljubuski.ba\/index.php\/2022\/08\/01\/von-der-leyen-rasna-diskriminacija-suprotna-vrijednostima-eu-a\/","title":{"rendered":"Von der Leyen: &#8220;Rasna diskriminacija&#8221; suprotna vrijednostima EU-a"},"content":{"rendered":"\n<p>Predsjednica Europske komisije Ursula von der Leyen naglasila je da je &#8220;rasna diskriminacija&#8221; suprotna vrijednostima EU-a, odgovaraju\u0107i time na pitanje vezano uz izjave ma\u0111arskog premijera Viktora Orbana o &#8220;mije\u0161anju rasa&#8221;.<\/p>\n\n\n\n<p>Iako nije eksplicitno osudila izjave ma\u0111arskog \u010delnika, koje su izazvale revolt prije svega u Washingtonu, von der Leyen je podsjetila da &#8220;sve zemlje \u010dlanice EU-a, uklju\u010divo i Ma\u0111arska&#8221; trebaju po\u0161tivati zajedni\u010dke univerzalne vrijednosti o kojima se ne &#8220;pregovara&#8221;.<br><br>&#8211; Diskriminirati na temelju rase zna\u010di gaziti vrijednosti&#8221; sadr\u017eane u europskim i me\u0111unarodnim ugovorima, rekla je von der Leyen u intervjuu za slova\u010dki portal aktuality.sk.<br><br>&#8211; Europska unija utemeljena je na jednakosti, toleranciji, po\u0161tenju i pravdi, dodala je.<br><br>Von der Leyen dosad nije javno reagirala na Orbanove izjave. Glasnogovornik Europske komisije upitan u utorak rekao je da EK &#8220;nikada ne komentira izjave europskih politi\u010dkih du\u017enosnika&#8221;.<\/p>\n\n\n\n<p>Uz osude iz SAD-a, rije\u010di ma\u0111arskog \u010delnika izazvale su ostavku jedne od njegovih savjetnica koja je osudila &#8220;\u010disti nacisti\u010dki tekst&#8221;, kao i osudu Me\u0111unarodnog odbora Auschwitza, &#8220;u\u017easnutog&#8221; tim govorom.<br><br>Europski parlament \u017eestoko je pak ranije &nbsp;kritizirao izjave ma\u0111arskog premijera koje to tijelo smatra rasisti\u010dkima.<br><br>&#8211; Mi, \u010delnici politi\u010dkih grupacija unutar Europskog parlamenta, sna\u017eno osu\u0111ujemo nedavne otvoreno rasisti\u010dke izjave premijera Orbana o tome da ne \u017eeli &#8216;ljude mije\u0161ane rase, stoji u priop\u0107enju.<br><br>&#8211; Takve neprihvatljive izjave, koje jasno kr\u0161e na\u0161e vrijednosti sadr\u017eane i u europskim ugovorima, nemaju mjesta u na\u0161im dru\u0161tvima, dodaje EP.<br><br>Orban je pro\u0161li tjedan tijekom govora u Rumunjskoj rekao kako postoji svijet u kojem se Europljani mije\u0161aju s ljudima koji sti\u017eu izvan kontinenta, a \u0161to je svijet mije\u0161anih rasa.<br><br>S druge strane, nastavio je Orban, postoji Karpatski bazen gdje se Europljani poput Ma\u0111ara, Rumunja i Slovaka me\u0111usobno mije\u0161aju. Mi smo spremni mije\u0161ati se, no ne \u017eelimo postati mije\u0161ana rasa.&nbsp;<\/p>\n\n\n\n<p>Izvor:pogled.ba<\/p>\n","protected":false},"excerpt":{"rendered":"<p>Predsjednica Europske komisije Ursula von der Leyen naglasila je da je &#8220;rasna diskriminacija&#8221; suprotna vrijednostima EU-a, odgovaraju\u0107i time na pitanje vezano uz izjave ma\u0111arskog premijera Viktora Orbana o &#8220;mije\u0161anju rasa&#8221;. Iako nije eksplicitno osudila izjave ma\u0111arskog \u010delnika, koje su izazvale revolt prije svega u Washingtonu, von der Leyen je podsjetila da &#8220;sve zemlje \u010dlanice EU-a, [&hellip;]<\/p>\n","protected":false},"author":2,"featured_media":14763,"comment_status":"closed","ping_status":"closed","sticky":false,"template":"","format":"standard","meta":{"h5ap_radio_sources":[],"footnotes":""},"categories":[1],"tags":[],"class_list":["post-165256","post","type-post","status-publish","format-standard","has-post-thumbnail","hentry","category-bihiregija"],"yoast_head":"<!-- This site is optimized with the Yoast SEO plugin v27.4 - https:\/\/yoast.com\/product\/yoast-seo-wordpress\/ -->\n<title>Von der Leyen: &quot;Rasna diskriminacija&quot; suprotna vrijednostima EU-a - RADIO LJUBU\u0160KI<\/title>\n<meta name=\"robots\" content=\"index, follow, max-snippet:-1, max-image-preview:large, max-video-preview:-1\" \/>\n<link rel=\"canonical\" href=\"https:\/\/radioljubuski.ba\/index.php\/2022\/08\/01\/von-der-leyen-rasna-diskriminacija-suprotna-vrijednostima-eu-a\/\" \/>\n<meta property=\"og:locale\" content=\"hr_HR\" \/>\n<meta property=\"og:type\" content=\"article\" \/>\n<meta property=\"og:title\" content=\"Von der Leyen: &quot;Rasna diskriminacija&quot; suprotna vrijednostima EU-a - RADIO LJUBU\u0160KI\" \/>\n<meta property=\"og:description\" content=\"Predsjednica Europske komisije Ursula von der Leyen naglasila je da je &#8220;rasna diskriminacija&#8221; suprotna vrijednostima EU-a, odgovaraju\u0107i time na pitanje vezano uz izjave ma\u0111arskog premijera Viktora Orbana o &#8220;mije\u0161anju rasa&#8221;. Iako nije eksplicitno osudila izjave ma\u0111arskog \u010delnika, koje su izazvale revolt prije svega u Washingtonu, von der Leyen je podsjetila da &#8220;sve zemlje \u010dlanice EU-a, [&hellip;]\" \/>\n<meta property=\"og:url\" content=\"https:\/\/radioljubuski.ba\/index.php\/2022\/08\/01\/von-der-leyen-rasna-diskriminacija-suprotna-vrijednostima-eu-a\/\" \/>\n<meta property=\"og:site_name\" content=\"RADIO LJUBU\u0160KI\" \/>\n<meta property=\"article:publisher\" content=\"https:\/\/www.facebook.com\/Radiio-Ljubuski-1490835324566332\" \/>\n<meta property=\"article:published_time\" content=\"2022-08-01T09:55:11+00:00\" \/>\n<meta property=\"article:modified_time\" content=\"2022-08-01T09:55:12+00:00\" \/>\n<meta property=\"og:image\" content=\"https:\/\/radioljubuski.ba\/wp-content\/uploads\/2021\/04\/ursula1.jpg\" \/>\n\t<meta property=\"og:image:width\" content=\"680\" \/>\n\t<meta property=\"og:image:height\" content=\"403\" \/>\n\t<meta property=\"og:image:type\" content=\"image\/jpeg\" \/>\n<meta name=\"author\" content=\"Radio Ljubu\u0161ki\" \/>\n<meta name=\"twitter:card\" content=\"summary_large_image\" \/>\n<meta name=\"twitter:creator\" content=\"@radioljubuski\" \/>\n<meta name=\"twitter:site\" content=\"@radioljubuski\" \/>\n<meta name=\"twitter:label1\" content=\"Napisao\/la\" \/>\n\t<meta name=\"twitter:data1\" content=\"Radio Ljubu\u0161ki\" \/>\n\t<meta name=\"twitter:label2\" content=\"Procijenjeno vrijeme \u010ditanja\" \/>\n\t<meta name=\"twitter:data2\" content=\"2 minute\" \/>\n<script type=\"application\/ld+json\" class=\"yoast-schema-graph\">{\"@context\":\"https:\\\/\\\/schema.org\",\"@graph\":[{\"@type\":\"Article\",\"@id\":\"https:\\\/\\\/radioljubuski.ba\\\/index.php\\\/2022\\\/08\\\/01\\\/von-der-leyen-rasna-diskriminacija-suprotna-vrijednostima-eu-a\\\/#article\",\"isPartOf\":{\"@id\":\"https:\\\/\\\/radioljubuski.ba\\\/index.php\\\/2022\\\/08\\\/01\\\/von-der-leyen-rasna-diskriminacija-suprotna-vrijednostima-eu-a\\\/\"},\"author\":{\"name\":\"Radio Ljubu\u0161ki\",\"@id\":\"https:\\\/\\\/radioljubuski.ba\\\/#\\\/schema\\\/person\\\/19fc700381a780f69665d7956c469e3b\"},\"headline\":\"Von der Leyen: &#8220;Rasna diskriminacija&#8221; suprotna vrijednostima EU-a\",\"datePublished\":\"2022-08-01T09:55:11+00:00\",\"dateModified\":\"2022-08-01T09:55:12+00:00\",\"mainEntityOfPage\":{\"@id\":\"https:\\\/\\\/radioljubuski.ba\\\/index.php\\\/2022\\\/08\\\/01\\\/von-der-leyen-rasna-diskriminacija-suprotna-vrijednostima-eu-a\\\/\"},\"wordCount\":340,\"publisher\":{\"@id\":\"https:\\\/\\\/radioljubuski.ba\\\/#organization\"},\"image\":{\"@id\":\"https:\\\/\\\/radioljubuski.ba\\\/index.php\\\/2022\\\/08\\\/01\\\/von-der-leyen-rasna-diskriminacija-suprotna-vrijednostima-eu-a\\\/#primaryimage\"},\"thumbnailUrl\":\"https:\\\/\\\/radioljubuski.ba\\\/wp-content\\\/uploads\\\/2021\\\/04\\\/ursula1.jpg\",\"articleSection\":[\"BIH i regija\"],\"inLanguage\":\"hr\"},{\"@type\":\"WebPage\",\"@id\":\"https:\\\/\\\/radioljubuski.ba\\\/index.php\\\/2022\\\/08\\\/01\\\/von-der-leyen-rasna-diskriminacija-suprotna-vrijednostima-eu-a\\\/\",\"url\":\"https:\\\/\\\/radioljubuski.ba\\\/index.php\\\/2022\\\/08\\\/01\\\/von-der-leyen-rasna-diskriminacija-suprotna-vrijednostima-eu-a\\\/\",\"name\":\"Von der Leyen: \\\"Rasna diskriminacija\\\" suprotna vrijednostima EU-a - RADIO LJUBU\u0160KI\",\"isPartOf\":{\"@id\":\"https:\\\/\\\/radioljubuski.ba\\\/#website\"},\"primaryImageOfPage\":{\"@id\":\"https:\\\/\\\/radioljubuski.ba\\\/index.php\\\/2022\\\/08\\\/01\\\/von-der-leyen-rasna-diskriminacija-suprotna-vrijednostima-eu-a\\\/#primaryimage\"},\"image\":{\"@id\":\"https:\\\/\\\/radioljubuski.ba\\\/index.php\\\/2022\\\/08\\\/01\\\/von-der-leyen-rasna-diskriminacija-suprotna-vrijednostima-eu-a\\\/#primaryimage\"},\"thumbnailUrl\":\"https:\\\/\\\/radioljubuski.ba\\\/wp-content\\\/uploads\\\/2021\\\/04\\\/ursula1.jpg\",\"datePublished\":\"2022-08-01T09:55:11+00:00\",\"dateModified\":\"2022-08-01T09:55:12+00:00\",\"breadcrumb\":{\"@id\":\"https:\\\/\\\/radioljubuski.ba\\\/index.php\\\/2022\\\/08\\\/01\\\/von-der-leyen-rasna-diskriminacija-suprotna-vrijednostima-eu-a\\\/#breadcrumb\"},\"inLanguage\":\"hr\",\"potentialAction\":[{\"@type\":\"ReadAction\",\"target\":[\"https:\\\/\\\/radioljubuski.ba\\\/index.php\\\/2022\\\/08\\\/01\\\/von-der-leyen-rasna-diskriminacija-suprotna-vrijednostima-eu-a\\\/\"]}]},{\"@type\":\"ImageObject\",\"inLanguage\":\"hr\",\"@id\":\"https:\\\/\\\/radioljubuski.ba\\\/index.php\\\/2022\\\/08\\\/01\\\/von-der-leyen-rasna-diskriminacija-suprotna-vrijednostima-eu-a\\\/#primaryimage\",\"url\":\"https:\\\/\\\/radioljubuski.ba\\\/wp-content\\\/uploads\\\/2021\\\/04\\\/ursula1.jpg\",\"contentUrl\":\"https:\\\/\\\/radioljubuski.ba\\\/wp-content\\\/uploads\\\/2021\\\/04\\\/ursula1.jpg\",\"width\":680,\"height\":403},{\"@type\":\"BreadcrumbList\",\"@id\":\"https:\\\/\\\/radioljubuski.ba\\\/index.php\\\/2022\\\/08\\\/01\\\/von-der-leyen-rasna-diskriminacija-suprotna-vrijednostima-eu-a\\\/#breadcrumb\",\"itemListElement\":[{\"@type\":\"ListItem\",\"position\":1,\"name\":\"Po\u010detna stranica\",\"item\":\"https:\\\/\\\/radioljubuski.ba\\\/\"},{\"@type\":\"ListItem\",\"position\":2,\"name\":\"Von der Leyen: &#8220;Rasna diskriminacija&#8221; suprotna vrijednostima EU-a\"}]},{\"@type\":\"WebSite\",\"@id\":\"https:\\\/\\\/radioljubuski.ba\\\/#website\",\"url\":\"https:\\\/\\\/radioljubuski.ba\\\/\",\"name\":\"Radio Ljubu\u0161ki\",\"description\":\"Sun\u010dana frekvencija Hercegovine\",\"publisher\":{\"@id\":\"https:\\\/\\\/radioljubuski.ba\\\/#organization\"},\"potentialAction\":[{\"@type\":\"SearchAction\",\"target\":{\"@type\":\"EntryPoint\",\"urlTemplate\":\"https:\\\/\\\/radioljubuski.ba\\\/?s={search_term_string}\"},\"query-input\":{\"@type\":\"PropertyValueSpecification\",\"valueRequired\":true,\"valueName\":\"search_term_string\"}}],\"inLanguage\":\"hr\"},{\"@type\":\"Organization\",\"@id\":\"https:\\\/\\\/radioljubuski.ba\\\/#organization\",\"name\":\"Radio Ljubu\u0161ki\",\"url\":\"https:\\\/\\\/radioljubuski.ba\\\/\",\"logo\":{\"@type\":\"ImageObject\",\"inLanguage\":\"hr\",\"@id\":\"https:\\\/\\\/radioljubuski.ba\\\/#\\\/schema\\\/logo\\\/image\\\/\",\"url\":\"https:\\\/\\\/radioljubuski.ba\\\/wp-content\\\/uploads\\\/2021\\\/02\\\/cropped-Radio_Ljubuski_logo1.jpg\",\"contentUrl\":\"https:\\\/\\\/radioljubuski.ba\\\/wp-content\\\/uploads\\\/2021\\\/02\\\/cropped-Radio_Ljubuski_logo1.jpg\",\"width\":512,\"height\":512,\"caption\":\"Radio Ljubu\u0161ki\"},\"image\":{\"@id\":\"https:\\\/\\\/radioljubuski.ba\\\/#\\\/schema\\\/logo\\\/image\\\/\"},\"sameAs\":[\"https:\\\/\\\/www.facebook.com\\\/Radiio-Ljubuski-1490835324566332\",\"https:\\\/\\\/x.com\\\/radioljubuski\",\"https:\\\/\\\/hr.linkedin.com\\\/company\\\/radio-ljubuski\",\"https:\\\/\\\/www.youtube.com\\\/channel\\\/UCHYaeO_n0Db3tjNGudGpXyw\"]},{\"@type\":\"Person\",\"@id\":\"https:\\\/\\\/radioljubuski.ba\\\/#\\\/schema\\\/person\\\/19fc700381a780f69665d7956c469e3b\",\"name\":\"Radio Ljubu\u0161ki\"}]}<\/script>\n<!-- \/ Yoast SEO plugin. -->","yoast_head_json":{"title":"Von der Leyen: \"Rasna diskriminacija\" suprotna vrijednostima EU-a - RADIO LJUBU\u0160KI","robots":{"index":"index","follow":"follow","max-snippet":"max-snippet:-1","max-image-preview":"max-image-preview:large","max-video-preview":"max-video-preview:-1"},"canonical":"https:\/\/radioljubuski.ba\/index.php\/2022\/08\/01\/von-der-leyen-rasna-diskriminacija-suprotna-vrijednostima-eu-a\/","og_locale":"hr_HR","og_type":"article","og_title":"Von der Leyen: \"Rasna diskriminacija\" suprotna vrijednostima EU-a - RADIO LJUBU\u0160KI","og_description":"Predsjednica Europske komisije Ursula von der Leyen naglasila je da je &#8220;rasna diskriminacija&#8221; suprotna vrijednostima EU-a, odgovaraju\u0107i time na pitanje vezano uz izjave ma\u0111arskog premijera Viktora Orbana o &#8220;mije\u0161anju rasa&#8221;. Iako nije eksplicitno osudila izjave ma\u0111arskog \u010delnika, koje su izazvale revolt prije svega u Washingtonu, von der Leyen je podsjetila da &#8220;sve zemlje \u010dlanice EU-a, [&hellip;]","og_url":"https:\/\/radioljubuski.ba\/index.php\/2022\/08\/01\/von-der-leyen-rasna-diskriminacija-suprotna-vrijednostima-eu-a\/","og_site_name":"RADIO LJUBU\u0160KI","article_publisher":"https:\/\/www.facebook.com\/Radiio-Ljubuski-1490835324566332","article_published_time":"2022-08-01T09:55:11+00:00","article_modified_time":"2022-08-01T09:55:12+00:00","og_image":[{"width":680,"height":403,"url":"https:\/\/radioljubuski.ba\/wp-content\/uploads\/2021\/04\/ursula1.jpg","type":"image\/jpeg"}],"author":"Radio Ljubu\u0161ki","twitter_card":"summary_large_image","twitter_creator":"@radioljubuski","twitter_site":"@radioljubuski","twitter_misc":{"Napisao\/la":"Radio Ljubu\u0161ki","Procijenjeno vrijeme \u010ditanja":"2 minute"},"schema":{"@context":"https:\/\/schema.org","@graph":[{"@type":"Article","@id":"https:\/\/radioljubuski.ba\/index.php\/2022\/08\/01\/von-der-leyen-rasna-diskriminacija-suprotna-vrijednostima-eu-a\/#article","isPartOf":{"@id":"https:\/\/radioljubuski.ba\/index.php\/2022\/08\/01\/von-der-leyen-rasna-diskriminacija-suprotna-vrijednostima-eu-a\/"},"author":{"name":"Radio Ljubu\u0161ki","@id":"https:\/\/radioljubuski.ba\/#\/schema\/person\/19fc700381a780f69665d7956c469e3b"},"headline":"Von der Leyen: &#8220;Rasna diskriminacija&#8221; suprotna vrijednostima EU-a","datePublished":"2022-08-01T09:55:11+00:00","dateModified":"2022-08-01T09:55:12+00:00","mainEntityOfPage":{"@id":"https:\/\/radioljubuski.ba\/index.php\/2022\/08\/01\/von-der-leyen-rasna-diskriminacija-suprotna-vrijednostima-eu-a\/"},"wordCount":340,"publisher":{"@id":"https:\/\/radioljubuski.ba\/#organization"},"image":{"@id":"https:\/\/radioljubuski.ba\/index.php\/2022\/08\/01\/von-der-leyen-rasna-diskriminacija-suprotna-vrijednostima-eu-a\/#primaryimage"},"thumbnailUrl":"https:\/\/radioljubuski.ba\/wp-content\/uploads\/2021\/04\/ursula1.jpg","articleSection":["BIH i regija"],"inLanguage":"hr"},{"@type":"WebPage","@id":"https:\/\/radioljubuski.ba\/index.php\/2022\/08\/01\/von-der-leyen-rasna-diskriminacija-suprotna-vrijednostima-eu-a\/","url":"https:\/\/radioljubuski.ba\/index.php\/2022\/08\/01\/von-der-leyen-rasna-diskriminacija-suprotna-vrijednostima-eu-a\/","name":"Von der Leyen: \"Rasna diskriminacija\" suprotna vrijednostima EU-a - RADIO LJUBU\u0160KI","isPartOf":{"@id":"https:\/\/radioljubuski.ba\/#website"},"primaryImageOfPage":{"@id":"https:\/\/radioljubuski.ba\/index.php\/2022\/08\/01\/von-der-leyen-rasna-diskriminacija-suprotna-vrijednostima-eu-a\/#primaryimage"},"image":{"@id":"https:\/\/radioljubuski.ba\/index.php\/2022\/08\/01\/von-der-leyen-rasna-diskriminacija-suprotna-vrijednostima-eu-a\/#primaryimage"},"thumbnailUrl":"https:\/\/radioljubuski.ba\/wp-content\/uploads\/2021\/04\/ursula1.jpg","datePublished":"2022-08-01T09:55:11+00:00","dateModified":"2022-08-01T09:55:12+00:00","breadcrumb":{"@id":"https:\/\/radioljubuski.ba\/index.php\/2022\/08\/01\/von-der-leyen-rasna-diskriminacija-suprotna-vrijednostima-eu-a\/#breadcrumb"},"inLanguage":"hr","potentialAction":[{"@type":"ReadAction","target":["https:\/\/radioljubuski.ba\/index.php\/2022\/08\/01\/von-der-leyen-rasna-diskriminacija-suprotna-vrijednostima-eu-a\/"]}]},{"@type":"ImageObject","inLanguage":"hr","@id":"https:\/\/radioljubuski.ba\/index.php\/2022\/08\/01\/von-der-leyen-rasna-diskriminacija-suprotna-vrijednostima-eu-a\/#primaryimage","url":"https:\/\/radioljubuski.ba\/wp-content\/uploads\/2021\/04\/ursula1.jpg","contentUrl":"https:\/\/radioljubuski.ba\/wp-content\/uploads\/2021\/04\/ursula1.jpg","width":680,"height":403},{"@type":"BreadcrumbList","@id":"https:\/\/radioljubuski.ba\/index.php\/2022\/08\/01\/von-der-leyen-rasna-diskriminacija-suprotna-vrijednostima-eu-a\/#breadcrumb","itemListElement":[{"@type":"ListItem","position":1,"name":"Po\u010detna stranica","item":"https:\/\/radioljubuski.ba\/"},{"@type":"ListItem","position":2,"name":"Von der Leyen: &#8220;Rasna diskriminacija&#8221; suprotna vrijednostima EU-a"}]},{"@type":"WebSite","@id":"https:\/\/radioljubuski.ba\/#website","url":"https:\/\/radioljubuski.ba\/","name":"Radio Ljubu\u0161ki","description":"Sun\u010dana frekvencija Hercegovine","publisher":{"@id":"https:\/\/radioljubuski.ba\/#organization"},"potentialAction":[{"@type":"SearchAction","target":{"@type":"EntryPoint","urlTemplate":"https:\/\/radioljubuski.ba\/?s={search_term_string}"},"query-input":{"@type":"PropertyValueSpecification","valueRequired":true,"valueName":"search_term_string"}}],"inLanguage":"hr"},{"@type":"Organization","@id":"https:\/\/radioljubuski.ba\/#organization","name":"Radio Ljubu\u0161ki","url":"https:\/\/radioljubuski.ba\/","logo":{"@type":"ImageObject","inLanguage":"hr","@id":"https:\/\/radioljubuski.ba\/#\/schema\/logo\/image\/","url":"https:\/\/radioljubuski.ba\/wp-content\/uploads\/2021\/02\/cropped-Radio_Ljubuski_logo1.jpg","contentUrl":"https:\/\/radioljubuski.ba\/wp-content\/uploads\/2021\/02\/cropped-Radio_Ljubuski_logo1.jpg","width":512,"height":512,"caption":"Radio Ljubu\u0161ki"},"image":{"@id":"https:\/\/radioljubuski.ba\/#\/schema\/logo\/image\/"},"sameAs":["https:\/\/www.facebook.com\/Radiio-Ljubuski-1490835324566332","https:\/\/x.com\/radioljubuski","https:\/\/hr.linkedin.com\/company\/radio-ljubuski","https:\/\/www.youtube.com\/channel\/UCHYaeO_n0Db3tjNGudGpXyw"]},{"@type":"Person","@id":"https:\/\/radioljubuski.ba\/#\/schema\/person\/19fc700381a780f69665d7956c469e3b","name":"Radio Ljubu\u0161ki"}]}},"_links":{"self":[{"href":"https:\/\/radioljubuski.ba\/index.php\/wp-json\/wp\/v2\/posts\/165256","targetHints":{"allow":["GET"]}}],"collection":[{"href":"https:\/\/radioljubuski.ba\/index.php\/wp-json\/wp\/v2\/posts"}],"about":[{"href":"https:\/\/radioljubuski.ba\/index.php\/wp-json\/wp\/v2\/types\/post"}],"author":[{"embeddable":true,"href":"https:\/\/radioljubuski.ba\/index.php\/wp-json\/wp\/v2\/users\/2"}],"replies":[{"embeddable":true,"href":"https:\/\/radioljubuski.ba\/index.php\/wp-json\/wp\/v2\/comments?post=165256"}],"version-history":[{"count":1,"href":"https:\/\/radioljubuski.ba\/index.php\/wp-json\/wp\/v2\/posts\/165256\/revisions"}],"predecessor-version":[{"id":165257,"href":"https:\/\/radioljubuski.ba\/index.php\/wp-json\/wp\/v2\/posts\/165256\/revisions\/165257"}],"wp:featuredmedia":[{"embeddable":true,"href":"https:\/\/radioljubuski.ba\/index.php\/wp-json\/wp\/v2\/media\/14763"}],"wp:attachment":[{"href":"https:\/\/radioljubuski.ba\/index.php\/wp-json\/wp\/v2\/media?parent=165256"}],"wp:term":[{"taxonomy":"category","embeddable":true,"href":"https:\/\/radioljubuski.ba\/index.php\/wp-json\/wp\/v2\/categories?post=165256"},{"taxonomy":"post_tag","embeddable":true,"href":"https:\/\/radioljubuski.ba\/index.php\/wp-json\/wp\/v2\/tags?post=165256"}],"curies":[{"name":"wp","href":"https:\/\/api.w.org\/{rel}","templated":true}]}}