{"id":165263,"date":"2022-08-01T11:02:20","date_gmt":"2022-08-01T10:02:20","guid":{"rendered":"https:\/\/radioljubuski.ba\/?p=165263"},"modified":"2022-08-01T11:02:35","modified_gmt":"2022-08-01T10:02:35","slug":"njemacko-gospodarstvo-stagnira-eurozoni-prijeti-recesija","status":"publish","type":"post","link":"https:\/\/radioljubuski.ba\/index.php\/2022\/08\/01\/njemacko-gospodarstvo-stagnira-eurozoni-prijeti-recesija\/","title":{"rendered":"Njema\u010dko gospodarstvo stagnira, eurozoni prijeti recesija"},"content":{"rendered":"\n<p>Njema\u010dko gospodarstvo ne raste, bruto doma\u0107i proizvod je stagnirao izme\u0111u travnja i lipnja, sada je jasna opasnost od recesije, u kojoj se SAD tehni\u010dki ve\u0107 nalazi, a koja prijeti eurozoni u drugoj polovici godine, njema\u010dki pi\u0161u mediji.<\/p>\n\n\n\n<p>Njema\u010dki gospodarski rast je zastao tijekom prolje\u0107a, dok je bruto doma\u0107i proizvod (BDP) u dugom tromjese\u010dju ostao nepromijenjen u odnosu na prva tri mjeseca ove godine, podsje\u0107a Deutsche Welle (DW).<\/p>\n\n\n\n<p>Ocjena je to Federalnog zavoda za statistiku prema kojoj su gospodarski razvoj zaustavili vanjski \u010dimbenici.<\/p>\n\n\n\n<p>Te\u0161ki okvirni uvjeti za svjetsko gospodarstvo s dugotrajnom pandemijom korone, poreme\u0107eni opskrbni lanci, rast cijena i rat u Ukrajini \u2013 sve je to negativno utjecalo na razvoj gospodarstva, citira javni servis ARD statisti\u010dare iz Wiesbadena. , javlja Tanjug.<\/p>\n\n\n\n<p>ARD tako\u0111er navodi da su ekonomisti ra\u010dunali na mali plus od 0,1 posto.<\/p>\n\n\n\n<p>Sam po\u010detak godine pro\u0161ao je &#8220;bolje od o\u010dekivanog&#8221;, navodi ARD.<\/p>\n\n\n\n<p>&#8220;Statisti\u010dari su korigirali pobolj\u0161anje BDP-a s 0,2 na 0,8 posto. Osim toga, u odnosu na isto razdoblje pro\u0161le godine, BDP je bolji za 1,5 posto. Pro\u0161le godine doma\u0107e gospodarstvo puno je vi\u0161e osjetilo posljedice tre\u0107eg vala korone. jasno&#8221;, prenosi javni servis.<\/p>\n\n\n\n<p>Me\u0111unarodni monetarni fond (MMF) revidirao je nani\u017ee svoje prognoze rasta njema\u010dkog gospodarstva za cijelu 2022. godinu i sada o\u010dekuje plus od 1,2 posto.<\/p>\n\n\n\n<p>To je 0,8 posto manje nego \u0161to se predvi\u0111alo u o\u017eujku.<\/p>\n\n\n\n<p>Rat u Ukrajini, navodi ARD, pogor\u0161ava probleme koje je njema\u010dko gospodarstvo imalo prije, rast cijena energije i stalni poreme\u0107aji u opskrbi optere\u0107uju industriju.<\/p>\n\n\n\n<p>Za razliku od Njema\u010dke, \u0161panjolsko i francusko gospodarstvo bilje\u017ee rast, \u010dak i ve\u0107i od o\u010dekivanog.<\/p>\n\n\n\n<p>U \u0160panjolskoj je bruto doma\u0107i proizvod porastao za 1,1 posto \u2013 zahvaljuju\u0107i visokoj razini ulaganja i sna\u017enom porastu potro\u0161nje.<\/p>\n\n\n\n<p>Francuska je u istom razdoblju zabilje\u017eila bla\u017ei rast &#8211; za 0,5 posto, tako\u0111er zahvaljuju\u0107i potro\u0161nji i vanjskoj trgovini.<\/p>\n\n\n\n<p>Sve u svemu, gospodarstvo u eurozoni je u prolje\u0107e &#8220;imalo bolji rast od o\u010dekivanog&#8221;, unato\u010d rekordnoj inflaciji i ratu u Ukrajini.<\/p>\n\n\n\n<p>Bruto doma\u0107i proizvod zemalja zajedni\u010dke valute od travnja do lipnja pobolj\u0161an je za 0,7 posto u odnosu na isto razdoblje pro\u0161le godine, objavio je Statisti\u010dki ured Europske unije Eurostat.<\/p>\n\n\n\n<p>Javni servis ARD pi\u0161e da je gospodarstvo u eurozoni optere\u0107eno visokom inflacijom, potaknutom ratom u Ukrajini, a poslovna klima se pogor\u0161ava.<\/p>\n\n\n\n<p>Inflacija u eurozoni u srpnju je porasla na rekordnu vrijednost od 8,9 posto.<\/p>\n\n\n\n<p>Europska komisija ove godine o\u010dekuje gospodarski rast od samo 2,6 posto.<\/p>\n\n\n\n<p>Ako Rusija potpuno zatvori plinske slavine Europskoj uniji, prijeti joj recesija u drugoj polovici 2022., upozorio je nedavno europski povjerenik Paolo Gentiloni.<\/p>\n\n\n\n<p>Sada se dogodilo ono \u0161to su neki ekonomisti i vrhunski bankari nedavno predvi\u0111ali: ameri\u010dka ekonomija je u &#8220;tehni\u010dkoj recesiji&#8221;, odnosno BDP je u padu ve\u0107 drugi kvartal zaredom.<\/p>\n\n\n\n<p>U razdoblju od travnja do kraja lipnja BDP je smanjen za 0,9 posto.<\/p>\n\n\n\n<p>Ameri\u010dko ministarstvo trgovine ovaj pad obja\u0161njava polupraznim skladi\u0161tima i smanjenim ulaganjima tvrtki.<\/p>\n\n\n\n<p>Izvoz i potro\u0161nja privatnih ku\u0107anstava jesu porasli, ali nisu mogli kompenzirati pad u drugim podru\u010djima.<\/p>\n\n\n\n<p>Sredi\u0161nja banka Fed je svojom monetarnom politikom tako\u0111er pridonijela negativnom rastu gospodarstva.<\/p>\n\n\n\n<p>Kako bi suzbila visoku inflaciju, u o\u017eujku je pove\u0107ala referentnu kamatnu stopu za 2,25 posto.<\/p>\n\n\n\n<p>Ovo je najbr\u017ee pove\u0107anje kamata u tako kratkom vremenskom razdoblju koje jo\u0161 nije zabilje\u017eeno u povijesti SAD-a.<\/p>\n\n\n\n<p>Izvor:nezavisne.com<\/p>\n","protected":false},"excerpt":{"rendered":"<p>Njema\u010dko gospodarstvo ne raste, bruto doma\u0107i proizvod je stagnirao izme\u0111u travnja i lipnja, sada je jasna opasnost od recesije, u kojoj se SAD tehni\u010dki ve\u0107 nalazi, a koja prijeti eurozoni u drugoj polovici godine, njema\u010dki pi\u0161u mediji. Njema\u010dki gospodarski rast je zastao tijekom prolje\u0107a, dok je bruto doma\u0107i proizvod (BDP) u dugom tromjese\u010dju ostao nepromijenjen [&hellip;]<\/p>\n","protected":false},"author":2,"featured_media":160008,"comment_status":"closed","ping_status":"closed","sticky":false,"template":"","format":"standard","meta":{"h5ap_radio_sources":[],"footnotes":""},"categories":[1],"tags":[],"class_list":["post-165263","post","type-post","status-publish","format-standard","has-post-thumbnail","hentry","category-bihiregija"],"yoast_head":"<!-- This site is optimized with the Yoast SEO plugin v27.4 - https:\/\/yoast.com\/product\/yoast-seo-wordpress\/ -->\n<title>Njema\u010dko gospodarstvo stagnira, eurozoni prijeti recesija - RADIO LJUBU\u0160KI<\/title>\n<meta name=\"robots\" content=\"index, follow, max-snippet:-1, max-image-preview:large, max-video-preview:-1\" \/>\n<link rel=\"canonical\" href=\"https:\/\/radioljubuski.ba\/index.php\/2022\/08\/01\/njemacko-gospodarstvo-stagnira-eurozoni-prijeti-recesija\/\" \/>\n<meta property=\"og:locale\" content=\"hr_HR\" \/>\n<meta property=\"og:type\" content=\"article\" \/>\n<meta property=\"og:title\" content=\"Njema\u010dko gospodarstvo stagnira, eurozoni prijeti recesija - RADIO LJUBU\u0160KI\" \/>\n<meta property=\"og:description\" content=\"Njema\u010dko gospodarstvo ne raste, bruto doma\u0107i proizvod je stagnirao izme\u0111u travnja i lipnja, sada je jasna opasnost od recesije, u kojoj se SAD tehni\u010dki ve\u0107 nalazi, a koja prijeti eurozoni u drugoj polovici godine, njema\u010dki pi\u0161u mediji. Njema\u010dki gospodarski rast je zastao tijekom prolje\u0107a, dok je bruto doma\u0107i proizvod (BDP) u dugom tromjese\u010dju ostao nepromijenjen [&hellip;]\" \/>\n<meta property=\"og:url\" content=\"https:\/\/radioljubuski.ba\/index.php\/2022\/08\/01\/njemacko-gospodarstvo-stagnira-eurozoni-prijeti-recesija\/\" \/>\n<meta property=\"og:site_name\" content=\"RADIO LJUBU\u0160KI\" \/>\n<meta property=\"article:publisher\" content=\"https:\/\/www.facebook.com\/Radiio-Ljubuski-1490835324566332\" \/>\n<meta property=\"article:published_time\" content=\"2022-08-01T10:02:20+00:00\" \/>\n<meta property=\"article:modified_time\" content=\"2022-08-01T10:02:35+00:00\" \/>\n<meta property=\"og:image\" content=\"https:\/\/radioljubuski.ba\/wp-content\/uploads\/2022\/07\/dr7eyfq1_EURI.jpg\" \/>\n\t<meta property=\"og:image:width\" content=\"1000\" \/>\n\t<meta property=\"og:image:height\" content=\"625\" \/>\n\t<meta property=\"og:image:type\" content=\"image\/jpeg\" \/>\n<meta name=\"author\" content=\"Radio Ljubu\u0161ki\" \/>\n<meta name=\"twitter:card\" content=\"summary_large_image\" \/>\n<meta name=\"twitter:creator\" content=\"@radioljubuski\" \/>\n<meta name=\"twitter:site\" content=\"@radioljubuski\" \/>\n<meta name=\"twitter:label1\" content=\"Napisao\/la\" \/>\n\t<meta name=\"twitter:data1\" content=\"Radio Ljubu\u0161ki\" \/>\n\t<meta name=\"twitter:label2\" content=\"Procijenjeno vrijeme \u010ditanja\" \/>\n\t<meta name=\"twitter:data2\" content=\"3 minute\" \/>\n<script type=\"application\/ld+json\" class=\"yoast-schema-graph\">{\"@context\":\"https:\\\/\\\/schema.org\",\"@graph\":[{\"@type\":\"Article\",\"@id\":\"https:\\\/\\\/radioljubuski.ba\\\/index.php\\\/2022\\\/08\\\/01\\\/njemacko-gospodarstvo-stagnira-eurozoni-prijeti-recesija\\\/#article\",\"isPartOf\":{\"@id\":\"https:\\\/\\\/radioljubuski.ba\\\/index.php\\\/2022\\\/08\\\/01\\\/njemacko-gospodarstvo-stagnira-eurozoni-prijeti-recesija\\\/\"},\"author\":{\"name\":\"Radio Ljubu\u0161ki\",\"@id\":\"https:\\\/\\\/radioljubuski.ba\\\/#\\\/schema\\\/person\\\/19fc700381a780f69665d7956c469e3b\"},\"headline\":\"Njema\u010dko gospodarstvo stagnira, eurozoni prijeti recesija\",\"datePublished\":\"2022-08-01T10:02:20+00:00\",\"dateModified\":\"2022-08-01T10:02:35+00:00\",\"mainEntityOfPage\":{\"@id\":\"https:\\\/\\\/radioljubuski.ba\\\/index.php\\\/2022\\\/08\\\/01\\\/njemacko-gospodarstvo-stagnira-eurozoni-prijeti-recesija\\\/\"},\"wordCount\":590,\"publisher\":{\"@id\":\"https:\\\/\\\/radioljubuski.ba\\\/#organization\"},\"image\":{\"@id\":\"https:\\\/\\\/radioljubuski.ba\\\/index.php\\\/2022\\\/08\\\/01\\\/njemacko-gospodarstvo-stagnira-eurozoni-prijeti-recesija\\\/#primaryimage\"},\"thumbnailUrl\":\"https:\\\/\\\/radioljubuski.ba\\\/wp-content\\\/uploads\\\/2022\\\/07\\\/dr7eyfq1_EURI.jpg\",\"articleSection\":[\"BIH i regija\"],\"inLanguage\":\"hr\"},{\"@type\":\"WebPage\",\"@id\":\"https:\\\/\\\/radioljubuski.ba\\\/index.php\\\/2022\\\/08\\\/01\\\/njemacko-gospodarstvo-stagnira-eurozoni-prijeti-recesija\\\/\",\"url\":\"https:\\\/\\\/radioljubuski.ba\\\/index.php\\\/2022\\\/08\\\/01\\\/njemacko-gospodarstvo-stagnira-eurozoni-prijeti-recesija\\\/\",\"name\":\"Njema\u010dko gospodarstvo stagnira, eurozoni prijeti recesija - RADIO LJUBU\u0160KI\",\"isPartOf\":{\"@id\":\"https:\\\/\\\/radioljubuski.ba\\\/#website\"},\"primaryImageOfPage\":{\"@id\":\"https:\\\/\\\/radioljubuski.ba\\\/index.php\\\/2022\\\/08\\\/01\\\/njemacko-gospodarstvo-stagnira-eurozoni-prijeti-recesija\\\/#primaryimage\"},\"image\":{\"@id\":\"https:\\\/\\\/radioljubuski.ba\\\/index.php\\\/2022\\\/08\\\/01\\\/njemacko-gospodarstvo-stagnira-eurozoni-prijeti-recesija\\\/#primaryimage\"},\"thumbnailUrl\":\"https:\\\/\\\/radioljubuski.ba\\\/wp-content\\\/uploads\\\/2022\\\/07\\\/dr7eyfq1_EURI.jpg\",\"datePublished\":\"2022-08-01T10:02:20+00:00\",\"dateModified\":\"2022-08-01T10:02:35+00:00\",\"breadcrumb\":{\"@id\":\"https:\\\/\\\/radioljubuski.ba\\\/index.php\\\/2022\\\/08\\\/01\\\/njemacko-gospodarstvo-stagnira-eurozoni-prijeti-recesija\\\/#breadcrumb\"},\"inLanguage\":\"hr\",\"potentialAction\":[{\"@type\":\"ReadAction\",\"target\":[\"https:\\\/\\\/radioljubuski.ba\\\/index.php\\\/2022\\\/08\\\/01\\\/njemacko-gospodarstvo-stagnira-eurozoni-prijeti-recesija\\\/\"]}]},{\"@type\":\"ImageObject\",\"inLanguage\":\"hr\",\"@id\":\"https:\\\/\\\/radioljubuski.ba\\\/index.php\\\/2022\\\/08\\\/01\\\/njemacko-gospodarstvo-stagnira-eurozoni-prijeti-recesija\\\/#primaryimage\",\"url\":\"https:\\\/\\\/radioljubuski.ba\\\/wp-content\\\/uploads\\\/2022\\\/07\\\/dr7eyfq1_EURI.jpg\",\"contentUrl\":\"https:\\\/\\\/radioljubuski.ba\\\/wp-content\\\/uploads\\\/2022\\\/07\\\/dr7eyfq1_EURI.jpg\",\"width\":1000,\"height\":625},{\"@type\":\"BreadcrumbList\",\"@id\":\"https:\\\/\\\/radioljubuski.ba\\\/index.php\\\/2022\\\/08\\\/01\\\/njemacko-gospodarstvo-stagnira-eurozoni-prijeti-recesija\\\/#breadcrumb\",\"itemListElement\":[{\"@type\":\"ListItem\",\"position\":1,\"name\":\"Po\u010detna stranica\",\"item\":\"https:\\\/\\\/radioljubuski.ba\\\/\"},{\"@type\":\"ListItem\",\"position\":2,\"name\":\"Njema\u010dko gospodarstvo stagnira, eurozoni prijeti recesija\"}]},{\"@type\":\"WebSite\",\"@id\":\"https:\\\/\\\/radioljubuski.ba\\\/#website\",\"url\":\"https:\\\/\\\/radioljubuski.ba\\\/\",\"name\":\"Radio Ljubu\u0161ki\",\"description\":\"Sun\u010dana frekvencija Hercegovine\",\"publisher\":{\"@id\":\"https:\\\/\\\/radioljubuski.ba\\\/#organization\"},\"potentialAction\":[{\"@type\":\"SearchAction\",\"target\":{\"@type\":\"EntryPoint\",\"urlTemplate\":\"https:\\\/\\\/radioljubuski.ba\\\/?s={search_term_string}\"},\"query-input\":{\"@type\":\"PropertyValueSpecification\",\"valueRequired\":true,\"valueName\":\"search_term_string\"}}],\"inLanguage\":\"hr\"},{\"@type\":\"Organization\",\"@id\":\"https:\\\/\\\/radioljubuski.ba\\\/#organization\",\"name\":\"Radio Ljubu\u0161ki\",\"url\":\"https:\\\/\\\/radioljubuski.ba\\\/\",\"logo\":{\"@type\":\"ImageObject\",\"inLanguage\":\"hr\",\"@id\":\"https:\\\/\\\/radioljubuski.ba\\\/#\\\/schema\\\/logo\\\/image\\\/\",\"url\":\"https:\\\/\\\/radioljubuski.ba\\\/wp-content\\\/uploads\\\/2021\\\/02\\\/cropped-Radio_Ljubuski_logo1.jpg\",\"contentUrl\":\"https:\\\/\\\/radioljubuski.ba\\\/wp-content\\\/uploads\\\/2021\\\/02\\\/cropped-Radio_Ljubuski_logo1.jpg\",\"width\":512,\"height\":512,\"caption\":\"Radio Ljubu\u0161ki\"},\"image\":{\"@id\":\"https:\\\/\\\/radioljubuski.ba\\\/#\\\/schema\\\/logo\\\/image\\\/\"},\"sameAs\":[\"https:\\\/\\\/www.facebook.com\\\/Radiio-Ljubuski-1490835324566332\",\"https:\\\/\\\/x.com\\\/radioljubuski\",\"https:\\\/\\\/hr.linkedin.com\\\/company\\\/radio-ljubuski\",\"https:\\\/\\\/www.youtube.com\\\/channel\\\/UCHYaeO_n0Db3tjNGudGpXyw\"]},{\"@type\":\"Person\",\"@id\":\"https:\\\/\\\/radioljubuski.ba\\\/#\\\/schema\\\/person\\\/19fc700381a780f69665d7956c469e3b\",\"name\":\"Radio Ljubu\u0161ki\"}]}<\/script>\n<!-- \/ Yoast SEO plugin. -->","yoast_head_json":{"title":"Njema\u010dko gospodarstvo stagnira, eurozoni prijeti recesija - RADIO LJUBU\u0160KI","robots":{"index":"index","follow":"follow","max-snippet":"max-snippet:-1","max-image-preview":"max-image-preview:large","max-video-preview":"max-video-preview:-1"},"canonical":"https:\/\/radioljubuski.ba\/index.php\/2022\/08\/01\/njemacko-gospodarstvo-stagnira-eurozoni-prijeti-recesija\/","og_locale":"hr_HR","og_type":"article","og_title":"Njema\u010dko gospodarstvo stagnira, eurozoni prijeti recesija - RADIO LJUBU\u0160KI","og_description":"Njema\u010dko gospodarstvo ne raste, bruto doma\u0107i proizvod je stagnirao izme\u0111u travnja i lipnja, sada je jasna opasnost od recesije, u kojoj se SAD tehni\u010dki ve\u0107 nalazi, a koja prijeti eurozoni u drugoj polovici godine, njema\u010dki pi\u0161u mediji. Njema\u010dki gospodarski rast je zastao tijekom prolje\u0107a, dok je bruto doma\u0107i proizvod (BDP) u dugom tromjese\u010dju ostao nepromijenjen [&hellip;]","og_url":"https:\/\/radioljubuski.ba\/index.php\/2022\/08\/01\/njemacko-gospodarstvo-stagnira-eurozoni-prijeti-recesija\/","og_site_name":"RADIO LJUBU\u0160KI","article_publisher":"https:\/\/www.facebook.com\/Radiio-Ljubuski-1490835324566332","article_published_time":"2022-08-01T10:02:20+00:00","article_modified_time":"2022-08-01T10:02:35+00:00","og_image":[{"width":1000,"height":625,"url":"https:\/\/radioljubuski.ba\/wp-content\/uploads\/2022\/07\/dr7eyfq1_EURI.jpg","type":"image\/jpeg"}],"author":"Radio Ljubu\u0161ki","twitter_card":"summary_large_image","twitter_creator":"@radioljubuski","twitter_site":"@radioljubuski","twitter_misc":{"Napisao\/la":"Radio Ljubu\u0161ki","Procijenjeno vrijeme \u010ditanja":"3 minute"},"schema":{"@context":"https:\/\/schema.org","@graph":[{"@type":"Article","@id":"https:\/\/radioljubuski.ba\/index.php\/2022\/08\/01\/njemacko-gospodarstvo-stagnira-eurozoni-prijeti-recesija\/#article","isPartOf":{"@id":"https:\/\/radioljubuski.ba\/index.php\/2022\/08\/01\/njemacko-gospodarstvo-stagnira-eurozoni-prijeti-recesija\/"},"author":{"name":"Radio Ljubu\u0161ki","@id":"https:\/\/radioljubuski.ba\/#\/schema\/person\/19fc700381a780f69665d7956c469e3b"},"headline":"Njema\u010dko gospodarstvo stagnira, eurozoni prijeti recesija","datePublished":"2022-08-01T10:02:20+00:00","dateModified":"2022-08-01T10:02:35+00:00","mainEntityOfPage":{"@id":"https:\/\/radioljubuski.ba\/index.php\/2022\/08\/01\/njemacko-gospodarstvo-stagnira-eurozoni-prijeti-recesija\/"},"wordCount":590,"publisher":{"@id":"https:\/\/radioljubuski.ba\/#organization"},"image":{"@id":"https:\/\/radioljubuski.ba\/index.php\/2022\/08\/01\/njemacko-gospodarstvo-stagnira-eurozoni-prijeti-recesija\/#primaryimage"},"thumbnailUrl":"https:\/\/radioljubuski.ba\/wp-content\/uploads\/2022\/07\/dr7eyfq1_EURI.jpg","articleSection":["BIH i regija"],"inLanguage":"hr"},{"@type":"WebPage","@id":"https:\/\/radioljubuski.ba\/index.php\/2022\/08\/01\/njemacko-gospodarstvo-stagnira-eurozoni-prijeti-recesija\/","url":"https:\/\/radioljubuski.ba\/index.php\/2022\/08\/01\/njemacko-gospodarstvo-stagnira-eurozoni-prijeti-recesija\/","name":"Njema\u010dko gospodarstvo stagnira, eurozoni prijeti recesija - RADIO LJUBU\u0160KI","isPartOf":{"@id":"https:\/\/radioljubuski.ba\/#website"},"primaryImageOfPage":{"@id":"https:\/\/radioljubuski.ba\/index.php\/2022\/08\/01\/njemacko-gospodarstvo-stagnira-eurozoni-prijeti-recesija\/#primaryimage"},"image":{"@id":"https:\/\/radioljubuski.ba\/index.php\/2022\/08\/01\/njemacko-gospodarstvo-stagnira-eurozoni-prijeti-recesija\/#primaryimage"},"thumbnailUrl":"https:\/\/radioljubuski.ba\/wp-content\/uploads\/2022\/07\/dr7eyfq1_EURI.jpg","datePublished":"2022-08-01T10:02:20+00:00","dateModified":"2022-08-01T10:02:35+00:00","breadcrumb":{"@id":"https:\/\/radioljubuski.ba\/index.php\/2022\/08\/01\/njemacko-gospodarstvo-stagnira-eurozoni-prijeti-recesija\/#breadcrumb"},"inLanguage":"hr","potentialAction":[{"@type":"ReadAction","target":["https:\/\/radioljubuski.ba\/index.php\/2022\/08\/01\/njemacko-gospodarstvo-stagnira-eurozoni-prijeti-recesija\/"]}]},{"@type":"ImageObject","inLanguage":"hr","@id":"https:\/\/radioljubuski.ba\/index.php\/2022\/08\/01\/njemacko-gospodarstvo-stagnira-eurozoni-prijeti-recesija\/#primaryimage","url":"https:\/\/radioljubuski.ba\/wp-content\/uploads\/2022\/07\/dr7eyfq1_EURI.jpg","contentUrl":"https:\/\/radioljubuski.ba\/wp-content\/uploads\/2022\/07\/dr7eyfq1_EURI.jpg","width":1000,"height":625},{"@type":"BreadcrumbList","@id":"https:\/\/radioljubuski.ba\/index.php\/2022\/08\/01\/njemacko-gospodarstvo-stagnira-eurozoni-prijeti-recesija\/#breadcrumb","itemListElement":[{"@type":"ListItem","position":1,"name":"Po\u010detna stranica","item":"https:\/\/radioljubuski.ba\/"},{"@type":"ListItem","position":2,"name":"Njema\u010dko gospodarstvo stagnira, eurozoni prijeti recesija"}]},{"@type":"WebSite","@id":"https:\/\/radioljubuski.ba\/#website","url":"https:\/\/radioljubuski.ba\/","name":"Radio Ljubu\u0161ki","description":"Sun\u010dana frekvencija Hercegovine","publisher":{"@id":"https:\/\/radioljubuski.ba\/#organization"},"potentialAction":[{"@type":"SearchAction","target":{"@type":"EntryPoint","urlTemplate":"https:\/\/radioljubuski.ba\/?s={search_term_string}"},"query-input":{"@type":"PropertyValueSpecification","valueRequired":true,"valueName":"search_term_string"}}],"inLanguage":"hr"},{"@type":"Organization","@id":"https:\/\/radioljubuski.ba\/#organization","name":"Radio Ljubu\u0161ki","url":"https:\/\/radioljubuski.ba\/","logo":{"@type":"ImageObject","inLanguage":"hr","@id":"https:\/\/radioljubuski.ba\/#\/schema\/logo\/image\/","url":"https:\/\/radioljubuski.ba\/wp-content\/uploads\/2021\/02\/cropped-Radio_Ljubuski_logo1.jpg","contentUrl":"https:\/\/radioljubuski.ba\/wp-content\/uploads\/2021\/02\/cropped-Radio_Ljubuski_logo1.jpg","width":512,"height":512,"caption":"Radio Ljubu\u0161ki"},"image":{"@id":"https:\/\/radioljubuski.ba\/#\/schema\/logo\/image\/"},"sameAs":["https:\/\/www.facebook.com\/Radiio-Ljubuski-1490835324566332","https:\/\/x.com\/radioljubuski","https:\/\/hr.linkedin.com\/company\/radio-ljubuski","https:\/\/www.youtube.com\/channel\/UCHYaeO_n0Db3tjNGudGpXyw"]},{"@type":"Person","@id":"https:\/\/radioljubuski.ba\/#\/schema\/person\/19fc700381a780f69665d7956c469e3b","name":"Radio Ljubu\u0161ki"}]}},"_links":{"self":[{"href":"https:\/\/radioljubuski.ba\/index.php\/wp-json\/wp\/v2\/posts\/165263","targetHints":{"allow":["GET"]}}],"collection":[{"href":"https:\/\/radioljubuski.ba\/index.php\/wp-json\/wp\/v2\/posts"}],"about":[{"href":"https:\/\/radioljubuski.ba\/index.php\/wp-json\/wp\/v2\/types\/post"}],"author":[{"embeddable":true,"href":"https:\/\/radioljubuski.ba\/index.php\/wp-json\/wp\/v2\/users\/2"}],"replies":[{"embeddable":true,"href":"https:\/\/radioljubuski.ba\/index.php\/wp-json\/wp\/v2\/comments?post=165263"}],"version-history":[{"count":1,"href":"https:\/\/radioljubuski.ba\/index.php\/wp-json\/wp\/v2\/posts\/165263\/revisions"}],"predecessor-version":[{"id":165264,"href":"https:\/\/radioljubuski.ba\/index.php\/wp-json\/wp\/v2\/posts\/165263\/revisions\/165264"}],"wp:featuredmedia":[{"embeddable":true,"href":"https:\/\/radioljubuski.ba\/index.php\/wp-json\/wp\/v2\/media\/160008"}],"wp:attachment":[{"href":"https:\/\/radioljubuski.ba\/index.php\/wp-json\/wp\/v2\/media?parent=165263"}],"wp:term":[{"taxonomy":"category","embeddable":true,"href":"https:\/\/radioljubuski.ba\/index.php\/wp-json\/wp\/v2\/categories?post=165263"},{"taxonomy":"post_tag","embeddable":true,"href":"https:\/\/radioljubuski.ba\/index.php\/wp-json\/wp\/v2\/tags?post=165263"}],"curies":[{"name":"wp","href":"https:\/\/api.w.org\/{rel}","templated":true}]}}