{"id":165265,"date":"2022-08-01T11:06:34","date_gmt":"2022-08-01T10:06:34","guid":{"rendered":"https:\/\/radioljubuski.ba\/?p=165265"},"modified":"2022-08-01T11:06:34","modified_gmt":"2022-08-01T10:06:34","slug":"nijemci-nisu-pozalili-sto-su-ulozili-u-bosnu-i-hercegovinu","status":"publish","type":"post","link":"https:\/\/radioljubuski.ba\/index.php\/2022\/08\/01\/nijemci-nisu-pozalili-sto-su-ulozili-u-bosnu-i-hercegovinu\/","title":{"rendered":"Nijemci nisu po\u017ealili \u0161to su ulo\u017eili u Bosnu i Hercegovinu"},"content":{"rendered":"\n<p>Broj njema\u010dkih kompanija koje bi ponovno odabrale BiH kao lokaciju za investiranje porastao je sa 74 posto u 2021. godini na 84 posto u 2022. godini.<\/p>\n\n\n\n<p>Pokazalo je to ekonomsko istra\u017eivanje za 2022. godinu, koje je provelo Predstavni\u0161tvo njema\u010dkog gospodarstva u BiH (AHK BiH), a u kojem je sudjelovalo ukupno 47 srednjih i malih poduze\u0107a.<\/p>\n\n\n\n<p>Ve\u0107ina sudionika ankete zadovoljna je ili umjereno zadovoljna produktivno\u0161\u0107u i predano\u0161\u0107u zaposlenika, kvalitetom i dostupno\u0161\u0107u lokalnih dobavlja\u010da, kvalifikacijama zaposlenika i akademskim obrazovanjem.<\/p>\n\n\n\n<p>Kako se dodaje u istra\u017eivanju, ispitane tvrtke izrazito su nezadovoljne transparentno\u0161\u0107u javne nabave, borbom protiv korupcije, kriminala te politi\u010dkom i dru\u0161tvenom stabilno\u0161\u0107u.<\/p>\n\n\n\n<p>Vi\u0161e od polovine ispitanika, to\u010dnije njih 51 posto, smatra da je trenutna ekonomska situacija u Bosni i Hercegovini lo\u0161a.<\/p>\n\n\n\n<p>&#8220;U 2021. godini tako se izjasnilo njih 68 posto. U ovoj anketi 42 posto ispitanika navodi da je trenutna ekonomska situacija u BiH zadovoljavaju\u0107a. Polovica sudionika ankete ocjenjuje izglede za gospodarstvo Bosne i Hercegovine u ovoj godini kao nepromijenjene u odnosu na Polovica ispitanika o\u010dekuje da \u0107e se poslovna situacija njihove tvrtke pobolj\u0161ati u 2022. u odnosu na prethodnu godinu&#8221;, navodi se u istra\u017eivanju.<\/p>\n\n\n\n<p>Kako se dodaje, 23 posto sudionika istra\u017eivanja ocjenjuje izglede gospodarstva u BiH lo\u0161ijima u ovoj godini u odnosu na pro\u0161lu, a 47 posto o\u010dekuje da \u0107e izgledi za 2022. ostati nepromijenjeni u odnosu na 2021. godinu.<\/p>\n\n\n\n<p>Istodobno, 45 posto sudionika istra\u017eivanja trenutno stanje u svojoj djelatnosti ocjenjuje zadovoljavaju\u0107im. S druge strane, broj tvrtki koje trenutno stanje u svojoj bran\u0161i ocjenjuju lo\u0161im pao je s 27 posto u 2021. na 17 posto u ovoj godini. Gotovo 40 posto tvrtki koje su sudjelovale u istra\u017eivanju ocijenilo ga je dobrim.<\/p>\n\n\n\n<p>Udio tvrtki koje svoju trenutnu poslovnu situaciju opisuju kao dobru porastao je s 25 posto u 2021. na 49 posto u 2022. godini.<\/p>\n\n\n\n<p>Udio tvrtki koje o\u010dekuju pobolj\u0161anje poslovne situacije u 2022. iznosi 53 posto.<\/p>\n\n\n\n<p>Kada je rije\u010d o razvoju prodaje i izvoza, 63 posto tvrtki o\u010dekuje pove\u0107anje u odnosu na prethodnu godinu, a 28 posto ne o\u010dekuje promjenu prodaje.<\/p>\n\n\n\n<p>Vi\u0161e od polovice poduze\u0107a (52 posto) o\u010dekuje pove\u0107anje broja zaposlenih u 2022. (37 posto u 2021.).<\/p>\n\n\n\n<p>\u201cUdio tvrtki koje govore o smanjenju broja zaposlenih pao je s deset posto u 2021. na dva posto u 2022.\u201d, navodi se u istra\u017eivanju.<\/p>\n\n\n\n<p>Komentiraju\u0107i podatke prema kojima bi ve\u0107ina njema\u010dkih kompanija koje posluju u BiH ponovno odabrala BiH kao lokaciju za ulaganje, Milica Markovi\u0107, direktorica Agencije za promicanje stranih ulaganja u BiH (FIPA), isti\u010de da nije iznena\u0111eni.<\/p>\n\n\n\n<p>&#8220;Taj podatak je to\u010dan. Imamo kontinuirane upite, kako od njema\u010dkih tvrtki, tako i od AHK-a koji tako\u0111er tra\u017ei lokacije, poslovne prostore i sli\u010dno za njema\u010dke tvrtke. Dakle, oni i dalje namjeravaju dolaziti i investirati, \u0161to je jako dobro, \u201c, rekao je Markovi\u0107 za \u201cNezavisne novine\u201d.<\/p>\n\n\n\n<p>Markovi\u0107 dodaje da se njema\u010dkim investitorima o\u010dito svi\u0111a ambijent, odnosno uvjeti koji im se nude u BiH.<\/p>\n\n\n\n<p>\u201cZnaju da su radnici vrijedni i lojalni poslodavcu, iako je sada dosta te\u0161ko na\u0107i radnu snagu, jer se veliki broj ljudi odselio\u201d, istaknuo je Markovi\u0107.<\/p>\n\n\n\n<p>Izvor:nezavisne.com<\/p>\n","protected":false},"excerpt":{"rendered":"<p>Broj njema\u010dkih kompanija koje bi ponovno odabrale BiH kao lokaciju za investiranje porastao je sa 74 posto u 2021. godini na 84 posto u 2022. godini. Pokazalo je to ekonomsko istra\u017eivanje za 2022. godinu, koje je provelo Predstavni\u0161tvo njema\u010dkog gospodarstva u BiH (AHK BiH), a u kojem je sudjelovalo ukupno 47 srednjih i malih poduze\u0107a. [&hellip;]<\/p>\n","protected":false},"author":2,"featured_media":165266,"comment_status":"closed","ping_status":"closed","sticky":false,"template":"","format":"standard","meta":{"h5ap_radio_sources":[],"footnotes":""},"categories":[1],"tags":[],"class_list":["post-165265","post","type-post","status-publish","format-standard","has-post-thumbnail","hentry","category-bihiregija"],"yoast_head":"<!-- This site is optimized with the Yoast SEO plugin v27.4 - https:\/\/yoast.com\/product\/yoast-seo-wordpress\/ -->\n<title>Nijemci nisu po\u017ealili \u0161to su ulo\u017eili u Bosnu i Hercegovinu - RADIO LJUBU\u0160KI<\/title>\n<meta name=\"robots\" content=\"index, follow, max-snippet:-1, max-image-preview:large, max-video-preview:-1\" \/>\n<link rel=\"canonical\" href=\"https:\/\/radioljubuski.ba\/index.php\/2022\/08\/01\/nijemci-nisu-pozalili-sto-su-ulozili-u-bosnu-i-hercegovinu\/\" \/>\n<meta property=\"og:locale\" content=\"hr_HR\" \/>\n<meta property=\"og:type\" content=\"article\" \/>\n<meta property=\"og:title\" content=\"Nijemci nisu po\u017ealili \u0161to su ulo\u017eili u Bosnu i Hercegovinu - RADIO LJUBU\u0160KI\" \/>\n<meta property=\"og:description\" content=\"Broj njema\u010dkih kompanija koje bi ponovno odabrale BiH kao lokaciju za investiranje porastao je sa 74 posto u 2021. godini na 84 posto u 2022. godini. Pokazalo je to ekonomsko istra\u017eivanje za 2022. godinu, koje je provelo Predstavni\u0161tvo njema\u010dkog gospodarstva u BiH (AHK BiH), a u kojem je sudjelovalo ukupno 47 srednjih i malih poduze\u0107a. [&hellip;]\" \/>\n<meta property=\"og:url\" content=\"https:\/\/radioljubuski.ba\/index.php\/2022\/08\/01\/nijemci-nisu-pozalili-sto-su-ulozili-u-bosnu-i-hercegovinu\/\" \/>\n<meta property=\"og:site_name\" content=\"RADIO LJUBU\u0160KI\" \/>\n<meta property=\"article:publisher\" content=\"https:\/\/www.facebook.com\/Radiio-Ljubuski-1490835324566332\" \/>\n<meta property=\"article:published_time\" content=\"2022-08-01T10:06:34+00:00\" \/>\n<meta property=\"og:image\" content=\"https:\/\/radioljubuski.ba\/wp-content\/uploads\/2022\/08\/10-2022-07-31-08-18-05-Snimka-zaslona-2022-07-31-081658.jpg\" \/>\n\t<meta property=\"og:image:width\" content=\"1000\" \/>\n\t<meta property=\"og:image:height\" content=\"625\" \/>\n\t<meta property=\"og:image:type\" content=\"image\/jpeg\" \/>\n<meta name=\"author\" content=\"Radio Ljubu\u0161ki\" \/>\n<meta name=\"twitter:card\" content=\"summary_large_image\" \/>\n<meta name=\"twitter:creator\" content=\"@radioljubuski\" \/>\n<meta name=\"twitter:site\" content=\"@radioljubuski\" \/>\n<meta name=\"twitter:label1\" content=\"Napisao\/la\" \/>\n\t<meta name=\"twitter:data1\" content=\"Radio Ljubu\u0161ki\" \/>\n\t<meta name=\"twitter:label2\" content=\"Procijenjeno vrijeme \u010ditanja\" \/>\n\t<meta name=\"twitter:data2\" content=\"3 minute\" \/>\n<script type=\"application\/ld+json\" class=\"yoast-schema-graph\">{\"@context\":\"https:\\\/\\\/schema.org\",\"@graph\":[{\"@type\":\"Article\",\"@id\":\"https:\\\/\\\/radioljubuski.ba\\\/index.php\\\/2022\\\/08\\\/01\\\/nijemci-nisu-pozalili-sto-su-ulozili-u-bosnu-i-hercegovinu\\\/#article\",\"isPartOf\":{\"@id\":\"https:\\\/\\\/radioljubuski.ba\\\/index.php\\\/2022\\\/08\\\/01\\\/nijemci-nisu-pozalili-sto-su-ulozili-u-bosnu-i-hercegovinu\\\/\"},\"author\":{\"name\":\"Radio Ljubu\u0161ki\",\"@id\":\"https:\\\/\\\/radioljubuski.ba\\\/#\\\/schema\\\/person\\\/19fc700381a780f69665d7956c469e3b\"},\"headline\":\"Nijemci nisu po\u017ealili \u0161to su ulo\u017eili u Bosnu i Hercegovinu\",\"datePublished\":\"2022-08-01T10:06:34+00:00\",\"mainEntityOfPage\":{\"@id\":\"https:\\\/\\\/radioljubuski.ba\\\/index.php\\\/2022\\\/08\\\/01\\\/nijemci-nisu-pozalili-sto-su-ulozili-u-bosnu-i-hercegovinu\\\/\"},\"wordCount\":527,\"publisher\":{\"@id\":\"https:\\\/\\\/radioljubuski.ba\\\/#organization\"},\"image\":{\"@id\":\"https:\\\/\\\/radioljubuski.ba\\\/index.php\\\/2022\\\/08\\\/01\\\/nijemci-nisu-pozalili-sto-su-ulozili-u-bosnu-i-hercegovinu\\\/#primaryimage\"},\"thumbnailUrl\":\"https:\\\/\\\/radioljubuski.ba\\\/wp-content\\\/uploads\\\/2022\\\/08\\\/10-2022-07-31-08-18-05-Snimka-zaslona-2022-07-31-081658.jpg\",\"articleSection\":[\"BIH i regija\"],\"inLanguage\":\"hr\"},{\"@type\":\"WebPage\",\"@id\":\"https:\\\/\\\/radioljubuski.ba\\\/index.php\\\/2022\\\/08\\\/01\\\/nijemci-nisu-pozalili-sto-su-ulozili-u-bosnu-i-hercegovinu\\\/\",\"url\":\"https:\\\/\\\/radioljubuski.ba\\\/index.php\\\/2022\\\/08\\\/01\\\/nijemci-nisu-pozalili-sto-su-ulozili-u-bosnu-i-hercegovinu\\\/\",\"name\":\"Nijemci nisu po\u017ealili \u0161to su ulo\u017eili u Bosnu i Hercegovinu - RADIO LJUBU\u0160KI\",\"isPartOf\":{\"@id\":\"https:\\\/\\\/radioljubuski.ba\\\/#website\"},\"primaryImageOfPage\":{\"@id\":\"https:\\\/\\\/radioljubuski.ba\\\/index.php\\\/2022\\\/08\\\/01\\\/nijemci-nisu-pozalili-sto-su-ulozili-u-bosnu-i-hercegovinu\\\/#primaryimage\"},\"image\":{\"@id\":\"https:\\\/\\\/radioljubuski.ba\\\/index.php\\\/2022\\\/08\\\/01\\\/nijemci-nisu-pozalili-sto-su-ulozili-u-bosnu-i-hercegovinu\\\/#primaryimage\"},\"thumbnailUrl\":\"https:\\\/\\\/radioljubuski.ba\\\/wp-content\\\/uploads\\\/2022\\\/08\\\/10-2022-07-31-08-18-05-Snimka-zaslona-2022-07-31-081658.jpg\",\"datePublished\":\"2022-08-01T10:06:34+00:00\",\"breadcrumb\":{\"@id\":\"https:\\\/\\\/radioljubuski.ba\\\/index.php\\\/2022\\\/08\\\/01\\\/nijemci-nisu-pozalili-sto-su-ulozili-u-bosnu-i-hercegovinu\\\/#breadcrumb\"},\"inLanguage\":\"hr\",\"potentialAction\":[{\"@type\":\"ReadAction\",\"target\":[\"https:\\\/\\\/radioljubuski.ba\\\/index.php\\\/2022\\\/08\\\/01\\\/nijemci-nisu-pozalili-sto-su-ulozili-u-bosnu-i-hercegovinu\\\/\"]}]},{\"@type\":\"ImageObject\",\"inLanguage\":\"hr\",\"@id\":\"https:\\\/\\\/radioljubuski.ba\\\/index.php\\\/2022\\\/08\\\/01\\\/nijemci-nisu-pozalili-sto-su-ulozili-u-bosnu-i-hercegovinu\\\/#primaryimage\",\"url\":\"https:\\\/\\\/radioljubuski.ba\\\/wp-content\\\/uploads\\\/2022\\\/08\\\/10-2022-07-31-08-18-05-Snimka-zaslona-2022-07-31-081658.jpg\",\"contentUrl\":\"https:\\\/\\\/radioljubuski.ba\\\/wp-content\\\/uploads\\\/2022\\\/08\\\/10-2022-07-31-08-18-05-Snimka-zaslona-2022-07-31-081658.jpg\",\"width\":1000,\"height\":625},{\"@type\":\"BreadcrumbList\",\"@id\":\"https:\\\/\\\/radioljubuski.ba\\\/index.php\\\/2022\\\/08\\\/01\\\/nijemci-nisu-pozalili-sto-su-ulozili-u-bosnu-i-hercegovinu\\\/#breadcrumb\",\"itemListElement\":[{\"@type\":\"ListItem\",\"position\":1,\"name\":\"Po\u010detna stranica\",\"item\":\"https:\\\/\\\/radioljubuski.ba\\\/\"},{\"@type\":\"ListItem\",\"position\":2,\"name\":\"Nijemci nisu po\u017ealili \u0161to su ulo\u017eili u Bosnu i Hercegovinu\"}]},{\"@type\":\"WebSite\",\"@id\":\"https:\\\/\\\/radioljubuski.ba\\\/#website\",\"url\":\"https:\\\/\\\/radioljubuski.ba\\\/\",\"name\":\"Radio Ljubu\u0161ki\",\"description\":\"Sun\u010dana frekvencija Hercegovine\",\"publisher\":{\"@id\":\"https:\\\/\\\/radioljubuski.ba\\\/#organization\"},\"potentialAction\":[{\"@type\":\"SearchAction\",\"target\":{\"@type\":\"EntryPoint\",\"urlTemplate\":\"https:\\\/\\\/radioljubuski.ba\\\/?s={search_term_string}\"},\"query-input\":{\"@type\":\"PropertyValueSpecification\",\"valueRequired\":true,\"valueName\":\"search_term_string\"}}],\"inLanguage\":\"hr\"},{\"@type\":\"Organization\",\"@id\":\"https:\\\/\\\/radioljubuski.ba\\\/#organization\",\"name\":\"Radio Ljubu\u0161ki\",\"url\":\"https:\\\/\\\/radioljubuski.ba\\\/\",\"logo\":{\"@type\":\"ImageObject\",\"inLanguage\":\"hr\",\"@id\":\"https:\\\/\\\/radioljubuski.ba\\\/#\\\/schema\\\/logo\\\/image\\\/\",\"url\":\"https:\\\/\\\/radioljubuski.ba\\\/wp-content\\\/uploads\\\/2021\\\/02\\\/cropped-Radio_Ljubuski_logo1.jpg\",\"contentUrl\":\"https:\\\/\\\/radioljubuski.ba\\\/wp-content\\\/uploads\\\/2021\\\/02\\\/cropped-Radio_Ljubuski_logo1.jpg\",\"width\":512,\"height\":512,\"caption\":\"Radio Ljubu\u0161ki\"},\"image\":{\"@id\":\"https:\\\/\\\/radioljubuski.ba\\\/#\\\/schema\\\/logo\\\/image\\\/\"},\"sameAs\":[\"https:\\\/\\\/www.facebook.com\\\/Radiio-Ljubuski-1490835324566332\",\"https:\\\/\\\/x.com\\\/radioljubuski\",\"https:\\\/\\\/hr.linkedin.com\\\/company\\\/radio-ljubuski\",\"https:\\\/\\\/www.youtube.com\\\/channel\\\/UCHYaeO_n0Db3tjNGudGpXyw\"]},{\"@type\":\"Person\",\"@id\":\"https:\\\/\\\/radioljubuski.ba\\\/#\\\/schema\\\/person\\\/19fc700381a780f69665d7956c469e3b\",\"name\":\"Radio Ljubu\u0161ki\"}]}<\/script>\n<!-- \/ Yoast SEO plugin. -->","yoast_head_json":{"title":"Nijemci nisu po\u017ealili \u0161to su ulo\u017eili u Bosnu i Hercegovinu - RADIO LJUBU\u0160KI","robots":{"index":"index","follow":"follow","max-snippet":"max-snippet:-1","max-image-preview":"max-image-preview:large","max-video-preview":"max-video-preview:-1"},"canonical":"https:\/\/radioljubuski.ba\/index.php\/2022\/08\/01\/nijemci-nisu-pozalili-sto-su-ulozili-u-bosnu-i-hercegovinu\/","og_locale":"hr_HR","og_type":"article","og_title":"Nijemci nisu po\u017ealili \u0161to su ulo\u017eili u Bosnu i Hercegovinu - RADIO LJUBU\u0160KI","og_description":"Broj njema\u010dkih kompanija koje bi ponovno odabrale BiH kao lokaciju za investiranje porastao je sa 74 posto u 2021. godini na 84 posto u 2022. godini. Pokazalo je to ekonomsko istra\u017eivanje za 2022. godinu, koje je provelo Predstavni\u0161tvo njema\u010dkog gospodarstva u BiH (AHK BiH), a u kojem je sudjelovalo ukupno 47 srednjih i malih poduze\u0107a. [&hellip;]","og_url":"https:\/\/radioljubuski.ba\/index.php\/2022\/08\/01\/nijemci-nisu-pozalili-sto-su-ulozili-u-bosnu-i-hercegovinu\/","og_site_name":"RADIO LJUBU\u0160KI","article_publisher":"https:\/\/www.facebook.com\/Radiio-Ljubuski-1490835324566332","article_published_time":"2022-08-01T10:06:34+00:00","og_image":[{"width":1000,"height":625,"url":"https:\/\/radioljubuski.ba\/wp-content\/uploads\/2022\/08\/10-2022-07-31-08-18-05-Snimka-zaslona-2022-07-31-081658.jpg","type":"image\/jpeg"}],"author":"Radio Ljubu\u0161ki","twitter_card":"summary_large_image","twitter_creator":"@radioljubuski","twitter_site":"@radioljubuski","twitter_misc":{"Napisao\/la":"Radio Ljubu\u0161ki","Procijenjeno vrijeme \u010ditanja":"3 minute"},"schema":{"@context":"https:\/\/schema.org","@graph":[{"@type":"Article","@id":"https:\/\/radioljubuski.ba\/index.php\/2022\/08\/01\/nijemci-nisu-pozalili-sto-su-ulozili-u-bosnu-i-hercegovinu\/#article","isPartOf":{"@id":"https:\/\/radioljubuski.ba\/index.php\/2022\/08\/01\/nijemci-nisu-pozalili-sto-su-ulozili-u-bosnu-i-hercegovinu\/"},"author":{"name":"Radio Ljubu\u0161ki","@id":"https:\/\/radioljubuski.ba\/#\/schema\/person\/19fc700381a780f69665d7956c469e3b"},"headline":"Nijemci nisu po\u017ealili \u0161to su ulo\u017eili u Bosnu i Hercegovinu","datePublished":"2022-08-01T10:06:34+00:00","mainEntityOfPage":{"@id":"https:\/\/radioljubuski.ba\/index.php\/2022\/08\/01\/nijemci-nisu-pozalili-sto-su-ulozili-u-bosnu-i-hercegovinu\/"},"wordCount":527,"publisher":{"@id":"https:\/\/radioljubuski.ba\/#organization"},"image":{"@id":"https:\/\/radioljubuski.ba\/index.php\/2022\/08\/01\/nijemci-nisu-pozalili-sto-su-ulozili-u-bosnu-i-hercegovinu\/#primaryimage"},"thumbnailUrl":"https:\/\/radioljubuski.ba\/wp-content\/uploads\/2022\/08\/10-2022-07-31-08-18-05-Snimka-zaslona-2022-07-31-081658.jpg","articleSection":["BIH i regija"],"inLanguage":"hr"},{"@type":"WebPage","@id":"https:\/\/radioljubuski.ba\/index.php\/2022\/08\/01\/nijemci-nisu-pozalili-sto-su-ulozili-u-bosnu-i-hercegovinu\/","url":"https:\/\/radioljubuski.ba\/index.php\/2022\/08\/01\/nijemci-nisu-pozalili-sto-su-ulozili-u-bosnu-i-hercegovinu\/","name":"Nijemci nisu po\u017ealili \u0161to su ulo\u017eili u Bosnu i Hercegovinu - RADIO LJUBU\u0160KI","isPartOf":{"@id":"https:\/\/radioljubuski.ba\/#website"},"primaryImageOfPage":{"@id":"https:\/\/radioljubuski.ba\/index.php\/2022\/08\/01\/nijemci-nisu-pozalili-sto-su-ulozili-u-bosnu-i-hercegovinu\/#primaryimage"},"image":{"@id":"https:\/\/radioljubuski.ba\/index.php\/2022\/08\/01\/nijemci-nisu-pozalili-sto-su-ulozili-u-bosnu-i-hercegovinu\/#primaryimage"},"thumbnailUrl":"https:\/\/radioljubuski.ba\/wp-content\/uploads\/2022\/08\/10-2022-07-31-08-18-05-Snimka-zaslona-2022-07-31-081658.jpg","datePublished":"2022-08-01T10:06:34+00:00","breadcrumb":{"@id":"https:\/\/radioljubuski.ba\/index.php\/2022\/08\/01\/nijemci-nisu-pozalili-sto-su-ulozili-u-bosnu-i-hercegovinu\/#breadcrumb"},"inLanguage":"hr","potentialAction":[{"@type":"ReadAction","target":["https:\/\/radioljubuski.ba\/index.php\/2022\/08\/01\/nijemci-nisu-pozalili-sto-su-ulozili-u-bosnu-i-hercegovinu\/"]}]},{"@type":"ImageObject","inLanguage":"hr","@id":"https:\/\/radioljubuski.ba\/index.php\/2022\/08\/01\/nijemci-nisu-pozalili-sto-su-ulozili-u-bosnu-i-hercegovinu\/#primaryimage","url":"https:\/\/radioljubuski.ba\/wp-content\/uploads\/2022\/08\/10-2022-07-31-08-18-05-Snimka-zaslona-2022-07-31-081658.jpg","contentUrl":"https:\/\/radioljubuski.ba\/wp-content\/uploads\/2022\/08\/10-2022-07-31-08-18-05-Snimka-zaslona-2022-07-31-081658.jpg","width":1000,"height":625},{"@type":"BreadcrumbList","@id":"https:\/\/radioljubuski.ba\/index.php\/2022\/08\/01\/nijemci-nisu-pozalili-sto-su-ulozili-u-bosnu-i-hercegovinu\/#breadcrumb","itemListElement":[{"@type":"ListItem","position":1,"name":"Po\u010detna stranica","item":"https:\/\/radioljubuski.ba\/"},{"@type":"ListItem","position":2,"name":"Nijemci nisu po\u017ealili \u0161to su ulo\u017eili u Bosnu i Hercegovinu"}]},{"@type":"WebSite","@id":"https:\/\/radioljubuski.ba\/#website","url":"https:\/\/radioljubuski.ba\/","name":"Radio Ljubu\u0161ki","description":"Sun\u010dana frekvencija Hercegovine","publisher":{"@id":"https:\/\/radioljubuski.ba\/#organization"},"potentialAction":[{"@type":"SearchAction","target":{"@type":"EntryPoint","urlTemplate":"https:\/\/radioljubuski.ba\/?s={search_term_string}"},"query-input":{"@type":"PropertyValueSpecification","valueRequired":true,"valueName":"search_term_string"}}],"inLanguage":"hr"},{"@type":"Organization","@id":"https:\/\/radioljubuski.ba\/#organization","name":"Radio Ljubu\u0161ki","url":"https:\/\/radioljubuski.ba\/","logo":{"@type":"ImageObject","inLanguage":"hr","@id":"https:\/\/radioljubuski.ba\/#\/schema\/logo\/image\/","url":"https:\/\/radioljubuski.ba\/wp-content\/uploads\/2021\/02\/cropped-Radio_Ljubuski_logo1.jpg","contentUrl":"https:\/\/radioljubuski.ba\/wp-content\/uploads\/2021\/02\/cropped-Radio_Ljubuski_logo1.jpg","width":512,"height":512,"caption":"Radio Ljubu\u0161ki"},"image":{"@id":"https:\/\/radioljubuski.ba\/#\/schema\/logo\/image\/"},"sameAs":["https:\/\/www.facebook.com\/Radiio-Ljubuski-1490835324566332","https:\/\/x.com\/radioljubuski","https:\/\/hr.linkedin.com\/company\/radio-ljubuski","https:\/\/www.youtube.com\/channel\/UCHYaeO_n0Db3tjNGudGpXyw"]},{"@type":"Person","@id":"https:\/\/radioljubuski.ba\/#\/schema\/person\/19fc700381a780f69665d7956c469e3b","name":"Radio Ljubu\u0161ki"}]}},"_links":{"self":[{"href":"https:\/\/radioljubuski.ba\/index.php\/wp-json\/wp\/v2\/posts\/165265","targetHints":{"allow":["GET"]}}],"collection":[{"href":"https:\/\/radioljubuski.ba\/index.php\/wp-json\/wp\/v2\/posts"}],"about":[{"href":"https:\/\/radioljubuski.ba\/index.php\/wp-json\/wp\/v2\/types\/post"}],"author":[{"embeddable":true,"href":"https:\/\/radioljubuski.ba\/index.php\/wp-json\/wp\/v2\/users\/2"}],"replies":[{"embeddable":true,"href":"https:\/\/radioljubuski.ba\/index.php\/wp-json\/wp\/v2\/comments?post=165265"}],"version-history":[{"count":1,"href":"https:\/\/radioljubuski.ba\/index.php\/wp-json\/wp\/v2\/posts\/165265\/revisions"}],"predecessor-version":[{"id":165267,"href":"https:\/\/radioljubuski.ba\/index.php\/wp-json\/wp\/v2\/posts\/165265\/revisions\/165267"}],"wp:featuredmedia":[{"embeddable":true,"href":"https:\/\/radioljubuski.ba\/index.php\/wp-json\/wp\/v2\/media\/165266"}],"wp:attachment":[{"href":"https:\/\/radioljubuski.ba\/index.php\/wp-json\/wp\/v2\/media?parent=165265"}],"wp:term":[{"taxonomy":"category","embeddable":true,"href":"https:\/\/radioljubuski.ba\/index.php\/wp-json\/wp\/v2\/categories?post=165265"},{"taxonomy":"post_tag","embeddable":true,"href":"https:\/\/radioljubuski.ba\/index.php\/wp-json\/wp\/v2\/tags?post=165265"}],"curies":[{"name":"wp","href":"https:\/\/api.w.org\/{rel}","templated":true}]}}