{"id":165270,"date":"2022-08-01T11:09:23","date_gmt":"2022-08-01T10:09:23","guid":{"rendered":"https:\/\/radioljubuski.ba\/?p=165270"},"modified":"2022-08-01T11:09:25","modified_gmt":"2022-08-01T10:09:25","slug":"nasu-zemlju-svi-uglavnom-zaobilaze-bih-posljednja-u-regiji-po-stranim-ulaganjima","status":"publish","type":"post","link":"https:\/\/radioljubuski.ba\/index.php\/2022\/08\/01\/nasu-zemlju-svi-uglavnom-zaobilaze-bih-posljednja-u-regiji-po-stranim-ulaganjima\/","title":{"rendered":"Na\u0161u zemlju svi uglavnom zaobilaze: BiH posljednja u regiji po stranim ulaganjima"},"content":{"rendered":"\n<p>Bosna i Hercegovina ponovno je prikovana na regionalno dno po priljevu izravnih stranih ulaganja, \u010dime je nastavljen neslavan trend iz prethodnih godina.<\/p>\n\n\n\n<p>Straga<\/p>\n\n\n\n<p>U 2021. godini BiH je privukla samo 519 milijuna dolara izravnih stranih ulaganja. Srbija, koja je ponovno regionalni prvak po priljevu izravnih stranih ulaganja, usporedbe radi, lani je privukla 4,56 milijardi dolara ili gotovo deset puta vi\u0161e od Bosne i Hercegovine. U dolarima!<\/p>\n\n\n\n<p>Prije Bosne i Hercegovine je Crna Gora, sa samo 600 tisu\u0107a stanovnika, koja je privukla 664 milijuna dolara izravnih stranih ulaganja. U Sjevernu Makedoniju ulo\u017eeno je 606 milijuna dolara.<\/p>\n\n\n\n<p>Zanimljivo je da, iako je \u010dlanica EU, vrlo nisku razinu izravnih stranih ulaganja bilje\u017ei i susjedna Hrvatska, u koju je lani ulo\u017eeno tek 569 milijuna dolara.<\/p>\n\n\n\n<p>S druge strane, iako je po broju stanovnika gotovo dvostruko manja od Bosne i Hercegovine, Slovenija je tijekom 2021. godine privukla 1,52 milijarde dolara izravnih stranih ulaganja.<\/p>\n\n\n\n<p>I dok u Bosni i Hercegovini traju stalne politi\u010dke tenzije i sukobi oko dr\u017eavnog ustrojstva, nadle\u017enosti, Izbornog zakona i sl., do tada investitori na\u0161u zemlju uglavnom zaobilaze u \u0161irokom luku. To se, naravno, ne treba \u010duditi, jer kako itko mo\u017ee o\u010dekivati \u200b\u200bda \u0107e mu kapital biti siguran u zemlji koja je po korumpiranosti u samom europskom vrhu, gdje ga \u010deka birokratski pakao, politi\u010dka nestabilnost, \u010dak i \u010deste prijetnje ratom.<\/p>\n\n\n\n<p>Oporavak ulaganja<\/p>\n\n\n\n<p>Iako je BiH i dalje na za\u010delju kada su u pitanju investicije, zaostaju\u0107i \u010dak i za zemljama regiona sa znatno manjim brojem stanovnika, stvari su se globalno zna\u010dajno popravile u odnosu na pandemijsku 2020. godinu. Na globalnoj razini investicije su dosegle razinu od prije pandemije i iznose 1,6 trilijuna dolara.<\/p>\n\n\n\n<p>Financiranje me\u0111unarodnih projekata i prekograni\u010dni poslovi do\u017eivjeli su posebno sna\u017ean zamah. S druge strane, zabrinjava \u010dinjenica da je oporavak greenfield investicija jo\u0161 uvijek vrlo krhak. Ekonomisti predvi\u0111aju da \u0107e 2022. do\u0107i do pove\u0107anja izravnih stranih ulaganja.<\/p>\n\n\n\n<p>No, zna\u010dajan udarac oporavku svakako \u0107e zadati rat u Ukrajini i duboki poreme\u0107aji na tr\u017ei\u0161tu koji su se dogodili u opskrbi energijom i hranom.<\/p>\n\n\n\n<p>Ni\u0161ta novo<\/p>\n\n\n\n<p>Priljev izravnih stranih ulaganja u Bosnu i Hercegovinu u 2020. godini iznosio je 395 milijuna dolara. I 2020. regionalni lider bila je Srbija sa 2,9 milijardi dolara investicija.<\/p>\n\n\n\n<p>U Crnu Goru se slilo 663 milijuna dolara, au Hrvatsku 1,304 milijarde dolara.<\/p>\n\n\n\n<p>Izvor:avaz.ba<\/p>\n","protected":false},"excerpt":{"rendered":"<p>Bosna i Hercegovina ponovno je prikovana na regionalno dno po priljevu izravnih stranih ulaganja, \u010dime je nastavljen neslavan trend iz prethodnih godina. Straga U 2021. godini BiH je privukla samo 519 milijuna dolara izravnih stranih ulaganja. Srbija, koja je ponovno regionalni prvak po priljevu izravnih stranih ulaganja, usporedbe radi, lani je privukla 4,56 milijardi dolara [&hellip;]<\/p>\n","protected":false},"author":2,"featured_media":165271,"comment_status":"closed","ping_status":"closed","sticky":false,"template":"","format":"standard","meta":{"h5ap_radio_sources":[],"footnotes":""},"categories":[1],"tags":[],"class_list":["post-165270","post","type-post","status-publish","format-standard","has-post-thumbnail","hentry","category-bihiregija"],"yoast_head":"<!-- This site is optimized with the Yoast SEO plugin v27.4 - https:\/\/yoast.com\/product\/yoast-seo-wordpress\/ -->\n<title>Na\u0161u zemlju svi uglavnom zaobilaze: BiH posljednja u regiji po stranim ulaganjima - RADIO LJUBU\u0160KI<\/title>\n<meta name=\"robots\" content=\"index, follow, max-snippet:-1, max-image-preview:large, max-video-preview:-1\" \/>\n<link rel=\"canonical\" href=\"https:\/\/radioljubuski.ba\/index.php\/2022\/08\/01\/nasu-zemlju-svi-uglavnom-zaobilaze-bih-posljednja-u-regiji-po-stranim-ulaganjima\/\" \/>\n<meta property=\"og:locale\" content=\"hr_HR\" \/>\n<meta property=\"og:type\" content=\"article\" \/>\n<meta property=\"og:title\" content=\"Na\u0161u zemlju svi uglavnom zaobilaze: BiH posljednja u regiji po stranim ulaganjima - RADIO LJUBU\u0160KI\" \/>\n<meta property=\"og:description\" content=\"Bosna i Hercegovina ponovno je prikovana na regionalno dno po priljevu izravnih stranih ulaganja, \u010dime je nastavljen neslavan trend iz prethodnih godina. Straga U 2021. godini BiH je privukla samo 519 milijuna dolara izravnih stranih ulaganja. Srbija, koja je ponovno regionalni prvak po priljevu izravnih stranih ulaganja, usporedbe radi, lani je privukla 4,56 milijardi dolara [&hellip;]\" \/>\n<meta property=\"og:url\" content=\"https:\/\/radioljubuski.ba\/index.php\/2022\/08\/01\/nasu-zemlju-svi-uglavnom-zaobilaze-bih-posljednja-u-regiji-po-stranim-ulaganjima\/\" \/>\n<meta property=\"og:site_name\" content=\"RADIO LJUBU\u0160KI\" \/>\n<meta property=\"article:publisher\" content=\"https:\/\/www.facebook.com\/Radiio-Ljubuski-1490835324566332\" \/>\n<meta property=\"article:published_time\" content=\"2022-08-01T10:09:23+00:00\" \/>\n<meta property=\"article:modified_time\" content=\"2022-08-01T10:09:25+00:00\" \/>\n<meta property=\"og:image\" content=\"https:\/\/radioljubuski.ba\/wp-content\/uploads\/2022\/08\/10-2022-07-31-08-42-17-Snimka-zaslona-2022-07-31-084048.jpg\" \/>\n\t<meta property=\"og:image:width\" content=\"1000\" \/>\n\t<meta property=\"og:image:height\" content=\"625\" \/>\n\t<meta property=\"og:image:type\" content=\"image\/jpeg\" \/>\n<meta name=\"author\" content=\"Radio Ljubu\u0161ki\" \/>\n<meta name=\"twitter:card\" content=\"summary_large_image\" \/>\n<meta name=\"twitter:creator\" content=\"@radioljubuski\" \/>\n<meta name=\"twitter:site\" content=\"@radioljubuski\" \/>\n<meta name=\"twitter:label1\" content=\"Napisao\/la\" \/>\n\t<meta name=\"twitter:data1\" content=\"Radio Ljubu\u0161ki\" \/>\n\t<meta name=\"twitter:label2\" content=\"Procijenjeno vrijeme \u010ditanja\" \/>\n\t<meta name=\"twitter:data2\" content=\"2 minute\" \/>\n<script type=\"application\/ld+json\" class=\"yoast-schema-graph\">{\"@context\":\"https:\\\/\\\/schema.org\",\"@graph\":[{\"@type\":\"Article\",\"@id\":\"https:\\\/\\\/radioljubuski.ba\\\/index.php\\\/2022\\\/08\\\/01\\\/nasu-zemlju-svi-uglavnom-zaobilaze-bih-posljednja-u-regiji-po-stranim-ulaganjima\\\/#article\",\"isPartOf\":{\"@id\":\"https:\\\/\\\/radioljubuski.ba\\\/index.php\\\/2022\\\/08\\\/01\\\/nasu-zemlju-svi-uglavnom-zaobilaze-bih-posljednja-u-regiji-po-stranim-ulaganjima\\\/\"},\"author\":{\"name\":\"Radio Ljubu\u0161ki\",\"@id\":\"https:\\\/\\\/radioljubuski.ba\\\/#\\\/schema\\\/person\\\/19fc700381a780f69665d7956c469e3b\"},\"headline\":\"Na\u0161u zemlju svi uglavnom zaobilaze: BiH posljednja u regiji po stranim ulaganjima\",\"datePublished\":\"2022-08-01T10:09:23+00:00\",\"dateModified\":\"2022-08-01T10:09:25+00:00\",\"mainEntityOfPage\":{\"@id\":\"https:\\\/\\\/radioljubuski.ba\\\/index.php\\\/2022\\\/08\\\/01\\\/nasu-zemlju-svi-uglavnom-zaobilaze-bih-posljednja-u-regiji-po-stranim-ulaganjima\\\/\"},\"wordCount\":397,\"publisher\":{\"@id\":\"https:\\\/\\\/radioljubuski.ba\\\/#organization\"},\"image\":{\"@id\":\"https:\\\/\\\/radioljubuski.ba\\\/index.php\\\/2022\\\/08\\\/01\\\/nasu-zemlju-svi-uglavnom-zaobilaze-bih-posljednja-u-regiji-po-stranim-ulaganjima\\\/#primaryimage\"},\"thumbnailUrl\":\"https:\\\/\\\/radioljubuski.ba\\\/wp-content\\\/uploads\\\/2022\\\/08\\\/10-2022-07-31-08-42-17-Snimka-zaslona-2022-07-31-084048.jpg\",\"articleSection\":[\"BIH i regija\"],\"inLanguage\":\"hr\"},{\"@type\":\"WebPage\",\"@id\":\"https:\\\/\\\/radioljubuski.ba\\\/index.php\\\/2022\\\/08\\\/01\\\/nasu-zemlju-svi-uglavnom-zaobilaze-bih-posljednja-u-regiji-po-stranim-ulaganjima\\\/\",\"url\":\"https:\\\/\\\/radioljubuski.ba\\\/index.php\\\/2022\\\/08\\\/01\\\/nasu-zemlju-svi-uglavnom-zaobilaze-bih-posljednja-u-regiji-po-stranim-ulaganjima\\\/\",\"name\":\"Na\u0161u zemlju svi uglavnom zaobilaze: BiH posljednja u regiji po stranim ulaganjima - RADIO LJUBU\u0160KI\",\"isPartOf\":{\"@id\":\"https:\\\/\\\/radioljubuski.ba\\\/#website\"},\"primaryImageOfPage\":{\"@id\":\"https:\\\/\\\/radioljubuski.ba\\\/index.php\\\/2022\\\/08\\\/01\\\/nasu-zemlju-svi-uglavnom-zaobilaze-bih-posljednja-u-regiji-po-stranim-ulaganjima\\\/#primaryimage\"},\"image\":{\"@id\":\"https:\\\/\\\/radioljubuski.ba\\\/index.php\\\/2022\\\/08\\\/01\\\/nasu-zemlju-svi-uglavnom-zaobilaze-bih-posljednja-u-regiji-po-stranim-ulaganjima\\\/#primaryimage\"},\"thumbnailUrl\":\"https:\\\/\\\/radioljubuski.ba\\\/wp-content\\\/uploads\\\/2022\\\/08\\\/10-2022-07-31-08-42-17-Snimka-zaslona-2022-07-31-084048.jpg\",\"datePublished\":\"2022-08-01T10:09:23+00:00\",\"dateModified\":\"2022-08-01T10:09:25+00:00\",\"breadcrumb\":{\"@id\":\"https:\\\/\\\/radioljubuski.ba\\\/index.php\\\/2022\\\/08\\\/01\\\/nasu-zemlju-svi-uglavnom-zaobilaze-bih-posljednja-u-regiji-po-stranim-ulaganjima\\\/#breadcrumb\"},\"inLanguage\":\"hr\",\"potentialAction\":[{\"@type\":\"ReadAction\",\"target\":[\"https:\\\/\\\/radioljubuski.ba\\\/index.php\\\/2022\\\/08\\\/01\\\/nasu-zemlju-svi-uglavnom-zaobilaze-bih-posljednja-u-regiji-po-stranim-ulaganjima\\\/\"]}]},{\"@type\":\"ImageObject\",\"inLanguage\":\"hr\",\"@id\":\"https:\\\/\\\/radioljubuski.ba\\\/index.php\\\/2022\\\/08\\\/01\\\/nasu-zemlju-svi-uglavnom-zaobilaze-bih-posljednja-u-regiji-po-stranim-ulaganjima\\\/#primaryimage\",\"url\":\"https:\\\/\\\/radioljubuski.ba\\\/wp-content\\\/uploads\\\/2022\\\/08\\\/10-2022-07-31-08-42-17-Snimka-zaslona-2022-07-31-084048.jpg\",\"contentUrl\":\"https:\\\/\\\/radioljubuski.ba\\\/wp-content\\\/uploads\\\/2022\\\/08\\\/10-2022-07-31-08-42-17-Snimka-zaslona-2022-07-31-084048.jpg\",\"width\":1000,\"height\":625},{\"@type\":\"BreadcrumbList\",\"@id\":\"https:\\\/\\\/radioljubuski.ba\\\/index.php\\\/2022\\\/08\\\/01\\\/nasu-zemlju-svi-uglavnom-zaobilaze-bih-posljednja-u-regiji-po-stranim-ulaganjima\\\/#breadcrumb\",\"itemListElement\":[{\"@type\":\"ListItem\",\"position\":1,\"name\":\"Po\u010detna stranica\",\"item\":\"https:\\\/\\\/radioljubuski.ba\\\/\"},{\"@type\":\"ListItem\",\"position\":2,\"name\":\"Na\u0161u zemlju svi uglavnom zaobilaze: BiH posljednja u regiji po stranim ulaganjima\"}]},{\"@type\":\"WebSite\",\"@id\":\"https:\\\/\\\/radioljubuski.ba\\\/#website\",\"url\":\"https:\\\/\\\/radioljubuski.ba\\\/\",\"name\":\"Radio Ljubu\u0161ki\",\"description\":\"Sun\u010dana frekvencija Hercegovine\",\"publisher\":{\"@id\":\"https:\\\/\\\/radioljubuski.ba\\\/#organization\"},\"potentialAction\":[{\"@type\":\"SearchAction\",\"target\":{\"@type\":\"EntryPoint\",\"urlTemplate\":\"https:\\\/\\\/radioljubuski.ba\\\/?s={search_term_string}\"},\"query-input\":{\"@type\":\"PropertyValueSpecification\",\"valueRequired\":true,\"valueName\":\"search_term_string\"}}],\"inLanguage\":\"hr\"},{\"@type\":\"Organization\",\"@id\":\"https:\\\/\\\/radioljubuski.ba\\\/#organization\",\"name\":\"Radio Ljubu\u0161ki\",\"url\":\"https:\\\/\\\/radioljubuski.ba\\\/\",\"logo\":{\"@type\":\"ImageObject\",\"inLanguage\":\"hr\",\"@id\":\"https:\\\/\\\/radioljubuski.ba\\\/#\\\/schema\\\/logo\\\/image\\\/\",\"url\":\"https:\\\/\\\/radioljubuski.ba\\\/wp-content\\\/uploads\\\/2021\\\/02\\\/cropped-Radio_Ljubuski_logo1.jpg\",\"contentUrl\":\"https:\\\/\\\/radioljubuski.ba\\\/wp-content\\\/uploads\\\/2021\\\/02\\\/cropped-Radio_Ljubuski_logo1.jpg\",\"width\":512,\"height\":512,\"caption\":\"Radio Ljubu\u0161ki\"},\"image\":{\"@id\":\"https:\\\/\\\/radioljubuski.ba\\\/#\\\/schema\\\/logo\\\/image\\\/\"},\"sameAs\":[\"https:\\\/\\\/www.facebook.com\\\/Radiio-Ljubuski-1490835324566332\",\"https:\\\/\\\/x.com\\\/radioljubuski\",\"https:\\\/\\\/hr.linkedin.com\\\/company\\\/radio-ljubuski\",\"https:\\\/\\\/www.youtube.com\\\/channel\\\/UCHYaeO_n0Db3tjNGudGpXyw\"]},{\"@type\":\"Person\",\"@id\":\"https:\\\/\\\/radioljubuski.ba\\\/#\\\/schema\\\/person\\\/19fc700381a780f69665d7956c469e3b\",\"name\":\"Radio Ljubu\u0161ki\"}]}<\/script>\n<!-- \/ Yoast SEO plugin. -->","yoast_head_json":{"title":"Na\u0161u zemlju svi uglavnom zaobilaze: BiH posljednja u regiji po stranim ulaganjima - RADIO LJUBU\u0160KI","robots":{"index":"index","follow":"follow","max-snippet":"max-snippet:-1","max-image-preview":"max-image-preview:large","max-video-preview":"max-video-preview:-1"},"canonical":"https:\/\/radioljubuski.ba\/index.php\/2022\/08\/01\/nasu-zemlju-svi-uglavnom-zaobilaze-bih-posljednja-u-regiji-po-stranim-ulaganjima\/","og_locale":"hr_HR","og_type":"article","og_title":"Na\u0161u zemlju svi uglavnom zaobilaze: BiH posljednja u regiji po stranim ulaganjima - RADIO LJUBU\u0160KI","og_description":"Bosna i Hercegovina ponovno je prikovana na regionalno dno po priljevu izravnih stranih ulaganja, \u010dime je nastavljen neslavan trend iz prethodnih godina. Straga U 2021. godini BiH je privukla samo 519 milijuna dolara izravnih stranih ulaganja. Srbija, koja je ponovno regionalni prvak po priljevu izravnih stranih ulaganja, usporedbe radi, lani je privukla 4,56 milijardi dolara [&hellip;]","og_url":"https:\/\/radioljubuski.ba\/index.php\/2022\/08\/01\/nasu-zemlju-svi-uglavnom-zaobilaze-bih-posljednja-u-regiji-po-stranim-ulaganjima\/","og_site_name":"RADIO LJUBU\u0160KI","article_publisher":"https:\/\/www.facebook.com\/Radiio-Ljubuski-1490835324566332","article_published_time":"2022-08-01T10:09:23+00:00","article_modified_time":"2022-08-01T10:09:25+00:00","og_image":[{"width":1000,"height":625,"url":"https:\/\/radioljubuski.ba\/wp-content\/uploads\/2022\/08\/10-2022-07-31-08-42-17-Snimka-zaslona-2022-07-31-084048.jpg","type":"image\/jpeg"}],"author":"Radio Ljubu\u0161ki","twitter_card":"summary_large_image","twitter_creator":"@radioljubuski","twitter_site":"@radioljubuski","twitter_misc":{"Napisao\/la":"Radio Ljubu\u0161ki","Procijenjeno vrijeme \u010ditanja":"2 minute"},"schema":{"@context":"https:\/\/schema.org","@graph":[{"@type":"Article","@id":"https:\/\/radioljubuski.ba\/index.php\/2022\/08\/01\/nasu-zemlju-svi-uglavnom-zaobilaze-bih-posljednja-u-regiji-po-stranim-ulaganjima\/#article","isPartOf":{"@id":"https:\/\/radioljubuski.ba\/index.php\/2022\/08\/01\/nasu-zemlju-svi-uglavnom-zaobilaze-bih-posljednja-u-regiji-po-stranim-ulaganjima\/"},"author":{"name":"Radio Ljubu\u0161ki","@id":"https:\/\/radioljubuski.ba\/#\/schema\/person\/19fc700381a780f69665d7956c469e3b"},"headline":"Na\u0161u zemlju svi uglavnom zaobilaze: BiH posljednja u regiji po stranim ulaganjima","datePublished":"2022-08-01T10:09:23+00:00","dateModified":"2022-08-01T10:09:25+00:00","mainEntityOfPage":{"@id":"https:\/\/radioljubuski.ba\/index.php\/2022\/08\/01\/nasu-zemlju-svi-uglavnom-zaobilaze-bih-posljednja-u-regiji-po-stranim-ulaganjima\/"},"wordCount":397,"publisher":{"@id":"https:\/\/radioljubuski.ba\/#organization"},"image":{"@id":"https:\/\/radioljubuski.ba\/index.php\/2022\/08\/01\/nasu-zemlju-svi-uglavnom-zaobilaze-bih-posljednja-u-regiji-po-stranim-ulaganjima\/#primaryimage"},"thumbnailUrl":"https:\/\/radioljubuski.ba\/wp-content\/uploads\/2022\/08\/10-2022-07-31-08-42-17-Snimka-zaslona-2022-07-31-084048.jpg","articleSection":["BIH i regija"],"inLanguage":"hr"},{"@type":"WebPage","@id":"https:\/\/radioljubuski.ba\/index.php\/2022\/08\/01\/nasu-zemlju-svi-uglavnom-zaobilaze-bih-posljednja-u-regiji-po-stranim-ulaganjima\/","url":"https:\/\/radioljubuski.ba\/index.php\/2022\/08\/01\/nasu-zemlju-svi-uglavnom-zaobilaze-bih-posljednja-u-regiji-po-stranim-ulaganjima\/","name":"Na\u0161u zemlju svi uglavnom zaobilaze: BiH posljednja u regiji po stranim ulaganjima - RADIO LJUBU\u0160KI","isPartOf":{"@id":"https:\/\/radioljubuski.ba\/#website"},"primaryImageOfPage":{"@id":"https:\/\/radioljubuski.ba\/index.php\/2022\/08\/01\/nasu-zemlju-svi-uglavnom-zaobilaze-bih-posljednja-u-regiji-po-stranim-ulaganjima\/#primaryimage"},"image":{"@id":"https:\/\/radioljubuski.ba\/index.php\/2022\/08\/01\/nasu-zemlju-svi-uglavnom-zaobilaze-bih-posljednja-u-regiji-po-stranim-ulaganjima\/#primaryimage"},"thumbnailUrl":"https:\/\/radioljubuski.ba\/wp-content\/uploads\/2022\/08\/10-2022-07-31-08-42-17-Snimka-zaslona-2022-07-31-084048.jpg","datePublished":"2022-08-01T10:09:23+00:00","dateModified":"2022-08-01T10:09:25+00:00","breadcrumb":{"@id":"https:\/\/radioljubuski.ba\/index.php\/2022\/08\/01\/nasu-zemlju-svi-uglavnom-zaobilaze-bih-posljednja-u-regiji-po-stranim-ulaganjima\/#breadcrumb"},"inLanguage":"hr","potentialAction":[{"@type":"ReadAction","target":["https:\/\/radioljubuski.ba\/index.php\/2022\/08\/01\/nasu-zemlju-svi-uglavnom-zaobilaze-bih-posljednja-u-regiji-po-stranim-ulaganjima\/"]}]},{"@type":"ImageObject","inLanguage":"hr","@id":"https:\/\/radioljubuski.ba\/index.php\/2022\/08\/01\/nasu-zemlju-svi-uglavnom-zaobilaze-bih-posljednja-u-regiji-po-stranim-ulaganjima\/#primaryimage","url":"https:\/\/radioljubuski.ba\/wp-content\/uploads\/2022\/08\/10-2022-07-31-08-42-17-Snimka-zaslona-2022-07-31-084048.jpg","contentUrl":"https:\/\/radioljubuski.ba\/wp-content\/uploads\/2022\/08\/10-2022-07-31-08-42-17-Snimka-zaslona-2022-07-31-084048.jpg","width":1000,"height":625},{"@type":"BreadcrumbList","@id":"https:\/\/radioljubuski.ba\/index.php\/2022\/08\/01\/nasu-zemlju-svi-uglavnom-zaobilaze-bih-posljednja-u-regiji-po-stranim-ulaganjima\/#breadcrumb","itemListElement":[{"@type":"ListItem","position":1,"name":"Po\u010detna stranica","item":"https:\/\/radioljubuski.ba\/"},{"@type":"ListItem","position":2,"name":"Na\u0161u zemlju svi uglavnom zaobilaze: BiH posljednja u regiji po stranim ulaganjima"}]},{"@type":"WebSite","@id":"https:\/\/radioljubuski.ba\/#website","url":"https:\/\/radioljubuski.ba\/","name":"Radio Ljubu\u0161ki","description":"Sun\u010dana frekvencija Hercegovine","publisher":{"@id":"https:\/\/radioljubuski.ba\/#organization"},"potentialAction":[{"@type":"SearchAction","target":{"@type":"EntryPoint","urlTemplate":"https:\/\/radioljubuski.ba\/?s={search_term_string}"},"query-input":{"@type":"PropertyValueSpecification","valueRequired":true,"valueName":"search_term_string"}}],"inLanguage":"hr"},{"@type":"Organization","@id":"https:\/\/radioljubuski.ba\/#organization","name":"Radio Ljubu\u0161ki","url":"https:\/\/radioljubuski.ba\/","logo":{"@type":"ImageObject","inLanguage":"hr","@id":"https:\/\/radioljubuski.ba\/#\/schema\/logo\/image\/","url":"https:\/\/radioljubuski.ba\/wp-content\/uploads\/2021\/02\/cropped-Radio_Ljubuski_logo1.jpg","contentUrl":"https:\/\/radioljubuski.ba\/wp-content\/uploads\/2021\/02\/cropped-Radio_Ljubuski_logo1.jpg","width":512,"height":512,"caption":"Radio Ljubu\u0161ki"},"image":{"@id":"https:\/\/radioljubuski.ba\/#\/schema\/logo\/image\/"},"sameAs":["https:\/\/www.facebook.com\/Radiio-Ljubuski-1490835324566332","https:\/\/x.com\/radioljubuski","https:\/\/hr.linkedin.com\/company\/radio-ljubuski","https:\/\/www.youtube.com\/channel\/UCHYaeO_n0Db3tjNGudGpXyw"]},{"@type":"Person","@id":"https:\/\/radioljubuski.ba\/#\/schema\/person\/19fc700381a780f69665d7956c469e3b","name":"Radio Ljubu\u0161ki"}]}},"_links":{"self":[{"href":"https:\/\/radioljubuski.ba\/index.php\/wp-json\/wp\/v2\/posts\/165270","targetHints":{"allow":["GET"]}}],"collection":[{"href":"https:\/\/radioljubuski.ba\/index.php\/wp-json\/wp\/v2\/posts"}],"about":[{"href":"https:\/\/radioljubuski.ba\/index.php\/wp-json\/wp\/v2\/types\/post"}],"author":[{"embeddable":true,"href":"https:\/\/radioljubuski.ba\/index.php\/wp-json\/wp\/v2\/users\/2"}],"replies":[{"embeddable":true,"href":"https:\/\/radioljubuski.ba\/index.php\/wp-json\/wp\/v2\/comments?post=165270"}],"version-history":[{"count":1,"href":"https:\/\/radioljubuski.ba\/index.php\/wp-json\/wp\/v2\/posts\/165270\/revisions"}],"predecessor-version":[{"id":165272,"href":"https:\/\/radioljubuski.ba\/index.php\/wp-json\/wp\/v2\/posts\/165270\/revisions\/165272"}],"wp:featuredmedia":[{"embeddable":true,"href":"https:\/\/radioljubuski.ba\/index.php\/wp-json\/wp\/v2\/media\/165271"}],"wp:attachment":[{"href":"https:\/\/radioljubuski.ba\/index.php\/wp-json\/wp\/v2\/media?parent=165270"}],"wp:term":[{"taxonomy":"category","embeddable":true,"href":"https:\/\/radioljubuski.ba\/index.php\/wp-json\/wp\/v2\/categories?post=165270"},{"taxonomy":"post_tag","embeddable":true,"href":"https:\/\/radioljubuski.ba\/index.php\/wp-json\/wp\/v2\/tags?post=165270"}],"curies":[{"name":"wp","href":"https:\/\/api.w.org\/{rel}","templated":true}]}}