{"id":165273,"date":"2022-08-01T11:11:27","date_gmt":"2022-08-01T10:11:27","guid":{"rendered":"https:\/\/radioljubuski.ba\/?p=165273"},"modified":"2022-08-01T11:11:27","modified_gmt":"2022-08-01T10:11:27","slug":"capljina-nastoji-mlade-zadrzati-brojnim-pogodnostima-video","status":"publish","type":"post","link":"https:\/\/radioljubuski.ba\/index.php\/2022\/08\/01\/capljina-nastoji-mlade-zadrzati-brojnim-pogodnostima-video\/","title":{"rendered":"\u010capljina nastoji mlade zadr\u017eati brojnim pogodnostima &#8211; video"},"content":{"rendered":"\n<p>Grad \u010capljina posljednih godina puno ula\u017ee u jednostavnije pokretanje malih biznisa, \u0161to je posebno va\u017eno za mlade ljude koji tek planiraju pokrenuti vlastiti posao. Manje birokratije, jeftinija registracija obrta za samo oko 50 KM, \u010dime se postiglo da sve vi\u0161e \u010capljinaca razmi\u0161lja i pokre\u0107e vlastiti biznis.<\/p>\n\n\n\n<p>Josipa \u010coko prije godinu dana pokrenula je vlastiti posao u \u010capljini. Bavi se organiziranjem edukativnih i kreativnih radionica za djecu pred\u0161kolskog uzrasta. Ka\u017ee kako ima pozitivna iskustva oko pokretanja samostalnog obrta, jer grad \u010capljina nudi niz olak\u0161ica.<br>&nbsp;<br>&#8220;Sve je to bilo nekako iznena\u0111uju\u0107e, dobro je sve pro\u0161lo. Ispo\u010detka sam imala strah od silne birokacije i \u010dekanja na \u0161alterima, mislila sam da ja to ne mogu, mislila sam da \u0107e mi to oduzet puno vremena, me\u0111utim i\u0161lo je jako brzo, imam jako pozitivno iskustvo. Nije trebalo ni puno vremena, ni puno novaca, sve sam to rije\u0161ila u par dana&#8221;, zadovoljna je ona. &nbsp;<\/p>\n\n\n\n<p>Nakon registriranja obrta, najve\u0107i izazov je biti konkurentan i opstati na tr\u017ei\u0161tu, a grad \u010capljina i tu nastoji pomo\u0107i mladim obrtnicima.<br>&nbsp;<br>&#8220;Mi svake godine imamo javne pozive, ove godine i pro\u0161le smo imali za \u017eene, tako da smo radili edukacije za te mlade \u017eene, da bi one napravile kvalitetan biznis plan. Jer, nije poanta samo otvoriti svoj obrt, poanta je godinu dana sebe istrenirati i dovesti se u profitabilnu zonu, \u0161to u ovoj dr\u017eavi i nije tako jednostavno&#8221;, obja\u0161njava Julijana Mikuli\u0107 Jurkovi\u0107 iz Ureda gradona\u010delnika Grada \u010capljine.&nbsp;<\/p>\n\n\n\n<p>Ve\u0107ina stanovni\u0161tva u \u010dapljinskom kraju \u017eivi od poljoprivrede, pa je upravo projektima razvoja ta oblast dosta zastupljena.<\/p>\n\n\n\n<p>Grad \u010capljina je prije 4 godine pokrenuo projekt dugoro\u010dnog razvoja koji obuhva\u0107a i jednostavnije pokretanje malih biznisa. Tako da od prvotnih 200 obiteljskih poljoprivrednih gospodarstava, danas u \u010capljini ima ima preko dvije tisu\u0107e. &nbsp;<\/p>\n\n\n\n<p>Posljednih godina puno se radi na zadr\u017eavanju mladih ljudi i mladih obitelji u \u010capljini, razli\u010ditim subvencioniranjem djece vrti\u0107ke i \u0161kolske dobi. \u010capljina je prva u Hercegovini krenula s besplatnim ud\u017ebenicima za osnovne i srednje \u0161kole.<\/p>\n\n\n\n<p>&#8220;Sa 50 posto sufinaciramo sve one koji upi\u0161u doktorski studij, te\u017eimo ka izvrsnosti i sa \u017eeljom da ljudi zavr\u0161e doktorski studij i ostanu ovdje raditi i ovdje to svoje znanje implementirati. Mlade obitelji koje se odlu\u010de za kupovinu stanova poma\u017eemo sa 100 maraka po \u010detvornom metru&#8221;, navodi gradona\u010delnik \u010capljine Smiljan Vidi\u0107.<\/p>\n\n\n\n<p>Niz demografskih mjera koje godinama provode, ka\u017ee Vidi\u0107, rezultirao je time \u0161to je ove godine 28 prva\u0161i\u0107a u osnovnim skolama \u010capljine vi\u0161e nego lani. Sve vi\u0161e se ula\u017ee i u razvoj gospodarske zone, kao i u turizam \u010diji potencijali nisu do kraja iskori\u0161teni. Cilj je da se turisti, kojih je svake godine sve vi\u0161e na Hutovom blatu, rijeci Trebi\u017eat, Mogorjelu i Po\u010ditelju, zadr\u017ee vi\u0161e od jednog dana<\/p>\n\n\n\n<iframe loading=\"lazy\" title=\"\u010capljina ula\u017ee u pokretanje malih biznisa\" width=\"640\" height=\"360\" src=\"https:\/\/www.youtube.com\/embed\/5orWneJkmNA?feature=oembed\" frameborder=\"0\" allow=\"accelerometer; autoplay; clipboard-write; encrypted-media; gyroscope; picture-in-picture; web-share\" referrerpolicy=\"strict-origin-when-cross-origin\" allowfullscreen><\/iframe>\n\n\n\n<p>Izvor:BHRT<\/p>\n","protected":false},"excerpt":{"rendered":"<p>Grad \u010capljina posljednih godina puno ula\u017ee u jednostavnije pokretanje malih biznisa, \u0161to je posebno va\u017eno za mlade ljude koji tek planiraju pokrenuti vlastiti posao. Manje birokratije, jeftinija registracija obrta za samo oko 50 KM, \u010dime se postiglo da sve vi\u0161e \u010capljinaca razmi\u0161lja i pokre\u0107e vlastiti biznis. Josipa \u010coko prije godinu dana pokrenula je vlastiti posao [&hellip;]<\/p>\n","protected":false},"author":2,"featured_media":165274,"comment_status":"closed","ping_status":"closed","sticky":false,"template":"","format":"standard","meta":{"h5ap_radio_sources":[],"footnotes":""},"categories":[1],"tags":[],"class_list":["post-165273","post","type-post","status-publish","format-standard","has-post-thumbnail","hentry","category-bihiregija"],"yoast_head":"<!-- This site is optimized with the Yoast SEO plugin v27.4 - https:\/\/yoast.com\/product\/yoast-seo-wordpress\/ -->\n<title>\u010capljina nastoji mlade zadr\u017eati brojnim pogodnostima - video - RADIO LJUBU\u0160KI<\/title>\n<meta name=\"robots\" content=\"index, follow, max-snippet:-1, max-image-preview:large, max-video-preview:-1\" \/>\n<link rel=\"canonical\" href=\"https:\/\/radioljubuski.ba\/index.php\/2022\/08\/01\/capljina-nastoji-mlade-zadrzati-brojnim-pogodnostima-video\/\" \/>\n<meta property=\"og:locale\" content=\"hr_HR\" \/>\n<meta property=\"og:type\" content=\"article\" \/>\n<meta property=\"og:title\" content=\"\u010capljina nastoji mlade zadr\u017eati brojnim pogodnostima - video - RADIO LJUBU\u0160KI\" \/>\n<meta property=\"og:description\" content=\"Grad \u010capljina posljednih godina puno ula\u017ee u jednostavnije pokretanje malih biznisa, \u0161to je posebno va\u017eno za mlade ljude koji tek planiraju pokrenuti vlastiti posao. Manje birokratije, jeftinija registracija obrta za samo oko 50 KM, \u010dime se postiglo da sve vi\u0161e \u010capljinaca razmi\u0161lja i pokre\u0107e vlastiti biznis. Josipa \u010coko prije godinu dana pokrenula je vlastiti posao [&hellip;]\" \/>\n<meta property=\"og:url\" content=\"https:\/\/radioljubuski.ba\/index.php\/2022\/08\/01\/capljina-nastoji-mlade-zadrzati-brojnim-pogodnostima-video\/\" \/>\n<meta property=\"og:site_name\" content=\"RADIO LJUBU\u0160KI\" \/>\n<meta property=\"article:publisher\" content=\"https:\/\/www.facebook.com\/Radiio-Ljubuski-1490835324566332\" \/>\n<meta property=\"article:published_time\" content=\"2022-08-01T10:11:27+00:00\" \/>\n<meta property=\"og:image\" content=\"https:\/\/radioljubuski.ba\/wp-content\/uploads\/2022\/08\/10-2022-07-31-08-46-52-Snimka-zaslona-2022-07-31-084635.jpg\" \/>\n\t<meta property=\"og:image:width\" content=\"1000\" \/>\n\t<meta property=\"og:image:height\" content=\"625\" \/>\n\t<meta property=\"og:image:type\" content=\"image\/jpeg\" \/>\n<meta name=\"author\" content=\"Radio Ljubu\u0161ki\" \/>\n<meta name=\"twitter:card\" content=\"summary_large_image\" \/>\n<meta name=\"twitter:creator\" content=\"@radioljubuski\" \/>\n<meta name=\"twitter:site\" content=\"@radioljubuski\" \/>\n<meta name=\"twitter:label1\" content=\"Napisao\/la\" \/>\n\t<meta name=\"twitter:data1\" content=\"Radio Ljubu\u0161ki\" \/>\n\t<meta name=\"twitter:label2\" content=\"Procijenjeno vrijeme \u010ditanja\" \/>\n\t<meta name=\"twitter:data2\" content=\"2 minute\" \/>\n<script type=\"application\/ld+json\" class=\"yoast-schema-graph\">{\"@context\":\"https:\\\/\\\/schema.org\",\"@graph\":[{\"@type\":\"Article\",\"@id\":\"https:\\\/\\\/radioljubuski.ba\\\/index.php\\\/2022\\\/08\\\/01\\\/capljina-nastoji-mlade-zadrzati-brojnim-pogodnostima-video\\\/#article\",\"isPartOf\":{\"@id\":\"https:\\\/\\\/radioljubuski.ba\\\/index.php\\\/2022\\\/08\\\/01\\\/capljina-nastoji-mlade-zadrzati-brojnim-pogodnostima-video\\\/\"},\"author\":{\"name\":\"Radio Ljubu\u0161ki\",\"@id\":\"https:\\\/\\\/radioljubuski.ba\\\/#\\\/schema\\\/person\\\/19fc700381a780f69665d7956c469e3b\"},\"headline\":\"\u010capljina nastoji mlade zadr\u017eati brojnim pogodnostima &#8211; video\",\"datePublished\":\"2022-08-01T10:11:27+00:00\",\"mainEntityOfPage\":{\"@id\":\"https:\\\/\\\/radioljubuski.ba\\\/index.php\\\/2022\\\/08\\\/01\\\/capljina-nastoji-mlade-zadrzati-brojnim-pogodnostima-video\\\/\"},\"wordCount\":504,\"publisher\":{\"@id\":\"https:\\\/\\\/radioljubuski.ba\\\/#organization\"},\"image\":{\"@id\":\"https:\\\/\\\/radioljubuski.ba\\\/index.php\\\/2022\\\/08\\\/01\\\/capljina-nastoji-mlade-zadrzati-brojnim-pogodnostima-video\\\/#primaryimage\"},\"thumbnailUrl\":\"https:\\\/\\\/radioljubuski.ba\\\/wp-content\\\/uploads\\\/2022\\\/08\\\/10-2022-07-31-08-46-52-Snimka-zaslona-2022-07-31-084635.jpg\",\"articleSection\":[\"BIH i regija\"],\"inLanguage\":\"hr\"},{\"@type\":\"WebPage\",\"@id\":\"https:\\\/\\\/radioljubuski.ba\\\/index.php\\\/2022\\\/08\\\/01\\\/capljina-nastoji-mlade-zadrzati-brojnim-pogodnostima-video\\\/\",\"url\":\"https:\\\/\\\/radioljubuski.ba\\\/index.php\\\/2022\\\/08\\\/01\\\/capljina-nastoji-mlade-zadrzati-brojnim-pogodnostima-video\\\/\",\"name\":\"\u010capljina nastoji mlade zadr\u017eati brojnim pogodnostima - video - RADIO LJUBU\u0160KI\",\"isPartOf\":{\"@id\":\"https:\\\/\\\/radioljubuski.ba\\\/#website\"},\"primaryImageOfPage\":{\"@id\":\"https:\\\/\\\/radioljubuski.ba\\\/index.php\\\/2022\\\/08\\\/01\\\/capljina-nastoji-mlade-zadrzati-brojnim-pogodnostima-video\\\/#primaryimage\"},\"image\":{\"@id\":\"https:\\\/\\\/radioljubuski.ba\\\/index.php\\\/2022\\\/08\\\/01\\\/capljina-nastoji-mlade-zadrzati-brojnim-pogodnostima-video\\\/#primaryimage\"},\"thumbnailUrl\":\"https:\\\/\\\/radioljubuski.ba\\\/wp-content\\\/uploads\\\/2022\\\/08\\\/10-2022-07-31-08-46-52-Snimka-zaslona-2022-07-31-084635.jpg\",\"datePublished\":\"2022-08-01T10:11:27+00:00\",\"breadcrumb\":{\"@id\":\"https:\\\/\\\/radioljubuski.ba\\\/index.php\\\/2022\\\/08\\\/01\\\/capljina-nastoji-mlade-zadrzati-brojnim-pogodnostima-video\\\/#breadcrumb\"},\"inLanguage\":\"hr\",\"potentialAction\":[{\"@type\":\"ReadAction\",\"target\":[\"https:\\\/\\\/radioljubuski.ba\\\/index.php\\\/2022\\\/08\\\/01\\\/capljina-nastoji-mlade-zadrzati-brojnim-pogodnostima-video\\\/\"]}]},{\"@type\":\"ImageObject\",\"inLanguage\":\"hr\",\"@id\":\"https:\\\/\\\/radioljubuski.ba\\\/index.php\\\/2022\\\/08\\\/01\\\/capljina-nastoji-mlade-zadrzati-brojnim-pogodnostima-video\\\/#primaryimage\",\"url\":\"https:\\\/\\\/radioljubuski.ba\\\/wp-content\\\/uploads\\\/2022\\\/08\\\/10-2022-07-31-08-46-52-Snimka-zaslona-2022-07-31-084635.jpg\",\"contentUrl\":\"https:\\\/\\\/radioljubuski.ba\\\/wp-content\\\/uploads\\\/2022\\\/08\\\/10-2022-07-31-08-46-52-Snimka-zaslona-2022-07-31-084635.jpg\",\"width\":1000,\"height\":625},{\"@type\":\"BreadcrumbList\",\"@id\":\"https:\\\/\\\/radioljubuski.ba\\\/index.php\\\/2022\\\/08\\\/01\\\/capljina-nastoji-mlade-zadrzati-brojnim-pogodnostima-video\\\/#breadcrumb\",\"itemListElement\":[{\"@type\":\"ListItem\",\"position\":1,\"name\":\"Po\u010detna stranica\",\"item\":\"https:\\\/\\\/radioljubuski.ba\\\/\"},{\"@type\":\"ListItem\",\"position\":2,\"name\":\"\u010capljina nastoji mlade zadr\u017eati brojnim pogodnostima &#8211; video\"}]},{\"@type\":\"WebSite\",\"@id\":\"https:\\\/\\\/radioljubuski.ba\\\/#website\",\"url\":\"https:\\\/\\\/radioljubuski.ba\\\/\",\"name\":\"Radio Ljubu\u0161ki\",\"description\":\"Sun\u010dana frekvencija Hercegovine\",\"publisher\":{\"@id\":\"https:\\\/\\\/radioljubuski.ba\\\/#organization\"},\"potentialAction\":[{\"@type\":\"SearchAction\",\"target\":{\"@type\":\"EntryPoint\",\"urlTemplate\":\"https:\\\/\\\/radioljubuski.ba\\\/?s={search_term_string}\"},\"query-input\":{\"@type\":\"PropertyValueSpecification\",\"valueRequired\":true,\"valueName\":\"search_term_string\"}}],\"inLanguage\":\"hr\"},{\"@type\":\"Organization\",\"@id\":\"https:\\\/\\\/radioljubuski.ba\\\/#organization\",\"name\":\"Radio Ljubu\u0161ki\",\"url\":\"https:\\\/\\\/radioljubuski.ba\\\/\",\"logo\":{\"@type\":\"ImageObject\",\"inLanguage\":\"hr\",\"@id\":\"https:\\\/\\\/radioljubuski.ba\\\/#\\\/schema\\\/logo\\\/image\\\/\",\"url\":\"https:\\\/\\\/radioljubuski.ba\\\/wp-content\\\/uploads\\\/2021\\\/02\\\/cropped-Radio_Ljubuski_logo1.jpg\",\"contentUrl\":\"https:\\\/\\\/radioljubuski.ba\\\/wp-content\\\/uploads\\\/2021\\\/02\\\/cropped-Radio_Ljubuski_logo1.jpg\",\"width\":512,\"height\":512,\"caption\":\"Radio Ljubu\u0161ki\"},\"image\":{\"@id\":\"https:\\\/\\\/radioljubuski.ba\\\/#\\\/schema\\\/logo\\\/image\\\/\"},\"sameAs\":[\"https:\\\/\\\/www.facebook.com\\\/Radiio-Ljubuski-1490835324566332\",\"https:\\\/\\\/x.com\\\/radioljubuski\",\"https:\\\/\\\/hr.linkedin.com\\\/company\\\/radio-ljubuski\",\"https:\\\/\\\/www.youtube.com\\\/channel\\\/UCHYaeO_n0Db3tjNGudGpXyw\"]},{\"@type\":\"Person\",\"@id\":\"https:\\\/\\\/radioljubuski.ba\\\/#\\\/schema\\\/person\\\/19fc700381a780f69665d7956c469e3b\",\"name\":\"Radio Ljubu\u0161ki\"}]}<\/script>\n<!-- \/ Yoast SEO plugin. -->","yoast_head_json":{"title":"\u010capljina nastoji mlade zadr\u017eati brojnim pogodnostima - video - RADIO LJUBU\u0160KI","robots":{"index":"index","follow":"follow","max-snippet":"max-snippet:-1","max-image-preview":"max-image-preview:large","max-video-preview":"max-video-preview:-1"},"canonical":"https:\/\/radioljubuski.ba\/index.php\/2022\/08\/01\/capljina-nastoji-mlade-zadrzati-brojnim-pogodnostima-video\/","og_locale":"hr_HR","og_type":"article","og_title":"\u010capljina nastoji mlade zadr\u017eati brojnim pogodnostima - video - RADIO LJUBU\u0160KI","og_description":"Grad \u010capljina posljednih godina puno ula\u017ee u jednostavnije pokretanje malih biznisa, \u0161to je posebno va\u017eno za mlade ljude koji tek planiraju pokrenuti vlastiti posao. Manje birokratije, jeftinija registracija obrta za samo oko 50 KM, \u010dime se postiglo da sve vi\u0161e \u010capljinaca razmi\u0161lja i pokre\u0107e vlastiti biznis. Josipa \u010coko prije godinu dana pokrenula je vlastiti posao [&hellip;]","og_url":"https:\/\/radioljubuski.ba\/index.php\/2022\/08\/01\/capljina-nastoji-mlade-zadrzati-brojnim-pogodnostima-video\/","og_site_name":"RADIO LJUBU\u0160KI","article_publisher":"https:\/\/www.facebook.com\/Radiio-Ljubuski-1490835324566332","article_published_time":"2022-08-01T10:11:27+00:00","og_image":[{"width":1000,"height":625,"url":"https:\/\/radioljubuski.ba\/wp-content\/uploads\/2022\/08\/10-2022-07-31-08-46-52-Snimka-zaslona-2022-07-31-084635.jpg","type":"image\/jpeg"}],"author":"Radio Ljubu\u0161ki","twitter_card":"summary_large_image","twitter_creator":"@radioljubuski","twitter_site":"@radioljubuski","twitter_misc":{"Napisao\/la":"Radio Ljubu\u0161ki","Procijenjeno vrijeme \u010ditanja":"2 minute"},"schema":{"@context":"https:\/\/schema.org","@graph":[{"@type":"Article","@id":"https:\/\/radioljubuski.ba\/index.php\/2022\/08\/01\/capljina-nastoji-mlade-zadrzati-brojnim-pogodnostima-video\/#article","isPartOf":{"@id":"https:\/\/radioljubuski.ba\/index.php\/2022\/08\/01\/capljina-nastoji-mlade-zadrzati-brojnim-pogodnostima-video\/"},"author":{"name":"Radio Ljubu\u0161ki","@id":"https:\/\/radioljubuski.ba\/#\/schema\/person\/19fc700381a780f69665d7956c469e3b"},"headline":"\u010capljina nastoji mlade zadr\u017eati brojnim pogodnostima &#8211; video","datePublished":"2022-08-01T10:11:27+00:00","mainEntityOfPage":{"@id":"https:\/\/radioljubuski.ba\/index.php\/2022\/08\/01\/capljina-nastoji-mlade-zadrzati-brojnim-pogodnostima-video\/"},"wordCount":504,"publisher":{"@id":"https:\/\/radioljubuski.ba\/#organization"},"image":{"@id":"https:\/\/radioljubuski.ba\/index.php\/2022\/08\/01\/capljina-nastoji-mlade-zadrzati-brojnim-pogodnostima-video\/#primaryimage"},"thumbnailUrl":"https:\/\/radioljubuski.ba\/wp-content\/uploads\/2022\/08\/10-2022-07-31-08-46-52-Snimka-zaslona-2022-07-31-084635.jpg","articleSection":["BIH i regija"],"inLanguage":"hr"},{"@type":"WebPage","@id":"https:\/\/radioljubuski.ba\/index.php\/2022\/08\/01\/capljina-nastoji-mlade-zadrzati-brojnim-pogodnostima-video\/","url":"https:\/\/radioljubuski.ba\/index.php\/2022\/08\/01\/capljina-nastoji-mlade-zadrzati-brojnim-pogodnostima-video\/","name":"\u010capljina nastoji mlade zadr\u017eati brojnim pogodnostima - video - RADIO LJUBU\u0160KI","isPartOf":{"@id":"https:\/\/radioljubuski.ba\/#website"},"primaryImageOfPage":{"@id":"https:\/\/radioljubuski.ba\/index.php\/2022\/08\/01\/capljina-nastoji-mlade-zadrzati-brojnim-pogodnostima-video\/#primaryimage"},"image":{"@id":"https:\/\/radioljubuski.ba\/index.php\/2022\/08\/01\/capljina-nastoji-mlade-zadrzati-brojnim-pogodnostima-video\/#primaryimage"},"thumbnailUrl":"https:\/\/radioljubuski.ba\/wp-content\/uploads\/2022\/08\/10-2022-07-31-08-46-52-Snimka-zaslona-2022-07-31-084635.jpg","datePublished":"2022-08-01T10:11:27+00:00","breadcrumb":{"@id":"https:\/\/radioljubuski.ba\/index.php\/2022\/08\/01\/capljina-nastoji-mlade-zadrzati-brojnim-pogodnostima-video\/#breadcrumb"},"inLanguage":"hr","potentialAction":[{"@type":"ReadAction","target":["https:\/\/radioljubuski.ba\/index.php\/2022\/08\/01\/capljina-nastoji-mlade-zadrzati-brojnim-pogodnostima-video\/"]}]},{"@type":"ImageObject","inLanguage":"hr","@id":"https:\/\/radioljubuski.ba\/index.php\/2022\/08\/01\/capljina-nastoji-mlade-zadrzati-brojnim-pogodnostima-video\/#primaryimage","url":"https:\/\/radioljubuski.ba\/wp-content\/uploads\/2022\/08\/10-2022-07-31-08-46-52-Snimka-zaslona-2022-07-31-084635.jpg","contentUrl":"https:\/\/radioljubuski.ba\/wp-content\/uploads\/2022\/08\/10-2022-07-31-08-46-52-Snimka-zaslona-2022-07-31-084635.jpg","width":1000,"height":625},{"@type":"BreadcrumbList","@id":"https:\/\/radioljubuski.ba\/index.php\/2022\/08\/01\/capljina-nastoji-mlade-zadrzati-brojnim-pogodnostima-video\/#breadcrumb","itemListElement":[{"@type":"ListItem","position":1,"name":"Po\u010detna stranica","item":"https:\/\/radioljubuski.ba\/"},{"@type":"ListItem","position":2,"name":"\u010capljina nastoji mlade zadr\u017eati brojnim pogodnostima &#8211; video"}]},{"@type":"WebSite","@id":"https:\/\/radioljubuski.ba\/#website","url":"https:\/\/radioljubuski.ba\/","name":"Radio Ljubu\u0161ki","description":"Sun\u010dana frekvencija Hercegovine","publisher":{"@id":"https:\/\/radioljubuski.ba\/#organization"},"potentialAction":[{"@type":"SearchAction","target":{"@type":"EntryPoint","urlTemplate":"https:\/\/radioljubuski.ba\/?s={search_term_string}"},"query-input":{"@type":"PropertyValueSpecification","valueRequired":true,"valueName":"search_term_string"}}],"inLanguage":"hr"},{"@type":"Organization","@id":"https:\/\/radioljubuski.ba\/#organization","name":"Radio Ljubu\u0161ki","url":"https:\/\/radioljubuski.ba\/","logo":{"@type":"ImageObject","inLanguage":"hr","@id":"https:\/\/radioljubuski.ba\/#\/schema\/logo\/image\/","url":"https:\/\/radioljubuski.ba\/wp-content\/uploads\/2021\/02\/cropped-Radio_Ljubuski_logo1.jpg","contentUrl":"https:\/\/radioljubuski.ba\/wp-content\/uploads\/2021\/02\/cropped-Radio_Ljubuski_logo1.jpg","width":512,"height":512,"caption":"Radio Ljubu\u0161ki"},"image":{"@id":"https:\/\/radioljubuski.ba\/#\/schema\/logo\/image\/"},"sameAs":["https:\/\/www.facebook.com\/Radiio-Ljubuski-1490835324566332","https:\/\/x.com\/radioljubuski","https:\/\/hr.linkedin.com\/company\/radio-ljubuski","https:\/\/www.youtube.com\/channel\/UCHYaeO_n0Db3tjNGudGpXyw"]},{"@type":"Person","@id":"https:\/\/radioljubuski.ba\/#\/schema\/person\/19fc700381a780f69665d7956c469e3b","name":"Radio Ljubu\u0161ki"}]}},"_links":{"self":[{"href":"https:\/\/radioljubuski.ba\/index.php\/wp-json\/wp\/v2\/posts\/165273","targetHints":{"allow":["GET"]}}],"collection":[{"href":"https:\/\/radioljubuski.ba\/index.php\/wp-json\/wp\/v2\/posts"}],"about":[{"href":"https:\/\/radioljubuski.ba\/index.php\/wp-json\/wp\/v2\/types\/post"}],"author":[{"embeddable":true,"href":"https:\/\/radioljubuski.ba\/index.php\/wp-json\/wp\/v2\/users\/2"}],"replies":[{"embeddable":true,"href":"https:\/\/radioljubuski.ba\/index.php\/wp-json\/wp\/v2\/comments?post=165273"}],"version-history":[{"count":1,"href":"https:\/\/radioljubuski.ba\/index.php\/wp-json\/wp\/v2\/posts\/165273\/revisions"}],"predecessor-version":[{"id":165275,"href":"https:\/\/radioljubuski.ba\/index.php\/wp-json\/wp\/v2\/posts\/165273\/revisions\/165275"}],"wp:featuredmedia":[{"embeddable":true,"href":"https:\/\/radioljubuski.ba\/index.php\/wp-json\/wp\/v2\/media\/165274"}],"wp:attachment":[{"href":"https:\/\/radioljubuski.ba\/index.php\/wp-json\/wp\/v2\/media?parent=165273"}],"wp:term":[{"taxonomy":"category","embeddable":true,"href":"https:\/\/radioljubuski.ba\/index.php\/wp-json\/wp\/v2\/categories?post=165273"},{"taxonomy":"post_tag","embeddable":true,"href":"https:\/\/radioljubuski.ba\/index.php\/wp-json\/wp\/v2\/tags?post=165273"}],"curies":[{"name":"wp","href":"https:\/\/api.w.org\/{rel}","templated":true}]}}