{"id":165279,"date":"2022-08-01T11:13:47","date_gmt":"2022-08-01T10:13:47","guid":{"rendered":"https:\/\/radioljubuski.ba\/?p=165279"},"modified":"2022-08-01T11:13:48","modified_gmt":"2022-08-01T10:13:48","slug":"demografska-slika-sve-losija-u-mjesec-dana-348-vise-umrlih-nego-rodenih-sve-manje-novorodencadi","status":"publish","type":"post","link":"https:\/\/radioljubuski.ba\/index.php\/2022\/08\/01\/demografska-slika-sve-losija-u-mjesec-dana-348-vise-umrlih-nego-rodenih-sve-manje-novorodencadi\/","title":{"rendered":"Demografska slika sve lo\u0161ija, u mjesec dana 348 vi\u0161e umrlih nego ro\u0111enih, sve manje novoro\u0111en\u010dadi"},"content":{"rendered":"\n<p>Statistike iz godine u godinu bilje\u017ee sve manji broj novoro\u0111en\u010dadi u Federaciji BiH, \u0161to se mo\u017ee okarakterizirati kao jedna od niza posljedica uvijek aktualne politi\u010dke i ekonomske krize u BiH, pi\u0161e portal Ve\u010dernjeg lista BiH.<\/p>\n\n\n\n<p>Negativan prirodni prira\u0161taj<\/p>\n\n\n\n<p>Tomu najbolje svjedo\u010de podaci FZS-a prema \u010dijim je pokazateljima svaki mjesec tijekom godine dana, od svibnja pro\u0161le do svibnja ove godine, zabilje\u017eio negativan prirodni prira\u0161taj.<\/p>\n\n\n\n<p>Promatraju\u0107i podatke ove godine u pet mjeseci ni u jednoj \u017eupaniji nije zabilje\u017een ve\u0107i broj ro\u0111enih u odnosu na broj umrlih.<\/p>\n\n\n\n<p>U sije\u010dnju je ro\u0111eno 1074 djece manje, u velja\u010di -1478, o\u017eujku -945, travnju &#8211; 584 dok je u svibnju zabilje\u017eeno 348 manje novoro\u0111en\u010dadi.<\/p>\n\n\n\n<p>Analiziraju\u0107i statistiku iz svibnja, posljednjeg mjeseca koji je objavljen na stranicama Federalnog zavoda za statistiku, stoji kako je u tom mjesecu najvi\u0161e djece ro\u0111eno u Sarajevskoj \u017eupaniji &#8211; 313, to\u010dnije 154 dje\u010daka i 159 djevoj\u010dica.<\/p>\n\n\n\n<p>Tuzlanska \u017eupanija u svibnju je postala bogatija za 283 bebe, Zeni\u010dko-dobojska za 246, Srednjobosanska za 130, Unsko-sanska za 123, Hercegova\u010dko-neretvanska za 108, Zapadnohercegova\u010dka za 45, Hercegbosanska za 43, Posavskoj 13 te Bosansko-podrinjska za 12 dje\u010daka i djevoj\u010dica. I dok su neki slavili zbog pro\u0161irenja obitelji dolaskom novih \u010dlanova ipak je bilo vi\u0161e onih koji su se opra\u0161tali od svojih najmilijih.<\/p>\n\n\n\n<p>Prema podacima u svibnju na podru\u010dju Federacije BiH umrle su 1664 osobe, od toga 862 mu\u0161karca i 802 \u017eene, me\u0111u kojima je i 8 dojen\u010dadi. Statistike su zabilje\u017eile i broj umrlih od nasilne smrti &#8211; 32, od kojih je bilo 26 mu\u0161karaca i 6 \u017eena.<\/p>\n\n\n\n<p>Najvi\u0161e osoba nasilnom smr\u0107u izgubilo je \u017eivot u Zeni\u010dko-dobojskoj \u017eupaniji &#8211; 8. Kao i broj ro\u0111enih, Sarajevska \u017eupanija imala je i najve\u0107i broj umrlih &#8211; 347. Unsko-sanska \u017eupanija izgubila je 155 stanovnika, Posavska 34, Tuzlanska 338, Zeni\u010dko-dobojska 298, Bosansko-podrinjska 20, Srednjobosanska 169, Hercegova\u010dko-neretvanska 188, Zapadnohercegova\u010dka 46 te Hercegbosanska 69.<\/p>\n\n\n\n<p>Uz sve ve\u0107i broj umrlih u odnosu na broj ro\u0111enih pomalo zabrinjavaju\u0107i podatak je to \u0161to se mladi sve rje\u0111e odlu\u010duju na ulazak u bra\u010dnu zajednicu.<\/p>\n\n\n\n<p>Prema podatku iz svibnja koji su predstavili statisti\u010dari FZS-a, u tom mjesecu 928 mladih odlu\u010dilo se za sklapanje braka, a 122 njih odlu\u010dilo se za rastavu, donosi Ve\u010dernjak.<\/p>\n\n\n\n<p>Na podru\u010dju Sarajevske \u017eupanije 206 parova odlu\u010dilo je uploviti u bra\u010dnu luku, dok je njih 10 odlu\u010dilo na odvajanje od bra\u010dnog partnera, odnosno rastavu. U Tuzlanskoj \u017eupaniji tijekom jednog mjeseca sklopljeno je 186, a zabilje\u017eeno je i 50 rastava.<\/p>\n\n\n\n<p>Me\u0111u mladima koji \u017eive u Unsko-sanskoj \u017eupaniji 120 parova odlu\u010dilo se na sklapanje braka, Posavskoj \u017eupaniji 2, Zeni\u010dko-dobojskoj 161, Bosansko-podrinjskoj 14, Srednjobosanskoj 89, Hercegova\u010dko-neretvanskoj 85, Zapadnohercegova\u010dkoj 53 te 12 u Hercegbosanskoj \u017eupaniji.<\/p>\n\n\n\n<p>Lo\u0161a slika<\/p>\n\n\n\n<p>Promatraju\u0107i statistiku dr\u017eavne agencije, vidimo kako je u Bosni i Hercegovini tijekom pro\u0161le godine bilo \u010dak 22.633 umrlih vi\u0161e nego ro\u0111enih.<\/p>\n\n\n\n<p>Kako je prikazano, u cijeloj dr\u017eavi je tijekom 2021. godine ro\u0111eno 25.870 osoba dok je broj umrlih bio daleko ve\u0107i &#8211; 48.503.<\/p>\n\n\n\n<p>Promatraju\u0107i podatke Agencije za statistiku Bosne i Hercegovine vidimo kako je najvi\u0161e osoba umrlo u travnju, \u010dak 6051 osoba.<\/p>\n\n\n\n<p>U promatranoj su godini 17.274 osobe odlu\u010dile uploviti u bra\u010dnu luku, a 2103 osobe izi\u0161le su iz bra\u010dne zajednice.<\/p>\n\n\n\n<p>Na katastrofalnu demografsku sliku BiH konstantno upozoravaju navode\u0107i da \u0107e demografski kolaps sigurno biti neizbje\u017ean ako se postoje\u0107i trendovi nastave.<\/p>\n\n\n\n<p>Izvor:vecernji.ba<\/p>\n","protected":false},"excerpt":{"rendered":"<p>Statistike iz godine u godinu bilje\u017ee sve manji broj novoro\u0111en\u010dadi u Federaciji BiH, \u0161to se mo\u017ee okarakterizirati kao jedna od niza posljedica uvijek aktualne politi\u010dke i ekonomske krize u BiH, pi\u0161e portal Ve\u010dernjeg lista BiH. Negativan prirodni prira\u0161taj Tomu najbolje svjedo\u010de podaci FZS-a prema \u010dijim je pokazateljima svaki mjesec tijekom godine dana, od svibnja pro\u0161le [&hellip;]<\/p>\n","protected":false},"author":2,"featured_media":1494,"comment_status":"closed","ping_status":"closed","sticky":false,"template":"","format":"standard","meta":{"h5ap_radio_sources":[],"footnotes":""},"categories":[1],"tags":[],"class_list":["post-165279","post","type-post","status-publish","format-standard","has-post-thumbnail","hentry","category-bihiregija"],"yoast_head":"<!-- This site is optimized with the Yoast SEO plugin v27.4 - https:\/\/yoast.com\/product\/yoast-seo-wordpress\/ -->\n<title>Demografska slika sve lo\u0161ija, u mjesec dana 348 vi\u0161e umrlih nego ro\u0111enih, sve manje novoro\u0111en\u010dadi - RADIO LJUBU\u0160KI<\/title>\n<meta name=\"robots\" content=\"index, follow, max-snippet:-1, max-image-preview:large, max-video-preview:-1\" \/>\n<link rel=\"canonical\" href=\"https:\/\/radioljubuski.ba\/index.php\/2022\/08\/01\/demografska-slika-sve-losija-u-mjesec-dana-348-vise-umrlih-nego-rodenih-sve-manje-novorodencadi\/\" \/>\n<meta property=\"og:locale\" content=\"hr_HR\" \/>\n<meta property=\"og:type\" content=\"article\" \/>\n<meta property=\"og:title\" content=\"Demografska slika sve lo\u0161ija, u mjesec dana 348 vi\u0161e umrlih nego ro\u0111enih, sve manje novoro\u0111en\u010dadi - RADIO LJUBU\u0160KI\" \/>\n<meta property=\"og:description\" content=\"Statistike iz godine u godinu bilje\u017ee sve manji broj novoro\u0111en\u010dadi u Federaciji BiH, \u0161to se mo\u017ee okarakterizirati kao jedna od niza posljedica uvijek aktualne politi\u010dke i ekonomske krize u BiH, pi\u0161e portal Ve\u010dernjeg lista BiH. Negativan prirodni prira\u0161taj Tomu najbolje svjedo\u010de podaci FZS-a prema \u010dijim je pokazateljima svaki mjesec tijekom godine dana, od svibnja pro\u0161le [&hellip;]\" \/>\n<meta property=\"og:url\" content=\"https:\/\/radioljubuski.ba\/index.php\/2022\/08\/01\/demografska-slika-sve-losija-u-mjesec-dana-348-vise-umrlih-nego-rodenih-sve-manje-novorodencadi\/\" \/>\n<meta property=\"og:site_name\" content=\"RADIO LJUBU\u0160KI\" \/>\n<meta property=\"article:publisher\" content=\"https:\/\/www.facebook.com\/Radiio-Ljubuski-1490835324566332\" \/>\n<meta property=\"article:published_time\" content=\"2022-08-01T10:13:47+00:00\" \/>\n<meta property=\"article:modified_time\" content=\"2022-08-01T10:13:48+00:00\" \/>\n<meta property=\"og:image\" content=\"https:\/\/radioljubuski.ba\/wp-content\/uploads\/2021\/03\/bebe.jpg\" \/>\n\t<meta property=\"og:image:width\" content=\"800\" \/>\n\t<meta property=\"og:image:height\" content=\"550\" \/>\n\t<meta property=\"og:image:type\" content=\"image\/jpeg\" \/>\n<meta name=\"author\" content=\"Radio Ljubu\u0161ki\" \/>\n<meta name=\"twitter:card\" content=\"summary_large_image\" \/>\n<meta name=\"twitter:creator\" content=\"@radioljubuski\" \/>\n<meta name=\"twitter:site\" content=\"@radioljubuski\" \/>\n<meta name=\"twitter:label1\" content=\"Napisao\/la\" \/>\n\t<meta name=\"twitter:data1\" content=\"Radio Ljubu\u0161ki\" \/>\n\t<meta name=\"twitter:label2\" content=\"Procijenjeno vrijeme \u010ditanja\" \/>\n\t<meta name=\"twitter:data2\" content=\"3 minute\" \/>\n<script type=\"application\/ld+json\" class=\"yoast-schema-graph\">{\"@context\":\"https:\\\/\\\/schema.org\",\"@graph\":[{\"@type\":\"Article\",\"@id\":\"https:\\\/\\\/radioljubuski.ba\\\/index.php\\\/2022\\\/08\\\/01\\\/demografska-slika-sve-losija-u-mjesec-dana-348-vise-umrlih-nego-rodenih-sve-manje-novorodencadi\\\/#article\",\"isPartOf\":{\"@id\":\"https:\\\/\\\/radioljubuski.ba\\\/index.php\\\/2022\\\/08\\\/01\\\/demografska-slika-sve-losija-u-mjesec-dana-348-vise-umrlih-nego-rodenih-sve-manje-novorodencadi\\\/\"},\"author\":{\"name\":\"Radio Ljubu\u0161ki\",\"@id\":\"https:\\\/\\\/radioljubuski.ba\\\/#\\\/schema\\\/person\\\/19fc700381a780f69665d7956c469e3b\"},\"headline\":\"Demografska slika sve lo\u0161ija, u mjesec dana 348 vi\u0161e umrlih nego ro\u0111enih, sve manje novoro\u0111en\u010dadi\",\"datePublished\":\"2022-08-01T10:13:47+00:00\",\"dateModified\":\"2022-08-01T10:13:48+00:00\",\"mainEntityOfPage\":{\"@id\":\"https:\\\/\\\/radioljubuski.ba\\\/index.php\\\/2022\\\/08\\\/01\\\/demografska-slika-sve-losija-u-mjesec-dana-348-vise-umrlih-nego-rodenih-sve-manje-novorodencadi\\\/\"},\"wordCount\":582,\"publisher\":{\"@id\":\"https:\\\/\\\/radioljubuski.ba\\\/#organization\"},\"image\":{\"@id\":\"https:\\\/\\\/radioljubuski.ba\\\/index.php\\\/2022\\\/08\\\/01\\\/demografska-slika-sve-losija-u-mjesec-dana-348-vise-umrlih-nego-rodenih-sve-manje-novorodencadi\\\/#primaryimage\"},\"thumbnailUrl\":\"https:\\\/\\\/radioljubuski.ba\\\/wp-content\\\/uploads\\\/2021\\\/03\\\/bebe.jpg\",\"articleSection\":[\"BIH i regija\"],\"inLanguage\":\"hr\"},{\"@type\":\"WebPage\",\"@id\":\"https:\\\/\\\/radioljubuski.ba\\\/index.php\\\/2022\\\/08\\\/01\\\/demografska-slika-sve-losija-u-mjesec-dana-348-vise-umrlih-nego-rodenih-sve-manje-novorodencadi\\\/\",\"url\":\"https:\\\/\\\/radioljubuski.ba\\\/index.php\\\/2022\\\/08\\\/01\\\/demografska-slika-sve-losija-u-mjesec-dana-348-vise-umrlih-nego-rodenih-sve-manje-novorodencadi\\\/\",\"name\":\"Demografska slika sve lo\u0161ija, u mjesec dana 348 vi\u0161e umrlih nego ro\u0111enih, sve manje novoro\u0111en\u010dadi - RADIO LJUBU\u0160KI\",\"isPartOf\":{\"@id\":\"https:\\\/\\\/radioljubuski.ba\\\/#website\"},\"primaryImageOfPage\":{\"@id\":\"https:\\\/\\\/radioljubuski.ba\\\/index.php\\\/2022\\\/08\\\/01\\\/demografska-slika-sve-losija-u-mjesec-dana-348-vise-umrlih-nego-rodenih-sve-manje-novorodencadi\\\/#primaryimage\"},\"image\":{\"@id\":\"https:\\\/\\\/radioljubuski.ba\\\/index.php\\\/2022\\\/08\\\/01\\\/demografska-slika-sve-losija-u-mjesec-dana-348-vise-umrlih-nego-rodenih-sve-manje-novorodencadi\\\/#primaryimage\"},\"thumbnailUrl\":\"https:\\\/\\\/radioljubuski.ba\\\/wp-content\\\/uploads\\\/2021\\\/03\\\/bebe.jpg\",\"datePublished\":\"2022-08-01T10:13:47+00:00\",\"dateModified\":\"2022-08-01T10:13:48+00:00\",\"breadcrumb\":{\"@id\":\"https:\\\/\\\/radioljubuski.ba\\\/index.php\\\/2022\\\/08\\\/01\\\/demografska-slika-sve-losija-u-mjesec-dana-348-vise-umrlih-nego-rodenih-sve-manje-novorodencadi\\\/#breadcrumb\"},\"inLanguage\":\"hr\",\"potentialAction\":[{\"@type\":\"ReadAction\",\"target\":[\"https:\\\/\\\/radioljubuski.ba\\\/index.php\\\/2022\\\/08\\\/01\\\/demografska-slika-sve-losija-u-mjesec-dana-348-vise-umrlih-nego-rodenih-sve-manje-novorodencadi\\\/\"]}]},{\"@type\":\"ImageObject\",\"inLanguage\":\"hr\",\"@id\":\"https:\\\/\\\/radioljubuski.ba\\\/index.php\\\/2022\\\/08\\\/01\\\/demografska-slika-sve-losija-u-mjesec-dana-348-vise-umrlih-nego-rodenih-sve-manje-novorodencadi\\\/#primaryimage\",\"url\":\"https:\\\/\\\/radioljubuski.ba\\\/wp-content\\\/uploads\\\/2021\\\/03\\\/bebe.jpg\",\"contentUrl\":\"https:\\\/\\\/radioljubuski.ba\\\/wp-content\\\/uploads\\\/2021\\\/03\\\/bebe.jpg\",\"width\":800,\"height\":550},{\"@type\":\"BreadcrumbList\",\"@id\":\"https:\\\/\\\/radioljubuski.ba\\\/index.php\\\/2022\\\/08\\\/01\\\/demografska-slika-sve-losija-u-mjesec-dana-348-vise-umrlih-nego-rodenih-sve-manje-novorodencadi\\\/#breadcrumb\",\"itemListElement\":[{\"@type\":\"ListItem\",\"position\":1,\"name\":\"Po\u010detna stranica\",\"item\":\"https:\\\/\\\/radioljubuski.ba\\\/\"},{\"@type\":\"ListItem\",\"position\":2,\"name\":\"Demografska slika sve lo\u0161ija, u mjesec dana 348 vi\u0161e umrlih nego ro\u0111enih, sve manje novoro\u0111en\u010dadi\"}]},{\"@type\":\"WebSite\",\"@id\":\"https:\\\/\\\/radioljubuski.ba\\\/#website\",\"url\":\"https:\\\/\\\/radioljubuski.ba\\\/\",\"name\":\"Radio Ljubu\u0161ki\",\"description\":\"Sun\u010dana frekvencija Hercegovine\",\"publisher\":{\"@id\":\"https:\\\/\\\/radioljubuski.ba\\\/#organization\"},\"potentialAction\":[{\"@type\":\"SearchAction\",\"target\":{\"@type\":\"EntryPoint\",\"urlTemplate\":\"https:\\\/\\\/radioljubuski.ba\\\/?s={search_term_string}\"},\"query-input\":{\"@type\":\"PropertyValueSpecification\",\"valueRequired\":true,\"valueName\":\"search_term_string\"}}],\"inLanguage\":\"hr\"},{\"@type\":\"Organization\",\"@id\":\"https:\\\/\\\/radioljubuski.ba\\\/#organization\",\"name\":\"Radio Ljubu\u0161ki\",\"url\":\"https:\\\/\\\/radioljubuski.ba\\\/\",\"logo\":{\"@type\":\"ImageObject\",\"inLanguage\":\"hr\",\"@id\":\"https:\\\/\\\/radioljubuski.ba\\\/#\\\/schema\\\/logo\\\/image\\\/\",\"url\":\"https:\\\/\\\/radioljubuski.ba\\\/wp-content\\\/uploads\\\/2021\\\/02\\\/cropped-Radio_Ljubuski_logo1.jpg\",\"contentUrl\":\"https:\\\/\\\/radioljubuski.ba\\\/wp-content\\\/uploads\\\/2021\\\/02\\\/cropped-Radio_Ljubuski_logo1.jpg\",\"width\":512,\"height\":512,\"caption\":\"Radio Ljubu\u0161ki\"},\"image\":{\"@id\":\"https:\\\/\\\/radioljubuski.ba\\\/#\\\/schema\\\/logo\\\/image\\\/\"},\"sameAs\":[\"https:\\\/\\\/www.facebook.com\\\/Radiio-Ljubuski-1490835324566332\",\"https:\\\/\\\/x.com\\\/radioljubuski\",\"https:\\\/\\\/hr.linkedin.com\\\/company\\\/radio-ljubuski\",\"https:\\\/\\\/www.youtube.com\\\/channel\\\/UCHYaeO_n0Db3tjNGudGpXyw\"]},{\"@type\":\"Person\",\"@id\":\"https:\\\/\\\/radioljubuski.ba\\\/#\\\/schema\\\/person\\\/19fc700381a780f69665d7956c469e3b\",\"name\":\"Radio Ljubu\u0161ki\"}]}<\/script>\n<!-- \/ Yoast SEO plugin. -->","yoast_head_json":{"title":"Demografska slika sve lo\u0161ija, u mjesec dana 348 vi\u0161e umrlih nego ro\u0111enih, sve manje novoro\u0111en\u010dadi - RADIO LJUBU\u0160KI","robots":{"index":"index","follow":"follow","max-snippet":"max-snippet:-1","max-image-preview":"max-image-preview:large","max-video-preview":"max-video-preview:-1"},"canonical":"https:\/\/radioljubuski.ba\/index.php\/2022\/08\/01\/demografska-slika-sve-losija-u-mjesec-dana-348-vise-umrlih-nego-rodenih-sve-manje-novorodencadi\/","og_locale":"hr_HR","og_type":"article","og_title":"Demografska slika sve lo\u0161ija, u mjesec dana 348 vi\u0161e umrlih nego ro\u0111enih, sve manje novoro\u0111en\u010dadi - RADIO LJUBU\u0160KI","og_description":"Statistike iz godine u godinu bilje\u017ee sve manji broj novoro\u0111en\u010dadi u Federaciji BiH, \u0161to se mo\u017ee okarakterizirati kao jedna od niza posljedica uvijek aktualne politi\u010dke i ekonomske krize u BiH, pi\u0161e portal Ve\u010dernjeg lista BiH. Negativan prirodni prira\u0161taj Tomu najbolje svjedo\u010de podaci FZS-a prema \u010dijim je pokazateljima svaki mjesec tijekom godine dana, od svibnja pro\u0161le [&hellip;]","og_url":"https:\/\/radioljubuski.ba\/index.php\/2022\/08\/01\/demografska-slika-sve-losija-u-mjesec-dana-348-vise-umrlih-nego-rodenih-sve-manje-novorodencadi\/","og_site_name":"RADIO LJUBU\u0160KI","article_publisher":"https:\/\/www.facebook.com\/Radiio-Ljubuski-1490835324566332","article_published_time":"2022-08-01T10:13:47+00:00","article_modified_time":"2022-08-01T10:13:48+00:00","og_image":[{"width":800,"height":550,"url":"https:\/\/radioljubuski.ba\/wp-content\/uploads\/2021\/03\/bebe.jpg","type":"image\/jpeg"}],"author":"Radio Ljubu\u0161ki","twitter_card":"summary_large_image","twitter_creator":"@radioljubuski","twitter_site":"@radioljubuski","twitter_misc":{"Napisao\/la":"Radio Ljubu\u0161ki","Procijenjeno vrijeme \u010ditanja":"3 minute"},"schema":{"@context":"https:\/\/schema.org","@graph":[{"@type":"Article","@id":"https:\/\/radioljubuski.ba\/index.php\/2022\/08\/01\/demografska-slika-sve-losija-u-mjesec-dana-348-vise-umrlih-nego-rodenih-sve-manje-novorodencadi\/#article","isPartOf":{"@id":"https:\/\/radioljubuski.ba\/index.php\/2022\/08\/01\/demografska-slika-sve-losija-u-mjesec-dana-348-vise-umrlih-nego-rodenih-sve-manje-novorodencadi\/"},"author":{"name":"Radio Ljubu\u0161ki","@id":"https:\/\/radioljubuski.ba\/#\/schema\/person\/19fc700381a780f69665d7956c469e3b"},"headline":"Demografska slika sve lo\u0161ija, u mjesec dana 348 vi\u0161e umrlih nego ro\u0111enih, sve manje novoro\u0111en\u010dadi","datePublished":"2022-08-01T10:13:47+00:00","dateModified":"2022-08-01T10:13:48+00:00","mainEntityOfPage":{"@id":"https:\/\/radioljubuski.ba\/index.php\/2022\/08\/01\/demografska-slika-sve-losija-u-mjesec-dana-348-vise-umrlih-nego-rodenih-sve-manje-novorodencadi\/"},"wordCount":582,"publisher":{"@id":"https:\/\/radioljubuski.ba\/#organization"},"image":{"@id":"https:\/\/radioljubuski.ba\/index.php\/2022\/08\/01\/demografska-slika-sve-losija-u-mjesec-dana-348-vise-umrlih-nego-rodenih-sve-manje-novorodencadi\/#primaryimage"},"thumbnailUrl":"https:\/\/radioljubuski.ba\/wp-content\/uploads\/2021\/03\/bebe.jpg","articleSection":["BIH i regija"],"inLanguage":"hr"},{"@type":"WebPage","@id":"https:\/\/radioljubuski.ba\/index.php\/2022\/08\/01\/demografska-slika-sve-losija-u-mjesec-dana-348-vise-umrlih-nego-rodenih-sve-manje-novorodencadi\/","url":"https:\/\/radioljubuski.ba\/index.php\/2022\/08\/01\/demografska-slika-sve-losija-u-mjesec-dana-348-vise-umrlih-nego-rodenih-sve-manje-novorodencadi\/","name":"Demografska slika sve lo\u0161ija, u mjesec dana 348 vi\u0161e umrlih nego ro\u0111enih, sve manje novoro\u0111en\u010dadi - RADIO LJUBU\u0160KI","isPartOf":{"@id":"https:\/\/radioljubuski.ba\/#website"},"primaryImageOfPage":{"@id":"https:\/\/radioljubuski.ba\/index.php\/2022\/08\/01\/demografska-slika-sve-losija-u-mjesec-dana-348-vise-umrlih-nego-rodenih-sve-manje-novorodencadi\/#primaryimage"},"image":{"@id":"https:\/\/radioljubuski.ba\/index.php\/2022\/08\/01\/demografska-slika-sve-losija-u-mjesec-dana-348-vise-umrlih-nego-rodenih-sve-manje-novorodencadi\/#primaryimage"},"thumbnailUrl":"https:\/\/radioljubuski.ba\/wp-content\/uploads\/2021\/03\/bebe.jpg","datePublished":"2022-08-01T10:13:47+00:00","dateModified":"2022-08-01T10:13:48+00:00","breadcrumb":{"@id":"https:\/\/radioljubuski.ba\/index.php\/2022\/08\/01\/demografska-slika-sve-losija-u-mjesec-dana-348-vise-umrlih-nego-rodenih-sve-manje-novorodencadi\/#breadcrumb"},"inLanguage":"hr","potentialAction":[{"@type":"ReadAction","target":["https:\/\/radioljubuski.ba\/index.php\/2022\/08\/01\/demografska-slika-sve-losija-u-mjesec-dana-348-vise-umrlih-nego-rodenih-sve-manje-novorodencadi\/"]}]},{"@type":"ImageObject","inLanguage":"hr","@id":"https:\/\/radioljubuski.ba\/index.php\/2022\/08\/01\/demografska-slika-sve-losija-u-mjesec-dana-348-vise-umrlih-nego-rodenih-sve-manje-novorodencadi\/#primaryimage","url":"https:\/\/radioljubuski.ba\/wp-content\/uploads\/2021\/03\/bebe.jpg","contentUrl":"https:\/\/radioljubuski.ba\/wp-content\/uploads\/2021\/03\/bebe.jpg","width":800,"height":550},{"@type":"BreadcrumbList","@id":"https:\/\/radioljubuski.ba\/index.php\/2022\/08\/01\/demografska-slika-sve-losija-u-mjesec-dana-348-vise-umrlih-nego-rodenih-sve-manje-novorodencadi\/#breadcrumb","itemListElement":[{"@type":"ListItem","position":1,"name":"Po\u010detna stranica","item":"https:\/\/radioljubuski.ba\/"},{"@type":"ListItem","position":2,"name":"Demografska slika sve lo\u0161ija, u mjesec dana 348 vi\u0161e umrlih nego ro\u0111enih, sve manje novoro\u0111en\u010dadi"}]},{"@type":"WebSite","@id":"https:\/\/radioljubuski.ba\/#website","url":"https:\/\/radioljubuski.ba\/","name":"Radio Ljubu\u0161ki","description":"Sun\u010dana frekvencija Hercegovine","publisher":{"@id":"https:\/\/radioljubuski.ba\/#organization"},"potentialAction":[{"@type":"SearchAction","target":{"@type":"EntryPoint","urlTemplate":"https:\/\/radioljubuski.ba\/?s={search_term_string}"},"query-input":{"@type":"PropertyValueSpecification","valueRequired":true,"valueName":"search_term_string"}}],"inLanguage":"hr"},{"@type":"Organization","@id":"https:\/\/radioljubuski.ba\/#organization","name":"Radio Ljubu\u0161ki","url":"https:\/\/radioljubuski.ba\/","logo":{"@type":"ImageObject","inLanguage":"hr","@id":"https:\/\/radioljubuski.ba\/#\/schema\/logo\/image\/","url":"https:\/\/radioljubuski.ba\/wp-content\/uploads\/2021\/02\/cropped-Radio_Ljubuski_logo1.jpg","contentUrl":"https:\/\/radioljubuski.ba\/wp-content\/uploads\/2021\/02\/cropped-Radio_Ljubuski_logo1.jpg","width":512,"height":512,"caption":"Radio Ljubu\u0161ki"},"image":{"@id":"https:\/\/radioljubuski.ba\/#\/schema\/logo\/image\/"},"sameAs":["https:\/\/www.facebook.com\/Radiio-Ljubuski-1490835324566332","https:\/\/x.com\/radioljubuski","https:\/\/hr.linkedin.com\/company\/radio-ljubuski","https:\/\/www.youtube.com\/channel\/UCHYaeO_n0Db3tjNGudGpXyw"]},{"@type":"Person","@id":"https:\/\/radioljubuski.ba\/#\/schema\/person\/19fc700381a780f69665d7956c469e3b","name":"Radio Ljubu\u0161ki"}]}},"_links":{"self":[{"href":"https:\/\/radioljubuski.ba\/index.php\/wp-json\/wp\/v2\/posts\/165279","targetHints":{"allow":["GET"]}}],"collection":[{"href":"https:\/\/radioljubuski.ba\/index.php\/wp-json\/wp\/v2\/posts"}],"about":[{"href":"https:\/\/radioljubuski.ba\/index.php\/wp-json\/wp\/v2\/types\/post"}],"author":[{"embeddable":true,"href":"https:\/\/radioljubuski.ba\/index.php\/wp-json\/wp\/v2\/users\/2"}],"replies":[{"embeddable":true,"href":"https:\/\/radioljubuski.ba\/index.php\/wp-json\/wp\/v2\/comments?post=165279"}],"version-history":[{"count":1,"href":"https:\/\/radioljubuski.ba\/index.php\/wp-json\/wp\/v2\/posts\/165279\/revisions"}],"predecessor-version":[{"id":165280,"href":"https:\/\/radioljubuski.ba\/index.php\/wp-json\/wp\/v2\/posts\/165279\/revisions\/165280"}],"wp:featuredmedia":[{"embeddable":true,"href":"https:\/\/radioljubuski.ba\/index.php\/wp-json\/wp\/v2\/media\/1494"}],"wp:attachment":[{"href":"https:\/\/radioljubuski.ba\/index.php\/wp-json\/wp\/v2\/media?parent=165279"}],"wp:term":[{"taxonomy":"category","embeddable":true,"href":"https:\/\/radioljubuski.ba\/index.php\/wp-json\/wp\/v2\/categories?post=165279"},{"taxonomy":"post_tag","embeddable":true,"href":"https:\/\/radioljubuski.ba\/index.php\/wp-json\/wp\/v2\/tags?post=165279"}],"curies":[{"name":"wp","href":"https:\/\/api.w.org\/{rel}","templated":true}]}}