{"id":16528,"date":"2021-04-26T18:28:06","date_gmt":"2021-04-26T17:28:06","guid":{"rendered":"https:\/\/radioljubuski.ba\/?p=16528"},"modified":"2021-04-26T18:28:07","modified_gmt":"2021-04-26T17:28:07","slug":"hrvatska-za-ubijanje-vuka-ide-se-u-zatvor","status":"publish","type":"post","link":"https:\/\/radioljubuski.ba\/index.php\/2021\/04\/26\/hrvatska-za-ubijanje-vuka-ide-se-u-zatvor\/","title":{"rendered":"Hrvatska: Za ubijanje vuka ide se u zatvor"},"content":{"rendered":"\n<p><strong>Ministarstvo gospodarstva i odr\u017eivog razvoja osudilo je \u010din usmr\u0107ivanja vuka u Gra\u010dacu. Rije\u010d je o kaznenom djelu prema odredbama Kaznenog zakona za \u010dije procesuiranje su nadle\u017eni DORH i MUP. Prema saznanjima kojima raspola\u017ee Ministarstvo, u tijeku je odgovaraju\u0107e postupanje.<\/strong><\/p>\n\n\n\n<p>&#8220;Isti\u010demo kako je vuk strogo za\u0161ti\u0107ena vrsta prema Zakonu o za\u0161titi prirode. Namjerno ubijanje jedinke strogo za\u0161ti\u0107ene vrste zabranjeno je, a naknada za ubijanje jedinke strogo za\u0161ti\u0107ene vrste iznosi 40.000 kuna uz kaznenu odgovornost. Kazneni zakon propisuje kaznu zatvora do tri godine za onoga tko protivno propisima usmrti jedinku strogo za\u0161ti\u0107ene vrste&#8221;, navodi se u priop\u0107enju Ministarstva.<\/p>\n\n\n\n<p>Ovakvo nekontrolirano ubijanje vukova mo\u017ee donijeti zna\u010dajne \u0161tete u ekosustavu jer potencijalno dovodi do promjena u \u010doporu koje mogu rezultirati i raspadom \u010dopora te odvajanjem jedinki u smjeru novih prostora i nepredvidivog pona\u0161anja vuka u samostalnom pronala\u017eenju plijena. Vuk kao vr\u0161ni predator doprinosi balansu u ekosustavu, pogotovo kod regulacije divlja\u010di u ekspanziji (npr. divlje svinje, \u010dagljevi), isti\u010de se u objavi.<\/p>\n\n\n\n<p>Ministarstvo o\u0161te\u0107enicima osigurava isplatu \u0161teta od napada vuka koje se na godi\u0161njoj razini kre\u0107u oko 1,75 milijuna kuna. Na temelju prijava \u0161teta i isplata nije zapa\u017eeno pove\u0107anje broja napada vuka. Prema odredbama Zakona o za\u0161titi prirode i EU Direktive o stani\u0161tima, odstrel vuka mo\u017ee se dopustiti iznimno, u interesu javnog zdravlja i sigurnosti ljudi (interventni odstrel). Tako\u0111er, mogu\u0107e je dopustiti odstrel radi sprje\u010davanja ozbiljne \u0161tete na imovini, uklju\u010duju\u0107i \u0161tete na stoci, ali samo ako za to ne postoje druge pogodne mogu\u0107nosti i ako to ne\u0107e \u0161tetiti stanju o\u010duvanja populacije.<\/p>\n\n\n\n<p>&#8220;Ovim putem apeliramo na sto\u010dare da poduzmu dodatne mjere \u010duvanja doma\u0107ih \u017eivotinja od velikih zvijeri, odnosno ako nemaju adekvatne ograde na \u0161tali i oboru, da ih povise, oja\u010daju te ukopaju, kako bi onemogu\u0107ili ulazak vuka i sprije\u010dili \u0161tete&#8221;, navodi Ministarstvo gospodarstva i odr\u017eivog razvoja.<\/p>\n\n\n\n<p>Izvor:hrt.hr<\/p>\n","protected":false},"excerpt":{"rendered":"<p>Ministarstvo gospodarstva i odr\u017eivog razvoja osudilo je \u010din usmr\u0107ivanja vuka u Gra\u010dacu. Rije\u010d je o kaznenom djelu prema odredbama Kaznenog zakona za \u010dije procesuiranje su nadle\u017eni DORH i MUP. Prema saznanjima kojima raspola\u017ee Ministarstvo, u tijeku je odgovaraju\u0107e postupanje. &#8220;Isti\u010demo kako je vuk strogo za\u0161ti\u0107ena vrsta prema Zakonu o za\u0161titi prirode. Namjerno ubijanje jedinke strogo [&hellip;]<\/p>\n","protected":false},"author":2,"featured_media":16529,"comment_status":"closed","ping_status":"closed","sticky":false,"template":"","format":"standard","meta":{"h5ap_radio_sources":[],"footnotes":""},"categories":[1],"tags":[],"class_list":["post-16528","post","type-post","status-publish","format-standard","has-post-thumbnail","hentry","category-bihiregija"],"yoast_head":"<!-- This site is optimized with the Yoast SEO plugin v27.4 - https:\/\/yoast.com\/product\/yoast-seo-wordpress\/ -->\n<title>Hrvatska: Za ubijanje vuka ide se u zatvor - RADIO LJUBU\u0160KI<\/title>\n<meta name=\"robots\" content=\"index, follow, max-snippet:-1, max-image-preview:large, max-video-preview:-1\" \/>\n<link rel=\"canonical\" href=\"https:\/\/radioljubuski.ba\/index.php\/2021\/04\/26\/hrvatska-za-ubijanje-vuka-ide-se-u-zatvor\/\" \/>\n<meta property=\"og:locale\" content=\"hr_HR\" \/>\n<meta property=\"og:type\" content=\"article\" \/>\n<meta property=\"og:title\" content=\"Hrvatska: Za ubijanje vuka ide se u zatvor - RADIO LJUBU\u0160KI\" \/>\n<meta property=\"og:description\" content=\"Ministarstvo gospodarstva i odr\u017eivog razvoja osudilo je \u010din usmr\u0107ivanja vuka u Gra\u010dacu. Rije\u010d je o kaznenom djelu prema odredbama Kaznenog zakona za \u010dije procesuiranje su nadle\u017eni DORH i MUP. Prema saznanjima kojima raspola\u017ee Ministarstvo, u tijeku je odgovaraju\u0107e postupanje. &#8220;Isti\u010demo kako je vuk strogo za\u0161ti\u0107ena vrsta prema Zakonu o za\u0161titi prirode. Namjerno ubijanje jedinke strogo [&hellip;]\" \/>\n<meta property=\"og:url\" content=\"https:\/\/radioljubuski.ba\/index.php\/2021\/04\/26\/hrvatska-za-ubijanje-vuka-ide-se-u-zatvor\/\" \/>\n<meta property=\"og:site_name\" content=\"RADIO LJUBU\u0160KI\" \/>\n<meta property=\"article:publisher\" content=\"https:\/\/www.facebook.com\/Radiio-Ljubuski-1490835324566332\" \/>\n<meta property=\"article:published_time\" content=\"2021-04-26T17:28:06+00:00\" \/>\n<meta property=\"article:modified_time\" content=\"2021-04-26T17:28:07+00:00\" \/>\n<meta property=\"og:image\" content=\"https:\/\/radioljubuski.ba\/wp-content\/uploads\/2021\/04\/preuzmi-17.jpg\" \/>\n\t<meta property=\"og:image:width\" content=\"275\" \/>\n\t<meta property=\"og:image:height\" content=\"183\" \/>\n\t<meta property=\"og:image:type\" content=\"image\/jpeg\" \/>\n<meta name=\"author\" content=\"Radio Ljubu\u0161ki\" \/>\n<meta name=\"twitter:card\" content=\"summary_large_image\" \/>\n<meta name=\"twitter:creator\" content=\"@radioljubuski\" \/>\n<meta name=\"twitter:site\" content=\"@radioljubuski\" \/>\n<meta name=\"twitter:label1\" content=\"Napisao\/la\" \/>\n\t<meta name=\"twitter:data1\" content=\"Radio Ljubu\u0161ki\" \/>\n\t<meta name=\"twitter:label2\" content=\"Procijenjeno vrijeme \u010ditanja\" \/>\n\t<meta name=\"twitter:data2\" content=\"2 minute\" \/>\n<script type=\"application\/ld+json\" class=\"yoast-schema-graph\">{\"@context\":\"https:\\\/\\\/schema.org\",\"@graph\":[{\"@type\":\"Article\",\"@id\":\"https:\\\/\\\/radioljubuski.ba\\\/index.php\\\/2021\\\/04\\\/26\\\/hrvatska-za-ubijanje-vuka-ide-se-u-zatvor\\\/#article\",\"isPartOf\":{\"@id\":\"https:\\\/\\\/radioljubuski.ba\\\/index.php\\\/2021\\\/04\\\/26\\\/hrvatska-za-ubijanje-vuka-ide-se-u-zatvor\\\/\"},\"author\":{\"name\":\"Radio Ljubu\u0161ki\",\"@id\":\"https:\\\/\\\/radioljubuski.ba\\\/#\\\/schema\\\/person\\\/19fc700381a780f69665d7956c469e3b\"},\"headline\":\"Hrvatska: Za ubijanje vuka ide se u zatvor\",\"datePublished\":\"2021-04-26T17:28:06+00:00\",\"dateModified\":\"2021-04-26T17:28:07+00:00\",\"mainEntityOfPage\":{\"@id\":\"https:\\\/\\\/radioljubuski.ba\\\/index.php\\\/2021\\\/04\\\/26\\\/hrvatska-za-ubijanje-vuka-ide-se-u-zatvor\\\/\"},\"wordCount\":345,\"publisher\":{\"@id\":\"https:\\\/\\\/radioljubuski.ba\\\/#organization\"},\"image\":{\"@id\":\"https:\\\/\\\/radioljubuski.ba\\\/index.php\\\/2021\\\/04\\\/26\\\/hrvatska-za-ubijanje-vuka-ide-se-u-zatvor\\\/#primaryimage\"},\"thumbnailUrl\":\"https:\\\/\\\/radioljubuski.ba\\\/wp-content\\\/uploads\\\/2021\\\/04\\\/preuzmi-17.jpg\",\"articleSection\":[\"BIH i regija\"],\"inLanguage\":\"hr\"},{\"@type\":\"WebPage\",\"@id\":\"https:\\\/\\\/radioljubuski.ba\\\/index.php\\\/2021\\\/04\\\/26\\\/hrvatska-za-ubijanje-vuka-ide-se-u-zatvor\\\/\",\"url\":\"https:\\\/\\\/radioljubuski.ba\\\/index.php\\\/2021\\\/04\\\/26\\\/hrvatska-za-ubijanje-vuka-ide-se-u-zatvor\\\/\",\"name\":\"Hrvatska: Za ubijanje vuka ide se u zatvor - RADIO LJUBU\u0160KI\",\"isPartOf\":{\"@id\":\"https:\\\/\\\/radioljubuski.ba\\\/#website\"},\"primaryImageOfPage\":{\"@id\":\"https:\\\/\\\/radioljubuski.ba\\\/index.php\\\/2021\\\/04\\\/26\\\/hrvatska-za-ubijanje-vuka-ide-se-u-zatvor\\\/#primaryimage\"},\"image\":{\"@id\":\"https:\\\/\\\/radioljubuski.ba\\\/index.php\\\/2021\\\/04\\\/26\\\/hrvatska-za-ubijanje-vuka-ide-se-u-zatvor\\\/#primaryimage\"},\"thumbnailUrl\":\"https:\\\/\\\/radioljubuski.ba\\\/wp-content\\\/uploads\\\/2021\\\/04\\\/preuzmi-17.jpg\",\"datePublished\":\"2021-04-26T17:28:06+00:00\",\"dateModified\":\"2021-04-26T17:28:07+00:00\",\"breadcrumb\":{\"@id\":\"https:\\\/\\\/radioljubuski.ba\\\/index.php\\\/2021\\\/04\\\/26\\\/hrvatska-za-ubijanje-vuka-ide-se-u-zatvor\\\/#breadcrumb\"},\"inLanguage\":\"hr\",\"potentialAction\":[{\"@type\":\"ReadAction\",\"target\":[\"https:\\\/\\\/radioljubuski.ba\\\/index.php\\\/2021\\\/04\\\/26\\\/hrvatska-za-ubijanje-vuka-ide-se-u-zatvor\\\/\"]}]},{\"@type\":\"ImageObject\",\"inLanguage\":\"hr\",\"@id\":\"https:\\\/\\\/radioljubuski.ba\\\/index.php\\\/2021\\\/04\\\/26\\\/hrvatska-za-ubijanje-vuka-ide-se-u-zatvor\\\/#primaryimage\",\"url\":\"https:\\\/\\\/radioljubuski.ba\\\/wp-content\\\/uploads\\\/2021\\\/04\\\/preuzmi-17.jpg\",\"contentUrl\":\"https:\\\/\\\/radioljubuski.ba\\\/wp-content\\\/uploads\\\/2021\\\/04\\\/preuzmi-17.jpg\",\"width\":275,\"height\":183},{\"@type\":\"BreadcrumbList\",\"@id\":\"https:\\\/\\\/radioljubuski.ba\\\/index.php\\\/2021\\\/04\\\/26\\\/hrvatska-za-ubijanje-vuka-ide-se-u-zatvor\\\/#breadcrumb\",\"itemListElement\":[{\"@type\":\"ListItem\",\"position\":1,\"name\":\"Po\u010detna stranica\",\"item\":\"https:\\\/\\\/radioljubuski.ba\\\/\"},{\"@type\":\"ListItem\",\"position\":2,\"name\":\"Hrvatska: Za ubijanje vuka ide se u zatvor\"}]},{\"@type\":\"WebSite\",\"@id\":\"https:\\\/\\\/radioljubuski.ba\\\/#website\",\"url\":\"https:\\\/\\\/radioljubuski.ba\\\/\",\"name\":\"Radio Ljubu\u0161ki\",\"description\":\"Sun\u010dana frekvencija Hercegovine\",\"publisher\":{\"@id\":\"https:\\\/\\\/radioljubuski.ba\\\/#organization\"},\"potentialAction\":[{\"@type\":\"SearchAction\",\"target\":{\"@type\":\"EntryPoint\",\"urlTemplate\":\"https:\\\/\\\/radioljubuski.ba\\\/?s={search_term_string}\"},\"query-input\":{\"@type\":\"PropertyValueSpecification\",\"valueRequired\":true,\"valueName\":\"search_term_string\"}}],\"inLanguage\":\"hr\"},{\"@type\":\"Organization\",\"@id\":\"https:\\\/\\\/radioljubuski.ba\\\/#organization\",\"name\":\"Radio Ljubu\u0161ki\",\"url\":\"https:\\\/\\\/radioljubuski.ba\\\/\",\"logo\":{\"@type\":\"ImageObject\",\"inLanguage\":\"hr\",\"@id\":\"https:\\\/\\\/radioljubuski.ba\\\/#\\\/schema\\\/logo\\\/image\\\/\",\"url\":\"https:\\\/\\\/radioljubuski.ba\\\/wp-content\\\/uploads\\\/2021\\\/02\\\/cropped-Radio_Ljubuski_logo1.jpg\",\"contentUrl\":\"https:\\\/\\\/radioljubuski.ba\\\/wp-content\\\/uploads\\\/2021\\\/02\\\/cropped-Radio_Ljubuski_logo1.jpg\",\"width\":512,\"height\":512,\"caption\":\"Radio Ljubu\u0161ki\"},\"image\":{\"@id\":\"https:\\\/\\\/radioljubuski.ba\\\/#\\\/schema\\\/logo\\\/image\\\/\"},\"sameAs\":[\"https:\\\/\\\/www.facebook.com\\\/Radiio-Ljubuski-1490835324566332\",\"https:\\\/\\\/x.com\\\/radioljubuski\",\"https:\\\/\\\/hr.linkedin.com\\\/company\\\/radio-ljubuski\",\"https:\\\/\\\/www.youtube.com\\\/channel\\\/UCHYaeO_n0Db3tjNGudGpXyw\"]},{\"@type\":\"Person\",\"@id\":\"https:\\\/\\\/radioljubuski.ba\\\/#\\\/schema\\\/person\\\/19fc700381a780f69665d7956c469e3b\",\"name\":\"Radio Ljubu\u0161ki\"}]}<\/script>\n<!-- \/ Yoast SEO plugin. -->","yoast_head_json":{"title":"Hrvatska: Za ubijanje vuka ide se u zatvor - RADIO LJUBU\u0160KI","robots":{"index":"index","follow":"follow","max-snippet":"max-snippet:-1","max-image-preview":"max-image-preview:large","max-video-preview":"max-video-preview:-1"},"canonical":"https:\/\/radioljubuski.ba\/index.php\/2021\/04\/26\/hrvatska-za-ubijanje-vuka-ide-se-u-zatvor\/","og_locale":"hr_HR","og_type":"article","og_title":"Hrvatska: Za ubijanje vuka ide se u zatvor - RADIO LJUBU\u0160KI","og_description":"Ministarstvo gospodarstva i odr\u017eivog razvoja osudilo je \u010din usmr\u0107ivanja vuka u Gra\u010dacu. Rije\u010d je o kaznenom djelu prema odredbama Kaznenog zakona za \u010dije procesuiranje su nadle\u017eni DORH i MUP. Prema saznanjima kojima raspola\u017ee Ministarstvo, u tijeku je odgovaraju\u0107e postupanje. &#8220;Isti\u010demo kako je vuk strogo za\u0161ti\u0107ena vrsta prema Zakonu o za\u0161titi prirode. Namjerno ubijanje jedinke strogo [&hellip;]","og_url":"https:\/\/radioljubuski.ba\/index.php\/2021\/04\/26\/hrvatska-za-ubijanje-vuka-ide-se-u-zatvor\/","og_site_name":"RADIO LJUBU\u0160KI","article_publisher":"https:\/\/www.facebook.com\/Radiio-Ljubuski-1490835324566332","article_published_time":"2021-04-26T17:28:06+00:00","article_modified_time":"2021-04-26T17:28:07+00:00","og_image":[{"width":275,"height":183,"url":"https:\/\/radioljubuski.ba\/wp-content\/uploads\/2021\/04\/preuzmi-17.jpg","type":"image\/jpeg"}],"author":"Radio Ljubu\u0161ki","twitter_card":"summary_large_image","twitter_creator":"@radioljubuski","twitter_site":"@radioljubuski","twitter_misc":{"Napisao\/la":"Radio Ljubu\u0161ki","Procijenjeno vrijeme \u010ditanja":"2 minute"},"schema":{"@context":"https:\/\/schema.org","@graph":[{"@type":"Article","@id":"https:\/\/radioljubuski.ba\/index.php\/2021\/04\/26\/hrvatska-za-ubijanje-vuka-ide-se-u-zatvor\/#article","isPartOf":{"@id":"https:\/\/radioljubuski.ba\/index.php\/2021\/04\/26\/hrvatska-za-ubijanje-vuka-ide-se-u-zatvor\/"},"author":{"name":"Radio Ljubu\u0161ki","@id":"https:\/\/radioljubuski.ba\/#\/schema\/person\/19fc700381a780f69665d7956c469e3b"},"headline":"Hrvatska: Za ubijanje vuka ide se u zatvor","datePublished":"2021-04-26T17:28:06+00:00","dateModified":"2021-04-26T17:28:07+00:00","mainEntityOfPage":{"@id":"https:\/\/radioljubuski.ba\/index.php\/2021\/04\/26\/hrvatska-za-ubijanje-vuka-ide-se-u-zatvor\/"},"wordCount":345,"publisher":{"@id":"https:\/\/radioljubuski.ba\/#organization"},"image":{"@id":"https:\/\/radioljubuski.ba\/index.php\/2021\/04\/26\/hrvatska-za-ubijanje-vuka-ide-se-u-zatvor\/#primaryimage"},"thumbnailUrl":"https:\/\/radioljubuski.ba\/wp-content\/uploads\/2021\/04\/preuzmi-17.jpg","articleSection":["BIH i regija"],"inLanguage":"hr"},{"@type":"WebPage","@id":"https:\/\/radioljubuski.ba\/index.php\/2021\/04\/26\/hrvatska-za-ubijanje-vuka-ide-se-u-zatvor\/","url":"https:\/\/radioljubuski.ba\/index.php\/2021\/04\/26\/hrvatska-za-ubijanje-vuka-ide-se-u-zatvor\/","name":"Hrvatska: Za ubijanje vuka ide se u zatvor - RADIO LJUBU\u0160KI","isPartOf":{"@id":"https:\/\/radioljubuski.ba\/#website"},"primaryImageOfPage":{"@id":"https:\/\/radioljubuski.ba\/index.php\/2021\/04\/26\/hrvatska-za-ubijanje-vuka-ide-se-u-zatvor\/#primaryimage"},"image":{"@id":"https:\/\/radioljubuski.ba\/index.php\/2021\/04\/26\/hrvatska-za-ubijanje-vuka-ide-se-u-zatvor\/#primaryimage"},"thumbnailUrl":"https:\/\/radioljubuski.ba\/wp-content\/uploads\/2021\/04\/preuzmi-17.jpg","datePublished":"2021-04-26T17:28:06+00:00","dateModified":"2021-04-26T17:28:07+00:00","breadcrumb":{"@id":"https:\/\/radioljubuski.ba\/index.php\/2021\/04\/26\/hrvatska-za-ubijanje-vuka-ide-se-u-zatvor\/#breadcrumb"},"inLanguage":"hr","potentialAction":[{"@type":"ReadAction","target":["https:\/\/radioljubuski.ba\/index.php\/2021\/04\/26\/hrvatska-za-ubijanje-vuka-ide-se-u-zatvor\/"]}]},{"@type":"ImageObject","inLanguage":"hr","@id":"https:\/\/radioljubuski.ba\/index.php\/2021\/04\/26\/hrvatska-za-ubijanje-vuka-ide-se-u-zatvor\/#primaryimage","url":"https:\/\/radioljubuski.ba\/wp-content\/uploads\/2021\/04\/preuzmi-17.jpg","contentUrl":"https:\/\/radioljubuski.ba\/wp-content\/uploads\/2021\/04\/preuzmi-17.jpg","width":275,"height":183},{"@type":"BreadcrumbList","@id":"https:\/\/radioljubuski.ba\/index.php\/2021\/04\/26\/hrvatska-za-ubijanje-vuka-ide-se-u-zatvor\/#breadcrumb","itemListElement":[{"@type":"ListItem","position":1,"name":"Po\u010detna stranica","item":"https:\/\/radioljubuski.ba\/"},{"@type":"ListItem","position":2,"name":"Hrvatska: Za ubijanje vuka ide se u zatvor"}]},{"@type":"WebSite","@id":"https:\/\/radioljubuski.ba\/#website","url":"https:\/\/radioljubuski.ba\/","name":"Radio Ljubu\u0161ki","description":"Sun\u010dana frekvencija Hercegovine","publisher":{"@id":"https:\/\/radioljubuski.ba\/#organization"},"potentialAction":[{"@type":"SearchAction","target":{"@type":"EntryPoint","urlTemplate":"https:\/\/radioljubuski.ba\/?s={search_term_string}"},"query-input":{"@type":"PropertyValueSpecification","valueRequired":true,"valueName":"search_term_string"}}],"inLanguage":"hr"},{"@type":"Organization","@id":"https:\/\/radioljubuski.ba\/#organization","name":"Radio Ljubu\u0161ki","url":"https:\/\/radioljubuski.ba\/","logo":{"@type":"ImageObject","inLanguage":"hr","@id":"https:\/\/radioljubuski.ba\/#\/schema\/logo\/image\/","url":"https:\/\/radioljubuski.ba\/wp-content\/uploads\/2021\/02\/cropped-Radio_Ljubuski_logo1.jpg","contentUrl":"https:\/\/radioljubuski.ba\/wp-content\/uploads\/2021\/02\/cropped-Radio_Ljubuski_logo1.jpg","width":512,"height":512,"caption":"Radio Ljubu\u0161ki"},"image":{"@id":"https:\/\/radioljubuski.ba\/#\/schema\/logo\/image\/"},"sameAs":["https:\/\/www.facebook.com\/Radiio-Ljubuski-1490835324566332","https:\/\/x.com\/radioljubuski","https:\/\/hr.linkedin.com\/company\/radio-ljubuski","https:\/\/www.youtube.com\/channel\/UCHYaeO_n0Db3tjNGudGpXyw"]},{"@type":"Person","@id":"https:\/\/radioljubuski.ba\/#\/schema\/person\/19fc700381a780f69665d7956c469e3b","name":"Radio Ljubu\u0161ki"}]}},"_links":{"self":[{"href":"https:\/\/radioljubuski.ba\/index.php\/wp-json\/wp\/v2\/posts\/16528","targetHints":{"allow":["GET"]}}],"collection":[{"href":"https:\/\/radioljubuski.ba\/index.php\/wp-json\/wp\/v2\/posts"}],"about":[{"href":"https:\/\/radioljubuski.ba\/index.php\/wp-json\/wp\/v2\/types\/post"}],"author":[{"embeddable":true,"href":"https:\/\/radioljubuski.ba\/index.php\/wp-json\/wp\/v2\/users\/2"}],"replies":[{"embeddable":true,"href":"https:\/\/radioljubuski.ba\/index.php\/wp-json\/wp\/v2\/comments?post=16528"}],"version-history":[{"count":1,"href":"https:\/\/radioljubuski.ba\/index.php\/wp-json\/wp\/v2\/posts\/16528\/revisions"}],"predecessor-version":[{"id":16530,"href":"https:\/\/radioljubuski.ba\/index.php\/wp-json\/wp\/v2\/posts\/16528\/revisions\/16530"}],"wp:featuredmedia":[{"embeddable":true,"href":"https:\/\/radioljubuski.ba\/index.php\/wp-json\/wp\/v2\/media\/16529"}],"wp:attachment":[{"href":"https:\/\/radioljubuski.ba\/index.php\/wp-json\/wp\/v2\/media?parent=16528"}],"wp:term":[{"taxonomy":"category","embeddable":true,"href":"https:\/\/radioljubuski.ba\/index.php\/wp-json\/wp\/v2\/categories?post=16528"},{"taxonomy":"post_tag","embeddable":true,"href":"https:\/\/radioljubuski.ba\/index.php\/wp-json\/wp\/v2\/tags?post=16528"}],"curies":[{"name":"wp","href":"https:\/\/api.w.org\/{rel}","templated":true}]}}