{"id":165284,"date":"2022-08-01T11:16:23","date_gmt":"2022-08-01T10:16:23","guid":{"rendered":"https:\/\/radioljubuski.ba\/?p=165284"},"modified":"2022-08-01T11:16:25","modified_gmt":"2022-08-01T10:16:25","slug":"neum-gostiju-ima-ali-je-promjena-vidljiva-video","status":"publish","type":"post","link":"https:\/\/radioljubuski.ba\/index.php\/2022\/08\/01\/neum-gostiju-ima-ali-je-promjena-vidljiva-video\/","title":{"rendered":"Neum: Gostiju ima, ali je promjena vidljiva &#8211; video"},"content":{"rendered":"\n<p>\u0160est je dana pro\u0161lo od otvaranja Pelje\u0161kog mosta koji je spojio jug s ostatkom Hrvatske. Time su grani\u010dni prijelazi kod Neuma rastere\u0107eni, kao i neumska magistrala. No, kako na te promjene gledaju Neumljani i turisti\u010dki radnici u jedinom bosanskohercegova\u010dkom gradu na Jadranu, provjerila je ekipa BHRT-a.&nbsp;<\/p>\n\n\n\n<p>Spu\u0161taju\u0107i se u Neum, prvo \u0161to smo primijetili je da nema gu\u017evi kakve su do sada bile uobi\u010dajene u ljetnim mjesecima.<\/p>\n\n\n\n<p>&#8220;Mislim da je ovaj Pelje\u0161ki most upravo u\u010dinio to da bude manja gu\u017eva, bilo s jedne ili s druge strane&#8221;, ka\u017ee Nurija iz Sarajev.<\/p>\n\n\n\n<p>Vidljiva promjena<\/p>\n\n\n\n<p>Restorani nisu puni, ali gostiju ima. Vlasnici ugostiteljskih objekata smje\u0161tenih na magistrali ne \u017eele pred kameru, ali poru\u010duju da nisu nezadovoljni.<\/p>\n\n\n\n<p>Na benzinskoj crpki u Neumu ka\u017eu kako kod njih posao nije ni\u0161ta manji nego prije otvaranja Pelje\u0161kog mosta.<\/p>\n\n\n\n<p>Nisu \u017eeljeli pred kameru, ali su poru\u010dili da sada, napokon, vi\u0161e nema gu\u017evi na magistrali, zbog \u010dega mogu bez problema i bez ka\u0161njenja dolaziti na posao, pa tako i odlaziti s posla.&nbsp;<\/p>\n\n\n\n<p>Stari mje\u0161tani i vi\u0161egodi\u0161nji turisti primje\u0107uju razliku u broju posjetitelja prije i nakon otvaranja Pelje\u0161kog mosta.<\/p>\n\n\n\n<p>&#8220;U restoranima, nema nikoga. Nikoga nema kako se most otvorio. &#8211; Mislite li da \u0107e se to promijeniti eventualno? &#8211; Ne\u0107e. Svatko voli i\u0107i br\u017ee nego kra\u0107e, sad na ovo vrijeme&#8221;, primje\u0107uje Neumljanka Mira.<\/p>\n\n\n\n<p>&#8220;\u0160to se ti\u010de Pelje\u0161kog mosta, situacija je u vezi turista koji dolaze u Neum ove godine, \u010dini mi se, slabija nego ranijih godina. Da li je razlog tome besparica ili jednostavno ljudi ne dolaze u Neum, ali je \u010dinjenica da manje gostiju ove godine ima&#8221;, mi\u0161ljenja je Nurija iz Sarajeva.<\/p>\n\n\n\n<p>Lo\u0161ija sezona Na pla\u017eama se manjak gostiju ne primijeti. Hoteli su popunjeni, privatni smje\u0161taj ne\u0161to manje. &#8220;Kod nas je i prije Pelje\u0161kog i poslije Pelje\u0161kog uvijek bila gu\u017eva pred radnjom. \u010cekalo je 100, 200, 300 gostiju na ve\u010deru, tako da sad ih mo\u017eda \u010deka 50, ali i dalje smo puni\u201c, ka\u017ee ugostiteljski djelatnik Sead.<\/p>\n\n\n\n<p>&#8220;Danas je subota, zna\u010di, vikend je i prvi vikend da osjetimo opadanje prometa i koli\u010dinu gostiju. Ina\u010de, subotom do podne mi iznesemo 100 kava, 100 doru\u010daka, danas je to ne\u0161to utihnulo&#8221;, primje\u0107uje Amra, tako\u0111er ugostiteljska djelatnica.<\/p>\n\n\n\n<p>&#8220;Pelje\u0161ac, sezona k&#8217;o sezona je lo\u0161ija svakako ove godine. Bio sam pro\u0161le, bilo udarno, top. Mada su ve\u010deri ovdje jake, dobre, to je generalno tako&#8221;, ka\u017ee njen kolega Kemal.<\/p>\n\n\n\n<p>U \u010detiri dana otkako je otvoren Pelje\u0161ki most na grani\u010dnim prijelazima Neum I i Neum II promet je opao za oko 43 posto.<\/p>\n\n\n\n<p>To je potvrdio i ministar unutarnjih poslova Republike Hrvatske, Davor Bo\u017einovi\u0107.<\/p>\n\n\n\n<p>Iako su ugostiteljski objekti manje popunjeni, Neum je jo\u0161 po\u017eeljna turisti\u010dka destinacija koja iz godine u godinu nudi sve raznovrsnije i kvalitetnije sadr\u017eaje za one \u017eeljne odmora i zabave.<\/p>\n\n\n\n<iframe loading=\"lazy\" title=\"Na neumskoj magistrali nema gu\u017eve\" width=\"640\" height=\"360\" src=\"https:\/\/www.youtube.com\/embed\/fCcr2LrGP6M?feature=oembed\" frameborder=\"0\" allow=\"accelerometer; autoplay; clipboard-write; encrypted-media; gyroscope; picture-in-picture; web-share\" referrerpolicy=\"strict-origin-when-cross-origin\" allowfullscreen><\/iframe>\n\n\n\n<p>Izvor:BHRT<\/p>\n","protected":false},"excerpt":{"rendered":"<p>\u0160est je dana pro\u0161lo od otvaranja Pelje\u0161kog mosta koji je spojio jug s ostatkom Hrvatske. Time su grani\u010dni prijelazi kod Neuma rastere\u0107eni, kao i neumska magistrala. No, kako na te promjene gledaju Neumljani i turisti\u010dki radnici u jedinom bosanskohercegova\u010dkom gradu na Jadranu, provjerila je ekipa BHRT-a.&nbsp; Spu\u0161taju\u0107i se u Neum, prvo \u0161to smo primijetili je [&hellip;]<\/p>\n","protected":false},"author":2,"featured_media":50384,"comment_status":"closed","ping_status":"closed","sticky":false,"template":"","format":"standard","meta":{"h5ap_radio_sources":[],"footnotes":""},"categories":[1],"tags":[],"class_list":["post-165284","post","type-post","status-publish","format-standard","has-post-thumbnail","hentry","category-bihiregija"],"yoast_head":"<!-- This site is optimized with the Yoast SEO plugin v27.4 - https:\/\/yoast.com\/product\/yoast-seo-wordpress\/ -->\n<title>Neum: Gostiju ima, ali je promjena vidljiva - video - RADIO LJUBU\u0160KI<\/title>\n<meta name=\"robots\" content=\"index, follow, max-snippet:-1, max-image-preview:large, max-video-preview:-1\" \/>\n<link rel=\"canonical\" href=\"https:\/\/radioljubuski.ba\/index.php\/2022\/08\/01\/neum-gostiju-ima-ali-je-promjena-vidljiva-video\/\" \/>\n<meta property=\"og:locale\" content=\"hr_HR\" \/>\n<meta property=\"og:type\" content=\"article\" \/>\n<meta property=\"og:title\" content=\"Neum: Gostiju ima, ali je promjena vidljiva - video - RADIO LJUBU\u0160KI\" \/>\n<meta property=\"og:description\" content=\"\u0160est je dana pro\u0161lo od otvaranja Pelje\u0161kog mosta koji je spojio jug s ostatkom Hrvatske. Time su grani\u010dni prijelazi kod Neuma rastere\u0107eni, kao i neumska magistrala. No, kako na te promjene gledaju Neumljani i turisti\u010dki radnici u jedinom bosanskohercegova\u010dkom gradu na Jadranu, provjerila je ekipa BHRT-a.&nbsp; Spu\u0161taju\u0107i se u Neum, prvo \u0161to smo primijetili je [&hellip;]\" \/>\n<meta property=\"og:url\" content=\"https:\/\/radioljubuski.ba\/index.php\/2022\/08\/01\/neum-gostiju-ima-ali-je-promjena-vidljiva-video\/\" \/>\n<meta property=\"og:site_name\" content=\"RADIO LJUBU\u0160KI\" \/>\n<meta property=\"article:publisher\" content=\"https:\/\/www.facebook.com\/Radiio-Ljubuski-1490835324566332\" \/>\n<meta property=\"article:published_time\" content=\"2022-08-01T10:16:23+00:00\" \/>\n<meta property=\"article:modified_time\" content=\"2022-08-01T10:16:25+00:00\" \/>\n<meta property=\"og:image\" content=\"https:\/\/radioljubuski.ba\/wp-content\/uploads\/2021\/08\/DrAnUCQ8_neum.jpg\" \/>\n\t<meta property=\"og:image:width\" content=\"1000\" \/>\n\t<meta property=\"og:image:height\" content=\"625\" \/>\n\t<meta property=\"og:image:type\" content=\"image\/jpeg\" \/>\n<meta name=\"author\" content=\"Radio Ljubu\u0161ki\" \/>\n<meta name=\"twitter:card\" content=\"summary_large_image\" \/>\n<meta name=\"twitter:creator\" content=\"@radioljubuski\" \/>\n<meta name=\"twitter:site\" content=\"@radioljubuski\" \/>\n<meta name=\"twitter:label1\" content=\"Napisao\/la\" \/>\n\t<meta name=\"twitter:data1\" content=\"Radio Ljubu\u0161ki\" \/>\n\t<meta name=\"twitter:label2\" content=\"Procijenjeno vrijeme \u010ditanja\" \/>\n\t<meta name=\"twitter:data2\" content=\"2 minute\" \/>\n<script type=\"application\/ld+json\" class=\"yoast-schema-graph\">{\"@context\":\"https:\\\/\\\/schema.org\",\"@graph\":[{\"@type\":\"Article\",\"@id\":\"https:\\\/\\\/radioljubuski.ba\\\/index.php\\\/2022\\\/08\\\/01\\\/neum-gostiju-ima-ali-je-promjena-vidljiva-video\\\/#article\",\"isPartOf\":{\"@id\":\"https:\\\/\\\/radioljubuski.ba\\\/index.php\\\/2022\\\/08\\\/01\\\/neum-gostiju-ima-ali-je-promjena-vidljiva-video\\\/\"},\"author\":{\"name\":\"Radio Ljubu\u0161ki\",\"@id\":\"https:\\\/\\\/radioljubuski.ba\\\/#\\\/schema\\\/person\\\/19fc700381a780f69665d7956c469e3b\"},\"headline\":\"Neum: Gostiju ima, ali je promjena vidljiva &#8211; video\",\"datePublished\":\"2022-08-01T10:16:23+00:00\",\"dateModified\":\"2022-08-01T10:16:25+00:00\",\"mainEntityOfPage\":{\"@id\":\"https:\\\/\\\/radioljubuski.ba\\\/index.php\\\/2022\\\/08\\\/01\\\/neum-gostiju-ima-ali-je-promjena-vidljiva-video\\\/\"},\"wordCount\":526,\"publisher\":{\"@id\":\"https:\\\/\\\/radioljubuski.ba\\\/#organization\"},\"image\":{\"@id\":\"https:\\\/\\\/radioljubuski.ba\\\/index.php\\\/2022\\\/08\\\/01\\\/neum-gostiju-ima-ali-je-promjena-vidljiva-video\\\/#primaryimage\"},\"thumbnailUrl\":\"https:\\\/\\\/radioljubuski.ba\\\/wp-content\\\/uploads\\\/2021\\\/08\\\/DrAnUCQ8_neum.jpg\",\"articleSection\":[\"BIH i regija\"],\"inLanguage\":\"hr\"},{\"@type\":\"WebPage\",\"@id\":\"https:\\\/\\\/radioljubuski.ba\\\/index.php\\\/2022\\\/08\\\/01\\\/neum-gostiju-ima-ali-je-promjena-vidljiva-video\\\/\",\"url\":\"https:\\\/\\\/radioljubuski.ba\\\/index.php\\\/2022\\\/08\\\/01\\\/neum-gostiju-ima-ali-je-promjena-vidljiva-video\\\/\",\"name\":\"Neum: Gostiju ima, ali je promjena vidljiva - video - RADIO LJUBU\u0160KI\",\"isPartOf\":{\"@id\":\"https:\\\/\\\/radioljubuski.ba\\\/#website\"},\"primaryImageOfPage\":{\"@id\":\"https:\\\/\\\/radioljubuski.ba\\\/index.php\\\/2022\\\/08\\\/01\\\/neum-gostiju-ima-ali-je-promjena-vidljiva-video\\\/#primaryimage\"},\"image\":{\"@id\":\"https:\\\/\\\/radioljubuski.ba\\\/index.php\\\/2022\\\/08\\\/01\\\/neum-gostiju-ima-ali-je-promjena-vidljiva-video\\\/#primaryimage\"},\"thumbnailUrl\":\"https:\\\/\\\/radioljubuski.ba\\\/wp-content\\\/uploads\\\/2021\\\/08\\\/DrAnUCQ8_neum.jpg\",\"datePublished\":\"2022-08-01T10:16:23+00:00\",\"dateModified\":\"2022-08-01T10:16:25+00:00\",\"breadcrumb\":{\"@id\":\"https:\\\/\\\/radioljubuski.ba\\\/index.php\\\/2022\\\/08\\\/01\\\/neum-gostiju-ima-ali-je-promjena-vidljiva-video\\\/#breadcrumb\"},\"inLanguage\":\"hr\",\"potentialAction\":[{\"@type\":\"ReadAction\",\"target\":[\"https:\\\/\\\/radioljubuski.ba\\\/index.php\\\/2022\\\/08\\\/01\\\/neum-gostiju-ima-ali-je-promjena-vidljiva-video\\\/\"]}]},{\"@type\":\"ImageObject\",\"inLanguage\":\"hr\",\"@id\":\"https:\\\/\\\/radioljubuski.ba\\\/index.php\\\/2022\\\/08\\\/01\\\/neum-gostiju-ima-ali-je-promjena-vidljiva-video\\\/#primaryimage\",\"url\":\"https:\\\/\\\/radioljubuski.ba\\\/wp-content\\\/uploads\\\/2021\\\/08\\\/DrAnUCQ8_neum.jpg\",\"contentUrl\":\"https:\\\/\\\/radioljubuski.ba\\\/wp-content\\\/uploads\\\/2021\\\/08\\\/DrAnUCQ8_neum.jpg\",\"width\":1000,\"height\":625},{\"@type\":\"BreadcrumbList\",\"@id\":\"https:\\\/\\\/radioljubuski.ba\\\/index.php\\\/2022\\\/08\\\/01\\\/neum-gostiju-ima-ali-je-promjena-vidljiva-video\\\/#breadcrumb\",\"itemListElement\":[{\"@type\":\"ListItem\",\"position\":1,\"name\":\"Po\u010detna stranica\",\"item\":\"https:\\\/\\\/radioljubuski.ba\\\/\"},{\"@type\":\"ListItem\",\"position\":2,\"name\":\"Neum: Gostiju ima, ali je promjena vidljiva &#8211; video\"}]},{\"@type\":\"WebSite\",\"@id\":\"https:\\\/\\\/radioljubuski.ba\\\/#website\",\"url\":\"https:\\\/\\\/radioljubuski.ba\\\/\",\"name\":\"Radio Ljubu\u0161ki\",\"description\":\"Sun\u010dana frekvencija Hercegovine\",\"publisher\":{\"@id\":\"https:\\\/\\\/radioljubuski.ba\\\/#organization\"},\"potentialAction\":[{\"@type\":\"SearchAction\",\"target\":{\"@type\":\"EntryPoint\",\"urlTemplate\":\"https:\\\/\\\/radioljubuski.ba\\\/?s={search_term_string}\"},\"query-input\":{\"@type\":\"PropertyValueSpecification\",\"valueRequired\":true,\"valueName\":\"search_term_string\"}}],\"inLanguage\":\"hr\"},{\"@type\":\"Organization\",\"@id\":\"https:\\\/\\\/radioljubuski.ba\\\/#organization\",\"name\":\"Radio Ljubu\u0161ki\",\"url\":\"https:\\\/\\\/radioljubuski.ba\\\/\",\"logo\":{\"@type\":\"ImageObject\",\"inLanguage\":\"hr\",\"@id\":\"https:\\\/\\\/radioljubuski.ba\\\/#\\\/schema\\\/logo\\\/image\\\/\",\"url\":\"https:\\\/\\\/radioljubuski.ba\\\/wp-content\\\/uploads\\\/2021\\\/02\\\/cropped-Radio_Ljubuski_logo1.jpg\",\"contentUrl\":\"https:\\\/\\\/radioljubuski.ba\\\/wp-content\\\/uploads\\\/2021\\\/02\\\/cropped-Radio_Ljubuski_logo1.jpg\",\"width\":512,\"height\":512,\"caption\":\"Radio Ljubu\u0161ki\"},\"image\":{\"@id\":\"https:\\\/\\\/radioljubuski.ba\\\/#\\\/schema\\\/logo\\\/image\\\/\"},\"sameAs\":[\"https:\\\/\\\/www.facebook.com\\\/Radiio-Ljubuski-1490835324566332\",\"https:\\\/\\\/x.com\\\/radioljubuski\",\"https:\\\/\\\/hr.linkedin.com\\\/company\\\/radio-ljubuski\",\"https:\\\/\\\/www.youtube.com\\\/channel\\\/UCHYaeO_n0Db3tjNGudGpXyw\"]},{\"@type\":\"Person\",\"@id\":\"https:\\\/\\\/radioljubuski.ba\\\/#\\\/schema\\\/person\\\/19fc700381a780f69665d7956c469e3b\",\"name\":\"Radio Ljubu\u0161ki\"}]}<\/script>\n<!-- \/ Yoast SEO plugin. -->","yoast_head_json":{"title":"Neum: Gostiju ima, ali je promjena vidljiva - video - RADIO LJUBU\u0160KI","robots":{"index":"index","follow":"follow","max-snippet":"max-snippet:-1","max-image-preview":"max-image-preview:large","max-video-preview":"max-video-preview:-1"},"canonical":"https:\/\/radioljubuski.ba\/index.php\/2022\/08\/01\/neum-gostiju-ima-ali-je-promjena-vidljiva-video\/","og_locale":"hr_HR","og_type":"article","og_title":"Neum: Gostiju ima, ali je promjena vidljiva - video - RADIO LJUBU\u0160KI","og_description":"\u0160est je dana pro\u0161lo od otvaranja Pelje\u0161kog mosta koji je spojio jug s ostatkom Hrvatske. Time su grani\u010dni prijelazi kod Neuma rastere\u0107eni, kao i neumska magistrala. No, kako na te promjene gledaju Neumljani i turisti\u010dki radnici u jedinom bosanskohercegova\u010dkom gradu na Jadranu, provjerila je ekipa BHRT-a.&nbsp; Spu\u0161taju\u0107i se u Neum, prvo \u0161to smo primijetili je [&hellip;]","og_url":"https:\/\/radioljubuski.ba\/index.php\/2022\/08\/01\/neum-gostiju-ima-ali-je-promjena-vidljiva-video\/","og_site_name":"RADIO LJUBU\u0160KI","article_publisher":"https:\/\/www.facebook.com\/Radiio-Ljubuski-1490835324566332","article_published_time":"2022-08-01T10:16:23+00:00","article_modified_time":"2022-08-01T10:16:25+00:00","og_image":[{"width":1000,"height":625,"url":"https:\/\/radioljubuski.ba\/wp-content\/uploads\/2021\/08\/DrAnUCQ8_neum.jpg","type":"image\/jpeg"}],"author":"Radio Ljubu\u0161ki","twitter_card":"summary_large_image","twitter_creator":"@radioljubuski","twitter_site":"@radioljubuski","twitter_misc":{"Napisao\/la":"Radio Ljubu\u0161ki","Procijenjeno vrijeme \u010ditanja":"2 minute"},"schema":{"@context":"https:\/\/schema.org","@graph":[{"@type":"Article","@id":"https:\/\/radioljubuski.ba\/index.php\/2022\/08\/01\/neum-gostiju-ima-ali-je-promjena-vidljiva-video\/#article","isPartOf":{"@id":"https:\/\/radioljubuski.ba\/index.php\/2022\/08\/01\/neum-gostiju-ima-ali-je-promjena-vidljiva-video\/"},"author":{"name":"Radio Ljubu\u0161ki","@id":"https:\/\/radioljubuski.ba\/#\/schema\/person\/19fc700381a780f69665d7956c469e3b"},"headline":"Neum: Gostiju ima, ali je promjena vidljiva &#8211; video","datePublished":"2022-08-01T10:16:23+00:00","dateModified":"2022-08-01T10:16:25+00:00","mainEntityOfPage":{"@id":"https:\/\/radioljubuski.ba\/index.php\/2022\/08\/01\/neum-gostiju-ima-ali-je-promjena-vidljiva-video\/"},"wordCount":526,"publisher":{"@id":"https:\/\/radioljubuski.ba\/#organization"},"image":{"@id":"https:\/\/radioljubuski.ba\/index.php\/2022\/08\/01\/neum-gostiju-ima-ali-je-promjena-vidljiva-video\/#primaryimage"},"thumbnailUrl":"https:\/\/radioljubuski.ba\/wp-content\/uploads\/2021\/08\/DrAnUCQ8_neum.jpg","articleSection":["BIH i regija"],"inLanguage":"hr"},{"@type":"WebPage","@id":"https:\/\/radioljubuski.ba\/index.php\/2022\/08\/01\/neum-gostiju-ima-ali-je-promjena-vidljiva-video\/","url":"https:\/\/radioljubuski.ba\/index.php\/2022\/08\/01\/neum-gostiju-ima-ali-je-promjena-vidljiva-video\/","name":"Neum: Gostiju ima, ali je promjena vidljiva - video - RADIO LJUBU\u0160KI","isPartOf":{"@id":"https:\/\/radioljubuski.ba\/#website"},"primaryImageOfPage":{"@id":"https:\/\/radioljubuski.ba\/index.php\/2022\/08\/01\/neum-gostiju-ima-ali-je-promjena-vidljiva-video\/#primaryimage"},"image":{"@id":"https:\/\/radioljubuski.ba\/index.php\/2022\/08\/01\/neum-gostiju-ima-ali-je-promjena-vidljiva-video\/#primaryimage"},"thumbnailUrl":"https:\/\/radioljubuski.ba\/wp-content\/uploads\/2021\/08\/DrAnUCQ8_neum.jpg","datePublished":"2022-08-01T10:16:23+00:00","dateModified":"2022-08-01T10:16:25+00:00","breadcrumb":{"@id":"https:\/\/radioljubuski.ba\/index.php\/2022\/08\/01\/neum-gostiju-ima-ali-je-promjena-vidljiva-video\/#breadcrumb"},"inLanguage":"hr","potentialAction":[{"@type":"ReadAction","target":["https:\/\/radioljubuski.ba\/index.php\/2022\/08\/01\/neum-gostiju-ima-ali-je-promjena-vidljiva-video\/"]}]},{"@type":"ImageObject","inLanguage":"hr","@id":"https:\/\/radioljubuski.ba\/index.php\/2022\/08\/01\/neum-gostiju-ima-ali-je-promjena-vidljiva-video\/#primaryimage","url":"https:\/\/radioljubuski.ba\/wp-content\/uploads\/2021\/08\/DrAnUCQ8_neum.jpg","contentUrl":"https:\/\/radioljubuski.ba\/wp-content\/uploads\/2021\/08\/DrAnUCQ8_neum.jpg","width":1000,"height":625},{"@type":"BreadcrumbList","@id":"https:\/\/radioljubuski.ba\/index.php\/2022\/08\/01\/neum-gostiju-ima-ali-je-promjena-vidljiva-video\/#breadcrumb","itemListElement":[{"@type":"ListItem","position":1,"name":"Po\u010detna stranica","item":"https:\/\/radioljubuski.ba\/"},{"@type":"ListItem","position":2,"name":"Neum: Gostiju ima, ali je promjena vidljiva &#8211; video"}]},{"@type":"WebSite","@id":"https:\/\/radioljubuski.ba\/#website","url":"https:\/\/radioljubuski.ba\/","name":"Radio Ljubu\u0161ki","description":"Sun\u010dana frekvencija Hercegovine","publisher":{"@id":"https:\/\/radioljubuski.ba\/#organization"},"potentialAction":[{"@type":"SearchAction","target":{"@type":"EntryPoint","urlTemplate":"https:\/\/radioljubuski.ba\/?s={search_term_string}"},"query-input":{"@type":"PropertyValueSpecification","valueRequired":true,"valueName":"search_term_string"}}],"inLanguage":"hr"},{"@type":"Organization","@id":"https:\/\/radioljubuski.ba\/#organization","name":"Radio Ljubu\u0161ki","url":"https:\/\/radioljubuski.ba\/","logo":{"@type":"ImageObject","inLanguage":"hr","@id":"https:\/\/radioljubuski.ba\/#\/schema\/logo\/image\/","url":"https:\/\/radioljubuski.ba\/wp-content\/uploads\/2021\/02\/cropped-Radio_Ljubuski_logo1.jpg","contentUrl":"https:\/\/radioljubuski.ba\/wp-content\/uploads\/2021\/02\/cropped-Radio_Ljubuski_logo1.jpg","width":512,"height":512,"caption":"Radio Ljubu\u0161ki"},"image":{"@id":"https:\/\/radioljubuski.ba\/#\/schema\/logo\/image\/"},"sameAs":["https:\/\/www.facebook.com\/Radiio-Ljubuski-1490835324566332","https:\/\/x.com\/radioljubuski","https:\/\/hr.linkedin.com\/company\/radio-ljubuski","https:\/\/www.youtube.com\/channel\/UCHYaeO_n0Db3tjNGudGpXyw"]},{"@type":"Person","@id":"https:\/\/radioljubuski.ba\/#\/schema\/person\/19fc700381a780f69665d7956c469e3b","name":"Radio Ljubu\u0161ki"}]}},"_links":{"self":[{"href":"https:\/\/radioljubuski.ba\/index.php\/wp-json\/wp\/v2\/posts\/165284","targetHints":{"allow":["GET"]}}],"collection":[{"href":"https:\/\/radioljubuski.ba\/index.php\/wp-json\/wp\/v2\/posts"}],"about":[{"href":"https:\/\/radioljubuski.ba\/index.php\/wp-json\/wp\/v2\/types\/post"}],"author":[{"embeddable":true,"href":"https:\/\/radioljubuski.ba\/index.php\/wp-json\/wp\/v2\/users\/2"}],"replies":[{"embeddable":true,"href":"https:\/\/radioljubuski.ba\/index.php\/wp-json\/wp\/v2\/comments?post=165284"}],"version-history":[{"count":1,"href":"https:\/\/radioljubuski.ba\/index.php\/wp-json\/wp\/v2\/posts\/165284\/revisions"}],"predecessor-version":[{"id":165287,"href":"https:\/\/radioljubuski.ba\/index.php\/wp-json\/wp\/v2\/posts\/165284\/revisions\/165287"}],"wp:featuredmedia":[{"embeddable":true,"href":"https:\/\/radioljubuski.ba\/index.php\/wp-json\/wp\/v2\/media\/50384"}],"wp:attachment":[{"href":"https:\/\/radioljubuski.ba\/index.php\/wp-json\/wp\/v2\/media?parent=165284"}],"wp:term":[{"taxonomy":"category","embeddable":true,"href":"https:\/\/radioljubuski.ba\/index.php\/wp-json\/wp\/v2\/categories?post=165284"},{"taxonomy":"post_tag","embeddable":true,"href":"https:\/\/radioljubuski.ba\/index.php\/wp-json\/wp\/v2\/tags?post=165284"}],"curies":[{"name":"wp","href":"https:\/\/api.w.org\/{rel}","templated":true}]}}