{"id":165305,"date":"2022-08-01T11:26:24","date_gmt":"2022-08-01T10:26:24","guid":{"rendered":"https:\/\/radioljubuski.ba\/?p=165305"},"modified":"2022-08-01T11:26:26","modified_gmt":"2022-08-01T10:26:26","slug":"na-webu-dinama-pise-da-je-zdravko-mamic-i-dalje-glavni-covjek-kluba","status":"publish","type":"post","link":"https:\/\/radioljubuski.ba\/index.php\/2022\/08\/01\/na-webu-dinama-pise-da-je-zdravko-mamic-i-dalje-glavni-covjek-kluba\/","title":{"rendered":"Na webu Dinama pi\u0161e da je Zdravko Mami\u0107 i dalje glavni \u010dovjek kluba"},"content":{"rendered":"\n<p>Dinamo Zagreb na svojim slu\u017ebenim web stranicama nije se odrekao Zdravka Mami\u0107a, bjegunac od hrvatskog pravosu\u0111a tvrdi da vi\u0161e nema nikakve veze s hrvatski prvakom, ali&#8230;<\/p>\n\n\n\n<p>Na stranicama kluba i dalje stoji podatak da je Mami\u0107 izvr\u0161ni dopredsjednik kluba, navija\u010di su to vidjeli i krenuli&nbsp;su komentari&nbsp;po&nbsp;dru\u0161tvenim mre\u017eama.&nbsp;<\/p>\n\n\n\n<p>&#8211; Pod nazivom Croatia, Dinamo je u devedesetima osvojio pet prvenstava i \u010detiri kupa, a seriju je nastavio i nakon povratka starog imena 14. velja\u010de 2000. Najzaslu\u017eniji za povratak imena Dinamo su, osim navija\u010da koji su od 1993. do 2000. skandirali na tribinama svom voljenom klubu ime Dinamo, dana\u0161nji izvr\u0161ni dopredsjednik Dinama Zdravko Mami\u0107, Zlatko Canjuga, novinar Jutarnjeg lista te dugogodi\u0161nji Dinamov kroni\u010dar Tomislav \u017didak i zagreba\u010dki poduzetnik \u017deljko \u0160elendi\u0107. Upravo tamo, na sastanku u ku\u0107i \u017deljka \u0160elendi\u0107a, inicirana je ideja o povratku imena Dinamo &#8211; pi\u0161e na internetskoj stranici plavih.<\/p>\n\n\n\n<blockquote class=\"twitter-tweet\"><p lang=\"und\" dir=\"ltr\">Alo <a href=\"https:\/\/twitter.com\/gnkdinamo?ref_src=twsrc%5Etfw\">@gnkdinamo<\/a> mali update webshopa bi bio skroz ok. Nisam neki znalac, al\u2019 brijem da ovih vi\u0161e nema u klubu, a broj 9 je sad Petko. <br>Bok bok <a href=\"https:\/\/t.co\/h2cIztWyfv\">pic.twitter.com\/h2cIztWyfv<\/a><\/p>&mdash; BigYellow8 (@KakaMes10627051) <a href=\"https:\/\/twitter.com\/KakaMes10627051\/status\/1553296388758421504?ref_src=twsrc%5Etfw\">July 30, 2022<\/a><\/blockquote> <script async src=\"https:\/\/platform.twitter.com\/widgets.js\" charset=\"utf-8\"><\/script> \n\n\n\n<p>Izvor:vecernji.ba<\/p>\n","protected":false},"excerpt":{"rendered":"<p>Dinamo Zagreb na svojim slu\u017ebenim web stranicama nije se odrekao Zdravka Mami\u0107a, bjegunac od hrvatskog pravosu\u0111a tvrdi da vi\u0161e nema nikakve veze s hrvatski prvakom, ali&#8230; Na stranicama kluba i dalje stoji podatak da je Mami\u0107 izvr\u0161ni dopredsjednik kluba, navija\u010di su to vidjeli i krenuli&nbsp;su komentari&nbsp;po&nbsp;dru\u0161tvenim mre\u017eama.&nbsp; &#8211; Pod nazivom Croatia, Dinamo je u devedesetima [&hellip;]<\/p>\n","protected":false},"author":2,"featured_media":21509,"comment_status":"closed","ping_status":"closed","sticky":false,"template":"","format":"standard","meta":{"h5ap_radio_sources":[],"footnotes":""},"categories":[7],"tags":[],"class_list":["post-165305","post","type-post","status-publish","format-standard","has-post-thumbnail","hentry","category-sport"],"yoast_head":"<!-- This site is optimized with the Yoast SEO plugin v27.4 - https:\/\/yoast.com\/product\/yoast-seo-wordpress\/ -->\n<title>Na webu Dinama pi\u0161e da je Zdravko Mami\u0107 i dalje glavni \u010dovjek kluba - RADIO LJUBU\u0160KI<\/title>\n<meta name=\"robots\" content=\"index, follow, max-snippet:-1, max-image-preview:large, max-video-preview:-1\" \/>\n<link rel=\"canonical\" href=\"https:\/\/radioljubuski.ba\/index.php\/2022\/08\/01\/na-webu-dinama-pise-da-je-zdravko-mamic-i-dalje-glavni-covjek-kluba\/\" \/>\n<meta property=\"og:locale\" content=\"hr_HR\" \/>\n<meta property=\"og:type\" content=\"article\" \/>\n<meta property=\"og:title\" content=\"Na webu Dinama pi\u0161e da je Zdravko Mami\u0107 i dalje glavni \u010dovjek kluba - RADIO LJUBU\u0160KI\" \/>\n<meta property=\"og:description\" content=\"Dinamo Zagreb na svojim slu\u017ebenim web stranicama nije se odrekao Zdravka Mami\u0107a, bjegunac od hrvatskog pravosu\u0111a tvrdi da vi\u0161e nema nikakve veze s hrvatski prvakom, ali&#8230; Na stranicama kluba i dalje stoji podatak da je Mami\u0107 izvr\u0161ni dopredsjednik kluba, navija\u010di su to vidjeli i krenuli&nbsp;su komentari&nbsp;po&nbsp;dru\u0161tvenim mre\u017eama.&nbsp; &#8211; Pod nazivom Croatia, Dinamo je u devedesetima [&hellip;]\" \/>\n<meta property=\"og:url\" content=\"https:\/\/radioljubuski.ba\/index.php\/2022\/08\/01\/na-webu-dinama-pise-da-je-zdravko-mamic-i-dalje-glavni-covjek-kluba\/\" \/>\n<meta property=\"og:site_name\" content=\"RADIO LJUBU\u0160KI\" \/>\n<meta property=\"article:publisher\" content=\"https:\/\/www.facebook.com\/Radiio-Ljubuski-1490835324566332\" \/>\n<meta property=\"article:published_time\" content=\"2022-08-01T10:26:24+00:00\" \/>\n<meta property=\"article:modified_time\" content=\"2022-08-01T10:26:26+00:00\" \/>\n<meta property=\"og:image\" content=\"https:\/\/radioljubuski.ba\/wp-content\/uploads\/2021\/05\/mamicc.jpg\" \/>\n\t<meta property=\"og:image:width\" content=\"1000\" \/>\n\t<meta property=\"og:image:height\" content=\"625\" \/>\n\t<meta property=\"og:image:type\" content=\"image\/jpeg\" \/>\n<meta name=\"author\" content=\"Radio Ljubu\u0161ki\" \/>\n<meta name=\"twitter:card\" content=\"summary_large_image\" \/>\n<meta name=\"twitter:creator\" content=\"@radioljubuski\" \/>\n<meta name=\"twitter:site\" content=\"@radioljubuski\" \/>\n<meta name=\"twitter:label1\" content=\"Napisao\/la\" \/>\n\t<meta name=\"twitter:data1\" content=\"Radio Ljubu\u0161ki\" \/>\n\t<meta name=\"twitter:label2\" content=\"Procijenjeno vrijeme \u010ditanja\" \/>\n\t<meta name=\"twitter:data2\" content=\"1 minuta\" \/>\n<script type=\"application\/ld+json\" class=\"yoast-schema-graph\">{\"@context\":\"https:\\\/\\\/schema.org\",\"@graph\":[{\"@type\":\"Article\",\"@id\":\"https:\\\/\\\/radioljubuski.ba\\\/index.php\\\/2022\\\/08\\\/01\\\/na-webu-dinama-pise-da-je-zdravko-mamic-i-dalje-glavni-covjek-kluba\\\/#article\",\"isPartOf\":{\"@id\":\"https:\\\/\\\/radioljubuski.ba\\\/index.php\\\/2022\\\/08\\\/01\\\/na-webu-dinama-pise-da-je-zdravko-mamic-i-dalje-glavni-covjek-kluba\\\/\"},\"author\":{\"name\":\"Radio Ljubu\u0161ki\",\"@id\":\"https:\\\/\\\/radioljubuski.ba\\\/#\\\/schema\\\/person\\\/19fc700381a780f69665d7956c469e3b\"},\"headline\":\"Na webu Dinama pi\u0161e da je Zdravko Mami\u0107 i dalje glavni \u010dovjek kluba\",\"datePublished\":\"2022-08-01T10:26:24+00:00\",\"dateModified\":\"2022-08-01T10:26:26+00:00\",\"mainEntityOfPage\":{\"@id\":\"https:\\\/\\\/radioljubuski.ba\\\/index.php\\\/2022\\\/08\\\/01\\\/na-webu-dinama-pise-da-je-zdravko-mamic-i-dalje-glavni-covjek-kluba\\\/\"},\"wordCount\":214,\"publisher\":{\"@id\":\"https:\\\/\\\/radioljubuski.ba\\\/#organization\"},\"image\":{\"@id\":\"https:\\\/\\\/radioljubuski.ba\\\/index.php\\\/2022\\\/08\\\/01\\\/na-webu-dinama-pise-da-je-zdravko-mamic-i-dalje-glavni-covjek-kluba\\\/#primaryimage\"},\"thumbnailUrl\":\"https:\\\/\\\/radioljubuski.ba\\\/wp-content\\\/uploads\\\/2021\\\/05\\\/mamicc.jpg\",\"articleSection\":[\"\u0160port\"],\"inLanguage\":\"hr\"},{\"@type\":\"WebPage\",\"@id\":\"https:\\\/\\\/radioljubuski.ba\\\/index.php\\\/2022\\\/08\\\/01\\\/na-webu-dinama-pise-da-je-zdravko-mamic-i-dalje-glavni-covjek-kluba\\\/\",\"url\":\"https:\\\/\\\/radioljubuski.ba\\\/index.php\\\/2022\\\/08\\\/01\\\/na-webu-dinama-pise-da-je-zdravko-mamic-i-dalje-glavni-covjek-kluba\\\/\",\"name\":\"Na webu Dinama pi\u0161e da je Zdravko Mami\u0107 i dalje glavni \u010dovjek kluba - RADIO LJUBU\u0160KI\",\"isPartOf\":{\"@id\":\"https:\\\/\\\/radioljubuski.ba\\\/#website\"},\"primaryImageOfPage\":{\"@id\":\"https:\\\/\\\/radioljubuski.ba\\\/index.php\\\/2022\\\/08\\\/01\\\/na-webu-dinama-pise-da-je-zdravko-mamic-i-dalje-glavni-covjek-kluba\\\/#primaryimage\"},\"image\":{\"@id\":\"https:\\\/\\\/radioljubuski.ba\\\/index.php\\\/2022\\\/08\\\/01\\\/na-webu-dinama-pise-da-je-zdravko-mamic-i-dalje-glavni-covjek-kluba\\\/#primaryimage\"},\"thumbnailUrl\":\"https:\\\/\\\/radioljubuski.ba\\\/wp-content\\\/uploads\\\/2021\\\/05\\\/mamicc.jpg\",\"datePublished\":\"2022-08-01T10:26:24+00:00\",\"dateModified\":\"2022-08-01T10:26:26+00:00\",\"breadcrumb\":{\"@id\":\"https:\\\/\\\/radioljubuski.ba\\\/index.php\\\/2022\\\/08\\\/01\\\/na-webu-dinama-pise-da-je-zdravko-mamic-i-dalje-glavni-covjek-kluba\\\/#breadcrumb\"},\"inLanguage\":\"hr\",\"potentialAction\":[{\"@type\":\"ReadAction\",\"target\":[\"https:\\\/\\\/radioljubuski.ba\\\/index.php\\\/2022\\\/08\\\/01\\\/na-webu-dinama-pise-da-je-zdravko-mamic-i-dalje-glavni-covjek-kluba\\\/\"]}]},{\"@type\":\"ImageObject\",\"inLanguage\":\"hr\",\"@id\":\"https:\\\/\\\/radioljubuski.ba\\\/index.php\\\/2022\\\/08\\\/01\\\/na-webu-dinama-pise-da-je-zdravko-mamic-i-dalje-glavni-covjek-kluba\\\/#primaryimage\",\"url\":\"https:\\\/\\\/radioljubuski.ba\\\/wp-content\\\/uploads\\\/2021\\\/05\\\/mamicc.jpg\",\"contentUrl\":\"https:\\\/\\\/radioljubuski.ba\\\/wp-content\\\/uploads\\\/2021\\\/05\\\/mamicc.jpg\",\"width\":1000,\"height\":625},{\"@type\":\"BreadcrumbList\",\"@id\":\"https:\\\/\\\/radioljubuski.ba\\\/index.php\\\/2022\\\/08\\\/01\\\/na-webu-dinama-pise-da-je-zdravko-mamic-i-dalje-glavni-covjek-kluba\\\/#breadcrumb\",\"itemListElement\":[{\"@type\":\"ListItem\",\"position\":1,\"name\":\"Po\u010detna stranica\",\"item\":\"https:\\\/\\\/radioljubuski.ba\\\/\"},{\"@type\":\"ListItem\",\"position\":2,\"name\":\"Na webu Dinama pi\u0161e da je Zdravko Mami\u0107 i dalje glavni \u010dovjek kluba\"}]},{\"@type\":\"WebSite\",\"@id\":\"https:\\\/\\\/radioljubuski.ba\\\/#website\",\"url\":\"https:\\\/\\\/radioljubuski.ba\\\/\",\"name\":\"Radio Ljubu\u0161ki\",\"description\":\"Sun\u010dana frekvencija Hercegovine\",\"publisher\":{\"@id\":\"https:\\\/\\\/radioljubuski.ba\\\/#organization\"},\"potentialAction\":[{\"@type\":\"SearchAction\",\"target\":{\"@type\":\"EntryPoint\",\"urlTemplate\":\"https:\\\/\\\/radioljubuski.ba\\\/?s={search_term_string}\"},\"query-input\":{\"@type\":\"PropertyValueSpecification\",\"valueRequired\":true,\"valueName\":\"search_term_string\"}}],\"inLanguage\":\"hr\"},{\"@type\":\"Organization\",\"@id\":\"https:\\\/\\\/radioljubuski.ba\\\/#organization\",\"name\":\"Radio Ljubu\u0161ki\",\"url\":\"https:\\\/\\\/radioljubuski.ba\\\/\",\"logo\":{\"@type\":\"ImageObject\",\"inLanguage\":\"hr\",\"@id\":\"https:\\\/\\\/radioljubuski.ba\\\/#\\\/schema\\\/logo\\\/image\\\/\",\"url\":\"https:\\\/\\\/radioljubuski.ba\\\/wp-content\\\/uploads\\\/2021\\\/02\\\/cropped-Radio_Ljubuski_logo1.jpg\",\"contentUrl\":\"https:\\\/\\\/radioljubuski.ba\\\/wp-content\\\/uploads\\\/2021\\\/02\\\/cropped-Radio_Ljubuski_logo1.jpg\",\"width\":512,\"height\":512,\"caption\":\"Radio Ljubu\u0161ki\"},\"image\":{\"@id\":\"https:\\\/\\\/radioljubuski.ba\\\/#\\\/schema\\\/logo\\\/image\\\/\"},\"sameAs\":[\"https:\\\/\\\/www.facebook.com\\\/Radiio-Ljubuski-1490835324566332\",\"https:\\\/\\\/x.com\\\/radioljubuski\",\"https:\\\/\\\/hr.linkedin.com\\\/company\\\/radio-ljubuski\",\"https:\\\/\\\/www.youtube.com\\\/channel\\\/UCHYaeO_n0Db3tjNGudGpXyw\"]},{\"@type\":\"Person\",\"@id\":\"https:\\\/\\\/radioljubuski.ba\\\/#\\\/schema\\\/person\\\/19fc700381a780f69665d7956c469e3b\",\"name\":\"Radio Ljubu\u0161ki\"}]}<\/script>\n<!-- \/ Yoast SEO plugin. -->","yoast_head_json":{"title":"Na webu Dinama pi\u0161e da je Zdravko Mami\u0107 i dalje glavni \u010dovjek kluba - RADIO LJUBU\u0160KI","robots":{"index":"index","follow":"follow","max-snippet":"max-snippet:-1","max-image-preview":"max-image-preview:large","max-video-preview":"max-video-preview:-1"},"canonical":"https:\/\/radioljubuski.ba\/index.php\/2022\/08\/01\/na-webu-dinama-pise-da-je-zdravko-mamic-i-dalje-glavni-covjek-kluba\/","og_locale":"hr_HR","og_type":"article","og_title":"Na webu Dinama pi\u0161e da je Zdravko Mami\u0107 i dalje glavni \u010dovjek kluba - RADIO LJUBU\u0160KI","og_description":"Dinamo Zagreb na svojim slu\u017ebenim web stranicama nije se odrekao Zdravka Mami\u0107a, bjegunac od hrvatskog pravosu\u0111a tvrdi da vi\u0161e nema nikakve veze s hrvatski prvakom, ali&#8230; Na stranicama kluba i dalje stoji podatak da je Mami\u0107 izvr\u0161ni dopredsjednik kluba, navija\u010di su to vidjeli i krenuli&nbsp;su komentari&nbsp;po&nbsp;dru\u0161tvenim mre\u017eama.&nbsp; &#8211; Pod nazivom Croatia, Dinamo je u devedesetima [&hellip;]","og_url":"https:\/\/radioljubuski.ba\/index.php\/2022\/08\/01\/na-webu-dinama-pise-da-je-zdravko-mamic-i-dalje-glavni-covjek-kluba\/","og_site_name":"RADIO LJUBU\u0160KI","article_publisher":"https:\/\/www.facebook.com\/Radiio-Ljubuski-1490835324566332","article_published_time":"2022-08-01T10:26:24+00:00","article_modified_time":"2022-08-01T10:26:26+00:00","og_image":[{"width":1000,"height":625,"url":"https:\/\/radioljubuski.ba\/wp-content\/uploads\/2021\/05\/mamicc.jpg","type":"image\/jpeg"}],"author":"Radio Ljubu\u0161ki","twitter_card":"summary_large_image","twitter_creator":"@radioljubuski","twitter_site":"@radioljubuski","twitter_misc":{"Napisao\/la":"Radio Ljubu\u0161ki","Procijenjeno vrijeme \u010ditanja":"1 minuta"},"schema":{"@context":"https:\/\/schema.org","@graph":[{"@type":"Article","@id":"https:\/\/radioljubuski.ba\/index.php\/2022\/08\/01\/na-webu-dinama-pise-da-je-zdravko-mamic-i-dalje-glavni-covjek-kluba\/#article","isPartOf":{"@id":"https:\/\/radioljubuski.ba\/index.php\/2022\/08\/01\/na-webu-dinama-pise-da-je-zdravko-mamic-i-dalje-glavni-covjek-kluba\/"},"author":{"name":"Radio Ljubu\u0161ki","@id":"https:\/\/radioljubuski.ba\/#\/schema\/person\/19fc700381a780f69665d7956c469e3b"},"headline":"Na webu Dinama pi\u0161e da je Zdravko Mami\u0107 i dalje glavni \u010dovjek kluba","datePublished":"2022-08-01T10:26:24+00:00","dateModified":"2022-08-01T10:26:26+00:00","mainEntityOfPage":{"@id":"https:\/\/radioljubuski.ba\/index.php\/2022\/08\/01\/na-webu-dinama-pise-da-je-zdravko-mamic-i-dalje-glavni-covjek-kluba\/"},"wordCount":214,"publisher":{"@id":"https:\/\/radioljubuski.ba\/#organization"},"image":{"@id":"https:\/\/radioljubuski.ba\/index.php\/2022\/08\/01\/na-webu-dinama-pise-da-je-zdravko-mamic-i-dalje-glavni-covjek-kluba\/#primaryimage"},"thumbnailUrl":"https:\/\/radioljubuski.ba\/wp-content\/uploads\/2021\/05\/mamicc.jpg","articleSection":["\u0160port"],"inLanguage":"hr"},{"@type":"WebPage","@id":"https:\/\/radioljubuski.ba\/index.php\/2022\/08\/01\/na-webu-dinama-pise-da-je-zdravko-mamic-i-dalje-glavni-covjek-kluba\/","url":"https:\/\/radioljubuski.ba\/index.php\/2022\/08\/01\/na-webu-dinama-pise-da-je-zdravko-mamic-i-dalje-glavni-covjek-kluba\/","name":"Na webu Dinama pi\u0161e da je Zdravko Mami\u0107 i dalje glavni \u010dovjek kluba - RADIO LJUBU\u0160KI","isPartOf":{"@id":"https:\/\/radioljubuski.ba\/#website"},"primaryImageOfPage":{"@id":"https:\/\/radioljubuski.ba\/index.php\/2022\/08\/01\/na-webu-dinama-pise-da-je-zdravko-mamic-i-dalje-glavni-covjek-kluba\/#primaryimage"},"image":{"@id":"https:\/\/radioljubuski.ba\/index.php\/2022\/08\/01\/na-webu-dinama-pise-da-je-zdravko-mamic-i-dalje-glavni-covjek-kluba\/#primaryimage"},"thumbnailUrl":"https:\/\/radioljubuski.ba\/wp-content\/uploads\/2021\/05\/mamicc.jpg","datePublished":"2022-08-01T10:26:24+00:00","dateModified":"2022-08-01T10:26:26+00:00","breadcrumb":{"@id":"https:\/\/radioljubuski.ba\/index.php\/2022\/08\/01\/na-webu-dinama-pise-da-je-zdravko-mamic-i-dalje-glavni-covjek-kluba\/#breadcrumb"},"inLanguage":"hr","potentialAction":[{"@type":"ReadAction","target":["https:\/\/radioljubuski.ba\/index.php\/2022\/08\/01\/na-webu-dinama-pise-da-je-zdravko-mamic-i-dalje-glavni-covjek-kluba\/"]}]},{"@type":"ImageObject","inLanguage":"hr","@id":"https:\/\/radioljubuski.ba\/index.php\/2022\/08\/01\/na-webu-dinama-pise-da-je-zdravko-mamic-i-dalje-glavni-covjek-kluba\/#primaryimage","url":"https:\/\/radioljubuski.ba\/wp-content\/uploads\/2021\/05\/mamicc.jpg","contentUrl":"https:\/\/radioljubuski.ba\/wp-content\/uploads\/2021\/05\/mamicc.jpg","width":1000,"height":625},{"@type":"BreadcrumbList","@id":"https:\/\/radioljubuski.ba\/index.php\/2022\/08\/01\/na-webu-dinama-pise-da-je-zdravko-mamic-i-dalje-glavni-covjek-kluba\/#breadcrumb","itemListElement":[{"@type":"ListItem","position":1,"name":"Po\u010detna stranica","item":"https:\/\/radioljubuski.ba\/"},{"@type":"ListItem","position":2,"name":"Na webu Dinama pi\u0161e da je Zdravko Mami\u0107 i dalje glavni \u010dovjek kluba"}]},{"@type":"WebSite","@id":"https:\/\/radioljubuski.ba\/#website","url":"https:\/\/radioljubuski.ba\/","name":"Radio Ljubu\u0161ki","description":"Sun\u010dana frekvencija Hercegovine","publisher":{"@id":"https:\/\/radioljubuski.ba\/#organization"},"potentialAction":[{"@type":"SearchAction","target":{"@type":"EntryPoint","urlTemplate":"https:\/\/radioljubuski.ba\/?s={search_term_string}"},"query-input":{"@type":"PropertyValueSpecification","valueRequired":true,"valueName":"search_term_string"}}],"inLanguage":"hr"},{"@type":"Organization","@id":"https:\/\/radioljubuski.ba\/#organization","name":"Radio Ljubu\u0161ki","url":"https:\/\/radioljubuski.ba\/","logo":{"@type":"ImageObject","inLanguage":"hr","@id":"https:\/\/radioljubuski.ba\/#\/schema\/logo\/image\/","url":"https:\/\/radioljubuski.ba\/wp-content\/uploads\/2021\/02\/cropped-Radio_Ljubuski_logo1.jpg","contentUrl":"https:\/\/radioljubuski.ba\/wp-content\/uploads\/2021\/02\/cropped-Radio_Ljubuski_logo1.jpg","width":512,"height":512,"caption":"Radio Ljubu\u0161ki"},"image":{"@id":"https:\/\/radioljubuski.ba\/#\/schema\/logo\/image\/"},"sameAs":["https:\/\/www.facebook.com\/Radiio-Ljubuski-1490835324566332","https:\/\/x.com\/radioljubuski","https:\/\/hr.linkedin.com\/company\/radio-ljubuski","https:\/\/www.youtube.com\/channel\/UCHYaeO_n0Db3tjNGudGpXyw"]},{"@type":"Person","@id":"https:\/\/radioljubuski.ba\/#\/schema\/person\/19fc700381a780f69665d7956c469e3b","name":"Radio Ljubu\u0161ki"}]}},"_links":{"self":[{"href":"https:\/\/radioljubuski.ba\/index.php\/wp-json\/wp\/v2\/posts\/165305","targetHints":{"allow":["GET"]}}],"collection":[{"href":"https:\/\/radioljubuski.ba\/index.php\/wp-json\/wp\/v2\/posts"}],"about":[{"href":"https:\/\/radioljubuski.ba\/index.php\/wp-json\/wp\/v2\/types\/post"}],"author":[{"embeddable":true,"href":"https:\/\/radioljubuski.ba\/index.php\/wp-json\/wp\/v2\/users\/2"}],"replies":[{"embeddable":true,"href":"https:\/\/radioljubuski.ba\/index.php\/wp-json\/wp\/v2\/comments?post=165305"}],"version-history":[{"count":1,"href":"https:\/\/radioljubuski.ba\/index.php\/wp-json\/wp\/v2\/posts\/165305\/revisions"}],"predecessor-version":[{"id":165306,"href":"https:\/\/radioljubuski.ba\/index.php\/wp-json\/wp\/v2\/posts\/165305\/revisions\/165306"}],"wp:featuredmedia":[{"embeddable":true,"href":"https:\/\/radioljubuski.ba\/index.php\/wp-json\/wp\/v2\/media\/21509"}],"wp:attachment":[{"href":"https:\/\/radioljubuski.ba\/index.php\/wp-json\/wp\/v2\/media?parent=165305"}],"wp:term":[{"taxonomy":"category","embeddable":true,"href":"https:\/\/radioljubuski.ba\/index.php\/wp-json\/wp\/v2\/categories?post=165305"},{"taxonomy":"post_tag","embeddable":true,"href":"https:\/\/radioljubuski.ba\/index.php\/wp-json\/wp\/v2\/tags?post=165305"}],"curies":[{"name":"wp","href":"https:\/\/api.w.org\/{rel}","templated":true}]}}