{"id":16531,"date":"2021-04-26T18:29:19","date_gmt":"2021-04-26T17:29:19","guid":{"rendered":"https:\/\/radioljubuski.ba\/?p=16531"},"modified":"2021-04-26T18:29:21","modified_gmt":"2021-04-26T17:29:21","slug":"ruzic-objasnio-kako-se-cijepljeni-lijecnik-opet-prijavio-za-cijepljenje","status":"publish","type":"post","link":"https:\/\/radioljubuski.ba\/index.php\/2021\/04\/26\/ruzic-objasnio-kako-se-cijepljeni-lijecnik-opet-prijavio-za-cijepljenje\/","title":{"rendered":"Ru\u017ei\u0107 objasnio kako se cijepljeni lije\u010dnik opet prijavio za cijepljenje"},"content":{"rendered":"\n<p><strong>Ravnatelj rije\u010dkoga Klini\u010dkoga bolni\u010dkog centra Alen Ru\u017ei\u0107 izvijestio je da se lije\u010dnik Leonard Bressan mogao ponovno prijaviti za cijepljenje jer zbog pogre\u0161ke informati\u010dkog sustava u KBC-u nije bio prijavljen u sustavu nakon prvog cijepljenja.&nbsp;&nbsp;<\/strong><\/p>\n\n\n\n<p><a href=\"https:\/\/vijesti.hrt.hr\/hrvatska\/bicanic-nuspojave-cjepiva-rijetke-kao-sansa-prometne-nesrece-sa-smrtnom-posljedicom-1576884\"><br><\/a><\/p>\n\n\n\n<p>Lije\u010dnik Bressan iz Rijeke, ina\u010de \u010dlan Nadzornog odbora Koordinacije hrvatske obiteljske medicine, obavijestio je novinare da mu je prihva\u0107ena prijava za cijepljenje preko sustava Cijepise iako se ve\u0107 cijepio kao alergi\u010dar.<br><br><strong>Alen Ru\u017ei\u0107<\/strong>&nbsp;je na izvanrednoj konferenciji za novinstvo u ponedjeljak u rije\u010dkome KBC-u izvijestio da je Bressan cijepljen kao prvi u posebnom programu cijepljenja alergi\u010dara u rije\u010dkoj bolnici, a do tada su se cijepili samo djelatnici KBC-a.<br><br>&#8211; Pri upisu podataka do\u0161lo je do pogre\u0161ke u na\u0161em informati\u010dkom sustavu i podatci o tom cijepljenju nisu proslije\u0111eni nacionalnim platformama, rekao je Ru\u017ei\u0107.<br><br>&#8211; \u017dao nam je \u0161to se to dogodilo i to nema veze s pogre\u0161kama sustava Cijepise. Ne bih \u017eelio da se zbog jednog slu\u010daja dovodi u pitanje povjerenje u bolni\u010dki sustav i sustav cijelog cijepljenja, istaknuo je ravnatelj i dodao da je informati\u010dka slu\u017eba KBC-a uklonila pogre\u0161ku te su svi pacijenti nakon prvog cijepljenja zabilje\u017eeni i prijavljeni. Kad se ne\u0161to uvodi prvi put, pogre\u0161ke su mogu\u0107e, rekao je je.<br><br>Na pitanje da ocijeni sustav Cijepise, Ru\u017ei\u0107 je rekao kako nije stru\u010dnjak na podru\u010dju epidemiologije, ali, dodao je, po njegovim informacijama, ideja i namjena tog programa je u tre\u0107oj fazi cijepljenja te \u0107e pokazati punu funkcionalnost kad do\u0111e 3,1 milijuna doza cjepiva i bude 20 tisu\u0107a cijepljenja na tjedan.<br><br>Na pitanje da komentira \u0161pekulacije o tome da je on novi ministar zdravstva, Ru\u017ei\u0107 je rekao to sad nije realno.<br><br>&#8211; U regiji smo s najlo\u0161ijim pokazateljima covida u Europi, gradi se nova bolnica, vrlo intenzivno radimo na projektu tre\u0107oj faze nove bolnice, jo\u0161 dr\u017eim nastavu i \u017eelim ostati u kontaktu sa strukom te dr\u017eim de\u017eurstva, a uza sve to sam pomo\u0107nik rektorice rije\u010dkog Sveu\u010dili\u0161ta. Mislim da je to sasvim dovoljno obaveza zasad. Ustajem u pet ujutro i dajem maksimum, rekao je.<br><br>Na pitanje bi li prihvatio poziv premijera za tu du\u017enost, Ru\u017ei\u0107 je ponovio kako nije realno da ga pozove jer ima va\u017enih poslova u Rijeci.<\/p>\n\n\n\n<p>Izvor:hrt.hr<\/p>\n","protected":false},"excerpt":{"rendered":"<p>Ravnatelj rije\u010dkoga Klini\u010dkoga bolni\u010dkog centra Alen Ru\u017ei\u0107 izvijestio je da se lije\u010dnik Leonard Bressan mogao ponovno prijaviti za cijepljenje jer zbog pogre\u0161ke informati\u010dkog sustava u KBC-u nije bio prijavljen u sustavu nakon prvog cijepljenja.&nbsp;&nbsp; Lije\u010dnik Bressan iz Rijeke, ina\u010de \u010dlan Nadzornog odbora Koordinacije hrvatske obiteljske medicine, obavijestio je novinare da mu je prihva\u0107ena prijava za [&hellip;]<\/p>\n","protected":false},"author":2,"featured_media":16532,"comment_status":"closed","ping_status":"closed","sticky":false,"template":"","format":"standard","meta":{"h5ap_radio_sources":[],"footnotes":""},"categories":[1],"tags":[],"class_list":["post-16531","post","type-post","status-publish","format-standard","has-post-thumbnail","hentry","category-bihiregija"],"yoast_head":"<!-- This site is optimized with the Yoast SEO plugin v27.4 - https:\/\/yoast.com\/product\/yoast-seo-wordpress\/ -->\n<title>Ru\u017ei\u0107 objasnio kako se cijepljeni lije\u010dnik opet prijavio za cijepljenje - RADIO LJUBU\u0160KI<\/title>\n<meta name=\"robots\" content=\"index, follow, max-snippet:-1, max-image-preview:large, max-video-preview:-1\" \/>\n<link rel=\"canonical\" href=\"https:\/\/radioljubuski.ba\/index.php\/2021\/04\/26\/ruzic-objasnio-kako-se-cijepljeni-lijecnik-opet-prijavio-za-cijepljenje\/\" \/>\n<meta property=\"og:locale\" content=\"hr_HR\" \/>\n<meta property=\"og:type\" content=\"article\" \/>\n<meta property=\"og:title\" content=\"Ru\u017ei\u0107 objasnio kako se cijepljeni lije\u010dnik opet prijavio za cijepljenje - RADIO LJUBU\u0160KI\" \/>\n<meta property=\"og:description\" content=\"Ravnatelj rije\u010dkoga Klini\u010dkoga bolni\u010dkog centra Alen Ru\u017ei\u0107 izvijestio je da se lije\u010dnik Leonard Bressan mogao ponovno prijaviti za cijepljenje jer zbog pogre\u0161ke informati\u010dkog sustava u KBC-u nije bio prijavljen u sustavu nakon prvog cijepljenja.&nbsp;&nbsp; Lije\u010dnik Bressan iz Rijeke, ina\u010de \u010dlan Nadzornog odbora Koordinacije hrvatske obiteljske medicine, obavijestio je novinare da mu je prihva\u0107ena prijava za [&hellip;]\" \/>\n<meta property=\"og:url\" content=\"https:\/\/radioljubuski.ba\/index.php\/2021\/04\/26\/ruzic-objasnio-kako-se-cijepljeni-lijecnik-opet-prijavio-za-cijepljenje\/\" \/>\n<meta property=\"og:site_name\" content=\"RADIO LJUBU\u0160KI\" \/>\n<meta property=\"article:publisher\" content=\"https:\/\/www.facebook.com\/Radiio-Ljubuski-1490835324566332\" \/>\n<meta property=\"article:published_time\" content=\"2021-04-26T17:29:19+00:00\" \/>\n<meta property=\"article:modified_time\" content=\"2021-04-26T17:29:21+00:00\" \/>\n<meta property=\"og:image\" content=\"https:\/\/radioljubuski.ba\/wp-content\/uploads\/2021\/04\/preuzmi-1-9.jpg\" \/>\n\t<meta property=\"og:image:width\" content=\"275\" \/>\n\t<meta property=\"og:image:height\" content=\"183\" \/>\n\t<meta property=\"og:image:type\" content=\"image\/jpeg\" \/>\n<meta name=\"author\" content=\"Radio Ljubu\u0161ki\" \/>\n<meta name=\"twitter:card\" content=\"summary_large_image\" \/>\n<meta name=\"twitter:creator\" content=\"@radioljubuski\" \/>\n<meta name=\"twitter:site\" content=\"@radioljubuski\" \/>\n<meta name=\"twitter:label1\" content=\"Napisao\/la\" \/>\n\t<meta name=\"twitter:data1\" content=\"Radio Ljubu\u0161ki\" \/>\n\t<meta name=\"twitter:label2\" content=\"Procijenjeno vrijeme \u010ditanja\" \/>\n\t<meta name=\"twitter:data2\" content=\"2 minute\" \/>\n<script type=\"application\/ld+json\" class=\"yoast-schema-graph\">{\"@context\":\"https:\\\/\\\/schema.org\",\"@graph\":[{\"@type\":\"Article\",\"@id\":\"https:\\\/\\\/radioljubuski.ba\\\/index.php\\\/2021\\\/04\\\/26\\\/ruzic-objasnio-kako-se-cijepljeni-lijecnik-opet-prijavio-za-cijepljenje\\\/#article\",\"isPartOf\":{\"@id\":\"https:\\\/\\\/radioljubuski.ba\\\/index.php\\\/2021\\\/04\\\/26\\\/ruzic-objasnio-kako-se-cijepljeni-lijecnik-opet-prijavio-za-cijepljenje\\\/\"},\"author\":{\"name\":\"Radio Ljubu\u0161ki\",\"@id\":\"https:\\\/\\\/radioljubuski.ba\\\/#\\\/schema\\\/person\\\/19fc700381a780f69665d7956c469e3b\"},\"headline\":\"Ru\u017ei\u0107 objasnio kako se cijepljeni lije\u010dnik opet prijavio za cijepljenje\",\"datePublished\":\"2021-04-26T17:29:19+00:00\",\"dateModified\":\"2021-04-26T17:29:21+00:00\",\"mainEntityOfPage\":{\"@id\":\"https:\\\/\\\/radioljubuski.ba\\\/index.php\\\/2021\\\/04\\\/26\\\/ruzic-objasnio-kako-se-cijepljeni-lijecnik-opet-prijavio-za-cijepljenje\\\/\"},\"wordCount\":417,\"publisher\":{\"@id\":\"https:\\\/\\\/radioljubuski.ba\\\/#organization\"},\"image\":{\"@id\":\"https:\\\/\\\/radioljubuski.ba\\\/index.php\\\/2021\\\/04\\\/26\\\/ruzic-objasnio-kako-se-cijepljeni-lijecnik-opet-prijavio-za-cijepljenje\\\/#primaryimage\"},\"thumbnailUrl\":\"https:\\\/\\\/radioljubuski.ba\\\/wp-content\\\/uploads\\\/2021\\\/04\\\/preuzmi-1-9.jpg\",\"articleSection\":[\"BIH i regija\"],\"inLanguage\":\"hr\"},{\"@type\":\"WebPage\",\"@id\":\"https:\\\/\\\/radioljubuski.ba\\\/index.php\\\/2021\\\/04\\\/26\\\/ruzic-objasnio-kako-se-cijepljeni-lijecnik-opet-prijavio-za-cijepljenje\\\/\",\"url\":\"https:\\\/\\\/radioljubuski.ba\\\/index.php\\\/2021\\\/04\\\/26\\\/ruzic-objasnio-kako-se-cijepljeni-lijecnik-opet-prijavio-za-cijepljenje\\\/\",\"name\":\"Ru\u017ei\u0107 objasnio kako se cijepljeni lije\u010dnik opet prijavio za cijepljenje - RADIO LJUBU\u0160KI\",\"isPartOf\":{\"@id\":\"https:\\\/\\\/radioljubuski.ba\\\/#website\"},\"primaryImageOfPage\":{\"@id\":\"https:\\\/\\\/radioljubuski.ba\\\/index.php\\\/2021\\\/04\\\/26\\\/ruzic-objasnio-kako-se-cijepljeni-lijecnik-opet-prijavio-za-cijepljenje\\\/#primaryimage\"},\"image\":{\"@id\":\"https:\\\/\\\/radioljubuski.ba\\\/index.php\\\/2021\\\/04\\\/26\\\/ruzic-objasnio-kako-se-cijepljeni-lijecnik-opet-prijavio-za-cijepljenje\\\/#primaryimage\"},\"thumbnailUrl\":\"https:\\\/\\\/radioljubuski.ba\\\/wp-content\\\/uploads\\\/2021\\\/04\\\/preuzmi-1-9.jpg\",\"datePublished\":\"2021-04-26T17:29:19+00:00\",\"dateModified\":\"2021-04-26T17:29:21+00:00\",\"breadcrumb\":{\"@id\":\"https:\\\/\\\/radioljubuski.ba\\\/index.php\\\/2021\\\/04\\\/26\\\/ruzic-objasnio-kako-se-cijepljeni-lijecnik-opet-prijavio-za-cijepljenje\\\/#breadcrumb\"},\"inLanguage\":\"hr\",\"potentialAction\":[{\"@type\":\"ReadAction\",\"target\":[\"https:\\\/\\\/radioljubuski.ba\\\/index.php\\\/2021\\\/04\\\/26\\\/ruzic-objasnio-kako-se-cijepljeni-lijecnik-opet-prijavio-za-cijepljenje\\\/\"]}]},{\"@type\":\"ImageObject\",\"inLanguage\":\"hr\",\"@id\":\"https:\\\/\\\/radioljubuski.ba\\\/index.php\\\/2021\\\/04\\\/26\\\/ruzic-objasnio-kako-se-cijepljeni-lijecnik-opet-prijavio-za-cijepljenje\\\/#primaryimage\",\"url\":\"https:\\\/\\\/radioljubuski.ba\\\/wp-content\\\/uploads\\\/2021\\\/04\\\/preuzmi-1-9.jpg\",\"contentUrl\":\"https:\\\/\\\/radioljubuski.ba\\\/wp-content\\\/uploads\\\/2021\\\/04\\\/preuzmi-1-9.jpg\",\"width\":275,\"height\":183},{\"@type\":\"BreadcrumbList\",\"@id\":\"https:\\\/\\\/radioljubuski.ba\\\/index.php\\\/2021\\\/04\\\/26\\\/ruzic-objasnio-kako-se-cijepljeni-lijecnik-opet-prijavio-za-cijepljenje\\\/#breadcrumb\",\"itemListElement\":[{\"@type\":\"ListItem\",\"position\":1,\"name\":\"Po\u010detna stranica\",\"item\":\"https:\\\/\\\/radioljubuski.ba\\\/\"},{\"@type\":\"ListItem\",\"position\":2,\"name\":\"Ru\u017ei\u0107 objasnio kako se cijepljeni lije\u010dnik opet prijavio za cijepljenje\"}]},{\"@type\":\"WebSite\",\"@id\":\"https:\\\/\\\/radioljubuski.ba\\\/#website\",\"url\":\"https:\\\/\\\/radioljubuski.ba\\\/\",\"name\":\"Radio Ljubu\u0161ki\",\"description\":\"Sun\u010dana frekvencija Hercegovine\",\"publisher\":{\"@id\":\"https:\\\/\\\/radioljubuski.ba\\\/#organization\"},\"potentialAction\":[{\"@type\":\"SearchAction\",\"target\":{\"@type\":\"EntryPoint\",\"urlTemplate\":\"https:\\\/\\\/radioljubuski.ba\\\/?s={search_term_string}\"},\"query-input\":{\"@type\":\"PropertyValueSpecification\",\"valueRequired\":true,\"valueName\":\"search_term_string\"}}],\"inLanguage\":\"hr\"},{\"@type\":\"Organization\",\"@id\":\"https:\\\/\\\/radioljubuski.ba\\\/#organization\",\"name\":\"Radio Ljubu\u0161ki\",\"url\":\"https:\\\/\\\/radioljubuski.ba\\\/\",\"logo\":{\"@type\":\"ImageObject\",\"inLanguage\":\"hr\",\"@id\":\"https:\\\/\\\/radioljubuski.ba\\\/#\\\/schema\\\/logo\\\/image\\\/\",\"url\":\"https:\\\/\\\/radioljubuski.ba\\\/wp-content\\\/uploads\\\/2021\\\/02\\\/cropped-Radio_Ljubuski_logo1.jpg\",\"contentUrl\":\"https:\\\/\\\/radioljubuski.ba\\\/wp-content\\\/uploads\\\/2021\\\/02\\\/cropped-Radio_Ljubuski_logo1.jpg\",\"width\":512,\"height\":512,\"caption\":\"Radio Ljubu\u0161ki\"},\"image\":{\"@id\":\"https:\\\/\\\/radioljubuski.ba\\\/#\\\/schema\\\/logo\\\/image\\\/\"},\"sameAs\":[\"https:\\\/\\\/www.facebook.com\\\/Radiio-Ljubuski-1490835324566332\",\"https:\\\/\\\/x.com\\\/radioljubuski\",\"https:\\\/\\\/hr.linkedin.com\\\/company\\\/radio-ljubuski\",\"https:\\\/\\\/www.youtube.com\\\/channel\\\/UCHYaeO_n0Db3tjNGudGpXyw\"]},{\"@type\":\"Person\",\"@id\":\"https:\\\/\\\/radioljubuski.ba\\\/#\\\/schema\\\/person\\\/19fc700381a780f69665d7956c469e3b\",\"name\":\"Radio Ljubu\u0161ki\"}]}<\/script>\n<!-- \/ Yoast SEO plugin. -->","yoast_head_json":{"title":"Ru\u017ei\u0107 objasnio kako se cijepljeni lije\u010dnik opet prijavio za cijepljenje - RADIO LJUBU\u0160KI","robots":{"index":"index","follow":"follow","max-snippet":"max-snippet:-1","max-image-preview":"max-image-preview:large","max-video-preview":"max-video-preview:-1"},"canonical":"https:\/\/radioljubuski.ba\/index.php\/2021\/04\/26\/ruzic-objasnio-kako-se-cijepljeni-lijecnik-opet-prijavio-za-cijepljenje\/","og_locale":"hr_HR","og_type":"article","og_title":"Ru\u017ei\u0107 objasnio kako se cijepljeni lije\u010dnik opet prijavio za cijepljenje - RADIO LJUBU\u0160KI","og_description":"Ravnatelj rije\u010dkoga Klini\u010dkoga bolni\u010dkog centra Alen Ru\u017ei\u0107 izvijestio je da se lije\u010dnik Leonard Bressan mogao ponovno prijaviti za cijepljenje jer zbog pogre\u0161ke informati\u010dkog sustava u KBC-u nije bio prijavljen u sustavu nakon prvog cijepljenja.&nbsp;&nbsp; Lije\u010dnik Bressan iz Rijeke, ina\u010de \u010dlan Nadzornog odbora Koordinacije hrvatske obiteljske medicine, obavijestio je novinare da mu je prihva\u0107ena prijava za [&hellip;]","og_url":"https:\/\/radioljubuski.ba\/index.php\/2021\/04\/26\/ruzic-objasnio-kako-se-cijepljeni-lijecnik-opet-prijavio-za-cijepljenje\/","og_site_name":"RADIO LJUBU\u0160KI","article_publisher":"https:\/\/www.facebook.com\/Radiio-Ljubuski-1490835324566332","article_published_time":"2021-04-26T17:29:19+00:00","article_modified_time":"2021-04-26T17:29:21+00:00","og_image":[{"width":275,"height":183,"url":"https:\/\/radioljubuski.ba\/wp-content\/uploads\/2021\/04\/preuzmi-1-9.jpg","type":"image\/jpeg"}],"author":"Radio Ljubu\u0161ki","twitter_card":"summary_large_image","twitter_creator":"@radioljubuski","twitter_site":"@radioljubuski","twitter_misc":{"Napisao\/la":"Radio Ljubu\u0161ki","Procijenjeno vrijeme \u010ditanja":"2 minute"},"schema":{"@context":"https:\/\/schema.org","@graph":[{"@type":"Article","@id":"https:\/\/radioljubuski.ba\/index.php\/2021\/04\/26\/ruzic-objasnio-kako-se-cijepljeni-lijecnik-opet-prijavio-za-cijepljenje\/#article","isPartOf":{"@id":"https:\/\/radioljubuski.ba\/index.php\/2021\/04\/26\/ruzic-objasnio-kako-se-cijepljeni-lijecnik-opet-prijavio-za-cijepljenje\/"},"author":{"name":"Radio Ljubu\u0161ki","@id":"https:\/\/radioljubuski.ba\/#\/schema\/person\/19fc700381a780f69665d7956c469e3b"},"headline":"Ru\u017ei\u0107 objasnio kako se cijepljeni lije\u010dnik opet prijavio za cijepljenje","datePublished":"2021-04-26T17:29:19+00:00","dateModified":"2021-04-26T17:29:21+00:00","mainEntityOfPage":{"@id":"https:\/\/radioljubuski.ba\/index.php\/2021\/04\/26\/ruzic-objasnio-kako-se-cijepljeni-lijecnik-opet-prijavio-za-cijepljenje\/"},"wordCount":417,"publisher":{"@id":"https:\/\/radioljubuski.ba\/#organization"},"image":{"@id":"https:\/\/radioljubuski.ba\/index.php\/2021\/04\/26\/ruzic-objasnio-kako-se-cijepljeni-lijecnik-opet-prijavio-za-cijepljenje\/#primaryimage"},"thumbnailUrl":"https:\/\/radioljubuski.ba\/wp-content\/uploads\/2021\/04\/preuzmi-1-9.jpg","articleSection":["BIH i regija"],"inLanguage":"hr"},{"@type":"WebPage","@id":"https:\/\/radioljubuski.ba\/index.php\/2021\/04\/26\/ruzic-objasnio-kako-se-cijepljeni-lijecnik-opet-prijavio-za-cijepljenje\/","url":"https:\/\/radioljubuski.ba\/index.php\/2021\/04\/26\/ruzic-objasnio-kako-se-cijepljeni-lijecnik-opet-prijavio-za-cijepljenje\/","name":"Ru\u017ei\u0107 objasnio kako se cijepljeni lije\u010dnik opet prijavio za cijepljenje - RADIO LJUBU\u0160KI","isPartOf":{"@id":"https:\/\/radioljubuski.ba\/#website"},"primaryImageOfPage":{"@id":"https:\/\/radioljubuski.ba\/index.php\/2021\/04\/26\/ruzic-objasnio-kako-se-cijepljeni-lijecnik-opet-prijavio-za-cijepljenje\/#primaryimage"},"image":{"@id":"https:\/\/radioljubuski.ba\/index.php\/2021\/04\/26\/ruzic-objasnio-kako-se-cijepljeni-lijecnik-opet-prijavio-za-cijepljenje\/#primaryimage"},"thumbnailUrl":"https:\/\/radioljubuski.ba\/wp-content\/uploads\/2021\/04\/preuzmi-1-9.jpg","datePublished":"2021-04-26T17:29:19+00:00","dateModified":"2021-04-26T17:29:21+00:00","breadcrumb":{"@id":"https:\/\/radioljubuski.ba\/index.php\/2021\/04\/26\/ruzic-objasnio-kako-se-cijepljeni-lijecnik-opet-prijavio-za-cijepljenje\/#breadcrumb"},"inLanguage":"hr","potentialAction":[{"@type":"ReadAction","target":["https:\/\/radioljubuski.ba\/index.php\/2021\/04\/26\/ruzic-objasnio-kako-se-cijepljeni-lijecnik-opet-prijavio-za-cijepljenje\/"]}]},{"@type":"ImageObject","inLanguage":"hr","@id":"https:\/\/radioljubuski.ba\/index.php\/2021\/04\/26\/ruzic-objasnio-kako-se-cijepljeni-lijecnik-opet-prijavio-za-cijepljenje\/#primaryimage","url":"https:\/\/radioljubuski.ba\/wp-content\/uploads\/2021\/04\/preuzmi-1-9.jpg","contentUrl":"https:\/\/radioljubuski.ba\/wp-content\/uploads\/2021\/04\/preuzmi-1-9.jpg","width":275,"height":183},{"@type":"BreadcrumbList","@id":"https:\/\/radioljubuski.ba\/index.php\/2021\/04\/26\/ruzic-objasnio-kako-se-cijepljeni-lijecnik-opet-prijavio-za-cijepljenje\/#breadcrumb","itemListElement":[{"@type":"ListItem","position":1,"name":"Po\u010detna stranica","item":"https:\/\/radioljubuski.ba\/"},{"@type":"ListItem","position":2,"name":"Ru\u017ei\u0107 objasnio kako se cijepljeni lije\u010dnik opet prijavio za cijepljenje"}]},{"@type":"WebSite","@id":"https:\/\/radioljubuski.ba\/#website","url":"https:\/\/radioljubuski.ba\/","name":"Radio Ljubu\u0161ki","description":"Sun\u010dana frekvencija Hercegovine","publisher":{"@id":"https:\/\/radioljubuski.ba\/#organization"},"potentialAction":[{"@type":"SearchAction","target":{"@type":"EntryPoint","urlTemplate":"https:\/\/radioljubuski.ba\/?s={search_term_string}"},"query-input":{"@type":"PropertyValueSpecification","valueRequired":true,"valueName":"search_term_string"}}],"inLanguage":"hr"},{"@type":"Organization","@id":"https:\/\/radioljubuski.ba\/#organization","name":"Radio Ljubu\u0161ki","url":"https:\/\/radioljubuski.ba\/","logo":{"@type":"ImageObject","inLanguage":"hr","@id":"https:\/\/radioljubuski.ba\/#\/schema\/logo\/image\/","url":"https:\/\/radioljubuski.ba\/wp-content\/uploads\/2021\/02\/cropped-Radio_Ljubuski_logo1.jpg","contentUrl":"https:\/\/radioljubuski.ba\/wp-content\/uploads\/2021\/02\/cropped-Radio_Ljubuski_logo1.jpg","width":512,"height":512,"caption":"Radio Ljubu\u0161ki"},"image":{"@id":"https:\/\/radioljubuski.ba\/#\/schema\/logo\/image\/"},"sameAs":["https:\/\/www.facebook.com\/Radiio-Ljubuski-1490835324566332","https:\/\/x.com\/radioljubuski","https:\/\/hr.linkedin.com\/company\/radio-ljubuski","https:\/\/www.youtube.com\/channel\/UCHYaeO_n0Db3tjNGudGpXyw"]},{"@type":"Person","@id":"https:\/\/radioljubuski.ba\/#\/schema\/person\/19fc700381a780f69665d7956c469e3b","name":"Radio Ljubu\u0161ki"}]}},"_links":{"self":[{"href":"https:\/\/radioljubuski.ba\/index.php\/wp-json\/wp\/v2\/posts\/16531","targetHints":{"allow":["GET"]}}],"collection":[{"href":"https:\/\/radioljubuski.ba\/index.php\/wp-json\/wp\/v2\/posts"}],"about":[{"href":"https:\/\/radioljubuski.ba\/index.php\/wp-json\/wp\/v2\/types\/post"}],"author":[{"embeddable":true,"href":"https:\/\/radioljubuski.ba\/index.php\/wp-json\/wp\/v2\/users\/2"}],"replies":[{"embeddable":true,"href":"https:\/\/radioljubuski.ba\/index.php\/wp-json\/wp\/v2\/comments?post=16531"}],"version-history":[{"count":1,"href":"https:\/\/radioljubuski.ba\/index.php\/wp-json\/wp\/v2\/posts\/16531\/revisions"}],"predecessor-version":[{"id":16533,"href":"https:\/\/radioljubuski.ba\/index.php\/wp-json\/wp\/v2\/posts\/16531\/revisions\/16533"}],"wp:featuredmedia":[{"embeddable":true,"href":"https:\/\/radioljubuski.ba\/index.php\/wp-json\/wp\/v2\/media\/16532"}],"wp:attachment":[{"href":"https:\/\/radioljubuski.ba\/index.php\/wp-json\/wp\/v2\/media?parent=16531"}],"wp:term":[{"taxonomy":"category","embeddable":true,"href":"https:\/\/radioljubuski.ba\/index.php\/wp-json\/wp\/v2\/categories?post=16531"},{"taxonomy":"post_tag","embeddable":true,"href":"https:\/\/radioljubuski.ba\/index.php\/wp-json\/wp\/v2\/tags?post=16531"}],"curies":[{"name":"wp","href":"https:\/\/api.w.org\/{rel}","templated":true}]}}