{"id":165310,"date":"2022-08-01T11:29:21","date_gmt":"2022-08-01T10:29:21","guid":{"rendered":"https:\/\/radioljubuski.ba\/?p=165310"},"modified":"2022-08-01T11:29:22","modified_gmt":"2022-08-01T10:29:22","slug":"cudesno-prokosko-jezero-dokaz-da-za-odmor-iz-snova-ne-trebate-napustiti-bih","status":"publish","type":"post","link":"https:\/\/radioljubuski.ba\/index.php\/2022\/08\/01\/cudesno-prokosko-jezero-dokaz-da-za-odmor-iz-snova-ne-trebate-napustiti-bih\/","title":{"rendered":"\u010cudesno Proko\u0161ko jezero: Dokaz da za odmor iz snova ne trebate napustiti BiH"},"content":{"rendered":"\n<p>&#8220;\u010cesto kada pri\u010damo o&nbsp;Bosni i Hercegovini,&nbsp;spominjemo tu nevjerojatnu prirodu kojom se toliko ponosimo. Pri\u010damo o jezerima i rijekama. Vodopadima i planinama od kojih zastaje dah. A nekako mi se \u010dini da ta priroda nigdje ne dolazi toliko do izra\u017eaja kao ovdje \u2013 na&nbsp;Proko\u0161kom jezeru. Zaista to mislim&#8221;, otkriva putopisac iz Bosne i Hercegovine&nbsp;Robert Dace\u0161in, koji o svojim pute\u0161estvijima pi\u0161e na blogu<a href=\"https:\/\/www.riopricesaputovanja.com\/v1\/\" target=\"_blank\" rel=\"noreferrer noopener\">&nbsp;RIO pri\u010de sa putovanja,<\/a> a pratiti ga mo\u017eete i na YouTubeu. prenosi Punkufer.&nbsp;&nbsp;<\/p>\n\n\n\n<p>Proko\u0161ko jezero smjestilo se na planini Vranici, gdje le\u017ei na 1636 metara nadmorske visine. Nalazi se u blizini Fojnice, od koje je udaljeno oko 22 kilometra. Jezero je poznato i po tome \u0161to su na njemu prona\u0111ene endemi\u010dne vrste flore i faune, a postoji \u010dak i pri\u010da da se u njemu jo\u0161 uvijek nalazi endemi\u010dni primjerak vodozemca tritona.<\/p>\n\n\n\n<p>&#8220;Ovo je bez dileme&nbsp;jedno od najljep\u0161ih mjesta u prirodi&nbsp;koje sam imao priliku vidjeti u Bosni i Hercegovini i jedno od rijetkih gdje mo\u017eete u\u017eivati u \u010distoj i gotovo netaknutoj prirodi, a opet imate sav komfor koji vam je potreban. Naime, no\u0107enje u vikendicama mo\u017eete prona\u0107i za oko 50 &#8211; 70 KM, a u njih mo\u017ee stati i do 10 ljudi. Vikendice su zaista lijepo sre\u0111ene i opremljene, sa svim potrebnim sadr\u017eajem koji vam mo\u017ee trebati, kao i jako dobrim grijanjem, jer no\u0107i na planini, koliko god posebne bile, \u010desto su dosta hladne.<\/p>\n\n\n\n<p>A kada ujutro ustanete, umijete se&nbsp;hladnom izvorskom vodom&nbsp;i krenete u \u0161etnju, do\u010dekat \u0107e vas pravi mali raj. Postoji li ne\u0161to ljep\u0161e nego probuditi se uz savr\u0161en pogled, sjesti na drvene klupe, izvaditi hranu koju ste spremili i doru\u010dkovati sa dragim prijateljima, u\u017eivaju\u0107i u svoj ovoj ljepoti. Iako smo nosili svoju hranu i ro\u0161tiljali ovdje, lokalci \u0107e vas ponuditi&nbsp;doma\u0107im sirom i kajmakom, pitom ili hljebom ispod sa\u0107a, tako da se ne morate previ\u0161e optere\u0107ivati oko toga.<\/p>\n\n\n\n<p>Jedna od aktivnosti koju svakako preporu\u010dujem je penjanje na&nbsp;planinu Vranicu&nbsp;i osvajanje nekoliko njenih vrhova, koji se nalaze zaista blizu jedan drugog. Kako ste ve\u0107 prili\u010dno visoko, ne\u0107e vam trebati du\u017ee od dva sata da se popnete na vrh vi\u0161i od 2000 metara, a uspon zaista nije te\u017eak, te tijekom \u010ditave \u0161etnje imate priliku u\u017eivati u prelijepoj prirodi koja vas okru\u017euje sa svih strana. Mi smo se popeli na dva vrha,&nbsp;Krstac te Nadkrstac, koji predstavlja i najvi\u0161i vrh Vranice, sa visinom od 2112 metara. Ovo je isto tako i peti najvi\u0161i vrh u na\u0161oj zemlji&#8221;, otkriva Robert.<\/p>\n\n\n\n<p>Vjerojatno jedini problem vezan za posjet Proko\u0161kom jezeru je&nbsp;lo\u0161 makadam&nbsp;u du\u017eini od 18 kilometara.<\/p>\n\n\n\n<p>Izvor:punkufer.hr<\/p>\n","protected":false},"excerpt":{"rendered":"<p>&#8220;\u010cesto kada pri\u010damo o&nbsp;Bosni i Hercegovini,&nbsp;spominjemo tu nevjerojatnu prirodu kojom se toliko ponosimo. Pri\u010damo o jezerima i rijekama. Vodopadima i planinama od kojih zastaje dah. A nekako mi se \u010dini da ta priroda nigdje ne dolazi toliko do izra\u017eaja kao ovdje \u2013 na&nbsp;Proko\u0161kom jezeru. Zaista to mislim&#8221;, otkriva putopisac iz Bosne i Hercegovine&nbsp;Robert Dace\u0161in, koji [&hellip;]<\/p>\n","protected":false},"author":2,"featured_media":165311,"comment_status":"closed","ping_status":"closed","sticky":false,"template":"","format":"standard","meta":{"h5ap_radio_sources":[],"footnotes":""},"categories":[1],"tags":[],"class_list":["post-165310","post","type-post","status-publish","format-standard","has-post-thumbnail","hentry","category-bihiregija"],"yoast_head":"<!-- This site is optimized with the Yoast SEO plugin v27.4 - https:\/\/yoast.com\/product\/yoast-seo-wordpress\/ -->\n<title>\u010cudesno Proko\u0161ko jezero: Dokaz da za odmor iz snova ne trebate napustiti BiH - RADIO LJUBU\u0160KI<\/title>\n<meta name=\"robots\" content=\"index, follow, max-snippet:-1, max-image-preview:large, max-video-preview:-1\" \/>\n<link rel=\"canonical\" href=\"https:\/\/radioljubuski.ba\/index.php\/2022\/08\/01\/cudesno-prokosko-jezero-dokaz-da-za-odmor-iz-snova-ne-trebate-napustiti-bih\/\" \/>\n<meta property=\"og:locale\" content=\"hr_HR\" \/>\n<meta property=\"og:type\" content=\"article\" \/>\n<meta property=\"og:title\" content=\"\u010cudesno Proko\u0161ko jezero: Dokaz da za odmor iz snova ne trebate napustiti BiH - RADIO LJUBU\u0160KI\" \/>\n<meta property=\"og:description\" content=\"&#8220;\u010cesto kada pri\u010damo o&nbsp;Bosni i Hercegovini,&nbsp;spominjemo tu nevjerojatnu prirodu kojom se toliko ponosimo. Pri\u010damo o jezerima i rijekama. Vodopadima i planinama od kojih zastaje dah. A nekako mi se \u010dini da ta priroda nigdje ne dolazi toliko do izra\u017eaja kao ovdje \u2013 na&nbsp;Proko\u0161kom jezeru. Zaista to mislim&#8221;, otkriva putopisac iz Bosne i Hercegovine&nbsp;Robert Dace\u0161in, koji [&hellip;]\" \/>\n<meta property=\"og:url\" content=\"https:\/\/radioljubuski.ba\/index.php\/2022\/08\/01\/cudesno-prokosko-jezero-dokaz-da-za-odmor-iz-snova-ne-trebate-napustiti-bih\/\" \/>\n<meta property=\"og:site_name\" content=\"RADIO LJUBU\u0160KI\" \/>\n<meta property=\"article:publisher\" content=\"https:\/\/www.facebook.com\/Radiio-Ljubuski-1490835324566332\" \/>\n<meta property=\"article:published_time\" content=\"2022-08-01T10:29:21+00:00\" \/>\n<meta property=\"article:modified_time\" content=\"2022-08-01T10:29:22+00:00\" \/>\n<meta property=\"og:image\" content=\"https:\/\/radioljubuski.ba\/wp-content\/uploads\/2022\/08\/10-2022-07-31-11-44-19-62347886.jpg\" \/>\n\t<meta property=\"og:image:width\" content=\"1000\" \/>\n\t<meta property=\"og:image:height\" content=\"625\" \/>\n\t<meta property=\"og:image:type\" content=\"image\/jpeg\" \/>\n<meta name=\"author\" content=\"Radio Ljubu\u0161ki\" \/>\n<meta name=\"twitter:card\" content=\"summary_large_image\" \/>\n<meta name=\"twitter:creator\" content=\"@radioljubuski\" \/>\n<meta name=\"twitter:site\" content=\"@radioljubuski\" \/>\n<meta name=\"twitter:label1\" content=\"Napisao\/la\" \/>\n\t<meta name=\"twitter:data1\" content=\"Radio Ljubu\u0161ki\" \/>\n\t<meta name=\"twitter:label2\" content=\"Procijenjeno vrijeme \u010ditanja\" \/>\n\t<meta name=\"twitter:data2\" content=\"2 minute\" \/>\n<script type=\"application\/ld+json\" class=\"yoast-schema-graph\">{\"@context\":\"https:\\\/\\\/schema.org\",\"@graph\":[{\"@type\":\"Article\",\"@id\":\"https:\\\/\\\/radioljubuski.ba\\\/index.php\\\/2022\\\/08\\\/01\\\/cudesno-prokosko-jezero-dokaz-da-za-odmor-iz-snova-ne-trebate-napustiti-bih\\\/#article\",\"isPartOf\":{\"@id\":\"https:\\\/\\\/radioljubuski.ba\\\/index.php\\\/2022\\\/08\\\/01\\\/cudesno-prokosko-jezero-dokaz-da-za-odmor-iz-snova-ne-trebate-napustiti-bih\\\/\"},\"author\":{\"name\":\"Radio Ljubu\u0161ki\",\"@id\":\"https:\\\/\\\/radioljubuski.ba\\\/#\\\/schema\\\/person\\\/19fc700381a780f69665d7956c469e3b\"},\"headline\":\"\u010cudesno Proko\u0161ko jezero: Dokaz da za odmor iz snova ne trebate napustiti BiH\",\"datePublished\":\"2022-08-01T10:29:21+00:00\",\"dateModified\":\"2022-08-01T10:29:22+00:00\",\"mainEntityOfPage\":{\"@id\":\"https:\\\/\\\/radioljubuski.ba\\\/index.php\\\/2022\\\/08\\\/01\\\/cudesno-prokosko-jezero-dokaz-da-za-odmor-iz-snova-ne-trebate-napustiti-bih\\\/\"},\"wordCount\":499,\"publisher\":{\"@id\":\"https:\\\/\\\/radioljubuski.ba\\\/#organization\"},\"image\":{\"@id\":\"https:\\\/\\\/radioljubuski.ba\\\/index.php\\\/2022\\\/08\\\/01\\\/cudesno-prokosko-jezero-dokaz-da-za-odmor-iz-snova-ne-trebate-napustiti-bih\\\/#primaryimage\"},\"thumbnailUrl\":\"https:\\\/\\\/radioljubuski.ba\\\/wp-content\\\/uploads\\\/2022\\\/08\\\/10-2022-07-31-11-44-19-62347886.jpg\",\"articleSection\":[\"BIH i regija\"],\"inLanguage\":\"hr\"},{\"@type\":\"WebPage\",\"@id\":\"https:\\\/\\\/radioljubuski.ba\\\/index.php\\\/2022\\\/08\\\/01\\\/cudesno-prokosko-jezero-dokaz-da-za-odmor-iz-snova-ne-trebate-napustiti-bih\\\/\",\"url\":\"https:\\\/\\\/radioljubuski.ba\\\/index.php\\\/2022\\\/08\\\/01\\\/cudesno-prokosko-jezero-dokaz-da-za-odmor-iz-snova-ne-trebate-napustiti-bih\\\/\",\"name\":\"\u010cudesno Proko\u0161ko jezero: Dokaz da za odmor iz snova ne trebate napustiti BiH - RADIO LJUBU\u0160KI\",\"isPartOf\":{\"@id\":\"https:\\\/\\\/radioljubuski.ba\\\/#website\"},\"primaryImageOfPage\":{\"@id\":\"https:\\\/\\\/radioljubuski.ba\\\/index.php\\\/2022\\\/08\\\/01\\\/cudesno-prokosko-jezero-dokaz-da-za-odmor-iz-snova-ne-trebate-napustiti-bih\\\/#primaryimage\"},\"image\":{\"@id\":\"https:\\\/\\\/radioljubuski.ba\\\/index.php\\\/2022\\\/08\\\/01\\\/cudesno-prokosko-jezero-dokaz-da-za-odmor-iz-snova-ne-trebate-napustiti-bih\\\/#primaryimage\"},\"thumbnailUrl\":\"https:\\\/\\\/radioljubuski.ba\\\/wp-content\\\/uploads\\\/2022\\\/08\\\/10-2022-07-31-11-44-19-62347886.jpg\",\"datePublished\":\"2022-08-01T10:29:21+00:00\",\"dateModified\":\"2022-08-01T10:29:22+00:00\",\"breadcrumb\":{\"@id\":\"https:\\\/\\\/radioljubuski.ba\\\/index.php\\\/2022\\\/08\\\/01\\\/cudesno-prokosko-jezero-dokaz-da-za-odmor-iz-snova-ne-trebate-napustiti-bih\\\/#breadcrumb\"},\"inLanguage\":\"hr\",\"potentialAction\":[{\"@type\":\"ReadAction\",\"target\":[\"https:\\\/\\\/radioljubuski.ba\\\/index.php\\\/2022\\\/08\\\/01\\\/cudesno-prokosko-jezero-dokaz-da-za-odmor-iz-snova-ne-trebate-napustiti-bih\\\/\"]}]},{\"@type\":\"ImageObject\",\"inLanguage\":\"hr\",\"@id\":\"https:\\\/\\\/radioljubuski.ba\\\/index.php\\\/2022\\\/08\\\/01\\\/cudesno-prokosko-jezero-dokaz-da-za-odmor-iz-snova-ne-trebate-napustiti-bih\\\/#primaryimage\",\"url\":\"https:\\\/\\\/radioljubuski.ba\\\/wp-content\\\/uploads\\\/2022\\\/08\\\/10-2022-07-31-11-44-19-62347886.jpg\",\"contentUrl\":\"https:\\\/\\\/radioljubuski.ba\\\/wp-content\\\/uploads\\\/2022\\\/08\\\/10-2022-07-31-11-44-19-62347886.jpg\",\"width\":1000,\"height\":625},{\"@type\":\"BreadcrumbList\",\"@id\":\"https:\\\/\\\/radioljubuski.ba\\\/index.php\\\/2022\\\/08\\\/01\\\/cudesno-prokosko-jezero-dokaz-da-za-odmor-iz-snova-ne-trebate-napustiti-bih\\\/#breadcrumb\",\"itemListElement\":[{\"@type\":\"ListItem\",\"position\":1,\"name\":\"Po\u010detna stranica\",\"item\":\"https:\\\/\\\/radioljubuski.ba\\\/\"},{\"@type\":\"ListItem\",\"position\":2,\"name\":\"\u010cudesno Proko\u0161ko jezero: Dokaz da za odmor iz snova ne trebate napustiti BiH\"}]},{\"@type\":\"WebSite\",\"@id\":\"https:\\\/\\\/radioljubuski.ba\\\/#website\",\"url\":\"https:\\\/\\\/radioljubuski.ba\\\/\",\"name\":\"Radio Ljubu\u0161ki\",\"description\":\"Sun\u010dana frekvencija Hercegovine\",\"publisher\":{\"@id\":\"https:\\\/\\\/radioljubuski.ba\\\/#organization\"},\"potentialAction\":[{\"@type\":\"SearchAction\",\"target\":{\"@type\":\"EntryPoint\",\"urlTemplate\":\"https:\\\/\\\/radioljubuski.ba\\\/?s={search_term_string}\"},\"query-input\":{\"@type\":\"PropertyValueSpecification\",\"valueRequired\":true,\"valueName\":\"search_term_string\"}}],\"inLanguage\":\"hr\"},{\"@type\":\"Organization\",\"@id\":\"https:\\\/\\\/radioljubuski.ba\\\/#organization\",\"name\":\"Radio Ljubu\u0161ki\",\"url\":\"https:\\\/\\\/radioljubuski.ba\\\/\",\"logo\":{\"@type\":\"ImageObject\",\"inLanguage\":\"hr\",\"@id\":\"https:\\\/\\\/radioljubuski.ba\\\/#\\\/schema\\\/logo\\\/image\\\/\",\"url\":\"https:\\\/\\\/radioljubuski.ba\\\/wp-content\\\/uploads\\\/2021\\\/02\\\/cropped-Radio_Ljubuski_logo1.jpg\",\"contentUrl\":\"https:\\\/\\\/radioljubuski.ba\\\/wp-content\\\/uploads\\\/2021\\\/02\\\/cropped-Radio_Ljubuski_logo1.jpg\",\"width\":512,\"height\":512,\"caption\":\"Radio Ljubu\u0161ki\"},\"image\":{\"@id\":\"https:\\\/\\\/radioljubuski.ba\\\/#\\\/schema\\\/logo\\\/image\\\/\"},\"sameAs\":[\"https:\\\/\\\/www.facebook.com\\\/Radiio-Ljubuski-1490835324566332\",\"https:\\\/\\\/x.com\\\/radioljubuski\",\"https:\\\/\\\/hr.linkedin.com\\\/company\\\/radio-ljubuski\",\"https:\\\/\\\/www.youtube.com\\\/channel\\\/UCHYaeO_n0Db3tjNGudGpXyw\"]},{\"@type\":\"Person\",\"@id\":\"https:\\\/\\\/radioljubuski.ba\\\/#\\\/schema\\\/person\\\/19fc700381a780f69665d7956c469e3b\",\"name\":\"Radio Ljubu\u0161ki\"}]}<\/script>\n<!-- \/ Yoast SEO plugin. -->","yoast_head_json":{"title":"\u010cudesno Proko\u0161ko jezero: Dokaz da za odmor iz snova ne trebate napustiti BiH - RADIO LJUBU\u0160KI","robots":{"index":"index","follow":"follow","max-snippet":"max-snippet:-1","max-image-preview":"max-image-preview:large","max-video-preview":"max-video-preview:-1"},"canonical":"https:\/\/radioljubuski.ba\/index.php\/2022\/08\/01\/cudesno-prokosko-jezero-dokaz-da-za-odmor-iz-snova-ne-trebate-napustiti-bih\/","og_locale":"hr_HR","og_type":"article","og_title":"\u010cudesno Proko\u0161ko jezero: Dokaz da za odmor iz snova ne trebate napustiti BiH - RADIO LJUBU\u0160KI","og_description":"&#8220;\u010cesto kada pri\u010damo o&nbsp;Bosni i Hercegovini,&nbsp;spominjemo tu nevjerojatnu prirodu kojom se toliko ponosimo. Pri\u010damo o jezerima i rijekama. Vodopadima i planinama od kojih zastaje dah. A nekako mi se \u010dini da ta priroda nigdje ne dolazi toliko do izra\u017eaja kao ovdje \u2013 na&nbsp;Proko\u0161kom jezeru. Zaista to mislim&#8221;, otkriva putopisac iz Bosne i Hercegovine&nbsp;Robert Dace\u0161in, koji [&hellip;]","og_url":"https:\/\/radioljubuski.ba\/index.php\/2022\/08\/01\/cudesno-prokosko-jezero-dokaz-da-za-odmor-iz-snova-ne-trebate-napustiti-bih\/","og_site_name":"RADIO LJUBU\u0160KI","article_publisher":"https:\/\/www.facebook.com\/Radiio-Ljubuski-1490835324566332","article_published_time":"2022-08-01T10:29:21+00:00","article_modified_time":"2022-08-01T10:29:22+00:00","og_image":[{"width":1000,"height":625,"url":"https:\/\/radioljubuski.ba\/wp-content\/uploads\/2022\/08\/10-2022-07-31-11-44-19-62347886.jpg","type":"image\/jpeg"}],"author":"Radio Ljubu\u0161ki","twitter_card":"summary_large_image","twitter_creator":"@radioljubuski","twitter_site":"@radioljubuski","twitter_misc":{"Napisao\/la":"Radio Ljubu\u0161ki","Procijenjeno vrijeme \u010ditanja":"2 minute"},"schema":{"@context":"https:\/\/schema.org","@graph":[{"@type":"Article","@id":"https:\/\/radioljubuski.ba\/index.php\/2022\/08\/01\/cudesno-prokosko-jezero-dokaz-da-za-odmor-iz-snova-ne-trebate-napustiti-bih\/#article","isPartOf":{"@id":"https:\/\/radioljubuski.ba\/index.php\/2022\/08\/01\/cudesno-prokosko-jezero-dokaz-da-za-odmor-iz-snova-ne-trebate-napustiti-bih\/"},"author":{"name":"Radio Ljubu\u0161ki","@id":"https:\/\/radioljubuski.ba\/#\/schema\/person\/19fc700381a780f69665d7956c469e3b"},"headline":"\u010cudesno Proko\u0161ko jezero: Dokaz da za odmor iz snova ne trebate napustiti BiH","datePublished":"2022-08-01T10:29:21+00:00","dateModified":"2022-08-01T10:29:22+00:00","mainEntityOfPage":{"@id":"https:\/\/radioljubuski.ba\/index.php\/2022\/08\/01\/cudesno-prokosko-jezero-dokaz-da-za-odmor-iz-snova-ne-trebate-napustiti-bih\/"},"wordCount":499,"publisher":{"@id":"https:\/\/radioljubuski.ba\/#organization"},"image":{"@id":"https:\/\/radioljubuski.ba\/index.php\/2022\/08\/01\/cudesno-prokosko-jezero-dokaz-da-za-odmor-iz-snova-ne-trebate-napustiti-bih\/#primaryimage"},"thumbnailUrl":"https:\/\/radioljubuski.ba\/wp-content\/uploads\/2022\/08\/10-2022-07-31-11-44-19-62347886.jpg","articleSection":["BIH i regija"],"inLanguage":"hr"},{"@type":"WebPage","@id":"https:\/\/radioljubuski.ba\/index.php\/2022\/08\/01\/cudesno-prokosko-jezero-dokaz-da-za-odmor-iz-snova-ne-trebate-napustiti-bih\/","url":"https:\/\/radioljubuski.ba\/index.php\/2022\/08\/01\/cudesno-prokosko-jezero-dokaz-da-za-odmor-iz-snova-ne-trebate-napustiti-bih\/","name":"\u010cudesno Proko\u0161ko jezero: Dokaz da za odmor iz snova ne trebate napustiti BiH - RADIO LJUBU\u0160KI","isPartOf":{"@id":"https:\/\/radioljubuski.ba\/#website"},"primaryImageOfPage":{"@id":"https:\/\/radioljubuski.ba\/index.php\/2022\/08\/01\/cudesno-prokosko-jezero-dokaz-da-za-odmor-iz-snova-ne-trebate-napustiti-bih\/#primaryimage"},"image":{"@id":"https:\/\/radioljubuski.ba\/index.php\/2022\/08\/01\/cudesno-prokosko-jezero-dokaz-da-za-odmor-iz-snova-ne-trebate-napustiti-bih\/#primaryimage"},"thumbnailUrl":"https:\/\/radioljubuski.ba\/wp-content\/uploads\/2022\/08\/10-2022-07-31-11-44-19-62347886.jpg","datePublished":"2022-08-01T10:29:21+00:00","dateModified":"2022-08-01T10:29:22+00:00","breadcrumb":{"@id":"https:\/\/radioljubuski.ba\/index.php\/2022\/08\/01\/cudesno-prokosko-jezero-dokaz-da-za-odmor-iz-snova-ne-trebate-napustiti-bih\/#breadcrumb"},"inLanguage":"hr","potentialAction":[{"@type":"ReadAction","target":["https:\/\/radioljubuski.ba\/index.php\/2022\/08\/01\/cudesno-prokosko-jezero-dokaz-da-za-odmor-iz-snova-ne-trebate-napustiti-bih\/"]}]},{"@type":"ImageObject","inLanguage":"hr","@id":"https:\/\/radioljubuski.ba\/index.php\/2022\/08\/01\/cudesno-prokosko-jezero-dokaz-da-za-odmor-iz-snova-ne-trebate-napustiti-bih\/#primaryimage","url":"https:\/\/radioljubuski.ba\/wp-content\/uploads\/2022\/08\/10-2022-07-31-11-44-19-62347886.jpg","contentUrl":"https:\/\/radioljubuski.ba\/wp-content\/uploads\/2022\/08\/10-2022-07-31-11-44-19-62347886.jpg","width":1000,"height":625},{"@type":"BreadcrumbList","@id":"https:\/\/radioljubuski.ba\/index.php\/2022\/08\/01\/cudesno-prokosko-jezero-dokaz-da-za-odmor-iz-snova-ne-trebate-napustiti-bih\/#breadcrumb","itemListElement":[{"@type":"ListItem","position":1,"name":"Po\u010detna stranica","item":"https:\/\/radioljubuski.ba\/"},{"@type":"ListItem","position":2,"name":"\u010cudesno Proko\u0161ko jezero: Dokaz da za odmor iz snova ne trebate napustiti BiH"}]},{"@type":"WebSite","@id":"https:\/\/radioljubuski.ba\/#website","url":"https:\/\/radioljubuski.ba\/","name":"Radio Ljubu\u0161ki","description":"Sun\u010dana frekvencija Hercegovine","publisher":{"@id":"https:\/\/radioljubuski.ba\/#organization"},"potentialAction":[{"@type":"SearchAction","target":{"@type":"EntryPoint","urlTemplate":"https:\/\/radioljubuski.ba\/?s={search_term_string}"},"query-input":{"@type":"PropertyValueSpecification","valueRequired":true,"valueName":"search_term_string"}}],"inLanguage":"hr"},{"@type":"Organization","@id":"https:\/\/radioljubuski.ba\/#organization","name":"Radio Ljubu\u0161ki","url":"https:\/\/radioljubuski.ba\/","logo":{"@type":"ImageObject","inLanguage":"hr","@id":"https:\/\/radioljubuski.ba\/#\/schema\/logo\/image\/","url":"https:\/\/radioljubuski.ba\/wp-content\/uploads\/2021\/02\/cropped-Radio_Ljubuski_logo1.jpg","contentUrl":"https:\/\/radioljubuski.ba\/wp-content\/uploads\/2021\/02\/cropped-Radio_Ljubuski_logo1.jpg","width":512,"height":512,"caption":"Radio Ljubu\u0161ki"},"image":{"@id":"https:\/\/radioljubuski.ba\/#\/schema\/logo\/image\/"},"sameAs":["https:\/\/www.facebook.com\/Radiio-Ljubuski-1490835324566332","https:\/\/x.com\/radioljubuski","https:\/\/hr.linkedin.com\/company\/radio-ljubuski","https:\/\/www.youtube.com\/channel\/UCHYaeO_n0Db3tjNGudGpXyw"]},{"@type":"Person","@id":"https:\/\/radioljubuski.ba\/#\/schema\/person\/19fc700381a780f69665d7956c469e3b","name":"Radio Ljubu\u0161ki"}]}},"_links":{"self":[{"href":"https:\/\/radioljubuski.ba\/index.php\/wp-json\/wp\/v2\/posts\/165310","targetHints":{"allow":["GET"]}}],"collection":[{"href":"https:\/\/radioljubuski.ba\/index.php\/wp-json\/wp\/v2\/posts"}],"about":[{"href":"https:\/\/radioljubuski.ba\/index.php\/wp-json\/wp\/v2\/types\/post"}],"author":[{"embeddable":true,"href":"https:\/\/radioljubuski.ba\/index.php\/wp-json\/wp\/v2\/users\/2"}],"replies":[{"embeddable":true,"href":"https:\/\/radioljubuski.ba\/index.php\/wp-json\/wp\/v2\/comments?post=165310"}],"version-history":[{"count":1,"href":"https:\/\/radioljubuski.ba\/index.php\/wp-json\/wp\/v2\/posts\/165310\/revisions"}],"predecessor-version":[{"id":165312,"href":"https:\/\/radioljubuski.ba\/index.php\/wp-json\/wp\/v2\/posts\/165310\/revisions\/165312"}],"wp:featuredmedia":[{"embeddable":true,"href":"https:\/\/radioljubuski.ba\/index.php\/wp-json\/wp\/v2\/media\/165311"}],"wp:attachment":[{"href":"https:\/\/radioljubuski.ba\/index.php\/wp-json\/wp\/v2\/media?parent=165310"}],"wp:term":[{"taxonomy":"category","embeddable":true,"href":"https:\/\/radioljubuski.ba\/index.php\/wp-json\/wp\/v2\/categories?post=165310"},{"taxonomy":"post_tag","embeddable":true,"href":"https:\/\/radioljubuski.ba\/index.php\/wp-json\/wp\/v2\/tags?post=165310"}],"curies":[{"name":"wp","href":"https:\/\/api.w.org\/{rel}","templated":true}]}}