{"id":165320,"date":"2022-08-01T11:37:49","date_gmt":"2022-08-01T10:37:49","guid":{"rendered":"https:\/\/radioljubuski.ba\/?p=165320"},"modified":"2022-08-01T11:37:51","modified_gmt":"2022-08-01T10:37:51","slug":"hotel-hills-zbog-nedostatka-radnika-zaposlio-kuhare-s-mauricijusa","status":"publish","type":"post","link":"https:\/\/radioljubuski.ba\/index.php\/2022\/08\/01\/hotel-hills-zbog-nedostatka-radnika-zaposlio-kuhare-s-mauricijusa\/","title":{"rendered":"Hotel Hills zbog nedostatka radnika zaposlio kuhare s Mauricijusa"},"content":{"rendered":"\n<p>I ovog ljeta brojni ugostiteljski radnici odlu\u010dili su raditi sezonski posao na Jadranu zbog boljih uvjeta, \u0161to predstavlja problem vlasnicima restorana, hotela i motela, jer je skoro nemogu\u0107a misija prona\u0107i kuhara i konobara.<\/p>\n\n\n\n<p>Zbog toga pojedinci su se odlu\u010dili uvesti radnu snagu, tako da su prije nekoliko dana u sarajevskim hotelima po\u010dela raditi dvojica kuhara sa Mauricijusa.<\/p>\n\n\n\n<p>\u2013 Jednostavno, ljudi su prisiljeni na ovaj na\u010din rije\u0161iti problem. Po turskim restoranima ve\u0107 nekoliko godina dolaze kuhari iz Turske. Imao sam priliku da upoznam kolege sa Mauricijusa koji sigurno znaju posao, ali im treba vremena da se naviknu na na\u0161u kuhinju i mentalitet. Naravno od njih se mo\u017ee nau\u010diti o kuhinji sa oto\u010dkih zemalja i toplijih krajeva, ka\u017ee za Faktor Hamid Had\u017ei\u0107, \u0161ef kuhinje hotela Hills na Ilid\u017ei.<\/p>\n\n\n\n<p>Ka\u017ee da isti problem imaju i u Hrvatskoj.<\/p>\n\n\n\n<p>\u2013Kuhari iz Hrvatske idu za duplu pla\u0107u u Njema\u010dku ili Irsku ili druge zemlje Europske unije. Svatko ide gdje mu je bolje ili misli da \u0107e mu biti bolje. Potrebno je raditi projekte kao \u0161to je je to napravila Gospodarska komora Sarajevske \u017eupanije. U pitanju je bila prekvalifikacija kadra i super bi bilo da se to radi stalno. Od 60 djece koja zavr\u0161i \u0161kolovanje za kuhara, samo 20 ostane u zanatu. Trebalo bi da se vi\u0161e djece upisuje i da se poti\u010du da ostanu u profesiji. Pitanje je da li \u0161kole imaju kapaciteta da educiraju toliko djece. Kako godine budu odmicale sve \u0107e biti gore, dodaje Had\u017ei\u0107.<\/p>\n\n\n\n<p>Izvor:pogled.ba<\/p>\n","protected":false},"excerpt":{"rendered":"<p>I ovog ljeta brojni ugostiteljski radnici odlu\u010dili su raditi sezonski posao na Jadranu zbog boljih uvjeta, \u0161to predstavlja problem vlasnicima restorana, hotela i motela, jer je skoro nemogu\u0107a misija prona\u0107i kuhara i konobara. Zbog toga pojedinci su se odlu\u010dili uvesti radnu snagu, tako da su prije nekoliko dana u sarajevskim hotelima po\u010dela raditi dvojica kuhara [&hellip;]<\/p>\n","protected":false},"author":2,"featured_media":165321,"comment_status":"closed","ping_status":"closed","sticky":false,"template":"","format":"standard","meta":{"h5ap_radio_sources":[],"footnotes":""},"categories":[1],"tags":[],"class_list":["post-165320","post","type-post","status-publish","format-standard","has-post-thumbnail","hentry","category-bihiregija"],"yoast_head":"<!-- This site is optimized with the Yoast SEO plugin v27.4 - https:\/\/yoast.com\/product\/yoast-seo-wordpress\/ -->\n<title>Hotel Hills zbog nedostatka radnika zaposlio kuhare s Mauricijusa - RADIO LJUBU\u0160KI<\/title>\n<meta name=\"robots\" content=\"index, follow, max-snippet:-1, max-image-preview:large, max-video-preview:-1\" \/>\n<link rel=\"canonical\" href=\"https:\/\/radioljubuski.ba\/index.php\/2022\/08\/01\/hotel-hills-zbog-nedostatka-radnika-zaposlio-kuhare-s-mauricijusa\/\" \/>\n<meta property=\"og:locale\" content=\"hr_HR\" \/>\n<meta property=\"og:type\" content=\"article\" \/>\n<meta property=\"og:title\" content=\"Hotel Hills zbog nedostatka radnika zaposlio kuhare s Mauricijusa - RADIO LJUBU\u0160KI\" \/>\n<meta property=\"og:description\" content=\"I ovog ljeta brojni ugostiteljski radnici odlu\u010dili su raditi sezonski posao na Jadranu zbog boljih uvjeta, \u0161to predstavlja problem vlasnicima restorana, hotela i motela, jer je skoro nemogu\u0107a misija prona\u0107i kuhara i konobara. Zbog toga pojedinci su se odlu\u010dili uvesti radnu snagu, tako da su prije nekoliko dana u sarajevskim hotelima po\u010dela raditi dvojica kuhara [&hellip;]\" \/>\n<meta property=\"og:url\" content=\"https:\/\/radioljubuski.ba\/index.php\/2022\/08\/01\/hotel-hills-zbog-nedostatka-radnika-zaposlio-kuhare-s-mauricijusa\/\" \/>\n<meta property=\"og:site_name\" content=\"RADIO LJUBU\u0160KI\" \/>\n<meta property=\"article:publisher\" content=\"https:\/\/www.facebook.com\/Radiio-Ljubuski-1490835324566332\" \/>\n<meta property=\"article:published_time\" content=\"2022-08-01T10:37:49+00:00\" \/>\n<meta property=\"article:modified_time\" content=\"2022-08-01T10:37:51+00:00\" \/>\n<meta property=\"og:image\" content=\"https:\/\/radioljubuski.ba\/wp-content\/uploads\/2022\/08\/10-2022-08-01-07-46-01-hills.jpg\" \/>\n\t<meta property=\"og:image:width\" content=\"1000\" \/>\n\t<meta property=\"og:image:height\" content=\"625\" \/>\n\t<meta property=\"og:image:type\" content=\"image\/jpeg\" \/>\n<meta name=\"author\" content=\"Radio Ljubu\u0161ki\" \/>\n<meta name=\"twitter:card\" content=\"summary_large_image\" \/>\n<meta name=\"twitter:creator\" content=\"@radioljubuski\" \/>\n<meta name=\"twitter:site\" content=\"@radioljubuski\" \/>\n<meta name=\"twitter:label1\" content=\"Napisao\/la\" \/>\n\t<meta name=\"twitter:data1\" content=\"Radio Ljubu\u0161ki\" \/>\n\t<meta name=\"twitter:label2\" content=\"Procijenjeno vrijeme \u010ditanja\" \/>\n\t<meta name=\"twitter:data2\" content=\"2 minute\" \/>\n<script type=\"application\/ld+json\" class=\"yoast-schema-graph\">{\"@context\":\"https:\\\/\\\/schema.org\",\"@graph\":[{\"@type\":\"Article\",\"@id\":\"https:\\\/\\\/radioljubuski.ba\\\/index.php\\\/2022\\\/08\\\/01\\\/hotel-hills-zbog-nedostatka-radnika-zaposlio-kuhare-s-mauricijusa\\\/#article\",\"isPartOf\":{\"@id\":\"https:\\\/\\\/radioljubuski.ba\\\/index.php\\\/2022\\\/08\\\/01\\\/hotel-hills-zbog-nedostatka-radnika-zaposlio-kuhare-s-mauricijusa\\\/\"},\"author\":{\"name\":\"Radio Ljubu\u0161ki\",\"@id\":\"https:\\\/\\\/radioljubuski.ba\\\/#\\\/schema\\\/person\\\/19fc700381a780f69665d7956c469e3b\"},\"headline\":\"Hotel Hills zbog nedostatka radnika zaposlio kuhare s Mauricijusa\",\"datePublished\":\"2022-08-01T10:37:49+00:00\",\"dateModified\":\"2022-08-01T10:37:51+00:00\",\"mainEntityOfPage\":{\"@id\":\"https:\\\/\\\/radioljubuski.ba\\\/index.php\\\/2022\\\/08\\\/01\\\/hotel-hills-zbog-nedostatka-radnika-zaposlio-kuhare-s-mauricijusa\\\/\"},\"wordCount\":271,\"publisher\":{\"@id\":\"https:\\\/\\\/radioljubuski.ba\\\/#organization\"},\"image\":{\"@id\":\"https:\\\/\\\/radioljubuski.ba\\\/index.php\\\/2022\\\/08\\\/01\\\/hotel-hills-zbog-nedostatka-radnika-zaposlio-kuhare-s-mauricijusa\\\/#primaryimage\"},\"thumbnailUrl\":\"https:\\\/\\\/radioljubuski.ba\\\/wp-content\\\/uploads\\\/2022\\\/08\\\/10-2022-08-01-07-46-01-hills.jpg\",\"articleSection\":[\"BIH i regija\"],\"inLanguage\":\"hr\"},{\"@type\":\"WebPage\",\"@id\":\"https:\\\/\\\/radioljubuski.ba\\\/index.php\\\/2022\\\/08\\\/01\\\/hotel-hills-zbog-nedostatka-radnika-zaposlio-kuhare-s-mauricijusa\\\/\",\"url\":\"https:\\\/\\\/radioljubuski.ba\\\/index.php\\\/2022\\\/08\\\/01\\\/hotel-hills-zbog-nedostatka-radnika-zaposlio-kuhare-s-mauricijusa\\\/\",\"name\":\"Hotel Hills zbog nedostatka radnika zaposlio kuhare s Mauricijusa - RADIO LJUBU\u0160KI\",\"isPartOf\":{\"@id\":\"https:\\\/\\\/radioljubuski.ba\\\/#website\"},\"primaryImageOfPage\":{\"@id\":\"https:\\\/\\\/radioljubuski.ba\\\/index.php\\\/2022\\\/08\\\/01\\\/hotel-hills-zbog-nedostatka-radnika-zaposlio-kuhare-s-mauricijusa\\\/#primaryimage\"},\"image\":{\"@id\":\"https:\\\/\\\/radioljubuski.ba\\\/index.php\\\/2022\\\/08\\\/01\\\/hotel-hills-zbog-nedostatka-radnika-zaposlio-kuhare-s-mauricijusa\\\/#primaryimage\"},\"thumbnailUrl\":\"https:\\\/\\\/radioljubuski.ba\\\/wp-content\\\/uploads\\\/2022\\\/08\\\/10-2022-08-01-07-46-01-hills.jpg\",\"datePublished\":\"2022-08-01T10:37:49+00:00\",\"dateModified\":\"2022-08-01T10:37:51+00:00\",\"breadcrumb\":{\"@id\":\"https:\\\/\\\/radioljubuski.ba\\\/index.php\\\/2022\\\/08\\\/01\\\/hotel-hills-zbog-nedostatka-radnika-zaposlio-kuhare-s-mauricijusa\\\/#breadcrumb\"},\"inLanguage\":\"hr\",\"potentialAction\":[{\"@type\":\"ReadAction\",\"target\":[\"https:\\\/\\\/radioljubuski.ba\\\/index.php\\\/2022\\\/08\\\/01\\\/hotel-hills-zbog-nedostatka-radnika-zaposlio-kuhare-s-mauricijusa\\\/\"]}]},{\"@type\":\"ImageObject\",\"inLanguage\":\"hr\",\"@id\":\"https:\\\/\\\/radioljubuski.ba\\\/index.php\\\/2022\\\/08\\\/01\\\/hotel-hills-zbog-nedostatka-radnika-zaposlio-kuhare-s-mauricijusa\\\/#primaryimage\",\"url\":\"https:\\\/\\\/radioljubuski.ba\\\/wp-content\\\/uploads\\\/2022\\\/08\\\/10-2022-08-01-07-46-01-hills.jpg\",\"contentUrl\":\"https:\\\/\\\/radioljubuski.ba\\\/wp-content\\\/uploads\\\/2022\\\/08\\\/10-2022-08-01-07-46-01-hills.jpg\",\"width\":1000,\"height\":625},{\"@type\":\"BreadcrumbList\",\"@id\":\"https:\\\/\\\/radioljubuski.ba\\\/index.php\\\/2022\\\/08\\\/01\\\/hotel-hills-zbog-nedostatka-radnika-zaposlio-kuhare-s-mauricijusa\\\/#breadcrumb\",\"itemListElement\":[{\"@type\":\"ListItem\",\"position\":1,\"name\":\"Po\u010detna stranica\",\"item\":\"https:\\\/\\\/radioljubuski.ba\\\/\"},{\"@type\":\"ListItem\",\"position\":2,\"name\":\"Hotel Hills zbog nedostatka radnika zaposlio kuhare s Mauricijusa\"}]},{\"@type\":\"WebSite\",\"@id\":\"https:\\\/\\\/radioljubuski.ba\\\/#website\",\"url\":\"https:\\\/\\\/radioljubuski.ba\\\/\",\"name\":\"Radio Ljubu\u0161ki\",\"description\":\"Sun\u010dana frekvencija Hercegovine\",\"publisher\":{\"@id\":\"https:\\\/\\\/radioljubuski.ba\\\/#organization\"},\"potentialAction\":[{\"@type\":\"SearchAction\",\"target\":{\"@type\":\"EntryPoint\",\"urlTemplate\":\"https:\\\/\\\/radioljubuski.ba\\\/?s={search_term_string}\"},\"query-input\":{\"@type\":\"PropertyValueSpecification\",\"valueRequired\":true,\"valueName\":\"search_term_string\"}}],\"inLanguage\":\"hr\"},{\"@type\":\"Organization\",\"@id\":\"https:\\\/\\\/radioljubuski.ba\\\/#organization\",\"name\":\"Radio Ljubu\u0161ki\",\"url\":\"https:\\\/\\\/radioljubuski.ba\\\/\",\"logo\":{\"@type\":\"ImageObject\",\"inLanguage\":\"hr\",\"@id\":\"https:\\\/\\\/radioljubuski.ba\\\/#\\\/schema\\\/logo\\\/image\\\/\",\"url\":\"https:\\\/\\\/radioljubuski.ba\\\/wp-content\\\/uploads\\\/2021\\\/02\\\/cropped-Radio_Ljubuski_logo1.jpg\",\"contentUrl\":\"https:\\\/\\\/radioljubuski.ba\\\/wp-content\\\/uploads\\\/2021\\\/02\\\/cropped-Radio_Ljubuski_logo1.jpg\",\"width\":512,\"height\":512,\"caption\":\"Radio Ljubu\u0161ki\"},\"image\":{\"@id\":\"https:\\\/\\\/radioljubuski.ba\\\/#\\\/schema\\\/logo\\\/image\\\/\"},\"sameAs\":[\"https:\\\/\\\/www.facebook.com\\\/Radiio-Ljubuski-1490835324566332\",\"https:\\\/\\\/x.com\\\/radioljubuski\",\"https:\\\/\\\/hr.linkedin.com\\\/company\\\/radio-ljubuski\",\"https:\\\/\\\/www.youtube.com\\\/channel\\\/UCHYaeO_n0Db3tjNGudGpXyw\"]},{\"@type\":\"Person\",\"@id\":\"https:\\\/\\\/radioljubuski.ba\\\/#\\\/schema\\\/person\\\/19fc700381a780f69665d7956c469e3b\",\"name\":\"Radio Ljubu\u0161ki\"}]}<\/script>\n<!-- \/ Yoast SEO plugin. -->","yoast_head_json":{"title":"Hotel Hills zbog nedostatka radnika zaposlio kuhare s Mauricijusa - RADIO LJUBU\u0160KI","robots":{"index":"index","follow":"follow","max-snippet":"max-snippet:-1","max-image-preview":"max-image-preview:large","max-video-preview":"max-video-preview:-1"},"canonical":"https:\/\/radioljubuski.ba\/index.php\/2022\/08\/01\/hotel-hills-zbog-nedostatka-radnika-zaposlio-kuhare-s-mauricijusa\/","og_locale":"hr_HR","og_type":"article","og_title":"Hotel Hills zbog nedostatka radnika zaposlio kuhare s Mauricijusa - RADIO LJUBU\u0160KI","og_description":"I ovog ljeta brojni ugostiteljski radnici odlu\u010dili su raditi sezonski posao na Jadranu zbog boljih uvjeta, \u0161to predstavlja problem vlasnicima restorana, hotela i motela, jer je skoro nemogu\u0107a misija prona\u0107i kuhara i konobara. Zbog toga pojedinci su se odlu\u010dili uvesti radnu snagu, tako da su prije nekoliko dana u sarajevskim hotelima po\u010dela raditi dvojica kuhara [&hellip;]","og_url":"https:\/\/radioljubuski.ba\/index.php\/2022\/08\/01\/hotel-hills-zbog-nedostatka-radnika-zaposlio-kuhare-s-mauricijusa\/","og_site_name":"RADIO LJUBU\u0160KI","article_publisher":"https:\/\/www.facebook.com\/Radiio-Ljubuski-1490835324566332","article_published_time":"2022-08-01T10:37:49+00:00","article_modified_time":"2022-08-01T10:37:51+00:00","og_image":[{"width":1000,"height":625,"url":"https:\/\/radioljubuski.ba\/wp-content\/uploads\/2022\/08\/10-2022-08-01-07-46-01-hills.jpg","type":"image\/jpeg"}],"author":"Radio Ljubu\u0161ki","twitter_card":"summary_large_image","twitter_creator":"@radioljubuski","twitter_site":"@radioljubuski","twitter_misc":{"Napisao\/la":"Radio Ljubu\u0161ki","Procijenjeno vrijeme \u010ditanja":"2 minute"},"schema":{"@context":"https:\/\/schema.org","@graph":[{"@type":"Article","@id":"https:\/\/radioljubuski.ba\/index.php\/2022\/08\/01\/hotel-hills-zbog-nedostatka-radnika-zaposlio-kuhare-s-mauricijusa\/#article","isPartOf":{"@id":"https:\/\/radioljubuski.ba\/index.php\/2022\/08\/01\/hotel-hills-zbog-nedostatka-radnika-zaposlio-kuhare-s-mauricijusa\/"},"author":{"name":"Radio Ljubu\u0161ki","@id":"https:\/\/radioljubuski.ba\/#\/schema\/person\/19fc700381a780f69665d7956c469e3b"},"headline":"Hotel Hills zbog nedostatka radnika zaposlio kuhare s Mauricijusa","datePublished":"2022-08-01T10:37:49+00:00","dateModified":"2022-08-01T10:37:51+00:00","mainEntityOfPage":{"@id":"https:\/\/radioljubuski.ba\/index.php\/2022\/08\/01\/hotel-hills-zbog-nedostatka-radnika-zaposlio-kuhare-s-mauricijusa\/"},"wordCount":271,"publisher":{"@id":"https:\/\/radioljubuski.ba\/#organization"},"image":{"@id":"https:\/\/radioljubuski.ba\/index.php\/2022\/08\/01\/hotel-hills-zbog-nedostatka-radnika-zaposlio-kuhare-s-mauricijusa\/#primaryimage"},"thumbnailUrl":"https:\/\/radioljubuski.ba\/wp-content\/uploads\/2022\/08\/10-2022-08-01-07-46-01-hills.jpg","articleSection":["BIH i regija"],"inLanguage":"hr"},{"@type":"WebPage","@id":"https:\/\/radioljubuski.ba\/index.php\/2022\/08\/01\/hotel-hills-zbog-nedostatka-radnika-zaposlio-kuhare-s-mauricijusa\/","url":"https:\/\/radioljubuski.ba\/index.php\/2022\/08\/01\/hotel-hills-zbog-nedostatka-radnika-zaposlio-kuhare-s-mauricijusa\/","name":"Hotel Hills zbog nedostatka radnika zaposlio kuhare s Mauricijusa - RADIO LJUBU\u0160KI","isPartOf":{"@id":"https:\/\/radioljubuski.ba\/#website"},"primaryImageOfPage":{"@id":"https:\/\/radioljubuski.ba\/index.php\/2022\/08\/01\/hotel-hills-zbog-nedostatka-radnika-zaposlio-kuhare-s-mauricijusa\/#primaryimage"},"image":{"@id":"https:\/\/radioljubuski.ba\/index.php\/2022\/08\/01\/hotel-hills-zbog-nedostatka-radnika-zaposlio-kuhare-s-mauricijusa\/#primaryimage"},"thumbnailUrl":"https:\/\/radioljubuski.ba\/wp-content\/uploads\/2022\/08\/10-2022-08-01-07-46-01-hills.jpg","datePublished":"2022-08-01T10:37:49+00:00","dateModified":"2022-08-01T10:37:51+00:00","breadcrumb":{"@id":"https:\/\/radioljubuski.ba\/index.php\/2022\/08\/01\/hotel-hills-zbog-nedostatka-radnika-zaposlio-kuhare-s-mauricijusa\/#breadcrumb"},"inLanguage":"hr","potentialAction":[{"@type":"ReadAction","target":["https:\/\/radioljubuski.ba\/index.php\/2022\/08\/01\/hotel-hills-zbog-nedostatka-radnika-zaposlio-kuhare-s-mauricijusa\/"]}]},{"@type":"ImageObject","inLanguage":"hr","@id":"https:\/\/radioljubuski.ba\/index.php\/2022\/08\/01\/hotel-hills-zbog-nedostatka-radnika-zaposlio-kuhare-s-mauricijusa\/#primaryimage","url":"https:\/\/radioljubuski.ba\/wp-content\/uploads\/2022\/08\/10-2022-08-01-07-46-01-hills.jpg","contentUrl":"https:\/\/radioljubuski.ba\/wp-content\/uploads\/2022\/08\/10-2022-08-01-07-46-01-hills.jpg","width":1000,"height":625},{"@type":"BreadcrumbList","@id":"https:\/\/radioljubuski.ba\/index.php\/2022\/08\/01\/hotel-hills-zbog-nedostatka-radnika-zaposlio-kuhare-s-mauricijusa\/#breadcrumb","itemListElement":[{"@type":"ListItem","position":1,"name":"Po\u010detna stranica","item":"https:\/\/radioljubuski.ba\/"},{"@type":"ListItem","position":2,"name":"Hotel Hills zbog nedostatka radnika zaposlio kuhare s Mauricijusa"}]},{"@type":"WebSite","@id":"https:\/\/radioljubuski.ba\/#website","url":"https:\/\/radioljubuski.ba\/","name":"Radio Ljubu\u0161ki","description":"Sun\u010dana frekvencija Hercegovine","publisher":{"@id":"https:\/\/radioljubuski.ba\/#organization"},"potentialAction":[{"@type":"SearchAction","target":{"@type":"EntryPoint","urlTemplate":"https:\/\/radioljubuski.ba\/?s={search_term_string}"},"query-input":{"@type":"PropertyValueSpecification","valueRequired":true,"valueName":"search_term_string"}}],"inLanguage":"hr"},{"@type":"Organization","@id":"https:\/\/radioljubuski.ba\/#organization","name":"Radio Ljubu\u0161ki","url":"https:\/\/radioljubuski.ba\/","logo":{"@type":"ImageObject","inLanguage":"hr","@id":"https:\/\/radioljubuski.ba\/#\/schema\/logo\/image\/","url":"https:\/\/radioljubuski.ba\/wp-content\/uploads\/2021\/02\/cropped-Radio_Ljubuski_logo1.jpg","contentUrl":"https:\/\/radioljubuski.ba\/wp-content\/uploads\/2021\/02\/cropped-Radio_Ljubuski_logo1.jpg","width":512,"height":512,"caption":"Radio Ljubu\u0161ki"},"image":{"@id":"https:\/\/radioljubuski.ba\/#\/schema\/logo\/image\/"},"sameAs":["https:\/\/www.facebook.com\/Radiio-Ljubuski-1490835324566332","https:\/\/x.com\/radioljubuski","https:\/\/hr.linkedin.com\/company\/radio-ljubuski","https:\/\/www.youtube.com\/channel\/UCHYaeO_n0Db3tjNGudGpXyw"]},{"@type":"Person","@id":"https:\/\/radioljubuski.ba\/#\/schema\/person\/19fc700381a780f69665d7956c469e3b","name":"Radio Ljubu\u0161ki"}]}},"_links":{"self":[{"href":"https:\/\/radioljubuski.ba\/index.php\/wp-json\/wp\/v2\/posts\/165320","targetHints":{"allow":["GET"]}}],"collection":[{"href":"https:\/\/radioljubuski.ba\/index.php\/wp-json\/wp\/v2\/posts"}],"about":[{"href":"https:\/\/radioljubuski.ba\/index.php\/wp-json\/wp\/v2\/types\/post"}],"author":[{"embeddable":true,"href":"https:\/\/radioljubuski.ba\/index.php\/wp-json\/wp\/v2\/users\/2"}],"replies":[{"embeddable":true,"href":"https:\/\/radioljubuski.ba\/index.php\/wp-json\/wp\/v2\/comments?post=165320"}],"version-history":[{"count":1,"href":"https:\/\/radioljubuski.ba\/index.php\/wp-json\/wp\/v2\/posts\/165320\/revisions"}],"predecessor-version":[{"id":165322,"href":"https:\/\/radioljubuski.ba\/index.php\/wp-json\/wp\/v2\/posts\/165320\/revisions\/165322"}],"wp:featuredmedia":[{"embeddable":true,"href":"https:\/\/radioljubuski.ba\/index.php\/wp-json\/wp\/v2\/media\/165321"}],"wp:attachment":[{"href":"https:\/\/radioljubuski.ba\/index.php\/wp-json\/wp\/v2\/media?parent=165320"}],"wp:term":[{"taxonomy":"category","embeddable":true,"href":"https:\/\/radioljubuski.ba\/index.php\/wp-json\/wp\/v2\/categories?post=165320"},{"taxonomy":"post_tag","embeddable":true,"href":"https:\/\/radioljubuski.ba\/index.php\/wp-json\/wp\/v2\/tags?post=165320"}],"curies":[{"name":"wp","href":"https:\/\/api.w.org\/{rel}","templated":true}]}}