{"id":165325,"date":"2022-08-01T11:42:35","date_gmt":"2022-08-01T10:42:35","guid":{"rendered":"https:\/\/radioljubuski.ba\/?p=165325"},"modified":"2022-08-01T11:42:36","modified_gmt":"2022-08-01T10:42:36","slug":"u-mostaru-cijela-gradska-uprava-ide-na-kolektivni-godisnji-odmor","status":"publish","type":"post","link":"https:\/\/radioljubuski.ba\/index.php\/2022\/08\/01\/u-mostaru-cijela-gradska-uprava-ide-na-kolektivni-godisnji-odmor\/","title":{"rendered":"U Mostaru cijela gradska uprava ide na kolektivni godi\u0161nji odmor"},"content":{"rendered":"\n<p>Uposlenici Gradske uprave Mostara od 18. srpnja su na kolektivnom godi\u0161njem odmoru na kojem \u0107e ostati do 12. kolovoza. Bez obzira na to \u0161to su utvr\u0111eni termini podru\u010dnih i mjesnih ureda za rad sa strankama, gra\u0111ani su nezadovoljni ovakvom odlukom. Mostar je jedini grad u dr\u017eavi \u010dija Uprava ide na kolektivni odmor, i to nakon \u0161to je novi gradona\u010delnik pro\u0161le godine bio prekinuo staru praksu.<\/p>\n\n\n\n<p>\u201cPokazalo se to lani kao lo\u0161e rje\u0161enje, u smislu funkcioniranja Gradske uprave. Tada je to bila mo\u017eda moja ishitrena odluka, koja se pokazala lo\u0161a. Mi se iza toga nismo uspjeli ekipirati. To je posljedica svih onih godina neimanja Gradskog vije\u0107a\u201d, kazao je gradona\u010delnik Mostara Mario Kordi\u0107.<\/p>\n\n\n\n<p>Opozicija u Gradskom vije\u0107u upozorava da je Mostar jedini grad u Bosni i Hercegovini \u010dija Gradska uprava koristi kolektivni godi\u0161nji odmor. Tvrde i da takva odluka nije u skladu sa Zakonom o radu.<\/p>\n\n\n\n<p>\u201cSve mora raditi u punom kapacitetu. Pogotovo u Mostaru koji ima veliku dijasporu. Ljudi dolaze ovdje tih mjesec dana, i normalno da ne odmaraju, ve\u0107 zavr\u0161avaju neke papire, a sada smo svi time ograni\u010deni. Mislim da ovo nije dobar potez\u201d, mi\u0161ljenja je vije\u0107nik u Gradskom vije\u0107u Silvio Bubalo, pi\u0161e BHRT.<\/p>\n\n\n\n<p>Izvor:BHRT<\/p>\n","protected":false},"excerpt":{"rendered":"<p>Uposlenici Gradske uprave Mostara od 18. srpnja su na kolektivnom godi\u0161njem odmoru na kojem \u0107e ostati do 12. kolovoza. Bez obzira na to \u0161to su utvr\u0111eni termini podru\u010dnih i mjesnih ureda za rad sa strankama, gra\u0111ani su nezadovoljni ovakvom odlukom. Mostar je jedini grad u dr\u017eavi \u010dija Uprava ide na kolektivni odmor, i to nakon [&hellip;]<\/p>\n","protected":false},"author":2,"featured_media":165326,"comment_status":"closed","ping_status":"closed","sticky":false,"template":"","format":"standard","meta":{"h5ap_radio_sources":[],"footnotes":""},"categories":[1],"tags":[],"class_list":["post-165325","post","type-post","status-publish","format-standard","has-post-thumbnail","hentry","category-bihiregija"],"yoast_head":"<!-- This site is optimized with the Yoast SEO plugin v27.4 - https:\/\/yoast.com\/product\/yoast-seo-wordpress\/ -->\n<title>U Mostaru cijela gradska uprava ide na kolektivni godi\u0161nji odmor - RADIO LJUBU\u0160KI<\/title>\n<meta name=\"robots\" content=\"index, follow, max-snippet:-1, max-image-preview:large, max-video-preview:-1\" \/>\n<link rel=\"canonical\" href=\"https:\/\/radioljubuski.ba\/index.php\/2022\/08\/01\/u-mostaru-cijela-gradska-uprava-ide-na-kolektivni-godisnji-odmor\/\" \/>\n<meta property=\"og:locale\" content=\"hr_HR\" \/>\n<meta property=\"og:type\" content=\"article\" \/>\n<meta property=\"og:title\" content=\"U Mostaru cijela gradska uprava ide na kolektivni godi\u0161nji odmor - RADIO LJUBU\u0160KI\" \/>\n<meta property=\"og:description\" content=\"Uposlenici Gradske uprave Mostara od 18. srpnja su na kolektivnom godi\u0161njem odmoru na kojem \u0107e ostati do 12. kolovoza. Bez obzira na to \u0161to su utvr\u0111eni termini podru\u010dnih i mjesnih ureda za rad sa strankama, gra\u0111ani su nezadovoljni ovakvom odlukom. Mostar je jedini grad u dr\u017eavi \u010dija Uprava ide na kolektivni odmor, i to nakon [&hellip;]\" \/>\n<meta property=\"og:url\" content=\"https:\/\/radioljubuski.ba\/index.php\/2022\/08\/01\/u-mostaru-cijela-gradska-uprava-ide-na-kolektivni-godisnji-odmor\/\" \/>\n<meta property=\"og:site_name\" content=\"RADIO LJUBU\u0160KI\" \/>\n<meta property=\"article:publisher\" content=\"https:\/\/www.facebook.com\/Radiio-Ljubuski-1490835324566332\" \/>\n<meta property=\"article:published_time\" content=\"2022-08-01T10:42:35+00:00\" \/>\n<meta property=\"article:modified_time\" content=\"2022-08-01T10:42:36+00:00\" \/>\n<meta property=\"og:image\" content=\"https:\/\/radioljubuski.ba\/wp-content\/uploads\/2022\/08\/l4cZP6ir_Gradska_uprava_Mostar_Medium_631x472.jpg\" \/>\n\t<meta property=\"og:image:width\" content=\"1000\" \/>\n\t<meta property=\"og:image:height\" content=\"625\" \/>\n\t<meta property=\"og:image:type\" content=\"image\/jpeg\" \/>\n<meta name=\"author\" content=\"Radio Ljubu\u0161ki\" \/>\n<meta name=\"twitter:card\" content=\"summary_large_image\" \/>\n<meta name=\"twitter:creator\" content=\"@radioljubuski\" \/>\n<meta name=\"twitter:site\" content=\"@radioljubuski\" \/>\n<meta name=\"twitter:label1\" content=\"Napisao\/la\" \/>\n\t<meta name=\"twitter:data1\" content=\"Radio Ljubu\u0161ki\" \/>\n\t<meta name=\"twitter:label2\" content=\"Procijenjeno vrijeme \u010ditanja\" \/>\n\t<meta name=\"twitter:data2\" content=\"1 minuta\" \/>\n<script type=\"application\/ld+json\" class=\"yoast-schema-graph\">{\"@context\":\"https:\\\/\\\/schema.org\",\"@graph\":[{\"@type\":\"Article\",\"@id\":\"https:\\\/\\\/radioljubuski.ba\\\/index.php\\\/2022\\\/08\\\/01\\\/u-mostaru-cijela-gradska-uprava-ide-na-kolektivni-godisnji-odmor\\\/#article\",\"isPartOf\":{\"@id\":\"https:\\\/\\\/radioljubuski.ba\\\/index.php\\\/2022\\\/08\\\/01\\\/u-mostaru-cijela-gradska-uprava-ide-na-kolektivni-godisnji-odmor\\\/\"},\"author\":{\"name\":\"Radio Ljubu\u0161ki\",\"@id\":\"https:\\\/\\\/radioljubuski.ba\\\/#\\\/schema\\\/person\\\/19fc700381a780f69665d7956c469e3b\"},\"headline\":\"U Mostaru cijela gradska uprava ide na kolektivni godi\u0161nji odmor\",\"datePublished\":\"2022-08-01T10:42:35+00:00\",\"dateModified\":\"2022-08-01T10:42:36+00:00\",\"mainEntityOfPage\":{\"@id\":\"https:\\\/\\\/radioljubuski.ba\\\/index.php\\\/2022\\\/08\\\/01\\\/u-mostaru-cijela-gradska-uprava-ide-na-kolektivni-godisnji-odmor\\\/\"},\"wordCount\":226,\"publisher\":{\"@id\":\"https:\\\/\\\/radioljubuski.ba\\\/#organization\"},\"image\":{\"@id\":\"https:\\\/\\\/radioljubuski.ba\\\/index.php\\\/2022\\\/08\\\/01\\\/u-mostaru-cijela-gradska-uprava-ide-na-kolektivni-godisnji-odmor\\\/#primaryimage\"},\"thumbnailUrl\":\"https:\\\/\\\/radioljubuski.ba\\\/wp-content\\\/uploads\\\/2022\\\/08\\\/l4cZP6ir_Gradska_uprava_Mostar_Medium_631x472.jpg\",\"articleSection\":[\"BIH i regija\"],\"inLanguage\":\"hr\"},{\"@type\":\"WebPage\",\"@id\":\"https:\\\/\\\/radioljubuski.ba\\\/index.php\\\/2022\\\/08\\\/01\\\/u-mostaru-cijela-gradska-uprava-ide-na-kolektivni-godisnji-odmor\\\/\",\"url\":\"https:\\\/\\\/radioljubuski.ba\\\/index.php\\\/2022\\\/08\\\/01\\\/u-mostaru-cijela-gradska-uprava-ide-na-kolektivni-godisnji-odmor\\\/\",\"name\":\"U Mostaru cijela gradska uprava ide na kolektivni godi\u0161nji odmor - RADIO LJUBU\u0160KI\",\"isPartOf\":{\"@id\":\"https:\\\/\\\/radioljubuski.ba\\\/#website\"},\"primaryImageOfPage\":{\"@id\":\"https:\\\/\\\/radioljubuski.ba\\\/index.php\\\/2022\\\/08\\\/01\\\/u-mostaru-cijela-gradska-uprava-ide-na-kolektivni-godisnji-odmor\\\/#primaryimage\"},\"image\":{\"@id\":\"https:\\\/\\\/radioljubuski.ba\\\/index.php\\\/2022\\\/08\\\/01\\\/u-mostaru-cijela-gradska-uprava-ide-na-kolektivni-godisnji-odmor\\\/#primaryimage\"},\"thumbnailUrl\":\"https:\\\/\\\/radioljubuski.ba\\\/wp-content\\\/uploads\\\/2022\\\/08\\\/l4cZP6ir_Gradska_uprava_Mostar_Medium_631x472.jpg\",\"datePublished\":\"2022-08-01T10:42:35+00:00\",\"dateModified\":\"2022-08-01T10:42:36+00:00\",\"breadcrumb\":{\"@id\":\"https:\\\/\\\/radioljubuski.ba\\\/index.php\\\/2022\\\/08\\\/01\\\/u-mostaru-cijela-gradska-uprava-ide-na-kolektivni-godisnji-odmor\\\/#breadcrumb\"},\"inLanguage\":\"hr\",\"potentialAction\":[{\"@type\":\"ReadAction\",\"target\":[\"https:\\\/\\\/radioljubuski.ba\\\/index.php\\\/2022\\\/08\\\/01\\\/u-mostaru-cijela-gradska-uprava-ide-na-kolektivni-godisnji-odmor\\\/\"]}]},{\"@type\":\"ImageObject\",\"inLanguage\":\"hr\",\"@id\":\"https:\\\/\\\/radioljubuski.ba\\\/index.php\\\/2022\\\/08\\\/01\\\/u-mostaru-cijela-gradska-uprava-ide-na-kolektivni-godisnji-odmor\\\/#primaryimage\",\"url\":\"https:\\\/\\\/radioljubuski.ba\\\/wp-content\\\/uploads\\\/2022\\\/08\\\/l4cZP6ir_Gradska_uprava_Mostar_Medium_631x472.jpg\",\"contentUrl\":\"https:\\\/\\\/radioljubuski.ba\\\/wp-content\\\/uploads\\\/2022\\\/08\\\/l4cZP6ir_Gradska_uprava_Mostar_Medium_631x472.jpg\",\"width\":1000,\"height\":625},{\"@type\":\"BreadcrumbList\",\"@id\":\"https:\\\/\\\/radioljubuski.ba\\\/index.php\\\/2022\\\/08\\\/01\\\/u-mostaru-cijela-gradska-uprava-ide-na-kolektivni-godisnji-odmor\\\/#breadcrumb\",\"itemListElement\":[{\"@type\":\"ListItem\",\"position\":1,\"name\":\"Po\u010detna stranica\",\"item\":\"https:\\\/\\\/radioljubuski.ba\\\/\"},{\"@type\":\"ListItem\",\"position\":2,\"name\":\"U Mostaru cijela gradska uprava ide na kolektivni godi\u0161nji odmor\"}]},{\"@type\":\"WebSite\",\"@id\":\"https:\\\/\\\/radioljubuski.ba\\\/#website\",\"url\":\"https:\\\/\\\/radioljubuski.ba\\\/\",\"name\":\"Radio Ljubu\u0161ki\",\"description\":\"Sun\u010dana frekvencija Hercegovine\",\"publisher\":{\"@id\":\"https:\\\/\\\/radioljubuski.ba\\\/#organization\"},\"potentialAction\":[{\"@type\":\"SearchAction\",\"target\":{\"@type\":\"EntryPoint\",\"urlTemplate\":\"https:\\\/\\\/radioljubuski.ba\\\/?s={search_term_string}\"},\"query-input\":{\"@type\":\"PropertyValueSpecification\",\"valueRequired\":true,\"valueName\":\"search_term_string\"}}],\"inLanguage\":\"hr\"},{\"@type\":\"Organization\",\"@id\":\"https:\\\/\\\/radioljubuski.ba\\\/#organization\",\"name\":\"Radio Ljubu\u0161ki\",\"url\":\"https:\\\/\\\/radioljubuski.ba\\\/\",\"logo\":{\"@type\":\"ImageObject\",\"inLanguage\":\"hr\",\"@id\":\"https:\\\/\\\/radioljubuski.ba\\\/#\\\/schema\\\/logo\\\/image\\\/\",\"url\":\"https:\\\/\\\/radioljubuski.ba\\\/wp-content\\\/uploads\\\/2021\\\/02\\\/cropped-Radio_Ljubuski_logo1.jpg\",\"contentUrl\":\"https:\\\/\\\/radioljubuski.ba\\\/wp-content\\\/uploads\\\/2021\\\/02\\\/cropped-Radio_Ljubuski_logo1.jpg\",\"width\":512,\"height\":512,\"caption\":\"Radio Ljubu\u0161ki\"},\"image\":{\"@id\":\"https:\\\/\\\/radioljubuski.ba\\\/#\\\/schema\\\/logo\\\/image\\\/\"},\"sameAs\":[\"https:\\\/\\\/www.facebook.com\\\/Radiio-Ljubuski-1490835324566332\",\"https:\\\/\\\/x.com\\\/radioljubuski\",\"https:\\\/\\\/hr.linkedin.com\\\/company\\\/radio-ljubuski\",\"https:\\\/\\\/www.youtube.com\\\/channel\\\/UCHYaeO_n0Db3tjNGudGpXyw\"]},{\"@type\":\"Person\",\"@id\":\"https:\\\/\\\/radioljubuski.ba\\\/#\\\/schema\\\/person\\\/19fc700381a780f69665d7956c469e3b\",\"name\":\"Radio Ljubu\u0161ki\"}]}<\/script>\n<!-- \/ Yoast SEO plugin. -->","yoast_head_json":{"title":"U Mostaru cijela gradska uprava ide na kolektivni godi\u0161nji odmor - RADIO LJUBU\u0160KI","robots":{"index":"index","follow":"follow","max-snippet":"max-snippet:-1","max-image-preview":"max-image-preview:large","max-video-preview":"max-video-preview:-1"},"canonical":"https:\/\/radioljubuski.ba\/index.php\/2022\/08\/01\/u-mostaru-cijela-gradska-uprava-ide-na-kolektivni-godisnji-odmor\/","og_locale":"hr_HR","og_type":"article","og_title":"U Mostaru cijela gradska uprava ide na kolektivni godi\u0161nji odmor - RADIO LJUBU\u0160KI","og_description":"Uposlenici Gradske uprave Mostara od 18. srpnja su na kolektivnom godi\u0161njem odmoru na kojem \u0107e ostati do 12. kolovoza. Bez obzira na to \u0161to su utvr\u0111eni termini podru\u010dnih i mjesnih ureda za rad sa strankama, gra\u0111ani su nezadovoljni ovakvom odlukom. Mostar je jedini grad u dr\u017eavi \u010dija Uprava ide na kolektivni odmor, i to nakon [&hellip;]","og_url":"https:\/\/radioljubuski.ba\/index.php\/2022\/08\/01\/u-mostaru-cijela-gradska-uprava-ide-na-kolektivni-godisnji-odmor\/","og_site_name":"RADIO LJUBU\u0160KI","article_publisher":"https:\/\/www.facebook.com\/Radiio-Ljubuski-1490835324566332","article_published_time":"2022-08-01T10:42:35+00:00","article_modified_time":"2022-08-01T10:42:36+00:00","og_image":[{"width":1000,"height":625,"url":"https:\/\/radioljubuski.ba\/wp-content\/uploads\/2022\/08\/l4cZP6ir_Gradska_uprava_Mostar_Medium_631x472.jpg","type":"image\/jpeg"}],"author":"Radio Ljubu\u0161ki","twitter_card":"summary_large_image","twitter_creator":"@radioljubuski","twitter_site":"@radioljubuski","twitter_misc":{"Napisao\/la":"Radio Ljubu\u0161ki","Procijenjeno vrijeme \u010ditanja":"1 minuta"},"schema":{"@context":"https:\/\/schema.org","@graph":[{"@type":"Article","@id":"https:\/\/radioljubuski.ba\/index.php\/2022\/08\/01\/u-mostaru-cijela-gradska-uprava-ide-na-kolektivni-godisnji-odmor\/#article","isPartOf":{"@id":"https:\/\/radioljubuski.ba\/index.php\/2022\/08\/01\/u-mostaru-cijela-gradska-uprava-ide-na-kolektivni-godisnji-odmor\/"},"author":{"name":"Radio Ljubu\u0161ki","@id":"https:\/\/radioljubuski.ba\/#\/schema\/person\/19fc700381a780f69665d7956c469e3b"},"headline":"U Mostaru cijela gradska uprava ide na kolektivni godi\u0161nji odmor","datePublished":"2022-08-01T10:42:35+00:00","dateModified":"2022-08-01T10:42:36+00:00","mainEntityOfPage":{"@id":"https:\/\/radioljubuski.ba\/index.php\/2022\/08\/01\/u-mostaru-cijela-gradska-uprava-ide-na-kolektivni-godisnji-odmor\/"},"wordCount":226,"publisher":{"@id":"https:\/\/radioljubuski.ba\/#organization"},"image":{"@id":"https:\/\/radioljubuski.ba\/index.php\/2022\/08\/01\/u-mostaru-cijela-gradska-uprava-ide-na-kolektivni-godisnji-odmor\/#primaryimage"},"thumbnailUrl":"https:\/\/radioljubuski.ba\/wp-content\/uploads\/2022\/08\/l4cZP6ir_Gradska_uprava_Mostar_Medium_631x472.jpg","articleSection":["BIH i regija"],"inLanguage":"hr"},{"@type":"WebPage","@id":"https:\/\/radioljubuski.ba\/index.php\/2022\/08\/01\/u-mostaru-cijela-gradska-uprava-ide-na-kolektivni-godisnji-odmor\/","url":"https:\/\/radioljubuski.ba\/index.php\/2022\/08\/01\/u-mostaru-cijela-gradska-uprava-ide-na-kolektivni-godisnji-odmor\/","name":"U Mostaru cijela gradska uprava ide na kolektivni godi\u0161nji odmor - RADIO LJUBU\u0160KI","isPartOf":{"@id":"https:\/\/radioljubuski.ba\/#website"},"primaryImageOfPage":{"@id":"https:\/\/radioljubuski.ba\/index.php\/2022\/08\/01\/u-mostaru-cijela-gradska-uprava-ide-na-kolektivni-godisnji-odmor\/#primaryimage"},"image":{"@id":"https:\/\/radioljubuski.ba\/index.php\/2022\/08\/01\/u-mostaru-cijela-gradska-uprava-ide-na-kolektivni-godisnji-odmor\/#primaryimage"},"thumbnailUrl":"https:\/\/radioljubuski.ba\/wp-content\/uploads\/2022\/08\/l4cZP6ir_Gradska_uprava_Mostar_Medium_631x472.jpg","datePublished":"2022-08-01T10:42:35+00:00","dateModified":"2022-08-01T10:42:36+00:00","breadcrumb":{"@id":"https:\/\/radioljubuski.ba\/index.php\/2022\/08\/01\/u-mostaru-cijela-gradska-uprava-ide-na-kolektivni-godisnji-odmor\/#breadcrumb"},"inLanguage":"hr","potentialAction":[{"@type":"ReadAction","target":["https:\/\/radioljubuski.ba\/index.php\/2022\/08\/01\/u-mostaru-cijela-gradska-uprava-ide-na-kolektivni-godisnji-odmor\/"]}]},{"@type":"ImageObject","inLanguage":"hr","@id":"https:\/\/radioljubuski.ba\/index.php\/2022\/08\/01\/u-mostaru-cijela-gradska-uprava-ide-na-kolektivni-godisnji-odmor\/#primaryimage","url":"https:\/\/radioljubuski.ba\/wp-content\/uploads\/2022\/08\/l4cZP6ir_Gradska_uprava_Mostar_Medium_631x472.jpg","contentUrl":"https:\/\/radioljubuski.ba\/wp-content\/uploads\/2022\/08\/l4cZP6ir_Gradska_uprava_Mostar_Medium_631x472.jpg","width":1000,"height":625},{"@type":"BreadcrumbList","@id":"https:\/\/radioljubuski.ba\/index.php\/2022\/08\/01\/u-mostaru-cijela-gradska-uprava-ide-na-kolektivni-godisnji-odmor\/#breadcrumb","itemListElement":[{"@type":"ListItem","position":1,"name":"Po\u010detna stranica","item":"https:\/\/radioljubuski.ba\/"},{"@type":"ListItem","position":2,"name":"U Mostaru cijela gradska uprava ide na kolektivni godi\u0161nji odmor"}]},{"@type":"WebSite","@id":"https:\/\/radioljubuski.ba\/#website","url":"https:\/\/radioljubuski.ba\/","name":"Radio Ljubu\u0161ki","description":"Sun\u010dana frekvencija Hercegovine","publisher":{"@id":"https:\/\/radioljubuski.ba\/#organization"},"potentialAction":[{"@type":"SearchAction","target":{"@type":"EntryPoint","urlTemplate":"https:\/\/radioljubuski.ba\/?s={search_term_string}"},"query-input":{"@type":"PropertyValueSpecification","valueRequired":true,"valueName":"search_term_string"}}],"inLanguage":"hr"},{"@type":"Organization","@id":"https:\/\/radioljubuski.ba\/#organization","name":"Radio Ljubu\u0161ki","url":"https:\/\/radioljubuski.ba\/","logo":{"@type":"ImageObject","inLanguage":"hr","@id":"https:\/\/radioljubuski.ba\/#\/schema\/logo\/image\/","url":"https:\/\/radioljubuski.ba\/wp-content\/uploads\/2021\/02\/cropped-Radio_Ljubuski_logo1.jpg","contentUrl":"https:\/\/radioljubuski.ba\/wp-content\/uploads\/2021\/02\/cropped-Radio_Ljubuski_logo1.jpg","width":512,"height":512,"caption":"Radio Ljubu\u0161ki"},"image":{"@id":"https:\/\/radioljubuski.ba\/#\/schema\/logo\/image\/"},"sameAs":["https:\/\/www.facebook.com\/Radiio-Ljubuski-1490835324566332","https:\/\/x.com\/radioljubuski","https:\/\/hr.linkedin.com\/company\/radio-ljubuski","https:\/\/www.youtube.com\/channel\/UCHYaeO_n0Db3tjNGudGpXyw"]},{"@type":"Person","@id":"https:\/\/radioljubuski.ba\/#\/schema\/person\/19fc700381a780f69665d7956c469e3b","name":"Radio Ljubu\u0161ki"}]}},"_links":{"self":[{"href":"https:\/\/radioljubuski.ba\/index.php\/wp-json\/wp\/v2\/posts\/165325","targetHints":{"allow":["GET"]}}],"collection":[{"href":"https:\/\/radioljubuski.ba\/index.php\/wp-json\/wp\/v2\/posts"}],"about":[{"href":"https:\/\/radioljubuski.ba\/index.php\/wp-json\/wp\/v2\/types\/post"}],"author":[{"embeddable":true,"href":"https:\/\/radioljubuski.ba\/index.php\/wp-json\/wp\/v2\/users\/2"}],"replies":[{"embeddable":true,"href":"https:\/\/radioljubuski.ba\/index.php\/wp-json\/wp\/v2\/comments?post=165325"}],"version-history":[{"count":1,"href":"https:\/\/radioljubuski.ba\/index.php\/wp-json\/wp\/v2\/posts\/165325\/revisions"}],"predecessor-version":[{"id":165327,"href":"https:\/\/radioljubuski.ba\/index.php\/wp-json\/wp\/v2\/posts\/165325\/revisions\/165327"}],"wp:featuredmedia":[{"embeddable":true,"href":"https:\/\/radioljubuski.ba\/index.php\/wp-json\/wp\/v2\/media\/165326"}],"wp:attachment":[{"href":"https:\/\/radioljubuski.ba\/index.php\/wp-json\/wp\/v2\/media?parent=165325"}],"wp:term":[{"taxonomy":"category","embeddable":true,"href":"https:\/\/radioljubuski.ba\/index.php\/wp-json\/wp\/v2\/categories?post=165325"},{"taxonomy":"post_tag","embeddable":true,"href":"https:\/\/radioljubuski.ba\/index.php\/wp-json\/wp\/v2\/tags?post=165325"}],"curies":[{"name":"wp","href":"https:\/\/api.w.org\/{rel}","templated":true}]}}