{"id":165328,"date":"2022-08-01T11:44:41","date_gmt":"2022-08-01T10:44:41","guid":{"rendered":"https:\/\/radioljubuski.ba\/?p=165328"},"modified":"2022-08-01T11:44:42","modified_gmt":"2022-08-01T10:44:42","slug":"amerikanci-smirili-stanje-na-kosovu","status":"publish","type":"post","link":"https:\/\/radioljubuski.ba\/index.php\/2022\/08\/01\/amerikanci-smirili-stanje-na-kosovu\/","title":{"rendered":"Amerikanci smirili stanje na Kosovu"},"content":{"rendered":"\n<p>Kosovska vlada priop\u0107ila je u nedjelju nave\u010der, uo\u010di stupanja na snagu mjera kojima se uvodi zabrana ulaska na teritorij Kosova osobama sa identifikacijskim iskaznicama Srbije i reguliranja registarskih oznaka, da je spremna odgoditi primjenu tih odluka do 1. rujna, kada se o\u010dekuje uklanjanje barikada i uspostava pune slobode kretanja na svim putevima na sjeveru Kosova.<\/p>\n\n\n\n<p>Priop\u0107enju kosovske vlade prethodila je razmjena diplomatskih poruka i poziva na smirivanje napetosti, a klju\u010dni je bio poziv ameri\u010dkog veleposlanika u Pri\u0161tini Jeffreya Hoveniera kosovskim vlastima da na 30 dana odgode primjenu odluka koje su digle na noge dr\u017eavni vrh Srbije, a kosovski Srbi reagirali su postavljanjem barikada na cestama na sjeveru prema prijelazima Jarinje i Brnjak.<\/p>\n\n\n\n<p>Kosovska me\u0111unarodna vojna misija (Kfor) priop\u0107ila je u nedjelju da je sigurnosno stanje na sjeveru KiM-a napeto, da je pomno prati stanje i spremna je intervenirati ako stabilnost bude ugro\u017eena.<\/p>\n\n\n\n<p>Moskva je prethodno pozvala pri\u0161tinske vlasti, Sjedinjene Ameri\u010dke Dr\u017eave i EU da \u201czaustave provokacije i po\u0161tuju prava Srba na Kosovu\u201d.<\/p>\n\n\n\n<p>\u0160efica misije UN-a na Kosovu (UNMIK) Carolin Ziyade izrazila je zabrinutost zbog stanja na sjeveru i pozvala sve na smirivanje i izbjegavanje dalje eskalacije.<\/p>\n\n\n\n<p>Napetosti su potaknute odlukom Pri\u0161tine da od 1. kolovoza u pono\u0107 uvede zabranu ulaska gra\u0111anima sa identifikacijskim dokumentima Srbije i umjesto njih im izda tromjese\u010dni \u201culazno-izlazni dokument\u201d, te da registarske plo\u010dice izdane u Srbiji za gradove na Kosovu zamjeni plo\u010dicama s kosovskim oznakama.<\/p>\n\n\n\n<p>Rije\u010d je o recipro\u010dnim mjerama, jer Srbija ve\u0107 11 godina ne dopu\u0161ta ulazak kosovskim gra\u0111anima s kosovskim dokumentima, nego im izdaje posebne dozvole.<\/p>\n\n\n\n<p>Ministarstvo obrane Srbije opovrgnulo je u nedjelju nave\u010der informacije u pojedinim medijima da je Vojska Srbije prelazila, kako navodi, administrativnu liniju i da \u201cni na koji na\u010din nije ulazila na podru\u010dje Kosova i Metohije\u201d.<\/p>\n\n\n\n<p>Srbijanski predsjednik Aleksandar Vu\u010di\u0107 sastao se s vojnim vrhom, dok je na\u010delnik Glavnog sto\u017eera general Vojske Srbije razgovarao sa zapovjednikom KFOR-a.<\/p>\n\n\n\n<p>Vu\u010di\u0107 je poslije sastanka TV Pinku izjavio da su zamolili me\u0111unarodne predstavnike da utje\u010du na albansku stranu, koju je ocijenio neodgovornom, prije dijaloga u Bruxellesu izraziv\u0161i uvjerenost u dobre vijesti.<\/p>\n\n\n\n<p>Vu\u010di\u0107 je u nedjelju odr\u017eao izvanrednu konferenciju za medije i pozvao Kosovo i zapadne zemlje koje podr\u017eavaju Pri\u0161tinu da se \u201curazume\u201d kako bi se izbjegli mogu\u0107i sukobi nakon upravnih odluka kosovske Vlade koje Beograd osporava, a Pri\u0161tina ih vidi kao izraz suverenosti.<\/p>\n\n\n\n<p>Na sjeveru Kosova sino\u0107 su se \u010dule sirene, a kosovska policija priop\u0107ila je u nedjelju nave\u010der da se na nekoliko mjesta na sjeveru Kosova \u010dula pucnjava te da je pucano i u smjeru policajaca, ali da nije bilo povrije\u0111enih.<\/p>\n\n\n\n<p>Reporter Radio-televizije Srbije izvijestio je prije pono\u0107i da je stanje na prijelazu Jarinje mirno te da je taj kao i prijelaz Brnjak i dalje blokiran.<\/p>\n\n\n\n<p>Izvor:pogled.ba<\/p>\n","protected":false},"excerpt":{"rendered":"<p>Kosovska vlada priop\u0107ila je u nedjelju nave\u010der, uo\u010di stupanja na snagu mjera kojima se uvodi zabrana ulaska na teritorij Kosova osobama sa identifikacijskim iskaznicama Srbije i reguliranja registarskih oznaka, da je spremna odgoditi primjenu tih odluka do 1. rujna, kada se o\u010dekuje uklanjanje barikada i uspostava pune slobode kretanja na svim putevima na sjeveru Kosova. [&hellip;]<\/p>\n","protected":false},"author":2,"featured_media":165329,"comment_status":"closed","ping_status":"closed","sticky":false,"template":"","format":"standard","meta":{"h5ap_radio_sources":[],"footnotes":""},"categories":[1],"tags":[],"class_list":["post-165328","post","type-post","status-publish","format-standard","has-post-thumbnail","hentry","category-bihiregija"],"yoast_head":"<!-- This site is optimized with the Yoast SEO plugin v27.4 - https:\/\/yoast.com\/product\/yoast-seo-wordpress\/ -->\n<title>Amerikanci smirili stanje na Kosovu - RADIO LJUBU\u0160KI<\/title>\n<meta name=\"robots\" content=\"index, follow, max-snippet:-1, max-image-preview:large, max-video-preview:-1\" \/>\n<link rel=\"canonical\" href=\"https:\/\/radioljubuski.ba\/index.php\/2022\/08\/01\/amerikanci-smirili-stanje-na-kosovu\/\" \/>\n<meta property=\"og:locale\" content=\"hr_HR\" \/>\n<meta property=\"og:type\" content=\"article\" \/>\n<meta property=\"og:title\" content=\"Amerikanci smirili stanje na Kosovu - RADIO LJUBU\u0160KI\" \/>\n<meta property=\"og:description\" content=\"Kosovska vlada priop\u0107ila je u nedjelju nave\u010der, uo\u010di stupanja na snagu mjera kojima se uvodi zabrana ulaska na teritorij Kosova osobama sa identifikacijskim iskaznicama Srbije i reguliranja registarskih oznaka, da je spremna odgoditi primjenu tih odluka do 1. rujna, kada se o\u010dekuje uklanjanje barikada i uspostava pune slobode kretanja na svim putevima na sjeveru Kosova. [&hellip;]\" \/>\n<meta property=\"og:url\" content=\"https:\/\/radioljubuski.ba\/index.php\/2022\/08\/01\/amerikanci-smirili-stanje-na-kosovu\/\" \/>\n<meta property=\"og:site_name\" content=\"RADIO LJUBU\u0160KI\" \/>\n<meta property=\"article:publisher\" content=\"https:\/\/www.facebook.com\/Radiio-Ljubuski-1490835324566332\" \/>\n<meta property=\"article:published_time\" content=\"2022-08-01T10:44:41+00:00\" \/>\n<meta property=\"article:modified_time\" content=\"2022-08-01T10:44:42+00:00\" \/>\n<meta property=\"og:image\" content=\"https:\/\/radioljubuski.ba\/wp-content\/uploads\/2022\/08\/10-2022-08-01-08-07-24-kosovo.jpg\" \/>\n\t<meta property=\"og:image:width\" content=\"1000\" \/>\n\t<meta property=\"og:image:height\" content=\"625\" \/>\n\t<meta property=\"og:image:type\" content=\"image\/jpeg\" \/>\n<meta name=\"author\" content=\"Radio Ljubu\u0161ki\" \/>\n<meta name=\"twitter:card\" content=\"summary_large_image\" \/>\n<meta name=\"twitter:creator\" content=\"@radioljubuski\" \/>\n<meta name=\"twitter:site\" content=\"@radioljubuski\" \/>\n<meta name=\"twitter:label1\" content=\"Napisao\/la\" \/>\n\t<meta name=\"twitter:data1\" content=\"Radio Ljubu\u0161ki\" \/>\n\t<meta name=\"twitter:label2\" content=\"Procijenjeno vrijeme \u010ditanja\" \/>\n\t<meta name=\"twitter:data2\" content=\"2 minute\" \/>\n<script type=\"application\/ld+json\" class=\"yoast-schema-graph\">{\"@context\":\"https:\\\/\\\/schema.org\",\"@graph\":[{\"@type\":\"Article\",\"@id\":\"https:\\\/\\\/radioljubuski.ba\\\/index.php\\\/2022\\\/08\\\/01\\\/amerikanci-smirili-stanje-na-kosovu\\\/#article\",\"isPartOf\":{\"@id\":\"https:\\\/\\\/radioljubuski.ba\\\/index.php\\\/2022\\\/08\\\/01\\\/amerikanci-smirili-stanje-na-kosovu\\\/\"},\"author\":{\"name\":\"Radio Ljubu\u0161ki\",\"@id\":\"https:\\\/\\\/radioljubuski.ba\\\/#\\\/schema\\\/person\\\/19fc700381a780f69665d7956c469e3b\"},\"headline\":\"Amerikanci smirili stanje na Kosovu\",\"datePublished\":\"2022-08-01T10:44:41+00:00\",\"dateModified\":\"2022-08-01T10:44:42+00:00\",\"mainEntityOfPage\":{\"@id\":\"https:\\\/\\\/radioljubuski.ba\\\/index.php\\\/2022\\\/08\\\/01\\\/amerikanci-smirili-stanje-na-kosovu\\\/\"},\"wordCount\":491,\"publisher\":{\"@id\":\"https:\\\/\\\/radioljubuski.ba\\\/#organization\"},\"image\":{\"@id\":\"https:\\\/\\\/radioljubuski.ba\\\/index.php\\\/2022\\\/08\\\/01\\\/amerikanci-smirili-stanje-na-kosovu\\\/#primaryimage\"},\"thumbnailUrl\":\"https:\\\/\\\/radioljubuski.ba\\\/wp-content\\\/uploads\\\/2022\\\/08\\\/10-2022-08-01-08-07-24-kosovo.jpg\",\"articleSection\":[\"BIH i regija\"],\"inLanguage\":\"hr\"},{\"@type\":\"WebPage\",\"@id\":\"https:\\\/\\\/radioljubuski.ba\\\/index.php\\\/2022\\\/08\\\/01\\\/amerikanci-smirili-stanje-na-kosovu\\\/\",\"url\":\"https:\\\/\\\/radioljubuski.ba\\\/index.php\\\/2022\\\/08\\\/01\\\/amerikanci-smirili-stanje-na-kosovu\\\/\",\"name\":\"Amerikanci smirili stanje na Kosovu - RADIO LJUBU\u0160KI\",\"isPartOf\":{\"@id\":\"https:\\\/\\\/radioljubuski.ba\\\/#website\"},\"primaryImageOfPage\":{\"@id\":\"https:\\\/\\\/radioljubuski.ba\\\/index.php\\\/2022\\\/08\\\/01\\\/amerikanci-smirili-stanje-na-kosovu\\\/#primaryimage\"},\"image\":{\"@id\":\"https:\\\/\\\/radioljubuski.ba\\\/index.php\\\/2022\\\/08\\\/01\\\/amerikanci-smirili-stanje-na-kosovu\\\/#primaryimage\"},\"thumbnailUrl\":\"https:\\\/\\\/radioljubuski.ba\\\/wp-content\\\/uploads\\\/2022\\\/08\\\/10-2022-08-01-08-07-24-kosovo.jpg\",\"datePublished\":\"2022-08-01T10:44:41+00:00\",\"dateModified\":\"2022-08-01T10:44:42+00:00\",\"breadcrumb\":{\"@id\":\"https:\\\/\\\/radioljubuski.ba\\\/index.php\\\/2022\\\/08\\\/01\\\/amerikanci-smirili-stanje-na-kosovu\\\/#breadcrumb\"},\"inLanguage\":\"hr\",\"potentialAction\":[{\"@type\":\"ReadAction\",\"target\":[\"https:\\\/\\\/radioljubuski.ba\\\/index.php\\\/2022\\\/08\\\/01\\\/amerikanci-smirili-stanje-na-kosovu\\\/\"]}]},{\"@type\":\"ImageObject\",\"inLanguage\":\"hr\",\"@id\":\"https:\\\/\\\/radioljubuski.ba\\\/index.php\\\/2022\\\/08\\\/01\\\/amerikanci-smirili-stanje-na-kosovu\\\/#primaryimage\",\"url\":\"https:\\\/\\\/radioljubuski.ba\\\/wp-content\\\/uploads\\\/2022\\\/08\\\/10-2022-08-01-08-07-24-kosovo.jpg\",\"contentUrl\":\"https:\\\/\\\/radioljubuski.ba\\\/wp-content\\\/uploads\\\/2022\\\/08\\\/10-2022-08-01-08-07-24-kosovo.jpg\",\"width\":1000,\"height\":625},{\"@type\":\"BreadcrumbList\",\"@id\":\"https:\\\/\\\/radioljubuski.ba\\\/index.php\\\/2022\\\/08\\\/01\\\/amerikanci-smirili-stanje-na-kosovu\\\/#breadcrumb\",\"itemListElement\":[{\"@type\":\"ListItem\",\"position\":1,\"name\":\"Po\u010detna stranica\",\"item\":\"https:\\\/\\\/radioljubuski.ba\\\/\"},{\"@type\":\"ListItem\",\"position\":2,\"name\":\"Amerikanci smirili stanje na Kosovu\"}]},{\"@type\":\"WebSite\",\"@id\":\"https:\\\/\\\/radioljubuski.ba\\\/#website\",\"url\":\"https:\\\/\\\/radioljubuski.ba\\\/\",\"name\":\"Radio Ljubu\u0161ki\",\"description\":\"Sun\u010dana frekvencija Hercegovine\",\"publisher\":{\"@id\":\"https:\\\/\\\/radioljubuski.ba\\\/#organization\"},\"potentialAction\":[{\"@type\":\"SearchAction\",\"target\":{\"@type\":\"EntryPoint\",\"urlTemplate\":\"https:\\\/\\\/radioljubuski.ba\\\/?s={search_term_string}\"},\"query-input\":{\"@type\":\"PropertyValueSpecification\",\"valueRequired\":true,\"valueName\":\"search_term_string\"}}],\"inLanguage\":\"hr\"},{\"@type\":\"Organization\",\"@id\":\"https:\\\/\\\/radioljubuski.ba\\\/#organization\",\"name\":\"Radio Ljubu\u0161ki\",\"url\":\"https:\\\/\\\/radioljubuski.ba\\\/\",\"logo\":{\"@type\":\"ImageObject\",\"inLanguage\":\"hr\",\"@id\":\"https:\\\/\\\/radioljubuski.ba\\\/#\\\/schema\\\/logo\\\/image\\\/\",\"url\":\"https:\\\/\\\/radioljubuski.ba\\\/wp-content\\\/uploads\\\/2021\\\/02\\\/cropped-Radio_Ljubuski_logo1.jpg\",\"contentUrl\":\"https:\\\/\\\/radioljubuski.ba\\\/wp-content\\\/uploads\\\/2021\\\/02\\\/cropped-Radio_Ljubuski_logo1.jpg\",\"width\":512,\"height\":512,\"caption\":\"Radio Ljubu\u0161ki\"},\"image\":{\"@id\":\"https:\\\/\\\/radioljubuski.ba\\\/#\\\/schema\\\/logo\\\/image\\\/\"},\"sameAs\":[\"https:\\\/\\\/www.facebook.com\\\/Radiio-Ljubuski-1490835324566332\",\"https:\\\/\\\/x.com\\\/radioljubuski\",\"https:\\\/\\\/hr.linkedin.com\\\/company\\\/radio-ljubuski\",\"https:\\\/\\\/www.youtube.com\\\/channel\\\/UCHYaeO_n0Db3tjNGudGpXyw\"]},{\"@type\":\"Person\",\"@id\":\"https:\\\/\\\/radioljubuski.ba\\\/#\\\/schema\\\/person\\\/19fc700381a780f69665d7956c469e3b\",\"name\":\"Radio Ljubu\u0161ki\"}]}<\/script>\n<!-- \/ Yoast SEO plugin. -->","yoast_head_json":{"title":"Amerikanci smirili stanje na Kosovu - RADIO LJUBU\u0160KI","robots":{"index":"index","follow":"follow","max-snippet":"max-snippet:-1","max-image-preview":"max-image-preview:large","max-video-preview":"max-video-preview:-1"},"canonical":"https:\/\/radioljubuski.ba\/index.php\/2022\/08\/01\/amerikanci-smirili-stanje-na-kosovu\/","og_locale":"hr_HR","og_type":"article","og_title":"Amerikanci smirili stanje na Kosovu - RADIO LJUBU\u0160KI","og_description":"Kosovska vlada priop\u0107ila je u nedjelju nave\u010der, uo\u010di stupanja na snagu mjera kojima se uvodi zabrana ulaska na teritorij Kosova osobama sa identifikacijskim iskaznicama Srbije i reguliranja registarskih oznaka, da je spremna odgoditi primjenu tih odluka do 1. rujna, kada se o\u010dekuje uklanjanje barikada i uspostava pune slobode kretanja na svim putevima na sjeveru Kosova. [&hellip;]","og_url":"https:\/\/radioljubuski.ba\/index.php\/2022\/08\/01\/amerikanci-smirili-stanje-na-kosovu\/","og_site_name":"RADIO LJUBU\u0160KI","article_publisher":"https:\/\/www.facebook.com\/Radiio-Ljubuski-1490835324566332","article_published_time":"2022-08-01T10:44:41+00:00","article_modified_time":"2022-08-01T10:44:42+00:00","og_image":[{"width":1000,"height":625,"url":"https:\/\/radioljubuski.ba\/wp-content\/uploads\/2022\/08\/10-2022-08-01-08-07-24-kosovo.jpg","type":"image\/jpeg"}],"author":"Radio Ljubu\u0161ki","twitter_card":"summary_large_image","twitter_creator":"@radioljubuski","twitter_site":"@radioljubuski","twitter_misc":{"Napisao\/la":"Radio Ljubu\u0161ki","Procijenjeno vrijeme \u010ditanja":"2 minute"},"schema":{"@context":"https:\/\/schema.org","@graph":[{"@type":"Article","@id":"https:\/\/radioljubuski.ba\/index.php\/2022\/08\/01\/amerikanci-smirili-stanje-na-kosovu\/#article","isPartOf":{"@id":"https:\/\/radioljubuski.ba\/index.php\/2022\/08\/01\/amerikanci-smirili-stanje-na-kosovu\/"},"author":{"name":"Radio Ljubu\u0161ki","@id":"https:\/\/radioljubuski.ba\/#\/schema\/person\/19fc700381a780f69665d7956c469e3b"},"headline":"Amerikanci smirili stanje na Kosovu","datePublished":"2022-08-01T10:44:41+00:00","dateModified":"2022-08-01T10:44:42+00:00","mainEntityOfPage":{"@id":"https:\/\/radioljubuski.ba\/index.php\/2022\/08\/01\/amerikanci-smirili-stanje-na-kosovu\/"},"wordCount":491,"publisher":{"@id":"https:\/\/radioljubuski.ba\/#organization"},"image":{"@id":"https:\/\/radioljubuski.ba\/index.php\/2022\/08\/01\/amerikanci-smirili-stanje-na-kosovu\/#primaryimage"},"thumbnailUrl":"https:\/\/radioljubuski.ba\/wp-content\/uploads\/2022\/08\/10-2022-08-01-08-07-24-kosovo.jpg","articleSection":["BIH i regija"],"inLanguage":"hr"},{"@type":"WebPage","@id":"https:\/\/radioljubuski.ba\/index.php\/2022\/08\/01\/amerikanci-smirili-stanje-na-kosovu\/","url":"https:\/\/radioljubuski.ba\/index.php\/2022\/08\/01\/amerikanci-smirili-stanje-na-kosovu\/","name":"Amerikanci smirili stanje na Kosovu - RADIO LJUBU\u0160KI","isPartOf":{"@id":"https:\/\/radioljubuski.ba\/#website"},"primaryImageOfPage":{"@id":"https:\/\/radioljubuski.ba\/index.php\/2022\/08\/01\/amerikanci-smirili-stanje-na-kosovu\/#primaryimage"},"image":{"@id":"https:\/\/radioljubuski.ba\/index.php\/2022\/08\/01\/amerikanci-smirili-stanje-na-kosovu\/#primaryimage"},"thumbnailUrl":"https:\/\/radioljubuski.ba\/wp-content\/uploads\/2022\/08\/10-2022-08-01-08-07-24-kosovo.jpg","datePublished":"2022-08-01T10:44:41+00:00","dateModified":"2022-08-01T10:44:42+00:00","breadcrumb":{"@id":"https:\/\/radioljubuski.ba\/index.php\/2022\/08\/01\/amerikanci-smirili-stanje-na-kosovu\/#breadcrumb"},"inLanguage":"hr","potentialAction":[{"@type":"ReadAction","target":["https:\/\/radioljubuski.ba\/index.php\/2022\/08\/01\/amerikanci-smirili-stanje-na-kosovu\/"]}]},{"@type":"ImageObject","inLanguage":"hr","@id":"https:\/\/radioljubuski.ba\/index.php\/2022\/08\/01\/amerikanci-smirili-stanje-na-kosovu\/#primaryimage","url":"https:\/\/radioljubuski.ba\/wp-content\/uploads\/2022\/08\/10-2022-08-01-08-07-24-kosovo.jpg","contentUrl":"https:\/\/radioljubuski.ba\/wp-content\/uploads\/2022\/08\/10-2022-08-01-08-07-24-kosovo.jpg","width":1000,"height":625},{"@type":"BreadcrumbList","@id":"https:\/\/radioljubuski.ba\/index.php\/2022\/08\/01\/amerikanci-smirili-stanje-na-kosovu\/#breadcrumb","itemListElement":[{"@type":"ListItem","position":1,"name":"Po\u010detna stranica","item":"https:\/\/radioljubuski.ba\/"},{"@type":"ListItem","position":2,"name":"Amerikanci smirili stanje na Kosovu"}]},{"@type":"WebSite","@id":"https:\/\/radioljubuski.ba\/#website","url":"https:\/\/radioljubuski.ba\/","name":"Radio Ljubu\u0161ki","description":"Sun\u010dana frekvencija Hercegovine","publisher":{"@id":"https:\/\/radioljubuski.ba\/#organization"},"potentialAction":[{"@type":"SearchAction","target":{"@type":"EntryPoint","urlTemplate":"https:\/\/radioljubuski.ba\/?s={search_term_string}"},"query-input":{"@type":"PropertyValueSpecification","valueRequired":true,"valueName":"search_term_string"}}],"inLanguage":"hr"},{"@type":"Organization","@id":"https:\/\/radioljubuski.ba\/#organization","name":"Radio Ljubu\u0161ki","url":"https:\/\/radioljubuski.ba\/","logo":{"@type":"ImageObject","inLanguage":"hr","@id":"https:\/\/radioljubuski.ba\/#\/schema\/logo\/image\/","url":"https:\/\/radioljubuski.ba\/wp-content\/uploads\/2021\/02\/cropped-Radio_Ljubuski_logo1.jpg","contentUrl":"https:\/\/radioljubuski.ba\/wp-content\/uploads\/2021\/02\/cropped-Radio_Ljubuski_logo1.jpg","width":512,"height":512,"caption":"Radio Ljubu\u0161ki"},"image":{"@id":"https:\/\/radioljubuski.ba\/#\/schema\/logo\/image\/"},"sameAs":["https:\/\/www.facebook.com\/Radiio-Ljubuski-1490835324566332","https:\/\/x.com\/radioljubuski","https:\/\/hr.linkedin.com\/company\/radio-ljubuski","https:\/\/www.youtube.com\/channel\/UCHYaeO_n0Db3tjNGudGpXyw"]},{"@type":"Person","@id":"https:\/\/radioljubuski.ba\/#\/schema\/person\/19fc700381a780f69665d7956c469e3b","name":"Radio Ljubu\u0161ki"}]}},"_links":{"self":[{"href":"https:\/\/radioljubuski.ba\/index.php\/wp-json\/wp\/v2\/posts\/165328","targetHints":{"allow":["GET"]}}],"collection":[{"href":"https:\/\/radioljubuski.ba\/index.php\/wp-json\/wp\/v2\/posts"}],"about":[{"href":"https:\/\/radioljubuski.ba\/index.php\/wp-json\/wp\/v2\/types\/post"}],"author":[{"embeddable":true,"href":"https:\/\/radioljubuski.ba\/index.php\/wp-json\/wp\/v2\/users\/2"}],"replies":[{"embeddable":true,"href":"https:\/\/radioljubuski.ba\/index.php\/wp-json\/wp\/v2\/comments?post=165328"}],"version-history":[{"count":1,"href":"https:\/\/radioljubuski.ba\/index.php\/wp-json\/wp\/v2\/posts\/165328\/revisions"}],"predecessor-version":[{"id":165330,"href":"https:\/\/radioljubuski.ba\/index.php\/wp-json\/wp\/v2\/posts\/165328\/revisions\/165330"}],"wp:featuredmedia":[{"embeddable":true,"href":"https:\/\/radioljubuski.ba\/index.php\/wp-json\/wp\/v2\/media\/165329"}],"wp:attachment":[{"href":"https:\/\/radioljubuski.ba\/index.php\/wp-json\/wp\/v2\/media?parent=165328"}],"wp:term":[{"taxonomy":"category","embeddable":true,"href":"https:\/\/radioljubuski.ba\/index.php\/wp-json\/wp\/v2\/categories?post=165328"},{"taxonomy":"post_tag","embeddable":true,"href":"https:\/\/radioljubuski.ba\/index.php\/wp-json\/wp\/v2\/tags?post=165328"}],"curies":[{"name":"wp","href":"https:\/\/api.w.org\/{rel}","templated":true}]}}