{"id":165337,"date":"2022-08-01T11:48:31","date_gmt":"2022-08-01T10:48:31","guid":{"rendered":"https:\/\/radioljubuski.ba\/?p=165337"},"modified":"2022-08-01T11:48:32","modified_gmt":"2022-08-01T10:48:32","slug":"sto-najbogatijih-amerikanaca-izgubilo-vise-od-660-milijardi-dolara","status":"publish","type":"post","link":"https:\/\/radioljubuski.ba\/index.php\/2022\/08\/01\/sto-najbogatijih-amerikanaca-izgubilo-vise-od-660-milijardi-dolara\/","title":{"rendered":"Sto najbogatijih Amerikanaca izgubilo vi\u0161e od 660 milijardi dolara"},"content":{"rendered":"\n<p>Kada su u prvim danima pandemije tr\u017ei\u0161ta potonula i 22 milijuna Amerikanaca je izgubilo posao, Kongres i Federalne rezerve krenuli su u akciju stabiliziranja uzdrmane ekonomije. Nakon bilijuna dolara gotovine za pomo\u0107 pogo\u0111enima pandemijom i jeftinih zajmova koje su sponzorirale savezne dr\u017eave, ameri\u010dka doma\u0107instva imaju rekordnu u\u0161tedu. Me\u0111utim, najvi\u0161e su koristi ponovo imali oni kojima je pomo\u0107 najmanje potrebna \u2013 ultrabogati.<\/p>\n\n\n\n<p>Za te \u201ciskrivljene dobitke\u201d odgovoran je znatno druga\u010diji sastav neto imovine me\u0111u ameri\u010dkim gra\u0111anima. Dionice i fondovi \u010dinili su vi\u0161e od tre\u0107ine imovine najbogatijih Amerikanaca na po\u010detku pandemije. To je zna\u010dilo da je prvih jedan posto najbogatijih u\u017eivalo u zna\u010dajnoj zaradi jer su dionice rasle zbog poticaja i entuzijazma investitora. Oni koji nisu posjedovali dionice nisu ni\u0161ta ni zaradili.<\/p>\n\n\n\n<p>Manija dionica pove\u0107ala je i vrijednost privatnih tvrtki. To je generiralo neo\u010dekivane prihode koji su opet uglavnom i\u0161li bogatima, pi\u0161e Bloomberg Adria.<\/p>\n\n\n\n<p>Oni s druge polovice imovinskog spektra, \u010dija je najve\u0107a imovina obi\u010dno njihov dom, nisu imali istu priliku za ja\u010danje svojih financija, a sada \u0107e vjerovatno biti dodatno osiroma\u0161eni vrlo izvjesnom recesijom, prenosi Bloomberg Adria.<\/p>\n\n\n\n<p>Dobre vijesti su da su od financijske krize 2008. godine sve ekonomske grupe u Americi postale bogatije. Stupanj tih dobitaka je drasti\u010dno varirao \u010dak i prije pandemije. Me\u0111utim, odgovor vlade na pandemiju pove\u0107ao je stopu akumulacije bogatstva za najbogatije, pri \u010demu je neto vrijednost jedan posto najbogatijih porasla za tre\u0107inu u dvije godine nakon po\u010detka pandemije, prema Realtime Inequality, platformi koju su kreirali ekonomisti na Kalifornijskom sveu\u010dili\u0161tu u Berkeleyu. Bogatstvo 0,01 posto i 0,001 posto najbogatijih poraslo je jo\u0161 vi\u0161e, za vi\u0161e od 36 posto.<\/p>\n\n\n\n<p>Podaci Feda pokazali su da je pro\u0161le godine, prvi put u najmanje tri desetlje\u0107a, ameri\u010dka srednja klasa posjedovala manji udio bogatstva od jedan posto najbogatijih ljudi svijeta.<\/p>\n\n\n\n<p>Za skoro osam godina, koliko je Bloomberg Billionaires Index pratio 100 najbogatijih ljudi u Americi, njihova zajedni\u010dka imovina porasla je za vi\u0161e od jedan bilijun dolara. Vi\u0161e od polovice te vrijednosti u vlasni\u0161tvu je deset najbogatijih: Jeffa Bezosa, Elona Muska i osam drugih \u010diji su primarni izvori bogatstva eksplodirali tijekom pandemije.<\/p>\n\n\n\n<p>Sada tehnolo\u0161ke dionice padaju i sa sobom odnose bogatstvo megamilijardera.<\/p>\n\n\n\n<p>Od studenog pro\u0161le godine, 100 najbogatijih Amerikanaca izgubilo je \u010dak 622 milijarde dolara, \u0161to je najve\u0107i gubitak u povijesti ovog Bloombergovog indeksa. Najvi\u0161e su izgubili Jeff Bezos (46,2 milijarde dolara) i Elon Musk (22 milijarde dolara).<\/p>\n\n\n\n<p>Izvor:pogled.ba<\/p>\n","protected":false},"excerpt":{"rendered":"<p>Kada su u prvim danima pandemije tr\u017ei\u0161ta potonula i 22 milijuna Amerikanaca je izgubilo posao, Kongres i Federalne rezerve krenuli su u akciju stabiliziranja uzdrmane ekonomije. Nakon bilijuna dolara gotovine za pomo\u0107 pogo\u0111enima pandemijom i jeftinih zajmova koje su sponzorirale savezne dr\u017eave, ameri\u010dka doma\u0107instva imaju rekordnu u\u0161tedu. Me\u0111utim, najvi\u0161e su koristi ponovo imali oni kojima [&hellip;]<\/p>\n","protected":false},"author":2,"featured_media":165338,"comment_status":"closed","ping_status":"closed","sticky":false,"template":"","format":"standard","meta":{"h5ap_radio_sources":[],"footnotes":""},"categories":[1],"tags":[],"class_list":["post-165337","post","type-post","status-publish","format-standard","has-post-thumbnail","hentry","category-bihiregija"],"yoast_head":"<!-- This site is optimized with the Yoast SEO plugin v27.4 - https:\/\/yoast.com\/product\/yoast-seo-wordpress\/ -->\n<title>Sto najbogatijih Amerikanaca izgubilo vi\u0161e od 660 milijardi dolara - RADIO LJUBU\u0160KI<\/title>\n<meta name=\"robots\" content=\"index, follow, max-snippet:-1, max-image-preview:large, max-video-preview:-1\" \/>\n<link rel=\"canonical\" href=\"https:\/\/radioljubuski.ba\/index.php\/2022\/08\/01\/sto-najbogatijih-amerikanaca-izgubilo-vise-od-660-milijardi-dolara\/\" \/>\n<meta property=\"og:locale\" content=\"hr_HR\" \/>\n<meta property=\"og:type\" content=\"article\" \/>\n<meta property=\"og:title\" content=\"Sto najbogatijih Amerikanaca izgubilo vi\u0161e od 660 milijardi dolara - RADIO LJUBU\u0160KI\" \/>\n<meta property=\"og:description\" content=\"Kada su u prvim danima pandemije tr\u017ei\u0161ta potonula i 22 milijuna Amerikanaca je izgubilo posao, Kongres i Federalne rezerve krenuli su u akciju stabiliziranja uzdrmane ekonomije. Nakon bilijuna dolara gotovine za pomo\u0107 pogo\u0111enima pandemijom i jeftinih zajmova koje su sponzorirale savezne dr\u017eave, ameri\u010dka doma\u0107instva imaju rekordnu u\u0161tedu. Me\u0111utim, najvi\u0161e su koristi ponovo imali oni kojima [&hellip;]\" \/>\n<meta property=\"og:url\" content=\"https:\/\/radioljubuski.ba\/index.php\/2022\/08\/01\/sto-najbogatijih-amerikanaca-izgubilo-vise-od-660-milijardi-dolara\/\" \/>\n<meta property=\"og:site_name\" content=\"RADIO LJUBU\u0160KI\" \/>\n<meta property=\"article:publisher\" content=\"https:\/\/www.facebook.com\/Radiio-Ljubuski-1490835324566332\" \/>\n<meta property=\"article:published_time\" content=\"2022-08-01T10:48:31+00:00\" \/>\n<meta property=\"article:modified_time\" content=\"2022-08-01T10:48:32+00:00\" \/>\n<meta property=\"og:image\" content=\"https:\/\/radioljubuski.ba\/wp-content\/uploads\/2022\/08\/RmlJB60v_jeff_bezos_amazon_1.jpg\" \/>\n\t<meta property=\"og:image:width\" content=\"1000\" \/>\n\t<meta property=\"og:image:height\" content=\"625\" \/>\n\t<meta property=\"og:image:type\" content=\"image\/jpeg\" \/>\n<meta name=\"author\" content=\"Radio Ljubu\u0161ki\" \/>\n<meta name=\"twitter:card\" content=\"summary_large_image\" \/>\n<meta name=\"twitter:creator\" content=\"@radioljubuski\" \/>\n<meta name=\"twitter:site\" content=\"@radioljubuski\" \/>\n<meta name=\"twitter:label1\" content=\"Napisao\/la\" \/>\n\t<meta name=\"twitter:data1\" content=\"Radio Ljubu\u0161ki\" \/>\n\t<meta name=\"twitter:label2\" content=\"Procijenjeno vrijeme \u010ditanja\" \/>\n\t<meta name=\"twitter:data2\" content=\"2 minute\" \/>\n<script type=\"application\/ld+json\" class=\"yoast-schema-graph\">{\"@context\":\"https:\\\/\\\/schema.org\",\"@graph\":[{\"@type\":\"Article\",\"@id\":\"https:\\\/\\\/radioljubuski.ba\\\/index.php\\\/2022\\\/08\\\/01\\\/sto-najbogatijih-amerikanaca-izgubilo-vise-od-660-milijardi-dolara\\\/#article\",\"isPartOf\":{\"@id\":\"https:\\\/\\\/radioljubuski.ba\\\/index.php\\\/2022\\\/08\\\/01\\\/sto-najbogatijih-amerikanaca-izgubilo-vise-od-660-milijardi-dolara\\\/\"},\"author\":{\"name\":\"Radio Ljubu\u0161ki\",\"@id\":\"https:\\\/\\\/radioljubuski.ba\\\/#\\\/schema\\\/person\\\/19fc700381a780f69665d7956c469e3b\"},\"headline\":\"Sto najbogatijih Amerikanaca izgubilo vi\u0161e od 660 milijardi dolara\",\"datePublished\":\"2022-08-01T10:48:31+00:00\",\"dateModified\":\"2022-08-01T10:48:32+00:00\",\"mainEntityOfPage\":{\"@id\":\"https:\\\/\\\/radioljubuski.ba\\\/index.php\\\/2022\\\/08\\\/01\\\/sto-najbogatijih-amerikanaca-izgubilo-vise-od-660-milijardi-dolara\\\/\"},\"wordCount\":434,\"publisher\":{\"@id\":\"https:\\\/\\\/radioljubuski.ba\\\/#organization\"},\"image\":{\"@id\":\"https:\\\/\\\/radioljubuski.ba\\\/index.php\\\/2022\\\/08\\\/01\\\/sto-najbogatijih-amerikanaca-izgubilo-vise-od-660-milijardi-dolara\\\/#primaryimage\"},\"thumbnailUrl\":\"https:\\\/\\\/radioljubuski.ba\\\/wp-content\\\/uploads\\\/2022\\\/08\\\/RmlJB60v_jeff_bezos_amazon_1.jpg\",\"articleSection\":[\"BIH i regija\"],\"inLanguage\":\"hr\"},{\"@type\":\"WebPage\",\"@id\":\"https:\\\/\\\/radioljubuski.ba\\\/index.php\\\/2022\\\/08\\\/01\\\/sto-najbogatijih-amerikanaca-izgubilo-vise-od-660-milijardi-dolara\\\/\",\"url\":\"https:\\\/\\\/radioljubuski.ba\\\/index.php\\\/2022\\\/08\\\/01\\\/sto-najbogatijih-amerikanaca-izgubilo-vise-od-660-milijardi-dolara\\\/\",\"name\":\"Sto najbogatijih Amerikanaca izgubilo vi\u0161e od 660 milijardi dolara - RADIO LJUBU\u0160KI\",\"isPartOf\":{\"@id\":\"https:\\\/\\\/radioljubuski.ba\\\/#website\"},\"primaryImageOfPage\":{\"@id\":\"https:\\\/\\\/radioljubuski.ba\\\/index.php\\\/2022\\\/08\\\/01\\\/sto-najbogatijih-amerikanaca-izgubilo-vise-od-660-milijardi-dolara\\\/#primaryimage\"},\"image\":{\"@id\":\"https:\\\/\\\/radioljubuski.ba\\\/index.php\\\/2022\\\/08\\\/01\\\/sto-najbogatijih-amerikanaca-izgubilo-vise-od-660-milijardi-dolara\\\/#primaryimage\"},\"thumbnailUrl\":\"https:\\\/\\\/radioljubuski.ba\\\/wp-content\\\/uploads\\\/2022\\\/08\\\/RmlJB60v_jeff_bezos_amazon_1.jpg\",\"datePublished\":\"2022-08-01T10:48:31+00:00\",\"dateModified\":\"2022-08-01T10:48:32+00:00\",\"breadcrumb\":{\"@id\":\"https:\\\/\\\/radioljubuski.ba\\\/index.php\\\/2022\\\/08\\\/01\\\/sto-najbogatijih-amerikanaca-izgubilo-vise-od-660-milijardi-dolara\\\/#breadcrumb\"},\"inLanguage\":\"hr\",\"potentialAction\":[{\"@type\":\"ReadAction\",\"target\":[\"https:\\\/\\\/radioljubuski.ba\\\/index.php\\\/2022\\\/08\\\/01\\\/sto-najbogatijih-amerikanaca-izgubilo-vise-od-660-milijardi-dolara\\\/\"]}]},{\"@type\":\"ImageObject\",\"inLanguage\":\"hr\",\"@id\":\"https:\\\/\\\/radioljubuski.ba\\\/index.php\\\/2022\\\/08\\\/01\\\/sto-najbogatijih-amerikanaca-izgubilo-vise-od-660-milijardi-dolara\\\/#primaryimage\",\"url\":\"https:\\\/\\\/radioljubuski.ba\\\/wp-content\\\/uploads\\\/2022\\\/08\\\/RmlJB60v_jeff_bezos_amazon_1.jpg\",\"contentUrl\":\"https:\\\/\\\/radioljubuski.ba\\\/wp-content\\\/uploads\\\/2022\\\/08\\\/RmlJB60v_jeff_bezos_amazon_1.jpg\",\"width\":1000,\"height\":625},{\"@type\":\"BreadcrumbList\",\"@id\":\"https:\\\/\\\/radioljubuski.ba\\\/index.php\\\/2022\\\/08\\\/01\\\/sto-najbogatijih-amerikanaca-izgubilo-vise-od-660-milijardi-dolara\\\/#breadcrumb\",\"itemListElement\":[{\"@type\":\"ListItem\",\"position\":1,\"name\":\"Po\u010detna stranica\",\"item\":\"https:\\\/\\\/radioljubuski.ba\\\/\"},{\"@type\":\"ListItem\",\"position\":2,\"name\":\"Sto najbogatijih Amerikanaca izgubilo vi\u0161e od 660 milijardi dolara\"}]},{\"@type\":\"WebSite\",\"@id\":\"https:\\\/\\\/radioljubuski.ba\\\/#website\",\"url\":\"https:\\\/\\\/radioljubuski.ba\\\/\",\"name\":\"Radio Ljubu\u0161ki\",\"description\":\"Sun\u010dana frekvencija Hercegovine\",\"publisher\":{\"@id\":\"https:\\\/\\\/radioljubuski.ba\\\/#organization\"},\"potentialAction\":[{\"@type\":\"SearchAction\",\"target\":{\"@type\":\"EntryPoint\",\"urlTemplate\":\"https:\\\/\\\/radioljubuski.ba\\\/?s={search_term_string}\"},\"query-input\":{\"@type\":\"PropertyValueSpecification\",\"valueRequired\":true,\"valueName\":\"search_term_string\"}}],\"inLanguage\":\"hr\"},{\"@type\":\"Organization\",\"@id\":\"https:\\\/\\\/radioljubuski.ba\\\/#organization\",\"name\":\"Radio Ljubu\u0161ki\",\"url\":\"https:\\\/\\\/radioljubuski.ba\\\/\",\"logo\":{\"@type\":\"ImageObject\",\"inLanguage\":\"hr\",\"@id\":\"https:\\\/\\\/radioljubuski.ba\\\/#\\\/schema\\\/logo\\\/image\\\/\",\"url\":\"https:\\\/\\\/radioljubuski.ba\\\/wp-content\\\/uploads\\\/2021\\\/02\\\/cropped-Radio_Ljubuski_logo1.jpg\",\"contentUrl\":\"https:\\\/\\\/radioljubuski.ba\\\/wp-content\\\/uploads\\\/2021\\\/02\\\/cropped-Radio_Ljubuski_logo1.jpg\",\"width\":512,\"height\":512,\"caption\":\"Radio Ljubu\u0161ki\"},\"image\":{\"@id\":\"https:\\\/\\\/radioljubuski.ba\\\/#\\\/schema\\\/logo\\\/image\\\/\"},\"sameAs\":[\"https:\\\/\\\/www.facebook.com\\\/Radiio-Ljubuski-1490835324566332\",\"https:\\\/\\\/x.com\\\/radioljubuski\",\"https:\\\/\\\/hr.linkedin.com\\\/company\\\/radio-ljubuski\",\"https:\\\/\\\/www.youtube.com\\\/channel\\\/UCHYaeO_n0Db3tjNGudGpXyw\"]},{\"@type\":\"Person\",\"@id\":\"https:\\\/\\\/radioljubuski.ba\\\/#\\\/schema\\\/person\\\/19fc700381a780f69665d7956c469e3b\",\"name\":\"Radio Ljubu\u0161ki\"}]}<\/script>\n<!-- \/ Yoast SEO plugin. -->","yoast_head_json":{"title":"Sto najbogatijih Amerikanaca izgubilo vi\u0161e od 660 milijardi dolara - RADIO LJUBU\u0160KI","robots":{"index":"index","follow":"follow","max-snippet":"max-snippet:-1","max-image-preview":"max-image-preview:large","max-video-preview":"max-video-preview:-1"},"canonical":"https:\/\/radioljubuski.ba\/index.php\/2022\/08\/01\/sto-najbogatijih-amerikanaca-izgubilo-vise-od-660-milijardi-dolara\/","og_locale":"hr_HR","og_type":"article","og_title":"Sto najbogatijih Amerikanaca izgubilo vi\u0161e od 660 milijardi dolara - RADIO LJUBU\u0160KI","og_description":"Kada su u prvim danima pandemije tr\u017ei\u0161ta potonula i 22 milijuna Amerikanaca je izgubilo posao, Kongres i Federalne rezerve krenuli su u akciju stabiliziranja uzdrmane ekonomije. Nakon bilijuna dolara gotovine za pomo\u0107 pogo\u0111enima pandemijom i jeftinih zajmova koje su sponzorirale savezne dr\u017eave, ameri\u010dka doma\u0107instva imaju rekordnu u\u0161tedu. Me\u0111utim, najvi\u0161e su koristi ponovo imali oni kojima [&hellip;]","og_url":"https:\/\/radioljubuski.ba\/index.php\/2022\/08\/01\/sto-najbogatijih-amerikanaca-izgubilo-vise-od-660-milijardi-dolara\/","og_site_name":"RADIO LJUBU\u0160KI","article_publisher":"https:\/\/www.facebook.com\/Radiio-Ljubuski-1490835324566332","article_published_time":"2022-08-01T10:48:31+00:00","article_modified_time":"2022-08-01T10:48:32+00:00","og_image":[{"width":1000,"height":625,"url":"https:\/\/radioljubuski.ba\/wp-content\/uploads\/2022\/08\/RmlJB60v_jeff_bezos_amazon_1.jpg","type":"image\/jpeg"}],"author":"Radio Ljubu\u0161ki","twitter_card":"summary_large_image","twitter_creator":"@radioljubuski","twitter_site":"@radioljubuski","twitter_misc":{"Napisao\/la":"Radio Ljubu\u0161ki","Procijenjeno vrijeme \u010ditanja":"2 minute"},"schema":{"@context":"https:\/\/schema.org","@graph":[{"@type":"Article","@id":"https:\/\/radioljubuski.ba\/index.php\/2022\/08\/01\/sto-najbogatijih-amerikanaca-izgubilo-vise-od-660-milijardi-dolara\/#article","isPartOf":{"@id":"https:\/\/radioljubuski.ba\/index.php\/2022\/08\/01\/sto-najbogatijih-amerikanaca-izgubilo-vise-od-660-milijardi-dolara\/"},"author":{"name":"Radio Ljubu\u0161ki","@id":"https:\/\/radioljubuski.ba\/#\/schema\/person\/19fc700381a780f69665d7956c469e3b"},"headline":"Sto najbogatijih Amerikanaca izgubilo vi\u0161e od 660 milijardi dolara","datePublished":"2022-08-01T10:48:31+00:00","dateModified":"2022-08-01T10:48:32+00:00","mainEntityOfPage":{"@id":"https:\/\/radioljubuski.ba\/index.php\/2022\/08\/01\/sto-najbogatijih-amerikanaca-izgubilo-vise-od-660-milijardi-dolara\/"},"wordCount":434,"publisher":{"@id":"https:\/\/radioljubuski.ba\/#organization"},"image":{"@id":"https:\/\/radioljubuski.ba\/index.php\/2022\/08\/01\/sto-najbogatijih-amerikanaca-izgubilo-vise-od-660-milijardi-dolara\/#primaryimage"},"thumbnailUrl":"https:\/\/radioljubuski.ba\/wp-content\/uploads\/2022\/08\/RmlJB60v_jeff_bezos_amazon_1.jpg","articleSection":["BIH i regija"],"inLanguage":"hr"},{"@type":"WebPage","@id":"https:\/\/radioljubuski.ba\/index.php\/2022\/08\/01\/sto-najbogatijih-amerikanaca-izgubilo-vise-od-660-milijardi-dolara\/","url":"https:\/\/radioljubuski.ba\/index.php\/2022\/08\/01\/sto-najbogatijih-amerikanaca-izgubilo-vise-od-660-milijardi-dolara\/","name":"Sto najbogatijih Amerikanaca izgubilo vi\u0161e od 660 milijardi dolara - RADIO LJUBU\u0160KI","isPartOf":{"@id":"https:\/\/radioljubuski.ba\/#website"},"primaryImageOfPage":{"@id":"https:\/\/radioljubuski.ba\/index.php\/2022\/08\/01\/sto-najbogatijih-amerikanaca-izgubilo-vise-od-660-milijardi-dolara\/#primaryimage"},"image":{"@id":"https:\/\/radioljubuski.ba\/index.php\/2022\/08\/01\/sto-najbogatijih-amerikanaca-izgubilo-vise-od-660-milijardi-dolara\/#primaryimage"},"thumbnailUrl":"https:\/\/radioljubuski.ba\/wp-content\/uploads\/2022\/08\/RmlJB60v_jeff_bezos_amazon_1.jpg","datePublished":"2022-08-01T10:48:31+00:00","dateModified":"2022-08-01T10:48:32+00:00","breadcrumb":{"@id":"https:\/\/radioljubuski.ba\/index.php\/2022\/08\/01\/sto-najbogatijih-amerikanaca-izgubilo-vise-od-660-milijardi-dolara\/#breadcrumb"},"inLanguage":"hr","potentialAction":[{"@type":"ReadAction","target":["https:\/\/radioljubuski.ba\/index.php\/2022\/08\/01\/sto-najbogatijih-amerikanaca-izgubilo-vise-od-660-milijardi-dolara\/"]}]},{"@type":"ImageObject","inLanguage":"hr","@id":"https:\/\/radioljubuski.ba\/index.php\/2022\/08\/01\/sto-najbogatijih-amerikanaca-izgubilo-vise-od-660-milijardi-dolara\/#primaryimage","url":"https:\/\/radioljubuski.ba\/wp-content\/uploads\/2022\/08\/RmlJB60v_jeff_bezos_amazon_1.jpg","contentUrl":"https:\/\/radioljubuski.ba\/wp-content\/uploads\/2022\/08\/RmlJB60v_jeff_bezos_amazon_1.jpg","width":1000,"height":625},{"@type":"BreadcrumbList","@id":"https:\/\/radioljubuski.ba\/index.php\/2022\/08\/01\/sto-najbogatijih-amerikanaca-izgubilo-vise-od-660-milijardi-dolara\/#breadcrumb","itemListElement":[{"@type":"ListItem","position":1,"name":"Po\u010detna stranica","item":"https:\/\/radioljubuski.ba\/"},{"@type":"ListItem","position":2,"name":"Sto najbogatijih Amerikanaca izgubilo vi\u0161e od 660 milijardi dolara"}]},{"@type":"WebSite","@id":"https:\/\/radioljubuski.ba\/#website","url":"https:\/\/radioljubuski.ba\/","name":"Radio Ljubu\u0161ki","description":"Sun\u010dana frekvencija Hercegovine","publisher":{"@id":"https:\/\/radioljubuski.ba\/#organization"},"potentialAction":[{"@type":"SearchAction","target":{"@type":"EntryPoint","urlTemplate":"https:\/\/radioljubuski.ba\/?s={search_term_string}"},"query-input":{"@type":"PropertyValueSpecification","valueRequired":true,"valueName":"search_term_string"}}],"inLanguage":"hr"},{"@type":"Organization","@id":"https:\/\/radioljubuski.ba\/#organization","name":"Radio Ljubu\u0161ki","url":"https:\/\/radioljubuski.ba\/","logo":{"@type":"ImageObject","inLanguage":"hr","@id":"https:\/\/radioljubuski.ba\/#\/schema\/logo\/image\/","url":"https:\/\/radioljubuski.ba\/wp-content\/uploads\/2021\/02\/cropped-Radio_Ljubuski_logo1.jpg","contentUrl":"https:\/\/radioljubuski.ba\/wp-content\/uploads\/2021\/02\/cropped-Radio_Ljubuski_logo1.jpg","width":512,"height":512,"caption":"Radio Ljubu\u0161ki"},"image":{"@id":"https:\/\/radioljubuski.ba\/#\/schema\/logo\/image\/"},"sameAs":["https:\/\/www.facebook.com\/Radiio-Ljubuski-1490835324566332","https:\/\/x.com\/radioljubuski","https:\/\/hr.linkedin.com\/company\/radio-ljubuski","https:\/\/www.youtube.com\/channel\/UCHYaeO_n0Db3tjNGudGpXyw"]},{"@type":"Person","@id":"https:\/\/radioljubuski.ba\/#\/schema\/person\/19fc700381a780f69665d7956c469e3b","name":"Radio Ljubu\u0161ki"}]}},"_links":{"self":[{"href":"https:\/\/radioljubuski.ba\/index.php\/wp-json\/wp\/v2\/posts\/165337","targetHints":{"allow":["GET"]}}],"collection":[{"href":"https:\/\/radioljubuski.ba\/index.php\/wp-json\/wp\/v2\/posts"}],"about":[{"href":"https:\/\/radioljubuski.ba\/index.php\/wp-json\/wp\/v2\/types\/post"}],"author":[{"embeddable":true,"href":"https:\/\/radioljubuski.ba\/index.php\/wp-json\/wp\/v2\/users\/2"}],"replies":[{"embeddable":true,"href":"https:\/\/radioljubuski.ba\/index.php\/wp-json\/wp\/v2\/comments?post=165337"}],"version-history":[{"count":1,"href":"https:\/\/radioljubuski.ba\/index.php\/wp-json\/wp\/v2\/posts\/165337\/revisions"}],"predecessor-version":[{"id":165339,"href":"https:\/\/radioljubuski.ba\/index.php\/wp-json\/wp\/v2\/posts\/165337\/revisions\/165339"}],"wp:featuredmedia":[{"embeddable":true,"href":"https:\/\/radioljubuski.ba\/index.php\/wp-json\/wp\/v2\/media\/165338"}],"wp:attachment":[{"href":"https:\/\/radioljubuski.ba\/index.php\/wp-json\/wp\/v2\/media?parent=165337"}],"wp:term":[{"taxonomy":"category","embeddable":true,"href":"https:\/\/radioljubuski.ba\/index.php\/wp-json\/wp\/v2\/categories?post=165337"},{"taxonomy":"post_tag","embeddable":true,"href":"https:\/\/radioljubuski.ba\/index.php\/wp-json\/wp\/v2\/tags?post=165337"}],"curies":[{"name":"wp","href":"https:\/\/api.w.org\/{rel}","templated":true}]}}