{"id":165384,"date":"2022-08-01T13:49:26","date_gmt":"2022-08-01T12:49:26","guid":{"rendered":"https:\/\/radioljubuski.ba\/?p=165384"},"modified":"2022-08-01T13:49:26","modified_gmt":"2022-08-01T12:49:26","slug":"ibrahimovic-mami-kupio-stan-na-hrvatskoj-obali-zelim-da-mi-djeca-provode-vrijeme-u-hrvatskoj","status":"publish","type":"post","link":"https:\/\/radioljubuski.ba\/index.php\/2022\/08\/01\/ibrahimovic-mami-kupio-stan-na-hrvatskoj-obali-zelim-da-mi-djeca-provode-vrijeme-u-hrvatskoj\/","title":{"rendered":"Ibrahimovi\u0107 mami kupio stan na hrvatskoj obali: &#8220;\u017delim da mi djeca provode vrijeme u Hrvatskoj&#8221;"},"content":{"rendered":"\n<p>Zlatan Ibrahimovi\u0107, jedan od najpopularnijih nogometa\u0161a u proteklih 20-ak godina, izdao je novu autobiografiju pod nazivom Adrenalin. U njoj spominje majku Jurku Gravi\u0107.<\/p>\n\n\n\n<p>&#8211; Majci sam kupio stan u Hrvatskoj, blizu Pagu da bude bli\u017ee sestrama. \u017delimo joj poslati Maxija i Vincenta, same, bez mame i tate. Trebaju se nau\u010diti samostalnosti. \u017delim da neko vrijeme provedu u Hrvatskoj s bakom, koja ih mo\u017ee \u0161to\u0161ta nau\u010diti &#8211; napisao je Ibrahimovi\u0107, prenosi Sport.ba.<\/p>\n\n\n\n<p>&#8211; Moja je majka danas spokojna i njena sre\u0107a i mene \u010dini sretnim. Na licu i rukama mo\u017ee\u0161 joj pro\u010ditati koliko se naradila u \u017eivotu. Ustajala je u \u010detiri ujutro i odlazila na posao, vra\u0107ala se popodne i vodila ra\u010duna o petero djece. Imala je dva mu\u017ea Balkanca koji su pili i bili joj vi\u0161e na teret nego od pomo\u0107.<\/p>\n\n\n\n<p>Zlatanova majka Jurka Gravi\u0107 ro\u0111ena je u selu Prkos, u zadarskom zale\u0111u, pokraj \u0160kabrnje (kraj odmori\u0161ta Nadin na autocesti A1), a njegova oca upoznala je u \u0160vedskoj, kamo su oboje emigrirali. \u0160efik je iz rodne Bijeljine u \u0160vedsku stigao 1977. godine, a \u010detiri godine poslije rodio se Zlatan. Majka je za \u017eivot zara\u0111ivala kao \u010dista\u010dica, a obiteljske prilike kvario je te\u0161ki o\u010dev alkoholizam. Rastali su se kada je Zlatan imao dvije godine. Odrastao je u Roseng\u00e5rdu, dijelu Malm\u00f6a poznatom kao geto, kvart doseljenika. \u017divio je u kaosu, na mjestu gdje su tu\u010dnjave bile svakida\u0161njice. A on se tukao i krao: bicikle, slatki\u0161e, automobile&#8230;<\/p>\n\n\n\n<p>\u2013 Kad bih ne\u0161to trebao, ne bih oti\u0161ao u du\u0107an i to kupio, nego bih oti\u0161ao u du\u0107an i to ukrao \u2013 ispri\u010dao je svojevremeno stasiti nogometa\u0161 (195 cm) u intervjuu za BBC. No, i kad je imao novca za du\u0107an, nije bilo lako. Poznata je pri\u010da kako je kupovao krevet s ocem \u0160efikom. Jedva su novac skupili za krevet mali\u0161anu koji je rastao, no nisu vi\u0161e imali za dostavu. Pa su otac \u0160efik i mali Zlatan nosili krevet po ulicama Malm\u00f6a.<\/p>\n\n\n\n<p>U svojoj ranije objavljenoj autobiografiji &#8220;Ja sam Zlatan&#8221; ispri\u010dao je kako mu je baka poginula u bombardiranju Lijepe Na\u0161e.<\/p>\n\n\n\n<p>&nbsp;\u2013 Rat je bio \u010dudna stvar. Nisam znao ni\u0161ta o njemu. Nije mi bilo jasno zbog \u010dega su mama i sestra obu\u010dene u crninu. To je bilo zbog bake koja je poginula u jednom bombardiranju u Hrvatskoj. Svi su bili tu\u017eni osim mene, mene nije bilo briga je li netko Srbin ili Bo\u0161njak ili \u0161to ve\u0107 \u2013 napisao je Zlatan u svojoj prvoj autobiografiji. I danas mu na Instagram profilu u opisu stoji &#8220;pisac&#8221; a ne &#8220;nogometa\u0161&#8221;.<\/p>\n\n\n\n<p>Izvor: Dnevnik.ba<\/p>\n","protected":false},"excerpt":{"rendered":"<p>Zlatan Ibrahimovi\u0107, jedan od najpopularnijih nogometa\u0161a u proteklih 20-ak godina, izdao je novu autobiografiju pod nazivom Adrenalin. U njoj spominje majku Jurku Gravi\u0107. &#8211; Majci sam kupio stan u Hrvatskoj, blizu Pagu da bude bli\u017ee sestrama. \u017delimo joj poslati Maxija i Vincenta, same, bez mame i tate. Trebaju se nau\u010diti samostalnosti. \u017delim da neko vrijeme [&hellip;]<\/p>\n","protected":false},"author":2,"featured_media":156824,"comment_status":"closed","ping_status":"closed","sticky":false,"template":"","format":"standard","meta":{"h5ap_radio_sources":[],"footnotes":""},"categories":[7],"tags":[],"class_list":["post-165384","post","type-post","status-publish","format-standard","has-post-thumbnail","hentry","category-sport"],"yoast_head":"<!-- This site is optimized with the Yoast SEO plugin v27.4 - https:\/\/yoast.com\/product\/yoast-seo-wordpress\/ -->\n<title>Ibrahimovi\u0107 mami kupio stan na hrvatskoj obali: &quot;\u017delim da mi djeca provode vrijeme u Hrvatskoj&quot; - RADIO LJUBU\u0160KI<\/title>\n<meta name=\"robots\" content=\"index, follow, max-snippet:-1, max-image-preview:large, max-video-preview:-1\" \/>\n<link rel=\"canonical\" href=\"https:\/\/radioljubuski.ba\/index.php\/2022\/08\/01\/ibrahimovic-mami-kupio-stan-na-hrvatskoj-obali-zelim-da-mi-djeca-provode-vrijeme-u-hrvatskoj\/\" \/>\n<meta property=\"og:locale\" content=\"hr_HR\" \/>\n<meta property=\"og:type\" content=\"article\" \/>\n<meta property=\"og:title\" content=\"Ibrahimovi\u0107 mami kupio stan na hrvatskoj obali: &quot;\u017delim da mi djeca provode vrijeme u Hrvatskoj&quot; - RADIO LJUBU\u0160KI\" \/>\n<meta property=\"og:description\" content=\"Zlatan Ibrahimovi\u0107, jedan od najpopularnijih nogometa\u0161a u proteklih 20-ak godina, izdao je novu autobiografiju pod nazivom Adrenalin. U njoj spominje majku Jurku Gravi\u0107. &#8211; Majci sam kupio stan u Hrvatskoj, blizu Pagu da bude bli\u017ee sestrama. \u017delimo joj poslati Maxija i Vincenta, same, bez mame i tate. Trebaju se nau\u010diti samostalnosti. \u017delim da neko vrijeme [&hellip;]\" \/>\n<meta property=\"og:url\" content=\"https:\/\/radioljubuski.ba\/index.php\/2022\/08\/01\/ibrahimovic-mami-kupio-stan-na-hrvatskoj-obali-zelim-da-mi-djeca-provode-vrijeme-u-hrvatskoj\/\" \/>\n<meta property=\"og:site_name\" content=\"RADIO LJUBU\u0160KI\" \/>\n<meta property=\"article:publisher\" content=\"https:\/\/www.facebook.com\/Radiio-Ljubuski-1490835324566332\" \/>\n<meta property=\"article:published_time\" content=\"2022-08-01T12:49:26+00:00\" \/>\n<meta property=\"og:image\" content=\"https:\/\/radioljubuski.ba\/wp-content\/uploads\/2022\/07\/ibrahimovic.jpg\" \/>\n\t<meta property=\"og:image:width\" content=\"765\" \/>\n\t<meta property=\"og:image:height\" content=\"402\" \/>\n\t<meta property=\"og:image:type\" content=\"image\/jpeg\" \/>\n<meta name=\"author\" content=\"Radio Ljubu\u0161ki\" \/>\n<meta name=\"twitter:card\" content=\"summary_large_image\" \/>\n<meta name=\"twitter:creator\" content=\"@radioljubuski\" \/>\n<meta name=\"twitter:site\" content=\"@radioljubuski\" \/>\n<meta name=\"twitter:label1\" content=\"Napisao\/la\" \/>\n\t<meta name=\"twitter:data1\" content=\"Radio Ljubu\u0161ki\" \/>\n\t<meta name=\"twitter:label2\" content=\"Procijenjeno vrijeme \u010ditanja\" \/>\n\t<meta name=\"twitter:data2\" content=\"2 minute\" \/>\n<script type=\"application\/ld+json\" class=\"yoast-schema-graph\">{\"@context\":\"https:\\\/\\\/schema.org\",\"@graph\":[{\"@type\":\"Article\",\"@id\":\"https:\\\/\\\/radioljubuski.ba\\\/index.php\\\/2022\\\/08\\\/01\\\/ibrahimovic-mami-kupio-stan-na-hrvatskoj-obali-zelim-da-mi-djeca-provode-vrijeme-u-hrvatskoj\\\/#article\",\"isPartOf\":{\"@id\":\"https:\\\/\\\/radioljubuski.ba\\\/index.php\\\/2022\\\/08\\\/01\\\/ibrahimovic-mami-kupio-stan-na-hrvatskoj-obali-zelim-da-mi-djeca-provode-vrijeme-u-hrvatskoj\\\/\"},\"author\":{\"name\":\"Radio Ljubu\u0161ki\",\"@id\":\"https:\\\/\\\/radioljubuski.ba\\\/#\\\/schema\\\/person\\\/19fc700381a780f69665d7956c469e3b\"},\"headline\":\"Ibrahimovi\u0107 mami kupio stan na hrvatskoj obali: &#8220;\u017delim da mi djeca provode vrijeme u Hrvatskoj&#8221;\",\"datePublished\":\"2022-08-01T12:49:26+00:00\",\"mainEntityOfPage\":{\"@id\":\"https:\\\/\\\/radioljubuski.ba\\\/index.php\\\/2022\\\/08\\\/01\\\/ibrahimovic-mami-kupio-stan-na-hrvatskoj-obali-zelim-da-mi-djeca-provode-vrijeme-u-hrvatskoj\\\/\"},\"wordCount\":468,\"publisher\":{\"@id\":\"https:\\\/\\\/radioljubuski.ba\\\/#organization\"},\"image\":{\"@id\":\"https:\\\/\\\/radioljubuski.ba\\\/index.php\\\/2022\\\/08\\\/01\\\/ibrahimovic-mami-kupio-stan-na-hrvatskoj-obali-zelim-da-mi-djeca-provode-vrijeme-u-hrvatskoj\\\/#primaryimage\"},\"thumbnailUrl\":\"https:\\\/\\\/radioljubuski.ba\\\/wp-content\\\/uploads\\\/2022\\\/07\\\/ibrahimovic.jpg\",\"articleSection\":[\"\u0160port\"],\"inLanguage\":\"hr\"},{\"@type\":\"WebPage\",\"@id\":\"https:\\\/\\\/radioljubuski.ba\\\/index.php\\\/2022\\\/08\\\/01\\\/ibrahimovic-mami-kupio-stan-na-hrvatskoj-obali-zelim-da-mi-djeca-provode-vrijeme-u-hrvatskoj\\\/\",\"url\":\"https:\\\/\\\/radioljubuski.ba\\\/index.php\\\/2022\\\/08\\\/01\\\/ibrahimovic-mami-kupio-stan-na-hrvatskoj-obali-zelim-da-mi-djeca-provode-vrijeme-u-hrvatskoj\\\/\",\"name\":\"Ibrahimovi\u0107 mami kupio stan na hrvatskoj obali: \\\"\u017delim da mi djeca provode vrijeme u Hrvatskoj\\\" - RADIO LJUBU\u0160KI\",\"isPartOf\":{\"@id\":\"https:\\\/\\\/radioljubuski.ba\\\/#website\"},\"primaryImageOfPage\":{\"@id\":\"https:\\\/\\\/radioljubuski.ba\\\/index.php\\\/2022\\\/08\\\/01\\\/ibrahimovic-mami-kupio-stan-na-hrvatskoj-obali-zelim-da-mi-djeca-provode-vrijeme-u-hrvatskoj\\\/#primaryimage\"},\"image\":{\"@id\":\"https:\\\/\\\/radioljubuski.ba\\\/index.php\\\/2022\\\/08\\\/01\\\/ibrahimovic-mami-kupio-stan-na-hrvatskoj-obali-zelim-da-mi-djeca-provode-vrijeme-u-hrvatskoj\\\/#primaryimage\"},\"thumbnailUrl\":\"https:\\\/\\\/radioljubuski.ba\\\/wp-content\\\/uploads\\\/2022\\\/07\\\/ibrahimovic.jpg\",\"datePublished\":\"2022-08-01T12:49:26+00:00\",\"breadcrumb\":{\"@id\":\"https:\\\/\\\/radioljubuski.ba\\\/index.php\\\/2022\\\/08\\\/01\\\/ibrahimovic-mami-kupio-stan-na-hrvatskoj-obali-zelim-da-mi-djeca-provode-vrijeme-u-hrvatskoj\\\/#breadcrumb\"},\"inLanguage\":\"hr\",\"potentialAction\":[{\"@type\":\"ReadAction\",\"target\":[\"https:\\\/\\\/radioljubuski.ba\\\/index.php\\\/2022\\\/08\\\/01\\\/ibrahimovic-mami-kupio-stan-na-hrvatskoj-obali-zelim-da-mi-djeca-provode-vrijeme-u-hrvatskoj\\\/\"]}]},{\"@type\":\"ImageObject\",\"inLanguage\":\"hr\",\"@id\":\"https:\\\/\\\/radioljubuski.ba\\\/index.php\\\/2022\\\/08\\\/01\\\/ibrahimovic-mami-kupio-stan-na-hrvatskoj-obali-zelim-da-mi-djeca-provode-vrijeme-u-hrvatskoj\\\/#primaryimage\",\"url\":\"https:\\\/\\\/radioljubuski.ba\\\/wp-content\\\/uploads\\\/2022\\\/07\\\/ibrahimovic.jpg\",\"contentUrl\":\"https:\\\/\\\/radioljubuski.ba\\\/wp-content\\\/uploads\\\/2022\\\/07\\\/ibrahimovic.jpg\",\"width\":765,\"height\":402},{\"@type\":\"BreadcrumbList\",\"@id\":\"https:\\\/\\\/radioljubuski.ba\\\/index.php\\\/2022\\\/08\\\/01\\\/ibrahimovic-mami-kupio-stan-na-hrvatskoj-obali-zelim-da-mi-djeca-provode-vrijeme-u-hrvatskoj\\\/#breadcrumb\",\"itemListElement\":[{\"@type\":\"ListItem\",\"position\":1,\"name\":\"Po\u010detna stranica\",\"item\":\"https:\\\/\\\/radioljubuski.ba\\\/\"},{\"@type\":\"ListItem\",\"position\":2,\"name\":\"Ibrahimovi\u0107 mami kupio stan na hrvatskoj obali: &#8220;\u017delim da mi djeca provode vrijeme u Hrvatskoj&#8221;\"}]},{\"@type\":\"WebSite\",\"@id\":\"https:\\\/\\\/radioljubuski.ba\\\/#website\",\"url\":\"https:\\\/\\\/radioljubuski.ba\\\/\",\"name\":\"Radio Ljubu\u0161ki\",\"description\":\"Sun\u010dana frekvencija Hercegovine\",\"publisher\":{\"@id\":\"https:\\\/\\\/radioljubuski.ba\\\/#organization\"},\"potentialAction\":[{\"@type\":\"SearchAction\",\"target\":{\"@type\":\"EntryPoint\",\"urlTemplate\":\"https:\\\/\\\/radioljubuski.ba\\\/?s={search_term_string}\"},\"query-input\":{\"@type\":\"PropertyValueSpecification\",\"valueRequired\":true,\"valueName\":\"search_term_string\"}}],\"inLanguage\":\"hr\"},{\"@type\":\"Organization\",\"@id\":\"https:\\\/\\\/radioljubuski.ba\\\/#organization\",\"name\":\"Radio Ljubu\u0161ki\",\"url\":\"https:\\\/\\\/radioljubuski.ba\\\/\",\"logo\":{\"@type\":\"ImageObject\",\"inLanguage\":\"hr\",\"@id\":\"https:\\\/\\\/radioljubuski.ba\\\/#\\\/schema\\\/logo\\\/image\\\/\",\"url\":\"https:\\\/\\\/radioljubuski.ba\\\/wp-content\\\/uploads\\\/2021\\\/02\\\/cropped-Radio_Ljubuski_logo1.jpg\",\"contentUrl\":\"https:\\\/\\\/radioljubuski.ba\\\/wp-content\\\/uploads\\\/2021\\\/02\\\/cropped-Radio_Ljubuski_logo1.jpg\",\"width\":512,\"height\":512,\"caption\":\"Radio Ljubu\u0161ki\"},\"image\":{\"@id\":\"https:\\\/\\\/radioljubuski.ba\\\/#\\\/schema\\\/logo\\\/image\\\/\"},\"sameAs\":[\"https:\\\/\\\/www.facebook.com\\\/Radiio-Ljubuski-1490835324566332\",\"https:\\\/\\\/x.com\\\/radioljubuski\",\"https:\\\/\\\/hr.linkedin.com\\\/company\\\/radio-ljubuski\",\"https:\\\/\\\/www.youtube.com\\\/channel\\\/UCHYaeO_n0Db3tjNGudGpXyw\"]},{\"@type\":\"Person\",\"@id\":\"https:\\\/\\\/radioljubuski.ba\\\/#\\\/schema\\\/person\\\/19fc700381a780f69665d7956c469e3b\",\"name\":\"Radio Ljubu\u0161ki\"}]}<\/script>\n<!-- \/ Yoast SEO plugin. -->","yoast_head_json":{"title":"Ibrahimovi\u0107 mami kupio stan na hrvatskoj obali: \"\u017delim da mi djeca provode vrijeme u Hrvatskoj\" - RADIO LJUBU\u0160KI","robots":{"index":"index","follow":"follow","max-snippet":"max-snippet:-1","max-image-preview":"max-image-preview:large","max-video-preview":"max-video-preview:-1"},"canonical":"https:\/\/radioljubuski.ba\/index.php\/2022\/08\/01\/ibrahimovic-mami-kupio-stan-na-hrvatskoj-obali-zelim-da-mi-djeca-provode-vrijeme-u-hrvatskoj\/","og_locale":"hr_HR","og_type":"article","og_title":"Ibrahimovi\u0107 mami kupio stan na hrvatskoj obali: \"\u017delim da mi djeca provode vrijeme u Hrvatskoj\" - RADIO LJUBU\u0160KI","og_description":"Zlatan Ibrahimovi\u0107, jedan od najpopularnijih nogometa\u0161a u proteklih 20-ak godina, izdao je novu autobiografiju pod nazivom Adrenalin. U njoj spominje majku Jurku Gravi\u0107. &#8211; Majci sam kupio stan u Hrvatskoj, blizu Pagu da bude bli\u017ee sestrama. \u017delimo joj poslati Maxija i Vincenta, same, bez mame i tate. Trebaju se nau\u010diti samostalnosti. \u017delim da neko vrijeme [&hellip;]","og_url":"https:\/\/radioljubuski.ba\/index.php\/2022\/08\/01\/ibrahimovic-mami-kupio-stan-na-hrvatskoj-obali-zelim-da-mi-djeca-provode-vrijeme-u-hrvatskoj\/","og_site_name":"RADIO LJUBU\u0160KI","article_publisher":"https:\/\/www.facebook.com\/Radiio-Ljubuski-1490835324566332","article_published_time":"2022-08-01T12:49:26+00:00","og_image":[{"width":765,"height":402,"url":"https:\/\/radioljubuski.ba\/wp-content\/uploads\/2022\/07\/ibrahimovic.jpg","type":"image\/jpeg"}],"author":"Radio Ljubu\u0161ki","twitter_card":"summary_large_image","twitter_creator":"@radioljubuski","twitter_site":"@radioljubuski","twitter_misc":{"Napisao\/la":"Radio Ljubu\u0161ki","Procijenjeno vrijeme \u010ditanja":"2 minute"},"schema":{"@context":"https:\/\/schema.org","@graph":[{"@type":"Article","@id":"https:\/\/radioljubuski.ba\/index.php\/2022\/08\/01\/ibrahimovic-mami-kupio-stan-na-hrvatskoj-obali-zelim-da-mi-djeca-provode-vrijeme-u-hrvatskoj\/#article","isPartOf":{"@id":"https:\/\/radioljubuski.ba\/index.php\/2022\/08\/01\/ibrahimovic-mami-kupio-stan-na-hrvatskoj-obali-zelim-da-mi-djeca-provode-vrijeme-u-hrvatskoj\/"},"author":{"name":"Radio Ljubu\u0161ki","@id":"https:\/\/radioljubuski.ba\/#\/schema\/person\/19fc700381a780f69665d7956c469e3b"},"headline":"Ibrahimovi\u0107 mami kupio stan na hrvatskoj obali: &#8220;\u017delim da mi djeca provode vrijeme u Hrvatskoj&#8221;","datePublished":"2022-08-01T12:49:26+00:00","mainEntityOfPage":{"@id":"https:\/\/radioljubuski.ba\/index.php\/2022\/08\/01\/ibrahimovic-mami-kupio-stan-na-hrvatskoj-obali-zelim-da-mi-djeca-provode-vrijeme-u-hrvatskoj\/"},"wordCount":468,"publisher":{"@id":"https:\/\/radioljubuski.ba\/#organization"},"image":{"@id":"https:\/\/radioljubuski.ba\/index.php\/2022\/08\/01\/ibrahimovic-mami-kupio-stan-na-hrvatskoj-obali-zelim-da-mi-djeca-provode-vrijeme-u-hrvatskoj\/#primaryimage"},"thumbnailUrl":"https:\/\/radioljubuski.ba\/wp-content\/uploads\/2022\/07\/ibrahimovic.jpg","articleSection":["\u0160port"],"inLanguage":"hr"},{"@type":"WebPage","@id":"https:\/\/radioljubuski.ba\/index.php\/2022\/08\/01\/ibrahimovic-mami-kupio-stan-na-hrvatskoj-obali-zelim-da-mi-djeca-provode-vrijeme-u-hrvatskoj\/","url":"https:\/\/radioljubuski.ba\/index.php\/2022\/08\/01\/ibrahimovic-mami-kupio-stan-na-hrvatskoj-obali-zelim-da-mi-djeca-provode-vrijeme-u-hrvatskoj\/","name":"Ibrahimovi\u0107 mami kupio stan na hrvatskoj obali: \"\u017delim da mi djeca provode vrijeme u Hrvatskoj\" - RADIO LJUBU\u0160KI","isPartOf":{"@id":"https:\/\/radioljubuski.ba\/#website"},"primaryImageOfPage":{"@id":"https:\/\/radioljubuski.ba\/index.php\/2022\/08\/01\/ibrahimovic-mami-kupio-stan-na-hrvatskoj-obali-zelim-da-mi-djeca-provode-vrijeme-u-hrvatskoj\/#primaryimage"},"image":{"@id":"https:\/\/radioljubuski.ba\/index.php\/2022\/08\/01\/ibrahimovic-mami-kupio-stan-na-hrvatskoj-obali-zelim-da-mi-djeca-provode-vrijeme-u-hrvatskoj\/#primaryimage"},"thumbnailUrl":"https:\/\/radioljubuski.ba\/wp-content\/uploads\/2022\/07\/ibrahimovic.jpg","datePublished":"2022-08-01T12:49:26+00:00","breadcrumb":{"@id":"https:\/\/radioljubuski.ba\/index.php\/2022\/08\/01\/ibrahimovic-mami-kupio-stan-na-hrvatskoj-obali-zelim-da-mi-djeca-provode-vrijeme-u-hrvatskoj\/#breadcrumb"},"inLanguage":"hr","potentialAction":[{"@type":"ReadAction","target":["https:\/\/radioljubuski.ba\/index.php\/2022\/08\/01\/ibrahimovic-mami-kupio-stan-na-hrvatskoj-obali-zelim-da-mi-djeca-provode-vrijeme-u-hrvatskoj\/"]}]},{"@type":"ImageObject","inLanguage":"hr","@id":"https:\/\/radioljubuski.ba\/index.php\/2022\/08\/01\/ibrahimovic-mami-kupio-stan-na-hrvatskoj-obali-zelim-da-mi-djeca-provode-vrijeme-u-hrvatskoj\/#primaryimage","url":"https:\/\/radioljubuski.ba\/wp-content\/uploads\/2022\/07\/ibrahimovic.jpg","contentUrl":"https:\/\/radioljubuski.ba\/wp-content\/uploads\/2022\/07\/ibrahimovic.jpg","width":765,"height":402},{"@type":"BreadcrumbList","@id":"https:\/\/radioljubuski.ba\/index.php\/2022\/08\/01\/ibrahimovic-mami-kupio-stan-na-hrvatskoj-obali-zelim-da-mi-djeca-provode-vrijeme-u-hrvatskoj\/#breadcrumb","itemListElement":[{"@type":"ListItem","position":1,"name":"Po\u010detna stranica","item":"https:\/\/radioljubuski.ba\/"},{"@type":"ListItem","position":2,"name":"Ibrahimovi\u0107 mami kupio stan na hrvatskoj obali: &#8220;\u017delim da mi djeca provode vrijeme u Hrvatskoj&#8221;"}]},{"@type":"WebSite","@id":"https:\/\/radioljubuski.ba\/#website","url":"https:\/\/radioljubuski.ba\/","name":"Radio Ljubu\u0161ki","description":"Sun\u010dana frekvencija Hercegovine","publisher":{"@id":"https:\/\/radioljubuski.ba\/#organization"},"potentialAction":[{"@type":"SearchAction","target":{"@type":"EntryPoint","urlTemplate":"https:\/\/radioljubuski.ba\/?s={search_term_string}"},"query-input":{"@type":"PropertyValueSpecification","valueRequired":true,"valueName":"search_term_string"}}],"inLanguage":"hr"},{"@type":"Organization","@id":"https:\/\/radioljubuski.ba\/#organization","name":"Radio Ljubu\u0161ki","url":"https:\/\/radioljubuski.ba\/","logo":{"@type":"ImageObject","inLanguage":"hr","@id":"https:\/\/radioljubuski.ba\/#\/schema\/logo\/image\/","url":"https:\/\/radioljubuski.ba\/wp-content\/uploads\/2021\/02\/cropped-Radio_Ljubuski_logo1.jpg","contentUrl":"https:\/\/radioljubuski.ba\/wp-content\/uploads\/2021\/02\/cropped-Radio_Ljubuski_logo1.jpg","width":512,"height":512,"caption":"Radio Ljubu\u0161ki"},"image":{"@id":"https:\/\/radioljubuski.ba\/#\/schema\/logo\/image\/"},"sameAs":["https:\/\/www.facebook.com\/Radiio-Ljubuski-1490835324566332","https:\/\/x.com\/radioljubuski","https:\/\/hr.linkedin.com\/company\/radio-ljubuski","https:\/\/www.youtube.com\/channel\/UCHYaeO_n0Db3tjNGudGpXyw"]},{"@type":"Person","@id":"https:\/\/radioljubuski.ba\/#\/schema\/person\/19fc700381a780f69665d7956c469e3b","name":"Radio Ljubu\u0161ki"}]}},"_links":{"self":[{"href":"https:\/\/radioljubuski.ba\/index.php\/wp-json\/wp\/v2\/posts\/165384","targetHints":{"allow":["GET"]}}],"collection":[{"href":"https:\/\/radioljubuski.ba\/index.php\/wp-json\/wp\/v2\/posts"}],"about":[{"href":"https:\/\/radioljubuski.ba\/index.php\/wp-json\/wp\/v2\/types\/post"}],"author":[{"embeddable":true,"href":"https:\/\/radioljubuski.ba\/index.php\/wp-json\/wp\/v2\/users\/2"}],"replies":[{"embeddable":true,"href":"https:\/\/radioljubuski.ba\/index.php\/wp-json\/wp\/v2\/comments?post=165384"}],"version-history":[{"count":1,"href":"https:\/\/radioljubuski.ba\/index.php\/wp-json\/wp\/v2\/posts\/165384\/revisions"}],"predecessor-version":[{"id":165385,"href":"https:\/\/radioljubuski.ba\/index.php\/wp-json\/wp\/v2\/posts\/165384\/revisions\/165385"}],"wp:featuredmedia":[{"embeddable":true,"href":"https:\/\/radioljubuski.ba\/index.php\/wp-json\/wp\/v2\/media\/156824"}],"wp:attachment":[{"href":"https:\/\/radioljubuski.ba\/index.php\/wp-json\/wp\/v2\/media?parent=165384"}],"wp:term":[{"taxonomy":"category","embeddable":true,"href":"https:\/\/radioljubuski.ba\/index.php\/wp-json\/wp\/v2\/categories?post=165384"},{"taxonomy":"post_tag","embeddable":true,"href":"https:\/\/radioljubuski.ba\/index.php\/wp-json\/wp\/v2\/tags?post=165384"}],"curies":[{"name":"wp","href":"https:\/\/api.w.org\/{rel}","templated":true}]}}