{"id":16543,"date":"2021-04-26T20:24:47","date_gmt":"2021-04-26T19:24:47","guid":{"rendered":"https:\/\/radioljubuski.ba\/?p=16543"},"modified":"2021-04-26T20:24:49","modified_gmt":"2021-04-26T19:24:49","slug":"semir-efendic-potvrdio-da-je-napustio-sda-postaje-v-d-predsjednika-sbih","status":"publish","type":"post","link":"https:\/\/radioljubuski.ba\/index.php\/2021\/04\/26\/semir-efendic-potvrdio-da-je-napustio-sda-postaje-v-d-predsjednika-sbih\/","title":{"rendered":"Semir Efendi\u0107 potvrdio da je napustio SDA, postaje v. d. predsjednika SBiH"},"content":{"rendered":"\n<p><strong>Na\u010delnik Op\u0107ine Novi Grad Sarajevo Semir Efendi\u0107 podnio je neopozivu ostavku na mjesto \u010dlana Glavnog odbora SDA i potpredsjednika Op\u0107inskog odbora SDA Novi Grad Sarajevo, te istupio iz \u010dlanstva u stranci.<\/strong><\/p>\n\n\n\n<p>Potvrdio je vijesti da je Predsjedni\u0161tvo Stranke za Bosnu i Hercegovinu (SBiH) na sjednici koja je odr\u017eana u petak usvojilo prijedlog da bude imenovan za vr\u0161itelja du\u017enosti predsjednika te stranke.<\/p>\n\n\n\n<p>U objavi na dru\u0161tvenim mre\u017eama Efendi\u0107 je najavio vi\u0161e detalja o svemu ovome na press konferenciji koja \u0107e biti odr\u017eana u srijedu u Sarajevu. Na\u010delnik Op\u0107ine Novi Grad Sarajevo Semir Efendi\u0107 podnio je neopozivu ostavku na mjesto \u010dlana Glavnog odbora SDA i potpredsjednika Op\u0107inskog odbora SDA Novi Grad Sarajevo, te istupio iz \u010dlanstva u stranci.<\/p>\n\n\n\n<p>Potvrdio je vijesti da je Predsjedni\u0161tvo Stranke za Bosnu i Hercegovinu (SBiH) na sjednici koja je odr\u017eana u petak usvojilo prijedlog da bude imenovan za vr\u0161itelja du\u017enosti predsjednika te stranke.<\/p>\n\n\n\n<p>\/HMS\/<\/p>\n","protected":false},"excerpt":{"rendered":"<p>Na\u010delnik Op\u0107ine Novi Grad Sarajevo Semir Efendi\u0107 podnio je neopozivu ostavku na mjesto \u010dlana Glavnog odbora SDA i potpredsjednika Op\u0107inskog odbora SDA Novi Grad Sarajevo, te istupio iz \u010dlanstva u stranci. Potvrdio je vijesti da je Predsjedni\u0161tvo Stranke za Bosnu i Hercegovinu (SBiH) na sjednici koja je odr\u017eana u petak usvojilo prijedlog da bude imenovan [&hellip;]<\/p>\n","protected":false},"author":2,"featured_media":16544,"comment_status":"closed","ping_status":"closed","sticky":false,"template":"","format":"standard","meta":{"h5ap_radio_sources":[],"footnotes":""},"categories":[1],"tags":[],"class_list":["post-16543","post","type-post","status-publish","format-standard","has-post-thumbnail","hentry","category-bihiregija"],"yoast_head":"<!-- This site is optimized with the Yoast SEO plugin v27.4 - https:\/\/yoast.com\/product\/yoast-seo-wordpress\/ -->\n<title>Semir Efendi\u0107 potvrdio da je napustio SDA, postaje v. d. predsjednika SBiH - RADIO LJUBU\u0160KI<\/title>\n<meta name=\"robots\" content=\"index, follow, max-snippet:-1, max-image-preview:large, max-video-preview:-1\" \/>\n<link rel=\"canonical\" href=\"https:\/\/radioljubuski.ba\/index.php\/2021\/04\/26\/semir-efendic-potvrdio-da-je-napustio-sda-postaje-v-d-predsjednika-sbih\/\" \/>\n<meta property=\"og:locale\" content=\"hr_HR\" \/>\n<meta property=\"og:type\" content=\"article\" \/>\n<meta property=\"og:title\" content=\"Semir Efendi\u0107 potvrdio da je napustio SDA, postaje v. d. predsjednika SBiH - RADIO LJUBU\u0160KI\" \/>\n<meta property=\"og:description\" content=\"Na\u010delnik Op\u0107ine Novi Grad Sarajevo Semir Efendi\u0107 podnio je neopozivu ostavku na mjesto \u010dlana Glavnog odbora SDA i potpredsjednika Op\u0107inskog odbora SDA Novi Grad Sarajevo, te istupio iz \u010dlanstva u stranci. Potvrdio je vijesti da je Predsjedni\u0161tvo Stranke za Bosnu i Hercegovinu (SBiH) na sjednici koja je odr\u017eana u petak usvojilo prijedlog da bude imenovan [&hellip;]\" \/>\n<meta property=\"og:url\" content=\"https:\/\/radioljubuski.ba\/index.php\/2021\/04\/26\/semir-efendic-potvrdio-da-je-napustio-sda-postaje-v-d-predsjednika-sbih\/\" \/>\n<meta property=\"og:site_name\" content=\"RADIO LJUBU\u0160KI\" \/>\n<meta property=\"article:publisher\" content=\"https:\/\/www.facebook.com\/Radiio-Ljubuski-1490835324566332\" \/>\n<meta property=\"article:published_time\" content=\"2021-04-26T19:24:47+00:00\" \/>\n<meta property=\"article:modified_time\" content=\"2021-04-26T19:24:49+00:00\" \/>\n<meta property=\"og:image\" content=\"https:\/\/radioljubuski.ba\/wp-content\/uploads\/2021\/04\/semir-efendic-721x389-1.png\" \/>\n\t<meta property=\"og:image:width\" content=\"721\" \/>\n\t<meta property=\"og:image:height\" content=\"389\" \/>\n\t<meta property=\"og:image:type\" content=\"image\/png\" \/>\n<meta name=\"author\" content=\"Radio Ljubu\u0161ki\" \/>\n<meta name=\"twitter:card\" content=\"summary_large_image\" \/>\n<meta name=\"twitter:creator\" content=\"@radioljubuski\" \/>\n<meta name=\"twitter:site\" content=\"@radioljubuski\" \/>\n<meta name=\"twitter:label1\" content=\"Napisao\/la\" \/>\n\t<meta name=\"twitter:data1\" content=\"Radio Ljubu\u0161ki\" \/>\n\t<meta name=\"twitter:label2\" content=\"Procijenjeno vrijeme \u010ditanja\" \/>\n\t<meta name=\"twitter:data2\" content=\"1 minuta\" \/>\n<script type=\"application\/ld+json\" class=\"yoast-schema-graph\">{\"@context\":\"https:\\\/\\\/schema.org\",\"@graph\":[{\"@type\":\"Article\",\"@id\":\"https:\\\/\\\/radioljubuski.ba\\\/index.php\\\/2021\\\/04\\\/26\\\/semir-efendic-potvrdio-da-je-napustio-sda-postaje-v-d-predsjednika-sbih\\\/#article\",\"isPartOf\":{\"@id\":\"https:\\\/\\\/radioljubuski.ba\\\/index.php\\\/2021\\\/04\\\/26\\\/semir-efendic-potvrdio-da-je-napustio-sda-postaje-v-d-predsjednika-sbih\\\/\"},\"author\":{\"name\":\"Radio Ljubu\u0161ki\",\"@id\":\"https:\\\/\\\/radioljubuski.ba\\\/#\\\/schema\\\/person\\\/19fc700381a780f69665d7956c469e3b\"},\"headline\":\"Semir Efendi\u0107 potvrdio da je napustio SDA, postaje v. d. predsjednika SBiH\",\"datePublished\":\"2021-04-26T19:24:47+00:00\",\"dateModified\":\"2021-04-26T19:24:49+00:00\",\"mainEntityOfPage\":{\"@id\":\"https:\\\/\\\/radioljubuski.ba\\\/index.php\\\/2021\\\/04\\\/26\\\/semir-efendic-potvrdio-da-je-napustio-sda-postaje-v-d-predsjednika-sbih\\\/\"},\"wordCount\":177,\"publisher\":{\"@id\":\"https:\\\/\\\/radioljubuski.ba\\\/#organization\"},\"image\":{\"@id\":\"https:\\\/\\\/radioljubuski.ba\\\/index.php\\\/2021\\\/04\\\/26\\\/semir-efendic-potvrdio-da-je-napustio-sda-postaje-v-d-predsjednika-sbih\\\/#primaryimage\"},\"thumbnailUrl\":\"https:\\\/\\\/radioljubuski.ba\\\/wp-content\\\/uploads\\\/2021\\\/04\\\/semir-efendic-721x389-1.png\",\"articleSection\":[\"BIH i regija\"],\"inLanguage\":\"hr\"},{\"@type\":\"WebPage\",\"@id\":\"https:\\\/\\\/radioljubuski.ba\\\/index.php\\\/2021\\\/04\\\/26\\\/semir-efendic-potvrdio-da-je-napustio-sda-postaje-v-d-predsjednika-sbih\\\/\",\"url\":\"https:\\\/\\\/radioljubuski.ba\\\/index.php\\\/2021\\\/04\\\/26\\\/semir-efendic-potvrdio-da-je-napustio-sda-postaje-v-d-predsjednika-sbih\\\/\",\"name\":\"Semir Efendi\u0107 potvrdio da je napustio SDA, postaje v. d. predsjednika SBiH - RADIO LJUBU\u0160KI\",\"isPartOf\":{\"@id\":\"https:\\\/\\\/radioljubuski.ba\\\/#website\"},\"primaryImageOfPage\":{\"@id\":\"https:\\\/\\\/radioljubuski.ba\\\/index.php\\\/2021\\\/04\\\/26\\\/semir-efendic-potvrdio-da-je-napustio-sda-postaje-v-d-predsjednika-sbih\\\/#primaryimage\"},\"image\":{\"@id\":\"https:\\\/\\\/radioljubuski.ba\\\/index.php\\\/2021\\\/04\\\/26\\\/semir-efendic-potvrdio-da-je-napustio-sda-postaje-v-d-predsjednika-sbih\\\/#primaryimage\"},\"thumbnailUrl\":\"https:\\\/\\\/radioljubuski.ba\\\/wp-content\\\/uploads\\\/2021\\\/04\\\/semir-efendic-721x389-1.png\",\"datePublished\":\"2021-04-26T19:24:47+00:00\",\"dateModified\":\"2021-04-26T19:24:49+00:00\",\"breadcrumb\":{\"@id\":\"https:\\\/\\\/radioljubuski.ba\\\/index.php\\\/2021\\\/04\\\/26\\\/semir-efendic-potvrdio-da-je-napustio-sda-postaje-v-d-predsjednika-sbih\\\/#breadcrumb\"},\"inLanguage\":\"hr\",\"potentialAction\":[{\"@type\":\"ReadAction\",\"target\":[\"https:\\\/\\\/radioljubuski.ba\\\/index.php\\\/2021\\\/04\\\/26\\\/semir-efendic-potvrdio-da-je-napustio-sda-postaje-v-d-predsjednika-sbih\\\/\"]}]},{\"@type\":\"ImageObject\",\"inLanguage\":\"hr\",\"@id\":\"https:\\\/\\\/radioljubuski.ba\\\/index.php\\\/2021\\\/04\\\/26\\\/semir-efendic-potvrdio-da-je-napustio-sda-postaje-v-d-predsjednika-sbih\\\/#primaryimage\",\"url\":\"https:\\\/\\\/radioljubuski.ba\\\/wp-content\\\/uploads\\\/2021\\\/04\\\/semir-efendic-721x389-1.png\",\"contentUrl\":\"https:\\\/\\\/radioljubuski.ba\\\/wp-content\\\/uploads\\\/2021\\\/04\\\/semir-efendic-721x389-1.png\",\"width\":721,\"height\":389},{\"@type\":\"BreadcrumbList\",\"@id\":\"https:\\\/\\\/radioljubuski.ba\\\/index.php\\\/2021\\\/04\\\/26\\\/semir-efendic-potvrdio-da-je-napustio-sda-postaje-v-d-predsjednika-sbih\\\/#breadcrumb\",\"itemListElement\":[{\"@type\":\"ListItem\",\"position\":1,\"name\":\"Po\u010detna stranica\",\"item\":\"https:\\\/\\\/radioljubuski.ba\\\/\"},{\"@type\":\"ListItem\",\"position\":2,\"name\":\"Semir Efendi\u0107 potvrdio da je napustio SDA, postaje v. d. predsjednika SBiH\"}]},{\"@type\":\"WebSite\",\"@id\":\"https:\\\/\\\/radioljubuski.ba\\\/#website\",\"url\":\"https:\\\/\\\/radioljubuski.ba\\\/\",\"name\":\"Radio Ljubu\u0161ki\",\"description\":\"Sun\u010dana frekvencija Hercegovine\",\"publisher\":{\"@id\":\"https:\\\/\\\/radioljubuski.ba\\\/#organization\"},\"potentialAction\":[{\"@type\":\"SearchAction\",\"target\":{\"@type\":\"EntryPoint\",\"urlTemplate\":\"https:\\\/\\\/radioljubuski.ba\\\/?s={search_term_string}\"},\"query-input\":{\"@type\":\"PropertyValueSpecification\",\"valueRequired\":true,\"valueName\":\"search_term_string\"}}],\"inLanguage\":\"hr\"},{\"@type\":\"Organization\",\"@id\":\"https:\\\/\\\/radioljubuski.ba\\\/#organization\",\"name\":\"Radio Ljubu\u0161ki\",\"url\":\"https:\\\/\\\/radioljubuski.ba\\\/\",\"logo\":{\"@type\":\"ImageObject\",\"inLanguage\":\"hr\",\"@id\":\"https:\\\/\\\/radioljubuski.ba\\\/#\\\/schema\\\/logo\\\/image\\\/\",\"url\":\"https:\\\/\\\/radioljubuski.ba\\\/wp-content\\\/uploads\\\/2021\\\/02\\\/cropped-Radio_Ljubuski_logo1.jpg\",\"contentUrl\":\"https:\\\/\\\/radioljubuski.ba\\\/wp-content\\\/uploads\\\/2021\\\/02\\\/cropped-Radio_Ljubuski_logo1.jpg\",\"width\":512,\"height\":512,\"caption\":\"Radio Ljubu\u0161ki\"},\"image\":{\"@id\":\"https:\\\/\\\/radioljubuski.ba\\\/#\\\/schema\\\/logo\\\/image\\\/\"},\"sameAs\":[\"https:\\\/\\\/www.facebook.com\\\/Radiio-Ljubuski-1490835324566332\",\"https:\\\/\\\/x.com\\\/radioljubuski\",\"https:\\\/\\\/hr.linkedin.com\\\/company\\\/radio-ljubuski\",\"https:\\\/\\\/www.youtube.com\\\/channel\\\/UCHYaeO_n0Db3tjNGudGpXyw\"]},{\"@type\":\"Person\",\"@id\":\"https:\\\/\\\/radioljubuski.ba\\\/#\\\/schema\\\/person\\\/19fc700381a780f69665d7956c469e3b\",\"name\":\"Radio Ljubu\u0161ki\"}]}<\/script>\n<!-- \/ Yoast SEO plugin. -->","yoast_head_json":{"title":"Semir Efendi\u0107 potvrdio da je napustio SDA, postaje v. d. predsjednika SBiH - RADIO LJUBU\u0160KI","robots":{"index":"index","follow":"follow","max-snippet":"max-snippet:-1","max-image-preview":"max-image-preview:large","max-video-preview":"max-video-preview:-1"},"canonical":"https:\/\/radioljubuski.ba\/index.php\/2021\/04\/26\/semir-efendic-potvrdio-da-je-napustio-sda-postaje-v-d-predsjednika-sbih\/","og_locale":"hr_HR","og_type":"article","og_title":"Semir Efendi\u0107 potvrdio da je napustio SDA, postaje v. d. predsjednika SBiH - RADIO LJUBU\u0160KI","og_description":"Na\u010delnik Op\u0107ine Novi Grad Sarajevo Semir Efendi\u0107 podnio je neopozivu ostavku na mjesto \u010dlana Glavnog odbora SDA i potpredsjednika Op\u0107inskog odbora SDA Novi Grad Sarajevo, te istupio iz \u010dlanstva u stranci. Potvrdio je vijesti da je Predsjedni\u0161tvo Stranke za Bosnu i Hercegovinu (SBiH) na sjednici koja je odr\u017eana u petak usvojilo prijedlog da bude imenovan [&hellip;]","og_url":"https:\/\/radioljubuski.ba\/index.php\/2021\/04\/26\/semir-efendic-potvrdio-da-je-napustio-sda-postaje-v-d-predsjednika-sbih\/","og_site_name":"RADIO LJUBU\u0160KI","article_publisher":"https:\/\/www.facebook.com\/Radiio-Ljubuski-1490835324566332","article_published_time":"2021-04-26T19:24:47+00:00","article_modified_time":"2021-04-26T19:24:49+00:00","og_image":[{"width":721,"height":389,"url":"https:\/\/radioljubuski.ba\/wp-content\/uploads\/2021\/04\/semir-efendic-721x389-1.png","type":"image\/png"}],"author":"Radio Ljubu\u0161ki","twitter_card":"summary_large_image","twitter_creator":"@radioljubuski","twitter_site":"@radioljubuski","twitter_misc":{"Napisao\/la":"Radio Ljubu\u0161ki","Procijenjeno vrijeme \u010ditanja":"1 minuta"},"schema":{"@context":"https:\/\/schema.org","@graph":[{"@type":"Article","@id":"https:\/\/radioljubuski.ba\/index.php\/2021\/04\/26\/semir-efendic-potvrdio-da-je-napustio-sda-postaje-v-d-predsjednika-sbih\/#article","isPartOf":{"@id":"https:\/\/radioljubuski.ba\/index.php\/2021\/04\/26\/semir-efendic-potvrdio-da-je-napustio-sda-postaje-v-d-predsjednika-sbih\/"},"author":{"name":"Radio Ljubu\u0161ki","@id":"https:\/\/radioljubuski.ba\/#\/schema\/person\/19fc700381a780f69665d7956c469e3b"},"headline":"Semir Efendi\u0107 potvrdio da je napustio SDA, postaje v. d. predsjednika SBiH","datePublished":"2021-04-26T19:24:47+00:00","dateModified":"2021-04-26T19:24:49+00:00","mainEntityOfPage":{"@id":"https:\/\/radioljubuski.ba\/index.php\/2021\/04\/26\/semir-efendic-potvrdio-da-je-napustio-sda-postaje-v-d-predsjednika-sbih\/"},"wordCount":177,"publisher":{"@id":"https:\/\/radioljubuski.ba\/#organization"},"image":{"@id":"https:\/\/radioljubuski.ba\/index.php\/2021\/04\/26\/semir-efendic-potvrdio-da-je-napustio-sda-postaje-v-d-predsjednika-sbih\/#primaryimage"},"thumbnailUrl":"https:\/\/radioljubuski.ba\/wp-content\/uploads\/2021\/04\/semir-efendic-721x389-1.png","articleSection":["BIH i regija"],"inLanguage":"hr"},{"@type":"WebPage","@id":"https:\/\/radioljubuski.ba\/index.php\/2021\/04\/26\/semir-efendic-potvrdio-da-je-napustio-sda-postaje-v-d-predsjednika-sbih\/","url":"https:\/\/radioljubuski.ba\/index.php\/2021\/04\/26\/semir-efendic-potvrdio-da-je-napustio-sda-postaje-v-d-predsjednika-sbih\/","name":"Semir Efendi\u0107 potvrdio da je napustio SDA, postaje v. d. predsjednika SBiH - RADIO LJUBU\u0160KI","isPartOf":{"@id":"https:\/\/radioljubuski.ba\/#website"},"primaryImageOfPage":{"@id":"https:\/\/radioljubuski.ba\/index.php\/2021\/04\/26\/semir-efendic-potvrdio-da-je-napustio-sda-postaje-v-d-predsjednika-sbih\/#primaryimage"},"image":{"@id":"https:\/\/radioljubuski.ba\/index.php\/2021\/04\/26\/semir-efendic-potvrdio-da-je-napustio-sda-postaje-v-d-predsjednika-sbih\/#primaryimage"},"thumbnailUrl":"https:\/\/radioljubuski.ba\/wp-content\/uploads\/2021\/04\/semir-efendic-721x389-1.png","datePublished":"2021-04-26T19:24:47+00:00","dateModified":"2021-04-26T19:24:49+00:00","breadcrumb":{"@id":"https:\/\/radioljubuski.ba\/index.php\/2021\/04\/26\/semir-efendic-potvrdio-da-je-napustio-sda-postaje-v-d-predsjednika-sbih\/#breadcrumb"},"inLanguage":"hr","potentialAction":[{"@type":"ReadAction","target":["https:\/\/radioljubuski.ba\/index.php\/2021\/04\/26\/semir-efendic-potvrdio-da-je-napustio-sda-postaje-v-d-predsjednika-sbih\/"]}]},{"@type":"ImageObject","inLanguage":"hr","@id":"https:\/\/radioljubuski.ba\/index.php\/2021\/04\/26\/semir-efendic-potvrdio-da-je-napustio-sda-postaje-v-d-predsjednika-sbih\/#primaryimage","url":"https:\/\/radioljubuski.ba\/wp-content\/uploads\/2021\/04\/semir-efendic-721x389-1.png","contentUrl":"https:\/\/radioljubuski.ba\/wp-content\/uploads\/2021\/04\/semir-efendic-721x389-1.png","width":721,"height":389},{"@type":"BreadcrumbList","@id":"https:\/\/radioljubuski.ba\/index.php\/2021\/04\/26\/semir-efendic-potvrdio-da-je-napustio-sda-postaje-v-d-predsjednika-sbih\/#breadcrumb","itemListElement":[{"@type":"ListItem","position":1,"name":"Po\u010detna stranica","item":"https:\/\/radioljubuski.ba\/"},{"@type":"ListItem","position":2,"name":"Semir Efendi\u0107 potvrdio da je napustio SDA, postaje v. d. predsjednika SBiH"}]},{"@type":"WebSite","@id":"https:\/\/radioljubuski.ba\/#website","url":"https:\/\/radioljubuski.ba\/","name":"Radio Ljubu\u0161ki","description":"Sun\u010dana frekvencija Hercegovine","publisher":{"@id":"https:\/\/radioljubuski.ba\/#organization"},"potentialAction":[{"@type":"SearchAction","target":{"@type":"EntryPoint","urlTemplate":"https:\/\/radioljubuski.ba\/?s={search_term_string}"},"query-input":{"@type":"PropertyValueSpecification","valueRequired":true,"valueName":"search_term_string"}}],"inLanguage":"hr"},{"@type":"Organization","@id":"https:\/\/radioljubuski.ba\/#organization","name":"Radio Ljubu\u0161ki","url":"https:\/\/radioljubuski.ba\/","logo":{"@type":"ImageObject","inLanguage":"hr","@id":"https:\/\/radioljubuski.ba\/#\/schema\/logo\/image\/","url":"https:\/\/radioljubuski.ba\/wp-content\/uploads\/2021\/02\/cropped-Radio_Ljubuski_logo1.jpg","contentUrl":"https:\/\/radioljubuski.ba\/wp-content\/uploads\/2021\/02\/cropped-Radio_Ljubuski_logo1.jpg","width":512,"height":512,"caption":"Radio Ljubu\u0161ki"},"image":{"@id":"https:\/\/radioljubuski.ba\/#\/schema\/logo\/image\/"},"sameAs":["https:\/\/www.facebook.com\/Radiio-Ljubuski-1490835324566332","https:\/\/x.com\/radioljubuski","https:\/\/hr.linkedin.com\/company\/radio-ljubuski","https:\/\/www.youtube.com\/channel\/UCHYaeO_n0Db3tjNGudGpXyw"]},{"@type":"Person","@id":"https:\/\/radioljubuski.ba\/#\/schema\/person\/19fc700381a780f69665d7956c469e3b","name":"Radio Ljubu\u0161ki"}]}},"_links":{"self":[{"href":"https:\/\/radioljubuski.ba\/index.php\/wp-json\/wp\/v2\/posts\/16543","targetHints":{"allow":["GET"]}}],"collection":[{"href":"https:\/\/radioljubuski.ba\/index.php\/wp-json\/wp\/v2\/posts"}],"about":[{"href":"https:\/\/radioljubuski.ba\/index.php\/wp-json\/wp\/v2\/types\/post"}],"author":[{"embeddable":true,"href":"https:\/\/radioljubuski.ba\/index.php\/wp-json\/wp\/v2\/users\/2"}],"replies":[{"embeddable":true,"href":"https:\/\/radioljubuski.ba\/index.php\/wp-json\/wp\/v2\/comments?post=16543"}],"version-history":[{"count":1,"href":"https:\/\/radioljubuski.ba\/index.php\/wp-json\/wp\/v2\/posts\/16543\/revisions"}],"predecessor-version":[{"id":16545,"href":"https:\/\/radioljubuski.ba\/index.php\/wp-json\/wp\/v2\/posts\/16543\/revisions\/16545"}],"wp:featuredmedia":[{"embeddable":true,"href":"https:\/\/radioljubuski.ba\/index.php\/wp-json\/wp\/v2\/media\/16544"}],"wp:attachment":[{"href":"https:\/\/radioljubuski.ba\/index.php\/wp-json\/wp\/v2\/media?parent=16543"}],"wp:term":[{"taxonomy":"category","embeddable":true,"href":"https:\/\/radioljubuski.ba\/index.php\/wp-json\/wp\/v2\/categories?post=16543"},{"taxonomy":"post_tag","embeddable":true,"href":"https:\/\/radioljubuski.ba\/index.php\/wp-json\/wp\/v2\/tags?post=16543"}],"curies":[{"name":"wp","href":"https:\/\/api.w.org\/{rel}","templated":true}]}}