{"id":165630,"date":"2022-08-02T07:40:35","date_gmt":"2022-08-02T06:40:35","guid":{"rendered":"https:\/\/radioljubuski.ba\/?p=165630"},"modified":"2022-08-02T07:40:36","modified_gmt":"2022-08-02T06:40:36","slug":"cetvorostruka-evropska-prvakinja-24-poginula-u-stravicnoj-prometnoj-nesreci","status":"publish","type":"post","link":"https:\/\/radioljubuski.ba\/index.php\/2022\/08\/02\/cetvorostruka-evropska-prvakinja-24-poginula-u-stravicnoj-prometnoj-nesreci\/","title":{"rendered":"\u010cetvorostruka evropska prvakinja (24) poginula u stravi\u010dnoj prometnoj nesre\u0107i"},"content":{"rendered":"\n<p>Ruskinja Jevgenija Stepanova (24) \u010detvorostruka evropska prvakinja u kung-fu vu\u0161uu poginula je u stravi\u010dnoj prometnoj nesre\u0107i, objavili su tamo\u0161nji mediji.<\/p>\n\n\n\n<p>Prema navodima ruskih medija, Stepanova je s prijateljicom i njenim mu\u017eem krenula na trening. Iz neutvr\u0111enih razloga, automobil koji je vozio mu\u017e njene prijateljice pre\u0161ao je u suprotnu traku i direktno se sudario s autobusom.<\/p>\n\n\n\n<p>Putnici u atomobili su stradali na licu mjesta, dok je nekoliko putnika iz autobusa ozlije\u0111eno, a nakon svega oglasio se i predsjednik Vu\u0161u federacije Aleksandar Abramov.<\/p>\n\n\n\n<p>&#8220;Znate, danas me zovu sa svih strana. \u010cak iz Irana, iz \u010ce\u010denije, iz mnogih drugih regiona. Svi govore kako je divna djevojka bila, kako je bila divno vaspitana. A ona je bila siro\u010de. Baka ju je odgojila, pro\u0161la je kroz vatru i vodu&#8230; Takav joj je \u017eivot bio, ali je uvijek po\u0161tovala starije, slu\u0161ala ih bez pogovora. Izuzetno je bila vrijedna i posve\u0107ena&#8221;, kazao je Abramov.<\/p>\n\n\n\n<p>Kung-fu vu\u0161u je jedna od najstarijih borila\u010dkih vje\u0161tina koja je nastala u Kini. Iako malo poznata za razliku od drugih, zastupljenijih borila\u010dkih vje\u0161tina, ova drevna igra postala je internacionalni sport kroz Internacionalnu Vu\u0161u federaciju (eng. Interational Wushu Federation, akronim IWUF) koja organizuje Svjetska Vu\u0161u natjecanja svake druge godine.<\/p>\n\n\n\n<p>Prvo natjecanje odr\u017eano je u Pekingu 1991. godine. Vu\u0161u natjecanja se sastoje od dvije discipline: taolu (forma) i sanda (sparing).<\/p>\n\n\n\n<p>izvor: klix.ba<\/p>\n","protected":false},"excerpt":{"rendered":"<p>Ruskinja Jevgenija Stepanova (24) \u010detvorostruka evropska prvakinja u kung-fu vu\u0161uu poginula je u stravi\u010dnoj prometnoj nesre\u0107i, objavili su tamo\u0161nji mediji. Prema navodima ruskih medija, Stepanova je s prijateljicom i njenim mu\u017eem krenula na trening. Iz neutvr\u0111enih razloga, automobil koji je vozio mu\u017e njene prijateljice pre\u0161ao je u suprotnu traku i direktno se sudario s autobusom. [&hellip;]<\/p>\n","protected":false},"author":2,"featured_media":165633,"comment_status":"closed","ping_status":"closed","sticky":false,"template":"","format":"standard","meta":{"h5ap_radio_sources":[],"footnotes":""},"categories":[7],"tags":[],"class_list":["post-165630","post","type-post","status-publish","format-standard","has-post-thumbnail","hentry","category-sport"],"yoast_head":"<!-- This site is optimized with the Yoast SEO plugin v27.4 - https:\/\/yoast.com\/product\/yoast-seo-wordpress\/ -->\n<title>\u010cetvorostruka evropska prvakinja (24) poginula u stravi\u010dnoj prometnoj nesre\u0107i - RADIO LJUBU\u0160KI<\/title>\n<meta name=\"robots\" content=\"index, follow, max-snippet:-1, max-image-preview:large, max-video-preview:-1\" \/>\n<link rel=\"canonical\" href=\"https:\/\/radioljubuski.ba\/index.php\/2022\/08\/02\/cetvorostruka-evropska-prvakinja-24-poginula-u-stravicnoj-prometnoj-nesreci\/\" \/>\n<meta property=\"og:locale\" content=\"hr_HR\" \/>\n<meta property=\"og:type\" content=\"article\" \/>\n<meta property=\"og:title\" content=\"\u010cetvorostruka evropska prvakinja (24) poginula u stravi\u010dnoj prometnoj nesre\u0107i - RADIO LJUBU\u0160KI\" \/>\n<meta property=\"og:description\" content=\"Ruskinja Jevgenija Stepanova (24) \u010detvorostruka evropska prvakinja u kung-fu vu\u0161uu poginula je u stravi\u010dnoj prometnoj nesre\u0107i, objavili su tamo\u0161nji mediji. Prema navodima ruskih medija, Stepanova je s prijateljicom i njenim mu\u017eem krenula na trening. Iz neutvr\u0111enih razloga, automobil koji je vozio mu\u017e njene prijateljice pre\u0161ao je u suprotnu traku i direktno se sudario s autobusom. [&hellip;]\" \/>\n<meta property=\"og:url\" content=\"https:\/\/radioljubuski.ba\/index.php\/2022\/08\/02\/cetvorostruka-evropska-prvakinja-24-poginula-u-stravicnoj-prometnoj-nesreci\/\" \/>\n<meta property=\"og:site_name\" content=\"RADIO LJUBU\u0160KI\" \/>\n<meta property=\"article:publisher\" content=\"https:\/\/www.facebook.com\/Radiio-Ljubuski-1490835324566332\" \/>\n<meta property=\"article:published_time\" content=\"2022-08-02T06:40:35+00:00\" \/>\n<meta property=\"article:modified_time\" content=\"2022-08-02T06:40:36+00:00\" \/>\n<meta property=\"og:image\" content=\"https:\/\/radioljubuski.ba\/wp-content\/uploads\/2022\/08\/jevgenija-1.jpg\" \/>\n\t<meta property=\"og:image:width\" content=\"275\" \/>\n\t<meta property=\"og:image:height\" content=\"183\" \/>\n\t<meta property=\"og:image:type\" content=\"image\/jpeg\" \/>\n<meta name=\"author\" content=\"Radio Ljubu\u0161ki\" \/>\n<meta name=\"twitter:card\" content=\"summary_large_image\" \/>\n<meta name=\"twitter:creator\" content=\"@radioljubuski\" \/>\n<meta name=\"twitter:site\" content=\"@radioljubuski\" \/>\n<meta name=\"twitter:label1\" content=\"Napisao\/la\" \/>\n\t<meta name=\"twitter:data1\" content=\"Radio Ljubu\u0161ki\" \/>\n\t<meta name=\"twitter:label2\" content=\"Procijenjeno vrijeme \u010ditanja\" \/>\n\t<meta name=\"twitter:data2\" content=\"1 minuta\" \/>\n<script type=\"application\/ld+json\" class=\"yoast-schema-graph\">{\"@context\":\"https:\\\/\\\/schema.org\",\"@graph\":[{\"@type\":\"Article\",\"@id\":\"https:\\\/\\\/radioljubuski.ba\\\/index.php\\\/2022\\\/08\\\/02\\\/cetvorostruka-evropska-prvakinja-24-poginula-u-stravicnoj-prometnoj-nesreci\\\/#article\",\"isPartOf\":{\"@id\":\"https:\\\/\\\/radioljubuski.ba\\\/index.php\\\/2022\\\/08\\\/02\\\/cetvorostruka-evropska-prvakinja-24-poginula-u-stravicnoj-prometnoj-nesreci\\\/\"},\"author\":{\"name\":\"Radio Ljubu\u0161ki\",\"@id\":\"https:\\\/\\\/radioljubuski.ba\\\/#\\\/schema\\\/person\\\/19fc700381a780f69665d7956c469e3b\"},\"headline\":\"\u010cetvorostruka evropska prvakinja (24) poginula u stravi\u010dnoj prometnoj nesre\u0107i\",\"datePublished\":\"2022-08-02T06:40:35+00:00\",\"dateModified\":\"2022-08-02T06:40:36+00:00\",\"mainEntityOfPage\":{\"@id\":\"https:\\\/\\\/radioljubuski.ba\\\/index.php\\\/2022\\\/08\\\/02\\\/cetvorostruka-evropska-prvakinja-24-poginula-u-stravicnoj-prometnoj-nesreci\\\/\"},\"wordCount\":250,\"publisher\":{\"@id\":\"https:\\\/\\\/radioljubuski.ba\\\/#organization\"},\"image\":{\"@id\":\"https:\\\/\\\/radioljubuski.ba\\\/index.php\\\/2022\\\/08\\\/02\\\/cetvorostruka-evropska-prvakinja-24-poginula-u-stravicnoj-prometnoj-nesreci\\\/#primaryimage\"},\"thumbnailUrl\":\"https:\\\/\\\/radioljubuski.ba\\\/wp-content\\\/uploads\\\/2022\\\/08\\\/jevgenija-1.jpg\",\"articleSection\":[\"\u0160port\"],\"inLanguage\":\"hr\"},{\"@type\":\"WebPage\",\"@id\":\"https:\\\/\\\/radioljubuski.ba\\\/index.php\\\/2022\\\/08\\\/02\\\/cetvorostruka-evropska-prvakinja-24-poginula-u-stravicnoj-prometnoj-nesreci\\\/\",\"url\":\"https:\\\/\\\/radioljubuski.ba\\\/index.php\\\/2022\\\/08\\\/02\\\/cetvorostruka-evropska-prvakinja-24-poginula-u-stravicnoj-prometnoj-nesreci\\\/\",\"name\":\"\u010cetvorostruka evropska prvakinja (24) poginula u stravi\u010dnoj prometnoj nesre\u0107i - RADIO LJUBU\u0160KI\",\"isPartOf\":{\"@id\":\"https:\\\/\\\/radioljubuski.ba\\\/#website\"},\"primaryImageOfPage\":{\"@id\":\"https:\\\/\\\/radioljubuski.ba\\\/index.php\\\/2022\\\/08\\\/02\\\/cetvorostruka-evropska-prvakinja-24-poginula-u-stravicnoj-prometnoj-nesreci\\\/#primaryimage\"},\"image\":{\"@id\":\"https:\\\/\\\/radioljubuski.ba\\\/index.php\\\/2022\\\/08\\\/02\\\/cetvorostruka-evropska-prvakinja-24-poginula-u-stravicnoj-prometnoj-nesreci\\\/#primaryimage\"},\"thumbnailUrl\":\"https:\\\/\\\/radioljubuski.ba\\\/wp-content\\\/uploads\\\/2022\\\/08\\\/jevgenija-1.jpg\",\"datePublished\":\"2022-08-02T06:40:35+00:00\",\"dateModified\":\"2022-08-02T06:40:36+00:00\",\"breadcrumb\":{\"@id\":\"https:\\\/\\\/radioljubuski.ba\\\/index.php\\\/2022\\\/08\\\/02\\\/cetvorostruka-evropska-prvakinja-24-poginula-u-stravicnoj-prometnoj-nesreci\\\/#breadcrumb\"},\"inLanguage\":\"hr\",\"potentialAction\":[{\"@type\":\"ReadAction\",\"target\":[\"https:\\\/\\\/radioljubuski.ba\\\/index.php\\\/2022\\\/08\\\/02\\\/cetvorostruka-evropska-prvakinja-24-poginula-u-stravicnoj-prometnoj-nesreci\\\/\"]}]},{\"@type\":\"ImageObject\",\"inLanguage\":\"hr\",\"@id\":\"https:\\\/\\\/radioljubuski.ba\\\/index.php\\\/2022\\\/08\\\/02\\\/cetvorostruka-evropska-prvakinja-24-poginula-u-stravicnoj-prometnoj-nesreci\\\/#primaryimage\",\"url\":\"https:\\\/\\\/radioljubuski.ba\\\/wp-content\\\/uploads\\\/2022\\\/08\\\/jevgenija-1.jpg\",\"contentUrl\":\"https:\\\/\\\/radioljubuski.ba\\\/wp-content\\\/uploads\\\/2022\\\/08\\\/jevgenija-1.jpg\",\"width\":275,\"height\":183},{\"@type\":\"BreadcrumbList\",\"@id\":\"https:\\\/\\\/radioljubuski.ba\\\/index.php\\\/2022\\\/08\\\/02\\\/cetvorostruka-evropska-prvakinja-24-poginula-u-stravicnoj-prometnoj-nesreci\\\/#breadcrumb\",\"itemListElement\":[{\"@type\":\"ListItem\",\"position\":1,\"name\":\"Po\u010detna stranica\",\"item\":\"https:\\\/\\\/radioljubuski.ba\\\/\"},{\"@type\":\"ListItem\",\"position\":2,\"name\":\"\u010cetvorostruka evropska prvakinja (24) poginula u stravi\u010dnoj prometnoj nesre\u0107i\"}]},{\"@type\":\"WebSite\",\"@id\":\"https:\\\/\\\/radioljubuski.ba\\\/#website\",\"url\":\"https:\\\/\\\/radioljubuski.ba\\\/\",\"name\":\"Radio Ljubu\u0161ki\",\"description\":\"Sun\u010dana frekvencija Hercegovine\",\"publisher\":{\"@id\":\"https:\\\/\\\/radioljubuski.ba\\\/#organization\"},\"potentialAction\":[{\"@type\":\"SearchAction\",\"target\":{\"@type\":\"EntryPoint\",\"urlTemplate\":\"https:\\\/\\\/radioljubuski.ba\\\/?s={search_term_string}\"},\"query-input\":{\"@type\":\"PropertyValueSpecification\",\"valueRequired\":true,\"valueName\":\"search_term_string\"}}],\"inLanguage\":\"hr\"},{\"@type\":\"Organization\",\"@id\":\"https:\\\/\\\/radioljubuski.ba\\\/#organization\",\"name\":\"Radio Ljubu\u0161ki\",\"url\":\"https:\\\/\\\/radioljubuski.ba\\\/\",\"logo\":{\"@type\":\"ImageObject\",\"inLanguage\":\"hr\",\"@id\":\"https:\\\/\\\/radioljubuski.ba\\\/#\\\/schema\\\/logo\\\/image\\\/\",\"url\":\"https:\\\/\\\/radioljubuski.ba\\\/wp-content\\\/uploads\\\/2021\\\/02\\\/cropped-Radio_Ljubuski_logo1.jpg\",\"contentUrl\":\"https:\\\/\\\/radioljubuski.ba\\\/wp-content\\\/uploads\\\/2021\\\/02\\\/cropped-Radio_Ljubuski_logo1.jpg\",\"width\":512,\"height\":512,\"caption\":\"Radio Ljubu\u0161ki\"},\"image\":{\"@id\":\"https:\\\/\\\/radioljubuski.ba\\\/#\\\/schema\\\/logo\\\/image\\\/\"},\"sameAs\":[\"https:\\\/\\\/www.facebook.com\\\/Radiio-Ljubuski-1490835324566332\",\"https:\\\/\\\/x.com\\\/radioljubuski\",\"https:\\\/\\\/hr.linkedin.com\\\/company\\\/radio-ljubuski\",\"https:\\\/\\\/www.youtube.com\\\/channel\\\/UCHYaeO_n0Db3tjNGudGpXyw\"]},{\"@type\":\"Person\",\"@id\":\"https:\\\/\\\/radioljubuski.ba\\\/#\\\/schema\\\/person\\\/19fc700381a780f69665d7956c469e3b\",\"name\":\"Radio Ljubu\u0161ki\"}]}<\/script>\n<!-- \/ Yoast SEO plugin. -->","yoast_head_json":{"title":"\u010cetvorostruka evropska prvakinja (24) poginula u stravi\u010dnoj prometnoj nesre\u0107i - RADIO LJUBU\u0160KI","robots":{"index":"index","follow":"follow","max-snippet":"max-snippet:-1","max-image-preview":"max-image-preview:large","max-video-preview":"max-video-preview:-1"},"canonical":"https:\/\/radioljubuski.ba\/index.php\/2022\/08\/02\/cetvorostruka-evropska-prvakinja-24-poginula-u-stravicnoj-prometnoj-nesreci\/","og_locale":"hr_HR","og_type":"article","og_title":"\u010cetvorostruka evropska prvakinja (24) poginula u stravi\u010dnoj prometnoj nesre\u0107i - RADIO LJUBU\u0160KI","og_description":"Ruskinja Jevgenija Stepanova (24) \u010detvorostruka evropska prvakinja u kung-fu vu\u0161uu poginula je u stravi\u010dnoj prometnoj nesre\u0107i, objavili su tamo\u0161nji mediji. Prema navodima ruskih medija, Stepanova je s prijateljicom i njenim mu\u017eem krenula na trening. Iz neutvr\u0111enih razloga, automobil koji je vozio mu\u017e njene prijateljice pre\u0161ao je u suprotnu traku i direktno se sudario s autobusom. [&hellip;]","og_url":"https:\/\/radioljubuski.ba\/index.php\/2022\/08\/02\/cetvorostruka-evropska-prvakinja-24-poginula-u-stravicnoj-prometnoj-nesreci\/","og_site_name":"RADIO LJUBU\u0160KI","article_publisher":"https:\/\/www.facebook.com\/Radiio-Ljubuski-1490835324566332","article_published_time":"2022-08-02T06:40:35+00:00","article_modified_time":"2022-08-02T06:40:36+00:00","og_image":[{"width":275,"height":183,"url":"https:\/\/radioljubuski.ba\/wp-content\/uploads\/2022\/08\/jevgenija-1.jpg","type":"image\/jpeg"}],"author":"Radio Ljubu\u0161ki","twitter_card":"summary_large_image","twitter_creator":"@radioljubuski","twitter_site":"@radioljubuski","twitter_misc":{"Napisao\/la":"Radio Ljubu\u0161ki","Procijenjeno vrijeme \u010ditanja":"1 minuta"},"schema":{"@context":"https:\/\/schema.org","@graph":[{"@type":"Article","@id":"https:\/\/radioljubuski.ba\/index.php\/2022\/08\/02\/cetvorostruka-evropska-prvakinja-24-poginula-u-stravicnoj-prometnoj-nesreci\/#article","isPartOf":{"@id":"https:\/\/radioljubuski.ba\/index.php\/2022\/08\/02\/cetvorostruka-evropska-prvakinja-24-poginula-u-stravicnoj-prometnoj-nesreci\/"},"author":{"name":"Radio Ljubu\u0161ki","@id":"https:\/\/radioljubuski.ba\/#\/schema\/person\/19fc700381a780f69665d7956c469e3b"},"headline":"\u010cetvorostruka evropska prvakinja (24) poginula u stravi\u010dnoj prometnoj nesre\u0107i","datePublished":"2022-08-02T06:40:35+00:00","dateModified":"2022-08-02T06:40:36+00:00","mainEntityOfPage":{"@id":"https:\/\/radioljubuski.ba\/index.php\/2022\/08\/02\/cetvorostruka-evropska-prvakinja-24-poginula-u-stravicnoj-prometnoj-nesreci\/"},"wordCount":250,"publisher":{"@id":"https:\/\/radioljubuski.ba\/#organization"},"image":{"@id":"https:\/\/radioljubuski.ba\/index.php\/2022\/08\/02\/cetvorostruka-evropska-prvakinja-24-poginula-u-stravicnoj-prometnoj-nesreci\/#primaryimage"},"thumbnailUrl":"https:\/\/radioljubuski.ba\/wp-content\/uploads\/2022\/08\/jevgenija-1.jpg","articleSection":["\u0160port"],"inLanguage":"hr"},{"@type":"WebPage","@id":"https:\/\/radioljubuski.ba\/index.php\/2022\/08\/02\/cetvorostruka-evropska-prvakinja-24-poginula-u-stravicnoj-prometnoj-nesreci\/","url":"https:\/\/radioljubuski.ba\/index.php\/2022\/08\/02\/cetvorostruka-evropska-prvakinja-24-poginula-u-stravicnoj-prometnoj-nesreci\/","name":"\u010cetvorostruka evropska prvakinja (24) poginula u stravi\u010dnoj prometnoj nesre\u0107i - RADIO LJUBU\u0160KI","isPartOf":{"@id":"https:\/\/radioljubuski.ba\/#website"},"primaryImageOfPage":{"@id":"https:\/\/radioljubuski.ba\/index.php\/2022\/08\/02\/cetvorostruka-evropska-prvakinja-24-poginula-u-stravicnoj-prometnoj-nesreci\/#primaryimage"},"image":{"@id":"https:\/\/radioljubuski.ba\/index.php\/2022\/08\/02\/cetvorostruka-evropska-prvakinja-24-poginula-u-stravicnoj-prometnoj-nesreci\/#primaryimage"},"thumbnailUrl":"https:\/\/radioljubuski.ba\/wp-content\/uploads\/2022\/08\/jevgenija-1.jpg","datePublished":"2022-08-02T06:40:35+00:00","dateModified":"2022-08-02T06:40:36+00:00","breadcrumb":{"@id":"https:\/\/radioljubuski.ba\/index.php\/2022\/08\/02\/cetvorostruka-evropska-prvakinja-24-poginula-u-stravicnoj-prometnoj-nesreci\/#breadcrumb"},"inLanguage":"hr","potentialAction":[{"@type":"ReadAction","target":["https:\/\/radioljubuski.ba\/index.php\/2022\/08\/02\/cetvorostruka-evropska-prvakinja-24-poginula-u-stravicnoj-prometnoj-nesreci\/"]}]},{"@type":"ImageObject","inLanguage":"hr","@id":"https:\/\/radioljubuski.ba\/index.php\/2022\/08\/02\/cetvorostruka-evropska-prvakinja-24-poginula-u-stravicnoj-prometnoj-nesreci\/#primaryimage","url":"https:\/\/radioljubuski.ba\/wp-content\/uploads\/2022\/08\/jevgenija-1.jpg","contentUrl":"https:\/\/radioljubuski.ba\/wp-content\/uploads\/2022\/08\/jevgenija-1.jpg","width":275,"height":183},{"@type":"BreadcrumbList","@id":"https:\/\/radioljubuski.ba\/index.php\/2022\/08\/02\/cetvorostruka-evropska-prvakinja-24-poginula-u-stravicnoj-prometnoj-nesreci\/#breadcrumb","itemListElement":[{"@type":"ListItem","position":1,"name":"Po\u010detna stranica","item":"https:\/\/radioljubuski.ba\/"},{"@type":"ListItem","position":2,"name":"\u010cetvorostruka evropska prvakinja (24) poginula u stravi\u010dnoj prometnoj nesre\u0107i"}]},{"@type":"WebSite","@id":"https:\/\/radioljubuski.ba\/#website","url":"https:\/\/radioljubuski.ba\/","name":"Radio Ljubu\u0161ki","description":"Sun\u010dana frekvencija Hercegovine","publisher":{"@id":"https:\/\/radioljubuski.ba\/#organization"},"potentialAction":[{"@type":"SearchAction","target":{"@type":"EntryPoint","urlTemplate":"https:\/\/radioljubuski.ba\/?s={search_term_string}"},"query-input":{"@type":"PropertyValueSpecification","valueRequired":true,"valueName":"search_term_string"}}],"inLanguage":"hr"},{"@type":"Organization","@id":"https:\/\/radioljubuski.ba\/#organization","name":"Radio Ljubu\u0161ki","url":"https:\/\/radioljubuski.ba\/","logo":{"@type":"ImageObject","inLanguage":"hr","@id":"https:\/\/radioljubuski.ba\/#\/schema\/logo\/image\/","url":"https:\/\/radioljubuski.ba\/wp-content\/uploads\/2021\/02\/cropped-Radio_Ljubuski_logo1.jpg","contentUrl":"https:\/\/radioljubuski.ba\/wp-content\/uploads\/2021\/02\/cropped-Radio_Ljubuski_logo1.jpg","width":512,"height":512,"caption":"Radio Ljubu\u0161ki"},"image":{"@id":"https:\/\/radioljubuski.ba\/#\/schema\/logo\/image\/"},"sameAs":["https:\/\/www.facebook.com\/Radiio-Ljubuski-1490835324566332","https:\/\/x.com\/radioljubuski","https:\/\/hr.linkedin.com\/company\/radio-ljubuski","https:\/\/www.youtube.com\/channel\/UCHYaeO_n0Db3tjNGudGpXyw"]},{"@type":"Person","@id":"https:\/\/radioljubuski.ba\/#\/schema\/person\/19fc700381a780f69665d7956c469e3b","name":"Radio Ljubu\u0161ki"}]}},"_links":{"self":[{"href":"https:\/\/radioljubuski.ba\/index.php\/wp-json\/wp\/v2\/posts\/165630","targetHints":{"allow":["GET"]}}],"collection":[{"href":"https:\/\/radioljubuski.ba\/index.php\/wp-json\/wp\/v2\/posts"}],"about":[{"href":"https:\/\/radioljubuski.ba\/index.php\/wp-json\/wp\/v2\/types\/post"}],"author":[{"embeddable":true,"href":"https:\/\/radioljubuski.ba\/index.php\/wp-json\/wp\/v2\/users\/2"}],"replies":[{"embeddable":true,"href":"https:\/\/radioljubuski.ba\/index.php\/wp-json\/wp\/v2\/comments?post=165630"}],"version-history":[{"count":1,"href":"https:\/\/radioljubuski.ba\/index.php\/wp-json\/wp\/v2\/posts\/165630\/revisions"}],"predecessor-version":[{"id":165634,"href":"https:\/\/radioljubuski.ba\/index.php\/wp-json\/wp\/v2\/posts\/165630\/revisions\/165634"}],"wp:featuredmedia":[{"embeddable":true,"href":"https:\/\/radioljubuski.ba\/index.php\/wp-json\/wp\/v2\/media\/165633"}],"wp:attachment":[{"href":"https:\/\/radioljubuski.ba\/index.php\/wp-json\/wp\/v2\/media?parent=165630"}],"wp:term":[{"taxonomy":"category","embeddable":true,"href":"https:\/\/radioljubuski.ba\/index.php\/wp-json\/wp\/v2\/categories?post=165630"},{"taxonomy":"post_tag","embeddable":true,"href":"https:\/\/radioljubuski.ba\/index.php\/wp-json\/wp\/v2\/tags?post=165630"}],"curies":[{"name":"wp","href":"https:\/\/api.w.org\/{rel}","templated":true}]}}