{"id":165741,"date":"2022-08-02T10:36:22","date_gmt":"2022-08-02T09:36:22","guid":{"rendered":"https:\/\/radioljubuski.ba\/?p=165741"},"modified":"2022-08-02T10:36:23","modified_gmt":"2022-08-02T09:36:23","slug":"dodik-zalosno-je-sto-izetbegovic-spominje-rat-kao-opciju","status":"publish","type":"post","link":"https:\/\/radioljubuski.ba\/index.php\/2022\/08\/02\/dodik-zalosno-je-sto-izetbegovic-spominje-rat-kao-opciju\/","title":{"rendered":"Dodik: \u017dalosno je \u0161to Izetbegovi\u0107 spominje rat kao opciju"},"content":{"rendered":"\n<p>Srpski \u010dlan Predsjedni\u0161tva BiH Milorad Dodik izjavio je Srni da je Alija Izetbegovi\u0107 \u017ertvovao mir za muslimansku dr\u017eavu koju nije dobio.<\/p>\n\n\n\n<p>Dodik je istaknuo kako je \u017ealosno da Bakir Izetbegovi\u0107 nakon svega \u0161to su pro\u0161li narodi u BiH svom narodu spominje rat kao opciju.<\/p>\n\n\n\n<p>&#8220;Nitko nije zaslu\u017eio takav teror od svojih politi\u010dkih predstavnika, pa ni muslimani u BiH&#8221;, rekao je Dodik.<\/p>\n\n\n\n<p>Podsjetimo, Bakir Izetbegovi\u0107, predsjednik SDA-a, govore\u0107i o aktuelnoj politi\u010dkoj situaciji, poru\u010dio je sino\u0107 da Rusija i Srbija ho\u0107e mir, imali bi ga danas.<\/p>\n\n\n\n<p>&#8220;Da Rusija i Srbija ho\u0107e mir, imali bi ga sutradan. Rusija razara Ukrajinu. Srbija razara na Balkanu. Nema gdje nije napravila problem u zadnjih 30 godina. Znamo \u0161to je bilo u Bosni i Hercegovini i umjesto da spuste loptu, umjesto da plate od\u0161tetu i umjesto da se pona\u0161aju na civiliziran na\u010din, oni su ponovo izvor problema. Da ho\u0107e mir i sebi i nama, imali bi ga ve\u0107 danas&#8221;, rekao je Izetbegovi\u0107.<\/p>\n\n\n\n<p>Izvor:pogled.ba<\/p>\n","protected":false},"excerpt":{"rendered":"<p>Srpski \u010dlan Predsjedni\u0161tva BiH Milorad Dodik izjavio je Srni da je Alija Izetbegovi\u0107 \u017ertvovao mir za muslimansku dr\u017eavu koju nije dobio. Dodik je istaknuo kako je \u017ealosno da Bakir Izetbegovi\u0107 nakon svega \u0161to su pro\u0161li narodi u BiH svom narodu spominje rat kao opciju. &#8220;Nitko nije zaslu\u017eio takav teror od svojih politi\u010dkih predstavnika, pa ni [&hellip;]<\/p>\n","protected":false},"author":2,"featured_media":2357,"comment_status":"closed","ping_status":"closed","sticky":false,"template":"","format":"standard","meta":{"h5ap_radio_sources":[],"footnotes":""},"categories":[1],"tags":[],"class_list":["post-165741","post","type-post","status-publish","format-standard","has-post-thumbnail","hentry","category-bihiregija"],"yoast_head":"<!-- This site is optimized with the Yoast SEO plugin v27.4 - https:\/\/yoast.com\/product\/yoast-seo-wordpress\/ -->\n<title>Dodik: \u017dalosno je \u0161to Izetbegovi\u0107 spominje rat kao opciju - RADIO LJUBU\u0160KI<\/title>\n<meta name=\"robots\" content=\"index, follow, max-snippet:-1, max-image-preview:large, max-video-preview:-1\" \/>\n<link rel=\"canonical\" href=\"https:\/\/radioljubuski.ba\/index.php\/2022\/08\/02\/dodik-zalosno-je-sto-izetbegovic-spominje-rat-kao-opciju\/\" \/>\n<meta property=\"og:locale\" content=\"hr_HR\" \/>\n<meta property=\"og:type\" content=\"article\" \/>\n<meta property=\"og:title\" content=\"Dodik: \u017dalosno je \u0161to Izetbegovi\u0107 spominje rat kao opciju - RADIO LJUBU\u0160KI\" \/>\n<meta property=\"og:description\" content=\"Srpski \u010dlan Predsjedni\u0161tva BiH Milorad Dodik izjavio je Srni da je Alija Izetbegovi\u0107 \u017ertvovao mir za muslimansku dr\u017eavu koju nije dobio. Dodik je istaknuo kako je \u017ealosno da Bakir Izetbegovi\u0107 nakon svega \u0161to su pro\u0161li narodi u BiH svom narodu spominje rat kao opciju. &#8220;Nitko nije zaslu\u017eio takav teror od svojih politi\u010dkih predstavnika, pa ni [&hellip;]\" \/>\n<meta property=\"og:url\" content=\"https:\/\/radioljubuski.ba\/index.php\/2022\/08\/02\/dodik-zalosno-je-sto-izetbegovic-spominje-rat-kao-opciju\/\" \/>\n<meta property=\"og:site_name\" content=\"RADIO LJUBU\u0160KI\" \/>\n<meta property=\"article:publisher\" content=\"https:\/\/www.facebook.com\/Radiio-Ljubuski-1490835324566332\" \/>\n<meta property=\"article:published_time\" content=\"2022-08-02T09:36:22+00:00\" \/>\n<meta property=\"article:modified_time\" content=\"2022-08-02T09:36:23+00:00\" \/>\n<meta property=\"og:image\" content=\"https:\/\/radioljubuski.ba\/wp-content\/uploads\/2021\/03\/milorad_dodik_0220_03_0.jpg\" \/>\n\t<meta property=\"og:image:width\" content=\"840\" \/>\n\t<meta property=\"og:image:height\" content=\"470\" \/>\n\t<meta property=\"og:image:type\" content=\"image\/jpeg\" \/>\n<meta name=\"author\" content=\"Radio Ljubu\u0161ki\" \/>\n<meta name=\"twitter:card\" content=\"summary_large_image\" \/>\n<meta name=\"twitter:creator\" content=\"@radioljubuski\" \/>\n<meta name=\"twitter:site\" content=\"@radioljubuski\" \/>\n<meta name=\"twitter:label1\" content=\"Napisao\/la\" \/>\n\t<meta name=\"twitter:data1\" content=\"Radio Ljubu\u0161ki\" \/>\n\t<meta name=\"twitter:label2\" content=\"Procijenjeno vrijeme \u010ditanja\" \/>\n\t<meta name=\"twitter:data2\" content=\"1 minuta\" \/>\n<script type=\"application\/ld+json\" class=\"yoast-schema-graph\">{\"@context\":\"https:\\\/\\\/schema.org\",\"@graph\":[{\"@type\":\"Article\",\"@id\":\"https:\\\/\\\/radioljubuski.ba\\\/index.php\\\/2022\\\/08\\\/02\\\/dodik-zalosno-je-sto-izetbegovic-spominje-rat-kao-opciju\\\/#article\",\"isPartOf\":{\"@id\":\"https:\\\/\\\/radioljubuski.ba\\\/index.php\\\/2022\\\/08\\\/02\\\/dodik-zalosno-je-sto-izetbegovic-spominje-rat-kao-opciju\\\/\"},\"author\":{\"name\":\"Radio Ljubu\u0161ki\",\"@id\":\"https:\\\/\\\/radioljubuski.ba\\\/#\\\/schema\\\/person\\\/19fc700381a780f69665d7956c469e3b\"},\"headline\":\"Dodik: \u017dalosno je \u0161to Izetbegovi\u0107 spominje rat kao opciju\",\"datePublished\":\"2022-08-02T09:36:22+00:00\",\"dateModified\":\"2022-08-02T09:36:23+00:00\",\"mainEntityOfPage\":{\"@id\":\"https:\\\/\\\/radioljubuski.ba\\\/index.php\\\/2022\\\/08\\\/02\\\/dodik-zalosno-je-sto-izetbegovic-spominje-rat-kao-opciju\\\/\"},\"wordCount\":180,\"publisher\":{\"@id\":\"https:\\\/\\\/radioljubuski.ba\\\/#organization\"},\"image\":{\"@id\":\"https:\\\/\\\/radioljubuski.ba\\\/index.php\\\/2022\\\/08\\\/02\\\/dodik-zalosno-je-sto-izetbegovic-spominje-rat-kao-opciju\\\/#primaryimage\"},\"thumbnailUrl\":\"https:\\\/\\\/radioljubuski.ba\\\/wp-content\\\/uploads\\\/2021\\\/03\\\/milorad_dodik_0220_03_0.jpg\",\"articleSection\":[\"BIH i regija\"],\"inLanguage\":\"hr\"},{\"@type\":\"WebPage\",\"@id\":\"https:\\\/\\\/radioljubuski.ba\\\/index.php\\\/2022\\\/08\\\/02\\\/dodik-zalosno-je-sto-izetbegovic-spominje-rat-kao-opciju\\\/\",\"url\":\"https:\\\/\\\/radioljubuski.ba\\\/index.php\\\/2022\\\/08\\\/02\\\/dodik-zalosno-je-sto-izetbegovic-spominje-rat-kao-opciju\\\/\",\"name\":\"Dodik: \u017dalosno je \u0161to Izetbegovi\u0107 spominje rat kao opciju - RADIO LJUBU\u0160KI\",\"isPartOf\":{\"@id\":\"https:\\\/\\\/radioljubuski.ba\\\/#website\"},\"primaryImageOfPage\":{\"@id\":\"https:\\\/\\\/radioljubuski.ba\\\/index.php\\\/2022\\\/08\\\/02\\\/dodik-zalosno-je-sto-izetbegovic-spominje-rat-kao-opciju\\\/#primaryimage\"},\"image\":{\"@id\":\"https:\\\/\\\/radioljubuski.ba\\\/index.php\\\/2022\\\/08\\\/02\\\/dodik-zalosno-je-sto-izetbegovic-spominje-rat-kao-opciju\\\/#primaryimage\"},\"thumbnailUrl\":\"https:\\\/\\\/radioljubuski.ba\\\/wp-content\\\/uploads\\\/2021\\\/03\\\/milorad_dodik_0220_03_0.jpg\",\"datePublished\":\"2022-08-02T09:36:22+00:00\",\"dateModified\":\"2022-08-02T09:36:23+00:00\",\"breadcrumb\":{\"@id\":\"https:\\\/\\\/radioljubuski.ba\\\/index.php\\\/2022\\\/08\\\/02\\\/dodik-zalosno-je-sto-izetbegovic-spominje-rat-kao-opciju\\\/#breadcrumb\"},\"inLanguage\":\"hr\",\"potentialAction\":[{\"@type\":\"ReadAction\",\"target\":[\"https:\\\/\\\/radioljubuski.ba\\\/index.php\\\/2022\\\/08\\\/02\\\/dodik-zalosno-je-sto-izetbegovic-spominje-rat-kao-opciju\\\/\"]}]},{\"@type\":\"ImageObject\",\"inLanguage\":\"hr\",\"@id\":\"https:\\\/\\\/radioljubuski.ba\\\/index.php\\\/2022\\\/08\\\/02\\\/dodik-zalosno-je-sto-izetbegovic-spominje-rat-kao-opciju\\\/#primaryimage\",\"url\":\"https:\\\/\\\/radioljubuski.ba\\\/wp-content\\\/uploads\\\/2021\\\/03\\\/milorad_dodik_0220_03_0.jpg\",\"contentUrl\":\"https:\\\/\\\/radioljubuski.ba\\\/wp-content\\\/uploads\\\/2021\\\/03\\\/milorad_dodik_0220_03_0.jpg\",\"width\":840,\"height\":470},{\"@type\":\"BreadcrumbList\",\"@id\":\"https:\\\/\\\/radioljubuski.ba\\\/index.php\\\/2022\\\/08\\\/02\\\/dodik-zalosno-je-sto-izetbegovic-spominje-rat-kao-opciju\\\/#breadcrumb\",\"itemListElement\":[{\"@type\":\"ListItem\",\"position\":1,\"name\":\"Po\u010detna stranica\",\"item\":\"https:\\\/\\\/radioljubuski.ba\\\/\"},{\"@type\":\"ListItem\",\"position\":2,\"name\":\"Dodik: \u017dalosno je \u0161to Izetbegovi\u0107 spominje rat kao opciju\"}]},{\"@type\":\"WebSite\",\"@id\":\"https:\\\/\\\/radioljubuski.ba\\\/#website\",\"url\":\"https:\\\/\\\/radioljubuski.ba\\\/\",\"name\":\"Radio Ljubu\u0161ki\",\"description\":\"Sun\u010dana frekvencija Hercegovine\",\"publisher\":{\"@id\":\"https:\\\/\\\/radioljubuski.ba\\\/#organization\"},\"potentialAction\":[{\"@type\":\"SearchAction\",\"target\":{\"@type\":\"EntryPoint\",\"urlTemplate\":\"https:\\\/\\\/radioljubuski.ba\\\/?s={search_term_string}\"},\"query-input\":{\"@type\":\"PropertyValueSpecification\",\"valueRequired\":true,\"valueName\":\"search_term_string\"}}],\"inLanguage\":\"hr\"},{\"@type\":\"Organization\",\"@id\":\"https:\\\/\\\/radioljubuski.ba\\\/#organization\",\"name\":\"Radio Ljubu\u0161ki\",\"url\":\"https:\\\/\\\/radioljubuski.ba\\\/\",\"logo\":{\"@type\":\"ImageObject\",\"inLanguage\":\"hr\",\"@id\":\"https:\\\/\\\/radioljubuski.ba\\\/#\\\/schema\\\/logo\\\/image\\\/\",\"url\":\"https:\\\/\\\/radioljubuski.ba\\\/wp-content\\\/uploads\\\/2021\\\/02\\\/cropped-Radio_Ljubuski_logo1.jpg\",\"contentUrl\":\"https:\\\/\\\/radioljubuski.ba\\\/wp-content\\\/uploads\\\/2021\\\/02\\\/cropped-Radio_Ljubuski_logo1.jpg\",\"width\":512,\"height\":512,\"caption\":\"Radio Ljubu\u0161ki\"},\"image\":{\"@id\":\"https:\\\/\\\/radioljubuski.ba\\\/#\\\/schema\\\/logo\\\/image\\\/\"},\"sameAs\":[\"https:\\\/\\\/www.facebook.com\\\/Radiio-Ljubuski-1490835324566332\",\"https:\\\/\\\/x.com\\\/radioljubuski\",\"https:\\\/\\\/hr.linkedin.com\\\/company\\\/radio-ljubuski\",\"https:\\\/\\\/www.youtube.com\\\/channel\\\/UCHYaeO_n0Db3tjNGudGpXyw\"]},{\"@type\":\"Person\",\"@id\":\"https:\\\/\\\/radioljubuski.ba\\\/#\\\/schema\\\/person\\\/19fc700381a780f69665d7956c469e3b\",\"name\":\"Radio Ljubu\u0161ki\"}]}<\/script>\n<!-- \/ Yoast SEO plugin. -->","yoast_head_json":{"title":"Dodik: \u017dalosno je \u0161to Izetbegovi\u0107 spominje rat kao opciju - RADIO LJUBU\u0160KI","robots":{"index":"index","follow":"follow","max-snippet":"max-snippet:-1","max-image-preview":"max-image-preview:large","max-video-preview":"max-video-preview:-1"},"canonical":"https:\/\/radioljubuski.ba\/index.php\/2022\/08\/02\/dodik-zalosno-je-sto-izetbegovic-spominje-rat-kao-opciju\/","og_locale":"hr_HR","og_type":"article","og_title":"Dodik: \u017dalosno je \u0161to Izetbegovi\u0107 spominje rat kao opciju - RADIO LJUBU\u0160KI","og_description":"Srpski \u010dlan Predsjedni\u0161tva BiH Milorad Dodik izjavio je Srni da je Alija Izetbegovi\u0107 \u017ertvovao mir za muslimansku dr\u017eavu koju nije dobio. Dodik je istaknuo kako je \u017ealosno da Bakir Izetbegovi\u0107 nakon svega \u0161to su pro\u0161li narodi u BiH svom narodu spominje rat kao opciju. &#8220;Nitko nije zaslu\u017eio takav teror od svojih politi\u010dkih predstavnika, pa ni [&hellip;]","og_url":"https:\/\/radioljubuski.ba\/index.php\/2022\/08\/02\/dodik-zalosno-je-sto-izetbegovic-spominje-rat-kao-opciju\/","og_site_name":"RADIO LJUBU\u0160KI","article_publisher":"https:\/\/www.facebook.com\/Radiio-Ljubuski-1490835324566332","article_published_time":"2022-08-02T09:36:22+00:00","article_modified_time":"2022-08-02T09:36:23+00:00","og_image":[{"width":840,"height":470,"url":"https:\/\/radioljubuski.ba\/wp-content\/uploads\/2021\/03\/milorad_dodik_0220_03_0.jpg","type":"image\/jpeg"}],"author":"Radio Ljubu\u0161ki","twitter_card":"summary_large_image","twitter_creator":"@radioljubuski","twitter_site":"@radioljubuski","twitter_misc":{"Napisao\/la":"Radio Ljubu\u0161ki","Procijenjeno vrijeme \u010ditanja":"1 minuta"},"schema":{"@context":"https:\/\/schema.org","@graph":[{"@type":"Article","@id":"https:\/\/radioljubuski.ba\/index.php\/2022\/08\/02\/dodik-zalosno-je-sto-izetbegovic-spominje-rat-kao-opciju\/#article","isPartOf":{"@id":"https:\/\/radioljubuski.ba\/index.php\/2022\/08\/02\/dodik-zalosno-je-sto-izetbegovic-spominje-rat-kao-opciju\/"},"author":{"name":"Radio Ljubu\u0161ki","@id":"https:\/\/radioljubuski.ba\/#\/schema\/person\/19fc700381a780f69665d7956c469e3b"},"headline":"Dodik: \u017dalosno je \u0161to Izetbegovi\u0107 spominje rat kao opciju","datePublished":"2022-08-02T09:36:22+00:00","dateModified":"2022-08-02T09:36:23+00:00","mainEntityOfPage":{"@id":"https:\/\/radioljubuski.ba\/index.php\/2022\/08\/02\/dodik-zalosno-je-sto-izetbegovic-spominje-rat-kao-opciju\/"},"wordCount":180,"publisher":{"@id":"https:\/\/radioljubuski.ba\/#organization"},"image":{"@id":"https:\/\/radioljubuski.ba\/index.php\/2022\/08\/02\/dodik-zalosno-je-sto-izetbegovic-spominje-rat-kao-opciju\/#primaryimage"},"thumbnailUrl":"https:\/\/radioljubuski.ba\/wp-content\/uploads\/2021\/03\/milorad_dodik_0220_03_0.jpg","articleSection":["BIH i regija"],"inLanguage":"hr"},{"@type":"WebPage","@id":"https:\/\/radioljubuski.ba\/index.php\/2022\/08\/02\/dodik-zalosno-je-sto-izetbegovic-spominje-rat-kao-opciju\/","url":"https:\/\/radioljubuski.ba\/index.php\/2022\/08\/02\/dodik-zalosno-je-sto-izetbegovic-spominje-rat-kao-opciju\/","name":"Dodik: \u017dalosno je \u0161to Izetbegovi\u0107 spominje rat kao opciju - RADIO LJUBU\u0160KI","isPartOf":{"@id":"https:\/\/radioljubuski.ba\/#website"},"primaryImageOfPage":{"@id":"https:\/\/radioljubuski.ba\/index.php\/2022\/08\/02\/dodik-zalosno-je-sto-izetbegovic-spominje-rat-kao-opciju\/#primaryimage"},"image":{"@id":"https:\/\/radioljubuski.ba\/index.php\/2022\/08\/02\/dodik-zalosno-je-sto-izetbegovic-spominje-rat-kao-opciju\/#primaryimage"},"thumbnailUrl":"https:\/\/radioljubuski.ba\/wp-content\/uploads\/2021\/03\/milorad_dodik_0220_03_0.jpg","datePublished":"2022-08-02T09:36:22+00:00","dateModified":"2022-08-02T09:36:23+00:00","breadcrumb":{"@id":"https:\/\/radioljubuski.ba\/index.php\/2022\/08\/02\/dodik-zalosno-je-sto-izetbegovic-spominje-rat-kao-opciju\/#breadcrumb"},"inLanguage":"hr","potentialAction":[{"@type":"ReadAction","target":["https:\/\/radioljubuski.ba\/index.php\/2022\/08\/02\/dodik-zalosno-je-sto-izetbegovic-spominje-rat-kao-opciju\/"]}]},{"@type":"ImageObject","inLanguage":"hr","@id":"https:\/\/radioljubuski.ba\/index.php\/2022\/08\/02\/dodik-zalosno-je-sto-izetbegovic-spominje-rat-kao-opciju\/#primaryimage","url":"https:\/\/radioljubuski.ba\/wp-content\/uploads\/2021\/03\/milorad_dodik_0220_03_0.jpg","contentUrl":"https:\/\/radioljubuski.ba\/wp-content\/uploads\/2021\/03\/milorad_dodik_0220_03_0.jpg","width":840,"height":470},{"@type":"BreadcrumbList","@id":"https:\/\/radioljubuski.ba\/index.php\/2022\/08\/02\/dodik-zalosno-je-sto-izetbegovic-spominje-rat-kao-opciju\/#breadcrumb","itemListElement":[{"@type":"ListItem","position":1,"name":"Po\u010detna stranica","item":"https:\/\/radioljubuski.ba\/"},{"@type":"ListItem","position":2,"name":"Dodik: \u017dalosno je \u0161to Izetbegovi\u0107 spominje rat kao opciju"}]},{"@type":"WebSite","@id":"https:\/\/radioljubuski.ba\/#website","url":"https:\/\/radioljubuski.ba\/","name":"Radio Ljubu\u0161ki","description":"Sun\u010dana frekvencija Hercegovine","publisher":{"@id":"https:\/\/radioljubuski.ba\/#organization"},"potentialAction":[{"@type":"SearchAction","target":{"@type":"EntryPoint","urlTemplate":"https:\/\/radioljubuski.ba\/?s={search_term_string}"},"query-input":{"@type":"PropertyValueSpecification","valueRequired":true,"valueName":"search_term_string"}}],"inLanguage":"hr"},{"@type":"Organization","@id":"https:\/\/radioljubuski.ba\/#organization","name":"Radio Ljubu\u0161ki","url":"https:\/\/radioljubuski.ba\/","logo":{"@type":"ImageObject","inLanguage":"hr","@id":"https:\/\/radioljubuski.ba\/#\/schema\/logo\/image\/","url":"https:\/\/radioljubuski.ba\/wp-content\/uploads\/2021\/02\/cropped-Radio_Ljubuski_logo1.jpg","contentUrl":"https:\/\/radioljubuski.ba\/wp-content\/uploads\/2021\/02\/cropped-Radio_Ljubuski_logo1.jpg","width":512,"height":512,"caption":"Radio Ljubu\u0161ki"},"image":{"@id":"https:\/\/radioljubuski.ba\/#\/schema\/logo\/image\/"},"sameAs":["https:\/\/www.facebook.com\/Radiio-Ljubuski-1490835324566332","https:\/\/x.com\/radioljubuski","https:\/\/hr.linkedin.com\/company\/radio-ljubuski","https:\/\/www.youtube.com\/channel\/UCHYaeO_n0Db3tjNGudGpXyw"]},{"@type":"Person","@id":"https:\/\/radioljubuski.ba\/#\/schema\/person\/19fc700381a780f69665d7956c469e3b","name":"Radio Ljubu\u0161ki"}]}},"_links":{"self":[{"href":"https:\/\/radioljubuski.ba\/index.php\/wp-json\/wp\/v2\/posts\/165741","targetHints":{"allow":["GET"]}}],"collection":[{"href":"https:\/\/radioljubuski.ba\/index.php\/wp-json\/wp\/v2\/posts"}],"about":[{"href":"https:\/\/radioljubuski.ba\/index.php\/wp-json\/wp\/v2\/types\/post"}],"author":[{"embeddable":true,"href":"https:\/\/radioljubuski.ba\/index.php\/wp-json\/wp\/v2\/users\/2"}],"replies":[{"embeddable":true,"href":"https:\/\/radioljubuski.ba\/index.php\/wp-json\/wp\/v2\/comments?post=165741"}],"version-history":[{"count":1,"href":"https:\/\/radioljubuski.ba\/index.php\/wp-json\/wp\/v2\/posts\/165741\/revisions"}],"predecessor-version":[{"id":165742,"href":"https:\/\/radioljubuski.ba\/index.php\/wp-json\/wp\/v2\/posts\/165741\/revisions\/165742"}],"wp:featuredmedia":[{"embeddable":true,"href":"https:\/\/radioljubuski.ba\/index.php\/wp-json\/wp\/v2\/media\/2357"}],"wp:attachment":[{"href":"https:\/\/radioljubuski.ba\/index.php\/wp-json\/wp\/v2\/media?parent=165741"}],"wp:term":[{"taxonomy":"category","embeddable":true,"href":"https:\/\/radioljubuski.ba\/index.php\/wp-json\/wp\/v2\/categories?post=165741"},{"taxonomy":"post_tag","embeddable":true,"href":"https:\/\/radioljubuski.ba\/index.php\/wp-json\/wp\/v2\/tags?post=165741"}],"curies":[{"name":"wp","href":"https:\/\/api.w.org\/{rel}","templated":true}]}}