{"id":165748,"date":"2022-08-02T10:38:29","date_gmt":"2022-08-02T09:38:29","guid":{"rendered":"https:\/\/radioljubuski.ba\/?p=165748"},"modified":"2022-08-02T10:38:30","modified_gmt":"2022-08-02T09:38:30","slug":"sad-rusija-koristi-nuklearni-stit-u-ukrajini-i-riskira-nuklearnu-nesrecu","status":"publish","type":"post","link":"https:\/\/radioljubuski.ba\/index.php\/2022\/08\/02\/sad-rusija-koristi-nuklearni-stit-u-ukrajini-i-riskira-nuklearnu-nesrecu\/","title":{"rendered":"SAD: Rusija koristi &#8216;nuklearni \u0161tit&#8217; u Ukrajini i riskira nuklearnu nesre\u0107u"},"content":{"rendered":"\n<p>Sjedinjene Ameri\u010dke Dr\u017eave optu\u017eile su Rusiju da koristi najve\u0107u ukrajinsku nuklearnu elektranu kao nuklearni \u0161tit stacioniranjem postrojbi i sprje\u010davanjem ukrajinskim snagama da uzvrate, riskiraju\u0107i tako stra\u0161nu nuklearnu nesre\u0107u.<\/p>\n\n\n\n<p>Dr\u017eavni tajnik Antony Blinken rekao je da su Sjedinjene Dr\u017eave duboko zabrinute \u0161to je nuklearna elektrana u Zapori\u017eji, za koju je u o\u017eujku Rusija bila optu\u017eena da granatirala podru\u010dje u njenoj neposrednoj blizini, sada ruska vojna baza koja se koristi za ga\u0111anje obli\u017enjih ukrajinskih snaga.<\/p>\n\n\n\n<p>-Naravno da Ukrajinci ne mogu uzvratiti vatru da ne bi do\u0161lo do stra\u0161ne nesre\u0107e koja uklju\u010duje nuklearnu elektranu, rekao je ju\u010der Blinken novinarima nakon razgovora o ne\u0161irenju nuklearnog naoru\u017eanja u Ujedinjenim narodima u New Yorku.<\/p>\n\n\n\n<p>Rusija ide dalje od kori\u0161tenja &#8220;ljudskog \u0161tita&#8221;, kazao je Blinken, istaknuv\u0161i da je rije\u010d o &#8220;nuklearnom \u0161titu&#8221;.<\/p>\n\n\n\n<p>Na pregovorima u New Yorku, zamjenik ukrajinskog ministra vanjskih poslova Mikola To\u010dickij rekao je da su potrebne sna\u017ene zajedni\u010dke akcije kako bi se sprije\u010dila nuklearna katastrofa te je pozvao me\u0111unarodnu zajednicu da zatvori nebo iznad ukrajinskih nuklearnih elektrana sustavima protuzra\u010dne obrane.<\/p>\n\n\n\n<p>Invazija ruskog predsjednika Vladimira Putina na Ukrajinu 24. velja\u010de izazvala je najve\u0107i sukob u Europi od 2. svjetskog rata, ubiv\u0161i tisu\u0107e ljudi, raseliv\u0161i milijune i ostaviv\u0161i velike dijelove Ukrajine u ru\u0161evinama. Rat je tako\u0111er izazvao globalnu prehrambenu krizu, pri \u010demu Rusija i Ukrajina proizvode oko tre\u0107inu svjetske p\u0161enice, dok su zapadne sankcije Rusiji, glavnom dobavlja\u010du energije u Europi, uzrokovale globalnu energetsku krizu.<\/p>\n\n\n\n<p>Prvi brod koji \u0107e prevoziti ukrajinsko \u017eito kroz Crno more otkako je Rusija izvr\u0161ila invaziju prije pet mjeseci napustio je u ponedjeljak luku Odesa na putu za Libanon, prema sporazumu o sigurnom prolazu. Ukrajina je jedan od najve\u0107ih svjetskih proizvo\u0111a\u010da \u017eita pa su ruskom blokadom njenih crnomorskih luka od po\u010detka rata bile ugro\u017eene siroma\u0161ne zemlje ovisne o ukrajinskom \u017eitu.<\/p>\n\n\n\n<p>Plovidba je omogu\u0107ena nakon \u0161to su Turska i Ujedinjeni narodi pro\u0161log mjeseca posredovali u postizanju sporazuma o izvozu \u017eitarica i gnojiva izme\u0111u Rusije i Ukrajine. Brod Razoni, koji plovi pod zastavom Sierra Leonea, putovat \u0107e do Tripolija u Libanonu s 26.527 tona \u017eita.<\/p>\n\n\n\n<p>Me\u0111utim, jo\u0161 uvijek postoje prepreke koje treba savladati prije nego \u0161to milijuni tona ukrajinskog \u017eita napuste svoje crnomorske luke, uklju\u010duju\u0107i \u010di\u0161\u0107enje morskih mina i stvaranje okvira za brodove da sigurno u\u0111u u zonu sukoba i pokupe teret.<\/p>\n\n\n\n<p>Izvor:pogled.ba<\/p>\n","protected":false},"excerpt":{"rendered":"<p>Sjedinjene Ameri\u010dke Dr\u017eave optu\u017eile su Rusiju da koristi najve\u0107u ukrajinsku nuklearnu elektranu kao nuklearni \u0161tit stacioniranjem postrojbi i sprje\u010davanjem ukrajinskim snagama da uzvrate, riskiraju\u0107i tako stra\u0161nu nuklearnu nesre\u0107u. Dr\u017eavni tajnik Antony Blinken rekao je da su Sjedinjene Dr\u017eave duboko zabrinute \u0161to je nuklearna elektrana u Zapori\u017eji, za koju je u o\u017eujku Rusija bila optu\u017eena da [&hellip;]<\/p>\n","protected":false},"author":2,"featured_media":165749,"comment_status":"closed","ping_status":"closed","sticky":false,"template":"","format":"standard","meta":{"h5ap_radio_sources":[],"footnotes":""},"categories":[1],"tags":[],"class_list":["post-165748","post","type-post","status-publish","format-standard","has-post-thumbnail","hentry","category-bihiregija"],"yoast_head":"<!-- This site is optimized with the Yoast SEO plugin v27.4 - https:\/\/yoast.com\/product\/yoast-seo-wordpress\/ -->\n<title>SAD: Rusija koristi &#039;nuklearni \u0161tit&#039; u Ukrajini i riskira nuklearnu nesre\u0107u - RADIO LJUBU\u0160KI<\/title>\n<meta name=\"robots\" content=\"index, follow, max-snippet:-1, max-image-preview:large, max-video-preview:-1\" \/>\n<link rel=\"canonical\" href=\"https:\/\/radioljubuski.ba\/index.php\/2022\/08\/02\/sad-rusija-koristi-nuklearni-stit-u-ukrajini-i-riskira-nuklearnu-nesrecu\/\" \/>\n<meta property=\"og:locale\" content=\"hr_HR\" \/>\n<meta property=\"og:type\" content=\"article\" \/>\n<meta property=\"og:title\" content=\"SAD: Rusija koristi &#039;nuklearni \u0161tit&#039; u Ukrajini i riskira nuklearnu nesre\u0107u - RADIO LJUBU\u0160KI\" \/>\n<meta property=\"og:description\" content=\"Sjedinjene Ameri\u010dke Dr\u017eave optu\u017eile su Rusiju da koristi najve\u0107u ukrajinsku nuklearnu elektranu kao nuklearni \u0161tit stacioniranjem postrojbi i sprje\u010davanjem ukrajinskim snagama da uzvrate, riskiraju\u0107i tako stra\u0161nu nuklearnu nesre\u0107u. Dr\u017eavni tajnik Antony Blinken rekao je da su Sjedinjene Dr\u017eave duboko zabrinute \u0161to je nuklearna elektrana u Zapori\u017eji, za koju je u o\u017eujku Rusija bila optu\u017eena da [&hellip;]\" \/>\n<meta property=\"og:url\" content=\"https:\/\/radioljubuski.ba\/index.php\/2022\/08\/02\/sad-rusija-koristi-nuklearni-stit-u-ukrajini-i-riskira-nuklearnu-nesrecu\/\" \/>\n<meta property=\"og:site_name\" content=\"RADIO LJUBU\u0160KI\" \/>\n<meta property=\"article:publisher\" content=\"https:\/\/www.facebook.com\/Radiio-Ljubuski-1490835324566332\" \/>\n<meta property=\"article:published_time\" content=\"2022-08-02T09:38:29+00:00\" \/>\n<meta property=\"article:modified_time\" content=\"2022-08-02T09:38:30+00:00\" \/>\n<meta property=\"og:image\" content=\"https:\/\/radioljubuski.ba\/wp-content\/uploads\/2022\/08\/EyaCsYgc_61371062_nuklearna_bomba.jpg\" \/>\n\t<meta property=\"og:image:width\" content=\"1000\" \/>\n\t<meta property=\"og:image:height\" content=\"625\" \/>\n\t<meta property=\"og:image:type\" content=\"image\/jpeg\" \/>\n<meta name=\"author\" content=\"Radio Ljubu\u0161ki\" \/>\n<meta name=\"twitter:card\" content=\"summary_large_image\" \/>\n<meta name=\"twitter:creator\" content=\"@radioljubuski\" \/>\n<meta name=\"twitter:site\" content=\"@radioljubuski\" \/>\n<meta name=\"twitter:label1\" content=\"Napisao\/la\" \/>\n\t<meta name=\"twitter:data1\" content=\"Radio Ljubu\u0161ki\" \/>\n\t<meta name=\"twitter:label2\" content=\"Procijenjeno vrijeme \u010ditanja\" \/>\n\t<meta name=\"twitter:data2\" content=\"2 minute\" \/>\n<script type=\"application\/ld+json\" class=\"yoast-schema-graph\">{\"@context\":\"https:\\\/\\\/schema.org\",\"@graph\":[{\"@type\":\"Article\",\"@id\":\"https:\\\/\\\/radioljubuski.ba\\\/index.php\\\/2022\\\/08\\\/02\\\/sad-rusija-koristi-nuklearni-stit-u-ukrajini-i-riskira-nuklearnu-nesrecu\\\/#article\",\"isPartOf\":{\"@id\":\"https:\\\/\\\/radioljubuski.ba\\\/index.php\\\/2022\\\/08\\\/02\\\/sad-rusija-koristi-nuklearni-stit-u-ukrajini-i-riskira-nuklearnu-nesrecu\\\/\"},\"author\":{\"name\":\"Radio Ljubu\u0161ki\",\"@id\":\"https:\\\/\\\/radioljubuski.ba\\\/#\\\/schema\\\/person\\\/19fc700381a780f69665d7956c469e3b\"},\"headline\":\"SAD: Rusija koristi &#8216;nuklearni \u0161tit&#8217; u Ukrajini i riskira nuklearnu nesre\u0107u\",\"datePublished\":\"2022-08-02T09:38:29+00:00\",\"dateModified\":\"2022-08-02T09:38:30+00:00\",\"mainEntityOfPage\":{\"@id\":\"https:\\\/\\\/radioljubuski.ba\\\/index.php\\\/2022\\\/08\\\/02\\\/sad-rusija-koristi-nuklearni-stit-u-ukrajini-i-riskira-nuklearnu-nesrecu\\\/\"},\"wordCount\":436,\"publisher\":{\"@id\":\"https:\\\/\\\/radioljubuski.ba\\\/#organization\"},\"image\":{\"@id\":\"https:\\\/\\\/radioljubuski.ba\\\/index.php\\\/2022\\\/08\\\/02\\\/sad-rusija-koristi-nuklearni-stit-u-ukrajini-i-riskira-nuklearnu-nesrecu\\\/#primaryimage\"},\"thumbnailUrl\":\"https:\\\/\\\/radioljubuski.ba\\\/wp-content\\\/uploads\\\/2022\\\/08\\\/EyaCsYgc_61371062_nuklearna_bomba.jpg\",\"articleSection\":[\"BIH i regija\"],\"inLanguage\":\"hr\"},{\"@type\":\"WebPage\",\"@id\":\"https:\\\/\\\/radioljubuski.ba\\\/index.php\\\/2022\\\/08\\\/02\\\/sad-rusija-koristi-nuklearni-stit-u-ukrajini-i-riskira-nuklearnu-nesrecu\\\/\",\"url\":\"https:\\\/\\\/radioljubuski.ba\\\/index.php\\\/2022\\\/08\\\/02\\\/sad-rusija-koristi-nuklearni-stit-u-ukrajini-i-riskira-nuklearnu-nesrecu\\\/\",\"name\":\"SAD: Rusija koristi 'nuklearni \u0161tit' u Ukrajini i riskira nuklearnu nesre\u0107u - RADIO LJUBU\u0160KI\",\"isPartOf\":{\"@id\":\"https:\\\/\\\/radioljubuski.ba\\\/#website\"},\"primaryImageOfPage\":{\"@id\":\"https:\\\/\\\/radioljubuski.ba\\\/index.php\\\/2022\\\/08\\\/02\\\/sad-rusija-koristi-nuklearni-stit-u-ukrajini-i-riskira-nuklearnu-nesrecu\\\/#primaryimage\"},\"image\":{\"@id\":\"https:\\\/\\\/radioljubuski.ba\\\/index.php\\\/2022\\\/08\\\/02\\\/sad-rusija-koristi-nuklearni-stit-u-ukrajini-i-riskira-nuklearnu-nesrecu\\\/#primaryimage\"},\"thumbnailUrl\":\"https:\\\/\\\/radioljubuski.ba\\\/wp-content\\\/uploads\\\/2022\\\/08\\\/EyaCsYgc_61371062_nuklearna_bomba.jpg\",\"datePublished\":\"2022-08-02T09:38:29+00:00\",\"dateModified\":\"2022-08-02T09:38:30+00:00\",\"breadcrumb\":{\"@id\":\"https:\\\/\\\/radioljubuski.ba\\\/index.php\\\/2022\\\/08\\\/02\\\/sad-rusija-koristi-nuklearni-stit-u-ukrajini-i-riskira-nuklearnu-nesrecu\\\/#breadcrumb\"},\"inLanguage\":\"hr\",\"potentialAction\":[{\"@type\":\"ReadAction\",\"target\":[\"https:\\\/\\\/radioljubuski.ba\\\/index.php\\\/2022\\\/08\\\/02\\\/sad-rusija-koristi-nuklearni-stit-u-ukrajini-i-riskira-nuklearnu-nesrecu\\\/\"]}]},{\"@type\":\"ImageObject\",\"inLanguage\":\"hr\",\"@id\":\"https:\\\/\\\/radioljubuski.ba\\\/index.php\\\/2022\\\/08\\\/02\\\/sad-rusija-koristi-nuklearni-stit-u-ukrajini-i-riskira-nuklearnu-nesrecu\\\/#primaryimage\",\"url\":\"https:\\\/\\\/radioljubuski.ba\\\/wp-content\\\/uploads\\\/2022\\\/08\\\/EyaCsYgc_61371062_nuklearna_bomba.jpg\",\"contentUrl\":\"https:\\\/\\\/radioljubuski.ba\\\/wp-content\\\/uploads\\\/2022\\\/08\\\/EyaCsYgc_61371062_nuklearna_bomba.jpg\",\"width\":1000,\"height\":625},{\"@type\":\"BreadcrumbList\",\"@id\":\"https:\\\/\\\/radioljubuski.ba\\\/index.php\\\/2022\\\/08\\\/02\\\/sad-rusija-koristi-nuklearni-stit-u-ukrajini-i-riskira-nuklearnu-nesrecu\\\/#breadcrumb\",\"itemListElement\":[{\"@type\":\"ListItem\",\"position\":1,\"name\":\"Po\u010detna stranica\",\"item\":\"https:\\\/\\\/radioljubuski.ba\\\/\"},{\"@type\":\"ListItem\",\"position\":2,\"name\":\"SAD: Rusija koristi &#8216;nuklearni \u0161tit&#8217; u Ukrajini i riskira nuklearnu nesre\u0107u\"}]},{\"@type\":\"WebSite\",\"@id\":\"https:\\\/\\\/radioljubuski.ba\\\/#website\",\"url\":\"https:\\\/\\\/radioljubuski.ba\\\/\",\"name\":\"Radio Ljubu\u0161ki\",\"description\":\"Sun\u010dana frekvencija Hercegovine\",\"publisher\":{\"@id\":\"https:\\\/\\\/radioljubuski.ba\\\/#organization\"},\"potentialAction\":[{\"@type\":\"SearchAction\",\"target\":{\"@type\":\"EntryPoint\",\"urlTemplate\":\"https:\\\/\\\/radioljubuski.ba\\\/?s={search_term_string}\"},\"query-input\":{\"@type\":\"PropertyValueSpecification\",\"valueRequired\":true,\"valueName\":\"search_term_string\"}}],\"inLanguage\":\"hr\"},{\"@type\":\"Organization\",\"@id\":\"https:\\\/\\\/radioljubuski.ba\\\/#organization\",\"name\":\"Radio Ljubu\u0161ki\",\"url\":\"https:\\\/\\\/radioljubuski.ba\\\/\",\"logo\":{\"@type\":\"ImageObject\",\"inLanguage\":\"hr\",\"@id\":\"https:\\\/\\\/radioljubuski.ba\\\/#\\\/schema\\\/logo\\\/image\\\/\",\"url\":\"https:\\\/\\\/radioljubuski.ba\\\/wp-content\\\/uploads\\\/2021\\\/02\\\/cropped-Radio_Ljubuski_logo1.jpg\",\"contentUrl\":\"https:\\\/\\\/radioljubuski.ba\\\/wp-content\\\/uploads\\\/2021\\\/02\\\/cropped-Radio_Ljubuski_logo1.jpg\",\"width\":512,\"height\":512,\"caption\":\"Radio Ljubu\u0161ki\"},\"image\":{\"@id\":\"https:\\\/\\\/radioljubuski.ba\\\/#\\\/schema\\\/logo\\\/image\\\/\"},\"sameAs\":[\"https:\\\/\\\/www.facebook.com\\\/Radiio-Ljubuski-1490835324566332\",\"https:\\\/\\\/x.com\\\/radioljubuski\",\"https:\\\/\\\/hr.linkedin.com\\\/company\\\/radio-ljubuski\",\"https:\\\/\\\/www.youtube.com\\\/channel\\\/UCHYaeO_n0Db3tjNGudGpXyw\"]},{\"@type\":\"Person\",\"@id\":\"https:\\\/\\\/radioljubuski.ba\\\/#\\\/schema\\\/person\\\/19fc700381a780f69665d7956c469e3b\",\"name\":\"Radio Ljubu\u0161ki\"}]}<\/script>\n<!-- \/ Yoast SEO plugin. -->","yoast_head_json":{"title":"SAD: Rusija koristi 'nuklearni \u0161tit' u Ukrajini i riskira nuklearnu nesre\u0107u - RADIO LJUBU\u0160KI","robots":{"index":"index","follow":"follow","max-snippet":"max-snippet:-1","max-image-preview":"max-image-preview:large","max-video-preview":"max-video-preview:-1"},"canonical":"https:\/\/radioljubuski.ba\/index.php\/2022\/08\/02\/sad-rusija-koristi-nuklearni-stit-u-ukrajini-i-riskira-nuklearnu-nesrecu\/","og_locale":"hr_HR","og_type":"article","og_title":"SAD: Rusija koristi 'nuklearni \u0161tit' u Ukrajini i riskira nuklearnu nesre\u0107u - RADIO LJUBU\u0160KI","og_description":"Sjedinjene Ameri\u010dke Dr\u017eave optu\u017eile su Rusiju da koristi najve\u0107u ukrajinsku nuklearnu elektranu kao nuklearni \u0161tit stacioniranjem postrojbi i sprje\u010davanjem ukrajinskim snagama da uzvrate, riskiraju\u0107i tako stra\u0161nu nuklearnu nesre\u0107u. Dr\u017eavni tajnik Antony Blinken rekao je da su Sjedinjene Dr\u017eave duboko zabrinute \u0161to je nuklearna elektrana u Zapori\u017eji, za koju je u o\u017eujku Rusija bila optu\u017eena da [&hellip;]","og_url":"https:\/\/radioljubuski.ba\/index.php\/2022\/08\/02\/sad-rusija-koristi-nuklearni-stit-u-ukrajini-i-riskira-nuklearnu-nesrecu\/","og_site_name":"RADIO LJUBU\u0160KI","article_publisher":"https:\/\/www.facebook.com\/Radiio-Ljubuski-1490835324566332","article_published_time":"2022-08-02T09:38:29+00:00","article_modified_time":"2022-08-02T09:38:30+00:00","og_image":[{"width":1000,"height":625,"url":"https:\/\/radioljubuski.ba\/wp-content\/uploads\/2022\/08\/EyaCsYgc_61371062_nuklearna_bomba.jpg","type":"image\/jpeg"}],"author":"Radio Ljubu\u0161ki","twitter_card":"summary_large_image","twitter_creator":"@radioljubuski","twitter_site":"@radioljubuski","twitter_misc":{"Napisao\/la":"Radio Ljubu\u0161ki","Procijenjeno vrijeme \u010ditanja":"2 minute"},"schema":{"@context":"https:\/\/schema.org","@graph":[{"@type":"Article","@id":"https:\/\/radioljubuski.ba\/index.php\/2022\/08\/02\/sad-rusija-koristi-nuklearni-stit-u-ukrajini-i-riskira-nuklearnu-nesrecu\/#article","isPartOf":{"@id":"https:\/\/radioljubuski.ba\/index.php\/2022\/08\/02\/sad-rusija-koristi-nuklearni-stit-u-ukrajini-i-riskira-nuklearnu-nesrecu\/"},"author":{"name":"Radio Ljubu\u0161ki","@id":"https:\/\/radioljubuski.ba\/#\/schema\/person\/19fc700381a780f69665d7956c469e3b"},"headline":"SAD: Rusija koristi &#8216;nuklearni \u0161tit&#8217; u Ukrajini i riskira nuklearnu nesre\u0107u","datePublished":"2022-08-02T09:38:29+00:00","dateModified":"2022-08-02T09:38:30+00:00","mainEntityOfPage":{"@id":"https:\/\/radioljubuski.ba\/index.php\/2022\/08\/02\/sad-rusija-koristi-nuklearni-stit-u-ukrajini-i-riskira-nuklearnu-nesrecu\/"},"wordCount":436,"publisher":{"@id":"https:\/\/radioljubuski.ba\/#organization"},"image":{"@id":"https:\/\/radioljubuski.ba\/index.php\/2022\/08\/02\/sad-rusija-koristi-nuklearni-stit-u-ukrajini-i-riskira-nuklearnu-nesrecu\/#primaryimage"},"thumbnailUrl":"https:\/\/radioljubuski.ba\/wp-content\/uploads\/2022\/08\/EyaCsYgc_61371062_nuklearna_bomba.jpg","articleSection":["BIH i regija"],"inLanguage":"hr"},{"@type":"WebPage","@id":"https:\/\/radioljubuski.ba\/index.php\/2022\/08\/02\/sad-rusija-koristi-nuklearni-stit-u-ukrajini-i-riskira-nuklearnu-nesrecu\/","url":"https:\/\/radioljubuski.ba\/index.php\/2022\/08\/02\/sad-rusija-koristi-nuklearni-stit-u-ukrajini-i-riskira-nuklearnu-nesrecu\/","name":"SAD: Rusija koristi 'nuklearni \u0161tit' u Ukrajini i riskira nuklearnu nesre\u0107u - RADIO LJUBU\u0160KI","isPartOf":{"@id":"https:\/\/radioljubuski.ba\/#website"},"primaryImageOfPage":{"@id":"https:\/\/radioljubuski.ba\/index.php\/2022\/08\/02\/sad-rusija-koristi-nuklearni-stit-u-ukrajini-i-riskira-nuklearnu-nesrecu\/#primaryimage"},"image":{"@id":"https:\/\/radioljubuski.ba\/index.php\/2022\/08\/02\/sad-rusija-koristi-nuklearni-stit-u-ukrajini-i-riskira-nuklearnu-nesrecu\/#primaryimage"},"thumbnailUrl":"https:\/\/radioljubuski.ba\/wp-content\/uploads\/2022\/08\/EyaCsYgc_61371062_nuklearna_bomba.jpg","datePublished":"2022-08-02T09:38:29+00:00","dateModified":"2022-08-02T09:38:30+00:00","breadcrumb":{"@id":"https:\/\/radioljubuski.ba\/index.php\/2022\/08\/02\/sad-rusija-koristi-nuklearni-stit-u-ukrajini-i-riskira-nuklearnu-nesrecu\/#breadcrumb"},"inLanguage":"hr","potentialAction":[{"@type":"ReadAction","target":["https:\/\/radioljubuski.ba\/index.php\/2022\/08\/02\/sad-rusija-koristi-nuklearni-stit-u-ukrajini-i-riskira-nuklearnu-nesrecu\/"]}]},{"@type":"ImageObject","inLanguage":"hr","@id":"https:\/\/radioljubuski.ba\/index.php\/2022\/08\/02\/sad-rusija-koristi-nuklearni-stit-u-ukrajini-i-riskira-nuklearnu-nesrecu\/#primaryimage","url":"https:\/\/radioljubuski.ba\/wp-content\/uploads\/2022\/08\/EyaCsYgc_61371062_nuklearna_bomba.jpg","contentUrl":"https:\/\/radioljubuski.ba\/wp-content\/uploads\/2022\/08\/EyaCsYgc_61371062_nuklearna_bomba.jpg","width":1000,"height":625},{"@type":"BreadcrumbList","@id":"https:\/\/radioljubuski.ba\/index.php\/2022\/08\/02\/sad-rusija-koristi-nuklearni-stit-u-ukrajini-i-riskira-nuklearnu-nesrecu\/#breadcrumb","itemListElement":[{"@type":"ListItem","position":1,"name":"Po\u010detna stranica","item":"https:\/\/radioljubuski.ba\/"},{"@type":"ListItem","position":2,"name":"SAD: Rusija koristi &#8216;nuklearni \u0161tit&#8217; u Ukrajini i riskira nuklearnu nesre\u0107u"}]},{"@type":"WebSite","@id":"https:\/\/radioljubuski.ba\/#website","url":"https:\/\/radioljubuski.ba\/","name":"Radio Ljubu\u0161ki","description":"Sun\u010dana frekvencija Hercegovine","publisher":{"@id":"https:\/\/radioljubuski.ba\/#organization"},"potentialAction":[{"@type":"SearchAction","target":{"@type":"EntryPoint","urlTemplate":"https:\/\/radioljubuski.ba\/?s={search_term_string}"},"query-input":{"@type":"PropertyValueSpecification","valueRequired":true,"valueName":"search_term_string"}}],"inLanguage":"hr"},{"@type":"Organization","@id":"https:\/\/radioljubuski.ba\/#organization","name":"Radio Ljubu\u0161ki","url":"https:\/\/radioljubuski.ba\/","logo":{"@type":"ImageObject","inLanguage":"hr","@id":"https:\/\/radioljubuski.ba\/#\/schema\/logo\/image\/","url":"https:\/\/radioljubuski.ba\/wp-content\/uploads\/2021\/02\/cropped-Radio_Ljubuski_logo1.jpg","contentUrl":"https:\/\/radioljubuski.ba\/wp-content\/uploads\/2021\/02\/cropped-Radio_Ljubuski_logo1.jpg","width":512,"height":512,"caption":"Radio Ljubu\u0161ki"},"image":{"@id":"https:\/\/radioljubuski.ba\/#\/schema\/logo\/image\/"},"sameAs":["https:\/\/www.facebook.com\/Radiio-Ljubuski-1490835324566332","https:\/\/x.com\/radioljubuski","https:\/\/hr.linkedin.com\/company\/radio-ljubuski","https:\/\/www.youtube.com\/channel\/UCHYaeO_n0Db3tjNGudGpXyw"]},{"@type":"Person","@id":"https:\/\/radioljubuski.ba\/#\/schema\/person\/19fc700381a780f69665d7956c469e3b","name":"Radio Ljubu\u0161ki"}]}},"_links":{"self":[{"href":"https:\/\/radioljubuski.ba\/index.php\/wp-json\/wp\/v2\/posts\/165748","targetHints":{"allow":["GET"]}}],"collection":[{"href":"https:\/\/radioljubuski.ba\/index.php\/wp-json\/wp\/v2\/posts"}],"about":[{"href":"https:\/\/radioljubuski.ba\/index.php\/wp-json\/wp\/v2\/types\/post"}],"author":[{"embeddable":true,"href":"https:\/\/radioljubuski.ba\/index.php\/wp-json\/wp\/v2\/users\/2"}],"replies":[{"embeddable":true,"href":"https:\/\/radioljubuski.ba\/index.php\/wp-json\/wp\/v2\/comments?post=165748"}],"version-history":[{"count":1,"href":"https:\/\/radioljubuski.ba\/index.php\/wp-json\/wp\/v2\/posts\/165748\/revisions"}],"predecessor-version":[{"id":165750,"href":"https:\/\/radioljubuski.ba\/index.php\/wp-json\/wp\/v2\/posts\/165748\/revisions\/165750"}],"wp:featuredmedia":[{"embeddable":true,"href":"https:\/\/radioljubuski.ba\/index.php\/wp-json\/wp\/v2\/media\/165749"}],"wp:attachment":[{"href":"https:\/\/radioljubuski.ba\/index.php\/wp-json\/wp\/v2\/media?parent=165748"}],"wp:term":[{"taxonomy":"category","embeddable":true,"href":"https:\/\/radioljubuski.ba\/index.php\/wp-json\/wp\/v2\/categories?post=165748"},{"taxonomy":"post_tag","embeddable":true,"href":"https:\/\/radioljubuski.ba\/index.php\/wp-json\/wp\/v2\/tags?post=165748"}],"curies":[{"name":"wp","href":"https:\/\/api.w.org\/{rel}","templated":true}]}}