{"id":165751,"date":"2022-08-02T10:40:03","date_gmt":"2022-08-02T09:40:03","guid":{"rendered":"https:\/\/radioljubuski.ba\/?p=165751"},"modified":"2022-08-02T10:40:05","modified_gmt":"2022-08-02T09:40:05","slug":"objavljena-satnica-10-mostar-summer-festa","status":"publish","type":"post","link":"https:\/\/radioljubuski.ba\/index.php\/2022\/08\/02\/objavljena-satnica-10-mostar-summer-festa\/","title":{"rendered":"Objavljena satnica 10. Mostar Summer Festa"},"content":{"rendered":"\n<h5 class=\"wp-block-heading\">Mostar ve\u0107 odi\u0161e festivalskom energijom i jo\u0161 nas samo dva dana dijele do 10. Mostar Summer Fest-a koji \u0107e se odr\u017eati 4., 5. i 6.8. na SC Kantarevac.<\/h5>\n\n\n\n<p>Festivalske kapije otvaraju se \u0161irom\u00a0u \u010detvrtak 4.8. u 19 sati.<\/p>\n\n\n\n<p>Spremite se za fantasti\u010dan koncertni program tijekom tri festivalske ve\u010deri, a\u00a0to\u010dne satnice nastupa\u00a0donosimo u nastavku:<\/p>\n\n\n\n<h4 class=\"wp-block-heading\">\u010cetvrtak 4.8.<\/h4>\n\n\n\n<p>20:30 \u2013 21:00 SM4LLPOX<br>21:15 \u2013 21:55 MUHA<br>22:10 \u2013 23:10 EKV TRIBUTE DECA IZ VODE<br>23:25 \u2013 00:45 PSIHOMODO POP<br>01:00 \u2013 02:00 ORTHODOX CELTS<\/p>\n\n\n\n<h4 class=\"wp-block-heading\">Petak 5.8.<\/h4>\n\n\n\n<p>21:00 \u2013 21:50 Z++<br>22:05 \u2013 22:55 SMOKE MARDELJANO<br>23:10 \u2013 00:45 PRLJAVO KAZALI\u0160TE<br>01:00 \u2013 02:00 REPETITOR<\/p>\n\n\n\n<h4 class=\"wp-block-heading\">Subota 6.8.<\/h4>\n\n\n\n<p>20:30 \u2013 21:00 \u017dIVAC MARADONA<br>21:15 \u2013 22:05 FRENKIE, KONTRA, INDIGO<br>22:20 \u2013 23:10 BU\u010c KESIDI<br>23:25 \u2013 00:45 GALIJA<br>01:00 \u2013 02:00 KRANK\u0160VESTER<\/p>\n\n\n\n<p>U prodaji se nalaze\u00a0festivalske ulaznice po cijeni od 49 KM, kao i\u00a0jednodnevne ulaznice po cijeni od 25 KM. Festivalske ulaznice su u prodaji jo\u0161 samo u utorak i srijedu, zato ne \u010dekaj vi\u0161e i osiguraj si povoljniju ulaznicu.<\/p>\n\n\n\n<p>Napominjemo da\u00a0na dane festivala ne\u0107e biti mogu\u0107e kupiti festivalsku ulaznicu, a svi koji se u posljednjem trenu odlu\u010de pridru\u017eiti festivalskom karavanu, jednodnevne ulaznice mogu kupiti na ulazu u festivalsku zonu\u00a0po cijeni od 30 KM.<\/p>\n\n\n\n<p>Ulaznice se mogu kupiti\u00a0na info pultu Mepas Malla u Mostaru, online putem sustava<a href=\"https:\/\/www.kupikartu.ba\/karte\/event\/5152\/mostar-summer-fest-2021\" target=\"_blank\" rel=\"noreferrer noopener\">\u00a0kupikartu.ba<\/a>\u00a0i svim prodajnim mjestima agencije kupikartu.ba \u0161irom BiH.<\/p>\n\n\n\n<p>Podsje\u0107amo da je prve festivalske ve\u010deri u \u010detvrtak 4.8.\u00a0ulaz slobodan. Besplatnu ve\u010der svim posjetiteljima daruje Mostar Summer Fest u suradnji s Gradom Mostaro\u200b\u200bm i Europskom Unijom kroz projekt Open City Mostar.\u200b\u200b<\/p>\n\n\n\n<p>Vidimo se na najvru\u0107em Mostar Summer Festu do sada, navodi se u priop\u0107enju organizatora.<\/p>\n\n\n\n<p>Sve informacije o festivalu pratite na<strong><a href=\"http:\/\/www.mostarsummerfest.com\/\" target=\"_blank\" rel=\"noreferrer noopener\">\u00a0slu\u017ebenoj stranici<\/a>\u00a0<\/strong>festivala, te<strong>\u00a0<a href=\"https:\/\/www.facebook.com\/MostarSummerFest\" target=\"_blank\" rel=\"noreferrer noopener\">Facebook<\/a>\u00a0<\/strong>i\u00a0<strong><a href=\"https:\/\/www.instagram.com\/mostarsummerfest\" target=\"_blank\" rel=\"noreferrer noopener\">Instagram<\/a><\/strong>\u00a0kanalima.<\/p>\n\n\n\n<p>Izvor: <a href=\"https:\/\/www.jabuka.tv\/objavljena-satnica-10-mostar-summer-festa\/\">Jabuka.tv<\/a><\/p>\n","protected":false},"excerpt":{"rendered":"<p>Mostar ve\u0107 odi\u0161e festivalskom energijom i jo\u0161 nas samo dva dana dijele do 10. Mostar Summer Fest-a koji \u0107e se odr\u017eati 4., 5. i 6.8. na SC Kantarevac. Festivalske kapije otvaraju se \u0161irom\u00a0u \u010detvrtak 4.8. u 19 sati. Spremite se za fantasti\u010dan koncertni program tijekom tri festivalske ve\u010deri, a\u00a0to\u010dne satnice nastupa\u00a0donosimo u nastavku: \u010cetvrtak 4.8. [&hellip;]<\/p>\n","protected":false},"author":2,"featured_media":165755,"comment_status":"closed","ping_status":"closed","sticky":false,"template":"","format":"standard","meta":{"h5ap_radio_sources":[],"footnotes":""},"categories":[1],"tags":[],"class_list":["post-165751","post","type-post","status-publish","format-standard","has-post-thumbnail","hentry","category-bihiregija"],"yoast_head":"<!-- This site is optimized with the Yoast SEO plugin v27.4 - https:\/\/yoast.com\/product\/yoast-seo-wordpress\/ -->\n<title>Objavljena satnica 10. Mostar Summer Festa - RADIO LJUBU\u0160KI<\/title>\n<meta name=\"robots\" content=\"index, follow, max-snippet:-1, max-image-preview:large, max-video-preview:-1\" \/>\n<link rel=\"canonical\" href=\"https:\/\/radioljubuski.ba\/index.php\/2022\/08\/02\/objavljena-satnica-10-mostar-summer-festa\/\" \/>\n<meta property=\"og:locale\" content=\"hr_HR\" \/>\n<meta property=\"og:type\" content=\"article\" \/>\n<meta property=\"og:title\" content=\"Objavljena satnica 10. Mostar Summer Festa - RADIO LJUBU\u0160KI\" \/>\n<meta property=\"og:description\" content=\"Mostar ve\u0107 odi\u0161e festivalskom energijom i jo\u0161 nas samo dva dana dijele do 10. Mostar Summer Fest-a koji \u0107e se odr\u017eati 4., 5. i 6.8. na SC Kantarevac. Festivalske kapije otvaraju se \u0161irom\u00a0u \u010detvrtak 4.8. u 19 sati. Spremite se za fantasti\u010dan koncertni program tijekom tri festivalske ve\u010deri, a\u00a0to\u010dne satnice nastupa\u00a0donosimo u nastavku: \u010cetvrtak 4.8. [&hellip;]\" \/>\n<meta property=\"og:url\" content=\"https:\/\/radioljubuski.ba\/index.php\/2022\/08\/02\/objavljena-satnica-10-mostar-summer-festa\/\" \/>\n<meta property=\"og:site_name\" content=\"RADIO LJUBU\u0160KI\" \/>\n<meta property=\"article:publisher\" content=\"https:\/\/www.facebook.com\/Radiio-Ljubuski-1490835324566332\" \/>\n<meta property=\"article:published_time\" content=\"2022-08-02T09:40:03+00:00\" \/>\n<meta property=\"article:modified_time\" content=\"2022-08-02T09:40:05+00:00\" \/>\n<meta property=\"og:image\" content=\"https:\/\/radioljubuski.ba\/wp-content\/uploads\/2022\/08\/mostar-summer-fest-druga-vecer-2021-4-810x540-1.jpg\" \/>\n\t<meta property=\"og:image:width\" content=\"810\" \/>\n\t<meta property=\"og:image:height\" content=\"540\" \/>\n\t<meta property=\"og:image:type\" content=\"image\/jpeg\" \/>\n<meta name=\"author\" content=\"Radio Ljubu\u0161ki\" \/>\n<meta name=\"twitter:card\" content=\"summary_large_image\" \/>\n<meta name=\"twitter:creator\" content=\"@radioljubuski\" \/>\n<meta name=\"twitter:site\" content=\"@radioljubuski\" \/>\n<meta name=\"twitter:label1\" content=\"Napisao\/la\" \/>\n\t<meta name=\"twitter:data1\" content=\"Radio Ljubu\u0161ki\" \/>\n\t<meta name=\"twitter:label2\" content=\"Procijenjeno vrijeme \u010ditanja\" \/>\n\t<meta name=\"twitter:data2\" content=\"2 minute\" \/>\n<script type=\"application\/ld+json\" class=\"yoast-schema-graph\">{\"@context\":\"https:\\\/\\\/schema.org\",\"@graph\":[{\"@type\":\"Article\",\"@id\":\"https:\\\/\\\/radioljubuski.ba\\\/index.php\\\/2022\\\/08\\\/02\\\/objavljena-satnica-10-mostar-summer-festa\\\/#article\",\"isPartOf\":{\"@id\":\"https:\\\/\\\/radioljubuski.ba\\\/index.php\\\/2022\\\/08\\\/02\\\/objavljena-satnica-10-mostar-summer-festa\\\/\"},\"author\":{\"name\":\"Radio Ljubu\u0161ki\",\"@id\":\"https:\\\/\\\/radioljubuski.ba\\\/#\\\/schema\\\/person\\\/19fc700381a780f69665d7956c469e3b\"},\"headline\":\"Objavljena satnica 10. Mostar Summer Festa\",\"datePublished\":\"2022-08-02T09:40:03+00:00\",\"dateModified\":\"2022-08-02T09:40:05+00:00\",\"mainEntityOfPage\":{\"@id\":\"https:\\\/\\\/radioljubuski.ba\\\/index.php\\\/2022\\\/08\\\/02\\\/objavljena-satnica-10-mostar-summer-festa\\\/\"},\"wordCount\":264,\"publisher\":{\"@id\":\"https:\\\/\\\/radioljubuski.ba\\\/#organization\"},\"image\":{\"@id\":\"https:\\\/\\\/radioljubuski.ba\\\/index.php\\\/2022\\\/08\\\/02\\\/objavljena-satnica-10-mostar-summer-festa\\\/#primaryimage\"},\"thumbnailUrl\":\"https:\\\/\\\/radioljubuski.ba\\\/wp-content\\\/uploads\\\/2022\\\/08\\\/mostar-summer-fest-druga-vecer-2021-4-810x540-1.jpg\",\"articleSection\":[\"BIH i regija\"],\"inLanguage\":\"hr\"},{\"@type\":\"WebPage\",\"@id\":\"https:\\\/\\\/radioljubuski.ba\\\/index.php\\\/2022\\\/08\\\/02\\\/objavljena-satnica-10-mostar-summer-festa\\\/\",\"url\":\"https:\\\/\\\/radioljubuski.ba\\\/index.php\\\/2022\\\/08\\\/02\\\/objavljena-satnica-10-mostar-summer-festa\\\/\",\"name\":\"Objavljena satnica 10. Mostar Summer Festa - RADIO LJUBU\u0160KI\",\"isPartOf\":{\"@id\":\"https:\\\/\\\/radioljubuski.ba\\\/#website\"},\"primaryImageOfPage\":{\"@id\":\"https:\\\/\\\/radioljubuski.ba\\\/index.php\\\/2022\\\/08\\\/02\\\/objavljena-satnica-10-mostar-summer-festa\\\/#primaryimage\"},\"image\":{\"@id\":\"https:\\\/\\\/radioljubuski.ba\\\/index.php\\\/2022\\\/08\\\/02\\\/objavljena-satnica-10-mostar-summer-festa\\\/#primaryimage\"},\"thumbnailUrl\":\"https:\\\/\\\/radioljubuski.ba\\\/wp-content\\\/uploads\\\/2022\\\/08\\\/mostar-summer-fest-druga-vecer-2021-4-810x540-1.jpg\",\"datePublished\":\"2022-08-02T09:40:03+00:00\",\"dateModified\":\"2022-08-02T09:40:05+00:00\",\"breadcrumb\":{\"@id\":\"https:\\\/\\\/radioljubuski.ba\\\/index.php\\\/2022\\\/08\\\/02\\\/objavljena-satnica-10-mostar-summer-festa\\\/#breadcrumb\"},\"inLanguage\":\"hr\",\"potentialAction\":[{\"@type\":\"ReadAction\",\"target\":[\"https:\\\/\\\/radioljubuski.ba\\\/index.php\\\/2022\\\/08\\\/02\\\/objavljena-satnica-10-mostar-summer-festa\\\/\"]}]},{\"@type\":\"ImageObject\",\"inLanguage\":\"hr\",\"@id\":\"https:\\\/\\\/radioljubuski.ba\\\/index.php\\\/2022\\\/08\\\/02\\\/objavljena-satnica-10-mostar-summer-festa\\\/#primaryimage\",\"url\":\"https:\\\/\\\/radioljubuski.ba\\\/wp-content\\\/uploads\\\/2022\\\/08\\\/mostar-summer-fest-druga-vecer-2021-4-810x540-1.jpg\",\"contentUrl\":\"https:\\\/\\\/radioljubuski.ba\\\/wp-content\\\/uploads\\\/2022\\\/08\\\/mostar-summer-fest-druga-vecer-2021-4-810x540-1.jpg\",\"width\":810,\"height\":540},{\"@type\":\"BreadcrumbList\",\"@id\":\"https:\\\/\\\/radioljubuski.ba\\\/index.php\\\/2022\\\/08\\\/02\\\/objavljena-satnica-10-mostar-summer-festa\\\/#breadcrumb\",\"itemListElement\":[{\"@type\":\"ListItem\",\"position\":1,\"name\":\"Po\u010detna stranica\",\"item\":\"https:\\\/\\\/radioljubuski.ba\\\/\"},{\"@type\":\"ListItem\",\"position\":2,\"name\":\"Objavljena satnica 10. Mostar Summer Festa\"}]},{\"@type\":\"WebSite\",\"@id\":\"https:\\\/\\\/radioljubuski.ba\\\/#website\",\"url\":\"https:\\\/\\\/radioljubuski.ba\\\/\",\"name\":\"Radio Ljubu\u0161ki\",\"description\":\"Sun\u010dana frekvencija Hercegovine\",\"publisher\":{\"@id\":\"https:\\\/\\\/radioljubuski.ba\\\/#organization\"},\"potentialAction\":[{\"@type\":\"SearchAction\",\"target\":{\"@type\":\"EntryPoint\",\"urlTemplate\":\"https:\\\/\\\/radioljubuski.ba\\\/?s={search_term_string}\"},\"query-input\":{\"@type\":\"PropertyValueSpecification\",\"valueRequired\":true,\"valueName\":\"search_term_string\"}}],\"inLanguage\":\"hr\"},{\"@type\":\"Organization\",\"@id\":\"https:\\\/\\\/radioljubuski.ba\\\/#organization\",\"name\":\"Radio Ljubu\u0161ki\",\"url\":\"https:\\\/\\\/radioljubuski.ba\\\/\",\"logo\":{\"@type\":\"ImageObject\",\"inLanguage\":\"hr\",\"@id\":\"https:\\\/\\\/radioljubuski.ba\\\/#\\\/schema\\\/logo\\\/image\\\/\",\"url\":\"https:\\\/\\\/radioljubuski.ba\\\/wp-content\\\/uploads\\\/2021\\\/02\\\/cropped-Radio_Ljubuski_logo1.jpg\",\"contentUrl\":\"https:\\\/\\\/radioljubuski.ba\\\/wp-content\\\/uploads\\\/2021\\\/02\\\/cropped-Radio_Ljubuski_logo1.jpg\",\"width\":512,\"height\":512,\"caption\":\"Radio Ljubu\u0161ki\"},\"image\":{\"@id\":\"https:\\\/\\\/radioljubuski.ba\\\/#\\\/schema\\\/logo\\\/image\\\/\"},\"sameAs\":[\"https:\\\/\\\/www.facebook.com\\\/Radiio-Ljubuski-1490835324566332\",\"https:\\\/\\\/x.com\\\/radioljubuski\",\"https:\\\/\\\/hr.linkedin.com\\\/company\\\/radio-ljubuski\",\"https:\\\/\\\/www.youtube.com\\\/channel\\\/UCHYaeO_n0Db3tjNGudGpXyw\"]},{\"@type\":\"Person\",\"@id\":\"https:\\\/\\\/radioljubuski.ba\\\/#\\\/schema\\\/person\\\/19fc700381a780f69665d7956c469e3b\",\"name\":\"Radio Ljubu\u0161ki\"}]}<\/script>\n<!-- \/ Yoast SEO plugin. -->","yoast_head_json":{"title":"Objavljena satnica 10. Mostar Summer Festa - RADIO LJUBU\u0160KI","robots":{"index":"index","follow":"follow","max-snippet":"max-snippet:-1","max-image-preview":"max-image-preview:large","max-video-preview":"max-video-preview:-1"},"canonical":"https:\/\/radioljubuski.ba\/index.php\/2022\/08\/02\/objavljena-satnica-10-mostar-summer-festa\/","og_locale":"hr_HR","og_type":"article","og_title":"Objavljena satnica 10. Mostar Summer Festa - RADIO LJUBU\u0160KI","og_description":"Mostar ve\u0107 odi\u0161e festivalskom energijom i jo\u0161 nas samo dva dana dijele do 10. Mostar Summer Fest-a koji \u0107e se odr\u017eati 4., 5. i 6.8. na SC Kantarevac. Festivalske kapije otvaraju se \u0161irom\u00a0u \u010detvrtak 4.8. u 19 sati. Spremite se za fantasti\u010dan koncertni program tijekom tri festivalske ve\u010deri, a\u00a0to\u010dne satnice nastupa\u00a0donosimo u nastavku: \u010cetvrtak 4.8. [&hellip;]","og_url":"https:\/\/radioljubuski.ba\/index.php\/2022\/08\/02\/objavljena-satnica-10-mostar-summer-festa\/","og_site_name":"RADIO LJUBU\u0160KI","article_publisher":"https:\/\/www.facebook.com\/Radiio-Ljubuski-1490835324566332","article_published_time":"2022-08-02T09:40:03+00:00","article_modified_time":"2022-08-02T09:40:05+00:00","og_image":[{"width":810,"height":540,"url":"https:\/\/radioljubuski.ba\/wp-content\/uploads\/2022\/08\/mostar-summer-fest-druga-vecer-2021-4-810x540-1.jpg","type":"image\/jpeg"}],"author":"Radio Ljubu\u0161ki","twitter_card":"summary_large_image","twitter_creator":"@radioljubuski","twitter_site":"@radioljubuski","twitter_misc":{"Napisao\/la":"Radio Ljubu\u0161ki","Procijenjeno vrijeme \u010ditanja":"2 minute"},"schema":{"@context":"https:\/\/schema.org","@graph":[{"@type":"Article","@id":"https:\/\/radioljubuski.ba\/index.php\/2022\/08\/02\/objavljena-satnica-10-mostar-summer-festa\/#article","isPartOf":{"@id":"https:\/\/radioljubuski.ba\/index.php\/2022\/08\/02\/objavljena-satnica-10-mostar-summer-festa\/"},"author":{"name":"Radio Ljubu\u0161ki","@id":"https:\/\/radioljubuski.ba\/#\/schema\/person\/19fc700381a780f69665d7956c469e3b"},"headline":"Objavljena satnica 10. Mostar Summer Festa","datePublished":"2022-08-02T09:40:03+00:00","dateModified":"2022-08-02T09:40:05+00:00","mainEntityOfPage":{"@id":"https:\/\/radioljubuski.ba\/index.php\/2022\/08\/02\/objavljena-satnica-10-mostar-summer-festa\/"},"wordCount":264,"publisher":{"@id":"https:\/\/radioljubuski.ba\/#organization"},"image":{"@id":"https:\/\/radioljubuski.ba\/index.php\/2022\/08\/02\/objavljena-satnica-10-mostar-summer-festa\/#primaryimage"},"thumbnailUrl":"https:\/\/radioljubuski.ba\/wp-content\/uploads\/2022\/08\/mostar-summer-fest-druga-vecer-2021-4-810x540-1.jpg","articleSection":["BIH i regija"],"inLanguage":"hr"},{"@type":"WebPage","@id":"https:\/\/radioljubuski.ba\/index.php\/2022\/08\/02\/objavljena-satnica-10-mostar-summer-festa\/","url":"https:\/\/radioljubuski.ba\/index.php\/2022\/08\/02\/objavljena-satnica-10-mostar-summer-festa\/","name":"Objavljena satnica 10. Mostar Summer Festa - RADIO LJUBU\u0160KI","isPartOf":{"@id":"https:\/\/radioljubuski.ba\/#website"},"primaryImageOfPage":{"@id":"https:\/\/radioljubuski.ba\/index.php\/2022\/08\/02\/objavljena-satnica-10-mostar-summer-festa\/#primaryimage"},"image":{"@id":"https:\/\/radioljubuski.ba\/index.php\/2022\/08\/02\/objavljena-satnica-10-mostar-summer-festa\/#primaryimage"},"thumbnailUrl":"https:\/\/radioljubuski.ba\/wp-content\/uploads\/2022\/08\/mostar-summer-fest-druga-vecer-2021-4-810x540-1.jpg","datePublished":"2022-08-02T09:40:03+00:00","dateModified":"2022-08-02T09:40:05+00:00","breadcrumb":{"@id":"https:\/\/radioljubuski.ba\/index.php\/2022\/08\/02\/objavljena-satnica-10-mostar-summer-festa\/#breadcrumb"},"inLanguage":"hr","potentialAction":[{"@type":"ReadAction","target":["https:\/\/radioljubuski.ba\/index.php\/2022\/08\/02\/objavljena-satnica-10-mostar-summer-festa\/"]}]},{"@type":"ImageObject","inLanguage":"hr","@id":"https:\/\/radioljubuski.ba\/index.php\/2022\/08\/02\/objavljena-satnica-10-mostar-summer-festa\/#primaryimage","url":"https:\/\/radioljubuski.ba\/wp-content\/uploads\/2022\/08\/mostar-summer-fest-druga-vecer-2021-4-810x540-1.jpg","contentUrl":"https:\/\/radioljubuski.ba\/wp-content\/uploads\/2022\/08\/mostar-summer-fest-druga-vecer-2021-4-810x540-1.jpg","width":810,"height":540},{"@type":"BreadcrumbList","@id":"https:\/\/radioljubuski.ba\/index.php\/2022\/08\/02\/objavljena-satnica-10-mostar-summer-festa\/#breadcrumb","itemListElement":[{"@type":"ListItem","position":1,"name":"Po\u010detna stranica","item":"https:\/\/radioljubuski.ba\/"},{"@type":"ListItem","position":2,"name":"Objavljena satnica 10. Mostar Summer Festa"}]},{"@type":"WebSite","@id":"https:\/\/radioljubuski.ba\/#website","url":"https:\/\/radioljubuski.ba\/","name":"Radio Ljubu\u0161ki","description":"Sun\u010dana frekvencija Hercegovine","publisher":{"@id":"https:\/\/radioljubuski.ba\/#organization"},"potentialAction":[{"@type":"SearchAction","target":{"@type":"EntryPoint","urlTemplate":"https:\/\/radioljubuski.ba\/?s={search_term_string}"},"query-input":{"@type":"PropertyValueSpecification","valueRequired":true,"valueName":"search_term_string"}}],"inLanguage":"hr"},{"@type":"Organization","@id":"https:\/\/radioljubuski.ba\/#organization","name":"Radio Ljubu\u0161ki","url":"https:\/\/radioljubuski.ba\/","logo":{"@type":"ImageObject","inLanguage":"hr","@id":"https:\/\/radioljubuski.ba\/#\/schema\/logo\/image\/","url":"https:\/\/radioljubuski.ba\/wp-content\/uploads\/2021\/02\/cropped-Radio_Ljubuski_logo1.jpg","contentUrl":"https:\/\/radioljubuski.ba\/wp-content\/uploads\/2021\/02\/cropped-Radio_Ljubuski_logo1.jpg","width":512,"height":512,"caption":"Radio Ljubu\u0161ki"},"image":{"@id":"https:\/\/radioljubuski.ba\/#\/schema\/logo\/image\/"},"sameAs":["https:\/\/www.facebook.com\/Radiio-Ljubuski-1490835324566332","https:\/\/x.com\/radioljubuski","https:\/\/hr.linkedin.com\/company\/radio-ljubuski","https:\/\/www.youtube.com\/channel\/UCHYaeO_n0Db3tjNGudGpXyw"]},{"@type":"Person","@id":"https:\/\/radioljubuski.ba\/#\/schema\/person\/19fc700381a780f69665d7956c469e3b","name":"Radio Ljubu\u0161ki"}]}},"_links":{"self":[{"href":"https:\/\/radioljubuski.ba\/index.php\/wp-json\/wp\/v2\/posts\/165751","targetHints":{"allow":["GET"]}}],"collection":[{"href":"https:\/\/radioljubuski.ba\/index.php\/wp-json\/wp\/v2\/posts"}],"about":[{"href":"https:\/\/radioljubuski.ba\/index.php\/wp-json\/wp\/v2\/types\/post"}],"author":[{"embeddable":true,"href":"https:\/\/radioljubuski.ba\/index.php\/wp-json\/wp\/v2\/users\/2"}],"replies":[{"embeddable":true,"href":"https:\/\/radioljubuski.ba\/index.php\/wp-json\/wp\/v2\/comments?post=165751"}],"version-history":[{"count":1,"href":"https:\/\/radioljubuski.ba\/index.php\/wp-json\/wp\/v2\/posts\/165751\/revisions"}],"predecessor-version":[{"id":165756,"href":"https:\/\/radioljubuski.ba\/index.php\/wp-json\/wp\/v2\/posts\/165751\/revisions\/165756"}],"wp:featuredmedia":[{"embeddable":true,"href":"https:\/\/radioljubuski.ba\/index.php\/wp-json\/wp\/v2\/media\/165755"}],"wp:attachment":[{"href":"https:\/\/radioljubuski.ba\/index.php\/wp-json\/wp\/v2\/media?parent=165751"}],"wp:term":[{"taxonomy":"category","embeddable":true,"href":"https:\/\/radioljubuski.ba\/index.php\/wp-json\/wp\/v2\/categories?post=165751"},{"taxonomy":"post_tag","embeddable":true,"href":"https:\/\/radioljubuski.ba\/index.php\/wp-json\/wp\/v2\/tags?post=165751"}],"curies":[{"name":"wp","href":"https:\/\/api.w.org\/{rel}","templated":true}]}}