{"id":165773,"date":"2022-08-02T10:46:07","date_gmt":"2022-08-02T09:46:07","guid":{"rendered":"https:\/\/radioljubuski.ba\/?p=165773"},"modified":"2022-08-02T10:46:08","modified_gmt":"2022-08-02T09:46:08","slug":"kada-ce-zupanije-djeci-osigurati-djeciji-dodatak","status":"publish","type":"post","link":"https:\/\/radioljubuski.ba\/index.php\/2022\/08\/02\/kada-ce-zupanije-djeci-osigurati-djeciji-dodatak\/","title":{"rendered":"Kada \u0107e \u017eupanije djeci osigurati dje\u010diji dodatak?"},"content":{"rendered":"\n<p>Udru\u017eenje \u201cPorodice tri plus\u201d uputilo je dopis svim \u017eupanijskim vladama u kojem se zahtijeva usvajanje jednakih pronatalitetnih mjera u svim \u017eupanijama, s ciljem jednake podr\u0161ke svim obiteljima u Federaciji Bosne i Hercegovine.&nbsp;<\/p>\n\n\n\n<p>-Usvajanje odre\u0111enih pronatalitetnih mjera u pojedinim \u017eupanijama pokazalo je da na\u0161e dru\u0161tvo mo\u017ee sna\u017enije utjecati na pobolj\u0161anje ekonomskog statusa obitelji s djecom. Na\u017ealost, neusvajanjem istih mjera u svim \u017eupanijama, obitelji sa djecom dovode se u diskriminatoran polo\u017eaj i te\u017ei socijalni status naspram obitelji koje u\u017eivaju te pogodnosti \u2013 istaknuli su iz Udru\u017eenja.&nbsp;<\/p>\n\n\n\n<p>Povodom aktuelnih rebalansa prora\u010duna, upu\u0107enim dopisom iz Udru\u017eenja zahtijevaju da \u017eupanijske vlasti ulo\u017ee sve napore i usvoje pronatalitetne mjere &nbsp;koje su do sada usvojene u drugim \u017eupanijama, kako bi u vremenu demografske katastrofe i lo\u0161e socijalne situacije izjedna\u010dili podr\u0161ku svim obiteljima u FBiH, \u201ctime bi kona\u010dno postali simbolom dru\u0161tvenog konsenzusa i demografske obnove\u201d \u2013 stoji u dopisu.<\/p>\n\n\n\n<p>Navedene mjere su: 1000 KM za sve porodilje u FBiH, mjese\u010dne nov\u010dane naknade i dje\u010diji dodatak bez imovinskog cenzusa za vi\u0161e\u010dlane obitelji, kao i besplatni ud\u017ebenici za sve u\u010denike osnovnih \u0161kola u FBiH, navodi se u priop\u0107enju Udru\u017eenja.<\/p>\n\n\n\n<p>Izvor:pogled.ba<\/p>\n","protected":false},"excerpt":{"rendered":"<p>Udru\u017eenje \u201cPorodice tri plus\u201d uputilo je dopis svim \u017eupanijskim vladama u kojem se zahtijeva usvajanje jednakih pronatalitetnih mjera u svim \u017eupanijama, s ciljem jednake podr\u0161ke svim obiteljima u Federaciji Bosne i Hercegovine.&nbsp; -Usvajanje odre\u0111enih pronatalitetnih mjera u pojedinim \u017eupanijama pokazalo je da na\u0161e dru\u0161tvo mo\u017ee sna\u017enije utjecati na pobolj\u0161anje ekonomskog statusa obitelji s djecom. Na\u017ealost, [&hellip;]<\/p>\n","protected":false},"author":2,"featured_media":165774,"comment_status":"closed","ping_status":"closed","sticky":false,"template":"","format":"standard","meta":{"h5ap_radio_sources":[],"footnotes":""},"categories":[1],"tags":[],"class_list":["post-165773","post","type-post","status-publish","format-standard","has-post-thumbnail","hentry","category-bihiregija"],"yoast_head":"<!-- This site is optimized with the Yoast SEO plugin v27.4 - https:\/\/yoast.com\/product\/yoast-seo-wordpress\/ -->\n<title>Kada \u0107e \u017eupanije djeci osigurati dje\u010diji dodatak? - RADIO LJUBU\u0160KI<\/title>\n<meta name=\"robots\" content=\"index, follow, max-snippet:-1, max-image-preview:large, max-video-preview:-1\" \/>\n<link rel=\"canonical\" href=\"https:\/\/radioljubuski.ba\/index.php\/2022\/08\/02\/kada-ce-zupanije-djeci-osigurati-djeciji-dodatak\/\" \/>\n<meta property=\"og:locale\" content=\"hr_HR\" \/>\n<meta property=\"og:type\" content=\"article\" \/>\n<meta property=\"og:title\" content=\"Kada \u0107e \u017eupanije djeci osigurati dje\u010diji dodatak? - RADIO LJUBU\u0160KI\" \/>\n<meta property=\"og:description\" content=\"Udru\u017eenje \u201cPorodice tri plus\u201d uputilo je dopis svim \u017eupanijskim vladama u kojem se zahtijeva usvajanje jednakih pronatalitetnih mjera u svim \u017eupanijama, s ciljem jednake podr\u0161ke svim obiteljima u Federaciji Bosne i Hercegovine.&nbsp; -Usvajanje odre\u0111enih pronatalitetnih mjera u pojedinim \u017eupanijama pokazalo je da na\u0161e dru\u0161tvo mo\u017ee sna\u017enije utjecati na pobolj\u0161anje ekonomskog statusa obitelji s djecom. Na\u017ealost, [&hellip;]\" \/>\n<meta property=\"og:url\" content=\"https:\/\/radioljubuski.ba\/index.php\/2022\/08\/02\/kada-ce-zupanije-djeci-osigurati-djeciji-dodatak\/\" \/>\n<meta property=\"og:site_name\" content=\"RADIO LJUBU\u0160KI\" \/>\n<meta property=\"article:publisher\" content=\"https:\/\/www.facebook.com\/Radiio-Ljubuski-1490835324566332\" \/>\n<meta property=\"article:published_time\" content=\"2022-08-02T09:46:07+00:00\" \/>\n<meta property=\"article:modified_time\" content=\"2022-08-02T09:46:08+00:00\" \/>\n<meta property=\"og:image\" content=\"https:\/\/radioljubuski.ba\/wp-content\/uploads\/2022\/08\/8-2022-02-12-10-26-49-Djeca-internet.jpg\" \/>\n\t<meta property=\"og:image:width\" content=\"1000\" \/>\n\t<meta property=\"og:image:height\" content=\"625\" \/>\n\t<meta property=\"og:image:type\" content=\"image\/jpeg\" \/>\n<meta name=\"author\" content=\"Radio Ljubu\u0161ki\" \/>\n<meta name=\"twitter:card\" content=\"summary_large_image\" \/>\n<meta name=\"twitter:creator\" content=\"@radioljubuski\" \/>\n<meta name=\"twitter:site\" content=\"@radioljubuski\" \/>\n<meta name=\"twitter:label1\" content=\"Napisao\/la\" \/>\n\t<meta name=\"twitter:data1\" content=\"Radio Ljubu\u0161ki\" \/>\n\t<meta name=\"twitter:label2\" content=\"Procijenjeno vrijeme \u010ditanja\" \/>\n\t<meta name=\"twitter:data2\" content=\"1 minuta\" \/>\n<script type=\"application\/ld+json\" class=\"yoast-schema-graph\">{\"@context\":\"https:\\\/\\\/schema.org\",\"@graph\":[{\"@type\":\"Article\",\"@id\":\"https:\\\/\\\/radioljubuski.ba\\\/index.php\\\/2022\\\/08\\\/02\\\/kada-ce-zupanije-djeci-osigurati-djeciji-dodatak\\\/#article\",\"isPartOf\":{\"@id\":\"https:\\\/\\\/radioljubuski.ba\\\/index.php\\\/2022\\\/08\\\/02\\\/kada-ce-zupanije-djeci-osigurati-djeciji-dodatak\\\/\"},\"author\":{\"name\":\"Radio Ljubu\u0161ki\",\"@id\":\"https:\\\/\\\/radioljubuski.ba\\\/#\\\/schema\\\/person\\\/19fc700381a780f69665d7956c469e3b\"},\"headline\":\"Kada \u0107e \u017eupanije djeci osigurati dje\u010diji dodatak?\",\"datePublished\":\"2022-08-02T09:46:07+00:00\",\"dateModified\":\"2022-08-02T09:46:08+00:00\",\"mainEntityOfPage\":{\"@id\":\"https:\\\/\\\/radioljubuski.ba\\\/index.php\\\/2022\\\/08\\\/02\\\/kada-ce-zupanije-djeci-osigurati-djeciji-dodatak\\\/\"},\"wordCount\":221,\"publisher\":{\"@id\":\"https:\\\/\\\/radioljubuski.ba\\\/#organization\"},\"image\":{\"@id\":\"https:\\\/\\\/radioljubuski.ba\\\/index.php\\\/2022\\\/08\\\/02\\\/kada-ce-zupanije-djeci-osigurati-djeciji-dodatak\\\/#primaryimage\"},\"thumbnailUrl\":\"https:\\\/\\\/radioljubuski.ba\\\/wp-content\\\/uploads\\\/2022\\\/08\\\/8-2022-02-12-10-26-49-Djeca-internet.jpg\",\"articleSection\":[\"BIH i regija\"],\"inLanguage\":\"hr\"},{\"@type\":\"WebPage\",\"@id\":\"https:\\\/\\\/radioljubuski.ba\\\/index.php\\\/2022\\\/08\\\/02\\\/kada-ce-zupanije-djeci-osigurati-djeciji-dodatak\\\/\",\"url\":\"https:\\\/\\\/radioljubuski.ba\\\/index.php\\\/2022\\\/08\\\/02\\\/kada-ce-zupanije-djeci-osigurati-djeciji-dodatak\\\/\",\"name\":\"Kada \u0107e \u017eupanije djeci osigurati dje\u010diji dodatak? - RADIO LJUBU\u0160KI\",\"isPartOf\":{\"@id\":\"https:\\\/\\\/radioljubuski.ba\\\/#website\"},\"primaryImageOfPage\":{\"@id\":\"https:\\\/\\\/radioljubuski.ba\\\/index.php\\\/2022\\\/08\\\/02\\\/kada-ce-zupanije-djeci-osigurati-djeciji-dodatak\\\/#primaryimage\"},\"image\":{\"@id\":\"https:\\\/\\\/radioljubuski.ba\\\/index.php\\\/2022\\\/08\\\/02\\\/kada-ce-zupanije-djeci-osigurati-djeciji-dodatak\\\/#primaryimage\"},\"thumbnailUrl\":\"https:\\\/\\\/radioljubuski.ba\\\/wp-content\\\/uploads\\\/2022\\\/08\\\/8-2022-02-12-10-26-49-Djeca-internet.jpg\",\"datePublished\":\"2022-08-02T09:46:07+00:00\",\"dateModified\":\"2022-08-02T09:46:08+00:00\",\"breadcrumb\":{\"@id\":\"https:\\\/\\\/radioljubuski.ba\\\/index.php\\\/2022\\\/08\\\/02\\\/kada-ce-zupanije-djeci-osigurati-djeciji-dodatak\\\/#breadcrumb\"},\"inLanguage\":\"hr\",\"potentialAction\":[{\"@type\":\"ReadAction\",\"target\":[\"https:\\\/\\\/radioljubuski.ba\\\/index.php\\\/2022\\\/08\\\/02\\\/kada-ce-zupanije-djeci-osigurati-djeciji-dodatak\\\/\"]}]},{\"@type\":\"ImageObject\",\"inLanguage\":\"hr\",\"@id\":\"https:\\\/\\\/radioljubuski.ba\\\/index.php\\\/2022\\\/08\\\/02\\\/kada-ce-zupanije-djeci-osigurati-djeciji-dodatak\\\/#primaryimage\",\"url\":\"https:\\\/\\\/radioljubuski.ba\\\/wp-content\\\/uploads\\\/2022\\\/08\\\/8-2022-02-12-10-26-49-Djeca-internet.jpg\",\"contentUrl\":\"https:\\\/\\\/radioljubuski.ba\\\/wp-content\\\/uploads\\\/2022\\\/08\\\/8-2022-02-12-10-26-49-Djeca-internet.jpg\",\"width\":1000,\"height\":625},{\"@type\":\"BreadcrumbList\",\"@id\":\"https:\\\/\\\/radioljubuski.ba\\\/index.php\\\/2022\\\/08\\\/02\\\/kada-ce-zupanije-djeci-osigurati-djeciji-dodatak\\\/#breadcrumb\",\"itemListElement\":[{\"@type\":\"ListItem\",\"position\":1,\"name\":\"Po\u010detna stranica\",\"item\":\"https:\\\/\\\/radioljubuski.ba\\\/\"},{\"@type\":\"ListItem\",\"position\":2,\"name\":\"Kada \u0107e \u017eupanije djeci osigurati dje\u010diji dodatak?\"}]},{\"@type\":\"WebSite\",\"@id\":\"https:\\\/\\\/radioljubuski.ba\\\/#website\",\"url\":\"https:\\\/\\\/radioljubuski.ba\\\/\",\"name\":\"Radio Ljubu\u0161ki\",\"description\":\"Sun\u010dana frekvencija Hercegovine\",\"publisher\":{\"@id\":\"https:\\\/\\\/radioljubuski.ba\\\/#organization\"},\"potentialAction\":[{\"@type\":\"SearchAction\",\"target\":{\"@type\":\"EntryPoint\",\"urlTemplate\":\"https:\\\/\\\/radioljubuski.ba\\\/?s={search_term_string}\"},\"query-input\":{\"@type\":\"PropertyValueSpecification\",\"valueRequired\":true,\"valueName\":\"search_term_string\"}}],\"inLanguage\":\"hr\"},{\"@type\":\"Organization\",\"@id\":\"https:\\\/\\\/radioljubuski.ba\\\/#organization\",\"name\":\"Radio Ljubu\u0161ki\",\"url\":\"https:\\\/\\\/radioljubuski.ba\\\/\",\"logo\":{\"@type\":\"ImageObject\",\"inLanguage\":\"hr\",\"@id\":\"https:\\\/\\\/radioljubuski.ba\\\/#\\\/schema\\\/logo\\\/image\\\/\",\"url\":\"https:\\\/\\\/radioljubuski.ba\\\/wp-content\\\/uploads\\\/2021\\\/02\\\/cropped-Radio_Ljubuski_logo1.jpg\",\"contentUrl\":\"https:\\\/\\\/radioljubuski.ba\\\/wp-content\\\/uploads\\\/2021\\\/02\\\/cropped-Radio_Ljubuski_logo1.jpg\",\"width\":512,\"height\":512,\"caption\":\"Radio Ljubu\u0161ki\"},\"image\":{\"@id\":\"https:\\\/\\\/radioljubuski.ba\\\/#\\\/schema\\\/logo\\\/image\\\/\"},\"sameAs\":[\"https:\\\/\\\/www.facebook.com\\\/Radiio-Ljubuski-1490835324566332\",\"https:\\\/\\\/x.com\\\/radioljubuski\",\"https:\\\/\\\/hr.linkedin.com\\\/company\\\/radio-ljubuski\",\"https:\\\/\\\/www.youtube.com\\\/channel\\\/UCHYaeO_n0Db3tjNGudGpXyw\"]},{\"@type\":\"Person\",\"@id\":\"https:\\\/\\\/radioljubuski.ba\\\/#\\\/schema\\\/person\\\/19fc700381a780f69665d7956c469e3b\",\"name\":\"Radio Ljubu\u0161ki\"}]}<\/script>\n<!-- \/ Yoast SEO plugin. -->","yoast_head_json":{"title":"Kada \u0107e \u017eupanije djeci osigurati dje\u010diji dodatak? - RADIO LJUBU\u0160KI","robots":{"index":"index","follow":"follow","max-snippet":"max-snippet:-1","max-image-preview":"max-image-preview:large","max-video-preview":"max-video-preview:-1"},"canonical":"https:\/\/radioljubuski.ba\/index.php\/2022\/08\/02\/kada-ce-zupanije-djeci-osigurati-djeciji-dodatak\/","og_locale":"hr_HR","og_type":"article","og_title":"Kada \u0107e \u017eupanije djeci osigurati dje\u010diji dodatak? - RADIO LJUBU\u0160KI","og_description":"Udru\u017eenje \u201cPorodice tri plus\u201d uputilo je dopis svim \u017eupanijskim vladama u kojem se zahtijeva usvajanje jednakih pronatalitetnih mjera u svim \u017eupanijama, s ciljem jednake podr\u0161ke svim obiteljima u Federaciji Bosne i Hercegovine.&nbsp; -Usvajanje odre\u0111enih pronatalitetnih mjera u pojedinim \u017eupanijama pokazalo je da na\u0161e dru\u0161tvo mo\u017ee sna\u017enije utjecati na pobolj\u0161anje ekonomskog statusa obitelji s djecom. Na\u017ealost, [&hellip;]","og_url":"https:\/\/radioljubuski.ba\/index.php\/2022\/08\/02\/kada-ce-zupanije-djeci-osigurati-djeciji-dodatak\/","og_site_name":"RADIO LJUBU\u0160KI","article_publisher":"https:\/\/www.facebook.com\/Radiio-Ljubuski-1490835324566332","article_published_time":"2022-08-02T09:46:07+00:00","article_modified_time":"2022-08-02T09:46:08+00:00","og_image":[{"width":1000,"height":625,"url":"https:\/\/radioljubuski.ba\/wp-content\/uploads\/2022\/08\/8-2022-02-12-10-26-49-Djeca-internet.jpg","type":"image\/jpeg"}],"author":"Radio Ljubu\u0161ki","twitter_card":"summary_large_image","twitter_creator":"@radioljubuski","twitter_site":"@radioljubuski","twitter_misc":{"Napisao\/la":"Radio Ljubu\u0161ki","Procijenjeno vrijeme \u010ditanja":"1 minuta"},"schema":{"@context":"https:\/\/schema.org","@graph":[{"@type":"Article","@id":"https:\/\/radioljubuski.ba\/index.php\/2022\/08\/02\/kada-ce-zupanije-djeci-osigurati-djeciji-dodatak\/#article","isPartOf":{"@id":"https:\/\/radioljubuski.ba\/index.php\/2022\/08\/02\/kada-ce-zupanije-djeci-osigurati-djeciji-dodatak\/"},"author":{"name":"Radio Ljubu\u0161ki","@id":"https:\/\/radioljubuski.ba\/#\/schema\/person\/19fc700381a780f69665d7956c469e3b"},"headline":"Kada \u0107e \u017eupanije djeci osigurati dje\u010diji dodatak?","datePublished":"2022-08-02T09:46:07+00:00","dateModified":"2022-08-02T09:46:08+00:00","mainEntityOfPage":{"@id":"https:\/\/radioljubuski.ba\/index.php\/2022\/08\/02\/kada-ce-zupanije-djeci-osigurati-djeciji-dodatak\/"},"wordCount":221,"publisher":{"@id":"https:\/\/radioljubuski.ba\/#organization"},"image":{"@id":"https:\/\/radioljubuski.ba\/index.php\/2022\/08\/02\/kada-ce-zupanije-djeci-osigurati-djeciji-dodatak\/#primaryimage"},"thumbnailUrl":"https:\/\/radioljubuski.ba\/wp-content\/uploads\/2022\/08\/8-2022-02-12-10-26-49-Djeca-internet.jpg","articleSection":["BIH i regija"],"inLanguage":"hr"},{"@type":"WebPage","@id":"https:\/\/radioljubuski.ba\/index.php\/2022\/08\/02\/kada-ce-zupanije-djeci-osigurati-djeciji-dodatak\/","url":"https:\/\/radioljubuski.ba\/index.php\/2022\/08\/02\/kada-ce-zupanije-djeci-osigurati-djeciji-dodatak\/","name":"Kada \u0107e \u017eupanije djeci osigurati dje\u010diji dodatak? - RADIO LJUBU\u0160KI","isPartOf":{"@id":"https:\/\/radioljubuski.ba\/#website"},"primaryImageOfPage":{"@id":"https:\/\/radioljubuski.ba\/index.php\/2022\/08\/02\/kada-ce-zupanije-djeci-osigurati-djeciji-dodatak\/#primaryimage"},"image":{"@id":"https:\/\/radioljubuski.ba\/index.php\/2022\/08\/02\/kada-ce-zupanije-djeci-osigurati-djeciji-dodatak\/#primaryimage"},"thumbnailUrl":"https:\/\/radioljubuski.ba\/wp-content\/uploads\/2022\/08\/8-2022-02-12-10-26-49-Djeca-internet.jpg","datePublished":"2022-08-02T09:46:07+00:00","dateModified":"2022-08-02T09:46:08+00:00","breadcrumb":{"@id":"https:\/\/radioljubuski.ba\/index.php\/2022\/08\/02\/kada-ce-zupanije-djeci-osigurati-djeciji-dodatak\/#breadcrumb"},"inLanguage":"hr","potentialAction":[{"@type":"ReadAction","target":["https:\/\/radioljubuski.ba\/index.php\/2022\/08\/02\/kada-ce-zupanije-djeci-osigurati-djeciji-dodatak\/"]}]},{"@type":"ImageObject","inLanguage":"hr","@id":"https:\/\/radioljubuski.ba\/index.php\/2022\/08\/02\/kada-ce-zupanije-djeci-osigurati-djeciji-dodatak\/#primaryimage","url":"https:\/\/radioljubuski.ba\/wp-content\/uploads\/2022\/08\/8-2022-02-12-10-26-49-Djeca-internet.jpg","contentUrl":"https:\/\/radioljubuski.ba\/wp-content\/uploads\/2022\/08\/8-2022-02-12-10-26-49-Djeca-internet.jpg","width":1000,"height":625},{"@type":"BreadcrumbList","@id":"https:\/\/radioljubuski.ba\/index.php\/2022\/08\/02\/kada-ce-zupanije-djeci-osigurati-djeciji-dodatak\/#breadcrumb","itemListElement":[{"@type":"ListItem","position":1,"name":"Po\u010detna stranica","item":"https:\/\/radioljubuski.ba\/"},{"@type":"ListItem","position":2,"name":"Kada \u0107e \u017eupanije djeci osigurati dje\u010diji dodatak?"}]},{"@type":"WebSite","@id":"https:\/\/radioljubuski.ba\/#website","url":"https:\/\/radioljubuski.ba\/","name":"Radio Ljubu\u0161ki","description":"Sun\u010dana frekvencija Hercegovine","publisher":{"@id":"https:\/\/radioljubuski.ba\/#organization"},"potentialAction":[{"@type":"SearchAction","target":{"@type":"EntryPoint","urlTemplate":"https:\/\/radioljubuski.ba\/?s={search_term_string}"},"query-input":{"@type":"PropertyValueSpecification","valueRequired":true,"valueName":"search_term_string"}}],"inLanguage":"hr"},{"@type":"Organization","@id":"https:\/\/radioljubuski.ba\/#organization","name":"Radio Ljubu\u0161ki","url":"https:\/\/radioljubuski.ba\/","logo":{"@type":"ImageObject","inLanguage":"hr","@id":"https:\/\/radioljubuski.ba\/#\/schema\/logo\/image\/","url":"https:\/\/radioljubuski.ba\/wp-content\/uploads\/2021\/02\/cropped-Radio_Ljubuski_logo1.jpg","contentUrl":"https:\/\/radioljubuski.ba\/wp-content\/uploads\/2021\/02\/cropped-Radio_Ljubuski_logo1.jpg","width":512,"height":512,"caption":"Radio Ljubu\u0161ki"},"image":{"@id":"https:\/\/radioljubuski.ba\/#\/schema\/logo\/image\/"},"sameAs":["https:\/\/www.facebook.com\/Radiio-Ljubuski-1490835324566332","https:\/\/x.com\/radioljubuski","https:\/\/hr.linkedin.com\/company\/radio-ljubuski","https:\/\/www.youtube.com\/channel\/UCHYaeO_n0Db3tjNGudGpXyw"]},{"@type":"Person","@id":"https:\/\/radioljubuski.ba\/#\/schema\/person\/19fc700381a780f69665d7956c469e3b","name":"Radio Ljubu\u0161ki"}]}},"_links":{"self":[{"href":"https:\/\/radioljubuski.ba\/index.php\/wp-json\/wp\/v2\/posts\/165773","targetHints":{"allow":["GET"]}}],"collection":[{"href":"https:\/\/radioljubuski.ba\/index.php\/wp-json\/wp\/v2\/posts"}],"about":[{"href":"https:\/\/radioljubuski.ba\/index.php\/wp-json\/wp\/v2\/types\/post"}],"author":[{"embeddable":true,"href":"https:\/\/radioljubuski.ba\/index.php\/wp-json\/wp\/v2\/users\/2"}],"replies":[{"embeddable":true,"href":"https:\/\/radioljubuski.ba\/index.php\/wp-json\/wp\/v2\/comments?post=165773"}],"version-history":[{"count":1,"href":"https:\/\/radioljubuski.ba\/index.php\/wp-json\/wp\/v2\/posts\/165773\/revisions"}],"predecessor-version":[{"id":165775,"href":"https:\/\/radioljubuski.ba\/index.php\/wp-json\/wp\/v2\/posts\/165773\/revisions\/165775"}],"wp:featuredmedia":[{"embeddable":true,"href":"https:\/\/radioljubuski.ba\/index.php\/wp-json\/wp\/v2\/media\/165774"}],"wp:attachment":[{"href":"https:\/\/radioljubuski.ba\/index.php\/wp-json\/wp\/v2\/media?parent=165773"}],"wp:term":[{"taxonomy":"category","embeddable":true,"href":"https:\/\/radioljubuski.ba\/index.php\/wp-json\/wp\/v2\/categories?post=165773"},{"taxonomy":"post_tag","embeddable":true,"href":"https:\/\/radioljubuski.ba\/index.php\/wp-json\/wp\/v2\/tags?post=165773"}],"curies":[{"name":"wp","href":"https:\/\/api.w.org\/{rel}","templated":true}]}}