{"id":165800,"date":"2022-08-02T11:34:29","date_gmt":"2022-08-02T10:34:29","guid":{"rendered":"https:\/\/radioljubuski.ba\/?p=165800"},"modified":"2022-08-02T11:34:31","modified_gmt":"2022-08-02T10:34:31","slug":"britanac-odusevljen-peljeskim-mostom-i-hrvatskim-ljepotama-kao-u-oblacima","status":"publish","type":"post","link":"https:\/\/radioljubuski.ba\/index.php\/2022\/08\/02\/britanac-odusevljen-peljeskim-mostom-i-hrvatskim-ljepotama-kao-u-oblacima\/","title":{"rendered":"Britanac odu\u0161evljen Pelje\u0161kim mostom i hrvatskim ljepotama: \u2018Kao u oblacima..\u2019"},"content":{"rendered":"\n<p>Britanac Tristan Rutherford istra\u017eio je hrvatsku obalu, vozio se Pelje\u0161kim mostom, degustirao vina, jeo mediteransku hranu, odu\u0161evio se hrvatskim ljepotama. Njegovo iskustvo prenio je <a href=\"https:\/\/www.thetimes.co.uk\/article\/the-ultimate-croatian-road-trip-just-got-even-easier-flz5ztz07\" target=\"_blank\" rel=\"noreferrer noopener\">The Times<\/a>, a u nastavku prenosimo iskustvo u cijelosti.<\/p>\n\n\n\n<p>\u201cPrvi sam Britanac koji se provozao hrvatskim Pelje\u0161kim mostom. Most vrijedan 467 milijuna funti vijuga iznad Jadranskog mora, povezuju\u0107i naselje Komarnu i poluotok Pelje\u0161ac. Dug kilometar i pol, most je toliko visok, poput vijadukta Millau Normana Fostera u ju\u017enoj Francuskoj. Osje\u0107ao sam se kao da sam prolazio kroz oblake dok sam se njime vozio.<\/p>\n\n\n\n<p>Most zamjenjuje staru cestu koja prolazi kroz dio Bosne i Hercegovine, taj put nakratko je prekidao hrvatsku obalu Jadrana. Ta postoje\u0107a ruta u\u010dinila je vo\u017enju izme\u0111u Splita i Dubrovnika petosatnim maratonom, uklju\u010duju\u0107i grani\u010dne prijelaze iz i natrag u EU. Otkada se otvorio Pelje\u0161ki most, dva su se hrvatska obalna \u010dvori\u0161ta spojila te smanjilo vremensko putovanje.<\/p>\n\n\n\n<p>Pelje\u0161ac izgleda ba\u0161 kao oni otoci prije 20 godina. Moja prva stanica je bila pla\u017ea Vu\u010dine, pje\u0161\u010dana zona u sjeni borova okru\u017eena liticama, 15 minuta od mosta.<\/p>\n\n\n\n<p>Udaljen 40 minuta vo\u017enje, na ulazu u Orebi\u0107 nalaze se kamene ribarske ku\u0107e boje meda. U Mimbelliju, jednom od restorana uz pla\u017eu, 21-godi\u0161nja kuharica Zana Mari\u0107 poslu\u017eila mi je sve \u0161to su joj njezini prijatelji ribari donijeli, od carpaccija, hobotnice, pa\u0161tete, plodova mora..<\/p>\n\n\n\n<p>Dvije velike atrakcije poluotoka Pelje\u0161ca su <em>kitesurfing<\/em> svjetske klase na mirnom kanalu izme\u0111u otoka i Kor\u010dule, jo\u0161 jedna atrakcija je degustacija. Birao sam ovo drugo. U prolje\u0107e je Vinarija Mikuli\u0107 otvorila muzej lokalne tradicije sa starim pre\u0161ama za masline i amforama u kojima se prije 2000 godina \u010duvalo poluoto\u010dno vino. Sada\u0161nji urod donosi mladi vinogradar Antonio Mikuli\u0107, koji je s 19 godina osvojio Decanterovu nagradu.<\/p>\n\n\n\n<p>Mikuli\u0107 mi je nato\u010dio \u010da\u0161u Plavca malog. Obitelj Mikuli\u0107 tako\u0111er posjeduje Adriatic Wine Resort neposredno ispod vinograda. Kamp ima restoran na pla\u017ei, koji visi iznad mora svijetle\u0107i u ljubi\u010dastoj boji na zalasku sunca.<\/p>\n\n\n\n<p>Zamislite divlju oceansku topografiju \u0160kotske, samo suptropsku, s vinogradima priljubljenim uz litice koje se strmoglavljuju kilometrima do pla\u017ee. \u010cini se da svaki od 8000 stanovnika poluotoka ima svje\u017ea jaja, mjesta za kampiranje, vre\u0107e smokava..<\/p>\n\n\n\n<p>Na pola puta (i blizu mosta) nalazi se selo Putnikovi\u0107, u kojem se nalazi prvi hrvatski muzej vina. U njemu se mo\u017ee saznati kako nastaje gro\u017e\u0111e punog okusa. Poslijepodnevna degustacija s lokalnim vinskim asom Mirom Bezekom, koji poma\u017ee u upravljanju proizvodnjom 140 vinarskih obitelji, ko\u0161ta 2 funte.<\/p>\n\n\n\n<p>Bijelo vino Sveta Ana Mara\u0161tina ima okus prolje\u0107a. Libertas Plavac Mali lupa kao rakija, a sklizne kao sok \u2013 opasna stvar. Nije to jedina opasnost povezana s pelje\u0161kim vinima: medvjedi obi\u010davaju sjediti na vinovim lozama, a divlje svinje kradu gro\u017e\u0111e.<\/p>\n\n\n\n<p>Sljede\u0107e sam jutro bio u Malom Stonu, mjestu koje se nalazi na poluotoku Pelje\u0161cu. More izme\u0111u ovog mjesta i novog mosta sadr\u017ei ne\u0161to prekrasno: kamenice. Mo\u017eete i\u0107i na turu kajakom. Ja sam i\u0161ao ribarskim brodom koji pripada ribljem restoranu Bota \u0160are, koji isplovljava do vlastite degustacijske teglenice usidrene u zaljevu.<\/p>\n\n\n\n<p>Postoji samo jedan put do Kobasa na isto\u010dnom kraju poluotoka \u2013 makadamska zaboravljena staza. Parkirao sam kod Gastro Mare, restorana koji je kraj mora.<\/p>\n\n\n\n<p>Gastro Mare je spoj vrhunskog chefa Tonija Bjelan\u010di\u0107a i nutricionistice Maje Rupert. Stolice ispod maslina, savr\u0161en jelovnik..<\/p>\n\n\n\n<p>Od listopada \u0107e drugi most u blizini Koba\u0161a nuditi pre\u010dac do Dubrovnika, nadopunjuju\u0107i potpuno novi Pelje\u0161ki most koji vodi prema Splitu\u201d, zaklju\u010dio je.<\/p>\n\n\n\n<p><em>Izvor: narod.hr\/thetimes.co.uk<\/em><\/p>\n","protected":false},"excerpt":{"rendered":"<p>Britanac Tristan Rutherford istra\u017eio je hrvatsku obalu, vozio se Pelje\u0161kim mostom, degustirao vina, jeo mediteransku hranu, odu\u0161evio se hrvatskim ljepotama. Njegovo iskustvo prenio je The Times, a u nastavku prenosimo iskustvo u cijelosti. \u201cPrvi sam Britanac koji se provozao hrvatskim Pelje\u0161kim mostom. Most vrijedan 467 milijuna funti vijuga iznad Jadranskog mora, povezuju\u0107i naselje Komarnu i [&hellip;]<\/p>\n","protected":false},"author":2,"featured_media":165801,"comment_status":"closed","ping_status":"closed","sticky":false,"template":"","format":"standard","meta":{"h5ap_radio_sources":[],"footnotes":""},"categories":[1],"tags":[],"class_list":["post-165800","post","type-post","status-publish","format-standard","has-post-thumbnail","hentry","category-bihiregija"],"yoast_head":"<!-- This site is optimized with the Yoast SEO plugin v27.4 - https:\/\/yoast.com\/product\/yoast-seo-wordpress\/ -->\n<title>Britanac odu\u0161evljen Pelje\u0161kim mostom i hrvatskim ljepotama: \u2018Kao u oblacima..\u2019 - RADIO LJUBU\u0160KI<\/title>\n<meta name=\"robots\" content=\"index, follow, max-snippet:-1, max-image-preview:large, max-video-preview:-1\" \/>\n<link rel=\"canonical\" href=\"https:\/\/radioljubuski.ba\/index.php\/2022\/08\/02\/britanac-odusevljen-peljeskim-mostom-i-hrvatskim-ljepotama-kao-u-oblacima\/\" \/>\n<meta property=\"og:locale\" content=\"hr_HR\" \/>\n<meta property=\"og:type\" content=\"article\" \/>\n<meta property=\"og:title\" content=\"Britanac odu\u0161evljen Pelje\u0161kim mostom i hrvatskim ljepotama: \u2018Kao u oblacima..\u2019 - RADIO LJUBU\u0160KI\" \/>\n<meta property=\"og:description\" content=\"Britanac Tristan Rutherford istra\u017eio je hrvatsku obalu, vozio se Pelje\u0161kim mostom, degustirao vina, jeo mediteransku hranu, odu\u0161evio se hrvatskim ljepotama. Njegovo iskustvo prenio je The Times, a u nastavku prenosimo iskustvo u cijelosti. \u201cPrvi sam Britanac koji se provozao hrvatskim Pelje\u0161kim mostom. Most vrijedan 467 milijuna funti vijuga iznad Jadranskog mora, povezuju\u0107i naselje Komarnu i [&hellip;]\" \/>\n<meta property=\"og:url\" content=\"https:\/\/radioljubuski.ba\/index.php\/2022\/08\/02\/britanac-odusevljen-peljeskim-mostom-i-hrvatskim-ljepotama-kao-u-oblacima\/\" \/>\n<meta property=\"og:site_name\" content=\"RADIO LJUBU\u0160KI\" \/>\n<meta property=\"article:publisher\" content=\"https:\/\/www.facebook.com\/Radiio-Ljubuski-1490835324566332\" \/>\n<meta property=\"article:published_time\" content=\"2022-08-02T10:34:29+00:00\" \/>\n<meta property=\"article:modified_time\" content=\"2022-08-02T10:34:31+00:00\" \/>\n<meta property=\"og:image\" content=\"https:\/\/radioljubuski.ba\/wp-content\/uploads\/2022\/08\/HN20220725630768-696x431-1.jpg\" \/>\n\t<meta property=\"og:image:width\" content=\"696\" \/>\n\t<meta property=\"og:image:height\" content=\"431\" \/>\n\t<meta property=\"og:image:type\" content=\"image\/jpeg\" \/>\n<meta name=\"author\" content=\"Radio Ljubu\u0161ki\" \/>\n<meta name=\"twitter:card\" content=\"summary_large_image\" \/>\n<meta name=\"twitter:creator\" content=\"@radioljubuski\" \/>\n<meta name=\"twitter:site\" content=\"@radioljubuski\" \/>\n<meta name=\"twitter:label1\" content=\"Napisao\/la\" \/>\n\t<meta name=\"twitter:data1\" content=\"Radio Ljubu\u0161ki\" \/>\n\t<meta name=\"twitter:label2\" content=\"Procijenjeno vrijeme \u010ditanja\" \/>\n\t<meta name=\"twitter:data2\" content=\"3 minute\" \/>\n<script type=\"application\/ld+json\" class=\"yoast-schema-graph\">{\"@context\":\"https:\\\/\\\/schema.org\",\"@graph\":[{\"@type\":\"Article\",\"@id\":\"https:\\\/\\\/radioljubuski.ba\\\/index.php\\\/2022\\\/08\\\/02\\\/britanac-odusevljen-peljeskim-mostom-i-hrvatskim-ljepotama-kao-u-oblacima\\\/#article\",\"isPartOf\":{\"@id\":\"https:\\\/\\\/radioljubuski.ba\\\/index.php\\\/2022\\\/08\\\/02\\\/britanac-odusevljen-peljeskim-mostom-i-hrvatskim-ljepotama-kao-u-oblacima\\\/\"},\"author\":{\"name\":\"Radio Ljubu\u0161ki\",\"@id\":\"https:\\\/\\\/radioljubuski.ba\\\/#\\\/schema\\\/person\\\/19fc700381a780f69665d7956c469e3b\"},\"headline\":\"Britanac odu\u0161evljen Pelje\u0161kim mostom i hrvatskim ljepotama: \u2018Kao u oblacima..\u2019\",\"datePublished\":\"2022-08-02T10:34:29+00:00\",\"dateModified\":\"2022-08-02T10:34:31+00:00\",\"mainEntityOfPage\":{\"@id\":\"https:\\\/\\\/radioljubuski.ba\\\/index.php\\\/2022\\\/08\\\/02\\\/britanac-odusevljen-peljeskim-mostom-i-hrvatskim-ljepotama-kao-u-oblacima\\\/\"},\"wordCount\":622,\"publisher\":{\"@id\":\"https:\\\/\\\/radioljubuski.ba\\\/#organization\"},\"image\":{\"@id\":\"https:\\\/\\\/radioljubuski.ba\\\/index.php\\\/2022\\\/08\\\/02\\\/britanac-odusevljen-peljeskim-mostom-i-hrvatskim-ljepotama-kao-u-oblacima\\\/#primaryimage\"},\"thumbnailUrl\":\"https:\\\/\\\/radioljubuski.ba\\\/wp-content\\\/uploads\\\/2022\\\/08\\\/HN20220725630768-696x431-1.jpg\",\"articleSection\":[\"BIH i regija\"],\"inLanguage\":\"hr\"},{\"@type\":\"WebPage\",\"@id\":\"https:\\\/\\\/radioljubuski.ba\\\/index.php\\\/2022\\\/08\\\/02\\\/britanac-odusevljen-peljeskim-mostom-i-hrvatskim-ljepotama-kao-u-oblacima\\\/\",\"url\":\"https:\\\/\\\/radioljubuski.ba\\\/index.php\\\/2022\\\/08\\\/02\\\/britanac-odusevljen-peljeskim-mostom-i-hrvatskim-ljepotama-kao-u-oblacima\\\/\",\"name\":\"Britanac odu\u0161evljen Pelje\u0161kim mostom i hrvatskim ljepotama: \u2018Kao u oblacima..\u2019 - RADIO LJUBU\u0160KI\",\"isPartOf\":{\"@id\":\"https:\\\/\\\/radioljubuski.ba\\\/#website\"},\"primaryImageOfPage\":{\"@id\":\"https:\\\/\\\/radioljubuski.ba\\\/index.php\\\/2022\\\/08\\\/02\\\/britanac-odusevljen-peljeskim-mostom-i-hrvatskim-ljepotama-kao-u-oblacima\\\/#primaryimage\"},\"image\":{\"@id\":\"https:\\\/\\\/radioljubuski.ba\\\/index.php\\\/2022\\\/08\\\/02\\\/britanac-odusevljen-peljeskim-mostom-i-hrvatskim-ljepotama-kao-u-oblacima\\\/#primaryimage\"},\"thumbnailUrl\":\"https:\\\/\\\/radioljubuski.ba\\\/wp-content\\\/uploads\\\/2022\\\/08\\\/HN20220725630768-696x431-1.jpg\",\"datePublished\":\"2022-08-02T10:34:29+00:00\",\"dateModified\":\"2022-08-02T10:34:31+00:00\",\"breadcrumb\":{\"@id\":\"https:\\\/\\\/radioljubuski.ba\\\/index.php\\\/2022\\\/08\\\/02\\\/britanac-odusevljen-peljeskim-mostom-i-hrvatskim-ljepotama-kao-u-oblacima\\\/#breadcrumb\"},\"inLanguage\":\"hr\",\"potentialAction\":[{\"@type\":\"ReadAction\",\"target\":[\"https:\\\/\\\/radioljubuski.ba\\\/index.php\\\/2022\\\/08\\\/02\\\/britanac-odusevljen-peljeskim-mostom-i-hrvatskim-ljepotama-kao-u-oblacima\\\/\"]}]},{\"@type\":\"ImageObject\",\"inLanguage\":\"hr\",\"@id\":\"https:\\\/\\\/radioljubuski.ba\\\/index.php\\\/2022\\\/08\\\/02\\\/britanac-odusevljen-peljeskim-mostom-i-hrvatskim-ljepotama-kao-u-oblacima\\\/#primaryimage\",\"url\":\"https:\\\/\\\/radioljubuski.ba\\\/wp-content\\\/uploads\\\/2022\\\/08\\\/HN20220725630768-696x431-1.jpg\",\"contentUrl\":\"https:\\\/\\\/radioljubuski.ba\\\/wp-content\\\/uploads\\\/2022\\\/08\\\/HN20220725630768-696x431-1.jpg\",\"width\":696,\"height\":431},{\"@type\":\"BreadcrumbList\",\"@id\":\"https:\\\/\\\/radioljubuski.ba\\\/index.php\\\/2022\\\/08\\\/02\\\/britanac-odusevljen-peljeskim-mostom-i-hrvatskim-ljepotama-kao-u-oblacima\\\/#breadcrumb\",\"itemListElement\":[{\"@type\":\"ListItem\",\"position\":1,\"name\":\"Po\u010detna stranica\",\"item\":\"https:\\\/\\\/radioljubuski.ba\\\/\"},{\"@type\":\"ListItem\",\"position\":2,\"name\":\"Britanac odu\u0161evljen Pelje\u0161kim mostom i hrvatskim ljepotama: \u2018Kao u oblacima..\u2019\"}]},{\"@type\":\"WebSite\",\"@id\":\"https:\\\/\\\/radioljubuski.ba\\\/#website\",\"url\":\"https:\\\/\\\/radioljubuski.ba\\\/\",\"name\":\"Radio Ljubu\u0161ki\",\"description\":\"Sun\u010dana frekvencija Hercegovine\",\"publisher\":{\"@id\":\"https:\\\/\\\/radioljubuski.ba\\\/#organization\"},\"potentialAction\":[{\"@type\":\"SearchAction\",\"target\":{\"@type\":\"EntryPoint\",\"urlTemplate\":\"https:\\\/\\\/radioljubuski.ba\\\/?s={search_term_string}\"},\"query-input\":{\"@type\":\"PropertyValueSpecification\",\"valueRequired\":true,\"valueName\":\"search_term_string\"}}],\"inLanguage\":\"hr\"},{\"@type\":\"Organization\",\"@id\":\"https:\\\/\\\/radioljubuski.ba\\\/#organization\",\"name\":\"Radio Ljubu\u0161ki\",\"url\":\"https:\\\/\\\/radioljubuski.ba\\\/\",\"logo\":{\"@type\":\"ImageObject\",\"inLanguage\":\"hr\",\"@id\":\"https:\\\/\\\/radioljubuski.ba\\\/#\\\/schema\\\/logo\\\/image\\\/\",\"url\":\"https:\\\/\\\/radioljubuski.ba\\\/wp-content\\\/uploads\\\/2021\\\/02\\\/cropped-Radio_Ljubuski_logo1.jpg\",\"contentUrl\":\"https:\\\/\\\/radioljubuski.ba\\\/wp-content\\\/uploads\\\/2021\\\/02\\\/cropped-Radio_Ljubuski_logo1.jpg\",\"width\":512,\"height\":512,\"caption\":\"Radio Ljubu\u0161ki\"},\"image\":{\"@id\":\"https:\\\/\\\/radioljubuski.ba\\\/#\\\/schema\\\/logo\\\/image\\\/\"},\"sameAs\":[\"https:\\\/\\\/www.facebook.com\\\/Radiio-Ljubuski-1490835324566332\",\"https:\\\/\\\/x.com\\\/radioljubuski\",\"https:\\\/\\\/hr.linkedin.com\\\/company\\\/radio-ljubuski\",\"https:\\\/\\\/www.youtube.com\\\/channel\\\/UCHYaeO_n0Db3tjNGudGpXyw\"]},{\"@type\":\"Person\",\"@id\":\"https:\\\/\\\/radioljubuski.ba\\\/#\\\/schema\\\/person\\\/19fc700381a780f69665d7956c469e3b\",\"name\":\"Radio Ljubu\u0161ki\"}]}<\/script>\n<!-- \/ Yoast SEO plugin. -->","yoast_head_json":{"title":"Britanac odu\u0161evljen Pelje\u0161kim mostom i hrvatskim ljepotama: \u2018Kao u oblacima..\u2019 - RADIO LJUBU\u0160KI","robots":{"index":"index","follow":"follow","max-snippet":"max-snippet:-1","max-image-preview":"max-image-preview:large","max-video-preview":"max-video-preview:-1"},"canonical":"https:\/\/radioljubuski.ba\/index.php\/2022\/08\/02\/britanac-odusevljen-peljeskim-mostom-i-hrvatskim-ljepotama-kao-u-oblacima\/","og_locale":"hr_HR","og_type":"article","og_title":"Britanac odu\u0161evljen Pelje\u0161kim mostom i hrvatskim ljepotama: \u2018Kao u oblacima..\u2019 - RADIO LJUBU\u0160KI","og_description":"Britanac Tristan Rutherford istra\u017eio je hrvatsku obalu, vozio se Pelje\u0161kim mostom, degustirao vina, jeo mediteransku hranu, odu\u0161evio se hrvatskim ljepotama. Njegovo iskustvo prenio je The Times, a u nastavku prenosimo iskustvo u cijelosti. \u201cPrvi sam Britanac koji se provozao hrvatskim Pelje\u0161kim mostom. Most vrijedan 467 milijuna funti vijuga iznad Jadranskog mora, povezuju\u0107i naselje Komarnu i [&hellip;]","og_url":"https:\/\/radioljubuski.ba\/index.php\/2022\/08\/02\/britanac-odusevljen-peljeskim-mostom-i-hrvatskim-ljepotama-kao-u-oblacima\/","og_site_name":"RADIO LJUBU\u0160KI","article_publisher":"https:\/\/www.facebook.com\/Radiio-Ljubuski-1490835324566332","article_published_time":"2022-08-02T10:34:29+00:00","article_modified_time":"2022-08-02T10:34:31+00:00","og_image":[{"width":696,"height":431,"url":"https:\/\/radioljubuski.ba\/wp-content\/uploads\/2022\/08\/HN20220725630768-696x431-1.jpg","type":"image\/jpeg"}],"author":"Radio Ljubu\u0161ki","twitter_card":"summary_large_image","twitter_creator":"@radioljubuski","twitter_site":"@radioljubuski","twitter_misc":{"Napisao\/la":"Radio Ljubu\u0161ki","Procijenjeno vrijeme \u010ditanja":"3 minute"},"schema":{"@context":"https:\/\/schema.org","@graph":[{"@type":"Article","@id":"https:\/\/radioljubuski.ba\/index.php\/2022\/08\/02\/britanac-odusevljen-peljeskim-mostom-i-hrvatskim-ljepotama-kao-u-oblacima\/#article","isPartOf":{"@id":"https:\/\/radioljubuski.ba\/index.php\/2022\/08\/02\/britanac-odusevljen-peljeskim-mostom-i-hrvatskim-ljepotama-kao-u-oblacima\/"},"author":{"name":"Radio Ljubu\u0161ki","@id":"https:\/\/radioljubuski.ba\/#\/schema\/person\/19fc700381a780f69665d7956c469e3b"},"headline":"Britanac odu\u0161evljen Pelje\u0161kim mostom i hrvatskim ljepotama: \u2018Kao u oblacima..\u2019","datePublished":"2022-08-02T10:34:29+00:00","dateModified":"2022-08-02T10:34:31+00:00","mainEntityOfPage":{"@id":"https:\/\/radioljubuski.ba\/index.php\/2022\/08\/02\/britanac-odusevljen-peljeskim-mostom-i-hrvatskim-ljepotama-kao-u-oblacima\/"},"wordCount":622,"publisher":{"@id":"https:\/\/radioljubuski.ba\/#organization"},"image":{"@id":"https:\/\/radioljubuski.ba\/index.php\/2022\/08\/02\/britanac-odusevljen-peljeskim-mostom-i-hrvatskim-ljepotama-kao-u-oblacima\/#primaryimage"},"thumbnailUrl":"https:\/\/radioljubuski.ba\/wp-content\/uploads\/2022\/08\/HN20220725630768-696x431-1.jpg","articleSection":["BIH i regija"],"inLanguage":"hr"},{"@type":"WebPage","@id":"https:\/\/radioljubuski.ba\/index.php\/2022\/08\/02\/britanac-odusevljen-peljeskim-mostom-i-hrvatskim-ljepotama-kao-u-oblacima\/","url":"https:\/\/radioljubuski.ba\/index.php\/2022\/08\/02\/britanac-odusevljen-peljeskim-mostom-i-hrvatskim-ljepotama-kao-u-oblacima\/","name":"Britanac odu\u0161evljen Pelje\u0161kim mostom i hrvatskim ljepotama: \u2018Kao u oblacima..\u2019 - RADIO LJUBU\u0160KI","isPartOf":{"@id":"https:\/\/radioljubuski.ba\/#website"},"primaryImageOfPage":{"@id":"https:\/\/radioljubuski.ba\/index.php\/2022\/08\/02\/britanac-odusevljen-peljeskim-mostom-i-hrvatskim-ljepotama-kao-u-oblacima\/#primaryimage"},"image":{"@id":"https:\/\/radioljubuski.ba\/index.php\/2022\/08\/02\/britanac-odusevljen-peljeskim-mostom-i-hrvatskim-ljepotama-kao-u-oblacima\/#primaryimage"},"thumbnailUrl":"https:\/\/radioljubuski.ba\/wp-content\/uploads\/2022\/08\/HN20220725630768-696x431-1.jpg","datePublished":"2022-08-02T10:34:29+00:00","dateModified":"2022-08-02T10:34:31+00:00","breadcrumb":{"@id":"https:\/\/radioljubuski.ba\/index.php\/2022\/08\/02\/britanac-odusevljen-peljeskim-mostom-i-hrvatskim-ljepotama-kao-u-oblacima\/#breadcrumb"},"inLanguage":"hr","potentialAction":[{"@type":"ReadAction","target":["https:\/\/radioljubuski.ba\/index.php\/2022\/08\/02\/britanac-odusevljen-peljeskim-mostom-i-hrvatskim-ljepotama-kao-u-oblacima\/"]}]},{"@type":"ImageObject","inLanguage":"hr","@id":"https:\/\/radioljubuski.ba\/index.php\/2022\/08\/02\/britanac-odusevljen-peljeskim-mostom-i-hrvatskim-ljepotama-kao-u-oblacima\/#primaryimage","url":"https:\/\/radioljubuski.ba\/wp-content\/uploads\/2022\/08\/HN20220725630768-696x431-1.jpg","contentUrl":"https:\/\/radioljubuski.ba\/wp-content\/uploads\/2022\/08\/HN20220725630768-696x431-1.jpg","width":696,"height":431},{"@type":"BreadcrumbList","@id":"https:\/\/radioljubuski.ba\/index.php\/2022\/08\/02\/britanac-odusevljen-peljeskim-mostom-i-hrvatskim-ljepotama-kao-u-oblacima\/#breadcrumb","itemListElement":[{"@type":"ListItem","position":1,"name":"Po\u010detna stranica","item":"https:\/\/radioljubuski.ba\/"},{"@type":"ListItem","position":2,"name":"Britanac odu\u0161evljen Pelje\u0161kim mostom i hrvatskim ljepotama: \u2018Kao u oblacima..\u2019"}]},{"@type":"WebSite","@id":"https:\/\/radioljubuski.ba\/#website","url":"https:\/\/radioljubuski.ba\/","name":"Radio Ljubu\u0161ki","description":"Sun\u010dana frekvencija Hercegovine","publisher":{"@id":"https:\/\/radioljubuski.ba\/#organization"},"potentialAction":[{"@type":"SearchAction","target":{"@type":"EntryPoint","urlTemplate":"https:\/\/radioljubuski.ba\/?s={search_term_string}"},"query-input":{"@type":"PropertyValueSpecification","valueRequired":true,"valueName":"search_term_string"}}],"inLanguage":"hr"},{"@type":"Organization","@id":"https:\/\/radioljubuski.ba\/#organization","name":"Radio Ljubu\u0161ki","url":"https:\/\/radioljubuski.ba\/","logo":{"@type":"ImageObject","inLanguage":"hr","@id":"https:\/\/radioljubuski.ba\/#\/schema\/logo\/image\/","url":"https:\/\/radioljubuski.ba\/wp-content\/uploads\/2021\/02\/cropped-Radio_Ljubuski_logo1.jpg","contentUrl":"https:\/\/radioljubuski.ba\/wp-content\/uploads\/2021\/02\/cropped-Radio_Ljubuski_logo1.jpg","width":512,"height":512,"caption":"Radio Ljubu\u0161ki"},"image":{"@id":"https:\/\/radioljubuski.ba\/#\/schema\/logo\/image\/"},"sameAs":["https:\/\/www.facebook.com\/Radiio-Ljubuski-1490835324566332","https:\/\/x.com\/radioljubuski","https:\/\/hr.linkedin.com\/company\/radio-ljubuski","https:\/\/www.youtube.com\/channel\/UCHYaeO_n0Db3tjNGudGpXyw"]},{"@type":"Person","@id":"https:\/\/radioljubuski.ba\/#\/schema\/person\/19fc700381a780f69665d7956c469e3b","name":"Radio Ljubu\u0161ki"}]}},"_links":{"self":[{"href":"https:\/\/radioljubuski.ba\/index.php\/wp-json\/wp\/v2\/posts\/165800","targetHints":{"allow":["GET"]}}],"collection":[{"href":"https:\/\/radioljubuski.ba\/index.php\/wp-json\/wp\/v2\/posts"}],"about":[{"href":"https:\/\/radioljubuski.ba\/index.php\/wp-json\/wp\/v2\/types\/post"}],"author":[{"embeddable":true,"href":"https:\/\/radioljubuski.ba\/index.php\/wp-json\/wp\/v2\/users\/2"}],"replies":[{"embeddable":true,"href":"https:\/\/radioljubuski.ba\/index.php\/wp-json\/wp\/v2\/comments?post=165800"}],"version-history":[{"count":1,"href":"https:\/\/radioljubuski.ba\/index.php\/wp-json\/wp\/v2\/posts\/165800\/revisions"}],"predecessor-version":[{"id":165802,"href":"https:\/\/radioljubuski.ba\/index.php\/wp-json\/wp\/v2\/posts\/165800\/revisions\/165802"}],"wp:featuredmedia":[{"embeddable":true,"href":"https:\/\/radioljubuski.ba\/index.php\/wp-json\/wp\/v2\/media\/165801"}],"wp:attachment":[{"href":"https:\/\/radioljubuski.ba\/index.php\/wp-json\/wp\/v2\/media?parent=165800"}],"wp:term":[{"taxonomy":"category","embeddable":true,"href":"https:\/\/radioljubuski.ba\/index.php\/wp-json\/wp\/v2\/categories?post=165800"},{"taxonomy":"post_tag","embeddable":true,"href":"https:\/\/radioljubuski.ba\/index.php\/wp-json\/wp\/v2\/tags?post=165800"}],"curies":[{"name":"wp","href":"https:\/\/api.w.org\/{rel}","templated":true}]}}