{"id":165808,"date":"2022-08-02T11:40:39","date_gmt":"2022-08-02T10:40:39","guid":{"rendered":"https:\/\/radioljubuski.ba\/?p=165808"},"modified":"2022-08-02T11:40:41","modified_gmt":"2022-08-02T10:40:41","slug":"americki-komicar-u-svom-netflix-showu-pobacaj-se-moze-usporediti-s-rodendanskom-tortom","status":"publish","type":"post","link":"https:\/\/radioljubuski.ba\/index.php\/2022\/08\/02\/americki-komicar-u-svom-netflix-showu-pobacaj-se-moze-usporediti-s-rodendanskom-tortom\/","title":{"rendered":"Ameri\u010dki komi\u010dar u svom Netflix showu: \u2018Poba\u010daj se mo\u017ee usporediti s ro\u0111endanskom tortom\u2019"},"content":{"rendered":"\n<p>Ameri\u010dki komi\u010dar <strong>William Frederick Burr<\/strong> komentirao je temu poba\u010daja u svojoj Netflix emisiji <em>Live at Red Rocks.<\/em><\/p>\n\n\n\n<p>\u201cAjmo pokrenuti jednu lijepu, normalnu, mainstream temu. Razgovarajmo o poba\u010daju\u201d, zapo\u010deo je Burr.<\/p>\n\n\n\n<p>Ina\u010de, u svojoj emisiji komentira razne aktualnosti, od pandemije koronavirusa do feminizma.<\/p>\n\n\n\n<p>Komi\u010dar je upotrijebio analogiju s ro\u0111endanskom tortom komentiraju\u0107i stav ljudi o abortusu.<\/p>\n\n\n\n<p>\u201c<em>Pro choice<\/em> stav mi je uvijek imao smisla jer ne volim ni ja sam da mi drugi govore \u0161to mi je \u010diniti. Tko sam ja da ikome govorim \u0161to da radi sa svojim tijelom?<\/p>\n\n\n\n<p>Me\u0111utim, unato\u010d tome i dalje mislim da je poba\u010daj ubojstvo. Ku\u017eite? To je zapravo \u010dudno.<\/p>\n\n\n\n<p>\u201cTo nije jo\u0161 dijete\u201d, tako ka\u017eu, \u0161to mo\u017ee i ne mora biti istina. Ne znam, nisam doktor, ali\u00a0 \u0107u vam re\u0107i da mi instinkt govori da to nema smisla. To bi bilo kao da radim tortu i izlijem malo tijesta u peka\u010d i stavim ga u pe\u0107nicu, a onda pet minuta kasnije netko do\u0111e, zgrabi peka\u010d i baci ga o pod. \u0160okirao bih se i rekao: \u201cUpravo si mi uni\u0161tio ro\u0111endansku tortu!\u201d i ta bi mi osoba rekla da to jo\u0161 nije torta. Ali bila bi, da nisi u\u010dinio ono \u0161to si upravo u\u010dinio \u2013 to bi bila torta za 50 minuta\u201d, zaklju\u010dio je.<\/p>\n\n\n\n<div style=\"width: 640px;\" class=\"wp-video\"><video class=\"wp-video-shortcode\" id=\"video-165808-1\" width=\"640\" height=\"360\" preload=\"metadata\" controls=\"controls\"><source type=\"video\/mp4\" src=\"https:\/\/narod.hr\/wp-content\/uploads\/2022\/08\/videoplayback-1.mp4?_=1\" \/><a href=\"https:\/\/narod.hr\/wp-content\/uploads\/2022\/08\/videoplayback-1.mp4\">https:\/\/narod.hr\/wp-content\/uploads\/2022\/08\/videoplayback-1.mp4<\/a><\/video><\/div>\n\n\n\n\n\n<p><em>Izvor: narod.hr<\/em><\/p>\n","protected":false},"excerpt":{"rendered":"<p>Ameri\u010dki komi\u010dar William Frederick Burr komentirao je temu poba\u010daja u svojoj Netflix emisiji Live at Red Rocks. \u201cAjmo pokrenuti jednu lijepu, normalnu, mainstream temu. Razgovarajmo o poba\u010daju\u201d, zapo\u010deo je Burr. Ina\u010de, u svojoj emisiji komentira razne aktualnosti, od pandemije koronavirusa do feminizma. Komi\u010dar je upotrijebio analogiju s ro\u0111endanskom tortom komentiraju\u0107i stav ljudi o abortusu. \u201cPro [&hellip;]<\/p>\n","protected":false},"author":2,"featured_media":165809,"comment_status":"closed","ping_status":"closed","sticky":false,"template":"","format":"standard","meta":{"h5ap_radio_sources":[],"footnotes":""},"categories":[1],"tags":[],"class_list":["post-165808","post","type-post","status-publish","format-standard","has-post-thumbnail","hentry","category-bihiregija"],"yoast_head":"<!-- This site is optimized with the Yoast SEO plugin v27.4 - https:\/\/yoast.com\/product\/yoast-seo-wordpress\/ -->\n<title>Ameri\u010dki komi\u010dar u svom Netflix showu: \u2018Poba\u010daj se mo\u017ee usporediti s ro\u0111endanskom tortom\u2019 - RADIO LJUBU\u0160KI<\/title>\n<meta name=\"robots\" content=\"index, follow, max-snippet:-1, max-image-preview:large, max-video-preview:-1\" \/>\n<link rel=\"canonical\" href=\"https:\/\/radioljubuski.ba\/index.php\/2022\/08\/02\/americki-komicar-u-svom-netflix-showu-pobacaj-se-moze-usporediti-s-rodendanskom-tortom\/\" \/>\n<meta property=\"og:locale\" content=\"hr_HR\" \/>\n<meta property=\"og:type\" content=\"article\" \/>\n<meta property=\"og:title\" content=\"Ameri\u010dki komi\u010dar u svom Netflix showu: \u2018Poba\u010daj se mo\u017ee usporediti s ro\u0111endanskom tortom\u2019 - RADIO LJUBU\u0160KI\" \/>\n<meta property=\"og:description\" content=\"Ameri\u010dki komi\u010dar William Frederick Burr komentirao je temu poba\u010daja u svojoj Netflix emisiji Live at Red Rocks. \u201cAjmo pokrenuti jednu lijepu, normalnu, mainstream temu. Razgovarajmo o poba\u010daju\u201d, zapo\u010deo je Burr. Ina\u010de, u svojoj emisiji komentira razne aktualnosti, od pandemije koronavirusa do feminizma. Komi\u010dar je upotrijebio analogiju s ro\u0111endanskom tortom komentiraju\u0107i stav ljudi o abortusu. \u201cPro [&hellip;]\" \/>\n<meta property=\"og:url\" content=\"https:\/\/radioljubuski.ba\/index.php\/2022\/08\/02\/americki-komicar-u-svom-netflix-showu-pobacaj-se-moze-usporediti-s-rodendanskom-tortom\/\" \/>\n<meta property=\"og:site_name\" content=\"RADIO LJUBU\u0160KI\" \/>\n<meta property=\"article:publisher\" content=\"https:\/\/www.facebook.com\/Radiio-Ljubuski-1490835324566332\" \/>\n<meta property=\"article:published_time\" content=\"2022-08-02T10:40:39+00:00\" \/>\n<meta property=\"article:modified_time\" content=\"2022-08-02T10:40:41+00:00\" \/>\n<meta property=\"og:image\" content=\"https:\/\/radioljubuski.ba\/wp-content\/uploads\/2022\/08\/0-38-696x464-1.jpg\" \/>\n\t<meta property=\"og:image:width\" content=\"696\" \/>\n\t<meta property=\"og:image:height\" content=\"464\" \/>\n\t<meta property=\"og:image:type\" content=\"image\/jpeg\" \/>\n<meta name=\"author\" content=\"Radio Ljubu\u0161ki\" \/>\n<meta name=\"twitter:card\" content=\"summary_large_image\" \/>\n<meta name=\"twitter:creator\" content=\"@radioljubuski\" \/>\n<meta name=\"twitter:site\" content=\"@radioljubuski\" \/>\n<meta name=\"twitter:label1\" content=\"Napisao\/la\" \/>\n\t<meta name=\"twitter:data1\" content=\"Radio Ljubu\u0161ki\" \/>\n\t<meta name=\"twitter:label2\" content=\"Procijenjeno vrijeme \u010ditanja\" \/>\n\t<meta name=\"twitter:data2\" content=\"1 minuta\" \/>\n<script type=\"application\/ld+json\" class=\"yoast-schema-graph\">{\"@context\":\"https:\\\/\\\/schema.org\",\"@graph\":[{\"@type\":\"Article\",\"@id\":\"https:\\\/\\\/radioljubuski.ba\\\/index.php\\\/2022\\\/08\\\/02\\\/americki-komicar-u-svom-netflix-showu-pobacaj-se-moze-usporediti-s-rodendanskom-tortom\\\/#article\",\"isPartOf\":{\"@id\":\"https:\\\/\\\/radioljubuski.ba\\\/index.php\\\/2022\\\/08\\\/02\\\/americki-komicar-u-svom-netflix-showu-pobacaj-se-moze-usporediti-s-rodendanskom-tortom\\\/\"},\"author\":{\"name\":\"Radio Ljubu\u0161ki\",\"@id\":\"https:\\\/\\\/radioljubuski.ba\\\/#\\\/schema\\\/person\\\/19fc700381a780f69665d7956c469e3b\"},\"headline\":\"Ameri\u010dki komi\u010dar u svom Netflix showu: \u2018Poba\u010daj se mo\u017ee usporediti s ro\u0111endanskom tortom\u2019\",\"datePublished\":\"2022-08-02T10:40:39+00:00\",\"dateModified\":\"2022-08-02T10:40:41+00:00\",\"mainEntityOfPage\":{\"@id\":\"https:\\\/\\\/radioljubuski.ba\\\/index.php\\\/2022\\\/08\\\/02\\\/americki-komicar-u-svom-netflix-showu-pobacaj-se-moze-usporediti-s-rodendanskom-tortom\\\/\"},\"wordCount\":255,\"publisher\":{\"@id\":\"https:\\\/\\\/radioljubuski.ba\\\/#organization\"},\"image\":{\"@id\":\"https:\\\/\\\/radioljubuski.ba\\\/index.php\\\/2022\\\/08\\\/02\\\/americki-komicar-u-svom-netflix-showu-pobacaj-se-moze-usporediti-s-rodendanskom-tortom\\\/#primaryimage\"},\"thumbnailUrl\":\"https:\\\/\\\/radioljubuski.ba\\\/wp-content\\\/uploads\\\/2022\\\/08\\\/0-38-696x464-1.jpg\",\"articleSection\":[\"BIH i regija\"],\"inLanguage\":\"hr\"},{\"@type\":\"WebPage\",\"@id\":\"https:\\\/\\\/radioljubuski.ba\\\/index.php\\\/2022\\\/08\\\/02\\\/americki-komicar-u-svom-netflix-showu-pobacaj-se-moze-usporediti-s-rodendanskom-tortom\\\/\",\"url\":\"https:\\\/\\\/radioljubuski.ba\\\/index.php\\\/2022\\\/08\\\/02\\\/americki-komicar-u-svom-netflix-showu-pobacaj-se-moze-usporediti-s-rodendanskom-tortom\\\/\",\"name\":\"Ameri\u010dki komi\u010dar u svom Netflix showu: \u2018Poba\u010daj se mo\u017ee usporediti s ro\u0111endanskom tortom\u2019 - RADIO LJUBU\u0160KI\",\"isPartOf\":{\"@id\":\"https:\\\/\\\/radioljubuski.ba\\\/#website\"},\"primaryImageOfPage\":{\"@id\":\"https:\\\/\\\/radioljubuski.ba\\\/index.php\\\/2022\\\/08\\\/02\\\/americki-komicar-u-svom-netflix-showu-pobacaj-se-moze-usporediti-s-rodendanskom-tortom\\\/#primaryimage\"},\"image\":{\"@id\":\"https:\\\/\\\/radioljubuski.ba\\\/index.php\\\/2022\\\/08\\\/02\\\/americki-komicar-u-svom-netflix-showu-pobacaj-se-moze-usporediti-s-rodendanskom-tortom\\\/#primaryimage\"},\"thumbnailUrl\":\"https:\\\/\\\/radioljubuski.ba\\\/wp-content\\\/uploads\\\/2022\\\/08\\\/0-38-696x464-1.jpg\",\"datePublished\":\"2022-08-02T10:40:39+00:00\",\"dateModified\":\"2022-08-02T10:40:41+00:00\",\"breadcrumb\":{\"@id\":\"https:\\\/\\\/radioljubuski.ba\\\/index.php\\\/2022\\\/08\\\/02\\\/americki-komicar-u-svom-netflix-showu-pobacaj-se-moze-usporediti-s-rodendanskom-tortom\\\/#breadcrumb\"},\"inLanguage\":\"hr\",\"potentialAction\":[{\"@type\":\"ReadAction\",\"target\":[\"https:\\\/\\\/radioljubuski.ba\\\/index.php\\\/2022\\\/08\\\/02\\\/americki-komicar-u-svom-netflix-showu-pobacaj-se-moze-usporediti-s-rodendanskom-tortom\\\/\"]}]},{\"@type\":\"ImageObject\",\"inLanguage\":\"hr\",\"@id\":\"https:\\\/\\\/radioljubuski.ba\\\/index.php\\\/2022\\\/08\\\/02\\\/americki-komicar-u-svom-netflix-showu-pobacaj-se-moze-usporediti-s-rodendanskom-tortom\\\/#primaryimage\",\"url\":\"https:\\\/\\\/radioljubuski.ba\\\/wp-content\\\/uploads\\\/2022\\\/08\\\/0-38-696x464-1.jpg\",\"contentUrl\":\"https:\\\/\\\/radioljubuski.ba\\\/wp-content\\\/uploads\\\/2022\\\/08\\\/0-38-696x464-1.jpg\",\"width\":696,\"height\":464},{\"@type\":\"BreadcrumbList\",\"@id\":\"https:\\\/\\\/radioljubuski.ba\\\/index.php\\\/2022\\\/08\\\/02\\\/americki-komicar-u-svom-netflix-showu-pobacaj-se-moze-usporediti-s-rodendanskom-tortom\\\/#breadcrumb\",\"itemListElement\":[{\"@type\":\"ListItem\",\"position\":1,\"name\":\"Po\u010detna stranica\",\"item\":\"https:\\\/\\\/radioljubuski.ba\\\/\"},{\"@type\":\"ListItem\",\"position\":2,\"name\":\"Ameri\u010dki komi\u010dar u svom Netflix showu: \u2018Poba\u010daj se mo\u017ee usporediti s ro\u0111endanskom tortom\u2019\"}]},{\"@type\":\"WebSite\",\"@id\":\"https:\\\/\\\/radioljubuski.ba\\\/#website\",\"url\":\"https:\\\/\\\/radioljubuski.ba\\\/\",\"name\":\"Radio Ljubu\u0161ki\",\"description\":\"Sun\u010dana frekvencija Hercegovine\",\"publisher\":{\"@id\":\"https:\\\/\\\/radioljubuski.ba\\\/#organization\"},\"potentialAction\":[{\"@type\":\"SearchAction\",\"target\":{\"@type\":\"EntryPoint\",\"urlTemplate\":\"https:\\\/\\\/radioljubuski.ba\\\/?s={search_term_string}\"},\"query-input\":{\"@type\":\"PropertyValueSpecification\",\"valueRequired\":true,\"valueName\":\"search_term_string\"}}],\"inLanguage\":\"hr\"},{\"@type\":\"Organization\",\"@id\":\"https:\\\/\\\/radioljubuski.ba\\\/#organization\",\"name\":\"Radio Ljubu\u0161ki\",\"url\":\"https:\\\/\\\/radioljubuski.ba\\\/\",\"logo\":{\"@type\":\"ImageObject\",\"inLanguage\":\"hr\",\"@id\":\"https:\\\/\\\/radioljubuski.ba\\\/#\\\/schema\\\/logo\\\/image\\\/\",\"url\":\"https:\\\/\\\/radioljubuski.ba\\\/wp-content\\\/uploads\\\/2021\\\/02\\\/cropped-Radio_Ljubuski_logo1.jpg\",\"contentUrl\":\"https:\\\/\\\/radioljubuski.ba\\\/wp-content\\\/uploads\\\/2021\\\/02\\\/cropped-Radio_Ljubuski_logo1.jpg\",\"width\":512,\"height\":512,\"caption\":\"Radio Ljubu\u0161ki\"},\"image\":{\"@id\":\"https:\\\/\\\/radioljubuski.ba\\\/#\\\/schema\\\/logo\\\/image\\\/\"},\"sameAs\":[\"https:\\\/\\\/www.facebook.com\\\/Radiio-Ljubuski-1490835324566332\",\"https:\\\/\\\/x.com\\\/radioljubuski\",\"https:\\\/\\\/hr.linkedin.com\\\/company\\\/radio-ljubuski\",\"https:\\\/\\\/www.youtube.com\\\/channel\\\/UCHYaeO_n0Db3tjNGudGpXyw\"]},{\"@type\":\"Person\",\"@id\":\"https:\\\/\\\/radioljubuski.ba\\\/#\\\/schema\\\/person\\\/19fc700381a780f69665d7956c469e3b\",\"name\":\"Radio Ljubu\u0161ki\"}]}<\/script>\n<!-- \/ Yoast SEO plugin. -->","yoast_head_json":{"title":"Ameri\u010dki komi\u010dar u svom Netflix showu: \u2018Poba\u010daj se mo\u017ee usporediti s ro\u0111endanskom tortom\u2019 - RADIO LJUBU\u0160KI","robots":{"index":"index","follow":"follow","max-snippet":"max-snippet:-1","max-image-preview":"max-image-preview:large","max-video-preview":"max-video-preview:-1"},"canonical":"https:\/\/radioljubuski.ba\/index.php\/2022\/08\/02\/americki-komicar-u-svom-netflix-showu-pobacaj-se-moze-usporediti-s-rodendanskom-tortom\/","og_locale":"hr_HR","og_type":"article","og_title":"Ameri\u010dki komi\u010dar u svom Netflix showu: \u2018Poba\u010daj se mo\u017ee usporediti s ro\u0111endanskom tortom\u2019 - RADIO LJUBU\u0160KI","og_description":"Ameri\u010dki komi\u010dar William Frederick Burr komentirao je temu poba\u010daja u svojoj Netflix emisiji Live at Red Rocks. \u201cAjmo pokrenuti jednu lijepu, normalnu, mainstream temu. Razgovarajmo o poba\u010daju\u201d, zapo\u010deo je Burr. Ina\u010de, u svojoj emisiji komentira razne aktualnosti, od pandemije koronavirusa do feminizma. Komi\u010dar je upotrijebio analogiju s ro\u0111endanskom tortom komentiraju\u0107i stav ljudi o abortusu. \u201cPro [&hellip;]","og_url":"https:\/\/radioljubuski.ba\/index.php\/2022\/08\/02\/americki-komicar-u-svom-netflix-showu-pobacaj-se-moze-usporediti-s-rodendanskom-tortom\/","og_site_name":"RADIO LJUBU\u0160KI","article_publisher":"https:\/\/www.facebook.com\/Radiio-Ljubuski-1490835324566332","article_published_time":"2022-08-02T10:40:39+00:00","article_modified_time":"2022-08-02T10:40:41+00:00","og_image":[{"width":696,"height":464,"url":"https:\/\/radioljubuski.ba\/wp-content\/uploads\/2022\/08\/0-38-696x464-1.jpg","type":"image\/jpeg"}],"author":"Radio Ljubu\u0161ki","twitter_card":"summary_large_image","twitter_creator":"@radioljubuski","twitter_site":"@radioljubuski","twitter_misc":{"Napisao\/la":"Radio Ljubu\u0161ki","Procijenjeno vrijeme \u010ditanja":"1 minuta"},"schema":{"@context":"https:\/\/schema.org","@graph":[{"@type":"Article","@id":"https:\/\/radioljubuski.ba\/index.php\/2022\/08\/02\/americki-komicar-u-svom-netflix-showu-pobacaj-se-moze-usporediti-s-rodendanskom-tortom\/#article","isPartOf":{"@id":"https:\/\/radioljubuski.ba\/index.php\/2022\/08\/02\/americki-komicar-u-svom-netflix-showu-pobacaj-se-moze-usporediti-s-rodendanskom-tortom\/"},"author":{"name":"Radio Ljubu\u0161ki","@id":"https:\/\/radioljubuski.ba\/#\/schema\/person\/19fc700381a780f69665d7956c469e3b"},"headline":"Ameri\u010dki komi\u010dar u svom Netflix showu: \u2018Poba\u010daj se mo\u017ee usporediti s ro\u0111endanskom tortom\u2019","datePublished":"2022-08-02T10:40:39+00:00","dateModified":"2022-08-02T10:40:41+00:00","mainEntityOfPage":{"@id":"https:\/\/radioljubuski.ba\/index.php\/2022\/08\/02\/americki-komicar-u-svom-netflix-showu-pobacaj-se-moze-usporediti-s-rodendanskom-tortom\/"},"wordCount":255,"publisher":{"@id":"https:\/\/radioljubuski.ba\/#organization"},"image":{"@id":"https:\/\/radioljubuski.ba\/index.php\/2022\/08\/02\/americki-komicar-u-svom-netflix-showu-pobacaj-se-moze-usporediti-s-rodendanskom-tortom\/#primaryimage"},"thumbnailUrl":"https:\/\/radioljubuski.ba\/wp-content\/uploads\/2022\/08\/0-38-696x464-1.jpg","articleSection":["BIH i regija"],"inLanguage":"hr"},{"@type":"WebPage","@id":"https:\/\/radioljubuski.ba\/index.php\/2022\/08\/02\/americki-komicar-u-svom-netflix-showu-pobacaj-se-moze-usporediti-s-rodendanskom-tortom\/","url":"https:\/\/radioljubuski.ba\/index.php\/2022\/08\/02\/americki-komicar-u-svom-netflix-showu-pobacaj-se-moze-usporediti-s-rodendanskom-tortom\/","name":"Ameri\u010dki komi\u010dar u svom Netflix showu: \u2018Poba\u010daj se mo\u017ee usporediti s ro\u0111endanskom tortom\u2019 - RADIO LJUBU\u0160KI","isPartOf":{"@id":"https:\/\/radioljubuski.ba\/#website"},"primaryImageOfPage":{"@id":"https:\/\/radioljubuski.ba\/index.php\/2022\/08\/02\/americki-komicar-u-svom-netflix-showu-pobacaj-se-moze-usporediti-s-rodendanskom-tortom\/#primaryimage"},"image":{"@id":"https:\/\/radioljubuski.ba\/index.php\/2022\/08\/02\/americki-komicar-u-svom-netflix-showu-pobacaj-se-moze-usporediti-s-rodendanskom-tortom\/#primaryimage"},"thumbnailUrl":"https:\/\/radioljubuski.ba\/wp-content\/uploads\/2022\/08\/0-38-696x464-1.jpg","datePublished":"2022-08-02T10:40:39+00:00","dateModified":"2022-08-02T10:40:41+00:00","breadcrumb":{"@id":"https:\/\/radioljubuski.ba\/index.php\/2022\/08\/02\/americki-komicar-u-svom-netflix-showu-pobacaj-se-moze-usporediti-s-rodendanskom-tortom\/#breadcrumb"},"inLanguage":"hr","potentialAction":[{"@type":"ReadAction","target":["https:\/\/radioljubuski.ba\/index.php\/2022\/08\/02\/americki-komicar-u-svom-netflix-showu-pobacaj-se-moze-usporediti-s-rodendanskom-tortom\/"]}]},{"@type":"ImageObject","inLanguage":"hr","@id":"https:\/\/radioljubuski.ba\/index.php\/2022\/08\/02\/americki-komicar-u-svom-netflix-showu-pobacaj-se-moze-usporediti-s-rodendanskom-tortom\/#primaryimage","url":"https:\/\/radioljubuski.ba\/wp-content\/uploads\/2022\/08\/0-38-696x464-1.jpg","contentUrl":"https:\/\/radioljubuski.ba\/wp-content\/uploads\/2022\/08\/0-38-696x464-1.jpg","width":696,"height":464},{"@type":"BreadcrumbList","@id":"https:\/\/radioljubuski.ba\/index.php\/2022\/08\/02\/americki-komicar-u-svom-netflix-showu-pobacaj-se-moze-usporediti-s-rodendanskom-tortom\/#breadcrumb","itemListElement":[{"@type":"ListItem","position":1,"name":"Po\u010detna stranica","item":"https:\/\/radioljubuski.ba\/"},{"@type":"ListItem","position":2,"name":"Ameri\u010dki komi\u010dar u svom Netflix showu: \u2018Poba\u010daj se mo\u017ee usporediti s ro\u0111endanskom tortom\u2019"}]},{"@type":"WebSite","@id":"https:\/\/radioljubuski.ba\/#website","url":"https:\/\/radioljubuski.ba\/","name":"Radio Ljubu\u0161ki","description":"Sun\u010dana frekvencija Hercegovine","publisher":{"@id":"https:\/\/radioljubuski.ba\/#organization"},"potentialAction":[{"@type":"SearchAction","target":{"@type":"EntryPoint","urlTemplate":"https:\/\/radioljubuski.ba\/?s={search_term_string}"},"query-input":{"@type":"PropertyValueSpecification","valueRequired":true,"valueName":"search_term_string"}}],"inLanguage":"hr"},{"@type":"Organization","@id":"https:\/\/radioljubuski.ba\/#organization","name":"Radio Ljubu\u0161ki","url":"https:\/\/radioljubuski.ba\/","logo":{"@type":"ImageObject","inLanguage":"hr","@id":"https:\/\/radioljubuski.ba\/#\/schema\/logo\/image\/","url":"https:\/\/radioljubuski.ba\/wp-content\/uploads\/2021\/02\/cropped-Radio_Ljubuski_logo1.jpg","contentUrl":"https:\/\/radioljubuski.ba\/wp-content\/uploads\/2021\/02\/cropped-Radio_Ljubuski_logo1.jpg","width":512,"height":512,"caption":"Radio Ljubu\u0161ki"},"image":{"@id":"https:\/\/radioljubuski.ba\/#\/schema\/logo\/image\/"},"sameAs":["https:\/\/www.facebook.com\/Radiio-Ljubuski-1490835324566332","https:\/\/x.com\/radioljubuski","https:\/\/hr.linkedin.com\/company\/radio-ljubuski","https:\/\/www.youtube.com\/channel\/UCHYaeO_n0Db3tjNGudGpXyw"]},{"@type":"Person","@id":"https:\/\/radioljubuski.ba\/#\/schema\/person\/19fc700381a780f69665d7956c469e3b","name":"Radio Ljubu\u0161ki"}]}},"_links":{"self":[{"href":"https:\/\/radioljubuski.ba\/index.php\/wp-json\/wp\/v2\/posts\/165808","targetHints":{"allow":["GET"]}}],"collection":[{"href":"https:\/\/radioljubuski.ba\/index.php\/wp-json\/wp\/v2\/posts"}],"about":[{"href":"https:\/\/radioljubuski.ba\/index.php\/wp-json\/wp\/v2\/types\/post"}],"author":[{"embeddable":true,"href":"https:\/\/radioljubuski.ba\/index.php\/wp-json\/wp\/v2\/users\/2"}],"replies":[{"embeddable":true,"href":"https:\/\/radioljubuski.ba\/index.php\/wp-json\/wp\/v2\/comments?post=165808"}],"version-history":[{"count":1,"href":"https:\/\/radioljubuski.ba\/index.php\/wp-json\/wp\/v2\/posts\/165808\/revisions"}],"predecessor-version":[{"id":165810,"href":"https:\/\/radioljubuski.ba\/index.php\/wp-json\/wp\/v2\/posts\/165808\/revisions\/165810"}],"wp:featuredmedia":[{"embeddable":true,"href":"https:\/\/radioljubuski.ba\/index.php\/wp-json\/wp\/v2\/media\/165809"}],"wp:attachment":[{"href":"https:\/\/radioljubuski.ba\/index.php\/wp-json\/wp\/v2\/media?parent=165808"}],"wp:term":[{"taxonomy":"category","embeddable":true,"href":"https:\/\/radioljubuski.ba\/index.php\/wp-json\/wp\/v2\/categories?post=165808"},{"taxonomy":"post_tag","embeddable":true,"href":"https:\/\/radioljubuski.ba\/index.php\/wp-json\/wp\/v2\/tags?post=165808"}],"curies":[{"name":"wp","href":"https:\/\/api.w.org\/{rel}","templated":true}]}}