{"id":165811,"date":"2022-08-02T11:42:14","date_gmt":"2022-08-02T10:42:14","guid":{"rendered":"https:\/\/radioljubuski.ba\/?p=165811"},"modified":"2022-08-02T11:42:15","modified_gmt":"2022-08-02T10:42:15","slug":"meteoroloska-analiza-jesmo-li-oborili-temperaturne-rekorde-i-sto-nas-ocekuje-u-kolovozu","status":"publish","type":"post","link":"https:\/\/radioljubuski.ba\/index.php\/2022\/08\/02\/meteoroloska-analiza-jesmo-li-oborili-temperaturne-rekorde-i-sto-nas-ocekuje-u-kolovozu\/","title":{"rendered":"Meteorolo\u0161ka analiza: Jesmo li oborili temperaturne rekorde i \u0161to nas o\u010dekuje u kolovozu?"},"content":{"rendered":"\n<p>I dok ovih dana \u017eivimo u prosje\u010dno toplim ljetnim danima, bez pretjerane vru\u0107ine i toplinskih valova koji su nedavno bili \u2013 i skorog novog koji samo \u0161to nije- mo\u017eda \u0107e nekima biti zanimljiva meteorolo\u0161ka analiza ovogodi\u0161njega srpnja i dosada\u0161njeg dijela godine.<\/p>\n\n\n\n<h3 class=\"wp-block-heading\"><strong>Srpanj \u2013 iznadprosje\u010dno topao, ali posvuda ne i suh<\/strong><\/h3>\n\n\n\n<p>Kao \u0161to se moglo i o\u010dekivati nakon mnogobrojnih suhih, prete\u017eno sun\u010danih i vru\u0107ih dana, ovogodi\u0161nji je <strong>srpanj diljem Hrvatske bio iznadprosje\u010dno topao.<\/strong> \u0160tovi\u0161e, <strong>jedan od najtoplijih<\/strong> u znanoj povijesti slu\u017ebenih mjerenja, koja je na nekim meteorolo\u0161kim postajama <strong>DHMZ<\/strong>-a po\u010dela jo\u0161 sredinom 19. stolje\u0107a, pi\u0161e za <a href=\"https:\/\/vrijeme-i-promet.hrt.hr\/meteo-kutak\/o-srpnju-i-nekim-njegovim-meteozanimljivostima-te-o-dugorocnim-izgledima-8816295\">HRT<\/a> meteorolog Zoran Vakula.<\/p>\n\n\n\n<p>Primjerice, <strong>u Splitu, na Marjanu,<\/strong> srednja temperatura zraka ovoga je srpnja na <strong>4. mjestu u nizu najvi\u0161ih,<\/strong> odmah iza one <strong>2015<\/strong>. godine, te<strong> 2012. i 1950.<\/strong> U <strong>Dubrovniku i zagreba\u010dkome Maksimiru<\/strong> topliji srpanj od ovogodi\u0161njega bio je pak <strong>samo 2012. i 2015.<\/strong> godine.<\/p>\n\n\n\n<p>Jo\u0161 iznimniji je bio \u2013 <strong>na 2. mjestu najtoplijih \u2013 u Kninu,<\/strong> gdje je rekord jo\u0161 uvijek iz 1950. godine, te u <strong>Rijeci<\/strong> i na <strong>Zavi\u017eanu<\/strong>, gdje su rekordi iz 2015. godine, kao i na <strong>Gri\u010du<\/strong>, na kojem postoje redoviti srpanjski podaci mjerenja jo\u0161 iz 1862. godine.<\/p>\n\n\n\n<p>Potvrde li klimatolozi DHMZ-a \u2013 u <strong>\u0160ibeniku<\/strong> je ovoga srpnja<strong> izjedna\u010den rekord iz 2015. godine \u2013 28,0 \u00b0C,<\/strong> a u <strong>Krapini<\/strong> \u0107e od ove godine vjerojatno<strong> najvi\u0161a srednja srpanjska temperatura zraka biti 23,1 \u00b0C!<\/strong><\/p>\n\n\n\n<p>Osim toga, u mnogim je mjestima \u2013 prema mjerenjima koja se mogu pratiti na internetskim stranicama DHMZ-a i koja klimatolozi jo\u0161 trebaju \u201coslu\u017ebeniti\u201d \u2013 zabilje\u017eena <strong>najvi\u0161a dnevna temperatura zraka u neke dane, primjerice u Splitu za 4. srpnja, u Zagrebu za 23. srpnja, a u Kninu za \u010dak 3. dana \u2013 22., 24. i 25. srpnja.<\/strong> Tako\u0111er, na nekim je meteopostajama <strong>u neke dane izmjerena i najvi\u0161a najni\u017ea dnevna temperatura zraka.<\/strong><\/p>\n\n\n\n<h5 class=\"wp-block-heading\"><strong><a href=\"https:\/\/narod.hr\/hrvatska\/suncano-i-vruce-izdano-niz-upozorenja-novi-toplinski-val-moguci-zdravstveni-rizici\" target=\"_blank\" rel=\"noreferrer noopener\">&gt; Sun\u010dano i vru\u0107e: Izdan niz upozorenja \u2013 novi toplinski val, mogu\u0107i zdravstveni rizici<\/a><\/strong><\/h5>\n\n\n\n<p>Osim tih, za mnoge manje va\u017enih podataka, o kojima se rijetko pi\u0161e i govori, oni koji \u0107e se znatno \u010de\u0161\u0107e spominjati i ostati zapisani u klimatolo\u0161kim tablicama barem do sljede\u0107ega srpnja su novi<strong> srpanjski temperaturni rekordi<\/strong> izmjereni 23. srpnja: <strong>u Bednji 37,4 \u00b0C<\/strong>, na <strong>Bilogori pokraj Pitoma\u010de 38,5 \u00b0C<\/strong>, u <strong>Delnicama 33,5 \u00b0C,<\/strong> u <strong>Krapini 37,8 \u00b0C<\/strong>, u <strong>Kri\u017eevcima 37,6 \u00b0C<\/strong>, a mo\u017eda i jo\u0161 ponegdje.<\/p>\n\n\n\n<p><strong>Sre\u0107om, apsolutni temperaturni rekordi nisu se dogodili, a nadajmo se i da ne\u0107e.<\/strong><\/p>\n\n\n\n<p>Zbog svega toga slu\u017ebene klimatolo\u0161ke ocjene bit \u0107e podjednake kao u <strong>lipnju \u2013 \u201cekstremno toplo\u201d<\/strong>, a samo ponegdje malo manje \u2013 \u201cvrlo toplo\u201d, prenosi <a href=\"https:\/\/vrijeme-i-promet.hrt.hr\/meteo-kutak\/o-srpnju-i-nekim-njegovim-meteozanimljivostima-te-o-dugorocnim-izgledima-8816295\" target=\"_blank\" rel=\"noreferrer noopener\">hrt<\/a>.<\/p>\n\n\n\n<p>Za razliku od posvuda pozitivnog odstupanja od prosje\u010dne temperature zraka, <strong>ukupna srpanjska koli\u010dina oborine ve\u0107inom je bila manja od prosje\u010dne, ali ponegdje i ve\u0107a<\/strong>, ba\u0161 kako to i prili\u010di ljetnom mjesecu s nejednoliko raspore\u0111enim pljuskovima. Stoga \u0107e naj\u010de\u0161\u0107e klimatolo\u0161ke ocjene vjerojatno biti <strong>od \u201csu\u0161no\u201d<\/strong> u mnogim mjestima u Dalmaciji i isto\u010dnoj Hrvatskoj, pa i ponegdje na sjevernom Jadranu, <strong>do \u010dak \u201cvrlo ki\u0161no\u201d u \u0160ibeniku<\/strong>, i to zbog pljuskova tijekom samo 2 dana potkraj mjeseca.<\/p>\n\n\n\n<h3 class=\"wp-block-heading\"><strong>Dosada\u0161nji dio godine \u2013 tako\u0111er kao rijetko kada \u2013 i topao, i suh!<\/strong><\/h3>\n\n\n\n<p>Premda se od sije\u010dnja do travnja mo\u017eda moglo pomisliti kako \u0107e ova godina biti \u201cnormalnija\u201d od mnogih prije, <strong>analiza srednje temperature zraka od 1. sije\u010dnja do 31. srpnja pokazuje veliku iznimnost \u2013 u ve\u0107ini Hrvatske me\u0111u 4. najvi\u0161e!<\/strong><\/p>\n\n\n\n<p><strong>Vi\u0161a<\/strong> od ovogodi\u0161nje gotovo je posvuda <strong>bila 2007. godine<\/strong>, te primjerice u<strong> Zagrebu i Osijeku<\/strong> jo\u0161 i <strong>2014<\/strong>., a u <strong>Gospi\u0107u<\/strong> dodatno i <strong>2016. godine.<\/strong> U <strong>Dubrovniku<\/strong> je pak <strong>vi\u0161a bila 2007., 2016. i 2018.<\/strong> godine.<\/p>\n\n\n\n<p><strong>Po ukupnoj koli\u010dini oborine \u201cproblemi\u201d su se uo\u010davali ve\u0107 po\u010detkom godine, a sada stanje djeluje jo\u0161 \u201cdramati\u010dnije\u201d.<\/strong> Unato\u010d ponegdje ki\u0161ovitom travnju, manjak oborine je posvuda. \u0160tovi\u0161e, u \u201ctradicionalno ki\u0161ovitoj\u201d <strong>Rijeci<\/strong>, primjerice, <strong>samo je 5 godina<\/strong> od sredine 20. stolje\u0107a, kada su po\u010dela slu\u017ebena svakodnevna mjerenja, <strong>od po\u010detka sije\u010dnja do kraja srpnja zabilje\u017eena manja koli\u010dina oborine nego ove godine<\/strong> \u2013 i to posljednji put 2012. godine, a <strong>u Splitu je pak manje oborine bilo samo 1993.!<\/strong><\/p>\n\n\n\n<h3 class=\"wp-block-heading\"><strong>I kolovoz iznadprosje\u010dno topao i ve\u0107inom suh?!<\/strong><\/h3>\n\n\n\n<p>Nakon srpnja, te po mnogo \u010demu ve\u0107inom <strong>jo\u0161 ekstremnijeg lipnja,<\/strong> ve\u0107 sada se mo\u017ee gotovo pa tvrditi kako \u0107e se <strong>ostvariti prognoze iznadprosje\u010dno toplog ljeta.<\/strong> Naime, i <strong>prognoze za kolovoz daju prili\u010dno veliku vjerojatnost za njegovu iznadprosje\u010dno visoku srednju mjese\u010dnu temperaturu<\/strong> zraka.<\/p>\n\n\n\n<p>Pritom \u0107e <strong>vjerojatno najtoplije biti u ovom, prvom tjednu kolovoza,<\/strong> tijekom kojeg nam se valja prilagoditi <strong>novom toplinskom valu koji mo\u017ee utjecati na zdravlje,<\/strong> i to ponegdje <strong>ve\u0107 od \u010detvrtka<\/strong> te gotovo diljem Hrvatske tijekom mnogima zbog praznika produljenog vikenda.<\/p>\n\n\n\n<p><strong>U drugom i \u010detvrtom tjednu<\/strong> kolovoza pove\u0107ava se vjerojatnost za nestabilnije i manje vru\u0107e dane, gdjekad i \u201csamo\u201d tople, uz temperaturu zraka uglavnom oko prosje\u010dne, a ponovno znatnije pozitivno odstupanje od vi\u0161egodi\u0161njih srednjih vrijednosti u ve\u0107ini je Hrvatske vjerojatnije<strong> u tre\u0107em tjednu kolovoza.<\/strong><\/p>\n\n\n\n<p><strong>Naravno, te prognoze nisu pouzdane kao one za prvih tjedan dana i promjene su jo\u0161 mogu\u0107e.<\/strong> Jo\u0161 uobi\u010dajeno nepouzdanije su prognoze oborine. Ako se trenuta\u010dno najvjerojatnije ostvare \u2013 i dalje \u0107emo se suo\u010davati s nedostatkom ki\u0161e.<\/p>\n\n\n\n<h3 class=\"wp-block-heading\"><strong>I tijekom jeseni nastavak topline i manjka oborine?!<\/strong><\/h3>\n\n\n\n<p>Sude\u0107i prema dugoro\u010dnijim prognozama \u2013 <strong>manjak oborine vjerojatno \u0107emo imati i u prvim jesenskim mjesecima<\/strong>, a u ve\u0107ini Hrvatske<strong> pove\u0107ana vjerojatnost za ki\u0161ovitiji mjesec od prosjeka je tek u studenome.<\/strong> Do tada je umjerena do \u010dak velika vjerojatnost i za mjesece toplije od prosjeka.<\/p>\n\n\n\n<p><strong>Prognoze za zimu<\/strong> jo\u0161 su manje pouzdane od onih za jesen, ali<strong> daju nadu da \u0107e temperatura zraka djelovati na barem malo ubla\u017eavanje prema ekonomskim prognozama prili\u010dno velikih tro\u0161kova za grijanje<\/strong>\u2026 No, do tada \u0107e biti jo\u0161 kojekakvih analiza i prognoza \u2013 i detaljnijih i pouzdanijih od ovdje napisanih. A jama\u010dno \u2013 i kra\u0107ih\u2026<\/p>\n\n\n\n<p><em>Izvor: narod.hr\/hrt<\/em><\/p>\n","protected":false},"excerpt":{"rendered":"<p>I dok ovih dana \u017eivimo u prosje\u010dno toplim ljetnim danima, bez pretjerane vru\u0107ine i toplinskih valova koji su nedavno bili \u2013 i skorog novog koji samo \u0161to nije- mo\u017eda \u0107e nekima biti zanimljiva meteorolo\u0161ka analiza ovogodi\u0161njega srpnja i dosada\u0161njeg dijela godine. Srpanj \u2013 iznadprosje\u010dno topao, ali posvuda ne i suh Kao \u0161to se moglo i [&hellip;]<\/p>\n","protected":false},"author":2,"featured_media":165812,"comment_status":"closed","ping_status":"closed","sticky":false,"template":"","format":"standard","meta":{"h5ap_radio_sources":[],"footnotes":""},"categories":[1],"tags":[],"class_list":["post-165811","post","type-post","status-publish","format-standard","has-post-thumbnail","hentry","category-bihiregija"],"yoast_head":"<!-- This site is optimized with the Yoast SEO plugin v27.4 - https:\/\/yoast.com\/product\/yoast-seo-wordpress\/ -->\n<title>Meteorolo\u0161ka analiza: Jesmo li oborili temperaturne rekorde i \u0161to nas o\u010dekuje u kolovozu? - RADIO LJUBU\u0160KI<\/title>\n<meta name=\"robots\" content=\"index, follow, max-snippet:-1, max-image-preview:large, max-video-preview:-1\" \/>\n<link rel=\"canonical\" href=\"https:\/\/radioljubuski.ba\/index.php\/2022\/08\/02\/meteoroloska-analiza-jesmo-li-oborili-temperaturne-rekorde-i-sto-nas-ocekuje-u-kolovozu\/\" \/>\n<meta property=\"og:locale\" content=\"hr_HR\" \/>\n<meta property=\"og:type\" content=\"article\" \/>\n<meta property=\"og:title\" content=\"Meteorolo\u0161ka analiza: Jesmo li oborili temperaturne rekorde i \u0161to nas o\u010dekuje u kolovozu? - RADIO LJUBU\u0160KI\" \/>\n<meta property=\"og:description\" content=\"I dok ovih dana \u017eivimo u prosje\u010dno toplim ljetnim danima, bez pretjerane vru\u0107ine i toplinskih valova koji su nedavno bili \u2013 i skorog novog koji samo \u0161to nije- mo\u017eda \u0107e nekima biti zanimljiva meteorolo\u0161ka analiza ovogodi\u0161njega srpnja i dosada\u0161njeg dijela godine. Srpanj \u2013 iznadprosje\u010dno topao, ali posvuda ne i suh Kao \u0161to se moglo i [&hellip;]\" \/>\n<meta property=\"og:url\" content=\"https:\/\/radioljubuski.ba\/index.php\/2022\/08\/02\/meteoroloska-analiza-jesmo-li-oborili-temperaturne-rekorde-i-sto-nas-ocekuje-u-kolovozu\/\" \/>\n<meta property=\"og:site_name\" content=\"RADIO LJUBU\u0160KI\" \/>\n<meta property=\"article:publisher\" content=\"https:\/\/www.facebook.com\/Radiio-Ljubuski-1490835324566332\" \/>\n<meta property=\"article:published_time\" content=\"2022-08-02T10:42:14+00:00\" \/>\n<meta property=\"article:modified_time\" content=\"2022-08-02T10:42:15+00:00\" \/>\n<meta property=\"og:image\" content=\"https:\/\/radioljubuski.ba\/wp-content\/uploads\/2022\/08\/Untitled-collage-7-696x522-1.jpg\" \/>\n\t<meta property=\"og:image:width\" content=\"696\" \/>\n\t<meta property=\"og:image:height\" content=\"522\" \/>\n\t<meta property=\"og:image:type\" content=\"image\/jpeg\" \/>\n<meta name=\"author\" content=\"Radio Ljubu\u0161ki\" \/>\n<meta name=\"twitter:card\" content=\"summary_large_image\" \/>\n<meta name=\"twitter:creator\" content=\"@radioljubuski\" \/>\n<meta name=\"twitter:site\" content=\"@radioljubuski\" \/>\n<meta name=\"twitter:label1\" content=\"Napisao\/la\" \/>\n\t<meta name=\"twitter:data1\" content=\"Radio Ljubu\u0161ki\" \/>\n\t<meta name=\"twitter:label2\" content=\"Procijenjeno vrijeme \u010ditanja\" \/>\n\t<meta name=\"twitter:data2\" content=\"4 minute\" \/>\n<script type=\"application\/ld+json\" class=\"yoast-schema-graph\">{\"@context\":\"https:\\\/\\\/schema.org\",\"@graph\":[{\"@type\":\"Article\",\"@id\":\"https:\\\/\\\/radioljubuski.ba\\\/index.php\\\/2022\\\/08\\\/02\\\/meteoroloska-analiza-jesmo-li-oborili-temperaturne-rekorde-i-sto-nas-ocekuje-u-kolovozu\\\/#article\",\"isPartOf\":{\"@id\":\"https:\\\/\\\/radioljubuski.ba\\\/index.php\\\/2022\\\/08\\\/02\\\/meteoroloska-analiza-jesmo-li-oborili-temperaturne-rekorde-i-sto-nas-ocekuje-u-kolovozu\\\/\"},\"author\":{\"name\":\"Radio Ljubu\u0161ki\",\"@id\":\"https:\\\/\\\/radioljubuski.ba\\\/#\\\/schema\\\/person\\\/19fc700381a780f69665d7956c469e3b\"},\"headline\":\"Meteorolo\u0161ka analiza: Jesmo li oborili temperaturne rekorde i \u0161to nas o\u010dekuje u kolovozu?\",\"datePublished\":\"2022-08-02T10:42:14+00:00\",\"dateModified\":\"2022-08-02T10:42:15+00:00\",\"mainEntityOfPage\":{\"@id\":\"https:\\\/\\\/radioljubuski.ba\\\/index.php\\\/2022\\\/08\\\/02\\\/meteoroloska-analiza-jesmo-li-oborili-temperaturne-rekorde-i-sto-nas-ocekuje-u-kolovozu\\\/\"},\"wordCount\":998,\"publisher\":{\"@id\":\"https:\\\/\\\/radioljubuski.ba\\\/#organization\"},\"image\":{\"@id\":\"https:\\\/\\\/radioljubuski.ba\\\/index.php\\\/2022\\\/08\\\/02\\\/meteoroloska-analiza-jesmo-li-oborili-temperaturne-rekorde-i-sto-nas-ocekuje-u-kolovozu\\\/#primaryimage\"},\"thumbnailUrl\":\"https:\\\/\\\/radioljubuski.ba\\\/wp-content\\\/uploads\\\/2022\\\/08\\\/Untitled-collage-7-696x522-1.jpg\",\"articleSection\":[\"BIH i regija\"],\"inLanguage\":\"hr\"},{\"@type\":\"WebPage\",\"@id\":\"https:\\\/\\\/radioljubuski.ba\\\/index.php\\\/2022\\\/08\\\/02\\\/meteoroloska-analiza-jesmo-li-oborili-temperaturne-rekorde-i-sto-nas-ocekuje-u-kolovozu\\\/\",\"url\":\"https:\\\/\\\/radioljubuski.ba\\\/index.php\\\/2022\\\/08\\\/02\\\/meteoroloska-analiza-jesmo-li-oborili-temperaturne-rekorde-i-sto-nas-ocekuje-u-kolovozu\\\/\",\"name\":\"Meteorolo\u0161ka analiza: Jesmo li oborili temperaturne rekorde i \u0161to nas o\u010dekuje u kolovozu? - RADIO LJUBU\u0160KI\",\"isPartOf\":{\"@id\":\"https:\\\/\\\/radioljubuski.ba\\\/#website\"},\"primaryImageOfPage\":{\"@id\":\"https:\\\/\\\/radioljubuski.ba\\\/index.php\\\/2022\\\/08\\\/02\\\/meteoroloska-analiza-jesmo-li-oborili-temperaturne-rekorde-i-sto-nas-ocekuje-u-kolovozu\\\/#primaryimage\"},\"image\":{\"@id\":\"https:\\\/\\\/radioljubuski.ba\\\/index.php\\\/2022\\\/08\\\/02\\\/meteoroloska-analiza-jesmo-li-oborili-temperaturne-rekorde-i-sto-nas-ocekuje-u-kolovozu\\\/#primaryimage\"},\"thumbnailUrl\":\"https:\\\/\\\/radioljubuski.ba\\\/wp-content\\\/uploads\\\/2022\\\/08\\\/Untitled-collage-7-696x522-1.jpg\",\"datePublished\":\"2022-08-02T10:42:14+00:00\",\"dateModified\":\"2022-08-02T10:42:15+00:00\",\"breadcrumb\":{\"@id\":\"https:\\\/\\\/radioljubuski.ba\\\/index.php\\\/2022\\\/08\\\/02\\\/meteoroloska-analiza-jesmo-li-oborili-temperaturne-rekorde-i-sto-nas-ocekuje-u-kolovozu\\\/#breadcrumb\"},\"inLanguage\":\"hr\",\"potentialAction\":[{\"@type\":\"ReadAction\",\"target\":[\"https:\\\/\\\/radioljubuski.ba\\\/index.php\\\/2022\\\/08\\\/02\\\/meteoroloska-analiza-jesmo-li-oborili-temperaturne-rekorde-i-sto-nas-ocekuje-u-kolovozu\\\/\"]}]},{\"@type\":\"ImageObject\",\"inLanguage\":\"hr\",\"@id\":\"https:\\\/\\\/radioljubuski.ba\\\/index.php\\\/2022\\\/08\\\/02\\\/meteoroloska-analiza-jesmo-li-oborili-temperaturne-rekorde-i-sto-nas-ocekuje-u-kolovozu\\\/#primaryimage\",\"url\":\"https:\\\/\\\/radioljubuski.ba\\\/wp-content\\\/uploads\\\/2022\\\/08\\\/Untitled-collage-7-696x522-1.jpg\",\"contentUrl\":\"https:\\\/\\\/radioljubuski.ba\\\/wp-content\\\/uploads\\\/2022\\\/08\\\/Untitled-collage-7-696x522-1.jpg\",\"width\":696,\"height\":522},{\"@type\":\"BreadcrumbList\",\"@id\":\"https:\\\/\\\/radioljubuski.ba\\\/index.php\\\/2022\\\/08\\\/02\\\/meteoroloska-analiza-jesmo-li-oborili-temperaturne-rekorde-i-sto-nas-ocekuje-u-kolovozu\\\/#breadcrumb\",\"itemListElement\":[{\"@type\":\"ListItem\",\"position\":1,\"name\":\"Po\u010detna stranica\",\"item\":\"https:\\\/\\\/radioljubuski.ba\\\/\"},{\"@type\":\"ListItem\",\"position\":2,\"name\":\"Meteorolo\u0161ka analiza: Jesmo li oborili temperaturne rekorde i \u0161to nas o\u010dekuje u kolovozu?\"}]},{\"@type\":\"WebSite\",\"@id\":\"https:\\\/\\\/radioljubuski.ba\\\/#website\",\"url\":\"https:\\\/\\\/radioljubuski.ba\\\/\",\"name\":\"Radio Ljubu\u0161ki\",\"description\":\"Sun\u010dana frekvencija Hercegovine\",\"publisher\":{\"@id\":\"https:\\\/\\\/radioljubuski.ba\\\/#organization\"},\"potentialAction\":[{\"@type\":\"SearchAction\",\"target\":{\"@type\":\"EntryPoint\",\"urlTemplate\":\"https:\\\/\\\/radioljubuski.ba\\\/?s={search_term_string}\"},\"query-input\":{\"@type\":\"PropertyValueSpecification\",\"valueRequired\":true,\"valueName\":\"search_term_string\"}}],\"inLanguage\":\"hr\"},{\"@type\":\"Organization\",\"@id\":\"https:\\\/\\\/radioljubuski.ba\\\/#organization\",\"name\":\"Radio Ljubu\u0161ki\",\"url\":\"https:\\\/\\\/radioljubuski.ba\\\/\",\"logo\":{\"@type\":\"ImageObject\",\"inLanguage\":\"hr\",\"@id\":\"https:\\\/\\\/radioljubuski.ba\\\/#\\\/schema\\\/logo\\\/image\\\/\",\"url\":\"https:\\\/\\\/radioljubuski.ba\\\/wp-content\\\/uploads\\\/2021\\\/02\\\/cropped-Radio_Ljubuski_logo1.jpg\",\"contentUrl\":\"https:\\\/\\\/radioljubuski.ba\\\/wp-content\\\/uploads\\\/2021\\\/02\\\/cropped-Radio_Ljubuski_logo1.jpg\",\"width\":512,\"height\":512,\"caption\":\"Radio Ljubu\u0161ki\"},\"image\":{\"@id\":\"https:\\\/\\\/radioljubuski.ba\\\/#\\\/schema\\\/logo\\\/image\\\/\"},\"sameAs\":[\"https:\\\/\\\/www.facebook.com\\\/Radiio-Ljubuski-1490835324566332\",\"https:\\\/\\\/x.com\\\/radioljubuski\",\"https:\\\/\\\/hr.linkedin.com\\\/company\\\/radio-ljubuski\",\"https:\\\/\\\/www.youtube.com\\\/channel\\\/UCHYaeO_n0Db3tjNGudGpXyw\"]},{\"@type\":\"Person\",\"@id\":\"https:\\\/\\\/radioljubuski.ba\\\/#\\\/schema\\\/person\\\/19fc700381a780f69665d7956c469e3b\",\"name\":\"Radio Ljubu\u0161ki\"}]}<\/script>\n<!-- \/ Yoast SEO plugin. -->","yoast_head_json":{"title":"Meteorolo\u0161ka analiza: Jesmo li oborili temperaturne rekorde i \u0161to nas o\u010dekuje u kolovozu? - RADIO LJUBU\u0160KI","robots":{"index":"index","follow":"follow","max-snippet":"max-snippet:-1","max-image-preview":"max-image-preview:large","max-video-preview":"max-video-preview:-1"},"canonical":"https:\/\/radioljubuski.ba\/index.php\/2022\/08\/02\/meteoroloska-analiza-jesmo-li-oborili-temperaturne-rekorde-i-sto-nas-ocekuje-u-kolovozu\/","og_locale":"hr_HR","og_type":"article","og_title":"Meteorolo\u0161ka analiza: Jesmo li oborili temperaturne rekorde i \u0161to nas o\u010dekuje u kolovozu? - RADIO LJUBU\u0160KI","og_description":"I dok ovih dana \u017eivimo u prosje\u010dno toplim ljetnim danima, bez pretjerane vru\u0107ine i toplinskih valova koji su nedavno bili \u2013 i skorog novog koji samo \u0161to nije- mo\u017eda \u0107e nekima biti zanimljiva meteorolo\u0161ka analiza ovogodi\u0161njega srpnja i dosada\u0161njeg dijela godine. Srpanj \u2013 iznadprosje\u010dno topao, ali posvuda ne i suh Kao \u0161to se moglo i [&hellip;]","og_url":"https:\/\/radioljubuski.ba\/index.php\/2022\/08\/02\/meteoroloska-analiza-jesmo-li-oborili-temperaturne-rekorde-i-sto-nas-ocekuje-u-kolovozu\/","og_site_name":"RADIO LJUBU\u0160KI","article_publisher":"https:\/\/www.facebook.com\/Radiio-Ljubuski-1490835324566332","article_published_time":"2022-08-02T10:42:14+00:00","article_modified_time":"2022-08-02T10:42:15+00:00","og_image":[{"width":696,"height":522,"url":"https:\/\/radioljubuski.ba\/wp-content\/uploads\/2022\/08\/Untitled-collage-7-696x522-1.jpg","type":"image\/jpeg"}],"author":"Radio Ljubu\u0161ki","twitter_card":"summary_large_image","twitter_creator":"@radioljubuski","twitter_site":"@radioljubuski","twitter_misc":{"Napisao\/la":"Radio Ljubu\u0161ki","Procijenjeno vrijeme \u010ditanja":"4 minute"},"schema":{"@context":"https:\/\/schema.org","@graph":[{"@type":"Article","@id":"https:\/\/radioljubuski.ba\/index.php\/2022\/08\/02\/meteoroloska-analiza-jesmo-li-oborili-temperaturne-rekorde-i-sto-nas-ocekuje-u-kolovozu\/#article","isPartOf":{"@id":"https:\/\/radioljubuski.ba\/index.php\/2022\/08\/02\/meteoroloska-analiza-jesmo-li-oborili-temperaturne-rekorde-i-sto-nas-ocekuje-u-kolovozu\/"},"author":{"name":"Radio Ljubu\u0161ki","@id":"https:\/\/radioljubuski.ba\/#\/schema\/person\/19fc700381a780f69665d7956c469e3b"},"headline":"Meteorolo\u0161ka analiza: Jesmo li oborili temperaturne rekorde i \u0161to nas o\u010dekuje u kolovozu?","datePublished":"2022-08-02T10:42:14+00:00","dateModified":"2022-08-02T10:42:15+00:00","mainEntityOfPage":{"@id":"https:\/\/radioljubuski.ba\/index.php\/2022\/08\/02\/meteoroloska-analiza-jesmo-li-oborili-temperaturne-rekorde-i-sto-nas-ocekuje-u-kolovozu\/"},"wordCount":998,"publisher":{"@id":"https:\/\/radioljubuski.ba\/#organization"},"image":{"@id":"https:\/\/radioljubuski.ba\/index.php\/2022\/08\/02\/meteoroloska-analiza-jesmo-li-oborili-temperaturne-rekorde-i-sto-nas-ocekuje-u-kolovozu\/#primaryimage"},"thumbnailUrl":"https:\/\/radioljubuski.ba\/wp-content\/uploads\/2022\/08\/Untitled-collage-7-696x522-1.jpg","articleSection":["BIH i regija"],"inLanguage":"hr"},{"@type":"WebPage","@id":"https:\/\/radioljubuski.ba\/index.php\/2022\/08\/02\/meteoroloska-analiza-jesmo-li-oborili-temperaturne-rekorde-i-sto-nas-ocekuje-u-kolovozu\/","url":"https:\/\/radioljubuski.ba\/index.php\/2022\/08\/02\/meteoroloska-analiza-jesmo-li-oborili-temperaturne-rekorde-i-sto-nas-ocekuje-u-kolovozu\/","name":"Meteorolo\u0161ka analiza: Jesmo li oborili temperaturne rekorde i \u0161to nas o\u010dekuje u kolovozu? - RADIO LJUBU\u0160KI","isPartOf":{"@id":"https:\/\/radioljubuski.ba\/#website"},"primaryImageOfPage":{"@id":"https:\/\/radioljubuski.ba\/index.php\/2022\/08\/02\/meteoroloska-analiza-jesmo-li-oborili-temperaturne-rekorde-i-sto-nas-ocekuje-u-kolovozu\/#primaryimage"},"image":{"@id":"https:\/\/radioljubuski.ba\/index.php\/2022\/08\/02\/meteoroloska-analiza-jesmo-li-oborili-temperaturne-rekorde-i-sto-nas-ocekuje-u-kolovozu\/#primaryimage"},"thumbnailUrl":"https:\/\/radioljubuski.ba\/wp-content\/uploads\/2022\/08\/Untitled-collage-7-696x522-1.jpg","datePublished":"2022-08-02T10:42:14+00:00","dateModified":"2022-08-02T10:42:15+00:00","breadcrumb":{"@id":"https:\/\/radioljubuski.ba\/index.php\/2022\/08\/02\/meteoroloska-analiza-jesmo-li-oborili-temperaturne-rekorde-i-sto-nas-ocekuje-u-kolovozu\/#breadcrumb"},"inLanguage":"hr","potentialAction":[{"@type":"ReadAction","target":["https:\/\/radioljubuski.ba\/index.php\/2022\/08\/02\/meteoroloska-analiza-jesmo-li-oborili-temperaturne-rekorde-i-sto-nas-ocekuje-u-kolovozu\/"]}]},{"@type":"ImageObject","inLanguage":"hr","@id":"https:\/\/radioljubuski.ba\/index.php\/2022\/08\/02\/meteoroloska-analiza-jesmo-li-oborili-temperaturne-rekorde-i-sto-nas-ocekuje-u-kolovozu\/#primaryimage","url":"https:\/\/radioljubuski.ba\/wp-content\/uploads\/2022\/08\/Untitled-collage-7-696x522-1.jpg","contentUrl":"https:\/\/radioljubuski.ba\/wp-content\/uploads\/2022\/08\/Untitled-collage-7-696x522-1.jpg","width":696,"height":522},{"@type":"BreadcrumbList","@id":"https:\/\/radioljubuski.ba\/index.php\/2022\/08\/02\/meteoroloska-analiza-jesmo-li-oborili-temperaturne-rekorde-i-sto-nas-ocekuje-u-kolovozu\/#breadcrumb","itemListElement":[{"@type":"ListItem","position":1,"name":"Po\u010detna stranica","item":"https:\/\/radioljubuski.ba\/"},{"@type":"ListItem","position":2,"name":"Meteorolo\u0161ka analiza: Jesmo li oborili temperaturne rekorde i \u0161to nas o\u010dekuje u kolovozu?"}]},{"@type":"WebSite","@id":"https:\/\/radioljubuski.ba\/#website","url":"https:\/\/radioljubuski.ba\/","name":"Radio Ljubu\u0161ki","description":"Sun\u010dana frekvencija Hercegovine","publisher":{"@id":"https:\/\/radioljubuski.ba\/#organization"},"potentialAction":[{"@type":"SearchAction","target":{"@type":"EntryPoint","urlTemplate":"https:\/\/radioljubuski.ba\/?s={search_term_string}"},"query-input":{"@type":"PropertyValueSpecification","valueRequired":true,"valueName":"search_term_string"}}],"inLanguage":"hr"},{"@type":"Organization","@id":"https:\/\/radioljubuski.ba\/#organization","name":"Radio Ljubu\u0161ki","url":"https:\/\/radioljubuski.ba\/","logo":{"@type":"ImageObject","inLanguage":"hr","@id":"https:\/\/radioljubuski.ba\/#\/schema\/logo\/image\/","url":"https:\/\/radioljubuski.ba\/wp-content\/uploads\/2021\/02\/cropped-Radio_Ljubuski_logo1.jpg","contentUrl":"https:\/\/radioljubuski.ba\/wp-content\/uploads\/2021\/02\/cropped-Radio_Ljubuski_logo1.jpg","width":512,"height":512,"caption":"Radio Ljubu\u0161ki"},"image":{"@id":"https:\/\/radioljubuski.ba\/#\/schema\/logo\/image\/"},"sameAs":["https:\/\/www.facebook.com\/Radiio-Ljubuski-1490835324566332","https:\/\/x.com\/radioljubuski","https:\/\/hr.linkedin.com\/company\/radio-ljubuski","https:\/\/www.youtube.com\/channel\/UCHYaeO_n0Db3tjNGudGpXyw"]},{"@type":"Person","@id":"https:\/\/radioljubuski.ba\/#\/schema\/person\/19fc700381a780f69665d7956c469e3b","name":"Radio Ljubu\u0161ki"}]}},"_links":{"self":[{"href":"https:\/\/radioljubuski.ba\/index.php\/wp-json\/wp\/v2\/posts\/165811","targetHints":{"allow":["GET"]}}],"collection":[{"href":"https:\/\/radioljubuski.ba\/index.php\/wp-json\/wp\/v2\/posts"}],"about":[{"href":"https:\/\/radioljubuski.ba\/index.php\/wp-json\/wp\/v2\/types\/post"}],"author":[{"embeddable":true,"href":"https:\/\/radioljubuski.ba\/index.php\/wp-json\/wp\/v2\/users\/2"}],"replies":[{"embeddable":true,"href":"https:\/\/radioljubuski.ba\/index.php\/wp-json\/wp\/v2\/comments?post=165811"}],"version-history":[{"count":1,"href":"https:\/\/radioljubuski.ba\/index.php\/wp-json\/wp\/v2\/posts\/165811\/revisions"}],"predecessor-version":[{"id":165813,"href":"https:\/\/radioljubuski.ba\/index.php\/wp-json\/wp\/v2\/posts\/165811\/revisions\/165813"}],"wp:featuredmedia":[{"embeddable":true,"href":"https:\/\/radioljubuski.ba\/index.php\/wp-json\/wp\/v2\/media\/165812"}],"wp:attachment":[{"href":"https:\/\/radioljubuski.ba\/index.php\/wp-json\/wp\/v2\/media?parent=165811"}],"wp:term":[{"taxonomy":"category","embeddable":true,"href":"https:\/\/radioljubuski.ba\/index.php\/wp-json\/wp\/v2\/categories?post=165811"},{"taxonomy":"post_tag","embeddable":true,"href":"https:\/\/radioljubuski.ba\/index.php\/wp-json\/wp\/v2\/tags?post=165811"}],"curies":[{"name":"wp","href":"https:\/\/api.w.org\/{rel}","templated":true}]}}