{"id":165814,"date":"2022-08-02T11:44:30","date_gmt":"2022-08-02T10:44:30","guid":{"rendered":"https:\/\/radioljubuski.ba\/?p=165814"},"modified":"2022-08-02T11:44:32","modified_gmt":"2022-08-02T10:44:32","slug":"zatvara-se-sve-vise-opg-ova-zbog-nesnosnih-vrucina-i-vala-poskupljenja-drzava-ne-poduzima-nista","status":"publish","type":"post","link":"https:\/\/radioljubuski.ba\/index.php\/2022\/08\/02\/zatvara-se-sve-vise-opg-ova-zbog-nesnosnih-vrucina-i-vala-poskupljenja-drzava-ne-poduzima-nista\/","title":{"rendered":"Zatvara se sve vi\u0161e OPG-ova zbog nesnosnih vru\u0107ina i vala poskupljenja: Dr\u017eava ne poduzima ni\u0161ta"},"content":{"rendered":"\n<p>Dugotrajna su\u0161a, koja je ve\u0107 ubrala danak u smanjenom prinosu \u017eitarica, sada opasno prijeti urodu kukuruza, a najve\u0107e glavobolje donijela je uzgajiva\u010dima vo\u0107a i povr\u0107a. Tropske temperature uni\u0161tavaju plodove i prije branja, a proizvo\u0111a\u010di bresaka, koji nemaju hla\u0111eno skladi\u0161tenje, ve\u0107 sutradan od njih mogu proizvoditi samo pekmez.<\/p>\n\n\n\n<p>Stru\u010dnjaci ka\u017eu da ovogodi\u0161nja su\u0161a nije samo meteorolo\u0161ka, kad dugo ne pada ki\u0161a, nego je rije\u010d i o poljoprivrednoj su\u0161i ili su\u0161i tla (vegetacija crpi vodu iz tla) i hidrolo\u0161koj (niski vodostaji, isu\u0161ene rijeke). Povrtne kulture koje upravo dozrijevaju u najve\u0107oj su opasnosti pa su upitne koli\u010dine doma\u0107eg povr\u0107a za pripremu zimnice.<\/p>\n\n\n\n<p>Potvrdila je to <strong>Marina Galovi\u0107<\/strong>, vlasnica OPG-a Gala sa \u017ditnjaka i predsjednica Udruge povr\u0107ara Grada Zagreba.<\/p>\n\n\n\n<p>\u2013 Ekstremni vremenski uvjeti i velike vru\u0107ine uzrokovali su pad poljoprivredne proizvodnje u Hrvatskoj. Sve je vi\u0161e OPG-a koji zbog nesnosnih vru\u0107ina i vala poskupljenja repromaterijala zatvaraju svoju djelatnost. Danas je nemogu\u0107e odr\u017eati poslovanje jer su inputi vi\u0161estruko narasli i samo najuporniji opstaju i dr\u017ee se za slamku. Samo je gnojivo poskupjelo oko 400 posto, sjeme 25, plavi diesel 300 posto, energenti\u2026 Urod je prepolovljen i upitne su koli\u010dine za pripremu zimnice koja je pred nama \u2013 ka\u017ee Marina Galovi\u0107 koja obra\u0111uje 2,3 hektara povrtlarskih kultura.<\/p>\n\n\n\n<p>\u017dali se kako \u201cdr\u017eava ne poduzima ni\u0161ta po tom pitanju da se za\u0161titi proizvo\u0111a\u010da koji sad tro\u0161i svoju u\u0161te\u0111evinu da bi uop\u0107e opstao\u201d.<\/p>\n\n\n\n<p>\u2013 Na televiziji \u010dujete kako proizvo\u0111a\u010di dobivaju financijske injekcije za ubla\u017eavanje poskupljenja, ali to su vam smije\u0161ni iznosi. Na moj OPG od 2,3 hektara dobila bih 900 kuna nadoknade za gnojivo, a time mogu kupiti samo tri vre\u0107e uree. Dali su nam dozvolu da kupimo 435 litara plavog diesela samo za obradu zemlje kao da smo ratari, a povrtlari navodnjavaju povr\u0107e i to, naravno, ide iz mog d\u017eepa. Kad se zbroje plus i minus, radimo uglavnom da bismo platili doprinose, porez, prirez i repromaterijal, a nama kaj ostane. Cijenu u prodaji ne mo\u017eemo podi\u0107i jer onda nema interesa ni kupaca. Ovo je \u0161ah-mat situacija i bojim se da \u0107e se do kraja godine ugasiti vi\u0161e od 30 posto OPG-a u Hrvatskoj \u2013 isti\u010de Marina Galovi\u0107.<\/p>\n\n\n\n<p>U Hrvatskoj se povrtlarstvom trenuta\u010dno bavi oko 39.000 proizvo\u0111a\u010da povr\u0107a, od kojih je oko 10.000 u okolici Zagreba. No, zagreba\u010dki OPG-i ne mogu aplicirati za fondove i dobiti sredstva zbog lokacije jer su svi fondovi namijenjeni za tzv. ruralna podru\u010dja.<\/p>\n\n\n\n<figure class=\"wp-block-image\"><img decoding=\"async\" src=\"https:\/\/narod.hr\/wp-content\/uploads\/2022\/08\/25657407.jpg\" alt=\"su\u0161e\" class=\"wp-image-1306866\"\/><\/figure>\n\n\n\n<p>\u2013 Po selima se voze traktori vrijedni 100.000 eura, a mi ovdje imamo mehanizaciju staru 40 godina. Ljudi ne vide matematiku i staju s proizvodnjom. Kompletan turizam se opskrbljuje uvoznim povr\u0107em jer su im i vlasnici stranci, a suradnja s doma\u0107im proizvo\u0111a\u010dima je mala, kao i kod trgova\u010dkih lanaca, tek tolika da se spomene u medijima. Uvoz je sve mo\u0107niji i ja\u010di, a mi polako nestajemo. Krajnji kupac pla\u0107a najvi\u0161e, a plate\u017ena mo\u0107 nam je jako mala. Mogu razumjeti kupca kad ode u centar i kupi povoljnije jer si ne mo\u017ee priu\u0161titi doma\u0107e. Mi niti ne mo\u017eemo ovakvim cijenama uop\u0107e biti konkurentni uvozu, koji proizvode megalomanski i vide matematiku u malim cijenama \u2013 ka\u017ee Marina Galovi\u0107.<\/p>\n\n\n\n<p>No, nada se da \u0107e \u201cvladaju\u0107i dobro razmisliti \u0161to je dr\u017eava bez hrane jer smo u pandemiji covida vidjeli kako je kad se granice zatvore i nema uvoza\u201d.<\/p>\n\n\n\n<p>\u2013 Oslanjali su se na nas, tra\u017eili da pove\u0107amo proizvodnju jer su shvatili da moramo biti samodostatni, a kada smo pove\u0107ali proizvodnju, panika je pro\u0161la, oni su opet pustili uvoz, a mi smo morali bacati vi\u0161ak vo\u0107a i povr\u0107a. Pojavio se i problem radne snage jer su kvote uvozne radne snage jako male \u2013 napominje Marina Galovi\u0107.<\/p>\n\n\n\n<p>Uz sve to, najnoviji problem je najava promjene lokacije Zelene tr\u017enice u Zagrebu koja je \u201cposljednja linija otpora uvozu\u201d s oko 300 malih proizvo\u0111a\u010da iz cijele Hrvatske, prenosi <a href=\"https:\/\/www.jutarnji.hr\/vijesti\/hrvatska\/hrvatski-poljoprivredni-slom-ovo-je-sah-mat-do-kraja-godine-ugasit-ce-se-30-opg-a-15230387\" target=\"_blank\" rel=\"noreferrer noopener\">Jutarnji list<\/a>.<\/p>\n\n\n\n<p>\u2013 Nova zagreba\u010dka vlast nije nam niti najavila lokaciju nove trajne Zelene tr\u017enice, a \u017eele da se preselimo na Inino parkirali\u0161te na Strugama. Mi smo odbili preseljenje dok ne saznamo lokaciju trajnog rje\u0161enja koji njima nije ni u planu. Dokud ide ova nemarnost dr\u017eavnog aparata, jo\u0161 \u0107emo vidjeti, ali mislim da \u0107emo morati i mi iza\u0107i na ulice i tra\u017eiti svoja prava \u2013 zaklju\u010duje Marina Galovi\u0107.<\/p>\n\n\n\n<p><em>Izvor: narod.hr\/jutarnji.hr<\/em><\/p>\n","protected":false},"excerpt":{"rendered":"<p>Dugotrajna su\u0161a, koja je ve\u0107 ubrala danak u smanjenom prinosu \u017eitarica, sada opasno prijeti urodu kukuruza, a najve\u0107e glavobolje donijela je uzgajiva\u010dima vo\u0107a i povr\u0107a. Tropske temperature uni\u0161tavaju plodove i prije branja, a proizvo\u0111a\u010di bresaka, koji nemaju hla\u0111eno skladi\u0161tenje, ve\u0107 sutradan od njih mogu proizvoditi samo pekmez. Stru\u010dnjaci ka\u017eu da ovogodi\u0161nja su\u0161a nije samo meteorolo\u0161ka, [&hellip;]<\/p>\n","protected":false},"author":2,"featured_media":165815,"comment_status":"closed","ping_status":"closed","sticky":false,"template":"","format":"standard","meta":{"h5ap_radio_sources":[],"footnotes":""},"categories":[1],"tags":[],"class_list":["post-165814","post","type-post","status-publish","format-standard","has-post-thumbnail","hentry","category-bihiregija"],"yoast_head":"<!-- This site is optimized with the Yoast SEO plugin v27.4 - https:\/\/yoast.com\/product\/yoast-seo-wordpress\/ -->\n<title>Zatvara se sve vi\u0161e OPG-ova zbog nesnosnih vru\u0107ina i vala poskupljenja: Dr\u017eava ne poduzima ni\u0161ta - RADIO LJUBU\u0160KI<\/title>\n<meta name=\"robots\" content=\"index, follow, max-snippet:-1, max-image-preview:large, max-video-preview:-1\" \/>\n<link rel=\"canonical\" href=\"https:\/\/radioljubuski.ba\/index.php\/2022\/08\/02\/zatvara-se-sve-vise-opg-ova-zbog-nesnosnih-vrucina-i-vala-poskupljenja-drzava-ne-poduzima-nista\/\" \/>\n<meta property=\"og:locale\" content=\"hr_HR\" \/>\n<meta property=\"og:type\" content=\"article\" \/>\n<meta property=\"og:title\" content=\"Zatvara se sve vi\u0161e OPG-ova zbog nesnosnih vru\u0107ina i vala poskupljenja: Dr\u017eava ne poduzima ni\u0161ta - RADIO LJUBU\u0160KI\" \/>\n<meta property=\"og:description\" content=\"Dugotrajna su\u0161a, koja je ve\u0107 ubrala danak u smanjenom prinosu \u017eitarica, sada opasno prijeti urodu kukuruza, a najve\u0107e glavobolje donijela je uzgajiva\u010dima vo\u0107a i povr\u0107a. Tropske temperature uni\u0161tavaju plodove i prije branja, a proizvo\u0111a\u010di bresaka, koji nemaju hla\u0111eno skladi\u0161tenje, ve\u0107 sutradan od njih mogu proizvoditi samo pekmez. Stru\u010dnjaci ka\u017eu da ovogodi\u0161nja su\u0161a nije samo meteorolo\u0161ka, [&hellip;]\" \/>\n<meta property=\"og:url\" content=\"https:\/\/radioljubuski.ba\/index.php\/2022\/08\/02\/zatvara-se-sve-vise-opg-ova-zbog-nesnosnih-vrucina-i-vala-poskupljenja-drzava-ne-poduzima-nista\/\" \/>\n<meta property=\"og:site_name\" content=\"RADIO LJUBU\u0160KI\" \/>\n<meta property=\"article:publisher\" content=\"https:\/\/www.facebook.com\/Radiio-Ljubuski-1490835324566332\" \/>\n<meta property=\"article:published_time\" content=\"2022-08-02T10:44:30+00:00\" \/>\n<meta property=\"article:modified_time\" content=\"2022-08-02T10:44:32+00:00\" \/>\n<meta property=\"og:image\" content=\"https:\/\/radioljubuski.ba\/wp-content\/uploads\/2022\/08\/povrce-urod-696x374-1.png\" \/>\n\t<meta property=\"og:image:width\" content=\"696\" \/>\n\t<meta property=\"og:image:height\" content=\"374\" \/>\n\t<meta property=\"og:image:type\" content=\"image\/png\" \/>\n<meta name=\"author\" content=\"Radio Ljubu\u0161ki\" \/>\n<meta name=\"twitter:card\" content=\"summary_large_image\" \/>\n<meta name=\"twitter:creator\" content=\"@radioljubuski\" \/>\n<meta name=\"twitter:site\" content=\"@radioljubuski\" \/>\n<meta name=\"twitter:label1\" content=\"Napisao\/la\" \/>\n\t<meta name=\"twitter:data1\" content=\"Radio Ljubu\u0161ki\" \/>\n\t<meta name=\"twitter:label2\" content=\"Procijenjeno vrijeme \u010ditanja\" \/>\n\t<meta name=\"twitter:data2\" content=\"4 minute\" \/>\n<script type=\"application\/ld+json\" class=\"yoast-schema-graph\">{\"@context\":\"https:\\\/\\\/schema.org\",\"@graph\":[{\"@type\":\"Article\",\"@id\":\"https:\\\/\\\/radioljubuski.ba\\\/index.php\\\/2022\\\/08\\\/02\\\/zatvara-se-sve-vise-opg-ova-zbog-nesnosnih-vrucina-i-vala-poskupljenja-drzava-ne-poduzima-nista\\\/#article\",\"isPartOf\":{\"@id\":\"https:\\\/\\\/radioljubuski.ba\\\/index.php\\\/2022\\\/08\\\/02\\\/zatvara-se-sve-vise-opg-ova-zbog-nesnosnih-vrucina-i-vala-poskupljenja-drzava-ne-poduzima-nista\\\/\"},\"author\":{\"name\":\"Radio Ljubu\u0161ki\",\"@id\":\"https:\\\/\\\/radioljubuski.ba\\\/#\\\/schema\\\/person\\\/19fc700381a780f69665d7956c469e3b\"},\"headline\":\"Zatvara se sve vi\u0161e OPG-ova zbog nesnosnih vru\u0107ina i vala poskupljenja: Dr\u017eava ne poduzima ni\u0161ta\",\"datePublished\":\"2022-08-02T10:44:30+00:00\",\"dateModified\":\"2022-08-02T10:44:32+00:00\",\"mainEntityOfPage\":{\"@id\":\"https:\\\/\\\/radioljubuski.ba\\\/index.php\\\/2022\\\/08\\\/02\\\/zatvara-se-sve-vise-opg-ova-zbog-nesnosnih-vrucina-i-vala-poskupljenja-drzava-ne-poduzima-nista\\\/\"},\"wordCount\":784,\"publisher\":{\"@id\":\"https:\\\/\\\/radioljubuski.ba\\\/#organization\"},\"image\":{\"@id\":\"https:\\\/\\\/radioljubuski.ba\\\/index.php\\\/2022\\\/08\\\/02\\\/zatvara-se-sve-vise-opg-ova-zbog-nesnosnih-vrucina-i-vala-poskupljenja-drzava-ne-poduzima-nista\\\/#primaryimage\"},\"thumbnailUrl\":\"https:\\\/\\\/radioljubuski.ba\\\/wp-content\\\/uploads\\\/2022\\\/08\\\/povrce-urod-696x374-1.png\",\"articleSection\":[\"BIH i regija\"],\"inLanguage\":\"hr\"},{\"@type\":\"WebPage\",\"@id\":\"https:\\\/\\\/radioljubuski.ba\\\/index.php\\\/2022\\\/08\\\/02\\\/zatvara-se-sve-vise-opg-ova-zbog-nesnosnih-vrucina-i-vala-poskupljenja-drzava-ne-poduzima-nista\\\/\",\"url\":\"https:\\\/\\\/radioljubuski.ba\\\/index.php\\\/2022\\\/08\\\/02\\\/zatvara-se-sve-vise-opg-ova-zbog-nesnosnih-vrucina-i-vala-poskupljenja-drzava-ne-poduzima-nista\\\/\",\"name\":\"Zatvara se sve vi\u0161e OPG-ova zbog nesnosnih vru\u0107ina i vala poskupljenja: Dr\u017eava ne poduzima ni\u0161ta - RADIO LJUBU\u0160KI\",\"isPartOf\":{\"@id\":\"https:\\\/\\\/radioljubuski.ba\\\/#website\"},\"primaryImageOfPage\":{\"@id\":\"https:\\\/\\\/radioljubuski.ba\\\/index.php\\\/2022\\\/08\\\/02\\\/zatvara-se-sve-vise-opg-ova-zbog-nesnosnih-vrucina-i-vala-poskupljenja-drzava-ne-poduzima-nista\\\/#primaryimage\"},\"image\":{\"@id\":\"https:\\\/\\\/radioljubuski.ba\\\/index.php\\\/2022\\\/08\\\/02\\\/zatvara-se-sve-vise-opg-ova-zbog-nesnosnih-vrucina-i-vala-poskupljenja-drzava-ne-poduzima-nista\\\/#primaryimage\"},\"thumbnailUrl\":\"https:\\\/\\\/radioljubuski.ba\\\/wp-content\\\/uploads\\\/2022\\\/08\\\/povrce-urod-696x374-1.png\",\"datePublished\":\"2022-08-02T10:44:30+00:00\",\"dateModified\":\"2022-08-02T10:44:32+00:00\",\"breadcrumb\":{\"@id\":\"https:\\\/\\\/radioljubuski.ba\\\/index.php\\\/2022\\\/08\\\/02\\\/zatvara-se-sve-vise-opg-ova-zbog-nesnosnih-vrucina-i-vala-poskupljenja-drzava-ne-poduzima-nista\\\/#breadcrumb\"},\"inLanguage\":\"hr\",\"potentialAction\":[{\"@type\":\"ReadAction\",\"target\":[\"https:\\\/\\\/radioljubuski.ba\\\/index.php\\\/2022\\\/08\\\/02\\\/zatvara-se-sve-vise-opg-ova-zbog-nesnosnih-vrucina-i-vala-poskupljenja-drzava-ne-poduzima-nista\\\/\"]}]},{\"@type\":\"ImageObject\",\"inLanguage\":\"hr\",\"@id\":\"https:\\\/\\\/radioljubuski.ba\\\/index.php\\\/2022\\\/08\\\/02\\\/zatvara-se-sve-vise-opg-ova-zbog-nesnosnih-vrucina-i-vala-poskupljenja-drzava-ne-poduzima-nista\\\/#primaryimage\",\"url\":\"https:\\\/\\\/radioljubuski.ba\\\/wp-content\\\/uploads\\\/2022\\\/08\\\/povrce-urod-696x374-1.png\",\"contentUrl\":\"https:\\\/\\\/radioljubuski.ba\\\/wp-content\\\/uploads\\\/2022\\\/08\\\/povrce-urod-696x374-1.png\",\"width\":696,\"height\":374},{\"@type\":\"BreadcrumbList\",\"@id\":\"https:\\\/\\\/radioljubuski.ba\\\/index.php\\\/2022\\\/08\\\/02\\\/zatvara-se-sve-vise-opg-ova-zbog-nesnosnih-vrucina-i-vala-poskupljenja-drzava-ne-poduzima-nista\\\/#breadcrumb\",\"itemListElement\":[{\"@type\":\"ListItem\",\"position\":1,\"name\":\"Po\u010detna stranica\",\"item\":\"https:\\\/\\\/radioljubuski.ba\\\/\"},{\"@type\":\"ListItem\",\"position\":2,\"name\":\"Zatvara se sve vi\u0161e OPG-ova zbog nesnosnih vru\u0107ina i vala poskupljenja: Dr\u017eava ne poduzima ni\u0161ta\"}]},{\"@type\":\"WebSite\",\"@id\":\"https:\\\/\\\/radioljubuski.ba\\\/#website\",\"url\":\"https:\\\/\\\/radioljubuski.ba\\\/\",\"name\":\"Radio Ljubu\u0161ki\",\"description\":\"Sun\u010dana frekvencija Hercegovine\",\"publisher\":{\"@id\":\"https:\\\/\\\/radioljubuski.ba\\\/#organization\"},\"potentialAction\":[{\"@type\":\"SearchAction\",\"target\":{\"@type\":\"EntryPoint\",\"urlTemplate\":\"https:\\\/\\\/radioljubuski.ba\\\/?s={search_term_string}\"},\"query-input\":{\"@type\":\"PropertyValueSpecification\",\"valueRequired\":true,\"valueName\":\"search_term_string\"}}],\"inLanguage\":\"hr\"},{\"@type\":\"Organization\",\"@id\":\"https:\\\/\\\/radioljubuski.ba\\\/#organization\",\"name\":\"Radio Ljubu\u0161ki\",\"url\":\"https:\\\/\\\/radioljubuski.ba\\\/\",\"logo\":{\"@type\":\"ImageObject\",\"inLanguage\":\"hr\",\"@id\":\"https:\\\/\\\/radioljubuski.ba\\\/#\\\/schema\\\/logo\\\/image\\\/\",\"url\":\"https:\\\/\\\/radioljubuski.ba\\\/wp-content\\\/uploads\\\/2021\\\/02\\\/cropped-Radio_Ljubuski_logo1.jpg\",\"contentUrl\":\"https:\\\/\\\/radioljubuski.ba\\\/wp-content\\\/uploads\\\/2021\\\/02\\\/cropped-Radio_Ljubuski_logo1.jpg\",\"width\":512,\"height\":512,\"caption\":\"Radio Ljubu\u0161ki\"},\"image\":{\"@id\":\"https:\\\/\\\/radioljubuski.ba\\\/#\\\/schema\\\/logo\\\/image\\\/\"},\"sameAs\":[\"https:\\\/\\\/www.facebook.com\\\/Radiio-Ljubuski-1490835324566332\",\"https:\\\/\\\/x.com\\\/radioljubuski\",\"https:\\\/\\\/hr.linkedin.com\\\/company\\\/radio-ljubuski\",\"https:\\\/\\\/www.youtube.com\\\/channel\\\/UCHYaeO_n0Db3tjNGudGpXyw\"]},{\"@type\":\"Person\",\"@id\":\"https:\\\/\\\/radioljubuski.ba\\\/#\\\/schema\\\/person\\\/19fc700381a780f69665d7956c469e3b\",\"name\":\"Radio Ljubu\u0161ki\"}]}<\/script>\n<!-- \/ Yoast SEO plugin. -->","yoast_head_json":{"title":"Zatvara se sve vi\u0161e OPG-ova zbog nesnosnih vru\u0107ina i vala poskupljenja: Dr\u017eava ne poduzima ni\u0161ta - RADIO LJUBU\u0160KI","robots":{"index":"index","follow":"follow","max-snippet":"max-snippet:-1","max-image-preview":"max-image-preview:large","max-video-preview":"max-video-preview:-1"},"canonical":"https:\/\/radioljubuski.ba\/index.php\/2022\/08\/02\/zatvara-se-sve-vise-opg-ova-zbog-nesnosnih-vrucina-i-vala-poskupljenja-drzava-ne-poduzima-nista\/","og_locale":"hr_HR","og_type":"article","og_title":"Zatvara se sve vi\u0161e OPG-ova zbog nesnosnih vru\u0107ina i vala poskupljenja: Dr\u017eava ne poduzima ni\u0161ta - RADIO LJUBU\u0160KI","og_description":"Dugotrajna su\u0161a, koja je ve\u0107 ubrala danak u smanjenom prinosu \u017eitarica, sada opasno prijeti urodu kukuruza, a najve\u0107e glavobolje donijela je uzgajiva\u010dima vo\u0107a i povr\u0107a. Tropske temperature uni\u0161tavaju plodove i prije branja, a proizvo\u0111a\u010di bresaka, koji nemaju hla\u0111eno skladi\u0161tenje, ve\u0107 sutradan od njih mogu proizvoditi samo pekmez. Stru\u010dnjaci ka\u017eu da ovogodi\u0161nja su\u0161a nije samo meteorolo\u0161ka, [&hellip;]","og_url":"https:\/\/radioljubuski.ba\/index.php\/2022\/08\/02\/zatvara-se-sve-vise-opg-ova-zbog-nesnosnih-vrucina-i-vala-poskupljenja-drzava-ne-poduzima-nista\/","og_site_name":"RADIO LJUBU\u0160KI","article_publisher":"https:\/\/www.facebook.com\/Radiio-Ljubuski-1490835324566332","article_published_time":"2022-08-02T10:44:30+00:00","article_modified_time":"2022-08-02T10:44:32+00:00","og_image":[{"width":696,"height":374,"url":"https:\/\/radioljubuski.ba\/wp-content\/uploads\/2022\/08\/povrce-urod-696x374-1.png","type":"image\/png"}],"author":"Radio Ljubu\u0161ki","twitter_card":"summary_large_image","twitter_creator":"@radioljubuski","twitter_site":"@radioljubuski","twitter_misc":{"Napisao\/la":"Radio Ljubu\u0161ki","Procijenjeno vrijeme \u010ditanja":"4 minute"},"schema":{"@context":"https:\/\/schema.org","@graph":[{"@type":"Article","@id":"https:\/\/radioljubuski.ba\/index.php\/2022\/08\/02\/zatvara-se-sve-vise-opg-ova-zbog-nesnosnih-vrucina-i-vala-poskupljenja-drzava-ne-poduzima-nista\/#article","isPartOf":{"@id":"https:\/\/radioljubuski.ba\/index.php\/2022\/08\/02\/zatvara-se-sve-vise-opg-ova-zbog-nesnosnih-vrucina-i-vala-poskupljenja-drzava-ne-poduzima-nista\/"},"author":{"name":"Radio Ljubu\u0161ki","@id":"https:\/\/radioljubuski.ba\/#\/schema\/person\/19fc700381a780f69665d7956c469e3b"},"headline":"Zatvara se sve vi\u0161e OPG-ova zbog nesnosnih vru\u0107ina i vala poskupljenja: Dr\u017eava ne poduzima ni\u0161ta","datePublished":"2022-08-02T10:44:30+00:00","dateModified":"2022-08-02T10:44:32+00:00","mainEntityOfPage":{"@id":"https:\/\/radioljubuski.ba\/index.php\/2022\/08\/02\/zatvara-se-sve-vise-opg-ova-zbog-nesnosnih-vrucina-i-vala-poskupljenja-drzava-ne-poduzima-nista\/"},"wordCount":784,"publisher":{"@id":"https:\/\/radioljubuski.ba\/#organization"},"image":{"@id":"https:\/\/radioljubuski.ba\/index.php\/2022\/08\/02\/zatvara-se-sve-vise-opg-ova-zbog-nesnosnih-vrucina-i-vala-poskupljenja-drzava-ne-poduzima-nista\/#primaryimage"},"thumbnailUrl":"https:\/\/radioljubuski.ba\/wp-content\/uploads\/2022\/08\/povrce-urod-696x374-1.png","articleSection":["BIH i regija"],"inLanguage":"hr"},{"@type":"WebPage","@id":"https:\/\/radioljubuski.ba\/index.php\/2022\/08\/02\/zatvara-se-sve-vise-opg-ova-zbog-nesnosnih-vrucina-i-vala-poskupljenja-drzava-ne-poduzima-nista\/","url":"https:\/\/radioljubuski.ba\/index.php\/2022\/08\/02\/zatvara-se-sve-vise-opg-ova-zbog-nesnosnih-vrucina-i-vala-poskupljenja-drzava-ne-poduzima-nista\/","name":"Zatvara se sve vi\u0161e OPG-ova zbog nesnosnih vru\u0107ina i vala poskupljenja: Dr\u017eava ne poduzima ni\u0161ta - RADIO LJUBU\u0160KI","isPartOf":{"@id":"https:\/\/radioljubuski.ba\/#website"},"primaryImageOfPage":{"@id":"https:\/\/radioljubuski.ba\/index.php\/2022\/08\/02\/zatvara-se-sve-vise-opg-ova-zbog-nesnosnih-vrucina-i-vala-poskupljenja-drzava-ne-poduzima-nista\/#primaryimage"},"image":{"@id":"https:\/\/radioljubuski.ba\/index.php\/2022\/08\/02\/zatvara-se-sve-vise-opg-ova-zbog-nesnosnih-vrucina-i-vala-poskupljenja-drzava-ne-poduzima-nista\/#primaryimage"},"thumbnailUrl":"https:\/\/radioljubuski.ba\/wp-content\/uploads\/2022\/08\/povrce-urod-696x374-1.png","datePublished":"2022-08-02T10:44:30+00:00","dateModified":"2022-08-02T10:44:32+00:00","breadcrumb":{"@id":"https:\/\/radioljubuski.ba\/index.php\/2022\/08\/02\/zatvara-se-sve-vise-opg-ova-zbog-nesnosnih-vrucina-i-vala-poskupljenja-drzava-ne-poduzima-nista\/#breadcrumb"},"inLanguage":"hr","potentialAction":[{"@type":"ReadAction","target":["https:\/\/radioljubuski.ba\/index.php\/2022\/08\/02\/zatvara-se-sve-vise-opg-ova-zbog-nesnosnih-vrucina-i-vala-poskupljenja-drzava-ne-poduzima-nista\/"]}]},{"@type":"ImageObject","inLanguage":"hr","@id":"https:\/\/radioljubuski.ba\/index.php\/2022\/08\/02\/zatvara-se-sve-vise-opg-ova-zbog-nesnosnih-vrucina-i-vala-poskupljenja-drzava-ne-poduzima-nista\/#primaryimage","url":"https:\/\/radioljubuski.ba\/wp-content\/uploads\/2022\/08\/povrce-urod-696x374-1.png","contentUrl":"https:\/\/radioljubuski.ba\/wp-content\/uploads\/2022\/08\/povrce-urod-696x374-1.png","width":696,"height":374},{"@type":"BreadcrumbList","@id":"https:\/\/radioljubuski.ba\/index.php\/2022\/08\/02\/zatvara-se-sve-vise-opg-ova-zbog-nesnosnih-vrucina-i-vala-poskupljenja-drzava-ne-poduzima-nista\/#breadcrumb","itemListElement":[{"@type":"ListItem","position":1,"name":"Po\u010detna stranica","item":"https:\/\/radioljubuski.ba\/"},{"@type":"ListItem","position":2,"name":"Zatvara se sve vi\u0161e OPG-ova zbog nesnosnih vru\u0107ina i vala poskupljenja: Dr\u017eava ne poduzima ni\u0161ta"}]},{"@type":"WebSite","@id":"https:\/\/radioljubuski.ba\/#website","url":"https:\/\/radioljubuski.ba\/","name":"Radio Ljubu\u0161ki","description":"Sun\u010dana frekvencija Hercegovine","publisher":{"@id":"https:\/\/radioljubuski.ba\/#organization"},"potentialAction":[{"@type":"SearchAction","target":{"@type":"EntryPoint","urlTemplate":"https:\/\/radioljubuski.ba\/?s={search_term_string}"},"query-input":{"@type":"PropertyValueSpecification","valueRequired":true,"valueName":"search_term_string"}}],"inLanguage":"hr"},{"@type":"Organization","@id":"https:\/\/radioljubuski.ba\/#organization","name":"Radio Ljubu\u0161ki","url":"https:\/\/radioljubuski.ba\/","logo":{"@type":"ImageObject","inLanguage":"hr","@id":"https:\/\/radioljubuski.ba\/#\/schema\/logo\/image\/","url":"https:\/\/radioljubuski.ba\/wp-content\/uploads\/2021\/02\/cropped-Radio_Ljubuski_logo1.jpg","contentUrl":"https:\/\/radioljubuski.ba\/wp-content\/uploads\/2021\/02\/cropped-Radio_Ljubuski_logo1.jpg","width":512,"height":512,"caption":"Radio Ljubu\u0161ki"},"image":{"@id":"https:\/\/radioljubuski.ba\/#\/schema\/logo\/image\/"},"sameAs":["https:\/\/www.facebook.com\/Radiio-Ljubuski-1490835324566332","https:\/\/x.com\/radioljubuski","https:\/\/hr.linkedin.com\/company\/radio-ljubuski","https:\/\/www.youtube.com\/channel\/UCHYaeO_n0Db3tjNGudGpXyw"]},{"@type":"Person","@id":"https:\/\/radioljubuski.ba\/#\/schema\/person\/19fc700381a780f69665d7956c469e3b","name":"Radio Ljubu\u0161ki"}]}},"_links":{"self":[{"href":"https:\/\/radioljubuski.ba\/index.php\/wp-json\/wp\/v2\/posts\/165814","targetHints":{"allow":["GET"]}}],"collection":[{"href":"https:\/\/radioljubuski.ba\/index.php\/wp-json\/wp\/v2\/posts"}],"about":[{"href":"https:\/\/radioljubuski.ba\/index.php\/wp-json\/wp\/v2\/types\/post"}],"author":[{"embeddable":true,"href":"https:\/\/radioljubuski.ba\/index.php\/wp-json\/wp\/v2\/users\/2"}],"replies":[{"embeddable":true,"href":"https:\/\/radioljubuski.ba\/index.php\/wp-json\/wp\/v2\/comments?post=165814"}],"version-history":[{"count":1,"href":"https:\/\/radioljubuski.ba\/index.php\/wp-json\/wp\/v2\/posts\/165814\/revisions"}],"predecessor-version":[{"id":165816,"href":"https:\/\/radioljubuski.ba\/index.php\/wp-json\/wp\/v2\/posts\/165814\/revisions\/165816"}],"wp:featuredmedia":[{"embeddable":true,"href":"https:\/\/radioljubuski.ba\/index.php\/wp-json\/wp\/v2\/media\/165815"}],"wp:attachment":[{"href":"https:\/\/radioljubuski.ba\/index.php\/wp-json\/wp\/v2\/media?parent=165814"}],"wp:term":[{"taxonomy":"category","embeddable":true,"href":"https:\/\/radioljubuski.ba\/index.php\/wp-json\/wp\/v2\/categories?post=165814"},{"taxonomy":"post_tag","embeddable":true,"href":"https:\/\/radioljubuski.ba\/index.php\/wp-json\/wp\/v2\/tags?post=165814"}],"curies":[{"name":"wp","href":"https:\/\/api.w.org\/{rel}","templated":true}]}}