{"id":165823,"date":"2022-08-02T11:50:08","date_gmt":"2022-08-02T10:50:08","guid":{"rendered":"https:\/\/radioljubuski.ba\/?p=165823"},"modified":"2022-08-02T11:50:10","modified_gmt":"2022-08-02T10:50:10","slug":"bakic-i-lauc-preminuli-s-ili-od-covida-u-hrvatskoj-stariji-su-od-prosjeka","status":"publish","type":"post","link":"https:\/\/radioljubuski.ba\/index.php\/2022\/08\/02\/bakic-i-lauc-preminuli-s-ili-od-covida-u-hrvatskoj-stariji-su-od-prosjeka\/","title":{"rendered":"Baki\u0107 i Lauc: Preminuli s ili od covida u Hrvatskoj stariji su od prosjeka"},"content":{"rendered":"\n<p>Prema podacima koje su iznijeli znanstvenik <strong>Gordan Lauc<\/strong> \u2013 profesor biokemije i molekularne biologije te biv\u0161i \u010dlan Znanstvenog savjeta Vlada RH i <strong>Nenad Baki\u0107<\/strong>, poduzetnik i investitor, po obrazovanju matemati\u010dar, prosje\u010dna dob onih koji su preminuli s ili od covida od po\u010detka godine uglavnom je vi\u0161a od uobi\u010dajenog prosje\u010dnog trajanja \u017eivotnog vijeka mu\u0161karaca i \u017eena u Hrvatskoj.<\/p>\n\n\n\n<p>Ovaj je dvojac na svojim Facebook profilima koji su zbog izno\u0161enja podataka koji ne idu pod ruku s pandemijskim marketingom izlo\u017eeni stalnom smanjivanju dosega od strane tzv. <em>fact check<\/em> cenzora, objavili su tablice koje pokazuju kako je dob preminulih s ili od covida vi\u0161a od prosje\u010dnog \u017eivotnog vijeka hrvatskih gra\u0111ana.<\/p>\n\n\n\n<p>\u201dPo\u010detkom godine je prosje\u010dna dob od\/sa bila oko ina\u010de prosje\u010dne dobi smrti, u zadnje vrijeme je to oko 5 godina vi\u0161e za M i oko 1 za \u017d. To zna\u010di da su oni koji u zadnje vrijeme umiru od\/sa zna\u010dajno starijih od prosjeka ostalih\u2019, napisao je Baki\u0107 na Facebooku.<\/p>\n\n\n\n<iframe loading=\"lazy\" src=\"https:\/\/www.facebook.com\/plugins\/post.php?href=https%3A%2F%2Fwww.facebook.com%2Fnenad.bakic%2Fposts%2Fpfbid02bsZVBQbVdQD4mUXXVaWw2qeG3vRvmoosbd5wpWt5suLsRLzi6Q31k3isxR96utVPl&#038;show_text=true&#038;width=500\" width=\"500\" height=\"756\" style=\"border:none;overflow:hidden\" scrolling=\"no\" frameborder=\"0\" allowfullscreen=\"true\" allow=\"autoplay; clipboard-write; encrypted-media; picture-in-picture; web-share\"><\/iframe>\n\n\n\n<p>Analizirao je i posljednjih 16 dana te je ustanovio da su mu\u0161karci koji su preminuli s ili od covida bili pet, \u0161est godina stariji od prosje\u010dne dobi u kojoj mu\u0161karci u Hrvatskoj umiru.<br>\u017dene preminule s ili od covida bile su ne\u0161to vi\u0161e od jedne godine starije od prosje\u010dne dobi smrtnosti \u017eena u Hrvatskoj.<\/p>\n\n\n\n<iframe loading=\"lazy\" src=\"https:\/\/www.facebook.com\/plugins\/post.php?href=https%3A%2F%2Fwww.facebook.com%2Fgordan.lauc%2Fposts%2Fpfbid0Ef6GbAtw83f6kW3cMmYZRCGQmNoA3b9bcBZPwaUzVc2DaaSigmQ4To9MhDH61eYYl&#038;show_text=true&#038;width=500\" width=\"500\" height=\"434\" style=\"border:none;overflow:hidden\" scrolling=\"no\" frameborder=\"0\" allowfullscreen=\"true\" allow=\"autoplay; clipboard-write; encrypted-media; picture-in-picture; web-share\"><\/iframe>\n\n\n\n<p><em>Izvor: narod.hr<\/em><\/p>\n","protected":false},"excerpt":{"rendered":"<p>Prema podacima koje su iznijeli znanstvenik Gordan Lauc \u2013 profesor biokemije i molekularne biologije te biv\u0161i \u010dlan Znanstvenog savjeta Vlada RH i Nenad Baki\u0107, poduzetnik i investitor, po obrazovanju matemati\u010dar, prosje\u010dna dob onih koji su preminuli s ili od covida od po\u010detka godine uglavnom je vi\u0161a od uobi\u010dajenog prosje\u010dnog trajanja \u017eivotnog vijeka mu\u0161karaca i \u017eena [&hellip;]<\/p>\n","protected":false},"author":2,"featured_media":165826,"comment_status":"closed","ping_status":"closed","sticky":false,"template":"","format":"standard","meta":{"h5ap_radio_sources":[],"footnotes":""},"categories":[1],"tags":[],"class_list":["post-165823","post","type-post","status-publish","format-standard","has-post-thumbnail","hentry","category-bihiregija"],"yoast_head":"<!-- This site is optimized with the Yoast SEO plugin v27.4 - https:\/\/yoast.com\/product\/yoast-seo-wordpress\/ -->\n<title>Baki\u0107 i Lauc: Preminuli s ili od covida u Hrvatskoj stariji su od prosjeka - RADIO LJUBU\u0160KI<\/title>\n<meta name=\"robots\" content=\"index, follow, max-snippet:-1, max-image-preview:large, max-video-preview:-1\" \/>\n<link rel=\"canonical\" href=\"https:\/\/radioljubuski.ba\/index.php\/2022\/08\/02\/bakic-i-lauc-preminuli-s-ili-od-covida-u-hrvatskoj-stariji-su-od-prosjeka\/\" \/>\n<meta property=\"og:locale\" content=\"hr_HR\" \/>\n<meta property=\"og:type\" content=\"article\" \/>\n<meta property=\"og:title\" content=\"Baki\u0107 i Lauc: Preminuli s ili od covida u Hrvatskoj stariji su od prosjeka - RADIO LJUBU\u0160KI\" \/>\n<meta property=\"og:description\" content=\"Prema podacima koje su iznijeli znanstvenik Gordan Lauc \u2013 profesor biokemije i molekularne biologije te biv\u0161i \u010dlan Znanstvenog savjeta Vlada RH i Nenad Baki\u0107, poduzetnik i investitor, po obrazovanju matemati\u010dar, prosje\u010dna dob onih koji su preminuli s ili od covida od po\u010detka godine uglavnom je vi\u0161a od uobi\u010dajenog prosje\u010dnog trajanja \u017eivotnog vijeka mu\u0161karaca i \u017eena [&hellip;]\" \/>\n<meta property=\"og:url\" content=\"https:\/\/radioljubuski.ba\/index.php\/2022\/08\/02\/bakic-i-lauc-preminuli-s-ili-od-covida-u-hrvatskoj-stariji-su-od-prosjeka\/\" \/>\n<meta property=\"og:site_name\" content=\"RADIO LJUBU\u0160KI\" \/>\n<meta property=\"article:publisher\" content=\"https:\/\/www.facebook.com\/Radiio-Ljubuski-1490835324566332\" \/>\n<meta property=\"article:published_time\" content=\"2022-08-02T10:50:08+00:00\" \/>\n<meta property=\"article:modified_time\" content=\"2022-08-02T10:50:10+00:00\" \/>\n<meta property=\"og:image\" content=\"https:\/\/radioljubuski.ba\/wp-content\/uploads\/2022\/08\/Untitled-collage-4-696x522-1.jpg\" \/>\n\t<meta property=\"og:image:width\" content=\"696\" \/>\n\t<meta property=\"og:image:height\" content=\"522\" \/>\n\t<meta property=\"og:image:type\" content=\"image\/jpeg\" \/>\n<meta name=\"author\" content=\"Radio Ljubu\u0161ki\" \/>\n<meta name=\"twitter:card\" content=\"summary_large_image\" \/>\n<meta name=\"twitter:creator\" content=\"@radioljubuski\" \/>\n<meta name=\"twitter:site\" content=\"@radioljubuski\" \/>\n<meta name=\"twitter:label1\" content=\"Napisao\/la\" \/>\n\t<meta name=\"twitter:data1\" content=\"Radio Ljubu\u0161ki\" \/>\n\t<meta name=\"twitter:label2\" content=\"Procijenjeno vrijeme \u010ditanja\" \/>\n\t<meta name=\"twitter:data2\" content=\"1 minuta\" \/>\n<script type=\"application\/ld+json\" class=\"yoast-schema-graph\">{\"@context\":\"https:\\\/\\\/schema.org\",\"@graph\":[{\"@type\":\"Article\",\"@id\":\"https:\\\/\\\/radioljubuski.ba\\\/index.php\\\/2022\\\/08\\\/02\\\/bakic-i-lauc-preminuli-s-ili-od-covida-u-hrvatskoj-stariji-su-od-prosjeka\\\/#article\",\"isPartOf\":{\"@id\":\"https:\\\/\\\/radioljubuski.ba\\\/index.php\\\/2022\\\/08\\\/02\\\/bakic-i-lauc-preminuli-s-ili-od-covida-u-hrvatskoj-stariji-su-od-prosjeka\\\/\"},\"author\":{\"name\":\"Radio Ljubu\u0161ki\",\"@id\":\"https:\\\/\\\/radioljubuski.ba\\\/#\\\/schema\\\/person\\\/19fc700381a780f69665d7956c469e3b\"},\"headline\":\"Baki\u0107 i Lauc: Preminuli s ili od covida u Hrvatskoj stariji su od prosjeka\",\"datePublished\":\"2022-08-02T10:50:08+00:00\",\"dateModified\":\"2022-08-02T10:50:10+00:00\",\"mainEntityOfPage\":{\"@id\":\"https:\\\/\\\/radioljubuski.ba\\\/index.php\\\/2022\\\/08\\\/02\\\/bakic-i-lauc-preminuli-s-ili-od-covida-u-hrvatskoj-stariji-su-od-prosjeka\\\/\"},\"wordCount\":250,\"publisher\":{\"@id\":\"https:\\\/\\\/radioljubuski.ba\\\/#organization\"},\"image\":{\"@id\":\"https:\\\/\\\/radioljubuski.ba\\\/index.php\\\/2022\\\/08\\\/02\\\/bakic-i-lauc-preminuli-s-ili-od-covida-u-hrvatskoj-stariji-su-od-prosjeka\\\/#primaryimage\"},\"thumbnailUrl\":\"https:\\\/\\\/radioljubuski.ba\\\/wp-content\\\/uploads\\\/2022\\\/08\\\/Untitled-collage-4-696x522-1.jpg\",\"articleSection\":[\"BIH i regija\"],\"inLanguage\":\"hr\"},{\"@type\":\"WebPage\",\"@id\":\"https:\\\/\\\/radioljubuski.ba\\\/index.php\\\/2022\\\/08\\\/02\\\/bakic-i-lauc-preminuli-s-ili-od-covida-u-hrvatskoj-stariji-su-od-prosjeka\\\/\",\"url\":\"https:\\\/\\\/radioljubuski.ba\\\/index.php\\\/2022\\\/08\\\/02\\\/bakic-i-lauc-preminuli-s-ili-od-covida-u-hrvatskoj-stariji-su-od-prosjeka\\\/\",\"name\":\"Baki\u0107 i Lauc: Preminuli s ili od covida u Hrvatskoj stariji su od prosjeka - RADIO LJUBU\u0160KI\",\"isPartOf\":{\"@id\":\"https:\\\/\\\/radioljubuski.ba\\\/#website\"},\"primaryImageOfPage\":{\"@id\":\"https:\\\/\\\/radioljubuski.ba\\\/index.php\\\/2022\\\/08\\\/02\\\/bakic-i-lauc-preminuli-s-ili-od-covida-u-hrvatskoj-stariji-su-od-prosjeka\\\/#primaryimage\"},\"image\":{\"@id\":\"https:\\\/\\\/radioljubuski.ba\\\/index.php\\\/2022\\\/08\\\/02\\\/bakic-i-lauc-preminuli-s-ili-od-covida-u-hrvatskoj-stariji-su-od-prosjeka\\\/#primaryimage\"},\"thumbnailUrl\":\"https:\\\/\\\/radioljubuski.ba\\\/wp-content\\\/uploads\\\/2022\\\/08\\\/Untitled-collage-4-696x522-1.jpg\",\"datePublished\":\"2022-08-02T10:50:08+00:00\",\"dateModified\":\"2022-08-02T10:50:10+00:00\",\"breadcrumb\":{\"@id\":\"https:\\\/\\\/radioljubuski.ba\\\/index.php\\\/2022\\\/08\\\/02\\\/bakic-i-lauc-preminuli-s-ili-od-covida-u-hrvatskoj-stariji-su-od-prosjeka\\\/#breadcrumb\"},\"inLanguage\":\"hr\",\"potentialAction\":[{\"@type\":\"ReadAction\",\"target\":[\"https:\\\/\\\/radioljubuski.ba\\\/index.php\\\/2022\\\/08\\\/02\\\/bakic-i-lauc-preminuli-s-ili-od-covida-u-hrvatskoj-stariji-su-od-prosjeka\\\/\"]}]},{\"@type\":\"ImageObject\",\"inLanguage\":\"hr\",\"@id\":\"https:\\\/\\\/radioljubuski.ba\\\/index.php\\\/2022\\\/08\\\/02\\\/bakic-i-lauc-preminuli-s-ili-od-covida-u-hrvatskoj-stariji-su-od-prosjeka\\\/#primaryimage\",\"url\":\"https:\\\/\\\/radioljubuski.ba\\\/wp-content\\\/uploads\\\/2022\\\/08\\\/Untitled-collage-4-696x522-1.jpg\",\"contentUrl\":\"https:\\\/\\\/radioljubuski.ba\\\/wp-content\\\/uploads\\\/2022\\\/08\\\/Untitled-collage-4-696x522-1.jpg\",\"width\":696,\"height\":522},{\"@type\":\"BreadcrumbList\",\"@id\":\"https:\\\/\\\/radioljubuski.ba\\\/index.php\\\/2022\\\/08\\\/02\\\/bakic-i-lauc-preminuli-s-ili-od-covida-u-hrvatskoj-stariji-su-od-prosjeka\\\/#breadcrumb\",\"itemListElement\":[{\"@type\":\"ListItem\",\"position\":1,\"name\":\"Po\u010detna stranica\",\"item\":\"https:\\\/\\\/radioljubuski.ba\\\/\"},{\"@type\":\"ListItem\",\"position\":2,\"name\":\"Baki\u0107 i Lauc: Preminuli s ili od covida u Hrvatskoj stariji su od prosjeka\"}]},{\"@type\":\"WebSite\",\"@id\":\"https:\\\/\\\/radioljubuski.ba\\\/#website\",\"url\":\"https:\\\/\\\/radioljubuski.ba\\\/\",\"name\":\"Radio Ljubu\u0161ki\",\"description\":\"Sun\u010dana frekvencija Hercegovine\",\"publisher\":{\"@id\":\"https:\\\/\\\/radioljubuski.ba\\\/#organization\"},\"potentialAction\":[{\"@type\":\"SearchAction\",\"target\":{\"@type\":\"EntryPoint\",\"urlTemplate\":\"https:\\\/\\\/radioljubuski.ba\\\/?s={search_term_string}\"},\"query-input\":{\"@type\":\"PropertyValueSpecification\",\"valueRequired\":true,\"valueName\":\"search_term_string\"}}],\"inLanguage\":\"hr\"},{\"@type\":\"Organization\",\"@id\":\"https:\\\/\\\/radioljubuski.ba\\\/#organization\",\"name\":\"Radio Ljubu\u0161ki\",\"url\":\"https:\\\/\\\/radioljubuski.ba\\\/\",\"logo\":{\"@type\":\"ImageObject\",\"inLanguage\":\"hr\",\"@id\":\"https:\\\/\\\/radioljubuski.ba\\\/#\\\/schema\\\/logo\\\/image\\\/\",\"url\":\"https:\\\/\\\/radioljubuski.ba\\\/wp-content\\\/uploads\\\/2021\\\/02\\\/cropped-Radio_Ljubuski_logo1.jpg\",\"contentUrl\":\"https:\\\/\\\/radioljubuski.ba\\\/wp-content\\\/uploads\\\/2021\\\/02\\\/cropped-Radio_Ljubuski_logo1.jpg\",\"width\":512,\"height\":512,\"caption\":\"Radio Ljubu\u0161ki\"},\"image\":{\"@id\":\"https:\\\/\\\/radioljubuski.ba\\\/#\\\/schema\\\/logo\\\/image\\\/\"},\"sameAs\":[\"https:\\\/\\\/www.facebook.com\\\/Radiio-Ljubuski-1490835324566332\",\"https:\\\/\\\/x.com\\\/radioljubuski\",\"https:\\\/\\\/hr.linkedin.com\\\/company\\\/radio-ljubuski\",\"https:\\\/\\\/www.youtube.com\\\/channel\\\/UCHYaeO_n0Db3tjNGudGpXyw\"]},{\"@type\":\"Person\",\"@id\":\"https:\\\/\\\/radioljubuski.ba\\\/#\\\/schema\\\/person\\\/19fc700381a780f69665d7956c469e3b\",\"name\":\"Radio Ljubu\u0161ki\"}]}<\/script>\n<!-- \/ Yoast SEO plugin. -->","yoast_head_json":{"title":"Baki\u0107 i Lauc: Preminuli s ili od covida u Hrvatskoj stariji su od prosjeka - RADIO LJUBU\u0160KI","robots":{"index":"index","follow":"follow","max-snippet":"max-snippet:-1","max-image-preview":"max-image-preview:large","max-video-preview":"max-video-preview:-1"},"canonical":"https:\/\/radioljubuski.ba\/index.php\/2022\/08\/02\/bakic-i-lauc-preminuli-s-ili-od-covida-u-hrvatskoj-stariji-su-od-prosjeka\/","og_locale":"hr_HR","og_type":"article","og_title":"Baki\u0107 i Lauc: Preminuli s ili od covida u Hrvatskoj stariji su od prosjeka - RADIO LJUBU\u0160KI","og_description":"Prema podacima koje su iznijeli znanstvenik Gordan Lauc \u2013 profesor biokemije i molekularne biologije te biv\u0161i \u010dlan Znanstvenog savjeta Vlada RH i Nenad Baki\u0107, poduzetnik i investitor, po obrazovanju matemati\u010dar, prosje\u010dna dob onih koji su preminuli s ili od covida od po\u010detka godine uglavnom je vi\u0161a od uobi\u010dajenog prosje\u010dnog trajanja \u017eivotnog vijeka mu\u0161karaca i \u017eena [&hellip;]","og_url":"https:\/\/radioljubuski.ba\/index.php\/2022\/08\/02\/bakic-i-lauc-preminuli-s-ili-od-covida-u-hrvatskoj-stariji-su-od-prosjeka\/","og_site_name":"RADIO LJUBU\u0160KI","article_publisher":"https:\/\/www.facebook.com\/Radiio-Ljubuski-1490835324566332","article_published_time":"2022-08-02T10:50:08+00:00","article_modified_time":"2022-08-02T10:50:10+00:00","og_image":[{"width":696,"height":522,"url":"https:\/\/radioljubuski.ba\/wp-content\/uploads\/2022\/08\/Untitled-collage-4-696x522-1.jpg","type":"image\/jpeg"}],"author":"Radio Ljubu\u0161ki","twitter_card":"summary_large_image","twitter_creator":"@radioljubuski","twitter_site":"@radioljubuski","twitter_misc":{"Napisao\/la":"Radio Ljubu\u0161ki","Procijenjeno vrijeme \u010ditanja":"1 minuta"},"schema":{"@context":"https:\/\/schema.org","@graph":[{"@type":"Article","@id":"https:\/\/radioljubuski.ba\/index.php\/2022\/08\/02\/bakic-i-lauc-preminuli-s-ili-od-covida-u-hrvatskoj-stariji-su-od-prosjeka\/#article","isPartOf":{"@id":"https:\/\/radioljubuski.ba\/index.php\/2022\/08\/02\/bakic-i-lauc-preminuli-s-ili-od-covida-u-hrvatskoj-stariji-su-od-prosjeka\/"},"author":{"name":"Radio Ljubu\u0161ki","@id":"https:\/\/radioljubuski.ba\/#\/schema\/person\/19fc700381a780f69665d7956c469e3b"},"headline":"Baki\u0107 i Lauc: Preminuli s ili od covida u Hrvatskoj stariji su od prosjeka","datePublished":"2022-08-02T10:50:08+00:00","dateModified":"2022-08-02T10:50:10+00:00","mainEntityOfPage":{"@id":"https:\/\/radioljubuski.ba\/index.php\/2022\/08\/02\/bakic-i-lauc-preminuli-s-ili-od-covida-u-hrvatskoj-stariji-su-od-prosjeka\/"},"wordCount":250,"publisher":{"@id":"https:\/\/radioljubuski.ba\/#organization"},"image":{"@id":"https:\/\/radioljubuski.ba\/index.php\/2022\/08\/02\/bakic-i-lauc-preminuli-s-ili-od-covida-u-hrvatskoj-stariji-su-od-prosjeka\/#primaryimage"},"thumbnailUrl":"https:\/\/radioljubuski.ba\/wp-content\/uploads\/2022\/08\/Untitled-collage-4-696x522-1.jpg","articleSection":["BIH i regija"],"inLanguage":"hr"},{"@type":"WebPage","@id":"https:\/\/radioljubuski.ba\/index.php\/2022\/08\/02\/bakic-i-lauc-preminuli-s-ili-od-covida-u-hrvatskoj-stariji-su-od-prosjeka\/","url":"https:\/\/radioljubuski.ba\/index.php\/2022\/08\/02\/bakic-i-lauc-preminuli-s-ili-od-covida-u-hrvatskoj-stariji-su-od-prosjeka\/","name":"Baki\u0107 i Lauc: Preminuli s ili od covida u Hrvatskoj stariji su od prosjeka - RADIO LJUBU\u0160KI","isPartOf":{"@id":"https:\/\/radioljubuski.ba\/#website"},"primaryImageOfPage":{"@id":"https:\/\/radioljubuski.ba\/index.php\/2022\/08\/02\/bakic-i-lauc-preminuli-s-ili-od-covida-u-hrvatskoj-stariji-su-od-prosjeka\/#primaryimage"},"image":{"@id":"https:\/\/radioljubuski.ba\/index.php\/2022\/08\/02\/bakic-i-lauc-preminuli-s-ili-od-covida-u-hrvatskoj-stariji-su-od-prosjeka\/#primaryimage"},"thumbnailUrl":"https:\/\/radioljubuski.ba\/wp-content\/uploads\/2022\/08\/Untitled-collage-4-696x522-1.jpg","datePublished":"2022-08-02T10:50:08+00:00","dateModified":"2022-08-02T10:50:10+00:00","breadcrumb":{"@id":"https:\/\/radioljubuski.ba\/index.php\/2022\/08\/02\/bakic-i-lauc-preminuli-s-ili-od-covida-u-hrvatskoj-stariji-su-od-prosjeka\/#breadcrumb"},"inLanguage":"hr","potentialAction":[{"@type":"ReadAction","target":["https:\/\/radioljubuski.ba\/index.php\/2022\/08\/02\/bakic-i-lauc-preminuli-s-ili-od-covida-u-hrvatskoj-stariji-su-od-prosjeka\/"]}]},{"@type":"ImageObject","inLanguage":"hr","@id":"https:\/\/radioljubuski.ba\/index.php\/2022\/08\/02\/bakic-i-lauc-preminuli-s-ili-od-covida-u-hrvatskoj-stariji-su-od-prosjeka\/#primaryimage","url":"https:\/\/radioljubuski.ba\/wp-content\/uploads\/2022\/08\/Untitled-collage-4-696x522-1.jpg","contentUrl":"https:\/\/radioljubuski.ba\/wp-content\/uploads\/2022\/08\/Untitled-collage-4-696x522-1.jpg","width":696,"height":522},{"@type":"BreadcrumbList","@id":"https:\/\/radioljubuski.ba\/index.php\/2022\/08\/02\/bakic-i-lauc-preminuli-s-ili-od-covida-u-hrvatskoj-stariji-su-od-prosjeka\/#breadcrumb","itemListElement":[{"@type":"ListItem","position":1,"name":"Po\u010detna stranica","item":"https:\/\/radioljubuski.ba\/"},{"@type":"ListItem","position":2,"name":"Baki\u0107 i Lauc: Preminuli s ili od covida u Hrvatskoj stariji su od prosjeka"}]},{"@type":"WebSite","@id":"https:\/\/radioljubuski.ba\/#website","url":"https:\/\/radioljubuski.ba\/","name":"Radio Ljubu\u0161ki","description":"Sun\u010dana frekvencija Hercegovine","publisher":{"@id":"https:\/\/radioljubuski.ba\/#organization"},"potentialAction":[{"@type":"SearchAction","target":{"@type":"EntryPoint","urlTemplate":"https:\/\/radioljubuski.ba\/?s={search_term_string}"},"query-input":{"@type":"PropertyValueSpecification","valueRequired":true,"valueName":"search_term_string"}}],"inLanguage":"hr"},{"@type":"Organization","@id":"https:\/\/radioljubuski.ba\/#organization","name":"Radio Ljubu\u0161ki","url":"https:\/\/radioljubuski.ba\/","logo":{"@type":"ImageObject","inLanguage":"hr","@id":"https:\/\/radioljubuski.ba\/#\/schema\/logo\/image\/","url":"https:\/\/radioljubuski.ba\/wp-content\/uploads\/2021\/02\/cropped-Radio_Ljubuski_logo1.jpg","contentUrl":"https:\/\/radioljubuski.ba\/wp-content\/uploads\/2021\/02\/cropped-Radio_Ljubuski_logo1.jpg","width":512,"height":512,"caption":"Radio Ljubu\u0161ki"},"image":{"@id":"https:\/\/radioljubuski.ba\/#\/schema\/logo\/image\/"},"sameAs":["https:\/\/www.facebook.com\/Radiio-Ljubuski-1490835324566332","https:\/\/x.com\/radioljubuski","https:\/\/hr.linkedin.com\/company\/radio-ljubuski","https:\/\/www.youtube.com\/channel\/UCHYaeO_n0Db3tjNGudGpXyw"]},{"@type":"Person","@id":"https:\/\/radioljubuski.ba\/#\/schema\/person\/19fc700381a780f69665d7956c469e3b","name":"Radio Ljubu\u0161ki"}]}},"_links":{"self":[{"href":"https:\/\/radioljubuski.ba\/index.php\/wp-json\/wp\/v2\/posts\/165823","targetHints":{"allow":["GET"]}}],"collection":[{"href":"https:\/\/radioljubuski.ba\/index.php\/wp-json\/wp\/v2\/posts"}],"about":[{"href":"https:\/\/radioljubuski.ba\/index.php\/wp-json\/wp\/v2\/types\/post"}],"author":[{"embeddable":true,"href":"https:\/\/radioljubuski.ba\/index.php\/wp-json\/wp\/v2\/users\/2"}],"replies":[{"embeddable":true,"href":"https:\/\/radioljubuski.ba\/index.php\/wp-json\/wp\/v2\/comments?post=165823"}],"version-history":[{"count":1,"href":"https:\/\/radioljubuski.ba\/index.php\/wp-json\/wp\/v2\/posts\/165823\/revisions"}],"predecessor-version":[{"id":165827,"href":"https:\/\/radioljubuski.ba\/index.php\/wp-json\/wp\/v2\/posts\/165823\/revisions\/165827"}],"wp:featuredmedia":[{"embeddable":true,"href":"https:\/\/radioljubuski.ba\/index.php\/wp-json\/wp\/v2\/media\/165826"}],"wp:attachment":[{"href":"https:\/\/radioljubuski.ba\/index.php\/wp-json\/wp\/v2\/media?parent=165823"}],"wp:term":[{"taxonomy":"category","embeddable":true,"href":"https:\/\/radioljubuski.ba\/index.php\/wp-json\/wp\/v2\/categories?post=165823"},{"taxonomy":"post_tag","embeddable":true,"href":"https:\/\/radioljubuski.ba\/index.php\/wp-json\/wp\/v2\/tags?post=165823"}],"curies":[{"name":"wp","href":"https:\/\/api.w.org\/{rel}","templated":true}]}}