{"id":165825,"date":"2022-08-02T11:52:29","date_gmt":"2022-08-02T10:52:29","guid":{"rendered":"https:\/\/radioljubuski.ba\/?p=165825"},"modified":"2022-08-02T11:55:00","modified_gmt":"2022-08-02T10:55:00","slug":"sve-sto-trebate-znati-o-turistickim-vaucerima-video","status":"publish","type":"post","link":"https:\/\/radioljubuski.ba\/index.php\/2022\/08\/02\/sve-sto-trebate-znati-o-turistickim-vaucerima-video\/","title":{"rendered":"Sve \u0161to trebate znati o turisti\u010dkim vau\u010derima -video"},"content":{"rendered":"\n<p><strong>Federacija Bosne i Hercegovine je projekt kori\u0161tenja turisti\u010dkih odobrila u lipnju, a provo\u0111enje po\u010dinje sljede\u0107eg ponedjeljka. No, brojni su gra\u0111ani koji ne znaju kako i na kojem podru\u010dju mogu da koriste vau\u010dere.<\/strong><\/p>\n\n\n\n<p>U lipnju je federalna Vlada donijela odluku te osigurala 100 tisu\u0107a turisti\u010dkih vau\u010dera u vrijednosti od po 200 maraka. Implementacija projekta po\u010dinje u ponedjeljak.<\/p>\n\n\n\n<p>&#8220;Mi do dan danas svakodnevno imamo veliki broj upita. Mislim da je, barem po tome sude\u0107i, ovaj program zaista puni pogodak i mi o\u010dekujemo veliki broj upita ve\u0107 od ponedjeljka. Nije mogu\u0107e rezervirati. Zamolit \u0107u gra\u0111ane Federacije BiH za jo\u0161 malo strpljenja, jo\u0161 nekoliko dana dok mi zavr\u0161imo kompletan taj proces prikupljanja, pripreme ponuda i unosa ponuda na platformu&#8221;, kazao je Enis Avdi\u0107, &#8220;Odmori u BiH&#8221;.<\/p>\n\n\n\n<p>Precizan broj odredi\u0161ta u Federaciji u kojima se vau\u010deri mogu iskoristiti za sada nije poznat budu\u0107i da proces prijave jo\u0161 traje.<\/p>\n\n\n\n<p>Od 1. srpnja svi koji imaju prebivali\u0161te u Republici Srpskoj ili Br\u010dko distriktu imaju mogu\u0107nost kori\u0161tenja turisti\u010dkih vau\u010dera u iznosu od 100 maraka. Do sada je iskori\u0161teno vi\u0161e od 3600 vau\u010dera, a trenutno je podneseno \u010detiri tisu\u0107e zahtjeva za kori\u0161tenje vau\u010dera za 44 odredi\u0161ta na podru\u010dju Republike Srpske.<br>&#8220;Najvi\u0161e se radi o bra\u010dnim parovima srednje \u017eivotne dobi i imamo stariju populaciju koja najvi\u0161e iskori\u0161tava banjske centre. Radi se o starijim ljudima koji idu i preko Fonda a ovo koriste u vlastitoj re\u017eiji&#8221;, istaknula je ministrica trgovine i turizma RS.<\/p>\n\n\n\n<p>Jedan od kriterija kori\u0161tenja ovoga vau\u010dera je da ga ne mo\u017eete koristiti u gradu iz kojeg dolazite. Tako\u0111er ga ne mogu koristiti djelatnici objekta u kojemu rade. Obje entitetske vlade su na ovaj na\u010din pru\u017eile mogu\u0107nost boljeg upoznavanje turisti\u010dkih blaga na\u0161e zemlje.<\/p>\n\n\n\n<figure class=\"wp-block-embed is-type-video is-provider-youtube wp-block-embed-youtube wp-embed-aspect-16-9 wp-has-aspect-ratio\"><div class=\"wp-block-embed__wrapper\">\n<iframe loading=\"lazy\" title=\"Kako i na kojem podru\u010dju koristiti turisti\u010dke vau\u010dere?\" width=\"640\" height=\"360\" src=\"https:\/\/www.youtube.com\/embed\/odWq7vNQBnw?feature=oembed\" frameborder=\"0\" allow=\"accelerometer; autoplay; clipboard-write; encrypted-media; gyroscope; picture-in-picture; web-share\" referrerpolicy=\"strict-origin-when-cross-origin\" allowfullscreen><\/iframe>\n<\/div><\/figure>\n\n\n\n<p>Izvor: <a href=\"https:\/\/iks-portal.info\/\">Iks portal<\/a><\/p>\n","protected":false},"excerpt":{"rendered":"<p>Federacija Bosne i Hercegovine je projekt kori\u0161tenja turisti\u010dkih odobrila u lipnju, a provo\u0111enje po\u010dinje sljede\u0107eg ponedjeljka. No, brojni su gra\u0111ani koji ne znaju kako i na kojem podru\u010dju mogu da koriste vau\u010dere. U lipnju je federalna Vlada donijela odluku te osigurala 100 tisu\u0107a turisti\u010dkih vau\u010dera u vrijednosti od po 200 maraka. Implementacija projekta po\u010dinje u [&hellip;]<\/p>\n","protected":false},"author":2,"featured_media":165829,"comment_status":"closed","ping_status":"closed","sticky":false,"template":"","format":"standard","meta":{"h5ap_radio_sources":[],"footnotes":""},"categories":[1],"tags":[],"class_list":["post-165825","post","type-post","status-publish","format-standard","has-post-thumbnail","hentry","category-bihiregija"],"yoast_head":"<!-- This site is optimized with the Yoast SEO plugin v27.4 - https:\/\/yoast.com\/product\/yoast-seo-wordpress\/ -->\n<title>Sve \u0161to trebate znati o turisti\u010dkim vau\u010derima -video - RADIO LJUBU\u0160KI<\/title>\n<meta name=\"robots\" content=\"index, follow, max-snippet:-1, max-image-preview:large, max-video-preview:-1\" \/>\n<link rel=\"canonical\" href=\"https:\/\/radioljubuski.ba\/index.php\/2022\/08\/02\/sve-sto-trebate-znati-o-turistickim-vaucerima-video\/\" \/>\n<meta property=\"og:locale\" content=\"hr_HR\" \/>\n<meta property=\"og:type\" content=\"article\" \/>\n<meta property=\"og:title\" content=\"Sve \u0161to trebate znati o turisti\u010dkim vau\u010derima -video - RADIO LJUBU\u0160KI\" \/>\n<meta property=\"og:description\" content=\"Federacija Bosne i Hercegovine je projekt kori\u0161tenja turisti\u010dkih odobrila u lipnju, a provo\u0111enje po\u010dinje sljede\u0107eg ponedjeljka. No, brojni su gra\u0111ani koji ne znaju kako i na kojem podru\u010dju mogu da koriste vau\u010dere. U lipnju je federalna Vlada donijela odluku te osigurala 100 tisu\u0107a turisti\u010dkih vau\u010dera u vrijednosti od po 200 maraka. Implementacija projekta po\u010dinje u [&hellip;]\" \/>\n<meta property=\"og:url\" content=\"https:\/\/radioljubuski.ba\/index.php\/2022\/08\/02\/sve-sto-trebate-znati-o-turistickim-vaucerima-video\/\" \/>\n<meta property=\"og:site_name\" content=\"RADIO LJUBU\u0160KI\" \/>\n<meta property=\"article:publisher\" content=\"https:\/\/www.facebook.com\/Radiio-Ljubuski-1490835324566332\" \/>\n<meta property=\"article:published_time\" content=\"2022-08-02T10:52:29+00:00\" \/>\n<meta property=\"article:modified_time\" content=\"2022-08-02T10:55:00+00:00\" \/>\n<meta property=\"og:image\" content=\"https:\/\/radioljubuski.ba\/wp-content\/uploads\/2022\/08\/2048a5abc8f2c009e2c5e4e79d5ce079_L.jpg\" \/>\n\t<meta property=\"og:image:width\" content=\"1024\" \/>\n\t<meta property=\"og:image:height\" content=\"621\" \/>\n\t<meta property=\"og:image:type\" content=\"image\/jpeg\" \/>\n<meta name=\"author\" content=\"Radio Ljubu\u0161ki\" \/>\n<meta name=\"twitter:card\" content=\"summary_large_image\" \/>\n<meta name=\"twitter:creator\" content=\"@radioljubuski\" \/>\n<meta name=\"twitter:site\" content=\"@radioljubuski\" \/>\n<meta name=\"twitter:label1\" content=\"Napisao\/la\" \/>\n\t<meta name=\"twitter:data1\" content=\"Radio Ljubu\u0161ki\" \/>\n\t<meta name=\"twitter:label2\" content=\"Procijenjeno vrijeme \u010ditanja\" \/>\n\t<meta name=\"twitter:data2\" content=\"2 minute\" \/>\n<script type=\"application\/ld+json\" class=\"yoast-schema-graph\">{\"@context\":\"https:\\\/\\\/schema.org\",\"@graph\":[{\"@type\":\"Article\",\"@id\":\"https:\\\/\\\/radioljubuski.ba\\\/index.php\\\/2022\\\/08\\\/02\\\/sve-sto-trebate-znati-o-turistickim-vaucerima-video\\\/#article\",\"isPartOf\":{\"@id\":\"https:\\\/\\\/radioljubuski.ba\\\/index.php\\\/2022\\\/08\\\/02\\\/sve-sto-trebate-znati-o-turistickim-vaucerima-video\\\/\"},\"author\":{\"name\":\"Radio Ljubu\u0161ki\",\"@id\":\"https:\\\/\\\/radioljubuski.ba\\\/#\\\/schema\\\/person\\\/19fc700381a780f69665d7956c469e3b\"},\"headline\":\"Sve \u0161to trebate znati o turisti\u010dkim vau\u010derima -video\",\"datePublished\":\"2022-08-02T10:52:29+00:00\",\"dateModified\":\"2022-08-02T10:55:00+00:00\",\"mainEntityOfPage\":{\"@id\":\"https:\\\/\\\/radioljubuski.ba\\\/index.php\\\/2022\\\/08\\\/02\\\/sve-sto-trebate-znati-o-turistickim-vaucerima-video\\\/\"},\"wordCount\":337,\"publisher\":{\"@id\":\"https:\\\/\\\/radioljubuski.ba\\\/#organization\"},\"image\":{\"@id\":\"https:\\\/\\\/radioljubuski.ba\\\/index.php\\\/2022\\\/08\\\/02\\\/sve-sto-trebate-znati-o-turistickim-vaucerima-video\\\/#primaryimage\"},\"thumbnailUrl\":\"https:\\\/\\\/radioljubuski.ba\\\/wp-content\\\/uploads\\\/2022\\\/08\\\/2048a5abc8f2c009e2c5e4e79d5ce079_L.jpg\",\"articleSection\":[\"BIH i regija\"],\"inLanguage\":\"hr\"},{\"@type\":\"WebPage\",\"@id\":\"https:\\\/\\\/radioljubuski.ba\\\/index.php\\\/2022\\\/08\\\/02\\\/sve-sto-trebate-znati-o-turistickim-vaucerima-video\\\/\",\"url\":\"https:\\\/\\\/radioljubuski.ba\\\/index.php\\\/2022\\\/08\\\/02\\\/sve-sto-trebate-znati-o-turistickim-vaucerima-video\\\/\",\"name\":\"Sve \u0161to trebate znati o turisti\u010dkim vau\u010derima -video - RADIO LJUBU\u0160KI\",\"isPartOf\":{\"@id\":\"https:\\\/\\\/radioljubuski.ba\\\/#website\"},\"primaryImageOfPage\":{\"@id\":\"https:\\\/\\\/radioljubuski.ba\\\/index.php\\\/2022\\\/08\\\/02\\\/sve-sto-trebate-znati-o-turistickim-vaucerima-video\\\/#primaryimage\"},\"image\":{\"@id\":\"https:\\\/\\\/radioljubuski.ba\\\/index.php\\\/2022\\\/08\\\/02\\\/sve-sto-trebate-znati-o-turistickim-vaucerima-video\\\/#primaryimage\"},\"thumbnailUrl\":\"https:\\\/\\\/radioljubuski.ba\\\/wp-content\\\/uploads\\\/2022\\\/08\\\/2048a5abc8f2c009e2c5e4e79d5ce079_L.jpg\",\"datePublished\":\"2022-08-02T10:52:29+00:00\",\"dateModified\":\"2022-08-02T10:55:00+00:00\",\"breadcrumb\":{\"@id\":\"https:\\\/\\\/radioljubuski.ba\\\/index.php\\\/2022\\\/08\\\/02\\\/sve-sto-trebate-znati-o-turistickim-vaucerima-video\\\/#breadcrumb\"},\"inLanguage\":\"hr\",\"potentialAction\":[{\"@type\":\"ReadAction\",\"target\":[\"https:\\\/\\\/radioljubuski.ba\\\/index.php\\\/2022\\\/08\\\/02\\\/sve-sto-trebate-znati-o-turistickim-vaucerima-video\\\/\"]}]},{\"@type\":\"ImageObject\",\"inLanguage\":\"hr\",\"@id\":\"https:\\\/\\\/radioljubuski.ba\\\/index.php\\\/2022\\\/08\\\/02\\\/sve-sto-trebate-znati-o-turistickim-vaucerima-video\\\/#primaryimage\",\"url\":\"https:\\\/\\\/radioljubuski.ba\\\/wp-content\\\/uploads\\\/2022\\\/08\\\/2048a5abc8f2c009e2c5e4e79d5ce079_L.jpg\",\"contentUrl\":\"https:\\\/\\\/radioljubuski.ba\\\/wp-content\\\/uploads\\\/2022\\\/08\\\/2048a5abc8f2c009e2c5e4e79d5ce079_L.jpg\",\"width\":1024,\"height\":621},{\"@type\":\"BreadcrumbList\",\"@id\":\"https:\\\/\\\/radioljubuski.ba\\\/index.php\\\/2022\\\/08\\\/02\\\/sve-sto-trebate-znati-o-turistickim-vaucerima-video\\\/#breadcrumb\",\"itemListElement\":[{\"@type\":\"ListItem\",\"position\":1,\"name\":\"Po\u010detna stranica\",\"item\":\"https:\\\/\\\/radioljubuski.ba\\\/\"},{\"@type\":\"ListItem\",\"position\":2,\"name\":\"Sve \u0161to trebate znati o turisti\u010dkim vau\u010derima -video\"}]},{\"@type\":\"WebSite\",\"@id\":\"https:\\\/\\\/radioljubuski.ba\\\/#website\",\"url\":\"https:\\\/\\\/radioljubuski.ba\\\/\",\"name\":\"Radio Ljubu\u0161ki\",\"description\":\"Sun\u010dana frekvencija Hercegovine\",\"publisher\":{\"@id\":\"https:\\\/\\\/radioljubuski.ba\\\/#organization\"},\"potentialAction\":[{\"@type\":\"SearchAction\",\"target\":{\"@type\":\"EntryPoint\",\"urlTemplate\":\"https:\\\/\\\/radioljubuski.ba\\\/?s={search_term_string}\"},\"query-input\":{\"@type\":\"PropertyValueSpecification\",\"valueRequired\":true,\"valueName\":\"search_term_string\"}}],\"inLanguage\":\"hr\"},{\"@type\":\"Organization\",\"@id\":\"https:\\\/\\\/radioljubuski.ba\\\/#organization\",\"name\":\"Radio Ljubu\u0161ki\",\"url\":\"https:\\\/\\\/radioljubuski.ba\\\/\",\"logo\":{\"@type\":\"ImageObject\",\"inLanguage\":\"hr\",\"@id\":\"https:\\\/\\\/radioljubuski.ba\\\/#\\\/schema\\\/logo\\\/image\\\/\",\"url\":\"https:\\\/\\\/radioljubuski.ba\\\/wp-content\\\/uploads\\\/2021\\\/02\\\/cropped-Radio_Ljubuski_logo1.jpg\",\"contentUrl\":\"https:\\\/\\\/radioljubuski.ba\\\/wp-content\\\/uploads\\\/2021\\\/02\\\/cropped-Radio_Ljubuski_logo1.jpg\",\"width\":512,\"height\":512,\"caption\":\"Radio Ljubu\u0161ki\"},\"image\":{\"@id\":\"https:\\\/\\\/radioljubuski.ba\\\/#\\\/schema\\\/logo\\\/image\\\/\"},\"sameAs\":[\"https:\\\/\\\/www.facebook.com\\\/Radiio-Ljubuski-1490835324566332\",\"https:\\\/\\\/x.com\\\/radioljubuski\",\"https:\\\/\\\/hr.linkedin.com\\\/company\\\/radio-ljubuski\",\"https:\\\/\\\/www.youtube.com\\\/channel\\\/UCHYaeO_n0Db3tjNGudGpXyw\"]},{\"@type\":\"Person\",\"@id\":\"https:\\\/\\\/radioljubuski.ba\\\/#\\\/schema\\\/person\\\/19fc700381a780f69665d7956c469e3b\",\"name\":\"Radio Ljubu\u0161ki\"}]}<\/script>\n<!-- \/ Yoast SEO plugin. -->","yoast_head_json":{"title":"Sve \u0161to trebate znati o turisti\u010dkim vau\u010derima -video - RADIO LJUBU\u0160KI","robots":{"index":"index","follow":"follow","max-snippet":"max-snippet:-1","max-image-preview":"max-image-preview:large","max-video-preview":"max-video-preview:-1"},"canonical":"https:\/\/radioljubuski.ba\/index.php\/2022\/08\/02\/sve-sto-trebate-znati-o-turistickim-vaucerima-video\/","og_locale":"hr_HR","og_type":"article","og_title":"Sve \u0161to trebate znati o turisti\u010dkim vau\u010derima -video - RADIO LJUBU\u0160KI","og_description":"Federacija Bosne i Hercegovine je projekt kori\u0161tenja turisti\u010dkih odobrila u lipnju, a provo\u0111enje po\u010dinje sljede\u0107eg ponedjeljka. No, brojni su gra\u0111ani koji ne znaju kako i na kojem podru\u010dju mogu da koriste vau\u010dere. U lipnju je federalna Vlada donijela odluku te osigurala 100 tisu\u0107a turisti\u010dkih vau\u010dera u vrijednosti od po 200 maraka. Implementacija projekta po\u010dinje u [&hellip;]","og_url":"https:\/\/radioljubuski.ba\/index.php\/2022\/08\/02\/sve-sto-trebate-znati-o-turistickim-vaucerima-video\/","og_site_name":"RADIO LJUBU\u0160KI","article_publisher":"https:\/\/www.facebook.com\/Radiio-Ljubuski-1490835324566332","article_published_time":"2022-08-02T10:52:29+00:00","article_modified_time":"2022-08-02T10:55:00+00:00","og_image":[{"width":1024,"height":621,"url":"https:\/\/radioljubuski.ba\/wp-content\/uploads\/2022\/08\/2048a5abc8f2c009e2c5e4e79d5ce079_L.jpg","type":"image\/jpeg"}],"author":"Radio Ljubu\u0161ki","twitter_card":"summary_large_image","twitter_creator":"@radioljubuski","twitter_site":"@radioljubuski","twitter_misc":{"Napisao\/la":"Radio Ljubu\u0161ki","Procijenjeno vrijeme \u010ditanja":"2 minute"},"schema":{"@context":"https:\/\/schema.org","@graph":[{"@type":"Article","@id":"https:\/\/radioljubuski.ba\/index.php\/2022\/08\/02\/sve-sto-trebate-znati-o-turistickim-vaucerima-video\/#article","isPartOf":{"@id":"https:\/\/radioljubuski.ba\/index.php\/2022\/08\/02\/sve-sto-trebate-znati-o-turistickim-vaucerima-video\/"},"author":{"name":"Radio Ljubu\u0161ki","@id":"https:\/\/radioljubuski.ba\/#\/schema\/person\/19fc700381a780f69665d7956c469e3b"},"headline":"Sve \u0161to trebate znati o turisti\u010dkim vau\u010derima -video","datePublished":"2022-08-02T10:52:29+00:00","dateModified":"2022-08-02T10:55:00+00:00","mainEntityOfPage":{"@id":"https:\/\/radioljubuski.ba\/index.php\/2022\/08\/02\/sve-sto-trebate-znati-o-turistickim-vaucerima-video\/"},"wordCount":337,"publisher":{"@id":"https:\/\/radioljubuski.ba\/#organization"},"image":{"@id":"https:\/\/radioljubuski.ba\/index.php\/2022\/08\/02\/sve-sto-trebate-znati-o-turistickim-vaucerima-video\/#primaryimage"},"thumbnailUrl":"https:\/\/radioljubuski.ba\/wp-content\/uploads\/2022\/08\/2048a5abc8f2c009e2c5e4e79d5ce079_L.jpg","articleSection":["BIH i regija"],"inLanguage":"hr"},{"@type":"WebPage","@id":"https:\/\/radioljubuski.ba\/index.php\/2022\/08\/02\/sve-sto-trebate-znati-o-turistickim-vaucerima-video\/","url":"https:\/\/radioljubuski.ba\/index.php\/2022\/08\/02\/sve-sto-trebate-znati-o-turistickim-vaucerima-video\/","name":"Sve \u0161to trebate znati o turisti\u010dkim vau\u010derima -video - RADIO LJUBU\u0160KI","isPartOf":{"@id":"https:\/\/radioljubuski.ba\/#website"},"primaryImageOfPage":{"@id":"https:\/\/radioljubuski.ba\/index.php\/2022\/08\/02\/sve-sto-trebate-znati-o-turistickim-vaucerima-video\/#primaryimage"},"image":{"@id":"https:\/\/radioljubuski.ba\/index.php\/2022\/08\/02\/sve-sto-trebate-znati-o-turistickim-vaucerima-video\/#primaryimage"},"thumbnailUrl":"https:\/\/radioljubuski.ba\/wp-content\/uploads\/2022\/08\/2048a5abc8f2c009e2c5e4e79d5ce079_L.jpg","datePublished":"2022-08-02T10:52:29+00:00","dateModified":"2022-08-02T10:55:00+00:00","breadcrumb":{"@id":"https:\/\/radioljubuski.ba\/index.php\/2022\/08\/02\/sve-sto-trebate-znati-o-turistickim-vaucerima-video\/#breadcrumb"},"inLanguage":"hr","potentialAction":[{"@type":"ReadAction","target":["https:\/\/radioljubuski.ba\/index.php\/2022\/08\/02\/sve-sto-trebate-znati-o-turistickim-vaucerima-video\/"]}]},{"@type":"ImageObject","inLanguage":"hr","@id":"https:\/\/radioljubuski.ba\/index.php\/2022\/08\/02\/sve-sto-trebate-znati-o-turistickim-vaucerima-video\/#primaryimage","url":"https:\/\/radioljubuski.ba\/wp-content\/uploads\/2022\/08\/2048a5abc8f2c009e2c5e4e79d5ce079_L.jpg","contentUrl":"https:\/\/radioljubuski.ba\/wp-content\/uploads\/2022\/08\/2048a5abc8f2c009e2c5e4e79d5ce079_L.jpg","width":1024,"height":621},{"@type":"BreadcrumbList","@id":"https:\/\/radioljubuski.ba\/index.php\/2022\/08\/02\/sve-sto-trebate-znati-o-turistickim-vaucerima-video\/#breadcrumb","itemListElement":[{"@type":"ListItem","position":1,"name":"Po\u010detna stranica","item":"https:\/\/radioljubuski.ba\/"},{"@type":"ListItem","position":2,"name":"Sve \u0161to trebate znati o turisti\u010dkim vau\u010derima -video"}]},{"@type":"WebSite","@id":"https:\/\/radioljubuski.ba\/#website","url":"https:\/\/radioljubuski.ba\/","name":"Radio Ljubu\u0161ki","description":"Sun\u010dana frekvencija Hercegovine","publisher":{"@id":"https:\/\/radioljubuski.ba\/#organization"},"potentialAction":[{"@type":"SearchAction","target":{"@type":"EntryPoint","urlTemplate":"https:\/\/radioljubuski.ba\/?s={search_term_string}"},"query-input":{"@type":"PropertyValueSpecification","valueRequired":true,"valueName":"search_term_string"}}],"inLanguage":"hr"},{"@type":"Organization","@id":"https:\/\/radioljubuski.ba\/#organization","name":"Radio Ljubu\u0161ki","url":"https:\/\/radioljubuski.ba\/","logo":{"@type":"ImageObject","inLanguage":"hr","@id":"https:\/\/radioljubuski.ba\/#\/schema\/logo\/image\/","url":"https:\/\/radioljubuski.ba\/wp-content\/uploads\/2021\/02\/cropped-Radio_Ljubuski_logo1.jpg","contentUrl":"https:\/\/radioljubuski.ba\/wp-content\/uploads\/2021\/02\/cropped-Radio_Ljubuski_logo1.jpg","width":512,"height":512,"caption":"Radio Ljubu\u0161ki"},"image":{"@id":"https:\/\/radioljubuski.ba\/#\/schema\/logo\/image\/"},"sameAs":["https:\/\/www.facebook.com\/Radiio-Ljubuski-1490835324566332","https:\/\/x.com\/radioljubuski","https:\/\/hr.linkedin.com\/company\/radio-ljubuski","https:\/\/www.youtube.com\/channel\/UCHYaeO_n0Db3tjNGudGpXyw"]},{"@type":"Person","@id":"https:\/\/radioljubuski.ba\/#\/schema\/person\/19fc700381a780f69665d7956c469e3b","name":"Radio Ljubu\u0161ki"}]}},"_links":{"self":[{"href":"https:\/\/radioljubuski.ba\/index.php\/wp-json\/wp\/v2\/posts\/165825","targetHints":{"allow":["GET"]}}],"collection":[{"href":"https:\/\/radioljubuski.ba\/index.php\/wp-json\/wp\/v2\/posts"}],"about":[{"href":"https:\/\/radioljubuski.ba\/index.php\/wp-json\/wp\/v2\/types\/post"}],"author":[{"embeddable":true,"href":"https:\/\/radioljubuski.ba\/index.php\/wp-json\/wp\/v2\/users\/2"}],"replies":[{"embeddable":true,"href":"https:\/\/radioljubuski.ba\/index.php\/wp-json\/wp\/v2\/comments?post=165825"}],"version-history":[{"count":1,"href":"https:\/\/radioljubuski.ba\/index.php\/wp-json\/wp\/v2\/posts\/165825\/revisions"}],"predecessor-version":[{"id":165832,"href":"https:\/\/radioljubuski.ba\/index.php\/wp-json\/wp\/v2\/posts\/165825\/revisions\/165832"}],"wp:featuredmedia":[{"embeddable":true,"href":"https:\/\/radioljubuski.ba\/index.php\/wp-json\/wp\/v2\/media\/165829"}],"wp:attachment":[{"href":"https:\/\/radioljubuski.ba\/index.php\/wp-json\/wp\/v2\/media?parent=165825"}],"wp:term":[{"taxonomy":"category","embeddable":true,"href":"https:\/\/radioljubuski.ba\/index.php\/wp-json\/wp\/v2\/categories?post=165825"},{"taxonomy":"post_tag","embeddable":true,"href":"https:\/\/radioljubuski.ba\/index.php\/wp-json\/wp\/v2\/tags?post=165825"}],"curies":[{"name":"wp","href":"https:\/\/api.w.org\/{rel}","templated":true}]}}