{"id":165828,"date":"2022-08-02T11:51:53","date_gmt":"2022-08-02T10:51:53","guid":{"rendered":"https:\/\/radioljubuski.ba\/?p=165828"},"modified":"2022-08-02T11:51:54","modified_gmt":"2022-08-02T10:51:54","slug":"berbic-lacko-o-mjeri-roditelj-odgojitelj-grad-opet-nije-ponudio-kompenzacijske-mjere-i-namjerava-donijeti-nezakonitu-odluku","status":"publish","type":"post","link":"https:\/\/radioljubuski.ba\/index.php\/2022\/08\/02\/berbic-lacko-o-mjeri-roditelj-odgojitelj-grad-opet-nije-ponudio-kompenzacijske-mjere-i-namjerava-donijeti-nezakonitu-odluku\/","title":{"rendered":"Berbi\u0107 Lacko o mjeri roditelj odgojitelj: \u2018Grad opet nije ponudio kompenzacijske mjere i namjerava donijeti nezakonitu odluku\u2019"},"content":{"rendered":"\n<p>\u201cGrad Zagreb opet predla\u017ee ne\u0161to \u0161to je napravljeno i u jesen pro\u0161le godine i po nama izgleda da \u0107e ovo opet biti nezakonita odluka, ako bude takva izglasana u skup\u0161tini u rujnu 2022.\u201d \u2013 komentirala je u razgovoru za Narod.hr Ana Marija Berbi\u0107 Lacko, predsjednica Hrvatske udruge roditelja odgojitelja (HURO), najnoviji potez Grada u vezi mjere roditelj odgojitelj.<\/p>\n\n\n\n<h3 class=\"wp-block-heading\"><strong>Izmjene Odluke<\/strong><\/h3>\n\n\n\n<p>Naime, u petak prijepodne Danijela Dolenec, zamjenica gradona\u010delnika Grada Zagreba Tomislava Toma\u0161evi\u0107a, odr\u017eala je konferenciju za novinare oko izmjene Odluke o nov\u010danoj pomo\u0107i za roditelje odgojitelje. Ispod prijenosa u\u017eivo, na FB stranici Grada Zagreba na dijelu gdje je preno\u0161en video, bilo je zabranjeno komentiranje, navodno zbog mogu\u0107eg govora mr\u017enje.<\/p>\n\n\n\n<p>Zamjenica gradona\u010delnika Dolenec poru\u010dila je kako je cilj promjene donijeti u rujnu ove godine, tako da se \u0161est mjeseci ni\u0161ta ne mijenja za korisnike, a od 31. o\u017eujka 2023. bi se snizila naknada na iznos minimalne pla\u0107e. Od 30. lipnja 2023. bi to bilo 50 posto iznosa minimalne pla\u0107e. 30. rujna prvi korisnici izlaze iz ove mjere. Svaki sljede\u0107i mjesec korisnik kojem dijete napuni sedam godina izlazi iz mjere. Novih korisnika ne\u0107e biti.<\/p>\n\n\n\n<h3 class=\"wp-block-heading\"><strong>Teret bi opet ostao na korisnicima<\/strong><\/h3>\n\n\n\n<p>Berbi\u0107 Lacko osvrnula se na to da se zamjenica gradona\u010delnika Dolenec pozvala na presudu Visokog upravnog suda komentiraju\u0107i razmjernost.<\/p>\n\n\n\n<p>\u201cMe\u0111utim, oni taj teret razmjernosti sada nisu rije\u0161ili na na\u010din da se rastereti roditelj odgojitelj, naime, u njihovom prijedlogu nove odluke teret bi opet ostao na svim korisnicima mjere. Jedino \u0161to su napravili je da su produ\u017eili rok, u kojem bi i\u0161li na postupno smanjenje iznosa, s tim da opet dio korisnika za otprilike godinu dana, sa djecom starijom od sedam godina, gubi pravo na ovu mjeru \u0161to zna\u010di da je, uz neponu\u0111ene kompenzacijske mjere, to sigurno nezakonita odluka.\u201d<\/p>\n\n\n\n<h3 class=\"wp-block-heading\"><strong>Neprihvatljivo da to uop\u0107e sada ide u javno savjetovanje<\/strong><\/h3>\n\n\n\n<p>Berbi\u0107 Lacko kao veliki problem isti\u010de upravo nedostatak bilo kakvih kompenzacijskih mjera.<\/p>\n\n\n\n<p>\u201cOni su rekli da \u0107e kroz mjesec kolovoz, a prije izglasavanja ove odluke koja \u0107e biti na dnevnom redu sjednice u skup\u0161tini u rujnu, predstaviti kompenzacijske mjere. Za nas je neprihvatljivo da su uop\u0107e stavili u javno savjetovanje taj prijedlog odluke uz obrazlo\u017eenje da su to pokrenuli, a da nisu predstavili koje bi to bile kompenzacijske mjere, ako adekvatne uop\u0107e i postoje.<\/p>\n\n\n\n<p>Zna\u010di, ista pri\u010da kao pro\u0161le godine. Opet spominju da \u0107e Grad na taj na\u010din u\u0161tedjeti. Tom izmjenom odluke oni bi u\u0161tedjeli nekoliko stotina tisu\u0107a kuna, a ne bave se ovim dijelom \u0161to kad bi se ta djeca iz mjere roditelj odgojitelj upisala u vrti\u0107e. S obzirom da grad u velikoj mjeri subvencionira tro\u0161ak vrti\u0107a, zna\u010di Grad ne bi imao neku zna\u010dajnu u\u0161tedu.\u201d<\/p>\n\n\n\n<h3 class=\"wp-block-heading\"><strong>Pozvala na kvalitetno javno savjetovanje<\/strong><\/h3>\n\n\n\n<p>Komentiraju\u0107i iznose koje je zamjenica gradona\u010delnika Dolenec navodila na konferenciji za medije, Berbi\u0107 Lacko je rekla:<\/p>\n\n\n\n<p>\u201cOni opet rade istu stvar jer u velikom opsegu zadiru u iznos i opet dovode do toga da dio korisnika zbog godi\u0161ta djeteta ostaje bez tog prava. Zna\u010di, opet taj nezakoniti dio \u2013 to je preveliko zadiranje bez da se nude kompenzacijske mjere.\u201d<\/p>\n\n\n\n<p>Berbi\u0107 Lacko je najavila da \u0107e se udruga HURO uklju\u010diti u javno savjetovanje.<\/p>\n\n\n\n<p>\u201cMi predla\u017eemo da se \u0161to ve\u0107i dio udruga predstavnika roditelja i obitelji op\u0107enito uklju\u010di u javno savjetovanje, ali sa konkretnim prijedlozima, da to ispadne kvalitetno i da jednostavno poku\u0161amo ovaj put Gradu ne dozvoliti da automatski odbacuje sve prijedloge. Dokazano je da su to dosad radili po defaultu, uop\u0107e ne \u010ditaju\u0107i kvalitetne primjedbe.\u201d<\/p>\n\n\n\n<h3 class=\"wp-block-heading\"><strong>Radionice na Zavodu za zapo\u0161ljavanje<\/strong><\/h3>\n\n\n\n<p>Berbi\u0107 Lacko je istaknula da je zamjenica gradona\u010delnika Dolenec na pressici, osim gradnje vrti\u0107a, me\u0111u ostalim, spomenula i radionice u sklopu Zavoda za zapo\u0161ljavanje za roditelje odgojitelje.<\/p>\n\n\n\n<p>\u201cTo je totalno nepotrebno. Oni \u010dini se smatraju da roditelji nisu kvalificirani, o\u010dito i dan danas ne znaju pravi sastav tih obitelji\u201d \u2013 rekla je, te nastavila:<\/p>\n\n\n\n<p>\u201cMi \u0107emo iz dana u dan pratiti i \u0161to je s izgradnjom ova dva dje\u010dja vrti\u0107a za koje je postavljen kamen temeljac \u2013 u Ka\u0161ini i u Obre\u017eu. Kontaktirali smo \u010dak i firme, gdje nismo uspjeli dobiti informaciju kada bi radovi bili gotovi i na koji na\u010din ih misle dovr\u0161iti u tako kratkom roku. Vjerojatno \u0107e objekt u Ka\u0161ini biti monta\u017eni. Moramo tu spomenuti, koliko god vrti\u0107a da oni izgrade do kraja godine, kamo sre\u0107e da ih je jo\u0161 vi\u0161e, za njih je na listi \u010dekanja preko 4000 djece. To je po rezultatima natje\u010daja iz lipnja i sva mjesta u tim budu\u0107im vrti\u0107ima su rezervirana za tu djecu. U tu brojku ne spadaju djeca koja su u programu roditelj odgojitelj\u201d \u2013 isti\u010de Berbi\u0107 Lacko.<\/p>\n\n\n\n<h3 class=\"wp-block-heading\"><strong>O glasu javnosti<\/strong><\/h3>\n\n\n\n<p>Komentirala je i rije\u010di zamjenice gradona\u010delnika Danijele Dolenec koja je ustvrdila da&nbsp; se javnost sla\u017ee da treba napraviti izmjenu mjere roditelj odgojitelj i spomenula da je za to \u010dak 80 posto.<\/p>\n\n\n\n<p>\u201cU tom isptivanju bilo je oko 600 ispitanika i njih 66 posto je za korigiranje ove mjere. Ali&nbsp; isto tako ako slu\u0161aju glas javnosti, moram re\u0107i da postoje i drugi problemi u gradu Zagrebu, pa neka tu energiju ulo\u017ee i u te druge probleme, te neka smanje pritisak na obitelji\u201d \u2013 zaklju\u010dila je Berbi\u0107 Lacko.<\/p>\n\n\n\n<p><em>Izvor: narod.hr<\/em><\/p>\n","protected":false},"excerpt":{"rendered":"<p>\u201cGrad Zagreb opet predla\u017ee ne\u0161to \u0161to je napravljeno i u jesen pro\u0161le godine i po nama izgleda da \u0107e ovo opet biti nezakonita odluka, ako bude takva izglasana u skup\u0161tini u rujnu 2022.\u201d \u2013 komentirala je u razgovoru za Narod.hr Ana Marija Berbi\u0107 Lacko, predsjednica Hrvatske udruge roditelja odgojitelja (HURO), najnoviji potez Grada u vezi [&hellip;]<\/p>\n","protected":false},"author":2,"featured_media":165830,"comment_status":"closed","ping_status":"closed","sticky":false,"template":"","format":"standard","meta":{"h5ap_radio_sources":[],"footnotes":""},"categories":[1],"tags":[],"class_list":["post-165828","post","type-post","status-publish","format-standard","has-post-thumbnail","hentry","category-bihiregija"],"yoast_head":"<!-- This site is optimized with the Yoast SEO plugin v27.4 - https:\/\/yoast.com\/product\/yoast-seo-wordpress\/ -->\n<title>Berbi\u0107 Lacko o mjeri roditelj odgojitelj: \u2018Grad opet nije ponudio kompenzacijske mjere i namjerava donijeti nezakonitu odluku\u2019 - RADIO LJUBU\u0160KI<\/title>\n<meta name=\"robots\" content=\"index, follow, max-snippet:-1, max-image-preview:large, max-video-preview:-1\" \/>\n<link rel=\"canonical\" href=\"https:\/\/radioljubuski.ba\/index.php\/2022\/08\/02\/berbic-lacko-o-mjeri-roditelj-odgojitelj-grad-opet-nije-ponudio-kompenzacijske-mjere-i-namjerava-donijeti-nezakonitu-odluku\/\" \/>\n<meta property=\"og:locale\" content=\"hr_HR\" \/>\n<meta property=\"og:type\" content=\"article\" \/>\n<meta property=\"og:title\" content=\"Berbi\u0107 Lacko o mjeri roditelj odgojitelj: \u2018Grad opet nije ponudio kompenzacijske mjere i namjerava donijeti nezakonitu odluku\u2019 - RADIO LJUBU\u0160KI\" \/>\n<meta property=\"og:description\" content=\"\u201cGrad Zagreb opet predla\u017ee ne\u0161to \u0161to je napravljeno i u jesen pro\u0161le godine i po nama izgleda da \u0107e ovo opet biti nezakonita odluka, ako bude takva izglasana u skup\u0161tini u rujnu 2022.\u201d \u2013 komentirala je u razgovoru za Narod.hr Ana Marija Berbi\u0107 Lacko, predsjednica Hrvatske udruge roditelja odgojitelja (HURO), najnoviji potez Grada u vezi [&hellip;]\" \/>\n<meta property=\"og:url\" content=\"https:\/\/radioljubuski.ba\/index.php\/2022\/08\/02\/berbic-lacko-o-mjeri-roditelj-odgojitelj-grad-opet-nije-ponudio-kompenzacijske-mjere-i-namjerava-donijeti-nezakonitu-odluku\/\" \/>\n<meta property=\"og:site_name\" content=\"RADIO LJUBU\u0160KI\" \/>\n<meta property=\"article:publisher\" content=\"https:\/\/www.facebook.com\/Radiio-Ljubuski-1490835324566332\" \/>\n<meta property=\"article:published_time\" content=\"2022-08-02T10:51:53+00:00\" \/>\n<meta property=\"article:modified_time\" content=\"2022-08-02T10:51:54+00:00\" \/>\n<meta property=\"og:image\" content=\"https:\/\/radioljubuski.ba\/wp-content\/uploads\/2022\/08\/HN20220729635685-696x464-1.jpg\" \/>\n\t<meta property=\"og:image:width\" content=\"696\" \/>\n\t<meta property=\"og:image:height\" content=\"464\" \/>\n\t<meta property=\"og:image:type\" content=\"image\/jpeg\" \/>\n<meta name=\"author\" content=\"Radio Ljubu\u0161ki\" \/>\n<meta name=\"twitter:card\" content=\"summary_large_image\" \/>\n<meta name=\"twitter:creator\" content=\"@radioljubuski\" \/>\n<meta name=\"twitter:site\" content=\"@radioljubuski\" \/>\n<meta name=\"twitter:label1\" content=\"Napisao\/la\" \/>\n\t<meta name=\"twitter:data1\" content=\"Radio Ljubu\u0161ki\" \/>\n\t<meta name=\"twitter:label2\" content=\"Procijenjeno vrijeme \u010ditanja\" \/>\n\t<meta name=\"twitter:data2\" content=\"4 minute\" \/>\n<script type=\"application\/ld+json\" class=\"yoast-schema-graph\">{\"@context\":\"https:\\\/\\\/schema.org\",\"@graph\":[{\"@type\":\"Article\",\"@id\":\"https:\\\/\\\/radioljubuski.ba\\\/index.php\\\/2022\\\/08\\\/02\\\/berbic-lacko-o-mjeri-roditelj-odgojitelj-grad-opet-nije-ponudio-kompenzacijske-mjere-i-namjerava-donijeti-nezakonitu-odluku\\\/#article\",\"isPartOf\":{\"@id\":\"https:\\\/\\\/radioljubuski.ba\\\/index.php\\\/2022\\\/08\\\/02\\\/berbic-lacko-o-mjeri-roditelj-odgojitelj-grad-opet-nije-ponudio-kompenzacijske-mjere-i-namjerava-donijeti-nezakonitu-odluku\\\/\"},\"author\":{\"name\":\"Radio Ljubu\u0161ki\",\"@id\":\"https:\\\/\\\/radioljubuski.ba\\\/#\\\/schema\\\/person\\\/19fc700381a780f69665d7956c469e3b\"},\"headline\":\"Berbi\u0107 Lacko o mjeri roditelj odgojitelj: \u2018Grad opet nije ponudio kompenzacijske mjere i namjerava donijeti nezakonitu odluku\u2019\",\"datePublished\":\"2022-08-02T10:51:53+00:00\",\"dateModified\":\"2022-08-02T10:51:54+00:00\",\"mainEntityOfPage\":{\"@id\":\"https:\\\/\\\/radioljubuski.ba\\\/index.php\\\/2022\\\/08\\\/02\\\/berbic-lacko-o-mjeri-roditelj-odgojitelj-grad-opet-nije-ponudio-kompenzacijske-mjere-i-namjerava-donijeti-nezakonitu-odluku\\\/\"},\"wordCount\":929,\"publisher\":{\"@id\":\"https:\\\/\\\/radioljubuski.ba\\\/#organization\"},\"image\":{\"@id\":\"https:\\\/\\\/radioljubuski.ba\\\/index.php\\\/2022\\\/08\\\/02\\\/berbic-lacko-o-mjeri-roditelj-odgojitelj-grad-opet-nije-ponudio-kompenzacijske-mjere-i-namjerava-donijeti-nezakonitu-odluku\\\/#primaryimage\"},\"thumbnailUrl\":\"https:\\\/\\\/radioljubuski.ba\\\/wp-content\\\/uploads\\\/2022\\\/08\\\/HN20220729635685-696x464-1.jpg\",\"articleSection\":[\"BIH i regija\"],\"inLanguage\":\"hr\"},{\"@type\":\"WebPage\",\"@id\":\"https:\\\/\\\/radioljubuski.ba\\\/index.php\\\/2022\\\/08\\\/02\\\/berbic-lacko-o-mjeri-roditelj-odgojitelj-grad-opet-nije-ponudio-kompenzacijske-mjere-i-namjerava-donijeti-nezakonitu-odluku\\\/\",\"url\":\"https:\\\/\\\/radioljubuski.ba\\\/index.php\\\/2022\\\/08\\\/02\\\/berbic-lacko-o-mjeri-roditelj-odgojitelj-grad-opet-nije-ponudio-kompenzacijske-mjere-i-namjerava-donijeti-nezakonitu-odluku\\\/\",\"name\":\"Berbi\u0107 Lacko o mjeri roditelj odgojitelj: \u2018Grad opet nije ponudio kompenzacijske mjere i namjerava donijeti nezakonitu odluku\u2019 - RADIO LJUBU\u0160KI\",\"isPartOf\":{\"@id\":\"https:\\\/\\\/radioljubuski.ba\\\/#website\"},\"primaryImageOfPage\":{\"@id\":\"https:\\\/\\\/radioljubuski.ba\\\/index.php\\\/2022\\\/08\\\/02\\\/berbic-lacko-o-mjeri-roditelj-odgojitelj-grad-opet-nije-ponudio-kompenzacijske-mjere-i-namjerava-donijeti-nezakonitu-odluku\\\/#primaryimage\"},\"image\":{\"@id\":\"https:\\\/\\\/radioljubuski.ba\\\/index.php\\\/2022\\\/08\\\/02\\\/berbic-lacko-o-mjeri-roditelj-odgojitelj-grad-opet-nije-ponudio-kompenzacijske-mjere-i-namjerava-donijeti-nezakonitu-odluku\\\/#primaryimage\"},\"thumbnailUrl\":\"https:\\\/\\\/radioljubuski.ba\\\/wp-content\\\/uploads\\\/2022\\\/08\\\/HN20220729635685-696x464-1.jpg\",\"datePublished\":\"2022-08-02T10:51:53+00:00\",\"dateModified\":\"2022-08-02T10:51:54+00:00\",\"breadcrumb\":{\"@id\":\"https:\\\/\\\/radioljubuski.ba\\\/index.php\\\/2022\\\/08\\\/02\\\/berbic-lacko-o-mjeri-roditelj-odgojitelj-grad-opet-nije-ponudio-kompenzacijske-mjere-i-namjerava-donijeti-nezakonitu-odluku\\\/#breadcrumb\"},\"inLanguage\":\"hr\",\"potentialAction\":[{\"@type\":\"ReadAction\",\"target\":[\"https:\\\/\\\/radioljubuski.ba\\\/index.php\\\/2022\\\/08\\\/02\\\/berbic-lacko-o-mjeri-roditelj-odgojitelj-grad-opet-nije-ponudio-kompenzacijske-mjere-i-namjerava-donijeti-nezakonitu-odluku\\\/\"]}]},{\"@type\":\"ImageObject\",\"inLanguage\":\"hr\",\"@id\":\"https:\\\/\\\/radioljubuski.ba\\\/index.php\\\/2022\\\/08\\\/02\\\/berbic-lacko-o-mjeri-roditelj-odgojitelj-grad-opet-nije-ponudio-kompenzacijske-mjere-i-namjerava-donijeti-nezakonitu-odluku\\\/#primaryimage\",\"url\":\"https:\\\/\\\/radioljubuski.ba\\\/wp-content\\\/uploads\\\/2022\\\/08\\\/HN20220729635685-696x464-1.jpg\",\"contentUrl\":\"https:\\\/\\\/radioljubuski.ba\\\/wp-content\\\/uploads\\\/2022\\\/08\\\/HN20220729635685-696x464-1.jpg\",\"width\":696,\"height\":464},{\"@type\":\"BreadcrumbList\",\"@id\":\"https:\\\/\\\/radioljubuski.ba\\\/index.php\\\/2022\\\/08\\\/02\\\/berbic-lacko-o-mjeri-roditelj-odgojitelj-grad-opet-nije-ponudio-kompenzacijske-mjere-i-namjerava-donijeti-nezakonitu-odluku\\\/#breadcrumb\",\"itemListElement\":[{\"@type\":\"ListItem\",\"position\":1,\"name\":\"Po\u010detna stranica\",\"item\":\"https:\\\/\\\/radioljubuski.ba\\\/\"},{\"@type\":\"ListItem\",\"position\":2,\"name\":\"Berbi\u0107 Lacko o mjeri roditelj odgojitelj: \u2018Grad opet nije ponudio kompenzacijske mjere i namjerava donijeti nezakonitu odluku\u2019\"}]},{\"@type\":\"WebSite\",\"@id\":\"https:\\\/\\\/radioljubuski.ba\\\/#website\",\"url\":\"https:\\\/\\\/radioljubuski.ba\\\/\",\"name\":\"Radio Ljubu\u0161ki\",\"description\":\"Sun\u010dana frekvencija Hercegovine\",\"publisher\":{\"@id\":\"https:\\\/\\\/radioljubuski.ba\\\/#organization\"},\"potentialAction\":[{\"@type\":\"SearchAction\",\"target\":{\"@type\":\"EntryPoint\",\"urlTemplate\":\"https:\\\/\\\/radioljubuski.ba\\\/?s={search_term_string}\"},\"query-input\":{\"@type\":\"PropertyValueSpecification\",\"valueRequired\":true,\"valueName\":\"search_term_string\"}}],\"inLanguage\":\"hr\"},{\"@type\":\"Organization\",\"@id\":\"https:\\\/\\\/radioljubuski.ba\\\/#organization\",\"name\":\"Radio Ljubu\u0161ki\",\"url\":\"https:\\\/\\\/radioljubuski.ba\\\/\",\"logo\":{\"@type\":\"ImageObject\",\"inLanguage\":\"hr\",\"@id\":\"https:\\\/\\\/radioljubuski.ba\\\/#\\\/schema\\\/logo\\\/image\\\/\",\"url\":\"https:\\\/\\\/radioljubuski.ba\\\/wp-content\\\/uploads\\\/2021\\\/02\\\/cropped-Radio_Ljubuski_logo1.jpg\",\"contentUrl\":\"https:\\\/\\\/radioljubuski.ba\\\/wp-content\\\/uploads\\\/2021\\\/02\\\/cropped-Radio_Ljubuski_logo1.jpg\",\"width\":512,\"height\":512,\"caption\":\"Radio Ljubu\u0161ki\"},\"image\":{\"@id\":\"https:\\\/\\\/radioljubuski.ba\\\/#\\\/schema\\\/logo\\\/image\\\/\"},\"sameAs\":[\"https:\\\/\\\/www.facebook.com\\\/Radiio-Ljubuski-1490835324566332\",\"https:\\\/\\\/x.com\\\/radioljubuski\",\"https:\\\/\\\/hr.linkedin.com\\\/company\\\/radio-ljubuski\",\"https:\\\/\\\/www.youtube.com\\\/channel\\\/UCHYaeO_n0Db3tjNGudGpXyw\"]},{\"@type\":\"Person\",\"@id\":\"https:\\\/\\\/radioljubuski.ba\\\/#\\\/schema\\\/person\\\/19fc700381a780f69665d7956c469e3b\",\"name\":\"Radio Ljubu\u0161ki\"}]}<\/script>\n<!-- \/ Yoast SEO plugin. -->","yoast_head_json":{"title":"Berbi\u0107 Lacko o mjeri roditelj odgojitelj: \u2018Grad opet nije ponudio kompenzacijske mjere i namjerava donijeti nezakonitu odluku\u2019 - RADIO LJUBU\u0160KI","robots":{"index":"index","follow":"follow","max-snippet":"max-snippet:-1","max-image-preview":"max-image-preview:large","max-video-preview":"max-video-preview:-1"},"canonical":"https:\/\/radioljubuski.ba\/index.php\/2022\/08\/02\/berbic-lacko-o-mjeri-roditelj-odgojitelj-grad-opet-nije-ponudio-kompenzacijske-mjere-i-namjerava-donijeti-nezakonitu-odluku\/","og_locale":"hr_HR","og_type":"article","og_title":"Berbi\u0107 Lacko o mjeri roditelj odgojitelj: \u2018Grad opet nije ponudio kompenzacijske mjere i namjerava donijeti nezakonitu odluku\u2019 - RADIO LJUBU\u0160KI","og_description":"\u201cGrad Zagreb opet predla\u017ee ne\u0161to \u0161to je napravljeno i u jesen pro\u0161le godine i po nama izgleda da \u0107e ovo opet biti nezakonita odluka, ako bude takva izglasana u skup\u0161tini u rujnu 2022.\u201d \u2013 komentirala je u razgovoru za Narod.hr Ana Marija Berbi\u0107 Lacko, predsjednica Hrvatske udruge roditelja odgojitelja (HURO), najnoviji potez Grada u vezi [&hellip;]","og_url":"https:\/\/radioljubuski.ba\/index.php\/2022\/08\/02\/berbic-lacko-o-mjeri-roditelj-odgojitelj-grad-opet-nije-ponudio-kompenzacijske-mjere-i-namjerava-donijeti-nezakonitu-odluku\/","og_site_name":"RADIO LJUBU\u0160KI","article_publisher":"https:\/\/www.facebook.com\/Radiio-Ljubuski-1490835324566332","article_published_time":"2022-08-02T10:51:53+00:00","article_modified_time":"2022-08-02T10:51:54+00:00","og_image":[{"width":696,"height":464,"url":"https:\/\/radioljubuski.ba\/wp-content\/uploads\/2022\/08\/HN20220729635685-696x464-1.jpg","type":"image\/jpeg"}],"author":"Radio Ljubu\u0161ki","twitter_card":"summary_large_image","twitter_creator":"@radioljubuski","twitter_site":"@radioljubuski","twitter_misc":{"Napisao\/la":"Radio Ljubu\u0161ki","Procijenjeno vrijeme \u010ditanja":"4 minute"},"schema":{"@context":"https:\/\/schema.org","@graph":[{"@type":"Article","@id":"https:\/\/radioljubuski.ba\/index.php\/2022\/08\/02\/berbic-lacko-o-mjeri-roditelj-odgojitelj-grad-opet-nije-ponudio-kompenzacijske-mjere-i-namjerava-donijeti-nezakonitu-odluku\/#article","isPartOf":{"@id":"https:\/\/radioljubuski.ba\/index.php\/2022\/08\/02\/berbic-lacko-o-mjeri-roditelj-odgojitelj-grad-opet-nije-ponudio-kompenzacijske-mjere-i-namjerava-donijeti-nezakonitu-odluku\/"},"author":{"name":"Radio Ljubu\u0161ki","@id":"https:\/\/radioljubuski.ba\/#\/schema\/person\/19fc700381a780f69665d7956c469e3b"},"headline":"Berbi\u0107 Lacko o mjeri roditelj odgojitelj: \u2018Grad opet nije ponudio kompenzacijske mjere i namjerava donijeti nezakonitu odluku\u2019","datePublished":"2022-08-02T10:51:53+00:00","dateModified":"2022-08-02T10:51:54+00:00","mainEntityOfPage":{"@id":"https:\/\/radioljubuski.ba\/index.php\/2022\/08\/02\/berbic-lacko-o-mjeri-roditelj-odgojitelj-grad-opet-nije-ponudio-kompenzacijske-mjere-i-namjerava-donijeti-nezakonitu-odluku\/"},"wordCount":929,"publisher":{"@id":"https:\/\/radioljubuski.ba\/#organization"},"image":{"@id":"https:\/\/radioljubuski.ba\/index.php\/2022\/08\/02\/berbic-lacko-o-mjeri-roditelj-odgojitelj-grad-opet-nije-ponudio-kompenzacijske-mjere-i-namjerava-donijeti-nezakonitu-odluku\/#primaryimage"},"thumbnailUrl":"https:\/\/radioljubuski.ba\/wp-content\/uploads\/2022\/08\/HN20220729635685-696x464-1.jpg","articleSection":["BIH i regija"],"inLanguage":"hr"},{"@type":"WebPage","@id":"https:\/\/radioljubuski.ba\/index.php\/2022\/08\/02\/berbic-lacko-o-mjeri-roditelj-odgojitelj-grad-opet-nije-ponudio-kompenzacijske-mjere-i-namjerava-donijeti-nezakonitu-odluku\/","url":"https:\/\/radioljubuski.ba\/index.php\/2022\/08\/02\/berbic-lacko-o-mjeri-roditelj-odgojitelj-grad-opet-nije-ponudio-kompenzacijske-mjere-i-namjerava-donijeti-nezakonitu-odluku\/","name":"Berbi\u0107 Lacko o mjeri roditelj odgojitelj: \u2018Grad opet nije ponudio kompenzacijske mjere i namjerava donijeti nezakonitu odluku\u2019 - RADIO LJUBU\u0160KI","isPartOf":{"@id":"https:\/\/radioljubuski.ba\/#website"},"primaryImageOfPage":{"@id":"https:\/\/radioljubuski.ba\/index.php\/2022\/08\/02\/berbic-lacko-o-mjeri-roditelj-odgojitelj-grad-opet-nije-ponudio-kompenzacijske-mjere-i-namjerava-donijeti-nezakonitu-odluku\/#primaryimage"},"image":{"@id":"https:\/\/radioljubuski.ba\/index.php\/2022\/08\/02\/berbic-lacko-o-mjeri-roditelj-odgojitelj-grad-opet-nije-ponudio-kompenzacijske-mjere-i-namjerava-donijeti-nezakonitu-odluku\/#primaryimage"},"thumbnailUrl":"https:\/\/radioljubuski.ba\/wp-content\/uploads\/2022\/08\/HN20220729635685-696x464-1.jpg","datePublished":"2022-08-02T10:51:53+00:00","dateModified":"2022-08-02T10:51:54+00:00","breadcrumb":{"@id":"https:\/\/radioljubuski.ba\/index.php\/2022\/08\/02\/berbic-lacko-o-mjeri-roditelj-odgojitelj-grad-opet-nije-ponudio-kompenzacijske-mjere-i-namjerava-donijeti-nezakonitu-odluku\/#breadcrumb"},"inLanguage":"hr","potentialAction":[{"@type":"ReadAction","target":["https:\/\/radioljubuski.ba\/index.php\/2022\/08\/02\/berbic-lacko-o-mjeri-roditelj-odgojitelj-grad-opet-nije-ponudio-kompenzacijske-mjere-i-namjerava-donijeti-nezakonitu-odluku\/"]}]},{"@type":"ImageObject","inLanguage":"hr","@id":"https:\/\/radioljubuski.ba\/index.php\/2022\/08\/02\/berbic-lacko-o-mjeri-roditelj-odgojitelj-grad-opet-nije-ponudio-kompenzacijske-mjere-i-namjerava-donijeti-nezakonitu-odluku\/#primaryimage","url":"https:\/\/radioljubuski.ba\/wp-content\/uploads\/2022\/08\/HN20220729635685-696x464-1.jpg","contentUrl":"https:\/\/radioljubuski.ba\/wp-content\/uploads\/2022\/08\/HN20220729635685-696x464-1.jpg","width":696,"height":464},{"@type":"BreadcrumbList","@id":"https:\/\/radioljubuski.ba\/index.php\/2022\/08\/02\/berbic-lacko-o-mjeri-roditelj-odgojitelj-grad-opet-nije-ponudio-kompenzacijske-mjere-i-namjerava-donijeti-nezakonitu-odluku\/#breadcrumb","itemListElement":[{"@type":"ListItem","position":1,"name":"Po\u010detna stranica","item":"https:\/\/radioljubuski.ba\/"},{"@type":"ListItem","position":2,"name":"Berbi\u0107 Lacko o mjeri roditelj odgojitelj: \u2018Grad opet nije ponudio kompenzacijske mjere i namjerava donijeti nezakonitu odluku\u2019"}]},{"@type":"WebSite","@id":"https:\/\/radioljubuski.ba\/#website","url":"https:\/\/radioljubuski.ba\/","name":"Radio Ljubu\u0161ki","description":"Sun\u010dana frekvencija Hercegovine","publisher":{"@id":"https:\/\/radioljubuski.ba\/#organization"},"potentialAction":[{"@type":"SearchAction","target":{"@type":"EntryPoint","urlTemplate":"https:\/\/radioljubuski.ba\/?s={search_term_string}"},"query-input":{"@type":"PropertyValueSpecification","valueRequired":true,"valueName":"search_term_string"}}],"inLanguage":"hr"},{"@type":"Organization","@id":"https:\/\/radioljubuski.ba\/#organization","name":"Radio Ljubu\u0161ki","url":"https:\/\/radioljubuski.ba\/","logo":{"@type":"ImageObject","inLanguage":"hr","@id":"https:\/\/radioljubuski.ba\/#\/schema\/logo\/image\/","url":"https:\/\/radioljubuski.ba\/wp-content\/uploads\/2021\/02\/cropped-Radio_Ljubuski_logo1.jpg","contentUrl":"https:\/\/radioljubuski.ba\/wp-content\/uploads\/2021\/02\/cropped-Radio_Ljubuski_logo1.jpg","width":512,"height":512,"caption":"Radio Ljubu\u0161ki"},"image":{"@id":"https:\/\/radioljubuski.ba\/#\/schema\/logo\/image\/"},"sameAs":["https:\/\/www.facebook.com\/Radiio-Ljubuski-1490835324566332","https:\/\/x.com\/radioljubuski","https:\/\/hr.linkedin.com\/company\/radio-ljubuski","https:\/\/www.youtube.com\/channel\/UCHYaeO_n0Db3tjNGudGpXyw"]},{"@type":"Person","@id":"https:\/\/radioljubuski.ba\/#\/schema\/person\/19fc700381a780f69665d7956c469e3b","name":"Radio Ljubu\u0161ki"}]}},"_links":{"self":[{"href":"https:\/\/radioljubuski.ba\/index.php\/wp-json\/wp\/v2\/posts\/165828","targetHints":{"allow":["GET"]}}],"collection":[{"href":"https:\/\/radioljubuski.ba\/index.php\/wp-json\/wp\/v2\/posts"}],"about":[{"href":"https:\/\/radioljubuski.ba\/index.php\/wp-json\/wp\/v2\/types\/post"}],"author":[{"embeddable":true,"href":"https:\/\/radioljubuski.ba\/index.php\/wp-json\/wp\/v2\/users\/2"}],"replies":[{"embeddable":true,"href":"https:\/\/radioljubuski.ba\/index.php\/wp-json\/wp\/v2\/comments?post=165828"}],"version-history":[{"count":1,"href":"https:\/\/radioljubuski.ba\/index.php\/wp-json\/wp\/v2\/posts\/165828\/revisions"}],"predecessor-version":[{"id":165831,"href":"https:\/\/radioljubuski.ba\/index.php\/wp-json\/wp\/v2\/posts\/165828\/revisions\/165831"}],"wp:featuredmedia":[{"embeddable":true,"href":"https:\/\/radioljubuski.ba\/index.php\/wp-json\/wp\/v2\/media\/165830"}],"wp:attachment":[{"href":"https:\/\/radioljubuski.ba\/index.php\/wp-json\/wp\/v2\/media?parent=165828"}],"wp:term":[{"taxonomy":"category","embeddable":true,"href":"https:\/\/radioljubuski.ba\/index.php\/wp-json\/wp\/v2\/categories?post=165828"},{"taxonomy":"post_tag","embeddable":true,"href":"https:\/\/radioljubuski.ba\/index.php\/wp-json\/wp\/v2\/tags?post=165828"}],"curies":[{"name":"wp","href":"https:\/\/api.w.org\/{rel}","templated":true}]}}