{"id":165835,"date":"2022-08-02T11:56:03","date_gmt":"2022-08-02T10:56:03","guid":{"rendered":"https:\/\/radioljubuski.ba\/?p=165835"},"modified":"2022-08-02T11:56:05","modified_gmt":"2022-08-02T10:56:05","slug":"cijene-ugljena-naglo-rastu-potrosnja-bi-mogla-dosegnuti-rekordne-razine","status":"publish","type":"post","link":"https:\/\/radioljubuski.ba\/index.php\/2022\/08\/02\/cijene-ugljena-naglo-rastu-potrosnja-bi-mogla-dosegnuti-rekordne-razine\/","title":{"rendered":"Cijene ugljena naglo rastu, potro\u0161nja bi mogla dosegnuti rekordne razine"},"content":{"rendered":"\n<p>Cijene ugljena naglo rastu, a o\u010dekuje se da \u0107e globalna potro\u0161nja tog &#8216;prljavog&#8217; energenta dosti\u0107i rekordne razine iz razdoblja prije gotovo 10 godina, zbog krize u globalnoj opskrbi energijom koja ne popu\u0161ta.<\/p>\n\n\n\n<p>Dok su investitori u dionice u segmentu ugljena uvelike zadovoljni zahvaljuju\u0107i njegovim visokim cijenama, ograni\u010denja emisija ugljika gurnuta su u drugi plan budu\u0107i da tr\u017ei\u0161ta i vlade nastoje poja\u010dati opskrbu tim tradicionalnim energentom u uvjetima uskih grla izazvanih ratom u Ukrajini, ka\u017eu analiti\u010dari.<\/p>\n\n\n\n<p>\u0160to je jo\u0161 gore, usporavanje investicija u nova energetska postrojenja na ugljen jo\u0161 je vi\u0161e ograni\u010dilo opskrbu ugljenom, ocijenio je vi\u0161i analiti\u010dar Shaw and Partnersa Peter O\u2019Connor za CNBC-jevu emisiju \u201cSquawk Box Asia\u201d.<\/p>\n\n\n\n<p>\u201cTko bi pomislio da bi \u2018prljavi\u2019 stari ugljen bile dionice s najboljom izvedbom u pro\u0161loj financijskoj godini. Najuspje\u0161niji je to sektor zasad i u ovoj financijskoj godini\u201d, rekao je O\u2019Connor.<\/p>\n\n\n\n<p>\u201cGledaju\u0107i godinu koja je pred nama, kroz zimu na sjevernoj polutci s cijenama plina u Europi i dostupno\u0161\u0107u opskrbe plinom, zemlje se vra\u0107aju ugljenu\u201d, dodaje.<\/p>\n\n\n\n<p>\u201cI opskrba [ugljenom] je tijesna. Za\u0161to? Zato \u0161to nitko ne gradi kapacitete i tr\u017ei\u0161ta \u0107e ostati tijesna s obzirom na vremenske prilike i covid. Tako \u0107e to tr\u017ei\u0161te ostati na vi\u0161im razinama dulje vrijeme, vjerojatno i u kalendarskoj 2023. godini\u201d, predvi\u0111a O\u2019Connor.<\/p>\n\n\n\n<p>Cijena ugljena za lo\u017eenje koji se koristi za proizvodnju elektri\u010dne energije porasla je oko 170 posto od kraja pro\u0161le godine, bilje\u017ee\u0107i nagli rast od po\u010detka rata u Ukrajini.<\/p>\n\n\n\n<p>Nasuprot tome, drugom vrstom ugljena \u2013 koksnim ugljenom, koji slu\u017ei kao sirovina u proizvodnji \u010delika, trguje se po ni\u017eim cijenama. Potaknut razli\u010ditom dinamikom, prigu\u0161eni gospodarski rast u Kini prigu\u0161uje proizvodnju \u010delika i samim time potra\u017enju za koksnim ugljenom.<\/p>\n\n\n\n<p>Me\u0111unarodna agencija za energiju (IEA) u najnovijem izvje\u0161\u0107u upozorava da \u0107e globalna potro\u0161nja ugljena u 2022. porasti za 0,7 posto i dosti\u0107i rekordnu razinu iz 2013., pod pretpostavkom da \u0107e se kinesko gospodarstvo, u skladu s o\u010dekivanjima, oporaviti u drugoj polovini godine.<\/p>\n\n\n\n<p>\u201cGlobalna potro\u0161nja odgovarala bi godi\u0161njem rekordu iz 2013. godine, a potra\u017enja za ugljenom vjerojatno \u0107e se idu\u0107e godine dodatno pove\u0107ati na novu rekordno visoku razinu\u201d, navodi se u IEA-inom a\u017euriranom izvje\u0161\u0107u o tr\u017ei\u0161tu ugljena, objavljenom pro\u0161loga tjedna.<\/p>\n\n\n\n<p>\u201cTaj nagli porast zna\u010dajno je pridonio dosad najve\u0107em godi\u0161njem pove\u0107anju globalnih emisija CO2 povezanih s energijom u apsolutnom iznosu, \u0161to ih svodi na najvi\u0161u razinu u povijesti\u201d, priop\u0107ila je IEA.<\/p>\n\n\n\n<p>Svjetska potro\u0161nja ugljena ve\u0107 se oporavila za oko 6 posto u 2021. godini kada se globalno gospodarstvo oporavilo od po\u010detnog \u0161oka pandemije covida, priop\u0107ila je IEA.<\/p>\n\n\n\n<p>Glavni razlog kontinuiranog porasta potra\u017enje za ugljenom je nesta\u0161ica plina dok Europska unija poduzima korake kako bi smanjila kori\u0161tenje ruskog plina, suzdr\u017eavaju\u0107i se od zabrane uvoza, a Rusija odgovara smanjenjem isporuka.<\/p>\n\n\n\n<p>Stoga se o\u010dekuje da \u0107e potro\u0161nja ugljena u EU porasti za 7 posto u 2022., povrh pro\u0161logodi\u0161njeg skoka od 14 posto, procjenjuje IEA.<\/p>\n\n\n\n<p>\u201cTo je potaknuto potra\u017enjom iz sektora elektri\u010dne energije u kojem se ugljen sve vi\u0161e koristi kao zamjena za plin, kojeg manjka i cijena mu naglo ska\u010de od po\u010detka ruske invazije na Ukrajinu\u201d, navodi se u izvje\u0161\u0107u.<\/p>\n\n\n\n<p>\u201cNekoliko zemalja EU-a produljuje radni vijek elektrana na ugljen predvi\u0111enih za ga\u0161enje, ponovno otvara zatvorena postrojenja ili podi\u017ee gornje granice dopu\u0161tenog rada kako bi se smanjila potro\u0161nja plina\u201d.<\/p>\n\n\n\n<p>Istodobno, bojkot ruskog ugljena dodatno pove\u0107ava pritisak na rast cijene ugljena, priop\u0107ila je agencija.<\/p>\n\n\n\n<p>\u201cNajgori strahovi Europe ostvarili su se ovog tjedna nakon \u0161to je Rusija smanjila isporuke preko plinovoda Sjeverni tok 1 na 20 posto kapaciteta. Zalihe plina mo\u017eda ne\u0107e dosegnuti dovoljno visoke razine da izdr\u017ee zimu\u201d, istaknuli su u bilje\u0161ci u petak analiti\u010dari za sirovine u ANZ Researchu Daniel Hynes i Soni Kumari.<\/p>\n\n\n\n<p>\u201cBudu\u0107i da su Europi rezervni uvozni kapaciteti ograni\u010deni, vjerojatno \u0107e se agresivno natjecati za po\u0161iljke ukapljenog prirodnog plina (LNG).\u201d<\/p>\n\n\n\n<p>Globalno tr\u017ei\u0161te plina, uklju\u010duju\u0107i azijsko-pacifi\u010dku regiju, osje\u0107a te\u0161ko\u0107e.<\/p>\n\n\n\n<p>Japanska tvrtka Nippon Steel u srijedu je potpisala sporazum s rudarskim divom Glencoreom za opskrbu termalnim ugljenom po cijeni od 375 dolara po toni, \u0161to je najvi\u0161a cijena koju je jedna japanska tvrtka platila za tu sirovinu, pi\u0161e Bloomberg.<\/p>\n\n\n\n<p>Sve u svemu, rastu\u0107i tro\u0161kovi energije i dalje pridonose globalnoj inflaciji, primoravaju\u0107i sredi\u0161nje banke da nastave sa zao\u0161travanjem monetarne politike.<\/p>\n\n\n\n<p>Izvor: <a href=\"https:\/\/pogled.ba\/svijet\/cijene-ugljena-naglo-rastu-potrosnja-bi-mogla-dosegnuti-rekordne-razine\/252184\">Pogled.ba<\/a><\/p>\n","protected":false},"excerpt":{"rendered":"<p>Cijene ugljena naglo rastu, a o\u010dekuje se da \u0107e globalna potro\u0161nja tog &#8216;prljavog&#8217; energenta dosti\u0107i rekordne razine iz razdoblja prije gotovo 10 godina, zbog krize u globalnoj opskrbi energijom koja ne popu\u0161ta. Dok su investitori u dionice u segmentu ugljena uvelike zadovoljni zahvaljuju\u0107i njegovim visokim cijenama, ograni\u010denja emisija ugljika gurnuta su u drugi plan budu\u0107i [&hellip;]<\/p>\n","protected":false},"author":2,"featured_media":165839,"comment_status":"closed","ping_status":"closed","sticky":false,"template":"","format":"standard","meta":{"h5ap_radio_sources":[],"footnotes":""},"categories":[1],"tags":[],"class_list":["post-165835","post","type-post","status-publish","format-standard","has-post-thumbnail","hentry","category-bihiregija"],"yoast_head":"<!-- This site is optimized with the Yoast SEO plugin v27.4 - https:\/\/yoast.com\/product\/yoast-seo-wordpress\/ -->\n<title>Cijene ugljena naglo rastu, potro\u0161nja bi mogla dosegnuti rekordne razine - RADIO LJUBU\u0160KI<\/title>\n<meta name=\"robots\" content=\"index, follow, max-snippet:-1, max-image-preview:large, max-video-preview:-1\" \/>\n<link rel=\"canonical\" href=\"https:\/\/radioljubuski.ba\/index.php\/2022\/08\/02\/cijene-ugljena-naglo-rastu-potrosnja-bi-mogla-dosegnuti-rekordne-razine\/\" \/>\n<meta property=\"og:locale\" content=\"hr_HR\" \/>\n<meta property=\"og:type\" content=\"article\" \/>\n<meta property=\"og:title\" content=\"Cijene ugljena naglo rastu, potro\u0161nja bi mogla dosegnuti rekordne razine - RADIO LJUBU\u0160KI\" \/>\n<meta property=\"og:description\" content=\"Cijene ugljena naglo rastu, a o\u010dekuje se da \u0107e globalna potro\u0161nja tog &#8216;prljavog&#8217; energenta dosti\u0107i rekordne razine iz razdoblja prije gotovo 10 godina, zbog krize u globalnoj opskrbi energijom koja ne popu\u0161ta. Dok su investitori u dionice u segmentu ugljena uvelike zadovoljni zahvaljuju\u0107i njegovim visokim cijenama, ograni\u010denja emisija ugljika gurnuta su u drugi plan budu\u0107i [&hellip;]\" \/>\n<meta property=\"og:url\" content=\"https:\/\/radioljubuski.ba\/index.php\/2022\/08\/02\/cijene-ugljena-naglo-rastu-potrosnja-bi-mogla-dosegnuti-rekordne-razine\/\" \/>\n<meta property=\"og:site_name\" content=\"RADIO LJUBU\u0160KI\" \/>\n<meta property=\"article:publisher\" content=\"https:\/\/www.facebook.com\/Radiio-Ljubuski-1490835324566332\" \/>\n<meta property=\"article:published_time\" content=\"2022-08-02T10:56:03+00:00\" \/>\n<meta property=\"article:modified_time\" content=\"2022-08-02T10:56:05+00:00\" \/>\n<meta property=\"og:image\" content=\"https:\/\/radioljubuski.ba\/wp-content\/uploads\/2022\/08\/8-2022-08-02-12-53-25-UGLJEN.jpg\" \/>\n\t<meta property=\"og:image:width\" content=\"1000\" \/>\n\t<meta property=\"og:image:height\" content=\"625\" \/>\n\t<meta property=\"og:image:type\" content=\"image\/jpeg\" \/>\n<meta name=\"author\" content=\"Radio Ljubu\u0161ki\" \/>\n<meta name=\"twitter:card\" content=\"summary_large_image\" \/>\n<meta name=\"twitter:creator\" content=\"@radioljubuski\" \/>\n<meta name=\"twitter:site\" content=\"@radioljubuski\" \/>\n<meta name=\"twitter:label1\" content=\"Napisao\/la\" \/>\n\t<meta name=\"twitter:data1\" content=\"Radio Ljubu\u0161ki\" \/>\n\t<meta name=\"twitter:label2\" content=\"Procijenjeno vrijeme \u010ditanja\" \/>\n\t<meta name=\"twitter:data2\" content=\"3 minute\" \/>\n<script type=\"application\/ld+json\" class=\"yoast-schema-graph\">{\"@context\":\"https:\\\/\\\/schema.org\",\"@graph\":[{\"@type\":\"Article\",\"@id\":\"https:\\\/\\\/radioljubuski.ba\\\/index.php\\\/2022\\\/08\\\/02\\\/cijene-ugljena-naglo-rastu-potrosnja-bi-mogla-dosegnuti-rekordne-razine\\\/#article\",\"isPartOf\":{\"@id\":\"https:\\\/\\\/radioljubuski.ba\\\/index.php\\\/2022\\\/08\\\/02\\\/cijene-ugljena-naglo-rastu-potrosnja-bi-mogla-dosegnuti-rekordne-razine\\\/\"},\"author\":{\"name\":\"Radio Ljubu\u0161ki\",\"@id\":\"https:\\\/\\\/radioljubuski.ba\\\/#\\\/schema\\\/person\\\/19fc700381a780f69665d7956c469e3b\"},\"headline\":\"Cijene ugljena naglo rastu, potro\u0161nja bi mogla dosegnuti rekordne razine\",\"datePublished\":\"2022-08-02T10:56:03+00:00\",\"dateModified\":\"2022-08-02T10:56:05+00:00\",\"mainEntityOfPage\":{\"@id\":\"https:\\\/\\\/radioljubuski.ba\\\/index.php\\\/2022\\\/08\\\/02\\\/cijene-ugljena-naglo-rastu-potrosnja-bi-mogla-dosegnuti-rekordne-razine\\\/\"},\"wordCount\":785,\"publisher\":{\"@id\":\"https:\\\/\\\/radioljubuski.ba\\\/#organization\"},\"image\":{\"@id\":\"https:\\\/\\\/radioljubuski.ba\\\/index.php\\\/2022\\\/08\\\/02\\\/cijene-ugljena-naglo-rastu-potrosnja-bi-mogla-dosegnuti-rekordne-razine\\\/#primaryimage\"},\"thumbnailUrl\":\"https:\\\/\\\/radioljubuski.ba\\\/wp-content\\\/uploads\\\/2022\\\/08\\\/8-2022-08-02-12-53-25-UGLJEN.jpg\",\"articleSection\":[\"BIH i regija\"],\"inLanguage\":\"hr\"},{\"@type\":\"WebPage\",\"@id\":\"https:\\\/\\\/radioljubuski.ba\\\/index.php\\\/2022\\\/08\\\/02\\\/cijene-ugljena-naglo-rastu-potrosnja-bi-mogla-dosegnuti-rekordne-razine\\\/\",\"url\":\"https:\\\/\\\/radioljubuski.ba\\\/index.php\\\/2022\\\/08\\\/02\\\/cijene-ugljena-naglo-rastu-potrosnja-bi-mogla-dosegnuti-rekordne-razine\\\/\",\"name\":\"Cijene ugljena naglo rastu, potro\u0161nja bi mogla dosegnuti rekordne razine - RADIO LJUBU\u0160KI\",\"isPartOf\":{\"@id\":\"https:\\\/\\\/radioljubuski.ba\\\/#website\"},\"primaryImageOfPage\":{\"@id\":\"https:\\\/\\\/radioljubuski.ba\\\/index.php\\\/2022\\\/08\\\/02\\\/cijene-ugljena-naglo-rastu-potrosnja-bi-mogla-dosegnuti-rekordne-razine\\\/#primaryimage\"},\"image\":{\"@id\":\"https:\\\/\\\/radioljubuski.ba\\\/index.php\\\/2022\\\/08\\\/02\\\/cijene-ugljena-naglo-rastu-potrosnja-bi-mogla-dosegnuti-rekordne-razine\\\/#primaryimage\"},\"thumbnailUrl\":\"https:\\\/\\\/radioljubuski.ba\\\/wp-content\\\/uploads\\\/2022\\\/08\\\/8-2022-08-02-12-53-25-UGLJEN.jpg\",\"datePublished\":\"2022-08-02T10:56:03+00:00\",\"dateModified\":\"2022-08-02T10:56:05+00:00\",\"breadcrumb\":{\"@id\":\"https:\\\/\\\/radioljubuski.ba\\\/index.php\\\/2022\\\/08\\\/02\\\/cijene-ugljena-naglo-rastu-potrosnja-bi-mogla-dosegnuti-rekordne-razine\\\/#breadcrumb\"},\"inLanguage\":\"hr\",\"potentialAction\":[{\"@type\":\"ReadAction\",\"target\":[\"https:\\\/\\\/radioljubuski.ba\\\/index.php\\\/2022\\\/08\\\/02\\\/cijene-ugljena-naglo-rastu-potrosnja-bi-mogla-dosegnuti-rekordne-razine\\\/\"]}]},{\"@type\":\"ImageObject\",\"inLanguage\":\"hr\",\"@id\":\"https:\\\/\\\/radioljubuski.ba\\\/index.php\\\/2022\\\/08\\\/02\\\/cijene-ugljena-naglo-rastu-potrosnja-bi-mogla-dosegnuti-rekordne-razine\\\/#primaryimage\",\"url\":\"https:\\\/\\\/radioljubuski.ba\\\/wp-content\\\/uploads\\\/2022\\\/08\\\/8-2022-08-02-12-53-25-UGLJEN.jpg\",\"contentUrl\":\"https:\\\/\\\/radioljubuski.ba\\\/wp-content\\\/uploads\\\/2022\\\/08\\\/8-2022-08-02-12-53-25-UGLJEN.jpg\",\"width\":1000,\"height\":625},{\"@type\":\"BreadcrumbList\",\"@id\":\"https:\\\/\\\/radioljubuski.ba\\\/index.php\\\/2022\\\/08\\\/02\\\/cijene-ugljena-naglo-rastu-potrosnja-bi-mogla-dosegnuti-rekordne-razine\\\/#breadcrumb\",\"itemListElement\":[{\"@type\":\"ListItem\",\"position\":1,\"name\":\"Po\u010detna stranica\",\"item\":\"https:\\\/\\\/radioljubuski.ba\\\/\"},{\"@type\":\"ListItem\",\"position\":2,\"name\":\"Cijene ugljena naglo rastu, potro\u0161nja bi mogla dosegnuti rekordne razine\"}]},{\"@type\":\"WebSite\",\"@id\":\"https:\\\/\\\/radioljubuski.ba\\\/#website\",\"url\":\"https:\\\/\\\/radioljubuski.ba\\\/\",\"name\":\"Radio Ljubu\u0161ki\",\"description\":\"Sun\u010dana frekvencija Hercegovine\",\"publisher\":{\"@id\":\"https:\\\/\\\/radioljubuski.ba\\\/#organization\"},\"potentialAction\":[{\"@type\":\"SearchAction\",\"target\":{\"@type\":\"EntryPoint\",\"urlTemplate\":\"https:\\\/\\\/radioljubuski.ba\\\/?s={search_term_string}\"},\"query-input\":{\"@type\":\"PropertyValueSpecification\",\"valueRequired\":true,\"valueName\":\"search_term_string\"}}],\"inLanguage\":\"hr\"},{\"@type\":\"Organization\",\"@id\":\"https:\\\/\\\/radioljubuski.ba\\\/#organization\",\"name\":\"Radio Ljubu\u0161ki\",\"url\":\"https:\\\/\\\/radioljubuski.ba\\\/\",\"logo\":{\"@type\":\"ImageObject\",\"inLanguage\":\"hr\",\"@id\":\"https:\\\/\\\/radioljubuski.ba\\\/#\\\/schema\\\/logo\\\/image\\\/\",\"url\":\"https:\\\/\\\/radioljubuski.ba\\\/wp-content\\\/uploads\\\/2021\\\/02\\\/cropped-Radio_Ljubuski_logo1.jpg\",\"contentUrl\":\"https:\\\/\\\/radioljubuski.ba\\\/wp-content\\\/uploads\\\/2021\\\/02\\\/cropped-Radio_Ljubuski_logo1.jpg\",\"width\":512,\"height\":512,\"caption\":\"Radio Ljubu\u0161ki\"},\"image\":{\"@id\":\"https:\\\/\\\/radioljubuski.ba\\\/#\\\/schema\\\/logo\\\/image\\\/\"},\"sameAs\":[\"https:\\\/\\\/www.facebook.com\\\/Radiio-Ljubuski-1490835324566332\",\"https:\\\/\\\/x.com\\\/radioljubuski\",\"https:\\\/\\\/hr.linkedin.com\\\/company\\\/radio-ljubuski\",\"https:\\\/\\\/www.youtube.com\\\/channel\\\/UCHYaeO_n0Db3tjNGudGpXyw\"]},{\"@type\":\"Person\",\"@id\":\"https:\\\/\\\/radioljubuski.ba\\\/#\\\/schema\\\/person\\\/19fc700381a780f69665d7956c469e3b\",\"name\":\"Radio Ljubu\u0161ki\"}]}<\/script>\n<!-- \/ Yoast SEO plugin. -->","yoast_head_json":{"title":"Cijene ugljena naglo rastu, potro\u0161nja bi mogla dosegnuti rekordne razine - RADIO LJUBU\u0160KI","robots":{"index":"index","follow":"follow","max-snippet":"max-snippet:-1","max-image-preview":"max-image-preview:large","max-video-preview":"max-video-preview:-1"},"canonical":"https:\/\/radioljubuski.ba\/index.php\/2022\/08\/02\/cijene-ugljena-naglo-rastu-potrosnja-bi-mogla-dosegnuti-rekordne-razine\/","og_locale":"hr_HR","og_type":"article","og_title":"Cijene ugljena naglo rastu, potro\u0161nja bi mogla dosegnuti rekordne razine - RADIO LJUBU\u0160KI","og_description":"Cijene ugljena naglo rastu, a o\u010dekuje se da \u0107e globalna potro\u0161nja tog &#8216;prljavog&#8217; energenta dosti\u0107i rekordne razine iz razdoblja prije gotovo 10 godina, zbog krize u globalnoj opskrbi energijom koja ne popu\u0161ta. Dok su investitori u dionice u segmentu ugljena uvelike zadovoljni zahvaljuju\u0107i njegovim visokim cijenama, ograni\u010denja emisija ugljika gurnuta su u drugi plan budu\u0107i [&hellip;]","og_url":"https:\/\/radioljubuski.ba\/index.php\/2022\/08\/02\/cijene-ugljena-naglo-rastu-potrosnja-bi-mogla-dosegnuti-rekordne-razine\/","og_site_name":"RADIO LJUBU\u0160KI","article_publisher":"https:\/\/www.facebook.com\/Radiio-Ljubuski-1490835324566332","article_published_time":"2022-08-02T10:56:03+00:00","article_modified_time":"2022-08-02T10:56:05+00:00","og_image":[{"width":1000,"height":625,"url":"https:\/\/radioljubuski.ba\/wp-content\/uploads\/2022\/08\/8-2022-08-02-12-53-25-UGLJEN.jpg","type":"image\/jpeg"}],"author":"Radio Ljubu\u0161ki","twitter_card":"summary_large_image","twitter_creator":"@radioljubuski","twitter_site":"@radioljubuski","twitter_misc":{"Napisao\/la":"Radio Ljubu\u0161ki","Procijenjeno vrijeme \u010ditanja":"3 minute"},"schema":{"@context":"https:\/\/schema.org","@graph":[{"@type":"Article","@id":"https:\/\/radioljubuski.ba\/index.php\/2022\/08\/02\/cijene-ugljena-naglo-rastu-potrosnja-bi-mogla-dosegnuti-rekordne-razine\/#article","isPartOf":{"@id":"https:\/\/radioljubuski.ba\/index.php\/2022\/08\/02\/cijene-ugljena-naglo-rastu-potrosnja-bi-mogla-dosegnuti-rekordne-razine\/"},"author":{"name":"Radio Ljubu\u0161ki","@id":"https:\/\/radioljubuski.ba\/#\/schema\/person\/19fc700381a780f69665d7956c469e3b"},"headline":"Cijene ugljena naglo rastu, potro\u0161nja bi mogla dosegnuti rekordne razine","datePublished":"2022-08-02T10:56:03+00:00","dateModified":"2022-08-02T10:56:05+00:00","mainEntityOfPage":{"@id":"https:\/\/radioljubuski.ba\/index.php\/2022\/08\/02\/cijene-ugljena-naglo-rastu-potrosnja-bi-mogla-dosegnuti-rekordne-razine\/"},"wordCount":785,"publisher":{"@id":"https:\/\/radioljubuski.ba\/#organization"},"image":{"@id":"https:\/\/radioljubuski.ba\/index.php\/2022\/08\/02\/cijene-ugljena-naglo-rastu-potrosnja-bi-mogla-dosegnuti-rekordne-razine\/#primaryimage"},"thumbnailUrl":"https:\/\/radioljubuski.ba\/wp-content\/uploads\/2022\/08\/8-2022-08-02-12-53-25-UGLJEN.jpg","articleSection":["BIH i regija"],"inLanguage":"hr"},{"@type":"WebPage","@id":"https:\/\/radioljubuski.ba\/index.php\/2022\/08\/02\/cijene-ugljena-naglo-rastu-potrosnja-bi-mogla-dosegnuti-rekordne-razine\/","url":"https:\/\/radioljubuski.ba\/index.php\/2022\/08\/02\/cijene-ugljena-naglo-rastu-potrosnja-bi-mogla-dosegnuti-rekordne-razine\/","name":"Cijene ugljena naglo rastu, potro\u0161nja bi mogla dosegnuti rekordne razine - RADIO LJUBU\u0160KI","isPartOf":{"@id":"https:\/\/radioljubuski.ba\/#website"},"primaryImageOfPage":{"@id":"https:\/\/radioljubuski.ba\/index.php\/2022\/08\/02\/cijene-ugljena-naglo-rastu-potrosnja-bi-mogla-dosegnuti-rekordne-razine\/#primaryimage"},"image":{"@id":"https:\/\/radioljubuski.ba\/index.php\/2022\/08\/02\/cijene-ugljena-naglo-rastu-potrosnja-bi-mogla-dosegnuti-rekordne-razine\/#primaryimage"},"thumbnailUrl":"https:\/\/radioljubuski.ba\/wp-content\/uploads\/2022\/08\/8-2022-08-02-12-53-25-UGLJEN.jpg","datePublished":"2022-08-02T10:56:03+00:00","dateModified":"2022-08-02T10:56:05+00:00","breadcrumb":{"@id":"https:\/\/radioljubuski.ba\/index.php\/2022\/08\/02\/cijene-ugljena-naglo-rastu-potrosnja-bi-mogla-dosegnuti-rekordne-razine\/#breadcrumb"},"inLanguage":"hr","potentialAction":[{"@type":"ReadAction","target":["https:\/\/radioljubuski.ba\/index.php\/2022\/08\/02\/cijene-ugljena-naglo-rastu-potrosnja-bi-mogla-dosegnuti-rekordne-razine\/"]}]},{"@type":"ImageObject","inLanguage":"hr","@id":"https:\/\/radioljubuski.ba\/index.php\/2022\/08\/02\/cijene-ugljena-naglo-rastu-potrosnja-bi-mogla-dosegnuti-rekordne-razine\/#primaryimage","url":"https:\/\/radioljubuski.ba\/wp-content\/uploads\/2022\/08\/8-2022-08-02-12-53-25-UGLJEN.jpg","contentUrl":"https:\/\/radioljubuski.ba\/wp-content\/uploads\/2022\/08\/8-2022-08-02-12-53-25-UGLJEN.jpg","width":1000,"height":625},{"@type":"BreadcrumbList","@id":"https:\/\/radioljubuski.ba\/index.php\/2022\/08\/02\/cijene-ugljena-naglo-rastu-potrosnja-bi-mogla-dosegnuti-rekordne-razine\/#breadcrumb","itemListElement":[{"@type":"ListItem","position":1,"name":"Po\u010detna stranica","item":"https:\/\/radioljubuski.ba\/"},{"@type":"ListItem","position":2,"name":"Cijene ugljena naglo rastu, potro\u0161nja bi mogla dosegnuti rekordne razine"}]},{"@type":"WebSite","@id":"https:\/\/radioljubuski.ba\/#website","url":"https:\/\/radioljubuski.ba\/","name":"Radio Ljubu\u0161ki","description":"Sun\u010dana frekvencija Hercegovine","publisher":{"@id":"https:\/\/radioljubuski.ba\/#organization"},"potentialAction":[{"@type":"SearchAction","target":{"@type":"EntryPoint","urlTemplate":"https:\/\/radioljubuski.ba\/?s={search_term_string}"},"query-input":{"@type":"PropertyValueSpecification","valueRequired":true,"valueName":"search_term_string"}}],"inLanguage":"hr"},{"@type":"Organization","@id":"https:\/\/radioljubuski.ba\/#organization","name":"Radio Ljubu\u0161ki","url":"https:\/\/radioljubuski.ba\/","logo":{"@type":"ImageObject","inLanguage":"hr","@id":"https:\/\/radioljubuski.ba\/#\/schema\/logo\/image\/","url":"https:\/\/radioljubuski.ba\/wp-content\/uploads\/2021\/02\/cropped-Radio_Ljubuski_logo1.jpg","contentUrl":"https:\/\/radioljubuski.ba\/wp-content\/uploads\/2021\/02\/cropped-Radio_Ljubuski_logo1.jpg","width":512,"height":512,"caption":"Radio Ljubu\u0161ki"},"image":{"@id":"https:\/\/radioljubuski.ba\/#\/schema\/logo\/image\/"},"sameAs":["https:\/\/www.facebook.com\/Radiio-Ljubuski-1490835324566332","https:\/\/x.com\/radioljubuski","https:\/\/hr.linkedin.com\/company\/radio-ljubuski","https:\/\/www.youtube.com\/channel\/UCHYaeO_n0Db3tjNGudGpXyw"]},{"@type":"Person","@id":"https:\/\/radioljubuski.ba\/#\/schema\/person\/19fc700381a780f69665d7956c469e3b","name":"Radio Ljubu\u0161ki"}]}},"_links":{"self":[{"href":"https:\/\/radioljubuski.ba\/index.php\/wp-json\/wp\/v2\/posts\/165835","targetHints":{"allow":["GET"]}}],"collection":[{"href":"https:\/\/radioljubuski.ba\/index.php\/wp-json\/wp\/v2\/posts"}],"about":[{"href":"https:\/\/radioljubuski.ba\/index.php\/wp-json\/wp\/v2\/types\/post"}],"author":[{"embeddable":true,"href":"https:\/\/radioljubuski.ba\/index.php\/wp-json\/wp\/v2\/users\/2"}],"replies":[{"embeddable":true,"href":"https:\/\/radioljubuski.ba\/index.php\/wp-json\/wp\/v2\/comments?post=165835"}],"version-history":[{"count":1,"href":"https:\/\/radioljubuski.ba\/index.php\/wp-json\/wp\/v2\/posts\/165835\/revisions"}],"predecessor-version":[{"id":165842,"href":"https:\/\/radioljubuski.ba\/index.php\/wp-json\/wp\/v2\/posts\/165835\/revisions\/165842"}],"wp:featuredmedia":[{"embeddable":true,"href":"https:\/\/radioljubuski.ba\/index.php\/wp-json\/wp\/v2\/media\/165839"}],"wp:attachment":[{"href":"https:\/\/radioljubuski.ba\/index.php\/wp-json\/wp\/v2\/media?parent=165835"}],"wp:term":[{"taxonomy":"category","embeddable":true,"href":"https:\/\/radioljubuski.ba\/index.php\/wp-json\/wp\/v2\/categories?post=165835"},{"taxonomy":"post_tag","embeddable":true,"href":"https:\/\/radioljubuski.ba\/index.php\/wp-json\/wp\/v2\/tags?post=165835"}],"curies":[{"name":"wp","href":"https:\/\/api.w.org\/{rel}","templated":true}]}}