{"id":165838,"date":"2022-08-02T11:55:53","date_gmt":"2022-08-02T10:55:53","guid":{"rendered":"https:\/\/radioljubuski.ba\/?p=165838"},"modified":"2022-08-02T11:55:55","modified_gmt":"2022-08-02T10:55:55","slug":"herceg-najbolji-proracun-hnz-a-i-po-visini-i-obujmu-ali-i-po-sadrzaju-i-kvaliteti","status":"publish","type":"post","link":"https:\/\/radioljubuski.ba\/index.php\/2022\/08\/02\/herceg-najbolji-proracun-hnz-a-i-po-visini-i-obujmu-ali-i-po-sadrzaju-i-kvaliteti\/","title":{"rendered":"Herceg: Najbolji prora\u010dun HN\u017d-a i po visini i obujmu, ali i po sadr\u017eaju i kvaliteti"},"content":{"rendered":"\n<p><strong>Predsjednik Vlade Hercegova\u010dko-neretvanske \u017eupanije Nevenko Herceg izrazio je zadovoljstvo Prijedlogom Izmjena i dopuna Prora\u010duna za ovu godinu koji danas razmatra \u017eupanijska skup\u0161tina.<\/strong><\/p>\n\n\n\n<p>-Prijedlog Izmjena i dopuna Prora\u010duna HN\u017d-a za 2022. godinu ozbiljan je i sveobuhvatan dokument kojim je ova Vlada potvrdila svoju \u0161irinu, socijalnu i svaku drugu osjetljivost, strate\u0161ku i razvojnu viziju, a prije svega odgovorno i racionalno, rekao bih, doma\u0107insko upravljanje javnim financijama.Unato\u010d svim izazovima, ali i ozbiljnim sigurnosno-gospodarsko-financijskim pa i, evo opet, pandemijskim poreme\u0107ajima i ugrozama koji se na globalnoj razini doga\u0111aju i \u010dije posljedice itekako osje\u0107amo, s navje\u0161tajem onih jo\u0161 i sna\u017enijih pa i dalekose\u017enijih, s neskrivenim ponosom isti\u010dem kako stabilnost javnih financija u Hercegova\u010dko-neretvanskoj \u017eupaniji, jednako kao i funkcioniranje svih vitalnih segmenata u na\u0161emu dru\u0161tvu, nikada nisu dovedeni u pitanje, isti\u010de Herceg u izjavi za Fenu.<\/p>\n\n\n\n<p>Vlada je, navodi on, usprkos brojnim preprekama i izazovima, uspje\u0161no odgovarala na sva isku\u0161enja, a kroz ove Izmjene i dopune Prora\u010duna vidljivo je, dodaje, da \u017eeli napraviti jo\u0161 sna\u017eniji iskorak u korist cjelokupne zajednice, svih gra\u0111ana, cijeloga dru\u0161tva.<\/p>\n\n\n\n<p>-Iskorak o kojemu govorim i koji ovaj dokument predvi\u0111a puna je potpora jedinicama lokalne samouprave, na\u0161im op\u0107inama i gradovima, kako za njihove razvojno-socijalne i infrastrukturne projekte, tako i na svim drugim poljima koje su na\u0161a izravna mjerodavnost ili ih sufinanciramo. U najkra\u0107emu, uspjeli smo zadovoljiti sve zahtjeve i tra\u017eenja svih resora, sektora i jedinica lokalne samouprave. Kroz sedam godina rada ove vlade o\u010duvali smo stabilnost, otvorili razvojnu dimenziju Prora\u010duna i, iz godine u godinu, pove\u0107avamo suficit koji usmjeravamo prema op\u0107inama i gradovima i zajedni\u010dkim institucijama, uspijevaju\u0107i kontinuirano pove\u0107avati i primanja svih prora\u010dunskih korisnika. U okolnostima u kojima \u017eivimo, ali i u usporedbi s na\u0161im okru\u017eenjem, rezultate i dosegnutu razvojnu prora\u010dunsku dimenziju HN\u017d-a, smatram na\u0161im uspjehom i opravdanim razlogom za zadovoljstvo u\u010dinjenim i postignutim, ka\u017ee premijer HN\u017d-a.<\/p>\n\n\n\n<p>Osobito je ponosan na \u010dinjenicu da je Vlada u odnosu na po\u010detne prijedloge tzv. rebalansa, napravila zna\u010dajne pomake, osobito kada su u pitanju u\u010denici osnovnih \u0161kola. Osigurav\u0161i sredstva za nabavu svih ud\u017ebenika i priru\u010dnika za sve u\u010denike javnih osnovnih \u0161kola u \u017eupaniji, dakle od 1. do 9. razreda, Vlada je u potpunosti rasteretila op\u0107ine i gradove i zna\u010dajno olak\u0161alo ovaj veliki izdatak obiteljima s djecom koja su u osnovno-obrazovnom sustavu. Precizno, 16.195 \u0161kolaraca dobit \u0107e besplatne ud\u017ebenike. Ovim izmjenama i dopunama Prora\u010duna za tu namjenu osigurano je pribli\u017eno tri milijuna KM.<\/p>\n\n\n\n<p>-\u017delim istaknuti i na\u0161u opredijeljenost da kontinuirano pobolj\u0161avamo materijalni status korisnika koji svoja prava ostvaruju temeljem Zakona o za\u0161titi obitelji s djecom \u0161to je vidljivo i iz predlo\u017eenih Izmjena i dopuna Prora\u010duna. Imaju\u0107i u vidu da se ukupna gospodarska i financijska situacija uslo\u017enjava \u0161to vodi sna\u017enim poskupljenjima, odlu\u010dili smo svim nezaposlenima koji su u evidenciji Slu\u017ebe za zapo\u0161ljavanje HN\u017d-a, njih 27.552, osigurati isplatu jednokratne nov\u010dane potpore u iznosu od 100 KM po osobi, nagla\u0161ava Herceg.<\/p>\n\n\n\n<p>Vlada je ovim dokumentom predvidjela i zna\u010dajno pove\u0107anje nov\u010danih potpora za vrijeme trudno\u0107e i poro\u0111aja \u017eene-majke koja nije u radnomu odnosu. Pove\u0107ana su i sredstva za egzistencijalnu potporu braniteljima, kao i udrugama koje skrbe o braniteljima i povratnicima. Pokazano je razumijevanje za vjerske slu\u017ebenike, te planirana sredstva za rje\u0161enje pitanja njihova zdravstvenog osiguranja.<\/p>\n\n\n\n<p>-Kontinuirano brinemo o na\u0161emu visokom obrazovanju. Tako smo i u ovim Izmjenama i dopunama Prora\u010duna, ponovo za 10-tak posto pove\u0107ali izdvajanja za obje na\u0161e visoko\u0161kolske ustanove, obadva sveu\u010dili\u0161ta u Mostaru. Pove\u0107ana su izdvajanja za kulturu, \u0161port, kulturne institucije, napose obje mostarske kazali\u0161ne ku\u0107e. Planirali smo zna\u010dajnija sredstva za rekonstrukciju i investicijsko odr\u017eavanje policijskih postaja, \u0161kolskih i \u0161portskih objekata i infrastrukture, dovr\u0161enje radova na zgradi \u017eupanijske Skup\u0161tine, kao i za proces obnove i prenamjene hotela \u201dEro\u201d u novu zgradu Vlade HN\u017d-a, dodaje Herceg.<\/p>\n\n\n\n<p>Isti\u010de i nastavak i stalno pove\u0107ane potpore u poljoprivredi, gospodarstvu i turizmu. Zna\u010dajno su pove\u0107ana namjenska sredstva za vodoprivredu gdje su ukupna prora\u010dunska izdvajanja time prema\u0161ila 8 milijuna KM, te za odr\u017eavanje cesta koje su u mjerodavnosti HN\u017d-a na kojoj su stavci izdvajanja dosegnula 14 milijuna KM.<\/p>\n\n\n\n<p>-Bitno je istaknuti kako Vlada u cijelosti ispunjava sve obveze preuzete potpisanim kolektivnim ugovorima, bilo da se radi o dr\u017eavnim slu\u017ebenicima i namje\u0161tenicima, ili o na\u0161im u\u010diteljima, nastavnicima ili profesorima, djelatnicima u pravosu\u0111u i Ministarstvu unutarnjih poslova, kao i kada su u pitanju djelatnici u zdravstvu. Vezano za potonje, pro\u0161li smo tjedan potpisali i novi kolektivni ugovor sa Sindikatom lije\u010dnika i stomatologa kojim smo na\u0161im lije\u010dnicima osigurali dostojanstvo vezano za njihova primanja i druga prava, dostojanstvo koje svakako zavrje\u0111uju, ka\u017ee \u017eupanijski premijer.<\/p>\n\n\n\n<p>Sve te aktivnosti, poglavito ova osjetna pove\u0107anja primanja u svim profesijama koje su vezane za \u017eupanijski prora\u010dun, dodaje on, poma\u017eu ostvarenje zajedni\u010dkog cilja i jasne opredijeljenosti da \u201euspje\u0161no odgovorimo krizama i, povrh svega, zaustavimo odljev mladih i visokoobrazovanih osoba\u201c.<\/p>\n\n\n\n<p>-Naime, pored mladih znanstvenika i stipendija za sve studente, 2700 stipendija na godi\u0161njoj razini, to se najbolje vidi i na pozicijama vje\u017ebenika kojima ove godine dodatno izdvajamo oko 1,5 milijun KM za prvo radno iskustvo. Uskoro raspisujemo novi javni poziv za prijem novog kruga vje\u017ebenika, \u010dime \u0107e u mandatu ovo Vlade prvo radno iskustvo ostvariti oko 1.000 mladih ljudi iz HN\u017d-a. Nismo zaboravili ni obe\u0107anje da \u0107emo, prora\u010dunskim i namjenskim sredstvima, pomo\u0107i potresom pogo\u0111ena podru\u010dja na\u0161e \u017eupanije. Za tu smo namjenu predvidjeli 400.000 KM i vidjet \u0107emo koliko \u0107e na\u0161a Uprava za civilnu za\u0161titu biti u mogu\u0107nosti izdvojiti dodatnih, namjenskih sredstava, zaklju\u010duje premijer HN\u017d-a Nevenko Herceg.<\/p>\n\n\n\n<p>Izvor: Fena\/HMS<\/p>\n","protected":false},"excerpt":{"rendered":"<p>Predsjednik Vlade Hercegova\u010dko-neretvanske \u017eupanije Nevenko Herceg izrazio je zadovoljstvo Prijedlogom Izmjena i dopuna Prora\u010duna za ovu godinu koji danas razmatra \u017eupanijska skup\u0161tina. -Prijedlog Izmjena i dopuna Prora\u010duna HN\u017d-a za 2022. godinu ozbiljan je i sveobuhvatan dokument kojim je ova Vlada potvrdila svoju \u0161irinu, socijalnu i svaku drugu osjetljivost, strate\u0161ku i razvojnu viziju, a prije svega [&hellip;]<\/p>\n","protected":false},"author":2,"featured_media":95419,"comment_status":"closed","ping_status":"closed","sticky":false,"template":"","format":"standard","meta":{"h5ap_radio_sources":[],"footnotes":""},"categories":[1],"tags":[],"class_list":["post-165838","post","type-post","status-publish","format-standard","has-post-thumbnail","hentry","category-bihiregija"],"yoast_head":"<!-- This site is optimized with the Yoast SEO plugin v27.4 - https:\/\/yoast.com\/product\/yoast-seo-wordpress\/ -->\n<title>Herceg: Najbolji prora\u010dun HN\u017d-a i po visini i obujmu, ali i po sadr\u017eaju i kvaliteti - RADIO LJUBU\u0160KI<\/title>\n<meta name=\"robots\" content=\"index, follow, max-snippet:-1, max-image-preview:large, max-video-preview:-1\" \/>\n<link rel=\"canonical\" href=\"https:\/\/radioljubuski.ba\/index.php\/2022\/08\/02\/herceg-najbolji-proracun-hnz-a-i-po-visini-i-obujmu-ali-i-po-sadrzaju-i-kvaliteti\/\" \/>\n<meta property=\"og:locale\" content=\"hr_HR\" \/>\n<meta property=\"og:type\" content=\"article\" \/>\n<meta property=\"og:title\" content=\"Herceg: Najbolji prora\u010dun HN\u017d-a i po visini i obujmu, ali i po sadr\u017eaju i kvaliteti - RADIO LJUBU\u0160KI\" \/>\n<meta property=\"og:description\" content=\"Predsjednik Vlade Hercegova\u010dko-neretvanske \u017eupanije Nevenko Herceg izrazio je zadovoljstvo Prijedlogom Izmjena i dopuna Prora\u010duna za ovu godinu koji danas razmatra \u017eupanijska skup\u0161tina. -Prijedlog Izmjena i dopuna Prora\u010duna HN\u017d-a za 2022. godinu ozbiljan je i sveobuhvatan dokument kojim je ova Vlada potvrdila svoju \u0161irinu, socijalnu i svaku drugu osjetljivost, strate\u0161ku i razvojnu viziju, a prije svega [&hellip;]\" \/>\n<meta property=\"og:url\" content=\"https:\/\/radioljubuski.ba\/index.php\/2022\/08\/02\/herceg-najbolji-proracun-hnz-a-i-po-visini-i-obujmu-ali-i-po-sadrzaju-i-kvaliteti\/\" \/>\n<meta property=\"og:site_name\" content=\"RADIO LJUBU\u0160KI\" \/>\n<meta property=\"article:publisher\" content=\"https:\/\/www.facebook.com\/Radiio-Ljubuski-1490835324566332\" \/>\n<meta property=\"article:published_time\" content=\"2022-08-02T10:55:53+00:00\" \/>\n<meta property=\"article:modified_time\" content=\"2022-08-02T10:55:55+00:00\" \/>\n<meta property=\"og:image\" content=\"https:\/\/radioljubuski.ba\/wp-content\/uploads\/2021\/12\/herceg-cestitka.jpg\" \/>\n\t<meta property=\"og:image:width\" content=\"839\" \/>\n\t<meta property=\"og:image:height\" content=\"768\" \/>\n\t<meta property=\"og:image:type\" content=\"image\/jpeg\" \/>\n<meta name=\"author\" content=\"Radio Ljubu\u0161ki\" \/>\n<meta name=\"twitter:card\" content=\"summary_large_image\" \/>\n<meta name=\"twitter:creator\" content=\"@radioljubuski\" \/>\n<meta name=\"twitter:site\" content=\"@radioljubuski\" \/>\n<meta name=\"twitter:label1\" content=\"Napisao\/la\" \/>\n\t<meta name=\"twitter:data1\" content=\"Radio Ljubu\u0161ki\" \/>\n\t<meta name=\"twitter:label2\" content=\"Procijenjeno vrijeme \u010ditanja\" \/>\n\t<meta name=\"twitter:data2\" content=\"4 minute\" \/>\n<script type=\"application\/ld+json\" class=\"yoast-schema-graph\">{\"@context\":\"https:\\\/\\\/schema.org\",\"@graph\":[{\"@type\":\"Article\",\"@id\":\"https:\\\/\\\/radioljubuski.ba\\\/index.php\\\/2022\\\/08\\\/02\\\/herceg-najbolji-proracun-hnz-a-i-po-visini-i-obujmu-ali-i-po-sadrzaju-i-kvaliteti\\\/#article\",\"isPartOf\":{\"@id\":\"https:\\\/\\\/radioljubuski.ba\\\/index.php\\\/2022\\\/08\\\/02\\\/herceg-najbolji-proracun-hnz-a-i-po-visini-i-obujmu-ali-i-po-sadrzaju-i-kvaliteti\\\/\"},\"author\":{\"name\":\"Radio Ljubu\u0161ki\",\"@id\":\"https:\\\/\\\/radioljubuski.ba\\\/#\\\/schema\\\/person\\\/19fc700381a780f69665d7956c469e3b\"},\"headline\":\"Herceg: Najbolji prora\u010dun HN\u017d-a i po visini i obujmu, ali i po sadr\u017eaju i kvaliteti\",\"datePublished\":\"2022-08-02T10:55:53+00:00\",\"dateModified\":\"2022-08-02T10:55:55+00:00\",\"mainEntityOfPage\":{\"@id\":\"https:\\\/\\\/radioljubuski.ba\\\/index.php\\\/2022\\\/08\\\/02\\\/herceg-najbolji-proracun-hnz-a-i-po-visini-i-obujmu-ali-i-po-sadrzaju-i-kvaliteti\\\/\"},\"wordCount\":1016,\"publisher\":{\"@id\":\"https:\\\/\\\/radioljubuski.ba\\\/#organization\"},\"image\":{\"@id\":\"https:\\\/\\\/radioljubuski.ba\\\/index.php\\\/2022\\\/08\\\/02\\\/herceg-najbolji-proracun-hnz-a-i-po-visini-i-obujmu-ali-i-po-sadrzaju-i-kvaliteti\\\/#primaryimage\"},\"thumbnailUrl\":\"https:\\\/\\\/radioljubuski.ba\\\/wp-content\\\/uploads\\\/2021\\\/12\\\/herceg-cestitka.jpg\",\"articleSection\":[\"BIH i regija\"],\"inLanguage\":\"hr\"},{\"@type\":\"WebPage\",\"@id\":\"https:\\\/\\\/radioljubuski.ba\\\/index.php\\\/2022\\\/08\\\/02\\\/herceg-najbolji-proracun-hnz-a-i-po-visini-i-obujmu-ali-i-po-sadrzaju-i-kvaliteti\\\/\",\"url\":\"https:\\\/\\\/radioljubuski.ba\\\/index.php\\\/2022\\\/08\\\/02\\\/herceg-najbolji-proracun-hnz-a-i-po-visini-i-obujmu-ali-i-po-sadrzaju-i-kvaliteti\\\/\",\"name\":\"Herceg: Najbolji prora\u010dun HN\u017d-a i po visini i obujmu, ali i po sadr\u017eaju i kvaliteti - RADIO LJUBU\u0160KI\",\"isPartOf\":{\"@id\":\"https:\\\/\\\/radioljubuski.ba\\\/#website\"},\"primaryImageOfPage\":{\"@id\":\"https:\\\/\\\/radioljubuski.ba\\\/index.php\\\/2022\\\/08\\\/02\\\/herceg-najbolji-proracun-hnz-a-i-po-visini-i-obujmu-ali-i-po-sadrzaju-i-kvaliteti\\\/#primaryimage\"},\"image\":{\"@id\":\"https:\\\/\\\/radioljubuski.ba\\\/index.php\\\/2022\\\/08\\\/02\\\/herceg-najbolji-proracun-hnz-a-i-po-visini-i-obujmu-ali-i-po-sadrzaju-i-kvaliteti\\\/#primaryimage\"},\"thumbnailUrl\":\"https:\\\/\\\/radioljubuski.ba\\\/wp-content\\\/uploads\\\/2021\\\/12\\\/herceg-cestitka.jpg\",\"datePublished\":\"2022-08-02T10:55:53+00:00\",\"dateModified\":\"2022-08-02T10:55:55+00:00\",\"breadcrumb\":{\"@id\":\"https:\\\/\\\/radioljubuski.ba\\\/index.php\\\/2022\\\/08\\\/02\\\/herceg-najbolji-proracun-hnz-a-i-po-visini-i-obujmu-ali-i-po-sadrzaju-i-kvaliteti\\\/#breadcrumb\"},\"inLanguage\":\"hr\",\"potentialAction\":[{\"@type\":\"ReadAction\",\"target\":[\"https:\\\/\\\/radioljubuski.ba\\\/index.php\\\/2022\\\/08\\\/02\\\/herceg-najbolji-proracun-hnz-a-i-po-visini-i-obujmu-ali-i-po-sadrzaju-i-kvaliteti\\\/\"]}]},{\"@type\":\"ImageObject\",\"inLanguage\":\"hr\",\"@id\":\"https:\\\/\\\/radioljubuski.ba\\\/index.php\\\/2022\\\/08\\\/02\\\/herceg-najbolji-proracun-hnz-a-i-po-visini-i-obujmu-ali-i-po-sadrzaju-i-kvaliteti\\\/#primaryimage\",\"url\":\"https:\\\/\\\/radioljubuski.ba\\\/wp-content\\\/uploads\\\/2021\\\/12\\\/herceg-cestitka.jpg\",\"contentUrl\":\"https:\\\/\\\/radioljubuski.ba\\\/wp-content\\\/uploads\\\/2021\\\/12\\\/herceg-cestitka.jpg\",\"width\":839,\"height\":768,\"caption\":\"Foto FENA\\\/Emanuel Soca\"},{\"@type\":\"BreadcrumbList\",\"@id\":\"https:\\\/\\\/radioljubuski.ba\\\/index.php\\\/2022\\\/08\\\/02\\\/herceg-najbolji-proracun-hnz-a-i-po-visini-i-obujmu-ali-i-po-sadrzaju-i-kvaliteti\\\/#breadcrumb\",\"itemListElement\":[{\"@type\":\"ListItem\",\"position\":1,\"name\":\"Po\u010detna stranica\",\"item\":\"https:\\\/\\\/radioljubuski.ba\\\/\"},{\"@type\":\"ListItem\",\"position\":2,\"name\":\"Herceg: Najbolji prora\u010dun HN\u017d-a i po visini i obujmu, ali i po sadr\u017eaju i kvaliteti\"}]},{\"@type\":\"WebSite\",\"@id\":\"https:\\\/\\\/radioljubuski.ba\\\/#website\",\"url\":\"https:\\\/\\\/radioljubuski.ba\\\/\",\"name\":\"Radio Ljubu\u0161ki\",\"description\":\"Sun\u010dana frekvencija Hercegovine\",\"publisher\":{\"@id\":\"https:\\\/\\\/radioljubuski.ba\\\/#organization\"},\"potentialAction\":[{\"@type\":\"SearchAction\",\"target\":{\"@type\":\"EntryPoint\",\"urlTemplate\":\"https:\\\/\\\/radioljubuski.ba\\\/?s={search_term_string}\"},\"query-input\":{\"@type\":\"PropertyValueSpecification\",\"valueRequired\":true,\"valueName\":\"search_term_string\"}}],\"inLanguage\":\"hr\"},{\"@type\":\"Organization\",\"@id\":\"https:\\\/\\\/radioljubuski.ba\\\/#organization\",\"name\":\"Radio Ljubu\u0161ki\",\"url\":\"https:\\\/\\\/radioljubuski.ba\\\/\",\"logo\":{\"@type\":\"ImageObject\",\"inLanguage\":\"hr\",\"@id\":\"https:\\\/\\\/radioljubuski.ba\\\/#\\\/schema\\\/logo\\\/image\\\/\",\"url\":\"https:\\\/\\\/radioljubuski.ba\\\/wp-content\\\/uploads\\\/2021\\\/02\\\/cropped-Radio_Ljubuski_logo1.jpg\",\"contentUrl\":\"https:\\\/\\\/radioljubuski.ba\\\/wp-content\\\/uploads\\\/2021\\\/02\\\/cropped-Radio_Ljubuski_logo1.jpg\",\"width\":512,\"height\":512,\"caption\":\"Radio Ljubu\u0161ki\"},\"image\":{\"@id\":\"https:\\\/\\\/radioljubuski.ba\\\/#\\\/schema\\\/logo\\\/image\\\/\"},\"sameAs\":[\"https:\\\/\\\/www.facebook.com\\\/Radiio-Ljubuski-1490835324566332\",\"https:\\\/\\\/x.com\\\/radioljubuski\",\"https:\\\/\\\/hr.linkedin.com\\\/company\\\/radio-ljubuski\",\"https:\\\/\\\/www.youtube.com\\\/channel\\\/UCHYaeO_n0Db3tjNGudGpXyw\"]},{\"@type\":\"Person\",\"@id\":\"https:\\\/\\\/radioljubuski.ba\\\/#\\\/schema\\\/person\\\/19fc700381a780f69665d7956c469e3b\",\"name\":\"Radio Ljubu\u0161ki\"}]}<\/script>\n<!-- \/ Yoast SEO plugin. -->","yoast_head_json":{"title":"Herceg: Najbolji prora\u010dun HN\u017d-a i po visini i obujmu, ali i po sadr\u017eaju i kvaliteti - RADIO LJUBU\u0160KI","robots":{"index":"index","follow":"follow","max-snippet":"max-snippet:-1","max-image-preview":"max-image-preview:large","max-video-preview":"max-video-preview:-1"},"canonical":"https:\/\/radioljubuski.ba\/index.php\/2022\/08\/02\/herceg-najbolji-proracun-hnz-a-i-po-visini-i-obujmu-ali-i-po-sadrzaju-i-kvaliteti\/","og_locale":"hr_HR","og_type":"article","og_title":"Herceg: Najbolji prora\u010dun HN\u017d-a i po visini i obujmu, ali i po sadr\u017eaju i kvaliteti - RADIO LJUBU\u0160KI","og_description":"Predsjednik Vlade Hercegova\u010dko-neretvanske \u017eupanije Nevenko Herceg izrazio je zadovoljstvo Prijedlogom Izmjena i dopuna Prora\u010duna za ovu godinu koji danas razmatra \u017eupanijska skup\u0161tina. -Prijedlog Izmjena i dopuna Prora\u010duna HN\u017d-a za 2022. godinu ozbiljan je i sveobuhvatan dokument kojim je ova Vlada potvrdila svoju \u0161irinu, socijalnu i svaku drugu osjetljivost, strate\u0161ku i razvojnu viziju, a prije svega [&hellip;]","og_url":"https:\/\/radioljubuski.ba\/index.php\/2022\/08\/02\/herceg-najbolji-proracun-hnz-a-i-po-visini-i-obujmu-ali-i-po-sadrzaju-i-kvaliteti\/","og_site_name":"RADIO LJUBU\u0160KI","article_publisher":"https:\/\/www.facebook.com\/Radiio-Ljubuski-1490835324566332","article_published_time":"2022-08-02T10:55:53+00:00","article_modified_time":"2022-08-02T10:55:55+00:00","og_image":[{"width":839,"height":768,"url":"https:\/\/radioljubuski.ba\/wp-content\/uploads\/2021\/12\/herceg-cestitka.jpg","type":"image\/jpeg"}],"author":"Radio Ljubu\u0161ki","twitter_card":"summary_large_image","twitter_creator":"@radioljubuski","twitter_site":"@radioljubuski","twitter_misc":{"Napisao\/la":"Radio Ljubu\u0161ki","Procijenjeno vrijeme \u010ditanja":"4 minute"},"schema":{"@context":"https:\/\/schema.org","@graph":[{"@type":"Article","@id":"https:\/\/radioljubuski.ba\/index.php\/2022\/08\/02\/herceg-najbolji-proracun-hnz-a-i-po-visini-i-obujmu-ali-i-po-sadrzaju-i-kvaliteti\/#article","isPartOf":{"@id":"https:\/\/radioljubuski.ba\/index.php\/2022\/08\/02\/herceg-najbolji-proracun-hnz-a-i-po-visini-i-obujmu-ali-i-po-sadrzaju-i-kvaliteti\/"},"author":{"name":"Radio Ljubu\u0161ki","@id":"https:\/\/radioljubuski.ba\/#\/schema\/person\/19fc700381a780f69665d7956c469e3b"},"headline":"Herceg: Najbolji prora\u010dun HN\u017d-a i po visini i obujmu, ali i po sadr\u017eaju i kvaliteti","datePublished":"2022-08-02T10:55:53+00:00","dateModified":"2022-08-02T10:55:55+00:00","mainEntityOfPage":{"@id":"https:\/\/radioljubuski.ba\/index.php\/2022\/08\/02\/herceg-najbolji-proracun-hnz-a-i-po-visini-i-obujmu-ali-i-po-sadrzaju-i-kvaliteti\/"},"wordCount":1016,"publisher":{"@id":"https:\/\/radioljubuski.ba\/#organization"},"image":{"@id":"https:\/\/radioljubuski.ba\/index.php\/2022\/08\/02\/herceg-najbolji-proracun-hnz-a-i-po-visini-i-obujmu-ali-i-po-sadrzaju-i-kvaliteti\/#primaryimage"},"thumbnailUrl":"https:\/\/radioljubuski.ba\/wp-content\/uploads\/2021\/12\/herceg-cestitka.jpg","articleSection":["BIH i regija"],"inLanguage":"hr"},{"@type":"WebPage","@id":"https:\/\/radioljubuski.ba\/index.php\/2022\/08\/02\/herceg-najbolji-proracun-hnz-a-i-po-visini-i-obujmu-ali-i-po-sadrzaju-i-kvaliteti\/","url":"https:\/\/radioljubuski.ba\/index.php\/2022\/08\/02\/herceg-najbolji-proracun-hnz-a-i-po-visini-i-obujmu-ali-i-po-sadrzaju-i-kvaliteti\/","name":"Herceg: Najbolji prora\u010dun HN\u017d-a i po visini i obujmu, ali i po sadr\u017eaju i kvaliteti - RADIO LJUBU\u0160KI","isPartOf":{"@id":"https:\/\/radioljubuski.ba\/#website"},"primaryImageOfPage":{"@id":"https:\/\/radioljubuski.ba\/index.php\/2022\/08\/02\/herceg-najbolji-proracun-hnz-a-i-po-visini-i-obujmu-ali-i-po-sadrzaju-i-kvaliteti\/#primaryimage"},"image":{"@id":"https:\/\/radioljubuski.ba\/index.php\/2022\/08\/02\/herceg-najbolji-proracun-hnz-a-i-po-visini-i-obujmu-ali-i-po-sadrzaju-i-kvaliteti\/#primaryimage"},"thumbnailUrl":"https:\/\/radioljubuski.ba\/wp-content\/uploads\/2021\/12\/herceg-cestitka.jpg","datePublished":"2022-08-02T10:55:53+00:00","dateModified":"2022-08-02T10:55:55+00:00","breadcrumb":{"@id":"https:\/\/radioljubuski.ba\/index.php\/2022\/08\/02\/herceg-najbolji-proracun-hnz-a-i-po-visini-i-obujmu-ali-i-po-sadrzaju-i-kvaliteti\/#breadcrumb"},"inLanguage":"hr","potentialAction":[{"@type":"ReadAction","target":["https:\/\/radioljubuski.ba\/index.php\/2022\/08\/02\/herceg-najbolji-proracun-hnz-a-i-po-visini-i-obujmu-ali-i-po-sadrzaju-i-kvaliteti\/"]}]},{"@type":"ImageObject","inLanguage":"hr","@id":"https:\/\/radioljubuski.ba\/index.php\/2022\/08\/02\/herceg-najbolji-proracun-hnz-a-i-po-visini-i-obujmu-ali-i-po-sadrzaju-i-kvaliteti\/#primaryimage","url":"https:\/\/radioljubuski.ba\/wp-content\/uploads\/2021\/12\/herceg-cestitka.jpg","contentUrl":"https:\/\/radioljubuski.ba\/wp-content\/uploads\/2021\/12\/herceg-cestitka.jpg","width":839,"height":768,"caption":"Foto FENA\/Emanuel Soca"},{"@type":"BreadcrumbList","@id":"https:\/\/radioljubuski.ba\/index.php\/2022\/08\/02\/herceg-najbolji-proracun-hnz-a-i-po-visini-i-obujmu-ali-i-po-sadrzaju-i-kvaliteti\/#breadcrumb","itemListElement":[{"@type":"ListItem","position":1,"name":"Po\u010detna stranica","item":"https:\/\/radioljubuski.ba\/"},{"@type":"ListItem","position":2,"name":"Herceg: Najbolji prora\u010dun HN\u017d-a i po visini i obujmu, ali i po sadr\u017eaju i kvaliteti"}]},{"@type":"WebSite","@id":"https:\/\/radioljubuski.ba\/#website","url":"https:\/\/radioljubuski.ba\/","name":"Radio Ljubu\u0161ki","description":"Sun\u010dana frekvencija Hercegovine","publisher":{"@id":"https:\/\/radioljubuski.ba\/#organization"},"potentialAction":[{"@type":"SearchAction","target":{"@type":"EntryPoint","urlTemplate":"https:\/\/radioljubuski.ba\/?s={search_term_string}"},"query-input":{"@type":"PropertyValueSpecification","valueRequired":true,"valueName":"search_term_string"}}],"inLanguage":"hr"},{"@type":"Organization","@id":"https:\/\/radioljubuski.ba\/#organization","name":"Radio Ljubu\u0161ki","url":"https:\/\/radioljubuski.ba\/","logo":{"@type":"ImageObject","inLanguage":"hr","@id":"https:\/\/radioljubuski.ba\/#\/schema\/logo\/image\/","url":"https:\/\/radioljubuski.ba\/wp-content\/uploads\/2021\/02\/cropped-Radio_Ljubuski_logo1.jpg","contentUrl":"https:\/\/radioljubuski.ba\/wp-content\/uploads\/2021\/02\/cropped-Radio_Ljubuski_logo1.jpg","width":512,"height":512,"caption":"Radio Ljubu\u0161ki"},"image":{"@id":"https:\/\/radioljubuski.ba\/#\/schema\/logo\/image\/"},"sameAs":["https:\/\/www.facebook.com\/Radiio-Ljubuski-1490835324566332","https:\/\/x.com\/radioljubuski","https:\/\/hr.linkedin.com\/company\/radio-ljubuski","https:\/\/www.youtube.com\/channel\/UCHYaeO_n0Db3tjNGudGpXyw"]},{"@type":"Person","@id":"https:\/\/radioljubuski.ba\/#\/schema\/person\/19fc700381a780f69665d7956c469e3b","name":"Radio Ljubu\u0161ki"}]}},"_links":{"self":[{"href":"https:\/\/radioljubuski.ba\/index.php\/wp-json\/wp\/v2\/posts\/165838","targetHints":{"allow":["GET"]}}],"collection":[{"href":"https:\/\/radioljubuski.ba\/index.php\/wp-json\/wp\/v2\/posts"}],"about":[{"href":"https:\/\/radioljubuski.ba\/index.php\/wp-json\/wp\/v2\/types\/post"}],"author":[{"embeddable":true,"href":"https:\/\/radioljubuski.ba\/index.php\/wp-json\/wp\/v2\/users\/2"}],"replies":[{"embeddable":true,"href":"https:\/\/radioljubuski.ba\/index.php\/wp-json\/wp\/v2\/comments?post=165838"}],"version-history":[{"count":1,"href":"https:\/\/radioljubuski.ba\/index.php\/wp-json\/wp\/v2\/posts\/165838\/revisions"}],"predecessor-version":[{"id":165840,"href":"https:\/\/radioljubuski.ba\/index.php\/wp-json\/wp\/v2\/posts\/165838\/revisions\/165840"}],"wp:featuredmedia":[{"embeddable":true,"href":"https:\/\/radioljubuski.ba\/index.php\/wp-json\/wp\/v2\/media\/95419"}],"wp:attachment":[{"href":"https:\/\/radioljubuski.ba\/index.php\/wp-json\/wp\/v2\/media?parent=165838"}],"wp:term":[{"taxonomy":"category","embeddable":true,"href":"https:\/\/radioljubuski.ba\/index.php\/wp-json\/wp\/v2\/categories?post=165838"},{"taxonomy":"post_tag","embeddable":true,"href":"https:\/\/radioljubuski.ba\/index.php\/wp-json\/wp\/v2\/tags?post=165838"}],"curies":[{"name":"wp","href":"https:\/\/api.w.org\/{rel}","templated":true}]}}