{"id":165841,"date":"2022-08-02T11:56:37","date_gmt":"2022-08-02T10:56:37","guid":{"rendered":"https:\/\/radioljubuski.ba\/?p=165841"},"modified":"2022-08-02T11:56:38","modified_gmt":"2022-08-02T10:56:38","slug":"kako-pred-sudom-bih-i-ustavnim-sudom-osporiti-izbor-komsica-za-hrvatskog-clana-predsjednistva-bih","status":"publish","type":"post","link":"https:\/\/radioljubuski.ba\/index.php\/2022\/08\/02\/kako-pred-sudom-bih-i-ustavnim-sudom-osporiti-izbor-komsica-za-hrvatskog-clana-predsjednistva-bih\/","title":{"rendered":"Kako pred Sudom BiH i Ustavnim sudom osporiti izbor Kom\u0161i\u0107a za hrvatskog \u010dlana Predsjedni\u0161tva BiH?"},"content":{"rendered":"\n<p><strong>Vrhovni sud Kosova 14. o\u017eujka pro\u0161le godine Adrijani Hod\u017ei\u0107, koja se na izborima za Parlament Kosova kandidirala kao predstavnica bo\u0161nja\u010dke nacionalne manjine poni\u0161tio je 4.502 glasa\u010dkih listi\u0107a od ukupno osvojenih 6.422, jer je Sud utvrdio kako je ve\u0107inu glasova Hod\u017ei\u0107 dobila od bira\u010da, gra\u0111ana srpske nacionalnosti, te kao takva ne mo\u017ee predstavljati bo\u0161nja\u010dku nacionalnu manjinu na Kosovu. Hod\u017ei\u0107 zbog toga nije izabarana u Skup\u0161tinu Kosova.<\/strong><\/p>\n\n\n\n<p><strong>Pi\u0161e: Milan \u0160utalo, Hrvatski Medijski Servis<\/strong><\/p>\n\n\n\n<p>Ovaj slu\u010daj treba koristiti da se najprije pred Sudom BiH, u prvom i drugom stupnju, a potom i pred Ustavnim sudom BiH, pa u kona\u010dnici, ako bude potrebno i pred Sudom za ljudska prava u Strasbourgu, ospori, odnosno poni\u0161ti izborni rezultat \u017deljka Kom\u0161i\u0107a, kandidata na izborima 2. listopada ove godine, za hrvatskog \u010dlana Predsjedni\u0161tva BiH u svim onim op\u0107inama gdje je broj glasova koji Kom\u0161i\u0107 osvoji ve\u0107i od broja gra\u0111ana hrvatske nacionalnosti u toj op\u0107ini, prema popisu stanovni\u0161tva iz 2013. godine.<\/p>\n\n\n\n<p>Podsjetimo na izborima 2018., kao i onim 2006. i 2010. \u017deljko Kom\u0161i\u0107 glasovima bo\u0161nja\u010dkih bira\u010da, \u0161to je lako dokazivo, izabran je za hrvatskog \u010dlana Predsjedni\u0161tva BiH, \u0161to je u suprotnosti s presudom Ustavnog suda BiH u predmetu Ljubi\u0107 koja nala\u017ee izbor legitimnih predstavnika konstitutivnih naroda u Dom naroda Parlamenta FBiH \u201ci na druge administrativno-politi\u010dke razine\u201d, koje su po Ustavu namjenjene za predstavljanje konstitutivnih naroda, a to zna\u010di i Predsjedni\u0161tvo BiH.<\/p>\n\n\n\n<p>Ustavni sud BiH u obrazlo\u017eenju presude u predmetu Bo\u017eo Ljubi\u0107 navodi:<\/p>\n\n\n\n<p>Ustavni sud BiH podsje\u0107a da se prema op\u0107em na\u010delu demokracije pravo na demokratsko odlu\u010divanje ostvaruje legitimnim politi\u010dkim predstavljanjem koje mora biti utemeljeno na demokratskom izboru onih koje predstavlja i \u010dije interese zastupa. U tom smislu veza izme\u0111u onih koje predstavlja i njihovih politi\u010dkih predstavnika na svim administrativno-politi\u010dkim razinama je ta koja omogu\u0107ava legitimitet predstavnicima zajednice. Dakle, samo legitimitet predstavljanja stvara temelj za stvarno sudjelovanje i odlu\u010divanje. Suprotno od navedenog, neadekvatno politi\u010dko predstavljanje onih koje predstavlja i \u010dije interese zastupa dovodi do povrede na\u010dela konstitutivnosti, odnosno jednakopravnosti bilo kojeg od konstitutivnih naroda, a time i povrede Ustava Bosne i Hercegovine, konkretno \u010dlanka I\/2. Ustava Bosne i Hercegovine.<\/p>\n\n\n\n<p>Iz ovoga je bjelodano jasno kako bi ponovni izbor \u017deljka Kom\u0161i\u0107a, bo\u0161nja\u010dkim glasovima, za hrvatskog \u010dlana Predsjedni\u0161tva BiH bio u suprotnosti s Ustavom BiH, odnosno da parafraziramo presudu Ustavnog suda BiH u predmetu Ljubi\u0107a kako bi to zna\u010dilo \u201cpovredu na\u010dela konstitutivnosti, odnosno jednakopravnosti hrvatskog konstitutivnog naroda, a time i povredu Ustava Bosne i Hercegovine, konkretno \u010dlanka I\/2. Ustava Bosne i Hercegovine, jer nije izabran od onih koje po Ustavu treba predstavljati..<\/p>\n\n\n\n<p>Podsjetimo, \u010dlanak 5, stavak 2, to\u010dka C i D jasno govore o tome da se u Predsjedni\u0161tvo BiH ne bira Hrvat, po nacionalnosti, ve\u0107 predstavnik Hrvata. Dokaz tome je \u0161to veto hrvatskog \u010dlana na odluke Predsjedni\u0161tva BiH potvr\u0111uje hrvatski klub Doma naroda Parlamenta FBiH, koji po presudi Ustavnog suda BiH u predmetu \u201cLjubi\u0107\u201d predstavlja hrvatski konstitutivni narod. Dakle, u \u010dlanku 5, stavak 2 Ustavu BiH precizno stoji:<\/p>\n\n\n\n<p>c) Predsjedni\u0161tvo \u0107e nastojati usvojiti sve odluke Predsjedni\u0161tva \u2013 tj. one koje se ti\u010du pitanja koja proizilaze iz \u010dlana V (3), to\u010dke (a) do (e) \u2013 putem konsenzusa. Takve odluke mogu, pod uvjetom iz to\u010dke (d) ovog stava, usvojiti dva \u010dlana ukoliko svi poku\u0161aji da se dostigne konsenzus ne uspiju.<\/p>\n\n\n\n<p>d) \u010clan Predsjedni\u0161tva koji se ne sla\u017ee s odlukom, mo\u017ee odluku Predsjedni\u0161tva proglasiti destruktivnom po vitalni interes entiteta za teritoriju s koje je izabran, pod uvjetom da to u\u010dini u roku od tri dana po njenom usvajanju. Takva odluka \u0107e biti odmah upu\u0107ena Narodnoj skup\u0161tini Republike Srpske, ukoliko je tu izjavu dao \u010dlan s te teritorije; bo\u0161nja\u010dkim delegatima u Domu naroda Federacije, ukoliko je takvu izjavu dao bo\u0161nja\u010dki \u010dlan; ili hrvatskim delegatima u istom tijelu, ukoliko je tu izjavu dao hrvatski \u010dlan. Ukoliko takav proglas bude potvr\u0111en dvotre\u0107inskom ve\u0107inom glasova u roku od 10 dana po upu\u0107ivanju, osporavana odluka Predsjedni\u0161tva ne\u0107e imati u\u010dinka.<\/p>\n\n\n\n<p>Da zaklju\u010dimo umjesto nadmetanja u tome tko \u0107e bolje opisati ciljeve velikobo\u0161nja\u010dke politike, koji su svima ve\u0107 odavno jasni, i tko \u0107e o\u0161trije osuditi takvu politiku, hrvatski politi\u010dki predstavnici trebali bi ve\u0107 sada formirati ekspertni pravni tim koji \u0107e koriste\u0107i pravne lijekove, sprije\u010diti da Hrvati i po \u010detvrti put budu majorizirani u izboru hrvatskog \u010dlana Predsjedni\u0161tva, \u0161tite\u0107i na taj na\u010din ne samo ustavna prava hrvatskog naroda u BiH, ve\u0107 i Ustav BiH, koji je dio Me\u0111unarodnog mirovnog sporazuma, a time i mir u BiH.<\/p>\n\n\n\n<p>Izvor: <strong>HMS<\/strong><\/p>\n","protected":false},"excerpt":{"rendered":"<p>Vrhovni sud Kosova 14. o\u017eujka pro\u0161le godine Adrijani Hod\u017ei\u0107, koja se na izborima za Parlament Kosova kandidirala kao predstavnica bo\u0161nja\u010dke nacionalne manjine poni\u0161tio je 4.502 glasa\u010dkih listi\u0107a od ukupno osvojenih 6.422, jer je Sud utvrdio kako je ve\u0107inu glasova Hod\u017ei\u0107 dobila od bira\u010da, gra\u0111ana srpske nacionalnosti, te kao takva ne mo\u017ee predstavljati bo\u0161nja\u010dku nacionalnu manjinu [&hellip;]<\/p>\n","protected":false},"author":2,"featured_media":0,"comment_status":"closed","ping_status":"closed","sticky":false,"template":"","format":"standard","meta":{"h5ap_radio_sources":[],"footnotes":""},"categories":[1],"tags":[],"class_list":["post-165841","post","type-post","status-publish","format-standard","hentry","category-bihiregija"],"yoast_head":"<!-- This site is optimized with the Yoast SEO plugin v27.4 - https:\/\/yoast.com\/product\/yoast-seo-wordpress\/ -->\n<title>Kako pred Sudom BiH i Ustavnim sudom osporiti izbor Kom\u0161i\u0107a za hrvatskog \u010dlana Predsjedni\u0161tva BiH? - RADIO LJUBU\u0160KI<\/title>\n<meta name=\"robots\" content=\"index, follow, max-snippet:-1, max-image-preview:large, max-video-preview:-1\" \/>\n<link rel=\"canonical\" href=\"https:\/\/radioljubuski.ba\/index.php\/2022\/08\/02\/kako-pred-sudom-bih-i-ustavnim-sudom-osporiti-izbor-komsica-za-hrvatskog-clana-predsjednistva-bih\/\" \/>\n<meta property=\"og:locale\" content=\"hr_HR\" \/>\n<meta property=\"og:type\" content=\"article\" \/>\n<meta property=\"og:title\" content=\"Kako pred Sudom BiH i Ustavnim sudom osporiti izbor Kom\u0161i\u0107a za hrvatskog \u010dlana Predsjedni\u0161tva BiH? - RADIO LJUBU\u0160KI\" \/>\n<meta property=\"og:description\" content=\"Vrhovni sud Kosova 14. o\u017eujka pro\u0161le godine Adrijani Hod\u017ei\u0107, koja se na izborima za Parlament Kosova kandidirala kao predstavnica bo\u0161nja\u010dke nacionalne manjine poni\u0161tio je 4.502 glasa\u010dkih listi\u0107a od ukupno osvojenih 6.422, jer je Sud utvrdio kako je ve\u0107inu glasova Hod\u017ei\u0107 dobila od bira\u010da, gra\u0111ana srpske nacionalnosti, te kao takva ne mo\u017ee predstavljati bo\u0161nja\u010dku nacionalnu manjinu [&hellip;]\" \/>\n<meta property=\"og:url\" content=\"https:\/\/radioljubuski.ba\/index.php\/2022\/08\/02\/kako-pred-sudom-bih-i-ustavnim-sudom-osporiti-izbor-komsica-za-hrvatskog-clana-predsjednistva-bih\/\" \/>\n<meta property=\"og:site_name\" content=\"RADIO LJUBU\u0160KI\" \/>\n<meta property=\"article:publisher\" content=\"https:\/\/www.facebook.com\/Radiio-Ljubuski-1490835324566332\" \/>\n<meta property=\"article:published_time\" content=\"2022-08-02T10:56:37+00:00\" \/>\n<meta property=\"article:modified_time\" content=\"2022-08-02T10:56:38+00:00\" \/>\n<meta property=\"og:image\" content=\"https:\/\/radioljubuski.ba\/wp-content\/uploads\/2021\/10\/komsicobraz.jpg\" \/>\n\t<meta property=\"og:image:width\" content=\"1262\" \/>\n\t<meta property=\"og:image:height\" content=\"832\" \/>\n\t<meta property=\"og:image:type\" content=\"image\/jpeg\" \/>\n<meta name=\"author\" content=\"Radio Ljubu\u0161ki\" \/>\n<meta name=\"twitter:card\" content=\"summary_large_image\" \/>\n<meta name=\"twitter:creator\" content=\"@radioljubuski\" \/>\n<meta name=\"twitter:site\" content=\"@radioljubuski\" \/>\n<meta name=\"twitter:label1\" content=\"Napisao\/la\" \/>\n\t<meta name=\"twitter:data1\" content=\"Radio Ljubu\u0161ki\" \/>\n\t<meta name=\"twitter:label2\" content=\"Procijenjeno vrijeme \u010ditanja\" \/>\n\t<meta name=\"twitter:data2\" content=\"4 minute\" \/>\n<script type=\"application\/ld+json\" class=\"yoast-schema-graph\">{\"@context\":\"https:\\\/\\\/schema.org\",\"@graph\":[{\"@type\":\"Article\",\"@id\":\"https:\\\/\\\/radioljubuski.ba\\\/index.php\\\/2022\\\/08\\\/02\\\/kako-pred-sudom-bih-i-ustavnim-sudom-osporiti-izbor-komsica-za-hrvatskog-clana-predsjednistva-bih\\\/#article\",\"isPartOf\":{\"@id\":\"https:\\\/\\\/radioljubuski.ba\\\/index.php\\\/2022\\\/08\\\/02\\\/kako-pred-sudom-bih-i-ustavnim-sudom-osporiti-izbor-komsica-za-hrvatskog-clana-predsjednistva-bih\\\/\"},\"author\":{\"name\":\"Radio Ljubu\u0161ki\",\"@id\":\"https:\\\/\\\/radioljubuski.ba\\\/#\\\/schema\\\/person\\\/19fc700381a780f69665d7956c469e3b\"},\"headline\":\"Kako pred Sudom BiH i Ustavnim sudom osporiti izbor Kom\u0161i\u0107a za hrvatskog \u010dlana Predsjedni\u0161tva BiH?\",\"datePublished\":\"2022-08-02T10:56:37+00:00\",\"dateModified\":\"2022-08-02T10:56:38+00:00\",\"mainEntityOfPage\":{\"@id\":\"https:\\\/\\\/radioljubuski.ba\\\/index.php\\\/2022\\\/08\\\/02\\\/kako-pred-sudom-bih-i-ustavnim-sudom-osporiti-izbor-komsica-za-hrvatskog-clana-predsjednistva-bih\\\/\"},\"wordCount\":818,\"publisher\":{\"@id\":\"https:\\\/\\\/radioljubuski.ba\\\/#organization\"},\"articleSection\":[\"BIH i regija\"],\"inLanguage\":\"hr\"},{\"@type\":\"WebPage\",\"@id\":\"https:\\\/\\\/radioljubuski.ba\\\/index.php\\\/2022\\\/08\\\/02\\\/kako-pred-sudom-bih-i-ustavnim-sudom-osporiti-izbor-komsica-za-hrvatskog-clana-predsjednistva-bih\\\/\",\"url\":\"https:\\\/\\\/radioljubuski.ba\\\/index.php\\\/2022\\\/08\\\/02\\\/kako-pred-sudom-bih-i-ustavnim-sudom-osporiti-izbor-komsica-za-hrvatskog-clana-predsjednistva-bih\\\/\",\"name\":\"Kako pred Sudom BiH i Ustavnim sudom osporiti izbor Kom\u0161i\u0107a za hrvatskog \u010dlana Predsjedni\u0161tva BiH? - RADIO LJUBU\u0160KI\",\"isPartOf\":{\"@id\":\"https:\\\/\\\/radioljubuski.ba\\\/#website\"},\"datePublished\":\"2022-08-02T10:56:37+00:00\",\"dateModified\":\"2022-08-02T10:56:38+00:00\",\"breadcrumb\":{\"@id\":\"https:\\\/\\\/radioljubuski.ba\\\/index.php\\\/2022\\\/08\\\/02\\\/kako-pred-sudom-bih-i-ustavnim-sudom-osporiti-izbor-komsica-za-hrvatskog-clana-predsjednistva-bih\\\/#breadcrumb\"},\"inLanguage\":\"hr\",\"potentialAction\":[{\"@type\":\"ReadAction\",\"target\":[\"https:\\\/\\\/radioljubuski.ba\\\/index.php\\\/2022\\\/08\\\/02\\\/kako-pred-sudom-bih-i-ustavnim-sudom-osporiti-izbor-komsica-za-hrvatskog-clana-predsjednistva-bih\\\/\"]}]},{\"@type\":\"BreadcrumbList\",\"@id\":\"https:\\\/\\\/radioljubuski.ba\\\/index.php\\\/2022\\\/08\\\/02\\\/kako-pred-sudom-bih-i-ustavnim-sudom-osporiti-izbor-komsica-za-hrvatskog-clana-predsjednistva-bih\\\/#breadcrumb\",\"itemListElement\":[{\"@type\":\"ListItem\",\"position\":1,\"name\":\"Po\u010detna stranica\",\"item\":\"https:\\\/\\\/radioljubuski.ba\\\/\"},{\"@type\":\"ListItem\",\"position\":2,\"name\":\"Kako pred Sudom BiH i Ustavnim sudom osporiti izbor Kom\u0161i\u0107a za hrvatskog \u010dlana Predsjedni\u0161tva BiH?\"}]},{\"@type\":\"WebSite\",\"@id\":\"https:\\\/\\\/radioljubuski.ba\\\/#website\",\"url\":\"https:\\\/\\\/radioljubuski.ba\\\/\",\"name\":\"Radio Ljubu\u0161ki\",\"description\":\"Sun\u010dana frekvencija Hercegovine\",\"publisher\":{\"@id\":\"https:\\\/\\\/radioljubuski.ba\\\/#organization\"},\"potentialAction\":[{\"@type\":\"SearchAction\",\"target\":{\"@type\":\"EntryPoint\",\"urlTemplate\":\"https:\\\/\\\/radioljubuski.ba\\\/?s={search_term_string}\"},\"query-input\":{\"@type\":\"PropertyValueSpecification\",\"valueRequired\":true,\"valueName\":\"search_term_string\"}}],\"inLanguage\":\"hr\"},{\"@type\":\"Organization\",\"@id\":\"https:\\\/\\\/radioljubuski.ba\\\/#organization\",\"name\":\"Radio Ljubu\u0161ki\",\"url\":\"https:\\\/\\\/radioljubuski.ba\\\/\",\"logo\":{\"@type\":\"ImageObject\",\"inLanguage\":\"hr\",\"@id\":\"https:\\\/\\\/radioljubuski.ba\\\/#\\\/schema\\\/logo\\\/image\\\/\",\"url\":\"https:\\\/\\\/radioljubuski.ba\\\/wp-content\\\/uploads\\\/2021\\\/02\\\/cropped-Radio_Ljubuski_logo1.jpg\",\"contentUrl\":\"https:\\\/\\\/radioljubuski.ba\\\/wp-content\\\/uploads\\\/2021\\\/02\\\/cropped-Radio_Ljubuski_logo1.jpg\",\"width\":512,\"height\":512,\"caption\":\"Radio Ljubu\u0161ki\"},\"image\":{\"@id\":\"https:\\\/\\\/radioljubuski.ba\\\/#\\\/schema\\\/logo\\\/image\\\/\"},\"sameAs\":[\"https:\\\/\\\/www.facebook.com\\\/Radiio-Ljubuski-1490835324566332\",\"https:\\\/\\\/x.com\\\/radioljubuski\",\"https:\\\/\\\/hr.linkedin.com\\\/company\\\/radio-ljubuski\",\"https:\\\/\\\/www.youtube.com\\\/channel\\\/UCHYaeO_n0Db3tjNGudGpXyw\"]},{\"@type\":\"Person\",\"@id\":\"https:\\\/\\\/radioljubuski.ba\\\/#\\\/schema\\\/person\\\/19fc700381a780f69665d7956c469e3b\",\"name\":\"Radio Ljubu\u0161ki\"}]}<\/script>\n<!-- \/ Yoast SEO plugin. -->","yoast_head_json":{"title":"Kako pred Sudom BiH i Ustavnim sudom osporiti izbor Kom\u0161i\u0107a za hrvatskog \u010dlana Predsjedni\u0161tva BiH? - RADIO LJUBU\u0160KI","robots":{"index":"index","follow":"follow","max-snippet":"max-snippet:-1","max-image-preview":"max-image-preview:large","max-video-preview":"max-video-preview:-1"},"canonical":"https:\/\/radioljubuski.ba\/index.php\/2022\/08\/02\/kako-pred-sudom-bih-i-ustavnim-sudom-osporiti-izbor-komsica-za-hrvatskog-clana-predsjednistva-bih\/","og_locale":"hr_HR","og_type":"article","og_title":"Kako pred Sudom BiH i Ustavnim sudom osporiti izbor Kom\u0161i\u0107a za hrvatskog \u010dlana Predsjedni\u0161tva BiH? - RADIO LJUBU\u0160KI","og_description":"Vrhovni sud Kosova 14. o\u017eujka pro\u0161le godine Adrijani Hod\u017ei\u0107, koja se na izborima za Parlament Kosova kandidirala kao predstavnica bo\u0161nja\u010dke nacionalne manjine poni\u0161tio je 4.502 glasa\u010dkih listi\u0107a od ukupno osvojenih 6.422, jer je Sud utvrdio kako je ve\u0107inu glasova Hod\u017ei\u0107 dobila od bira\u010da, gra\u0111ana srpske nacionalnosti, te kao takva ne mo\u017ee predstavljati bo\u0161nja\u010dku nacionalnu manjinu [&hellip;]","og_url":"https:\/\/radioljubuski.ba\/index.php\/2022\/08\/02\/kako-pred-sudom-bih-i-ustavnim-sudom-osporiti-izbor-komsica-za-hrvatskog-clana-predsjednistva-bih\/","og_site_name":"RADIO LJUBU\u0160KI","article_publisher":"https:\/\/www.facebook.com\/Radiio-Ljubuski-1490835324566332","article_published_time":"2022-08-02T10:56:37+00:00","article_modified_time":"2022-08-02T10:56:38+00:00","og_image":[{"width":1262,"height":832,"url":"https:\/\/radioljubuski.ba\/wp-content\/uploads\/2021\/10\/komsicobraz.jpg","type":"image\/jpeg"}],"author":"Radio Ljubu\u0161ki","twitter_card":"summary_large_image","twitter_creator":"@radioljubuski","twitter_site":"@radioljubuski","twitter_misc":{"Napisao\/la":"Radio Ljubu\u0161ki","Procijenjeno vrijeme \u010ditanja":"4 minute"},"schema":{"@context":"https:\/\/schema.org","@graph":[{"@type":"Article","@id":"https:\/\/radioljubuski.ba\/index.php\/2022\/08\/02\/kako-pred-sudom-bih-i-ustavnim-sudom-osporiti-izbor-komsica-za-hrvatskog-clana-predsjednistva-bih\/#article","isPartOf":{"@id":"https:\/\/radioljubuski.ba\/index.php\/2022\/08\/02\/kako-pred-sudom-bih-i-ustavnim-sudom-osporiti-izbor-komsica-za-hrvatskog-clana-predsjednistva-bih\/"},"author":{"name":"Radio Ljubu\u0161ki","@id":"https:\/\/radioljubuski.ba\/#\/schema\/person\/19fc700381a780f69665d7956c469e3b"},"headline":"Kako pred Sudom BiH i Ustavnim sudom osporiti izbor Kom\u0161i\u0107a za hrvatskog \u010dlana Predsjedni\u0161tva BiH?","datePublished":"2022-08-02T10:56:37+00:00","dateModified":"2022-08-02T10:56:38+00:00","mainEntityOfPage":{"@id":"https:\/\/radioljubuski.ba\/index.php\/2022\/08\/02\/kako-pred-sudom-bih-i-ustavnim-sudom-osporiti-izbor-komsica-za-hrvatskog-clana-predsjednistva-bih\/"},"wordCount":818,"publisher":{"@id":"https:\/\/radioljubuski.ba\/#organization"},"articleSection":["BIH i regija"],"inLanguage":"hr"},{"@type":"WebPage","@id":"https:\/\/radioljubuski.ba\/index.php\/2022\/08\/02\/kako-pred-sudom-bih-i-ustavnim-sudom-osporiti-izbor-komsica-za-hrvatskog-clana-predsjednistva-bih\/","url":"https:\/\/radioljubuski.ba\/index.php\/2022\/08\/02\/kako-pred-sudom-bih-i-ustavnim-sudom-osporiti-izbor-komsica-za-hrvatskog-clana-predsjednistva-bih\/","name":"Kako pred Sudom BiH i Ustavnim sudom osporiti izbor Kom\u0161i\u0107a za hrvatskog \u010dlana Predsjedni\u0161tva BiH? - RADIO LJUBU\u0160KI","isPartOf":{"@id":"https:\/\/radioljubuski.ba\/#website"},"datePublished":"2022-08-02T10:56:37+00:00","dateModified":"2022-08-02T10:56:38+00:00","breadcrumb":{"@id":"https:\/\/radioljubuski.ba\/index.php\/2022\/08\/02\/kako-pred-sudom-bih-i-ustavnim-sudom-osporiti-izbor-komsica-za-hrvatskog-clana-predsjednistva-bih\/#breadcrumb"},"inLanguage":"hr","potentialAction":[{"@type":"ReadAction","target":["https:\/\/radioljubuski.ba\/index.php\/2022\/08\/02\/kako-pred-sudom-bih-i-ustavnim-sudom-osporiti-izbor-komsica-za-hrvatskog-clana-predsjednistva-bih\/"]}]},{"@type":"BreadcrumbList","@id":"https:\/\/radioljubuski.ba\/index.php\/2022\/08\/02\/kako-pred-sudom-bih-i-ustavnim-sudom-osporiti-izbor-komsica-za-hrvatskog-clana-predsjednistva-bih\/#breadcrumb","itemListElement":[{"@type":"ListItem","position":1,"name":"Po\u010detna stranica","item":"https:\/\/radioljubuski.ba\/"},{"@type":"ListItem","position":2,"name":"Kako pred Sudom BiH i Ustavnim sudom osporiti izbor Kom\u0161i\u0107a za hrvatskog \u010dlana Predsjedni\u0161tva BiH?"}]},{"@type":"WebSite","@id":"https:\/\/radioljubuski.ba\/#website","url":"https:\/\/radioljubuski.ba\/","name":"Radio Ljubu\u0161ki","description":"Sun\u010dana frekvencija Hercegovine","publisher":{"@id":"https:\/\/radioljubuski.ba\/#organization"},"potentialAction":[{"@type":"SearchAction","target":{"@type":"EntryPoint","urlTemplate":"https:\/\/radioljubuski.ba\/?s={search_term_string}"},"query-input":{"@type":"PropertyValueSpecification","valueRequired":true,"valueName":"search_term_string"}}],"inLanguage":"hr"},{"@type":"Organization","@id":"https:\/\/radioljubuski.ba\/#organization","name":"Radio Ljubu\u0161ki","url":"https:\/\/radioljubuski.ba\/","logo":{"@type":"ImageObject","inLanguage":"hr","@id":"https:\/\/radioljubuski.ba\/#\/schema\/logo\/image\/","url":"https:\/\/radioljubuski.ba\/wp-content\/uploads\/2021\/02\/cropped-Radio_Ljubuski_logo1.jpg","contentUrl":"https:\/\/radioljubuski.ba\/wp-content\/uploads\/2021\/02\/cropped-Radio_Ljubuski_logo1.jpg","width":512,"height":512,"caption":"Radio Ljubu\u0161ki"},"image":{"@id":"https:\/\/radioljubuski.ba\/#\/schema\/logo\/image\/"},"sameAs":["https:\/\/www.facebook.com\/Radiio-Ljubuski-1490835324566332","https:\/\/x.com\/radioljubuski","https:\/\/hr.linkedin.com\/company\/radio-ljubuski","https:\/\/www.youtube.com\/channel\/UCHYaeO_n0Db3tjNGudGpXyw"]},{"@type":"Person","@id":"https:\/\/radioljubuski.ba\/#\/schema\/person\/19fc700381a780f69665d7956c469e3b","name":"Radio Ljubu\u0161ki"}]}},"_links":{"self":[{"href":"https:\/\/radioljubuski.ba\/index.php\/wp-json\/wp\/v2\/posts\/165841","targetHints":{"allow":["GET"]}}],"collection":[{"href":"https:\/\/radioljubuski.ba\/index.php\/wp-json\/wp\/v2\/posts"}],"about":[{"href":"https:\/\/radioljubuski.ba\/index.php\/wp-json\/wp\/v2\/types\/post"}],"author":[{"embeddable":true,"href":"https:\/\/radioljubuski.ba\/index.php\/wp-json\/wp\/v2\/users\/2"}],"replies":[{"embeddable":true,"href":"https:\/\/radioljubuski.ba\/index.php\/wp-json\/wp\/v2\/comments?post=165841"}],"version-history":[{"count":1,"href":"https:\/\/radioljubuski.ba\/index.php\/wp-json\/wp\/v2\/posts\/165841\/revisions"}],"predecessor-version":[{"id":165843,"href":"https:\/\/radioljubuski.ba\/index.php\/wp-json\/wp\/v2\/posts\/165841\/revisions\/165843"}],"wp:attachment":[{"href":"https:\/\/radioljubuski.ba\/index.php\/wp-json\/wp\/v2\/media?parent=165841"}],"wp:term":[{"taxonomy":"category","embeddable":true,"href":"https:\/\/radioljubuski.ba\/index.php\/wp-json\/wp\/v2\/categories?post=165841"},{"taxonomy":"post_tag","embeddable":true,"href":"https:\/\/radioljubuski.ba\/index.php\/wp-json\/wp\/v2\/tags?post=165841"}],"curies":[{"name":"wp","href":"https:\/\/api.w.org\/{rel}","templated":true}]}}