{"id":165857,"date":"2022-08-02T13:41:45","date_gmt":"2022-08-02T12:41:45","guid":{"rendered":"https:\/\/radioljubuski.ba\/?p=165857"},"modified":"2022-08-02T13:41:46","modified_gmt":"2022-08-02T12:41:46","slug":"amberin-novi-udarac-deppu-on-pati-od-erektilne-disfunkcije-zato-se-i-razbjesnio-i-silovao-me-bocom-pica","status":"publish","type":"post","link":"https:\/\/radioljubuski.ba\/index.php\/2022\/08\/02\/amberin-novi-udarac-deppu-on-pati-od-erektilne-disfunkcije-zato-se-i-razbjesnio-i-silovao-me-bocom-pica\/","title":{"rendered":"Amberin novi udarac Deppu: \u2018On pati od erektilne disfunkcije! Zato se i razbjesnio i silovao me bocom pi\u0107a\u2018"},"content":{"rendered":"\n<p>Kako tvrde odvjetnici Amber Heard u nezape\u010da\u0107enim sudskim dokumentima, Johnny Depp pati od erektilne disfunkcije zbog koje ju je seksualno napao.<\/p>\n\n\n\n<p>&#8211; Iako gospodin Depp radije ne bi otkrio svoje stanje erektilne disfunkcije, takvo stanje je apsolutno relevantno za seksualno nasilje, uklju\u010duju\u0107i gnjev gospodina Deppa i kori\u0161tenje boce kojom je silovao Heard, stoji u podnesku od 28. o\u017eujka, prenosi Daily Mail.<\/p>\n\n\n\n<p>Kako tvrde njeni odvjetnici, Deppovo zdravstveno stanje pridonijelo je njegovom nasilnom pona\u0161anju prema Heard.<\/p>\n\n\n\n<p>Odvjetni\u010dki tim glumice tvrdi da Deppovo zdravstveno stanje \u010dini vjerojatnije da \u0107e postati \u2018ljut ili uznemiren\u2018 \u0161to ga dovodi do ljutnje i agresije.<\/p>\n\n\n\n<p>&#8211; Nazvala sam to ljutitim seksom koji Johnny nije mogao u potpunosti izvesti, izjavila je.<\/p>\n\n\n\n<p>&#8211; Bacio bi me na krevet, u\u010dinio je to nekoliko puta, i nasrnuo bi na mene u bijesu, rekla je glumica.<\/p>\n\n\n\n<p>Tako\u0111er je rekla da bi Depp provodio puno vremena sa svojim prijateljima s kojima je pio, uklju\u010duju\u0107i i njezina oca Davida Hearda te glazbenika Marilyna Mansona, a ku\u0107i bi dolazio \u2018jo\u0161 vi\u0161e seksualno i verbalno nasilni\u010dki nastrojen\u2018.<\/p>\n\n\n\n<p>Glumica je tako\u0111er tvrdila da se sama financijski uzdr\u017eavala cijelo vrijeme dok su ona i Depp bili u vezi, unato\u010d njegovom inzistiranju da \u2018\u0107e se brinuti za nju\u2018.<\/p>\n\n\n\n<p>&#8211; Johnny me \u017eelio potpuno posjedovati, rekla je.<\/p>\n\n\n\n<p>&#8211; Na\u010din na koji je govorio o zaposlenim glumicama bio je vrijedan prezira. Biti glumica za njega je bio grijeh, dodala je Heard.<\/p>\n\n\n\n<p>Biv\u0161i bra\u010dni par uputio se na sud u travnju na \u0161estotjedno su\u0111enje u Virginiji zbog optu\u017ebi za zlostavljanje tijekom njihova braka. Par se vjen\u010dao 2015., ali su se razveli ne\u0161to vi\u0161e od godinu dana kasnije, prije nego \u0161to su se slu\u017ebeno razveli 2017.<\/p>\n\n\n\n<p>Heard je tvrdila da ju je Depp navodno zlostavljao jo\u0161 od 2013.<\/p>\n\n\n\n<p>Svjedo\u010dila je u svibnju da ju je navodno silovao bocom pi\u0107a i prijetio da \u0107e joj \u2018izrezbariti\u2018 lice njome 2015., prenosi Page Six.<\/p>\n\n\n\n<p>&#8211; Nisam znala je li boca koju je imao u meni razbijena, rekla je tijekom su\u0111enja, te\u0161ko di\u0161u\u0107i dok je susprezala suze.<\/p>\n\n\n\n<p>&#8211; Nisam to mogao osjetiti. Nisam mogao ni\u0161ta osjetiti, dodala je glumica.<\/p>\n\n\n\n<p>Sudski dokumenti pokazuju da se navodni napad dogodio u isto vrijeme kada je Deppu odsje\u010den prst, tvrde\u0107i da je ona bacila bocu votke na njega u Australiji.<\/p>\n\n\n\n<p>Dokumenti kojima se pristupilo 1. kolovoza dodatno su otkrili da je glumi\u010dina sestra rekla svome \u0161efu da je Heard odsjekla Deppov prst kada je bacila bocu votke na njega. Iskaz je dala Jennifer Howell, biv\u0161a prijateljica i \u0161efica glumi\u010dine sestre, Whitney Henriquez, koja je bila upitana o incidentu s prstom.<\/p>\n\n\n\n<p>Prisjetila se kako je glumi\u010dina sestra vri\u0161tala u uredu: \u2018Odrezala mu je prokleti prst\u2018 tijekom njihova posjeta Australiji, gdje je Depp snimao peti nastavak filma \u2018Pirati s Kariba\u2018.<\/p>\n\n\n\n<p>Unato\u010d njenim optu\u017ebama, Depp je negirao optu\u017ebe za seksualni napad svoje biv\u0161e supruge tijekom su\u0111enja za klevetu koje je zavr\u0161ilo u lipnju kada je porota stala na Deppovu stranu.<\/p>\n\n\n\n<p>Heard je nalo\u017eeno da svom biv\u0161em suprugu plati 10,35 milijuna dolara u lipnju, kada je porota presudila da je oklevetala Deppa u novinskom \u010dlanku objavljenom 2018.<\/p>\n\n\n\n<p>U razgovoru s Deppovom odvjetnicom Camille Vasquez, Howell je rekla:<\/p>\n\n\n\n<p>&#8211; Sjedila sam to\u010dno gdje sjedim sada jer sjedim za svojim stolom u uredu. Tako sam sjedila upravo ovdje za svojim ra\u010dunalom, radila. I upravo tamo, u to su vrijeme bila dva crno-bijela stolca sa stolom izme\u0111u njih. Whitney je sjedila na jednom od crno-bijelih stolaca i tada je odjednom vrisnula: \u2018Odsjekla mu je prokleti prst\u2018. Pomislio sam, \u2018\u0160to?\u2018, a ona govori, \u2018Odsjekla mu je prst.\u2018 Onda je izjurila kroz vrata i rekla: \u2018Moram nekoga nazvati\u2018. Oti\u0161la je kroz vrata i pozvala nekoga. Ne znam koga je zvala, obja\u0161njava Howell.<\/p>\n\n\n\n<p>Na pitanje je li Henriquez navela tko su \u2018ona\u2018 i \u2018on\u2018 u scenariju, Howell je odgovorila da su to bili Heard i Depp.<\/p>\n\n\n\n<p>Glumica je negirala da je ozlijedila biv\u0161ega supruga, rekav\u0161i da se on ozlijedio tijekom jednog od svojih pijanstava. Depp je tako\u0111er rekao sudu da je lagao lije\u010dniku o tome kako je tada zadobio ozljedu prsta.<\/p>\n\n\n\n<p>Nezape\u010da\u0107eni sudski dokumenti dalje su pokazali da je Heard odustala od isplate za razvod od Deppa kada je mogla dobiti desetke milijuna dolara. Glumica je mogla tra\u017eiti polovicu od Deppovih 33 milijuna dolara koje je zaradio snimaju\u0107i fran\u0161izu \u2018Pirati s Kariba\u2018, s obzirom na to da su tada bili u braku.<\/p>\n\n\n\n<p>Me\u0111utim, dokumenti do kojih je do\u0161ao Daily Beast pokazuju da je ignorirala upute svog odvjetni\u010dkog tima da ne tu\u017ei biv\u0161ega supruga za maksimalan iznos. Heard \u0107e tako\u0111er dobiti dva milijuna dolara od Deppa u protutu\u017ebi.<\/p>\n\n\n\n<p>Nare\u0111eno joj je da plati Deppu ukupno 8,3 milijuna dolara nakon \u0161to je progla\u0161ena krivom za klevetu, ali ka\u017ee da nema dovoljno novca za to. Glumica je ulo\u017eila \u017ealbu kako bi poni\u0161tila odluku suca 21. srpnja.<\/p>\n\n\n\n<p>Izvor:pogled.ba<\/p>\n","protected":false},"excerpt":{"rendered":"<p>Kako tvrde odvjetnici Amber Heard u nezape\u010da\u0107enim sudskim dokumentima, Johnny Depp pati od erektilne disfunkcije zbog koje ju je seksualno napao. &#8211; Iako gospodin Depp radije ne bi otkrio svoje stanje erektilne disfunkcije, takvo stanje je apsolutno relevantno za seksualno nasilje, uklju\u010duju\u0107i gnjev gospodina Deppa i kori\u0161tenje boce kojom je silovao Heard, stoji u podnesku [&hellip;]<\/p>\n","protected":false},"author":2,"featured_media":165464,"comment_status":"closed","ping_status":"closed","sticky":false,"template":"","format":"standard","meta":{"h5ap_radio_sources":[],"footnotes":""},"categories":[1],"tags":[],"class_list":["post-165857","post","type-post","status-publish","format-standard","has-post-thumbnail","hentry","category-bihiregija"],"yoast_head":"<!-- This site is optimized with the Yoast SEO plugin v27.4 - https:\/\/yoast.com\/product\/yoast-seo-wordpress\/ -->\n<title>Amberin novi udarac Deppu: \u2018On pati od erektilne disfunkcije! Zato se i razbjesnio i silovao me bocom pi\u0107a\u2018 - RADIO LJUBU\u0160KI<\/title>\n<meta name=\"robots\" content=\"index, follow, max-snippet:-1, max-image-preview:large, max-video-preview:-1\" \/>\n<link rel=\"canonical\" href=\"https:\/\/radioljubuski.ba\/index.php\/2022\/08\/02\/amberin-novi-udarac-deppu-on-pati-od-erektilne-disfunkcije-zato-se-i-razbjesnio-i-silovao-me-bocom-pica\/\" \/>\n<meta property=\"og:locale\" content=\"hr_HR\" \/>\n<meta property=\"og:type\" content=\"article\" \/>\n<meta property=\"og:title\" content=\"Amberin novi udarac Deppu: \u2018On pati od erektilne disfunkcije! Zato se i razbjesnio i silovao me bocom pi\u0107a\u2018 - RADIO LJUBU\u0160KI\" \/>\n<meta property=\"og:description\" content=\"Kako tvrde odvjetnici Amber Heard u nezape\u010da\u0107enim sudskim dokumentima, Johnny Depp pati od erektilne disfunkcije zbog koje ju je seksualno napao. &#8211; Iako gospodin Depp radije ne bi otkrio svoje stanje erektilne disfunkcije, takvo stanje je apsolutno relevantno za seksualno nasilje, uklju\u010duju\u0107i gnjev gospodina Deppa i kori\u0161tenje boce kojom je silovao Heard, stoji u podnesku [&hellip;]\" \/>\n<meta property=\"og:url\" content=\"https:\/\/radioljubuski.ba\/index.php\/2022\/08\/02\/amberin-novi-udarac-deppu-on-pati-od-erektilne-disfunkcije-zato-se-i-razbjesnio-i-silovao-me-bocom-pica\/\" \/>\n<meta property=\"og:site_name\" content=\"RADIO LJUBU\u0160KI\" \/>\n<meta property=\"article:publisher\" content=\"https:\/\/www.facebook.com\/Radiio-Ljubuski-1490835324566332\" \/>\n<meta property=\"article:published_time\" content=\"2022-08-02T12:41:45+00:00\" \/>\n<meta property=\"article:modified_time\" content=\"2022-08-02T12:41:46+00:00\" \/>\n<meta property=\"og:image\" content=\"https:\/\/radioljubuski.ba\/wp-content\/uploads\/2022\/08\/uXOdcRYN_amber_heard_johnny_depp.jpg\" \/>\n\t<meta property=\"og:image:width\" content=\"1000\" \/>\n\t<meta property=\"og:image:height\" content=\"625\" \/>\n\t<meta property=\"og:image:type\" content=\"image\/jpeg\" \/>\n<meta name=\"author\" content=\"Radio Ljubu\u0161ki\" \/>\n<meta name=\"twitter:card\" content=\"summary_large_image\" \/>\n<meta name=\"twitter:creator\" content=\"@radioljubuski\" \/>\n<meta name=\"twitter:site\" content=\"@radioljubuski\" \/>\n<meta name=\"twitter:label1\" content=\"Napisao\/la\" \/>\n\t<meta name=\"twitter:data1\" content=\"Radio Ljubu\u0161ki\" \/>\n\t<meta name=\"twitter:label2\" content=\"Procijenjeno vrijeme \u010ditanja\" \/>\n\t<meta name=\"twitter:data2\" content=\"4 minute\" \/>\n<script type=\"application\/ld+json\" class=\"yoast-schema-graph\">{\"@context\":\"https:\\\/\\\/schema.org\",\"@graph\":[{\"@type\":\"Article\",\"@id\":\"https:\\\/\\\/radioljubuski.ba\\\/index.php\\\/2022\\\/08\\\/02\\\/amberin-novi-udarac-deppu-on-pati-od-erektilne-disfunkcije-zato-se-i-razbjesnio-i-silovao-me-bocom-pica\\\/#article\",\"isPartOf\":{\"@id\":\"https:\\\/\\\/radioljubuski.ba\\\/index.php\\\/2022\\\/08\\\/02\\\/amberin-novi-udarac-deppu-on-pati-od-erektilne-disfunkcije-zato-se-i-razbjesnio-i-silovao-me-bocom-pica\\\/\"},\"author\":{\"name\":\"Radio Ljubu\u0161ki\",\"@id\":\"https:\\\/\\\/radioljubuski.ba\\\/#\\\/schema\\\/person\\\/19fc700381a780f69665d7956c469e3b\"},\"headline\":\"Amberin novi udarac Deppu: \u2018On pati od erektilne disfunkcije! Zato se i razbjesnio i silovao me bocom pi\u0107a\u2018\",\"datePublished\":\"2022-08-02T12:41:45+00:00\",\"dateModified\":\"2022-08-02T12:41:46+00:00\",\"mainEntityOfPage\":{\"@id\":\"https:\\\/\\\/radioljubuski.ba\\\/index.php\\\/2022\\\/08\\\/02\\\/amberin-novi-udarac-deppu-on-pati-od-erektilne-disfunkcije-zato-se-i-razbjesnio-i-silovao-me-bocom-pica\\\/\"},\"wordCount\":866,\"publisher\":{\"@id\":\"https:\\\/\\\/radioljubuski.ba\\\/#organization\"},\"image\":{\"@id\":\"https:\\\/\\\/radioljubuski.ba\\\/index.php\\\/2022\\\/08\\\/02\\\/amberin-novi-udarac-deppu-on-pati-od-erektilne-disfunkcije-zato-se-i-razbjesnio-i-silovao-me-bocom-pica\\\/#primaryimage\"},\"thumbnailUrl\":\"https:\\\/\\\/radioljubuski.ba\\\/wp-content\\\/uploads\\\/2022\\\/08\\\/uXOdcRYN_amber_heard_johnny_depp.jpg\",\"articleSection\":[\"BIH i regija\"],\"inLanguage\":\"hr\"},{\"@type\":\"WebPage\",\"@id\":\"https:\\\/\\\/radioljubuski.ba\\\/index.php\\\/2022\\\/08\\\/02\\\/amberin-novi-udarac-deppu-on-pati-od-erektilne-disfunkcije-zato-se-i-razbjesnio-i-silovao-me-bocom-pica\\\/\",\"url\":\"https:\\\/\\\/radioljubuski.ba\\\/index.php\\\/2022\\\/08\\\/02\\\/amberin-novi-udarac-deppu-on-pati-od-erektilne-disfunkcije-zato-se-i-razbjesnio-i-silovao-me-bocom-pica\\\/\",\"name\":\"Amberin novi udarac Deppu: \u2018On pati od erektilne disfunkcije! Zato se i razbjesnio i silovao me bocom pi\u0107a\u2018 - RADIO LJUBU\u0160KI\",\"isPartOf\":{\"@id\":\"https:\\\/\\\/radioljubuski.ba\\\/#website\"},\"primaryImageOfPage\":{\"@id\":\"https:\\\/\\\/radioljubuski.ba\\\/index.php\\\/2022\\\/08\\\/02\\\/amberin-novi-udarac-deppu-on-pati-od-erektilne-disfunkcije-zato-se-i-razbjesnio-i-silovao-me-bocom-pica\\\/#primaryimage\"},\"image\":{\"@id\":\"https:\\\/\\\/radioljubuski.ba\\\/index.php\\\/2022\\\/08\\\/02\\\/amberin-novi-udarac-deppu-on-pati-od-erektilne-disfunkcije-zato-se-i-razbjesnio-i-silovao-me-bocom-pica\\\/#primaryimage\"},\"thumbnailUrl\":\"https:\\\/\\\/radioljubuski.ba\\\/wp-content\\\/uploads\\\/2022\\\/08\\\/uXOdcRYN_amber_heard_johnny_depp.jpg\",\"datePublished\":\"2022-08-02T12:41:45+00:00\",\"dateModified\":\"2022-08-02T12:41:46+00:00\",\"breadcrumb\":{\"@id\":\"https:\\\/\\\/radioljubuski.ba\\\/index.php\\\/2022\\\/08\\\/02\\\/amberin-novi-udarac-deppu-on-pati-od-erektilne-disfunkcije-zato-se-i-razbjesnio-i-silovao-me-bocom-pica\\\/#breadcrumb\"},\"inLanguage\":\"hr\",\"potentialAction\":[{\"@type\":\"ReadAction\",\"target\":[\"https:\\\/\\\/radioljubuski.ba\\\/index.php\\\/2022\\\/08\\\/02\\\/amberin-novi-udarac-deppu-on-pati-od-erektilne-disfunkcije-zato-se-i-razbjesnio-i-silovao-me-bocom-pica\\\/\"]}]},{\"@type\":\"ImageObject\",\"inLanguage\":\"hr\",\"@id\":\"https:\\\/\\\/radioljubuski.ba\\\/index.php\\\/2022\\\/08\\\/02\\\/amberin-novi-udarac-deppu-on-pati-od-erektilne-disfunkcije-zato-se-i-razbjesnio-i-silovao-me-bocom-pica\\\/#primaryimage\",\"url\":\"https:\\\/\\\/radioljubuski.ba\\\/wp-content\\\/uploads\\\/2022\\\/08\\\/uXOdcRYN_amber_heard_johnny_depp.jpg\",\"contentUrl\":\"https:\\\/\\\/radioljubuski.ba\\\/wp-content\\\/uploads\\\/2022\\\/08\\\/uXOdcRYN_amber_heard_johnny_depp.jpg\",\"width\":1000,\"height\":625},{\"@type\":\"BreadcrumbList\",\"@id\":\"https:\\\/\\\/radioljubuski.ba\\\/index.php\\\/2022\\\/08\\\/02\\\/amberin-novi-udarac-deppu-on-pati-od-erektilne-disfunkcije-zato-se-i-razbjesnio-i-silovao-me-bocom-pica\\\/#breadcrumb\",\"itemListElement\":[{\"@type\":\"ListItem\",\"position\":1,\"name\":\"Po\u010detna stranica\",\"item\":\"https:\\\/\\\/radioljubuski.ba\\\/\"},{\"@type\":\"ListItem\",\"position\":2,\"name\":\"Amberin novi udarac Deppu: \u2018On pati od erektilne disfunkcije! Zato se i razbjesnio i silovao me bocom pi\u0107a\u2018\"}]},{\"@type\":\"WebSite\",\"@id\":\"https:\\\/\\\/radioljubuski.ba\\\/#website\",\"url\":\"https:\\\/\\\/radioljubuski.ba\\\/\",\"name\":\"Radio Ljubu\u0161ki\",\"description\":\"Sun\u010dana frekvencija Hercegovine\",\"publisher\":{\"@id\":\"https:\\\/\\\/radioljubuski.ba\\\/#organization\"},\"potentialAction\":[{\"@type\":\"SearchAction\",\"target\":{\"@type\":\"EntryPoint\",\"urlTemplate\":\"https:\\\/\\\/radioljubuski.ba\\\/?s={search_term_string}\"},\"query-input\":{\"@type\":\"PropertyValueSpecification\",\"valueRequired\":true,\"valueName\":\"search_term_string\"}}],\"inLanguage\":\"hr\"},{\"@type\":\"Organization\",\"@id\":\"https:\\\/\\\/radioljubuski.ba\\\/#organization\",\"name\":\"Radio Ljubu\u0161ki\",\"url\":\"https:\\\/\\\/radioljubuski.ba\\\/\",\"logo\":{\"@type\":\"ImageObject\",\"inLanguage\":\"hr\",\"@id\":\"https:\\\/\\\/radioljubuski.ba\\\/#\\\/schema\\\/logo\\\/image\\\/\",\"url\":\"https:\\\/\\\/radioljubuski.ba\\\/wp-content\\\/uploads\\\/2021\\\/02\\\/cropped-Radio_Ljubuski_logo1.jpg\",\"contentUrl\":\"https:\\\/\\\/radioljubuski.ba\\\/wp-content\\\/uploads\\\/2021\\\/02\\\/cropped-Radio_Ljubuski_logo1.jpg\",\"width\":512,\"height\":512,\"caption\":\"Radio Ljubu\u0161ki\"},\"image\":{\"@id\":\"https:\\\/\\\/radioljubuski.ba\\\/#\\\/schema\\\/logo\\\/image\\\/\"},\"sameAs\":[\"https:\\\/\\\/www.facebook.com\\\/Radiio-Ljubuski-1490835324566332\",\"https:\\\/\\\/x.com\\\/radioljubuski\",\"https:\\\/\\\/hr.linkedin.com\\\/company\\\/radio-ljubuski\",\"https:\\\/\\\/www.youtube.com\\\/channel\\\/UCHYaeO_n0Db3tjNGudGpXyw\"]},{\"@type\":\"Person\",\"@id\":\"https:\\\/\\\/radioljubuski.ba\\\/#\\\/schema\\\/person\\\/19fc700381a780f69665d7956c469e3b\",\"name\":\"Radio Ljubu\u0161ki\"}]}<\/script>\n<!-- \/ Yoast SEO plugin. -->","yoast_head_json":{"title":"Amberin novi udarac Deppu: \u2018On pati od erektilne disfunkcije! Zato se i razbjesnio i silovao me bocom pi\u0107a\u2018 - RADIO LJUBU\u0160KI","robots":{"index":"index","follow":"follow","max-snippet":"max-snippet:-1","max-image-preview":"max-image-preview:large","max-video-preview":"max-video-preview:-1"},"canonical":"https:\/\/radioljubuski.ba\/index.php\/2022\/08\/02\/amberin-novi-udarac-deppu-on-pati-od-erektilne-disfunkcije-zato-se-i-razbjesnio-i-silovao-me-bocom-pica\/","og_locale":"hr_HR","og_type":"article","og_title":"Amberin novi udarac Deppu: \u2018On pati od erektilne disfunkcije! Zato se i razbjesnio i silovao me bocom pi\u0107a\u2018 - RADIO LJUBU\u0160KI","og_description":"Kako tvrde odvjetnici Amber Heard u nezape\u010da\u0107enim sudskim dokumentima, Johnny Depp pati od erektilne disfunkcije zbog koje ju je seksualno napao. &#8211; Iako gospodin Depp radije ne bi otkrio svoje stanje erektilne disfunkcije, takvo stanje je apsolutno relevantno za seksualno nasilje, uklju\u010duju\u0107i gnjev gospodina Deppa i kori\u0161tenje boce kojom je silovao Heard, stoji u podnesku [&hellip;]","og_url":"https:\/\/radioljubuski.ba\/index.php\/2022\/08\/02\/amberin-novi-udarac-deppu-on-pati-od-erektilne-disfunkcije-zato-se-i-razbjesnio-i-silovao-me-bocom-pica\/","og_site_name":"RADIO LJUBU\u0160KI","article_publisher":"https:\/\/www.facebook.com\/Radiio-Ljubuski-1490835324566332","article_published_time":"2022-08-02T12:41:45+00:00","article_modified_time":"2022-08-02T12:41:46+00:00","og_image":[{"width":1000,"height":625,"url":"https:\/\/radioljubuski.ba\/wp-content\/uploads\/2022\/08\/uXOdcRYN_amber_heard_johnny_depp.jpg","type":"image\/jpeg"}],"author":"Radio Ljubu\u0161ki","twitter_card":"summary_large_image","twitter_creator":"@radioljubuski","twitter_site":"@radioljubuski","twitter_misc":{"Napisao\/la":"Radio Ljubu\u0161ki","Procijenjeno vrijeme \u010ditanja":"4 minute"},"schema":{"@context":"https:\/\/schema.org","@graph":[{"@type":"Article","@id":"https:\/\/radioljubuski.ba\/index.php\/2022\/08\/02\/amberin-novi-udarac-deppu-on-pati-od-erektilne-disfunkcije-zato-se-i-razbjesnio-i-silovao-me-bocom-pica\/#article","isPartOf":{"@id":"https:\/\/radioljubuski.ba\/index.php\/2022\/08\/02\/amberin-novi-udarac-deppu-on-pati-od-erektilne-disfunkcije-zato-se-i-razbjesnio-i-silovao-me-bocom-pica\/"},"author":{"name":"Radio Ljubu\u0161ki","@id":"https:\/\/radioljubuski.ba\/#\/schema\/person\/19fc700381a780f69665d7956c469e3b"},"headline":"Amberin novi udarac Deppu: \u2018On pati od erektilne disfunkcije! Zato se i razbjesnio i silovao me bocom pi\u0107a\u2018","datePublished":"2022-08-02T12:41:45+00:00","dateModified":"2022-08-02T12:41:46+00:00","mainEntityOfPage":{"@id":"https:\/\/radioljubuski.ba\/index.php\/2022\/08\/02\/amberin-novi-udarac-deppu-on-pati-od-erektilne-disfunkcije-zato-se-i-razbjesnio-i-silovao-me-bocom-pica\/"},"wordCount":866,"publisher":{"@id":"https:\/\/radioljubuski.ba\/#organization"},"image":{"@id":"https:\/\/radioljubuski.ba\/index.php\/2022\/08\/02\/amberin-novi-udarac-deppu-on-pati-od-erektilne-disfunkcije-zato-se-i-razbjesnio-i-silovao-me-bocom-pica\/#primaryimage"},"thumbnailUrl":"https:\/\/radioljubuski.ba\/wp-content\/uploads\/2022\/08\/uXOdcRYN_amber_heard_johnny_depp.jpg","articleSection":["BIH i regija"],"inLanguage":"hr"},{"@type":"WebPage","@id":"https:\/\/radioljubuski.ba\/index.php\/2022\/08\/02\/amberin-novi-udarac-deppu-on-pati-od-erektilne-disfunkcije-zato-se-i-razbjesnio-i-silovao-me-bocom-pica\/","url":"https:\/\/radioljubuski.ba\/index.php\/2022\/08\/02\/amberin-novi-udarac-deppu-on-pati-od-erektilne-disfunkcije-zato-se-i-razbjesnio-i-silovao-me-bocom-pica\/","name":"Amberin novi udarac Deppu: \u2018On pati od erektilne disfunkcije! Zato se i razbjesnio i silovao me bocom pi\u0107a\u2018 - RADIO LJUBU\u0160KI","isPartOf":{"@id":"https:\/\/radioljubuski.ba\/#website"},"primaryImageOfPage":{"@id":"https:\/\/radioljubuski.ba\/index.php\/2022\/08\/02\/amberin-novi-udarac-deppu-on-pati-od-erektilne-disfunkcije-zato-se-i-razbjesnio-i-silovao-me-bocom-pica\/#primaryimage"},"image":{"@id":"https:\/\/radioljubuski.ba\/index.php\/2022\/08\/02\/amberin-novi-udarac-deppu-on-pati-od-erektilne-disfunkcije-zato-se-i-razbjesnio-i-silovao-me-bocom-pica\/#primaryimage"},"thumbnailUrl":"https:\/\/radioljubuski.ba\/wp-content\/uploads\/2022\/08\/uXOdcRYN_amber_heard_johnny_depp.jpg","datePublished":"2022-08-02T12:41:45+00:00","dateModified":"2022-08-02T12:41:46+00:00","breadcrumb":{"@id":"https:\/\/radioljubuski.ba\/index.php\/2022\/08\/02\/amberin-novi-udarac-deppu-on-pati-od-erektilne-disfunkcije-zato-se-i-razbjesnio-i-silovao-me-bocom-pica\/#breadcrumb"},"inLanguage":"hr","potentialAction":[{"@type":"ReadAction","target":["https:\/\/radioljubuski.ba\/index.php\/2022\/08\/02\/amberin-novi-udarac-deppu-on-pati-od-erektilne-disfunkcije-zato-se-i-razbjesnio-i-silovao-me-bocom-pica\/"]}]},{"@type":"ImageObject","inLanguage":"hr","@id":"https:\/\/radioljubuski.ba\/index.php\/2022\/08\/02\/amberin-novi-udarac-deppu-on-pati-od-erektilne-disfunkcije-zato-se-i-razbjesnio-i-silovao-me-bocom-pica\/#primaryimage","url":"https:\/\/radioljubuski.ba\/wp-content\/uploads\/2022\/08\/uXOdcRYN_amber_heard_johnny_depp.jpg","contentUrl":"https:\/\/radioljubuski.ba\/wp-content\/uploads\/2022\/08\/uXOdcRYN_amber_heard_johnny_depp.jpg","width":1000,"height":625},{"@type":"BreadcrumbList","@id":"https:\/\/radioljubuski.ba\/index.php\/2022\/08\/02\/amberin-novi-udarac-deppu-on-pati-od-erektilne-disfunkcije-zato-se-i-razbjesnio-i-silovao-me-bocom-pica\/#breadcrumb","itemListElement":[{"@type":"ListItem","position":1,"name":"Po\u010detna stranica","item":"https:\/\/radioljubuski.ba\/"},{"@type":"ListItem","position":2,"name":"Amberin novi udarac Deppu: \u2018On pati od erektilne disfunkcije! Zato se i razbjesnio i silovao me bocom pi\u0107a\u2018"}]},{"@type":"WebSite","@id":"https:\/\/radioljubuski.ba\/#website","url":"https:\/\/radioljubuski.ba\/","name":"Radio Ljubu\u0161ki","description":"Sun\u010dana frekvencija Hercegovine","publisher":{"@id":"https:\/\/radioljubuski.ba\/#organization"},"potentialAction":[{"@type":"SearchAction","target":{"@type":"EntryPoint","urlTemplate":"https:\/\/radioljubuski.ba\/?s={search_term_string}"},"query-input":{"@type":"PropertyValueSpecification","valueRequired":true,"valueName":"search_term_string"}}],"inLanguage":"hr"},{"@type":"Organization","@id":"https:\/\/radioljubuski.ba\/#organization","name":"Radio Ljubu\u0161ki","url":"https:\/\/radioljubuski.ba\/","logo":{"@type":"ImageObject","inLanguage":"hr","@id":"https:\/\/radioljubuski.ba\/#\/schema\/logo\/image\/","url":"https:\/\/radioljubuski.ba\/wp-content\/uploads\/2021\/02\/cropped-Radio_Ljubuski_logo1.jpg","contentUrl":"https:\/\/radioljubuski.ba\/wp-content\/uploads\/2021\/02\/cropped-Radio_Ljubuski_logo1.jpg","width":512,"height":512,"caption":"Radio Ljubu\u0161ki"},"image":{"@id":"https:\/\/radioljubuski.ba\/#\/schema\/logo\/image\/"},"sameAs":["https:\/\/www.facebook.com\/Radiio-Ljubuski-1490835324566332","https:\/\/x.com\/radioljubuski","https:\/\/hr.linkedin.com\/company\/radio-ljubuski","https:\/\/www.youtube.com\/channel\/UCHYaeO_n0Db3tjNGudGpXyw"]},{"@type":"Person","@id":"https:\/\/radioljubuski.ba\/#\/schema\/person\/19fc700381a780f69665d7956c469e3b","name":"Radio Ljubu\u0161ki"}]}},"_links":{"self":[{"href":"https:\/\/radioljubuski.ba\/index.php\/wp-json\/wp\/v2\/posts\/165857","targetHints":{"allow":["GET"]}}],"collection":[{"href":"https:\/\/radioljubuski.ba\/index.php\/wp-json\/wp\/v2\/posts"}],"about":[{"href":"https:\/\/radioljubuski.ba\/index.php\/wp-json\/wp\/v2\/types\/post"}],"author":[{"embeddable":true,"href":"https:\/\/radioljubuski.ba\/index.php\/wp-json\/wp\/v2\/users\/2"}],"replies":[{"embeddable":true,"href":"https:\/\/radioljubuski.ba\/index.php\/wp-json\/wp\/v2\/comments?post=165857"}],"version-history":[{"count":1,"href":"https:\/\/radioljubuski.ba\/index.php\/wp-json\/wp\/v2\/posts\/165857\/revisions"}],"predecessor-version":[{"id":165858,"href":"https:\/\/radioljubuski.ba\/index.php\/wp-json\/wp\/v2\/posts\/165857\/revisions\/165858"}],"wp:featuredmedia":[{"embeddable":true,"href":"https:\/\/radioljubuski.ba\/index.php\/wp-json\/wp\/v2\/media\/165464"}],"wp:attachment":[{"href":"https:\/\/radioljubuski.ba\/index.php\/wp-json\/wp\/v2\/media?parent=165857"}],"wp:term":[{"taxonomy":"category","embeddable":true,"href":"https:\/\/radioljubuski.ba\/index.php\/wp-json\/wp\/v2\/categories?post=165857"},{"taxonomy":"post_tag","embeddable":true,"href":"https:\/\/radioljubuski.ba\/index.php\/wp-json\/wp\/v2\/tags?post=165857"}],"curies":[{"name":"wp","href":"https:\/\/api.w.org\/{rel}","templated":true}]}}