{"id":165872,"date":"2022-08-02T13:50:39","date_gmt":"2022-08-02T12:50:39","guid":{"rendered":"https:\/\/radioljubuski.ba\/?p=165872"},"modified":"2022-08-02T13:50:40","modified_gmt":"2022-08-02T12:50:40","slug":"ovim-osobama-po-100-km-pomoci-vlade-fbih-bit-ce-isplaceno-5-i-10-kolovoza","status":"publish","type":"post","link":"https:\/\/radioljubuski.ba\/index.php\/2022\/08\/02\/ovim-osobama-po-100-km-pomoci-vlade-fbih-bit-ce-isplaceno-5-i-10-kolovoza\/","title":{"rendered":"Ovim osobama po 100 KM pomo\u0107i Vlade FBiH bit \u0107e ispla\u0107eno 5. i 10. kolovoza"},"content":{"rendered":"\n<p>Isplata jednokratne nov\u010dane pomo\u0107i od po 100 KM Vlade Federacije Bosne i Hercegovine braniteljskim kategorijama bit \u0107e zavr\u0161ena sa 10. kolovozom, potvrdio je za <a href=\"https:\/\/faktor.ba\/vijest\/borackim-kategorijama-po-100-km-pomoci-vlade-fbih-bit-ce-isplaceno-5-i-10-augusta-\/171158\" target=\"_blank\" rel=\"noreferrer noopener\">Faktor<\/a> Mirza Terzo, pomo\u0107nik federalnog ministra za pitanja branitelja.<\/p>\n\n\n\n<p>Pomo\u0107 Vlade Federacije Bosne i Hercegovine \u0107e dobiti oko 100.000 korisnika.<\/p>\n\n\n\n<p>Kao \u0161to je poznato, 100 KM se mo\u017ee dobiti samo po jednoj osnovi, pa pripadnici braniteljskih kategorija koji su i umirovljenici dobit \u0107e samo 100 KM kao umirovljenici 5. augusta.<\/p>\n\n\n\n<p>&#8211; Isplata po 100 KM za korisnike braniteljskih naknada idu 5. kolovoza uz MIO mirovinu i 10. kolovoza uz isplatu invalidnina, naknade za priznanje i egzistencijalne naknade. Sve \u0107e dakle biti ispla\u0107eno u kolovozu , ni\u0161ta ne ostaje za rujan- kazao je Terzo.<\/p>\n\n\n\n<p>Po 100 KM ne\u0107e dobiti korisnici egzistencijalne nov\u010dane naknade sa \u017eupanijskog nivoa, koji su nezaposleni i mla\u0111i od 57 godina.<\/p>\n\n\n\n<p>&#8211; Pomo\u0107 \u0107e dobiti oni koji primaju egzistencijalnu naknadu sa federalnog nivoa, koji su se na\u0161li u mjesecu lipnju na na\u0161oj isplati &#8211; kazao&nbsp; je ranije Terzo.<\/p>\n\n\n\n<p>Jednokratnu nov\u010danu pomo\u0107 iz braniteljsko-invalidske za\u0161tite dobit \u0107e, stoji u Uredbi, korisnici prava na osobnu invalidninu, na obiteljsku invalidninu, prava na mjese\u010dni nov\u010dani dodatak po osnovu prava i odlikovanja i prava na nov\u010danu egzistencijalnu naknadu koja po osnovu svog statusa ostvaruju naknadu koja se ispla\u0107uje iz bud\u017eeta FBiH pod uvjetom da nisu umirovljenici.<\/p>\n\n\n\n<p>Osobe koje su korisnici vi\u0161e prava, jednokratnu nov\u010danu pomo\u0107 ostvaruju samo po jednom osnovu.<\/p>\n\n\n\n<p>Nov\u010dani iznos se dijeli na jednake dijelove u slu\u010daju korisnika koji pravo na obiteljsku invalidninu i mjese\u010dni nov\u010dani dodatak po osnovu priznanja ili odlikovanja, ostvaruju kao sukorisnici.<\/p>\n\n\n\n<p>Uredbu o programu pomo\u0107i stanovni\u0161tvu usljed inflacije i rasta potro\u0161a\u010dkih cijena Vlada FBiH je usvojila 7. srpnja, a obuhva\u0107a niz mjera i usmjerena je na financijsku i materijalnu podr\u0161ku najugro\u017eenijim kategorijama stanovni\u0161tva.<\/p>\n\n\n\n<p>Izvor:faktor.ba<\/p>\n","protected":false},"excerpt":{"rendered":"<p>Isplata jednokratne nov\u010dane pomo\u0107i od po 100 KM Vlade Federacije Bosne i Hercegovine braniteljskim kategorijama bit \u0107e zavr\u0161ena sa 10. kolovozom, potvrdio je za Faktor Mirza Terzo, pomo\u0107nik federalnog ministra za pitanja branitelja. Pomo\u0107 Vlade Federacije Bosne i Hercegovine \u0107e dobiti oko 100.000 korisnika. Kao \u0161to je poznato, 100 KM se mo\u017ee dobiti samo po [&hellip;]<\/p>\n","protected":false},"author":2,"featured_media":15391,"comment_status":"closed","ping_status":"closed","sticky":false,"template":"","format":"standard","meta":{"h5ap_radio_sources":[],"footnotes":""},"categories":[1],"tags":[],"class_list":["post-165872","post","type-post","status-publish","format-standard","has-post-thumbnail","hentry","category-bihiregija"],"yoast_head":"<!-- This site is optimized with the Yoast SEO plugin v27.4 - https:\/\/yoast.com\/product\/yoast-seo-wordpress\/ -->\n<title>Ovim osobama po 100 KM pomo\u0107i Vlade FBiH bit \u0107e ispla\u0107eno 5. i 10. kolovoza - RADIO LJUBU\u0160KI<\/title>\n<meta name=\"robots\" content=\"index, follow, max-snippet:-1, max-image-preview:large, max-video-preview:-1\" \/>\n<link rel=\"canonical\" href=\"https:\/\/radioljubuski.ba\/index.php\/2022\/08\/02\/ovim-osobama-po-100-km-pomoci-vlade-fbih-bit-ce-isplaceno-5-i-10-kolovoza\/\" \/>\n<meta property=\"og:locale\" content=\"hr_HR\" \/>\n<meta property=\"og:type\" content=\"article\" \/>\n<meta property=\"og:title\" content=\"Ovim osobama po 100 KM pomo\u0107i Vlade FBiH bit \u0107e ispla\u0107eno 5. i 10. kolovoza - RADIO LJUBU\u0160KI\" \/>\n<meta property=\"og:description\" content=\"Isplata jednokratne nov\u010dane pomo\u0107i od po 100 KM Vlade Federacije Bosne i Hercegovine braniteljskim kategorijama bit \u0107e zavr\u0161ena sa 10. kolovozom, potvrdio je za Faktor Mirza Terzo, pomo\u0107nik federalnog ministra za pitanja branitelja. Pomo\u0107 Vlade Federacije Bosne i Hercegovine \u0107e dobiti oko 100.000 korisnika. Kao \u0161to je poznato, 100 KM se mo\u017ee dobiti samo po [&hellip;]\" \/>\n<meta property=\"og:url\" content=\"https:\/\/radioljubuski.ba\/index.php\/2022\/08\/02\/ovim-osobama-po-100-km-pomoci-vlade-fbih-bit-ce-isplaceno-5-i-10-kolovoza\/\" \/>\n<meta property=\"og:site_name\" content=\"RADIO LJUBU\u0160KI\" \/>\n<meta property=\"article:publisher\" content=\"https:\/\/www.facebook.com\/Radiio-Ljubuski-1490835324566332\" \/>\n<meta property=\"article:published_time\" content=\"2022-08-02T12:50:39+00:00\" \/>\n<meta property=\"article:modified_time\" content=\"2022-08-02T12:50:40+00:00\" \/>\n<meta property=\"og:image\" content=\"https:\/\/radioljubuski.ba\/wp-content\/uploads\/2021\/04\/novac-marke.jpg\" \/>\n\t<meta property=\"og:image:width\" content=\"810\" \/>\n\t<meta property=\"og:image:height\" content=\"500\" \/>\n\t<meta property=\"og:image:type\" content=\"image\/jpeg\" \/>\n<meta name=\"author\" content=\"Radio Ljubu\u0161ki\" \/>\n<meta name=\"twitter:card\" content=\"summary_large_image\" \/>\n<meta name=\"twitter:creator\" content=\"@radioljubuski\" \/>\n<meta name=\"twitter:site\" content=\"@radioljubuski\" \/>\n<meta name=\"twitter:label1\" content=\"Napisao\/la\" \/>\n\t<meta name=\"twitter:data1\" content=\"Radio Ljubu\u0161ki\" \/>\n\t<meta name=\"twitter:label2\" content=\"Procijenjeno vrijeme \u010ditanja\" \/>\n\t<meta name=\"twitter:data2\" content=\"2 minute\" \/>\n<script type=\"application\/ld+json\" class=\"yoast-schema-graph\">{\"@context\":\"https:\\\/\\\/schema.org\",\"@graph\":[{\"@type\":\"Article\",\"@id\":\"https:\\\/\\\/radioljubuski.ba\\\/index.php\\\/2022\\\/08\\\/02\\\/ovim-osobama-po-100-km-pomoci-vlade-fbih-bit-ce-isplaceno-5-i-10-kolovoza\\\/#article\",\"isPartOf\":{\"@id\":\"https:\\\/\\\/radioljubuski.ba\\\/index.php\\\/2022\\\/08\\\/02\\\/ovim-osobama-po-100-km-pomoci-vlade-fbih-bit-ce-isplaceno-5-i-10-kolovoza\\\/\"},\"author\":{\"name\":\"Radio Ljubu\u0161ki\",\"@id\":\"https:\\\/\\\/radioljubuski.ba\\\/#\\\/schema\\\/person\\\/19fc700381a780f69665d7956c469e3b\"},\"headline\":\"Ovim osobama po 100 KM pomo\u0107i Vlade FBiH bit \u0107e ispla\u0107eno 5. i 10. kolovoza\",\"datePublished\":\"2022-08-02T12:50:39+00:00\",\"dateModified\":\"2022-08-02T12:50:40+00:00\",\"mainEntityOfPage\":{\"@id\":\"https:\\\/\\\/radioljubuski.ba\\\/index.php\\\/2022\\\/08\\\/02\\\/ovim-osobama-po-100-km-pomoci-vlade-fbih-bit-ce-isplaceno-5-i-10-kolovoza\\\/\"},\"wordCount\":328,\"publisher\":{\"@id\":\"https:\\\/\\\/radioljubuski.ba\\\/#organization\"},\"image\":{\"@id\":\"https:\\\/\\\/radioljubuski.ba\\\/index.php\\\/2022\\\/08\\\/02\\\/ovim-osobama-po-100-km-pomoci-vlade-fbih-bit-ce-isplaceno-5-i-10-kolovoza\\\/#primaryimage\"},\"thumbnailUrl\":\"https:\\\/\\\/radioljubuski.ba\\\/wp-content\\\/uploads\\\/2021\\\/04\\\/novac-marke.jpg\",\"articleSection\":[\"BIH i regija\"],\"inLanguage\":\"hr\"},{\"@type\":\"WebPage\",\"@id\":\"https:\\\/\\\/radioljubuski.ba\\\/index.php\\\/2022\\\/08\\\/02\\\/ovim-osobama-po-100-km-pomoci-vlade-fbih-bit-ce-isplaceno-5-i-10-kolovoza\\\/\",\"url\":\"https:\\\/\\\/radioljubuski.ba\\\/index.php\\\/2022\\\/08\\\/02\\\/ovim-osobama-po-100-km-pomoci-vlade-fbih-bit-ce-isplaceno-5-i-10-kolovoza\\\/\",\"name\":\"Ovim osobama po 100 KM pomo\u0107i Vlade FBiH bit \u0107e ispla\u0107eno 5. i 10. kolovoza - RADIO LJUBU\u0160KI\",\"isPartOf\":{\"@id\":\"https:\\\/\\\/radioljubuski.ba\\\/#website\"},\"primaryImageOfPage\":{\"@id\":\"https:\\\/\\\/radioljubuski.ba\\\/index.php\\\/2022\\\/08\\\/02\\\/ovim-osobama-po-100-km-pomoci-vlade-fbih-bit-ce-isplaceno-5-i-10-kolovoza\\\/#primaryimage\"},\"image\":{\"@id\":\"https:\\\/\\\/radioljubuski.ba\\\/index.php\\\/2022\\\/08\\\/02\\\/ovim-osobama-po-100-km-pomoci-vlade-fbih-bit-ce-isplaceno-5-i-10-kolovoza\\\/#primaryimage\"},\"thumbnailUrl\":\"https:\\\/\\\/radioljubuski.ba\\\/wp-content\\\/uploads\\\/2021\\\/04\\\/novac-marke.jpg\",\"datePublished\":\"2022-08-02T12:50:39+00:00\",\"dateModified\":\"2022-08-02T12:50:40+00:00\",\"breadcrumb\":{\"@id\":\"https:\\\/\\\/radioljubuski.ba\\\/index.php\\\/2022\\\/08\\\/02\\\/ovim-osobama-po-100-km-pomoci-vlade-fbih-bit-ce-isplaceno-5-i-10-kolovoza\\\/#breadcrumb\"},\"inLanguage\":\"hr\",\"potentialAction\":[{\"@type\":\"ReadAction\",\"target\":[\"https:\\\/\\\/radioljubuski.ba\\\/index.php\\\/2022\\\/08\\\/02\\\/ovim-osobama-po-100-km-pomoci-vlade-fbih-bit-ce-isplaceno-5-i-10-kolovoza\\\/\"]}]},{\"@type\":\"ImageObject\",\"inLanguage\":\"hr\",\"@id\":\"https:\\\/\\\/radioljubuski.ba\\\/index.php\\\/2022\\\/08\\\/02\\\/ovim-osobama-po-100-km-pomoci-vlade-fbih-bit-ce-isplaceno-5-i-10-kolovoza\\\/#primaryimage\",\"url\":\"https:\\\/\\\/radioljubuski.ba\\\/wp-content\\\/uploads\\\/2021\\\/04\\\/novac-marke.jpg\",\"contentUrl\":\"https:\\\/\\\/radioljubuski.ba\\\/wp-content\\\/uploads\\\/2021\\\/04\\\/novac-marke.jpg\",\"width\":810,\"height\":500},{\"@type\":\"BreadcrumbList\",\"@id\":\"https:\\\/\\\/radioljubuski.ba\\\/index.php\\\/2022\\\/08\\\/02\\\/ovim-osobama-po-100-km-pomoci-vlade-fbih-bit-ce-isplaceno-5-i-10-kolovoza\\\/#breadcrumb\",\"itemListElement\":[{\"@type\":\"ListItem\",\"position\":1,\"name\":\"Po\u010detna stranica\",\"item\":\"https:\\\/\\\/radioljubuski.ba\\\/\"},{\"@type\":\"ListItem\",\"position\":2,\"name\":\"Ovim osobama po 100 KM pomo\u0107i Vlade FBiH bit \u0107e ispla\u0107eno 5. i 10. kolovoza\"}]},{\"@type\":\"WebSite\",\"@id\":\"https:\\\/\\\/radioljubuski.ba\\\/#website\",\"url\":\"https:\\\/\\\/radioljubuski.ba\\\/\",\"name\":\"Radio Ljubu\u0161ki\",\"description\":\"Sun\u010dana frekvencija Hercegovine\",\"publisher\":{\"@id\":\"https:\\\/\\\/radioljubuski.ba\\\/#organization\"},\"potentialAction\":[{\"@type\":\"SearchAction\",\"target\":{\"@type\":\"EntryPoint\",\"urlTemplate\":\"https:\\\/\\\/radioljubuski.ba\\\/?s={search_term_string}\"},\"query-input\":{\"@type\":\"PropertyValueSpecification\",\"valueRequired\":true,\"valueName\":\"search_term_string\"}}],\"inLanguage\":\"hr\"},{\"@type\":\"Organization\",\"@id\":\"https:\\\/\\\/radioljubuski.ba\\\/#organization\",\"name\":\"Radio Ljubu\u0161ki\",\"url\":\"https:\\\/\\\/radioljubuski.ba\\\/\",\"logo\":{\"@type\":\"ImageObject\",\"inLanguage\":\"hr\",\"@id\":\"https:\\\/\\\/radioljubuski.ba\\\/#\\\/schema\\\/logo\\\/image\\\/\",\"url\":\"https:\\\/\\\/radioljubuski.ba\\\/wp-content\\\/uploads\\\/2021\\\/02\\\/cropped-Radio_Ljubuski_logo1.jpg\",\"contentUrl\":\"https:\\\/\\\/radioljubuski.ba\\\/wp-content\\\/uploads\\\/2021\\\/02\\\/cropped-Radio_Ljubuski_logo1.jpg\",\"width\":512,\"height\":512,\"caption\":\"Radio Ljubu\u0161ki\"},\"image\":{\"@id\":\"https:\\\/\\\/radioljubuski.ba\\\/#\\\/schema\\\/logo\\\/image\\\/\"},\"sameAs\":[\"https:\\\/\\\/www.facebook.com\\\/Radiio-Ljubuski-1490835324566332\",\"https:\\\/\\\/x.com\\\/radioljubuski\",\"https:\\\/\\\/hr.linkedin.com\\\/company\\\/radio-ljubuski\",\"https:\\\/\\\/www.youtube.com\\\/channel\\\/UCHYaeO_n0Db3tjNGudGpXyw\"]},{\"@type\":\"Person\",\"@id\":\"https:\\\/\\\/radioljubuski.ba\\\/#\\\/schema\\\/person\\\/19fc700381a780f69665d7956c469e3b\",\"name\":\"Radio Ljubu\u0161ki\"}]}<\/script>\n<!-- \/ Yoast SEO plugin. -->","yoast_head_json":{"title":"Ovim osobama po 100 KM pomo\u0107i Vlade FBiH bit \u0107e ispla\u0107eno 5. i 10. kolovoza - RADIO LJUBU\u0160KI","robots":{"index":"index","follow":"follow","max-snippet":"max-snippet:-1","max-image-preview":"max-image-preview:large","max-video-preview":"max-video-preview:-1"},"canonical":"https:\/\/radioljubuski.ba\/index.php\/2022\/08\/02\/ovim-osobama-po-100-km-pomoci-vlade-fbih-bit-ce-isplaceno-5-i-10-kolovoza\/","og_locale":"hr_HR","og_type":"article","og_title":"Ovim osobama po 100 KM pomo\u0107i Vlade FBiH bit \u0107e ispla\u0107eno 5. i 10. kolovoza - RADIO LJUBU\u0160KI","og_description":"Isplata jednokratne nov\u010dane pomo\u0107i od po 100 KM Vlade Federacije Bosne i Hercegovine braniteljskim kategorijama bit \u0107e zavr\u0161ena sa 10. kolovozom, potvrdio je za Faktor Mirza Terzo, pomo\u0107nik federalnog ministra za pitanja branitelja. Pomo\u0107 Vlade Federacije Bosne i Hercegovine \u0107e dobiti oko 100.000 korisnika. Kao \u0161to je poznato, 100 KM se mo\u017ee dobiti samo po [&hellip;]","og_url":"https:\/\/radioljubuski.ba\/index.php\/2022\/08\/02\/ovim-osobama-po-100-km-pomoci-vlade-fbih-bit-ce-isplaceno-5-i-10-kolovoza\/","og_site_name":"RADIO LJUBU\u0160KI","article_publisher":"https:\/\/www.facebook.com\/Radiio-Ljubuski-1490835324566332","article_published_time":"2022-08-02T12:50:39+00:00","article_modified_time":"2022-08-02T12:50:40+00:00","og_image":[{"width":810,"height":500,"url":"https:\/\/radioljubuski.ba\/wp-content\/uploads\/2021\/04\/novac-marke.jpg","type":"image\/jpeg"}],"author":"Radio Ljubu\u0161ki","twitter_card":"summary_large_image","twitter_creator":"@radioljubuski","twitter_site":"@radioljubuski","twitter_misc":{"Napisao\/la":"Radio Ljubu\u0161ki","Procijenjeno vrijeme \u010ditanja":"2 minute"},"schema":{"@context":"https:\/\/schema.org","@graph":[{"@type":"Article","@id":"https:\/\/radioljubuski.ba\/index.php\/2022\/08\/02\/ovim-osobama-po-100-km-pomoci-vlade-fbih-bit-ce-isplaceno-5-i-10-kolovoza\/#article","isPartOf":{"@id":"https:\/\/radioljubuski.ba\/index.php\/2022\/08\/02\/ovim-osobama-po-100-km-pomoci-vlade-fbih-bit-ce-isplaceno-5-i-10-kolovoza\/"},"author":{"name":"Radio Ljubu\u0161ki","@id":"https:\/\/radioljubuski.ba\/#\/schema\/person\/19fc700381a780f69665d7956c469e3b"},"headline":"Ovim osobama po 100 KM pomo\u0107i Vlade FBiH bit \u0107e ispla\u0107eno 5. i 10. kolovoza","datePublished":"2022-08-02T12:50:39+00:00","dateModified":"2022-08-02T12:50:40+00:00","mainEntityOfPage":{"@id":"https:\/\/radioljubuski.ba\/index.php\/2022\/08\/02\/ovim-osobama-po-100-km-pomoci-vlade-fbih-bit-ce-isplaceno-5-i-10-kolovoza\/"},"wordCount":328,"publisher":{"@id":"https:\/\/radioljubuski.ba\/#organization"},"image":{"@id":"https:\/\/radioljubuski.ba\/index.php\/2022\/08\/02\/ovim-osobama-po-100-km-pomoci-vlade-fbih-bit-ce-isplaceno-5-i-10-kolovoza\/#primaryimage"},"thumbnailUrl":"https:\/\/radioljubuski.ba\/wp-content\/uploads\/2021\/04\/novac-marke.jpg","articleSection":["BIH i regija"],"inLanguage":"hr"},{"@type":"WebPage","@id":"https:\/\/radioljubuski.ba\/index.php\/2022\/08\/02\/ovim-osobama-po-100-km-pomoci-vlade-fbih-bit-ce-isplaceno-5-i-10-kolovoza\/","url":"https:\/\/radioljubuski.ba\/index.php\/2022\/08\/02\/ovim-osobama-po-100-km-pomoci-vlade-fbih-bit-ce-isplaceno-5-i-10-kolovoza\/","name":"Ovim osobama po 100 KM pomo\u0107i Vlade FBiH bit \u0107e ispla\u0107eno 5. i 10. kolovoza - RADIO LJUBU\u0160KI","isPartOf":{"@id":"https:\/\/radioljubuski.ba\/#website"},"primaryImageOfPage":{"@id":"https:\/\/radioljubuski.ba\/index.php\/2022\/08\/02\/ovim-osobama-po-100-km-pomoci-vlade-fbih-bit-ce-isplaceno-5-i-10-kolovoza\/#primaryimage"},"image":{"@id":"https:\/\/radioljubuski.ba\/index.php\/2022\/08\/02\/ovim-osobama-po-100-km-pomoci-vlade-fbih-bit-ce-isplaceno-5-i-10-kolovoza\/#primaryimage"},"thumbnailUrl":"https:\/\/radioljubuski.ba\/wp-content\/uploads\/2021\/04\/novac-marke.jpg","datePublished":"2022-08-02T12:50:39+00:00","dateModified":"2022-08-02T12:50:40+00:00","breadcrumb":{"@id":"https:\/\/radioljubuski.ba\/index.php\/2022\/08\/02\/ovim-osobama-po-100-km-pomoci-vlade-fbih-bit-ce-isplaceno-5-i-10-kolovoza\/#breadcrumb"},"inLanguage":"hr","potentialAction":[{"@type":"ReadAction","target":["https:\/\/radioljubuski.ba\/index.php\/2022\/08\/02\/ovim-osobama-po-100-km-pomoci-vlade-fbih-bit-ce-isplaceno-5-i-10-kolovoza\/"]}]},{"@type":"ImageObject","inLanguage":"hr","@id":"https:\/\/radioljubuski.ba\/index.php\/2022\/08\/02\/ovim-osobama-po-100-km-pomoci-vlade-fbih-bit-ce-isplaceno-5-i-10-kolovoza\/#primaryimage","url":"https:\/\/radioljubuski.ba\/wp-content\/uploads\/2021\/04\/novac-marke.jpg","contentUrl":"https:\/\/radioljubuski.ba\/wp-content\/uploads\/2021\/04\/novac-marke.jpg","width":810,"height":500},{"@type":"BreadcrumbList","@id":"https:\/\/radioljubuski.ba\/index.php\/2022\/08\/02\/ovim-osobama-po-100-km-pomoci-vlade-fbih-bit-ce-isplaceno-5-i-10-kolovoza\/#breadcrumb","itemListElement":[{"@type":"ListItem","position":1,"name":"Po\u010detna stranica","item":"https:\/\/radioljubuski.ba\/"},{"@type":"ListItem","position":2,"name":"Ovim osobama po 100 KM pomo\u0107i Vlade FBiH bit \u0107e ispla\u0107eno 5. i 10. kolovoza"}]},{"@type":"WebSite","@id":"https:\/\/radioljubuski.ba\/#website","url":"https:\/\/radioljubuski.ba\/","name":"Radio Ljubu\u0161ki","description":"Sun\u010dana frekvencija Hercegovine","publisher":{"@id":"https:\/\/radioljubuski.ba\/#organization"},"potentialAction":[{"@type":"SearchAction","target":{"@type":"EntryPoint","urlTemplate":"https:\/\/radioljubuski.ba\/?s={search_term_string}"},"query-input":{"@type":"PropertyValueSpecification","valueRequired":true,"valueName":"search_term_string"}}],"inLanguage":"hr"},{"@type":"Organization","@id":"https:\/\/radioljubuski.ba\/#organization","name":"Radio Ljubu\u0161ki","url":"https:\/\/radioljubuski.ba\/","logo":{"@type":"ImageObject","inLanguage":"hr","@id":"https:\/\/radioljubuski.ba\/#\/schema\/logo\/image\/","url":"https:\/\/radioljubuski.ba\/wp-content\/uploads\/2021\/02\/cropped-Radio_Ljubuski_logo1.jpg","contentUrl":"https:\/\/radioljubuski.ba\/wp-content\/uploads\/2021\/02\/cropped-Radio_Ljubuski_logo1.jpg","width":512,"height":512,"caption":"Radio Ljubu\u0161ki"},"image":{"@id":"https:\/\/radioljubuski.ba\/#\/schema\/logo\/image\/"},"sameAs":["https:\/\/www.facebook.com\/Radiio-Ljubuski-1490835324566332","https:\/\/x.com\/radioljubuski","https:\/\/hr.linkedin.com\/company\/radio-ljubuski","https:\/\/www.youtube.com\/channel\/UCHYaeO_n0Db3tjNGudGpXyw"]},{"@type":"Person","@id":"https:\/\/radioljubuski.ba\/#\/schema\/person\/19fc700381a780f69665d7956c469e3b","name":"Radio Ljubu\u0161ki"}]}},"_links":{"self":[{"href":"https:\/\/radioljubuski.ba\/index.php\/wp-json\/wp\/v2\/posts\/165872","targetHints":{"allow":["GET"]}}],"collection":[{"href":"https:\/\/radioljubuski.ba\/index.php\/wp-json\/wp\/v2\/posts"}],"about":[{"href":"https:\/\/radioljubuski.ba\/index.php\/wp-json\/wp\/v2\/types\/post"}],"author":[{"embeddable":true,"href":"https:\/\/radioljubuski.ba\/index.php\/wp-json\/wp\/v2\/users\/2"}],"replies":[{"embeddable":true,"href":"https:\/\/radioljubuski.ba\/index.php\/wp-json\/wp\/v2\/comments?post=165872"}],"version-history":[{"count":1,"href":"https:\/\/radioljubuski.ba\/index.php\/wp-json\/wp\/v2\/posts\/165872\/revisions"}],"predecessor-version":[{"id":165873,"href":"https:\/\/radioljubuski.ba\/index.php\/wp-json\/wp\/v2\/posts\/165872\/revisions\/165873"}],"wp:featuredmedia":[{"embeddable":true,"href":"https:\/\/radioljubuski.ba\/index.php\/wp-json\/wp\/v2\/media\/15391"}],"wp:attachment":[{"href":"https:\/\/radioljubuski.ba\/index.php\/wp-json\/wp\/v2\/media?parent=165872"}],"wp:term":[{"taxonomy":"category","embeddable":true,"href":"https:\/\/radioljubuski.ba\/index.php\/wp-json\/wp\/v2\/categories?post=165872"},{"taxonomy":"post_tag","embeddable":true,"href":"https:\/\/radioljubuski.ba\/index.php\/wp-json\/wp\/v2\/tags?post=165872"}],"curies":[{"name":"wp","href":"https:\/\/api.w.org\/{rel}","templated":true}]}}