{"id":165874,"date":"2022-08-02T13:51:48","date_gmt":"2022-08-02T12:51:48","guid":{"rendered":"https:\/\/radioljubuski.ba\/?p=165874"},"modified":"2022-08-02T13:51:49","modified_gmt":"2022-08-02T12:51:49","slug":"cini-vam-se-da-vrijeme-leti-brze-nego-ikad-znanstvenici-kazu-da-ste-u-pravu","status":"publish","type":"post","link":"https:\/\/radioljubuski.ba\/index.php\/2022\/08\/02\/cini-vam-se-da-vrijeme-leti-brze-nego-ikad-znanstvenici-kazu-da-ste-u-pravu\/","title":{"rendered":"\u010cini vam se da vrijeme leti br\u017ee nego ikad? Znanstvenici ka\u017eu da ste u pravu"},"content":{"rendered":"\n<p>Pono\u0107 dolazi djeli\u0107 ranije jer se Zemlja br\u017ee okre\u0107e! \u0160to se doga\u0111a?<\/p>\n\n\n\n<p>Ako vam se \u010dini da je vrijeme leti br\u017ee nego ikad, okrivite revoluciju. Naime, 29. lipnja Zemlja je zabilje\u017eila neobi\u010dan rekord: najkra\u0107i dan od 1960-ih, kada su znanstvenici po\u010deli mjeriti rotaciju planeta atomskim satovima visoke preciznosti, pi\u0161e<a href=\"https:\/\/www.jutarnji.hr\/life\/znanost\/cini-vam-se-da-vrijeme-leti-brze-nego-ikad-u-pravu-ste-nedavno-smo-imali-najkraci-dan-otkako-su-pocela-mjerenja-rotacije-zemlje-15230507\" target=\"_blank\" rel=\"noreferrer noopener\"> Jutarnji list<\/a><\/p>\n\n\n\n<p>Op\u0107enito govore\u0107i, Zemlja napravi jedan puni krug oko svoje osi svaka 24 sata. Ta jedna vrtnja ozna\u010dava dan i pokre\u0107e ciklus izlaska i zalaska sunca koji je oblikovao obrasce \u017eivota milijardama godina. Ali 29. lipnja, pono\u0107 je stigla 1,59 milisekundi prije o\u010dekivanog. Proteklih nekoliko godina svjedo\u010dimo nizu rekorda, pri \u010demu su kra\u0107i dani sve \u010de\u0161\u0107e zabilje\u017eeni. U 2020. na Zemlji je bilo 28 najkra\u0107ih dana u proteklih 50 godina, a najkra\u0107i od njih, 19. srpnja, bio je kra\u0107i je 1,47 milisekundi od 86.400 sekundi koliko \u010dini 24 sata. Rekord od 29. lipnja bio je blizu ponovnog obaranja pro\u0161log mjeseca, kada je 26. srpnja dan trajao 1,5 milisekundi kra\u0107e.<\/p>\n\n\n\n<p>Dakle, planet ubrzava? No, dugoro\u010dno gledano, uspore\u0111uju\u0107i s geolo\u0161kim razdobljem uspona i pada dinosaura, Zemlja se zapravo okre\u0107e sporije nego prije. Kad bi vratili sat 1,4 milijarde godina unatrag dan bi trajao manje od 19 sati. U prosjeku, dakle, dani na Zemlji postaju dulji umjesto kra\u0107i, za oko jedan 74.000 dio sekunde svake godine. Mjesec je uglavnom kriv za taj u\u010dinak: gravitacijsko privla\u010denje lagano iskrivljuje planet, stvaraju\u0107i plimno trenje koje stalno usporava Zemljinu rotaciju.<\/p>\n\n\n\n<p>Kako bi kazaljke na satovima bile uskla\u0111ene s vrtnjom planeta, Me\u0111unarodna unija za telekomunikacije, tijelo Ujedinjenih naroda, dodaje povremene te prijestupne sekunde u lipnju ili prosincu \u2013 posljednji put 2016. \u2013 u\u010dinkovito zaustavljaju\u0107i satove na sekundu kako bi Zemlja mogla uhvatiti ritam. Prva prijestupna sekunda dodana je 1972. Sljede\u0107a prilika je u prosincu 2022., iako s obzirom na to da se Zemlja u posljednje vrijeme tako brzo okre\u0107e, malo je vjerojatno da \u0107e biti potrebna.<\/p>\n\n\n\n<p>Dok Zemlja dugoro\u010dno usporava, situacija je lo\u0161ija u kra\u0107im vremenskim razdobljima. Unutar Zemlje nalazi se rastaljena jezgra; njegova povr\u0161ina je masa kontinenata, nabujalih oceana i nestajanja ledenjaka. Cijeli je planet umotan u debeli pokriva\u010d plinova i nji\u0161e se dok se okre\u0107e oko svoje osi. Sve to utje\u010de na rotaciju Zemlje, ubrzavaju\u0107i je ili usporavaju\u0107i, iako su promjene u biti neprimjetne.<\/p>\n\n\n\n<p>Prema NASA-i, ja\u010di vjetrovi u godinama El Ni\u00f1a mogu usporiti vrtnju planeta, produ\u017euju\u0107i dan za djeli\u0107 milisekunde. Potresi, s druge strane, mogu imati suprotan u\u010dinak. Potres 2004. koji je izazvao tsunami u Indijskom oceanu pomaknuo je dovoljno stijena da skrati trajanje dana za gotovo tri mikrosekunde.<\/p>\n\n\n\n<p>Sve \u0161to pomi\u010de masu prema sredi\u0161tu Zemlje ubrzat \u0107e rotaciju planeta, sli\u010dno kao \u0161to kliza\u010d na ledu koji se okre\u0107e ubrzava kada ruke priljubi tijelu. Geolo\u0161ka aktivnost koja gura masu iz sredi\u0161ta prema van imat \u0107e suprotan u\u010dinak i usporiti vrtnju.<\/p>\n\n\n\n<p>Kako se svi ti razli\u010diti procesi spajaju tako da utje\u010du na duljinu dana pitanje je s kojim se znanstvenici jo\u0161 uvijek bore. No, ako se trend kra\u0107ih dana nastavi du\u017ee, to bi moglo dovesti do poziva na prvu &#8220;negativnu prijestupnu sekundu&#8221;. Umjesto dodavanja sekunde satovima, prihva\u0107eno vrijeme bi presko\u010dilo sekundu kako bi dr\u017ealo korak s planetom koji se br\u017ee okre\u0107e. To bi za uzvrat moglo imati neke posljedice, ponovno pokretanje rasprave o tome je li, nakon vi\u0161e od 5000 godina, definiranje vremena kretanjem planeta ideja kojoj je isteklo vrijeme.<\/p>\n\n\n\n<p>Izvor:jutarnji.hr<\/p>\n","protected":false},"excerpt":{"rendered":"<p>Pono\u0107 dolazi djeli\u0107 ranije jer se Zemlja br\u017ee okre\u0107e! \u0160to se doga\u0111a? Ako vam se \u010dini da je vrijeme leti br\u017ee nego ikad, okrivite revoluciju. Naime, 29. lipnja Zemlja je zabilje\u017eila neobi\u010dan rekord: najkra\u0107i dan od 1960-ih, kada su znanstvenici po\u010deli mjeriti rotaciju planeta atomskim satovima visoke preciznosti, pi\u0161e Jutarnji list Op\u0107enito govore\u0107i, Zemlja napravi [&hellip;]<\/p>\n","protected":false},"author":2,"featured_media":165875,"comment_status":"closed","ping_status":"closed","sticky":false,"template":"","format":"standard","meta":{"h5ap_radio_sources":[],"footnotes":""},"categories":[1],"tags":[],"class_list":["post-165874","post","type-post","status-publish","format-standard","has-post-thumbnail","hentry","category-bihiregija"],"yoast_head":"<!-- This site is optimized with the Yoast SEO plugin v27.4 - https:\/\/yoast.com\/product\/yoast-seo-wordpress\/ -->\n<title>\u010cini vam se da vrijeme leti br\u017ee nego ikad? Znanstvenici ka\u017eu da ste u pravu - RADIO LJUBU\u0160KI<\/title>\n<meta name=\"robots\" content=\"index, follow, max-snippet:-1, max-image-preview:large, max-video-preview:-1\" \/>\n<link rel=\"canonical\" href=\"https:\/\/radioljubuski.ba\/index.php\/2022\/08\/02\/cini-vam-se-da-vrijeme-leti-brze-nego-ikad-znanstvenici-kazu-da-ste-u-pravu\/\" \/>\n<meta property=\"og:locale\" content=\"hr_HR\" \/>\n<meta property=\"og:type\" content=\"article\" \/>\n<meta property=\"og:title\" content=\"\u010cini vam se da vrijeme leti br\u017ee nego ikad? Znanstvenici ka\u017eu da ste u pravu - RADIO LJUBU\u0160KI\" \/>\n<meta property=\"og:description\" content=\"Pono\u0107 dolazi djeli\u0107 ranije jer se Zemlja br\u017ee okre\u0107e! \u0160to se doga\u0111a? Ako vam se \u010dini da je vrijeme leti br\u017ee nego ikad, okrivite revoluciju. Naime, 29. lipnja Zemlja je zabilje\u017eila neobi\u010dan rekord: najkra\u0107i dan od 1960-ih, kada su znanstvenici po\u010deli mjeriti rotaciju planeta atomskim satovima visoke preciznosti, pi\u0161e Jutarnji list Op\u0107enito govore\u0107i, Zemlja napravi [&hellip;]\" \/>\n<meta property=\"og:url\" content=\"https:\/\/radioljubuski.ba\/index.php\/2022\/08\/02\/cini-vam-se-da-vrijeme-leti-brze-nego-ikad-znanstvenici-kazu-da-ste-u-pravu\/\" \/>\n<meta property=\"og:site_name\" content=\"RADIO LJUBU\u0160KI\" \/>\n<meta property=\"article:publisher\" content=\"https:\/\/www.facebook.com\/Radiio-Ljubuski-1490835324566332\" \/>\n<meta property=\"article:published_time\" content=\"2022-08-02T12:51:48+00:00\" \/>\n<meta property=\"article:modified_time\" content=\"2022-08-02T12:51:49+00:00\" \/>\n<meta property=\"og:image\" content=\"https:\/\/radioljubuski.ba\/wp-content\/uploads\/2022\/08\/8-2022-08-02-12-41-50-ZEMLJA.jpg\" \/>\n\t<meta property=\"og:image:width\" content=\"1000\" \/>\n\t<meta property=\"og:image:height\" content=\"625\" \/>\n\t<meta property=\"og:image:type\" content=\"image\/jpeg\" \/>\n<meta name=\"author\" content=\"Radio Ljubu\u0161ki\" \/>\n<meta name=\"twitter:card\" content=\"summary_large_image\" \/>\n<meta name=\"twitter:creator\" content=\"@radioljubuski\" \/>\n<meta name=\"twitter:site\" content=\"@radioljubuski\" \/>\n<meta name=\"twitter:label1\" content=\"Napisao\/la\" \/>\n\t<meta name=\"twitter:data1\" content=\"Radio Ljubu\u0161ki\" \/>\n\t<meta name=\"twitter:label2\" content=\"Procijenjeno vrijeme \u010ditanja\" \/>\n\t<meta name=\"twitter:data2\" content=\"3 minute\" \/>\n<script type=\"application\/ld+json\" class=\"yoast-schema-graph\">{\"@context\":\"https:\\\/\\\/schema.org\",\"@graph\":[{\"@type\":\"Article\",\"@id\":\"https:\\\/\\\/radioljubuski.ba\\\/index.php\\\/2022\\\/08\\\/02\\\/cini-vam-se-da-vrijeme-leti-brze-nego-ikad-znanstvenici-kazu-da-ste-u-pravu\\\/#article\",\"isPartOf\":{\"@id\":\"https:\\\/\\\/radioljubuski.ba\\\/index.php\\\/2022\\\/08\\\/02\\\/cini-vam-se-da-vrijeme-leti-brze-nego-ikad-znanstvenici-kazu-da-ste-u-pravu\\\/\"},\"author\":{\"name\":\"Radio Ljubu\u0161ki\",\"@id\":\"https:\\\/\\\/radioljubuski.ba\\\/#\\\/schema\\\/person\\\/19fc700381a780f69665d7956c469e3b\"},\"headline\":\"\u010cini vam se da vrijeme leti br\u017ee nego ikad? Znanstvenici ka\u017eu da ste u pravu\",\"datePublished\":\"2022-08-02T12:51:48+00:00\",\"dateModified\":\"2022-08-02T12:51:49+00:00\",\"mainEntityOfPage\":{\"@id\":\"https:\\\/\\\/radioljubuski.ba\\\/index.php\\\/2022\\\/08\\\/02\\\/cini-vam-se-da-vrijeme-leti-brze-nego-ikad-znanstvenici-kazu-da-ste-u-pravu\\\/\"},\"wordCount\":609,\"publisher\":{\"@id\":\"https:\\\/\\\/radioljubuski.ba\\\/#organization\"},\"image\":{\"@id\":\"https:\\\/\\\/radioljubuski.ba\\\/index.php\\\/2022\\\/08\\\/02\\\/cini-vam-se-da-vrijeme-leti-brze-nego-ikad-znanstvenici-kazu-da-ste-u-pravu\\\/#primaryimage\"},\"thumbnailUrl\":\"https:\\\/\\\/radioljubuski.ba\\\/wp-content\\\/uploads\\\/2022\\\/08\\\/8-2022-08-02-12-41-50-ZEMLJA.jpg\",\"articleSection\":[\"BIH i regija\"],\"inLanguage\":\"hr\"},{\"@type\":\"WebPage\",\"@id\":\"https:\\\/\\\/radioljubuski.ba\\\/index.php\\\/2022\\\/08\\\/02\\\/cini-vam-se-da-vrijeme-leti-brze-nego-ikad-znanstvenici-kazu-da-ste-u-pravu\\\/\",\"url\":\"https:\\\/\\\/radioljubuski.ba\\\/index.php\\\/2022\\\/08\\\/02\\\/cini-vam-se-da-vrijeme-leti-brze-nego-ikad-znanstvenici-kazu-da-ste-u-pravu\\\/\",\"name\":\"\u010cini vam se da vrijeme leti br\u017ee nego ikad? Znanstvenici ka\u017eu da ste u pravu - RADIO LJUBU\u0160KI\",\"isPartOf\":{\"@id\":\"https:\\\/\\\/radioljubuski.ba\\\/#website\"},\"primaryImageOfPage\":{\"@id\":\"https:\\\/\\\/radioljubuski.ba\\\/index.php\\\/2022\\\/08\\\/02\\\/cini-vam-se-da-vrijeme-leti-brze-nego-ikad-znanstvenici-kazu-da-ste-u-pravu\\\/#primaryimage\"},\"image\":{\"@id\":\"https:\\\/\\\/radioljubuski.ba\\\/index.php\\\/2022\\\/08\\\/02\\\/cini-vam-se-da-vrijeme-leti-brze-nego-ikad-znanstvenici-kazu-da-ste-u-pravu\\\/#primaryimage\"},\"thumbnailUrl\":\"https:\\\/\\\/radioljubuski.ba\\\/wp-content\\\/uploads\\\/2022\\\/08\\\/8-2022-08-02-12-41-50-ZEMLJA.jpg\",\"datePublished\":\"2022-08-02T12:51:48+00:00\",\"dateModified\":\"2022-08-02T12:51:49+00:00\",\"breadcrumb\":{\"@id\":\"https:\\\/\\\/radioljubuski.ba\\\/index.php\\\/2022\\\/08\\\/02\\\/cini-vam-se-da-vrijeme-leti-brze-nego-ikad-znanstvenici-kazu-da-ste-u-pravu\\\/#breadcrumb\"},\"inLanguage\":\"hr\",\"potentialAction\":[{\"@type\":\"ReadAction\",\"target\":[\"https:\\\/\\\/radioljubuski.ba\\\/index.php\\\/2022\\\/08\\\/02\\\/cini-vam-se-da-vrijeme-leti-brze-nego-ikad-znanstvenici-kazu-da-ste-u-pravu\\\/\"]}]},{\"@type\":\"ImageObject\",\"inLanguage\":\"hr\",\"@id\":\"https:\\\/\\\/radioljubuski.ba\\\/index.php\\\/2022\\\/08\\\/02\\\/cini-vam-se-da-vrijeme-leti-brze-nego-ikad-znanstvenici-kazu-da-ste-u-pravu\\\/#primaryimage\",\"url\":\"https:\\\/\\\/radioljubuski.ba\\\/wp-content\\\/uploads\\\/2022\\\/08\\\/8-2022-08-02-12-41-50-ZEMLJA.jpg\",\"contentUrl\":\"https:\\\/\\\/radioljubuski.ba\\\/wp-content\\\/uploads\\\/2022\\\/08\\\/8-2022-08-02-12-41-50-ZEMLJA.jpg\",\"width\":1000,\"height\":625},{\"@type\":\"BreadcrumbList\",\"@id\":\"https:\\\/\\\/radioljubuski.ba\\\/index.php\\\/2022\\\/08\\\/02\\\/cini-vam-se-da-vrijeme-leti-brze-nego-ikad-znanstvenici-kazu-da-ste-u-pravu\\\/#breadcrumb\",\"itemListElement\":[{\"@type\":\"ListItem\",\"position\":1,\"name\":\"Po\u010detna stranica\",\"item\":\"https:\\\/\\\/radioljubuski.ba\\\/\"},{\"@type\":\"ListItem\",\"position\":2,\"name\":\"\u010cini vam se da vrijeme leti br\u017ee nego ikad? Znanstvenici ka\u017eu da ste u pravu\"}]},{\"@type\":\"WebSite\",\"@id\":\"https:\\\/\\\/radioljubuski.ba\\\/#website\",\"url\":\"https:\\\/\\\/radioljubuski.ba\\\/\",\"name\":\"Radio Ljubu\u0161ki\",\"description\":\"Sun\u010dana frekvencija Hercegovine\",\"publisher\":{\"@id\":\"https:\\\/\\\/radioljubuski.ba\\\/#organization\"},\"potentialAction\":[{\"@type\":\"SearchAction\",\"target\":{\"@type\":\"EntryPoint\",\"urlTemplate\":\"https:\\\/\\\/radioljubuski.ba\\\/?s={search_term_string}\"},\"query-input\":{\"@type\":\"PropertyValueSpecification\",\"valueRequired\":true,\"valueName\":\"search_term_string\"}}],\"inLanguage\":\"hr\"},{\"@type\":\"Organization\",\"@id\":\"https:\\\/\\\/radioljubuski.ba\\\/#organization\",\"name\":\"Radio Ljubu\u0161ki\",\"url\":\"https:\\\/\\\/radioljubuski.ba\\\/\",\"logo\":{\"@type\":\"ImageObject\",\"inLanguage\":\"hr\",\"@id\":\"https:\\\/\\\/radioljubuski.ba\\\/#\\\/schema\\\/logo\\\/image\\\/\",\"url\":\"https:\\\/\\\/radioljubuski.ba\\\/wp-content\\\/uploads\\\/2021\\\/02\\\/cropped-Radio_Ljubuski_logo1.jpg\",\"contentUrl\":\"https:\\\/\\\/radioljubuski.ba\\\/wp-content\\\/uploads\\\/2021\\\/02\\\/cropped-Radio_Ljubuski_logo1.jpg\",\"width\":512,\"height\":512,\"caption\":\"Radio Ljubu\u0161ki\"},\"image\":{\"@id\":\"https:\\\/\\\/radioljubuski.ba\\\/#\\\/schema\\\/logo\\\/image\\\/\"},\"sameAs\":[\"https:\\\/\\\/www.facebook.com\\\/Radiio-Ljubuski-1490835324566332\",\"https:\\\/\\\/x.com\\\/radioljubuski\",\"https:\\\/\\\/hr.linkedin.com\\\/company\\\/radio-ljubuski\",\"https:\\\/\\\/www.youtube.com\\\/channel\\\/UCHYaeO_n0Db3tjNGudGpXyw\"]},{\"@type\":\"Person\",\"@id\":\"https:\\\/\\\/radioljubuski.ba\\\/#\\\/schema\\\/person\\\/19fc700381a780f69665d7956c469e3b\",\"name\":\"Radio Ljubu\u0161ki\"}]}<\/script>\n<!-- \/ Yoast SEO plugin. -->","yoast_head_json":{"title":"\u010cini vam se da vrijeme leti br\u017ee nego ikad? Znanstvenici ka\u017eu da ste u pravu - RADIO LJUBU\u0160KI","robots":{"index":"index","follow":"follow","max-snippet":"max-snippet:-1","max-image-preview":"max-image-preview:large","max-video-preview":"max-video-preview:-1"},"canonical":"https:\/\/radioljubuski.ba\/index.php\/2022\/08\/02\/cini-vam-se-da-vrijeme-leti-brze-nego-ikad-znanstvenici-kazu-da-ste-u-pravu\/","og_locale":"hr_HR","og_type":"article","og_title":"\u010cini vam se da vrijeme leti br\u017ee nego ikad? Znanstvenici ka\u017eu da ste u pravu - RADIO LJUBU\u0160KI","og_description":"Pono\u0107 dolazi djeli\u0107 ranije jer se Zemlja br\u017ee okre\u0107e! \u0160to se doga\u0111a? Ako vam se \u010dini da je vrijeme leti br\u017ee nego ikad, okrivite revoluciju. Naime, 29. lipnja Zemlja je zabilje\u017eila neobi\u010dan rekord: najkra\u0107i dan od 1960-ih, kada su znanstvenici po\u010deli mjeriti rotaciju planeta atomskim satovima visoke preciznosti, pi\u0161e Jutarnji list Op\u0107enito govore\u0107i, Zemlja napravi [&hellip;]","og_url":"https:\/\/radioljubuski.ba\/index.php\/2022\/08\/02\/cini-vam-se-da-vrijeme-leti-brze-nego-ikad-znanstvenici-kazu-da-ste-u-pravu\/","og_site_name":"RADIO LJUBU\u0160KI","article_publisher":"https:\/\/www.facebook.com\/Radiio-Ljubuski-1490835324566332","article_published_time":"2022-08-02T12:51:48+00:00","article_modified_time":"2022-08-02T12:51:49+00:00","og_image":[{"width":1000,"height":625,"url":"https:\/\/radioljubuski.ba\/wp-content\/uploads\/2022\/08\/8-2022-08-02-12-41-50-ZEMLJA.jpg","type":"image\/jpeg"}],"author":"Radio Ljubu\u0161ki","twitter_card":"summary_large_image","twitter_creator":"@radioljubuski","twitter_site":"@radioljubuski","twitter_misc":{"Napisao\/la":"Radio Ljubu\u0161ki","Procijenjeno vrijeme \u010ditanja":"3 minute"},"schema":{"@context":"https:\/\/schema.org","@graph":[{"@type":"Article","@id":"https:\/\/radioljubuski.ba\/index.php\/2022\/08\/02\/cini-vam-se-da-vrijeme-leti-brze-nego-ikad-znanstvenici-kazu-da-ste-u-pravu\/#article","isPartOf":{"@id":"https:\/\/radioljubuski.ba\/index.php\/2022\/08\/02\/cini-vam-se-da-vrijeme-leti-brze-nego-ikad-znanstvenici-kazu-da-ste-u-pravu\/"},"author":{"name":"Radio Ljubu\u0161ki","@id":"https:\/\/radioljubuski.ba\/#\/schema\/person\/19fc700381a780f69665d7956c469e3b"},"headline":"\u010cini vam se da vrijeme leti br\u017ee nego ikad? Znanstvenici ka\u017eu da ste u pravu","datePublished":"2022-08-02T12:51:48+00:00","dateModified":"2022-08-02T12:51:49+00:00","mainEntityOfPage":{"@id":"https:\/\/radioljubuski.ba\/index.php\/2022\/08\/02\/cini-vam-se-da-vrijeme-leti-brze-nego-ikad-znanstvenici-kazu-da-ste-u-pravu\/"},"wordCount":609,"publisher":{"@id":"https:\/\/radioljubuski.ba\/#organization"},"image":{"@id":"https:\/\/radioljubuski.ba\/index.php\/2022\/08\/02\/cini-vam-se-da-vrijeme-leti-brze-nego-ikad-znanstvenici-kazu-da-ste-u-pravu\/#primaryimage"},"thumbnailUrl":"https:\/\/radioljubuski.ba\/wp-content\/uploads\/2022\/08\/8-2022-08-02-12-41-50-ZEMLJA.jpg","articleSection":["BIH i regija"],"inLanguage":"hr"},{"@type":"WebPage","@id":"https:\/\/radioljubuski.ba\/index.php\/2022\/08\/02\/cini-vam-se-da-vrijeme-leti-brze-nego-ikad-znanstvenici-kazu-da-ste-u-pravu\/","url":"https:\/\/radioljubuski.ba\/index.php\/2022\/08\/02\/cini-vam-se-da-vrijeme-leti-brze-nego-ikad-znanstvenici-kazu-da-ste-u-pravu\/","name":"\u010cini vam se da vrijeme leti br\u017ee nego ikad? Znanstvenici ka\u017eu da ste u pravu - RADIO LJUBU\u0160KI","isPartOf":{"@id":"https:\/\/radioljubuski.ba\/#website"},"primaryImageOfPage":{"@id":"https:\/\/radioljubuski.ba\/index.php\/2022\/08\/02\/cini-vam-se-da-vrijeme-leti-brze-nego-ikad-znanstvenici-kazu-da-ste-u-pravu\/#primaryimage"},"image":{"@id":"https:\/\/radioljubuski.ba\/index.php\/2022\/08\/02\/cini-vam-se-da-vrijeme-leti-brze-nego-ikad-znanstvenici-kazu-da-ste-u-pravu\/#primaryimage"},"thumbnailUrl":"https:\/\/radioljubuski.ba\/wp-content\/uploads\/2022\/08\/8-2022-08-02-12-41-50-ZEMLJA.jpg","datePublished":"2022-08-02T12:51:48+00:00","dateModified":"2022-08-02T12:51:49+00:00","breadcrumb":{"@id":"https:\/\/radioljubuski.ba\/index.php\/2022\/08\/02\/cini-vam-se-da-vrijeme-leti-brze-nego-ikad-znanstvenici-kazu-da-ste-u-pravu\/#breadcrumb"},"inLanguage":"hr","potentialAction":[{"@type":"ReadAction","target":["https:\/\/radioljubuski.ba\/index.php\/2022\/08\/02\/cini-vam-se-da-vrijeme-leti-brze-nego-ikad-znanstvenici-kazu-da-ste-u-pravu\/"]}]},{"@type":"ImageObject","inLanguage":"hr","@id":"https:\/\/radioljubuski.ba\/index.php\/2022\/08\/02\/cini-vam-se-da-vrijeme-leti-brze-nego-ikad-znanstvenici-kazu-da-ste-u-pravu\/#primaryimage","url":"https:\/\/radioljubuski.ba\/wp-content\/uploads\/2022\/08\/8-2022-08-02-12-41-50-ZEMLJA.jpg","contentUrl":"https:\/\/radioljubuski.ba\/wp-content\/uploads\/2022\/08\/8-2022-08-02-12-41-50-ZEMLJA.jpg","width":1000,"height":625},{"@type":"BreadcrumbList","@id":"https:\/\/radioljubuski.ba\/index.php\/2022\/08\/02\/cini-vam-se-da-vrijeme-leti-brze-nego-ikad-znanstvenici-kazu-da-ste-u-pravu\/#breadcrumb","itemListElement":[{"@type":"ListItem","position":1,"name":"Po\u010detna stranica","item":"https:\/\/radioljubuski.ba\/"},{"@type":"ListItem","position":2,"name":"\u010cini vam se da vrijeme leti br\u017ee nego ikad? Znanstvenici ka\u017eu da ste u pravu"}]},{"@type":"WebSite","@id":"https:\/\/radioljubuski.ba\/#website","url":"https:\/\/radioljubuski.ba\/","name":"Radio Ljubu\u0161ki","description":"Sun\u010dana frekvencija Hercegovine","publisher":{"@id":"https:\/\/radioljubuski.ba\/#organization"},"potentialAction":[{"@type":"SearchAction","target":{"@type":"EntryPoint","urlTemplate":"https:\/\/radioljubuski.ba\/?s={search_term_string}"},"query-input":{"@type":"PropertyValueSpecification","valueRequired":true,"valueName":"search_term_string"}}],"inLanguage":"hr"},{"@type":"Organization","@id":"https:\/\/radioljubuski.ba\/#organization","name":"Radio Ljubu\u0161ki","url":"https:\/\/radioljubuski.ba\/","logo":{"@type":"ImageObject","inLanguage":"hr","@id":"https:\/\/radioljubuski.ba\/#\/schema\/logo\/image\/","url":"https:\/\/radioljubuski.ba\/wp-content\/uploads\/2021\/02\/cropped-Radio_Ljubuski_logo1.jpg","contentUrl":"https:\/\/radioljubuski.ba\/wp-content\/uploads\/2021\/02\/cropped-Radio_Ljubuski_logo1.jpg","width":512,"height":512,"caption":"Radio Ljubu\u0161ki"},"image":{"@id":"https:\/\/radioljubuski.ba\/#\/schema\/logo\/image\/"},"sameAs":["https:\/\/www.facebook.com\/Radiio-Ljubuski-1490835324566332","https:\/\/x.com\/radioljubuski","https:\/\/hr.linkedin.com\/company\/radio-ljubuski","https:\/\/www.youtube.com\/channel\/UCHYaeO_n0Db3tjNGudGpXyw"]},{"@type":"Person","@id":"https:\/\/radioljubuski.ba\/#\/schema\/person\/19fc700381a780f69665d7956c469e3b","name":"Radio Ljubu\u0161ki"}]}},"_links":{"self":[{"href":"https:\/\/radioljubuski.ba\/index.php\/wp-json\/wp\/v2\/posts\/165874","targetHints":{"allow":["GET"]}}],"collection":[{"href":"https:\/\/radioljubuski.ba\/index.php\/wp-json\/wp\/v2\/posts"}],"about":[{"href":"https:\/\/radioljubuski.ba\/index.php\/wp-json\/wp\/v2\/types\/post"}],"author":[{"embeddable":true,"href":"https:\/\/radioljubuski.ba\/index.php\/wp-json\/wp\/v2\/users\/2"}],"replies":[{"embeddable":true,"href":"https:\/\/radioljubuski.ba\/index.php\/wp-json\/wp\/v2\/comments?post=165874"}],"version-history":[{"count":1,"href":"https:\/\/radioljubuski.ba\/index.php\/wp-json\/wp\/v2\/posts\/165874\/revisions"}],"predecessor-version":[{"id":165876,"href":"https:\/\/radioljubuski.ba\/index.php\/wp-json\/wp\/v2\/posts\/165874\/revisions\/165876"}],"wp:featuredmedia":[{"embeddable":true,"href":"https:\/\/radioljubuski.ba\/index.php\/wp-json\/wp\/v2\/media\/165875"}],"wp:attachment":[{"href":"https:\/\/radioljubuski.ba\/index.php\/wp-json\/wp\/v2\/media?parent=165874"}],"wp:term":[{"taxonomy":"category","embeddable":true,"href":"https:\/\/radioljubuski.ba\/index.php\/wp-json\/wp\/v2\/categories?post=165874"},{"taxonomy":"post_tag","embeddable":true,"href":"https:\/\/radioljubuski.ba\/index.php\/wp-json\/wp\/v2\/tags?post=165874"}],"curies":[{"name":"wp","href":"https:\/\/api.w.org\/{rel}","templated":true}]}}