{"id":165877,"date":"2022-08-02T13:53:14","date_gmt":"2022-08-02T12:53:14","guid":{"rendered":"https:\/\/radioljubuski.ba\/?p=165877"},"modified":"2022-08-02T13:53:14","modified_gmt":"2022-08-02T12:53:14","slug":"nezahvalne-prognoze-strucnjaka-cijene-goriva-i-hrane-u-bih-su-u-padu-ali-do-kada","status":"publish","type":"post","link":"https:\/\/radioljubuski.ba\/index.php\/2022\/08\/02\/nezahvalne-prognoze-strucnjaka-cijene-goriva-i-hrane-u-bih-su-u-padu-ali-do-kada\/","title":{"rendered":"Nezahvalne prognoze stru\u010dnjaka: Cijene goriva i hrane u BiH su u padu, ali do kada?"},"content":{"rendered":"\n<p>Puna skladi\u0161ta kod trgovaca i popunjene ku\u0107ne zalihe utjecali su na pad cijena hrane u BiH, a gra\u0111ani s nestrpljenjem o\u010dekuju da se na cijene osnovnih namirnica odrazi i evidentan pad cijena goriva, a time i tro\u0161kova transporta. Usprkos blagom popu\u0161tanju inflatornog pritiska, koji traje ve\u0107 du\u017ee vrijeme, ekonomski stru\u010dnjaci ne usu\u0111uju se dati dugoro\u010dnije procjene.<\/p>\n\n\n\n<p>Ono \u0161to je definitivno potvr\u0111eno jeste da je BiH u lipnju zabilje\u017eila rekordnu godi\u0161nju inflaciju od 15,8 posto te da su najve\u0107a poskupljenja, prema podacima Agencije za statistiku BiH, u sektoru prijevoza &#8211; 34,5 posto i na policama s hranom &#8211; 23,4 posto.<\/p>\n\n\n\n<p>Profesor Ekonomskog fakulteta u Sarajevu Ljiljan Veselinovi\u0107 ka\u017ee da, u slu\u010daju stabilizacije cijena goriva, treba o\u010dekivati smanjenje tro\u0161kova u proizvodnji i trgovini prakti\u010dno svega.<\/p>\n\n\n\n<p>&#8211; Me\u0111utim, te\u0161ko je prognozirati, jer cijene na globalnom nivou zavise od odnosa ponude i potra\u017enje. Zbog situacije u Ukrajini ponuda je manja nego ina\u010de, iako ima nekih pozitivnih pomaka, kao \u0161to je potpisivanje sporazuma s Rusijom o izvozu \u017eitarica iz Ukrajine. Potra\u017enja je ve\u0107a nego ina\u010de, jer zbog straha od nesta\u0161ica dr\u017eave i pojedinci kupuju ve\u0107e koli\u010dine nego ina\u010de. Kad se ove prilike stabiliziraju, postoji velika \u0161ansa da \u0107e se i cijene korigirati, ali vjerovatno ne na onaj pretpandemijski nivo &#8211; ka\u017ee Veselinovi\u0107 za <a href=\"https:\/\/avaz.ba\/vijesti\/bih\/762345\/nezahvalne-prognoze-strucnjaka-cijene-goriva-i-hrane-u-padu-ali-do-kada\" target=\"_blank\" rel=\"noreferrer noopener\">Avaz<\/a>.<\/p>\n\n\n\n<p>Ekonomski analiti\u010dar Admir \u010cavali\u0107 ka\u017ee da je blagi pad cijena hrane posljedica adaptacije globalnog tr\u017ei\u0161ta i stabilizacije u lancima snabdijevanja, kao i prilago\u0111avanja ratnom stanju u Ukrajini.<\/p>\n\n\n\n<p>Izvor.avaz.ba<\/p>\n","protected":false},"excerpt":{"rendered":"<p>Puna skladi\u0161ta kod trgovaca i popunjene ku\u0107ne zalihe utjecali su na pad cijena hrane u BiH, a gra\u0111ani s nestrpljenjem o\u010dekuju da se na cijene osnovnih namirnica odrazi i evidentan pad cijena goriva, a time i tro\u0161kova transporta. Usprkos blagom popu\u0161tanju inflatornog pritiska, koji traje ve\u0107 du\u017ee vrijeme, ekonomski stru\u010dnjaci ne usu\u0111uju se dati dugoro\u010dnije [&hellip;]<\/p>\n","protected":false},"author":2,"featured_media":91131,"comment_status":"closed","ping_status":"closed","sticky":false,"template":"","format":"standard","meta":{"h5ap_radio_sources":[],"footnotes":""},"categories":[1],"tags":[],"class_list":["post-165877","post","type-post","status-publish","format-standard","has-post-thumbnail","hentry","category-bihiregija"],"yoast_head":"<!-- This site is optimized with the Yoast SEO plugin v27.4 - https:\/\/yoast.com\/product\/yoast-seo-wordpress\/ -->\n<title>Nezahvalne prognoze stru\u010dnjaka: Cijene goriva i hrane u BiH su u padu, ali do kada? - RADIO LJUBU\u0160KI<\/title>\n<meta name=\"robots\" content=\"index, follow, max-snippet:-1, max-image-preview:large, max-video-preview:-1\" \/>\n<link rel=\"canonical\" href=\"https:\/\/radioljubuski.ba\/index.php\/2022\/08\/02\/nezahvalne-prognoze-strucnjaka-cijene-goriva-i-hrane-u-bih-su-u-padu-ali-do-kada\/\" \/>\n<meta property=\"og:locale\" content=\"hr_HR\" \/>\n<meta property=\"og:type\" content=\"article\" \/>\n<meta property=\"og:title\" content=\"Nezahvalne prognoze stru\u010dnjaka: Cijene goriva i hrane u BiH su u padu, ali do kada? - RADIO LJUBU\u0160KI\" \/>\n<meta property=\"og:description\" content=\"Puna skladi\u0161ta kod trgovaca i popunjene ku\u0107ne zalihe utjecali su na pad cijena hrane u BiH, a gra\u0111ani s nestrpljenjem o\u010dekuju da se na cijene osnovnih namirnica odrazi i evidentan pad cijena goriva, a time i tro\u0161kova transporta. Usprkos blagom popu\u0161tanju inflatornog pritiska, koji traje ve\u0107 du\u017ee vrijeme, ekonomski stru\u010dnjaci ne usu\u0111uju se dati dugoro\u010dnije [&hellip;]\" \/>\n<meta property=\"og:url\" content=\"https:\/\/radioljubuski.ba\/index.php\/2022\/08\/02\/nezahvalne-prognoze-strucnjaka-cijene-goriva-i-hrane-u-bih-su-u-padu-ali-do-kada\/\" \/>\n<meta property=\"og:site_name\" content=\"RADIO LJUBU\u0160KI\" \/>\n<meta property=\"article:publisher\" content=\"https:\/\/www.facebook.com\/Radiio-Ljubuski-1490835324566332\" \/>\n<meta property=\"article:published_time\" content=\"2022-08-02T12:53:14+00:00\" \/>\n<meta property=\"og:image\" content=\"https:\/\/radioljubuski.ba\/wp-content\/uploads\/2021\/11\/a6HfmD0A_trznica.jpg\" \/>\n\t<meta property=\"og:image:width\" content=\"1000\" \/>\n\t<meta property=\"og:image:height\" content=\"625\" \/>\n\t<meta property=\"og:image:type\" content=\"image\/jpeg\" \/>\n<meta name=\"author\" content=\"Radio Ljubu\u0161ki\" \/>\n<meta name=\"twitter:card\" content=\"summary_large_image\" \/>\n<meta name=\"twitter:creator\" content=\"@radioljubuski\" \/>\n<meta name=\"twitter:site\" content=\"@radioljubuski\" \/>\n<meta name=\"twitter:label1\" content=\"Napisao\/la\" \/>\n\t<meta name=\"twitter:data1\" content=\"Radio Ljubu\u0161ki\" \/>\n\t<meta name=\"twitter:label2\" content=\"Procijenjeno vrijeme \u010ditanja\" \/>\n\t<meta name=\"twitter:data2\" content=\"2 minute\" \/>\n<script type=\"application\/ld+json\" class=\"yoast-schema-graph\">{\"@context\":\"https:\\\/\\\/schema.org\",\"@graph\":[{\"@type\":\"Article\",\"@id\":\"https:\\\/\\\/radioljubuski.ba\\\/index.php\\\/2022\\\/08\\\/02\\\/nezahvalne-prognoze-strucnjaka-cijene-goriva-i-hrane-u-bih-su-u-padu-ali-do-kada\\\/#article\",\"isPartOf\":{\"@id\":\"https:\\\/\\\/radioljubuski.ba\\\/index.php\\\/2022\\\/08\\\/02\\\/nezahvalne-prognoze-strucnjaka-cijene-goriva-i-hrane-u-bih-su-u-padu-ali-do-kada\\\/\"},\"author\":{\"name\":\"Radio Ljubu\u0161ki\",\"@id\":\"https:\\\/\\\/radioljubuski.ba\\\/#\\\/schema\\\/person\\\/19fc700381a780f69665d7956c469e3b\"},\"headline\":\"Nezahvalne prognoze stru\u010dnjaka: Cijene goriva i hrane u BiH su u padu, ali do kada?\",\"datePublished\":\"2022-08-02T12:53:14+00:00\",\"mainEntityOfPage\":{\"@id\":\"https:\\\/\\\/radioljubuski.ba\\\/index.php\\\/2022\\\/08\\\/02\\\/nezahvalne-prognoze-strucnjaka-cijene-goriva-i-hrane-u-bih-su-u-padu-ali-do-kada\\\/\"},\"wordCount\":289,\"publisher\":{\"@id\":\"https:\\\/\\\/radioljubuski.ba\\\/#organization\"},\"image\":{\"@id\":\"https:\\\/\\\/radioljubuski.ba\\\/index.php\\\/2022\\\/08\\\/02\\\/nezahvalne-prognoze-strucnjaka-cijene-goriva-i-hrane-u-bih-su-u-padu-ali-do-kada\\\/#primaryimage\"},\"thumbnailUrl\":\"https:\\\/\\\/radioljubuski.ba\\\/wp-content\\\/uploads\\\/2021\\\/11\\\/a6HfmD0A_trznica.jpg\",\"articleSection\":[\"BIH i regija\"],\"inLanguage\":\"hr\"},{\"@type\":\"WebPage\",\"@id\":\"https:\\\/\\\/radioljubuski.ba\\\/index.php\\\/2022\\\/08\\\/02\\\/nezahvalne-prognoze-strucnjaka-cijene-goriva-i-hrane-u-bih-su-u-padu-ali-do-kada\\\/\",\"url\":\"https:\\\/\\\/radioljubuski.ba\\\/index.php\\\/2022\\\/08\\\/02\\\/nezahvalne-prognoze-strucnjaka-cijene-goriva-i-hrane-u-bih-su-u-padu-ali-do-kada\\\/\",\"name\":\"Nezahvalne prognoze stru\u010dnjaka: Cijene goriva i hrane u BiH su u padu, ali do kada? - RADIO LJUBU\u0160KI\",\"isPartOf\":{\"@id\":\"https:\\\/\\\/radioljubuski.ba\\\/#website\"},\"primaryImageOfPage\":{\"@id\":\"https:\\\/\\\/radioljubuski.ba\\\/index.php\\\/2022\\\/08\\\/02\\\/nezahvalne-prognoze-strucnjaka-cijene-goriva-i-hrane-u-bih-su-u-padu-ali-do-kada\\\/#primaryimage\"},\"image\":{\"@id\":\"https:\\\/\\\/radioljubuski.ba\\\/index.php\\\/2022\\\/08\\\/02\\\/nezahvalne-prognoze-strucnjaka-cijene-goriva-i-hrane-u-bih-su-u-padu-ali-do-kada\\\/#primaryimage\"},\"thumbnailUrl\":\"https:\\\/\\\/radioljubuski.ba\\\/wp-content\\\/uploads\\\/2021\\\/11\\\/a6HfmD0A_trznica.jpg\",\"datePublished\":\"2022-08-02T12:53:14+00:00\",\"breadcrumb\":{\"@id\":\"https:\\\/\\\/radioljubuski.ba\\\/index.php\\\/2022\\\/08\\\/02\\\/nezahvalne-prognoze-strucnjaka-cijene-goriva-i-hrane-u-bih-su-u-padu-ali-do-kada\\\/#breadcrumb\"},\"inLanguage\":\"hr\",\"potentialAction\":[{\"@type\":\"ReadAction\",\"target\":[\"https:\\\/\\\/radioljubuski.ba\\\/index.php\\\/2022\\\/08\\\/02\\\/nezahvalne-prognoze-strucnjaka-cijene-goriva-i-hrane-u-bih-su-u-padu-ali-do-kada\\\/\"]}]},{\"@type\":\"ImageObject\",\"inLanguage\":\"hr\",\"@id\":\"https:\\\/\\\/radioljubuski.ba\\\/index.php\\\/2022\\\/08\\\/02\\\/nezahvalne-prognoze-strucnjaka-cijene-goriva-i-hrane-u-bih-su-u-padu-ali-do-kada\\\/#primaryimage\",\"url\":\"https:\\\/\\\/radioljubuski.ba\\\/wp-content\\\/uploads\\\/2021\\\/11\\\/a6HfmD0A_trznica.jpg\",\"contentUrl\":\"https:\\\/\\\/radioljubuski.ba\\\/wp-content\\\/uploads\\\/2021\\\/11\\\/a6HfmD0A_trznica.jpg\",\"width\":1000,\"height\":625},{\"@type\":\"BreadcrumbList\",\"@id\":\"https:\\\/\\\/radioljubuski.ba\\\/index.php\\\/2022\\\/08\\\/02\\\/nezahvalne-prognoze-strucnjaka-cijene-goriva-i-hrane-u-bih-su-u-padu-ali-do-kada\\\/#breadcrumb\",\"itemListElement\":[{\"@type\":\"ListItem\",\"position\":1,\"name\":\"Po\u010detna stranica\",\"item\":\"https:\\\/\\\/radioljubuski.ba\\\/\"},{\"@type\":\"ListItem\",\"position\":2,\"name\":\"Nezahvalne prognoze stru\u010dnjaka: Cijene goriva i hrane u BiH su u padu, ali do kada?\"}]},{\"@type\":\"WebSite\",\"@id\":\"https:\\\/\\\/radioljubuski.ba\\\/#website\",\"url\":\"https:\\\/\\\/radioljubuski.ba\\\/\",\"name\":\"Radio Ljubu\u0161ki\",\"description\":\"Sun\u010dana frekvencija Hercegovine\",\"publisher\":{\"@id\":\"https:\\\/\\\/radioljubuski.ba\\\/#organization\"},\"potentialAction\":[{\"@type\":\"SearchAction\",\"target\":{\"@type\":\"EntryPoint\",\"urlTemplate\":\"https:\\\/\\\/radioljubuski.ba\\\/?s={search_term_string}\"},\"query-input\":{\"@type\":\"PropertyValueSpecification\",\"valueRequired\":true,\"valueName\":\"search_term_string\"}}],\"inLanguage\":\"hr\"},{\"@type\":\"Organization\",\"@id\":\"https:\\\/\\\/radioljubuski.ba\\\/#organization\",\"name\":\"Radio Ljubu\u0161ki\",\"url\":\"https:\\\/\\\/radioljubuski.ba\\\/\",\"logo\":{\"@type\":\"ImageObject\",\"inLanguage\":\"hr\",\"@id\":\"https:\\\/\\\/radioljubuski.ba\\\/#\\\/schema\\\/logo\\\/image\\\/\",\"url\":\"https:\\\/\\\/radioljubuski.ba\\\/wp-content\\\/uploads\\\/2021\\\/02\\\/cropped-Radio_Ljubuski_logo1.jpg\",\"contentUrl\":\"https:\\\/\\\/radioljubuski.ba\\\/wp-content\\\/uploads\\\/2021\\\/02\\\/cropped-Radio_Ljubuski_logo1.jpg\",\"width\":512,\"height\":512,\"caption\":\"Radio Ljubu\u0161ki\"},\"image\":{\"@id\":\"https:\\\/\\\/radioljubuski.ba\\\/#\\\/schema\\\/logo\\\/image\\\/\"},\"sameAs\":[\"https:\\\/\\\/www.facebook.com\\\/Radiio-Ljubuski-1490835324566332\",\"https:\\\/\\\/x.com\\\/radioljubuski\",\"https:\\\/\\\/hr.linkedin.com\\\/company\\\/radio-ljubuski\",\"https:\\\/\\\/www.youtube.com\\\/channel\\\/UCHYaeO_n0Db3tjNGudGpXyw\"]},{\"@type\":\"Person\",\"@id\":\"https:\\\/\\\/radioljubuski.ba\\\/#\\\/schema\\\/person\\\/19fc700381a780f69665d7956c469e3b\",\"name\":\"Radio Ljubu\u0161ki\"}]}<\/script>\n<!-- \/ Yoast SEO plugin. -->","yoast_head_json":{"title":"Nezahvalne prognoze stru\u010dnjaka: Cijene goriva i hrane u BiH su u padu, ali do kada? - RADIO LJUBU\u0160KI","robots":{"index":"index","follow":"follow","max-snippet":"max-snippet:-1","max-image-preview":"max-image-preview:large","max-video-preview":"max-video-preview:-1"},"canonical":"https:\/\/radioljubuski.ba\/index.php\/2022\/08\/02\/nezahvalne-prognoze-strucnjaka-cijene-goriva-i-hrane-u-bih-su-u-padu-ali-do-kada\/","og_locale":"hr_HR","og_type":"article","og_title":"Nezahvalne prognoze stru\u010dnjaka: Cijene goriva i hrane u BiH su u padu, ali do kada? - RADIO LJUBU\u0160KI","og_description":"Puna skladi\u0161ta kod trgovaca i popunjene ku\u0107ne zalihe utjecali su na pad cijena hrane u BiH, a gra\u0111ani s nestrpljenjem o\u010dekuju da se na cijene osnovnih namirnica odrazi i evidentan pad cijena goriva, a time i tro\u0161kova transporta. Usprkos blagom popu\u0161tanju inflatornog pritiska, koji traje ve\u0107 du\u017ee vrijeme, ekonomski stru\u010dnjaci ne usu\u0111uju se dati dugoro\u010dnije [&hellip;]","og_url":"https:\/\/radioljubuski.ba\/index.php\/2022\/08\/02\/nezahvalne-prognoze-strucnjaka-cijene-goriva-i-hrane-u-bih-su-u-padu-ali-do-kada\/","og_site_name":"RADIO LJUBU\u0160KI","article_publisher":"https:\/\/www.facebook.com\/Radiio-Ljubuski-1490835324566332","article_published_time":"2022-08-02T12:53:14+00:00","og_image":[{"width":1000,"height":625,"url":"https:\/\/radioljubuski.ba\/wp-content\/uploads\/2021\/11\/a6HfmD0A_trznica.jpg","type":"image\/jpeg"}],"author":"Radio Ljubu\u0161ki","twitter_card":"summary_large_image","twitter_creator":"@radioljubuski","twitter_site":"@radioljubuski","twitter_misc":{"Napisao\/la":"Radio Ljubu\u0161ki","Procijenjeno vrijeme \u010ditanja":"2 minute"},"schema":{"@context":"https:\/\/schema.org","@graph":[{"@type":"Article","@id":"https:\/\/radioljubuski.ba\/index.php\/2022\/08\/02\/nezahvalne-prognoze-strucnjaka-cijene-goriva-i-hrane-u-bih-su-u-padu-ali-do-kada\/#article","isPartOf":{"@id":"https:\/\/radioljubuski.ba\/index.php\/2022\/08\/02\/nezahvalne-prognoze-strucnjaka-cijene-goriva-i-hrane-u-bih-su-u-padu-ali-do-kada\/"},"author":{"name":"Radio Ljubu\u0161ki","@id":"https:\/\/radioljubuski.ba\/#\/schema\/person\/19fc700381a780f69665d7956c469e3b"},"headline":"Nezahvalne prognoze stru\u010dnjaka: Cijene goriva i hrane u BiH su u padu, ali do kada?","datePublished":"2022-08-02T12:53:14+00:00","mainEntityOfPage":{"@id":"https:\/\/radioljubuski.ba\/index.php\/2022\/08\/02\/nezahvalne-prognoze-strucnjaka-cijene-goriva-i-hrane-u-bih-su-u-padu-ali-do-kada\/"},"wordCount":289,"publisher":{"@id":"https:\/\/radioljubuski.ba\/#organization"},"image":{"@id":"https:\/\/radioljubuski.ba\/index.php\/2022\/08\/02\/nezahvalne-prognoze-strucnjaka-cijene-goriva-i-hrane-u-bih-su-u-padu-ali-do-kada\/#primaryimage"},"thumbnailUrl":"https:\/\/radioljubuski.ba\/wp-content\/uploads\/2021\/11\/a6HfmD0A_trznica.jpg","articleSection":["BIH i regija"],"inLanguage":"hr"},{"@type":"WebPage","@id":"https:\/\/radioljubuski.ba\/index.php\/2022\/08\/02\/nezahvalne-prognoze-strucnjaka-cijene-goriva-i-hrane-u-bih-su-u-padu-ali-do-kada\/","url":"https:\/\/radioljubuski.ba\/index.php\/2022\/08\/02\/nezahvalne-prognoze-strucnjaka-cijene-goriva-i-hrane-u-bih-su-u-padu-ali-do-kada\/","name":"Nezahvalne prognoze stru\u010dnjaka: Cijene goriva i hrane u BiH su u padu, ali do kada? - RADIO LJUBU\u0160KI","isPartOf":{"@id":"https:\/\/radioljubuski.ba\/#website"},"primaryImageOfPage":{"@id":"https:\/\/radioljubuski.ba\/index.php\/2022\/08\/02\/nezahvalne-prognoze-strucnjaka-cijene-goriva-i-hrane-u-bih-su-u-padu-ali-do-kada\/#primaryimage"},"image":{"@id":"https:\/\/radioljubuski.ba\/index.php\/2022\/08\/02\/nezahvalne-prognoze-strucnjaka-cijene-goriva-i-hrane-u-bih-su-u-padu-ali-do-kada\/#primaryimage"},"thumbnailUrl":"https:\/\/radioljubuski.ba\/wp-content\/uploads\/2021\/11\/a6HfmD0A_trznica.jpg","datePublished":"2022-08-02T12:53:14+00:00","breadcrumb":{"@id":"https:\/\/radioljubuski.ba\/index.php\/2022\/08\/02\/nezahvalne-prognoze-strucnjaka-cijene-goriva-i-hrane-u-bih-su-u-padu-ali-do-kada\/#breadcrumb"},"inLanguage":"hr","potentialAction":[{"@type":"ReadAction","target":["https:\/\/radioljubuski.ba\/index.php\/2022\/08\/02\/nezahvalne-prognoze-strucnjaka-cijene-goriva-i-hrane-u-bih-su-u-padu-ali-do-kada\/"]}]},{"@type":"ImageObject","inLanguage":"hr","@id":"https:\/\/radioljubuski.ba\/index.php\/2022\/08\/02\/nezahvalne-prognoze-strucnjaka-cijene-goriva-i-hrane-u-bih-su-u-padu-ali-do-kada\/#primaryimage","url":"https:\/\/radioljubuski.ba\/wp-content\/uploads\/2021\/11\/a6HfmD0A_trznica.jpg","contentUrl":"https:\/\/radioljubuski.ba\/wp-content\/uploads\/2021\/11\/a6HfmD0A_trznica.jpg","width":1000,"height":625},{"@type":"BreadcrumbList","@id":"https:\/\/radioljubuski.ba\/index.php\/2022\/08\/02\/nezahvalne-prognoze-strucnjaka-cijene-goriva-i-hrane-u-bih-su-u-padu-ali-do-kada\/#breadcrumb","itemListElement":[{"@type":"ListItem","position":1,"name":"Po\u010detna stranica","item":"https:\/\/radioljubuski.ba\/"},{"@type":"ListItem","position":2,"name":"Nezahvalne prognoze stru\u010dnjaka: Cijene goriva i hrane u BiH su u padu, ali do kada?"}]},{"@type":"WebSite","@id":"https:\/\/radioljubuski.ba\/#website","url":"https:\/\/radioljubuski.ba\/","name":"Radio Ljubu\u0161ki","description":"Sun\u010dana frekvencija Hercegovine","publisher":{"@id":"https:\/\/radioljubuski.ba\/#organization"},"potentialAction":[{"@type":"SearchAction","target":{"@type":"EntryPoint","urlTemplate":"https:\/\/radioljubuski.ba\/?s={search_term_string}"},"query-input":{"@type":"PropertyValueSpecification","valueRequired":true,"valueName":"search_term_string"}}],"inLanguage":"hr"},{"@type":"Organization","@id":"https:\/\/radioljubuski.ba\/#organization","name":"Radio Ljubu\u0161ki","url":"https:\/\/radioljubuski.ba\/","logo":{"@type":"ImageObject","inLanguage":"hr","@id":"https:\/\/radioljubuski.ba\/#\/schema\/logo\/image\/","url":"https:\/\/radioljubuski.ba\/wp-content\/uploads\/2021\/02\/cropped-Radio_Ljubuski_logo1.jpg","contentUrl":"https:\/\/radioljubuski.ba\/wp-content\/uploads\/2021\/02\/cropped-Radio_Ljubuski_logo1.jpg","width":512,"height":512,"caption":"Radio Ljubu\u0161ki"},"image":{"@id":"https:\/\/radioljubuski.ba\/#\/schema\/logo\/image\/"},"sameAs":["https:\/\/www.facebook.com\/Radiio-Ljubuski-1490835324566332","https:\/\/x.com\/radioljubuski","https:\/\/hr.linkedin.com\/company\/radio-ljubuski","https:\/\/www.youtube.com\/channel\/UCHYaeO_n0Db3tjNGudGpXyw"]},{"@type":"Person","@id":"https:\/\/radioljubuski.ba\/#\/schema\/person\/19fc700381a780f69665d7956c469e3b","name":"Radio Ljubu\u0161ki"}]}},"_links":{"self":[{"href":"https:\/\/radioljubuski.ba\/index.php\/wp-json\/wp\/v2\/posts\/165877","targetHints":{"allow":["GET"]}}],"collection":[{"href":"https:\/\/radioljubuski.ba\/index.php\/wp-json\/wp\/v2\/posts"}],"about":[{"href":"https:\/\/radioljubuski.ba\/index.php\/wp-json\/wp\/v2\/types\/post"}],"author":[{"embeddable":true,"href":"https:\/\/radioljubuski.ba\/index.php\/wp-json\/wp\/v2\/users\/2"}],"replies":[{"embeddable":true,"href":"https:\/\/radioljubuski.ba\/index.php\/wp-json\/wp\/v2\/comments?post=165877"}],"version-history":[{"count":1,"href":"https:\/\/radioljubuski.ba\/index.php\/wp-json\/wp\/v2\/posts\/165877\/revisions"}],"predecessor-version":[{"id":165879,"href":"https:\/\/radioljubuski.ba\/index.php\/wp-json\/wp\/v2\/posts\/165877\/revisions\/165879"}],"wp:featuredmedia":[{"embeddable":true,"href":"https:\/\/radioljubuski.ba\/index.php\/wp-json\/wp\/v2\/media\/91131"}],"wp:attachment":[{"href":"https:\/\/radioljubuski.ba\/index.php\/wp-json\/wp\/v2\/media?parent=165877"}],"wp:term":[{"taxonomy":"category","embeddable":true,"href":"https:\/\/radioljubuski.ba\/index.php\/wp-json\/wp\/v2\/categories?post=165877"},{"taxonomy":"post_tag","embeddable":true,"href":"https:\/\/radioljubuski.ba\/index.php\/wp-json\/wp\/v2\/tags?post=165877"}],"curies":[{"name":"wp","href":"https:\/\/api.w.org\/{rel}","templated":true}]}}