{"id":165896,"date":"2022-08-02T14:01:22","date_gmt":"2022-08-02T13:01:22","guid":{"rendered":"https:\/\/radioljubuski.ba\/?p=165896"},"modified":"2022-08-02T14:01:23","modified_gmt":"2022-08-02T13:01:23","slug":"crnogorci-o-gostima-iz-srbije-oni-nisu-paradajz-turisti-njima-je-i-on-skup","status":"publish","type":"post","link":"https:\/\/radioljubuski.ba\/index.php\/2022\/08\/02\/crnogorci-o-gostima-iz-srbije-oni-nisu-paradajz-turisti-njima-je-i-on-skup\/","title":{"rendered":"Crnogorci o gostima iz Srbije: Oni nisu paradajz-turisti, njima je i on skup"},"content":{"rendered":"\n<p>&#8220;Nikad nismo imali ovako sirote goste iz Srbije. To nisu paradajz, nego pa\u0161teta turisti. Oni nemaju ni za povr\u0107e, paradajz je za njih luksuz. Na sve se \u017eale i sve im je skupo. U\u017eas!&#8221; nezadovoljni i ljuti pri\u010daju vlasnici lokala, ugostiteljskih objekata i privatnih smje\u0161taja na crnogorskom primorju, na kojem je sezona ove godine lo\u0161e po\u010dela.<\/p>\n\n\n\n<p>Sve do pred kraj srpnja, slika polupustih pla\u017ea, restorana, kafi\u0107a, bila je uobi\u010dajena. Me\u0111utim, turisti iz Srbije, koji su svake godine najbrojniji, ipak nisu zaboravili Crnu Goru.<\/p>\n\n\n\n<p>Mje\u0161tani gradova na crnogorskoj obali do prije samo dva tjedna kukali su za gostima. Sada ih me\u0111utim ima sve vi\u0161e, a gu\u017eve su krenule tek pred po\u010detak kolovoza. Me\u0111utim, ve\u0107ina turista je iz Srbije, tu su i \u201cprivremeno naseljeni\u201d gosti iz Ukrajine, a d\u017eepovi su im plitki, nov\u010danici tanki, kako svjedo\u010de \u201clokalne gazde\u201d.<\/p>\n\n\n\n<p>\u201cNevjerojatno je da oni tra\u017ee sni\u017eenje cijene za svaku glupost. Do\u0111e njih \u010detvero da iznajme apartman koji izdajemo po pro\u0161logodi\u0161njim cijenama, iako je ove godine sve mnogo skuplje, ali ni to nije dovoljno. Umijesto da plate 30 eura, \u0161to je minimalno, oni pitaju mo\u017ee li za 20, pa to nema nigdje. A da im spustimo na 20, pitali bi mo\u017ee li za 15. Nikad nismo imali ovakve goste. Dolaze i stranci, ali najvi\u0161e obitelji&nbsp; i parovi iz Beograda, Novog Sada, Kru\u0161evca i drugih gradova Srbije. Nekada su ostavljali bak\u0161i\u0161, ako im se svidi smje\u0161taj, pa ni ne pitaju za cijenu, a sad im je sve previ\u0161e. Bila nam je jedna obitelj, nismo mogli da im spustimo cijenu, jer nam se zaista tako ne isplati da radimo, pa su na\u0161li negdje u brdima sobe za po pet eura. Poslije su do\u0161li da nam ka\u017eu kako je gore na \u2018\u010duki\u2019, na Lov\u0107enu, jeftinije. E bo\u017ee moj, na \u0161ta smo spali\u201d, pri\u010da Petar Vuk\u0161i\u0107, koji posljednjih 10 godina izdaje apartmane i sobe u selu u blizini pla\u017ee Jaz kod Budve, prenosi <a href=\"https:\/\/ba.n1info.com\/vijesti\/crnogorci-o-gostima-iz-srbije-oni-nisu-paradajz-turisti-njima-je-i-on-skup\/\" target=\"_blank\" rel=\"noreferrer noopener\">N1<\/a>.<\/p>\n\n\n\n<p>Ni\u0161ta bolja situacija nije ni u \u201ctrgovinama\u201d.<\/p>\n\n\n\n<p>\u201cTu\u017eno je \u0161to ljudi do\u0111u na odmor, a onda ih gledate kako broje one cente, da vam slu\u010dajno ne daju koji vi\u0161e. Ako je kusur pet centi, oni \u0107e da ga sa\u010dekaju, ne\u0107e ostaviti. Da vidi\u0161 tu \u0161tedljivu sirotinju i bijedu, samo razgledaju, pipkaju, isprobavaju, ali nitko ni\u0161ta ne kupuje. Dok su Rusi dolazili, oni su bar tro\u0161ili, kupovali, ostavljali velike bak\u0161i\u0161e, imali smo za \u0161to da radimo. Sad se pr\u017eimo na suncu po cijelio dan, a prodamo dva do tri artikla. Tuga jedna\u201d, ka\u017ee Milena Dobrojevi\u0107, koja prodaje haljine za pla\u017eu, pe\u0161kire, kupa\u0107e kostime u Be\u010di\u0107ima.<\/p>\n\n\n\n<p>Podsjetimo, iz Nacionalne turisti\u010dke organizacije Crne Gore, nedavno su priop\u0107ili da ova zemlja od po\u010detka svibnja do 22. srpnja u prosjeku bilje\u017ei rast od 63 posto gostiju u odnosu na prethodnu godinu, i ostvarenje od 96 posto u odnosu na 2019. Me\u0111utim, to se \u201cu praksi\u201d nigdje ne vidi. Najpose\u0107eniji grad, prema ovim statistikama je Budva, a na drugom mjestu je Ulcinj pi\u0161e Nova.rs.<\/p>\n\n\n\n<p>Izvor:N1<\/p>\n","protected":false},"excerpt":{"rendered":"<p>&#8220;Nikad nismo imali ovako sirote goste iz Srbije. To nisu paradajz, nego pa\u0161teta turisti. Oni nemaju ni za povr\u0107e, paradajz je za njih luksuz. Na sve se \u017eale i sve im je skupo. U\u017eas!&#8221; nezadovoljni i ljuti pri\u010daju vlasnici lokala, ugostiteljskih objekata i privatnih smje\u0161taja na crnogorskom primorju, na kojem je sezona ove godine lo\u0161e [&hellip;]<\/p>\n","protected":false},"author":2,"featured_media":165897,"comment_status":"closed","ping_status":"closed","sticky":false,"template":"","format":"standard","meta":{"h5ap_radio_sources":[],"footnotes":""},"categories":[1],"tags":[],"class_list":["post-165896","post","type-post","status-publish","format-standard","has-post-thumbnail","hentry","category-bihiregija"],"yoast_head":"<!-- This site is optimized with the Yoast SEO plugin v27.4 - https:\/\/yoast.com\/product\/yoast-seo-wordpress\/ -->\n<title>Crnogorci o gostima iz Srbije: Oni nisu paradajz-turisti, njima je i on skup - RADIO LJUBU\u0160KI<\/title>\n<meta name=\"robots\" content=\"index, follow, max-snippet:-1, max-image-preview:large, max-video-preview:-1\" \/>\n<link rel=\"canonical\" href=\"https:\/\/radioljubuski.ba\/index.php\/2022\/08\/02\/crnogorci-o-gostima-iz-srbije-oni-nisu-paradajz-turisti-njima-je-i-on-skup\/\" \/>\n<meta property=\"og:locale\" content=\"hr_HR\" \/>\n<meta property=\"og:type\" content=\"article\" \/>\n<meta property=\"og:title\" content=\"Crnogorci o gostima iz Srbije: Oni nisu paradajz-turisti, njima je i on skup - RADIO LJUBU\u0160KI\" \/>\n<meta property=\"og:description\" content=\"&#8220;Nikad nismo imali ovako sirote goste iz Srbije. To nisu paradajz, nego pa\u0161teta turisti. Oni nemaju ni za povr\u0107e, paradajz je za njih luksuz. Na sve se \u017eale i sve im je skupo. U\u017eas!&#8221; nezadovoljni i ljuti pri\u010daju vlasnici lokala, ugostiteljskih objekata i privatnih smje\u0161taja na crnogorskom primorju, na kojem je sezona ove godine lo\u0161e [&hellip;]\" \/>\n<meta property=\"og:url\" content=\"https:\/\/radioljubuski.ba\/index.php\/2022\/08\/02\/crnogorci-o-gostima-iz-srbije-oni-nisu-paradajz-turisti-njima-je-i-on-skup\/\" \/>\n<meta property=\"og:site_name\" content=\"RADIO LJUBU\u0160KI\" \/>\n<meta property=\"article:publisher\" content=\"https:\/\/www.facebook.com\/Radiio-Ljubuski-1490835324566332\" \/>\n<meta property=\"article:published_time\" content=\"2022-08-02T13:01:22+00:00\" \/>\n<meta property=\"article:modified_time\" content=\"2022-08-02T13:01:23+00:00\" \/>\n<meta property=\"og:image\" content=\"https:\/\/radioljubuski.ba\/wp-content\/uploads\/2022\/08\/8-2021-08-06-09-23-10-budva.jpg\" \/>\n\t<meta property=\"og:image:width\" content=\"1000\" \/>\n\t<meta property=\"og:image:height\" content=\"625\" \/>\n\t<meta property=\"og:image:type\" content=\"image\/jpeg\" \/>\n<meta name=\"author\" content=\"Radio Ljubu\u0161ki\" \/>\n<meta name=\"twitter:card\" content=\"summary_large_image\" \/>\n<meta name=\"twitter:creator\" content=\"@radioljubuski\" \/>\n<meta name=\"twitter:site\" content=\"@radioljubuski\" \/>\n<meta name=\"twitter:label1\" content=\"Napisao\/la\" \/>\n\t<meta name=\"twitter:data1\" content=\"Radio Ljubu\u0161ki\" \/>\n\t<meta name=\"twitter:label2\" content=\"Procijenjeno vrijeme \u010ditanja\" \/>\n\t<meta name=\"twitter:data2\" content=\"3 minute\" \/>\n<script type=\"application\/ld+json\" class=\"yoast-schema-graph\">{\"@context\":\"https:\\\/\\\/schema.org\",\"@graph\":[{\"@type\":\"Article\",\"@id\":\"https:\\\/\\\/radioljubuski.ba\\\/index.php\\\/2022\\\/08\\\/02\\\/crnogorci-o-gostima-iz-srbije-oni-nisu-paradajz-turisti-njima-je-i-on-skup\\\/#article\",\"isPartOf\":{\"@id\":\"https:\\\/\\\/radioljubuski.ba\\\/index.php\\\/2022\\\/08\\\/02\\\/crnogorci-o-gostima-iz-srbije-oni-nisu-paradajz-turisti-njima-je-i-on-skup\\\/\"},\"author\":{\"name\":\"Radio Ljubu\u0161ki\",\"@id\":\"https:\\\/\\\/radioljubuski.ba\\\/#\\\/schema\\\/person\\\/19fc700381a780f69665d7956c469e3b\"},\"headline\":\"Crnogorci o gostima iz Srbije: Oni nisu paradajz-turisti, njima je i on skup\",\"datePublished\":\"2022-08-02T13:01:22+00:00\",\"dateModified\":\"2022-08-02T13:01:23+00:00\",\"mainEntityOfPage\":{\"@id\":\"https:\\\/\\\/radioljubuski.ba\\\/index.php\\\/2022\\\/08\\\/02\\\/crnogorci-o-gostima-iz-srbije-oni-nisu-paradajz-turisti-njima-je-i-on-skup\\\/\"},\"wordCount\":557,\"publisher\":{\"@id\":\"https:\\\/\\\/radioljubuski.ba\\\/#organization\"},\"image\":{\"@id\":\"https:\\\/\\\/radioljubuski.ba\\\/index.php\\\/2022\\\/08\\\/02\\\/crnogorci-o-gostima-iz-srbije-oni-nisu-paradajz-turisti-njima-je-i-on-skup\\\/#primaryimage\"},\"thumbnailUrl\":\"https:\\\/\\\/radioljubuski.ba\\\/wp-content\\\/uploads\\\/2022\\\/08\\\/8-2021-08-06-09-23-10-budva.jpg\",\"articleSection\":[\"BIH i regija\"],\"inLanguage\":\"hr\"},{\"@type\":\"WebPage\",\"@id\":\"https:\\\/\\\/radioljubuski.ba\\\/index.php\\\/2022\\\/08\\\/02\\\/crnogorci-o-gostima-iz-srbije-oni-nisu-paradajz-turisti-njima-je-i-on-skup\\\/\",\"url\":\"https:\\\/\\\/radioljubuski.ba\\\/index.php\\\/2022\\\/08\\\/02\\\/crnogorci-o-gostima-iz-srbije-oni-nisu-paradajz-turisti-njima-je-i-on-skup\\\/\",\"name\":\"Crnogorci o gostima iz Srbije: Oni nisu paradajz-turisti, njima je i on skup - RADIO LJUBU\u0160KI\",\"isPartOf\":{\"@id\":\"https:\\\/\\\/radioljubuski.ba\\\/#website\"},\"primaryImageOfPage\":{\"@id\":\"https:\\\/\\\/radioljubuski.ba\\\/index.php\\\/2022\\\/08\\\/02\\\/crnogorci-o-gostima-iz-srbije-oni-nisu-paradajz-turisti-njima-je-i-on-skup\\\/#primaryimage\"},\"image\":{\"@id\":\"https:\\\/\\\/radioljubuski.ba\\\/index.php\\\/2022\\\/08\\\/02\\\/crnogorci-o-gostima-iz-srbije-oni-nisu-paradajz-turisti-njima-je-i-on-skup\\\/#primaryimage\"},\"thumbnailUrl\":\"https:\\\/\\\/radioljubuski.ba\\\/wp-content\\\/uploads\\\/2022\\\/08\\\/8-2021-08-06-09-23-10-budva.jpg\",\"datePublished\":\"2022-08-02T13:01:22+00:00\",\"dateModified\":\"2022-08-02T13:01:23+00:00\",\"breadcrumb\":{\"@id\":\"https:\\\/\\\/radioljubuski.ba\\\/index.php\\\/2022\\\/08\\\/02\\\/crnogorci-o-gostima-iz-srbije-oni-nisu-paradajz-turisti-njima-je-i-on-skup\\\/#breadcrumb\"},\"inLanguage\":\"hr\",\"potentialAction\":[{\"@type\":\"ReadAction\",\"target\":[\"https:\\\/\\\/radioljubuski.ba\\\/index.php\\\/2022\\\/08\\\/02\\\/crnogorci-o-gostima-iz-srbije-oni-nisu-paradajz-turisti-njima-je-i-on-skup\\\/\"]}]},{\"@type\":\"ImageObject\",\"inLanguage\":\"hr\",\"@id\":\"https:\\\/\\\/radioljubuski.ba\\\/index.php\\\/2022\\\/08\\\/02\\\/crnogorci-o-gostima-iz-srbije-oni-nisu-paradajz-turisti-njima-je-i-on-skup\\\/#primaryimage\",\"url\":\"https:\\\/\\\/radioljubuski.ba\\\/wp-content\\\/uploads\\\/2022\\\/08\\\/8-2021-08-06-09-23-10-budva.jpg\",\"contentUrl\":\"https:\\\/\\\/radioljubuski.ba\\\/wp-content\\\/uploads\\\/2022\\\/08\\\/8-2021-08-06-09-23-10-budva.jpg\",\"width\":1000,\"height\":625},{\"@type\":\"BreadcrumbList\",\"@id\":\"https:\\\/\\\/radioljubuski.ba\\\/index.php\\\/2022\\\/08\\\/02\\\/crnogorci-o-gostima-iz-srbije-oni-nisu-paradajz-turisti-njima-je-i-on-skup\\\/#breadcrumb\",\"itemListElement\":[{\"@type\":\"ListItem\",\"position\":1,\"name\":\"Po\u010detna stranica\",\"item\":\"https:\\\/\\\/radioljubuski.ba\\\/\"},{\"@type\":\"ListItem\",\"position\":2,\"name\":\"Crnogorci o gostima iz Srbije: Oni nisu paradajz-turisti, njima je i on skup\"}]},{\"@type\":\"WebSite\",\"@id\":\"https:\\\/\\\/radioljubuski.ba\\\/#website\",\"url\":\"https:\\\/\\\/radioljubuski.ba\\\/\",\"name\":\"Radio Ljubu\u0161ki\",\"description\":\"Sun\u010dana frekvencija Hercegovine\",\"publisher\":{\"@id\":\"https:\\\/\\\/radioljubuski.ba\\\/#organization\"},\"potentialAction\":[{\"@type\":\"SearchAction\",\"target\":{\"@type\":\"EntryPoint\",\"urlTemplate\":\"https:\\\/\\\/radioljubuski.ba\\\/?s={search_term_string}\"},\"query-input\":{\"@type\":\"PropertyValueSpecification\",\"valueRequired\":true,\"valueName\":\"search_term_string\"}}],\"inLanguage\":\"hr\"},{\"@type\":\"Organization\",\"@id\":\"https:\\\/\\\/radioljubuski.ba\\\/#organization\",\"name\":\"Radio Ljubu\u0161ki\",\"url\":\"https:\\\/\\\/radioljubuski.ba\\\/\",\"logo\":{\"@type\":\"ImageObject\",\"inLanguage\":\"hr\",\"@id\":\"https:\\\/\\\/radioljubuski.ba\\\/#\\\/schema\\\/logo\\\/image\\\/\",\"url\":\"https:\\\/\\\/radioljubuski.ba\\\/wp-content\\\/uploads\\\/2021\\\/02\\\/cropped-Radio_Ljubuski_logo1.jpg\",\"contentUrl\":\"https:\\\/\\\/radioljubuski.ba\\\/wp-content\\\/uploads\\\/2021\\\/02\\\/cropped-Radio_Ljubuski_logo1.jpg\",\"width\":512,\"height\":512,\"caption\":\"Radio Ljubu\u0161ki\"},\"image\":{\"@id\":\"https:\\\/\\\/radioljubuski.ba\\\/#\\\/schema\\\/logo\\\/image\\\/\"},\"sameAs\":[\"https:\\\/\\\/www.facebook.com\\\/Radiio-Ljubuski-1490835324566332\",\"https:\\\/\\\/x.com\\\/radioljubuski\",\"https:\\\/\\\/hr.linkedin.com\\\/company\\\/radio-ljubuski\",\"https:\\\/\\\/www.youtube.com\\\/channel\\\/UCHYaeO_n0Db3tjNGudGpXyw\"]},{\"@type\":\"Person\",\"@id\":\"https:\\\/\\\/radioljubuski.ba\\\/#\\\/schema\\\/person\\\/19fc700381a780f69665d7956c469e3b\",\"name\":\"Radio Ljubu\u0161ki\"}]}<\/script>\n<!-- \/ Yoast SEO plugin. -->","yoast_head_json":{"title":"Crnogorci o gostima iz Srbije: Oni nisu paradajz-turisti, njima je i on skup - RADIO LJUBU\u0160KI","robots":{"index":"index","follow":"follow","max-snippet":"max-snippet:-1","max-image-preview":"max-image-preview:large","max-video-preview":"max-video-preview:-1"},"canonical":"https:\/\/radioljubuski.ba\/index.php\/2022\/08\/02\/crnogorci-o-gostima-iz-srbije-oni-nisu-paradajz-turisti-njima-je-i-on-skup\/","og_locale":"hr_HR","og_type":"article","og_title":"Crnogorci o gostima iz Srbije: Oni nisu paradajz-turisti, njima je i on skup - RADIO LJUBU\u0160KI","og_description":"&#8220;Nikad nismo imali ovako sirote goste iz Srbije. To nisu paradajz, nego pa\u0161teta turisti. Oni nemaju ni za povr\u0107e, paradajz je za njih luksuz. Na sve se \u017eale i sve im je skupo. U\u017eas!&#8221; nezadovoljni i ljuti pri\u010daju vlasnici lokala, ugostiteljskih objekata i privatnih smje\u0161taja na crnogorskom primorju, na kojem je sezona ove godine lo\u0161e [&hellip;]","og_url":"https:\/\/radioljubuski.ba\/index.php\/2022\/08\/02\/crnogorci-o-gostima-iz-srbije-oni-nisu-paradajz-turisti-njima-je-i-on-skup\/","og_site_name":"RADIO LJUBU\u0160KI","article_publisher":"https:\/\/www.facebook.com\/Radiio-Ljubuski-1490835324566332","article_published_time":"2022-08-02T13:01:22+00:00","article_modified_time":"2022-08-02T13:01:23+00:00","og_image":[{"width":1000,"height":625,"url":"https:\/\/radioljubuski.ba\/wp-content\/uploads\/2022\/08\/8-2021-08-06-09-23-10-budva.jpg","type":"image\/jpeg"}],"author":"Radio Ljubu\u0161ki","twitter_card":"summary_large_image","twitter_creator":"@radioljubuski","twitter_site":"@radioljubuski","twitter_misc":{"Napisao\/la":"Radio Ljubu\u0161ki","Procijenjeno vrijeme \u010ditanja":"3 minute"},"schema":{"@context":"https:\/\/schema.org","@graph":[{"@type":"Article","@id":"https:\/\/radioljubuski.ba\/index.php\/2022\/08\/02\/crnogorci-o-gostima-iz-srbije-oni-nisu-paradajz-turisti-njima-je-i-on-skup\/#article","isPartOf":{"@id":"https:\/\/radioljubuski.ba\/index.php\/2022\/08\/02\/crnogorci-o-gostima-iz-srbije-oni-nisu-paradajz-turisti-njima-je-i-on-skup\/"},"author":{"name":"Radio Ljubu\u0161ki","@id":"https:\/\/radioljubuski.ba\/#\/schema\/person\/19fc700381a780f69665d7956c469e3b"},"headline":"Crnogorci o gostima iz Srbije: Oni nisu paradajz-turisti, njima je i on skup","datePublished":"2022-08-02T13:01:22+00:00","dateModified":"2022-08-02T13:01:23+00:00","mainEntityOfPage":{"@id":"https:\/\/radioljubuski.ba\/index.php\/2022\/08\/02\/crnogorci-o-gostima-iz-srbije-oni-nisu-paradajz-turisti-njima-je-i-on-skup\/"},"wordCount":557,"publisher":{"@id":"https:\/\/radioljubuski.ba\/#organization"},"image":{"@id":"https:\/\/radioljubuski.ba\/index.php\/2022\/08\/02\/crnogorci-o-gostima-iz-srbije-oni-nisu-paradajz-turisti-njima-je-i-on-skup\/#primaryimage"},"thumbnailUrl":"https:\/\/radioljubuski.ba\/wp-content\/uploads\/2022\/08\/8-2021-08-06-09-23-10-budva.jpg","articleSection":["BIH i regija"],"inLanguage":"hr"},{"@type":"WebPage","@id":"https:\/\/radioljubuski.ba\/index.php\/2022\/08\/02\/crnogorci-o-gostima-iz-srbije-oni-nisu-paradajz-turisti-njima-je-i-on-skup\/","url":"https:\/\/radioljubuski.ba\/index.php\/2022\/08\/02\/crnogorci-o-gostima-iz-srbije-oni-nisu-paradajz-turisti-njima-je-i-on-skup\/","name":"Crnogorci o gostima iz Srbije: Oni nisu paradajz-turisti, njima je i on skup - RADIO LJUBU\u0160KI","isPartOf":{"@id":"https:\/\/radioljubuski.ba\/#website"},"primaryImageOfPage":{"@id":"https:\/\/radioljubuski.ba\/index.php\/2022\/08\/02\/crnogorci-o-gostima-iz-srbije-oni-nisu-paradajz-turisti-njima-je-i-on-skup\/#primaryimage"},"image":{"@id":"https:\/\/radioljubuski.ba\/index.php\/2022\/08\/02\/crnogorci-o-gostima-iz-srbije-oni-nisu-paradajz-turisti-njima-je-i-on-skup\/#primaryimage"},"thumbnailUrl":"https:\/\/radioljubuski.ba\/wp-content\/uploads\/2022\/08\/8-2021-08-06-09-23-10-budva.jpg","datePublished":"2022-08-02T13:01:22+00:00","dateModified":"2022-08-02T13:01:23+00:00","breadcrumb":{"@id":"https:\/\/radioljubuski.ba\/index.php\/2022\/08\/02\/crnogorci-o-gostima-iz-srbije-oni-nisu-paradajz-turisti-njima-je-i-on-skup\/#breadcrumb"},"inLanguage":"hr","potentialAction":[{"@type":"ReadAction","target":["https:\/\/radioljubuski.ba\/index.php\/2022\/08\/02\/crnogorci-o-gostima-iz-srbije-oni-nisu-paradajz-turisti-njima-je-i-on-skup\/"]}]},{"@type":"ImageObject","inLanguage":"hr","@id":"https:\/\/radioljubuski.ba\/index.php\/2022\/08\/02\/crnogorci-o-gostima-iz-srbije-oni-nisu-paradajz-turisti-njima-je-i-on-skup\/#primaryimage","url":"https:\/\/radioljubuski.ba\/wp-content\/uploads\/2022\/08\/8-2021-08-06-09-23-10-budva.jpg","contentUrl":"https:\/\/radioljubuski.ba\/wp-content\/uploads\/2022\/08\/8-2021-08-06-09-23-10-budva.jpg","width":1000,"height":625},{"@type":"BreadcrumbList","@id":"https:\/\/radioljubuski.ba\/index.php\/2022\/08\/02\/crnogorci-o-gostima-iz-srbije-oni-nisu-paradajz-turisti-njima-je-i-on-skup\/#breadcrumb","itemListElement":[{"@type":"ListItem","position":1,"name":"Po\u010detna stranica","item":"https:\/\/radioljubuski.ba\/"},{"@type":"ListItem","position":2,"name":"Crnogorci o gostima iz Srbije: Oni nisu paradajz-turisti, njima je i on skup"}]},{"@type":"WebSite","@id":"https:\/\/radioljubuski.ba\/#website","url":"https:\/\/radioljubuski.ba\/","name":"Radio Ljubu\u0161ki","description":"Sun\u010dana frekvencija Hercegovine","publisher":{"@id":"https:\/\/radioljubuski.ba\/#organization"},"potentialAction":[{"@type":"SearchAction","target":{"@type":"EntryPoint","urlTemplate":"https:\/\/radioljubuski.ba\/?s={search_term_string}"},"query-input":{"@type":"PropertyValueSpecification","valueRequired":true,"valueName":"search_term_string"}}],"inLanguage":"hr"},{"@type":"Organization","@id":"https:\/\/radioljubuski.ba\/#organization","name":"Radio Ljubu\u0161ki","url":"https:\/\/radioljubuski.ba\/","logo":{"@type":"ImageObject","inLanguage":"hr","@id":"https:\/\/radioljubuski.ba\/#\/schema\/logo\/image\/","url":"https:\/\/radioljubuski.ba\/wp-content\/uploads\/2021\/02\/cropped-Radio_Ljubuski_logo1.jpg","contentUrl":"https:\/\/radioljubuski.ba\/wp-content\/uploads\/2021\/02\/cropped-Radio_Ljubuski_logo1.jpg","width":512,"height":512,"caption":"Radio Ljubu\u0161ki"},"image":{"@id":"https:\/\/radioljubuski.ba\/#\/schema\/logo\/image\/"},"sameAs":["https:\/\/www.facebook.com\/Radiio-Ljubuski-1490835324566332","https:\/\/x.com\/radioljubuski","https:\/\/hr.linkedin.com\/company\/radio-ljubuski","https:\/\/www.youtube.com\/channel\/UCHYaeO_n0Db3tjNGudGpXyw"]},{"@type":"Person","@id":"https:\/\/radioljubuski.ba\/#\/schema\/person\/19fc700381a780f69665d7956c469e3b","name":"Radio Ljubu\u0161ki"}]}},"_links":{"self":[{"href":"https:\/\/radioljubuski.ba\/index.php\/wp-json\/wp\/v2\/posts\/165896","targetHints":{"allow":["GET"]}}],"collection":[{"href":"https:\/\/radioljubuski.ba\/index.php\/wp-json\/wp\/v2\/posts"}],"about":[{"href":"https:\/\/radioljubuski.ba\/index.php\/wp-json\/wp\/v2\/types\/post"}],"author":[{"embeddable":true,"href":"https:\/\/radioljubuski.ba\/index.php\/wp-json\/wp\/v2\/users\/2"}],"replies":[{"embeddable":true,"href":"https:\/\/radioljubuski.ba\/index.php\/wp-json\/wp\/v2\/comments?post=165896"}],"version-history":[{"count":1,"href":"https:\/\/radioljubuski.ba\/index.php\/wp-json\/wp\/v2\/posts\/165896\/revisions"}],"predecessor-version":[{"id":165898,"href":"https:\/\/radioljubuski.ba\/index.php\/wp-json\/wp\/v2\/posts\/165896\/revisions\/165898"}],"wp:featuredmedia":[{"embeddable":true,"href":"https:\/\/radioljubuski.ba\/index.php\/wp-json\/wp\/v2\/media\/165897"}],"wp:attachment":[{"href":"https:\/\/radioljubuski.ba\/index.php\/wp-json\/wp\/v2\/media?parent=165896"}],"wp:term":[{"taxonomy":"category","embeddable":true,"href":"https:\/\/radioljubuski.ba\/index.php\/wp-json\/wp\/v2\/categories?post=165896"},{"taxonomy":"post_tag","embeddable":true,"href":"https:\/\/radioljubuski.ba\/index.php\/wp-json\/wp\/v2\/tags?post=165896"}],"curies":[{"name":"wp","href":"https:\/\/api.w.org\/{rel}","templated":true}]}}