{"id":165904,"date":"2022-08-02T14:06:19","date_gmt":"2022-08-02T13:06:19","guid":{"rendered":"https:\/\/radioljubuski.ba\/?p=165904"},"modified":"2022-08-02T14:06:21","modified_gmt":"2022-08-02T13:06:21","slug":"obitelj-iz-bih-platila-akontaciju-putovala-20-sati-do-makarske-pa-ostala-bez-apartmana-prevarili-su-vas-2","status":"publish","type":"post","link":"https:\/\/radioljubuski.ba\/index.php\/2022\/08\/02\/obitelj-iz-bih-platila-akontaciju-putovala-20-sati-do-makarske-pa-ostala-bez-apartmana-prevarili-su-vas-2\/","title":{"rendered":"Obitelj iz BiH platila akontaciju, putovala 20 sati do Makarske pa ostala bez apartmana: \u2018Prevarili su vas!\u2018"},"content":{"rendered":"\n<p>Putovali su iz Luxembourga 20 sati na ljetovanje u Makarsku s dvoje djece, a kad su do\u0161li na lokaciju iznajmljiva\u010d rezerviranog apartmana nije imao pojma tko su oni. Ovo je tom iznajmljiva\u010du ve\u0107 peti slu\u010daj u zadnja dva dana da mu dolazi netko s la\u017enom rezervacijom. Prevarant je o\u010dito preuzeo s interneta slike njegovog apartmana pa vara ljude preko dru\u0161tvenih mre\u017ea. Od policije u Makarskoj neslu\u017ebeno smo doznali kako ve\u0107 imaju nekoliko prijava i da su ovakvi slu\u010dajevi sve \u010de\u0161\u0107i.<\/p>\n\n\n\n<figure class=\"wp-block-image\"><img decoding=\"async\" src=\"https:\/\/storage.pogled.ba\/images\/f668\/0019\/232198\/original\/8-2022-08-02-14-27-12-MAKAR.jpg\" alt=\"\"\/><\/figure>\n\n\n\n<figure class=\"wp-block-image\"><img decoding=\"async\" src=\"https:\/\/storage.pogled.ba\/images\/69a7\/146f\/232200\/original\/8-2022-08-02-14-27-21-PREPISKA.jpg\" alt=\"\"\/><\/figure>\n\n\n\n<figure class=\"wp-block-image\"><img decoding=\"async\" src=\"https:\/\/storage.pogled.ba\/images\/a5ee\/4f20\/232201\/original\/8-2022-08-02-14-27-21-SLIKA-APARTMAN.jpg\" alt=\"\"\/><\/figure>\n\n\n\n<figure class=\"wp-block-image\"><img decoding=\"async\" src=\"https:\/\/storage.pogled.ba\/images\/49ab\/1a58\/232202\/original\/8-2022-08-02-14-27-21-SLIKA-MAKAR.jpg\" alt=\"\"\/><\/figure>\n\n\n\n<p>D\u017eana Maru\u0161i\u0107 Muji\u0107 (30) s mu\u017eem i dvoje male djece odlu\u010dila je prije odmora u rodnoj Bosni i Hercegovini nekoliko dana provesti na moru u Hrvatskoj. Budu\u0107i da su se za ljetovanje dogovorili u zadnji trenutak, preko Bookinga i ostalih stranica za pronalazak smje\u0161taja nije na\u0161la slobodni smje\u0161taj pa ga je odlu\u010dila potra\u017eiti po Facebook grupama. Iznajmljiva\u010di tamo ogla\u0161avaju sobe i apartmane pa je D\u017eana u nekoliko grupa objavila da tra\u017ei smje\u0161taj za \u010detiri osobe od 1. do 5. kolovoza.<\/p>\n\n\n\n<p>&#8211; Kako mi se nitko nije javljao, sama sam pretra\u017eivala i na\u0161la objavu jedne djevojke, dodu\u0161e sad mislim da je mogu\u0107e da je i mu\u0161karac iza tog prevarantskog profila. Pisalo je da nudi smje\u0161taj u Makarskoj od 30.7. do 9.8. i ja sam joj se javila privatnom porukom. Pitala sam za slike i udaljenost od pla\u017ee. Rekla je da je apartman 30 metara od mora, meni je to bilo super jer imam djecu od 7 i od godinu dana &#8211; prepri\u010dala je D\u017eana za<a href=\"https:\/\/www.jutarnji.hr\/vijesti\/hrvatska\/platili-akontaciju-putovali-20-sati-do-makarske-pa-ostali-bez-apartmana-prevarili-su-vas-15230575\" target=\"_blank\" rel=\"noreferrer noopener\"> Jutarnji list.<\/a><\/p>\n\n\n\n<p>Za no\u0107 u ovom apartmanu trebala je platiti 60 eura, ali uo\u010di puta \u010dak dvostruko vi\u0161e od tog iznosa za akontaciju. Dakle unaprijed je dala 120 eura.<\/p>\n\n\n\n<figure class=\"wp-block-image\"><img decoding=\"async\" src=\"https:\/\/storage.pogled.ba\/images\/a779\/c7ab\/232197\/original\/8-2022-08-02-14-27-09-APARTMAN-SLIKA.jpg\" alt=\"8-2022-08-02-14-27-09-APARTMAN-SLIKA.jpg\"\/><\/figure>\n\n\n\n<p>&#8211; Bio mi je mali problem kako da joj uplatim jer sam iz Luxembourga, zanimalo me mogu li preko Western Uniona, Pay Pala ili sli\u010dno. Nije imala ni jedno ni drugo, objasnila mi je da postoji aplikacija Ria za koju sam ja tad prvi puta \u010dula. Slala mi je slike instrukcija na koji na\u010din da uplatim, instrukcije su bile na njema\u010dkom jeziku pa mi je ve\u0107 to bilo \u010dudno. Neobi\u010dno mi je bilo i \u0161to je uplata i\u0161la u banku u Srbiju. Onda sam pomislila: pa ne mogu znati tko sve iznajmljuje apartmane. Mo\u017ee \u017eena iz Srbije imati i iznajmljivati stan u Makarskoj &#8211; govori D\u017eana.<\/p>\n\n\n\n<p>Aplikaciju nije uspjela aktivirati pa je transakciju obavila putem MoneyGrama, \u0161to joj je alternativno predlo\u017eila iznajmljiva\u010dica. Radi po sli\u010dnom principu, potreban je kod kako bi se novac mogao podi\u0107i. \u010cim je platila D\u017eana je dobila potvrdu o rezervaciji smje\u0161taja.<\/p>\n\n\n\n<p>Osim na Facebooku, razgovarale su i preko glasovnog poziva na Messengeru. D\u017eani su tijekom poziva pa\u017enju u pozadini privukla djeca pa je iz toga zaklju\u010da kako se radi o ozbiljnoj \u017eeni. Ka\u017ee da joj nije bilo ni na kraju pameti da bi je mogao zeznuti netko tko ima djecu kao i ona.<\/p>\n\n\n\n<p>&#8211; Mu\u017e mi je nekoliko puta rekao da mu je ne\u0161to sumnjivo. Bilo je \u010dudno \u0161to je usred sezone tako niska cijena, a da je toliko blizu pla\u017ee. Pitala sam za adresu, pogledala sam na Google mapama gdje se to\u010dno nalazi i pokazalo mi je da je puno dalje od pla\u017ee nego \u0161to ona tvrdi. Poslala sam joj sliku i ona mi je rekla kako se radi o 30 metara jer postoje sporedne ulice kojima se mo\u017ee br\u017ee do\u0107i do pla\u017ee. Da bi zvu\u010dala uvjerljivije, la\u017ena iznajmljiva\u010dica rekla joj je da su mnogi gosti znali propitkivati udaljenost do mora, ali su se kasnije u\u017eivo uvjerili da je to zaista blizu pla\u017ee. Na kraju sam pristala jer smo se prekasno organizirali i morali smo krenuti &#8211; prisje\u0107a se D\u017eana.<\/p>\n\n\n\n<p>Nakon napornog puta, nekoliko kilometara prije dolaska u Makarsku, D\u017eana je poslala poruku navodnoj iznajmljiva\u010dici kako sti\u017eu za 45 minuta, odgovor nije dobila pa su se odmah uputili na adresu. Kada su do\u0161li bilo je ve\u0107 6 sati ujutro. Navodno uvijek napominje kako zbog puta iz daleka ne mo\u017ee to\u010dno predvidjeti vrijeme dolaska.<\/p>\n\n\n\n<p>&#8211; Navigacija nam uop\u0107e nije pokazivala taj ku\u0107ni broj. Mu\u017e je stao uz cestu i pitao gospo\u0111u poznaje li tu osobu i rekla je da nikad nije \u010dula za nju. Krenuo je uzbrdo da vidi ku\u0107ne brojeve, tamo se dugo zadr\u017eao. Onda je u jednom trenutku do\u0161ao u auto i samo mi rekao: To je prevara. Na\u0161ao je tu ku\u0107u \u010diju smo adresu imali i gdje smo navodno iznajmili apartman, \u017eena koja je vlasnica objasnila mu je da smo mi ve\u0107 tre\u0107i takav slu\u010daj. Ljudi joj dolaze jer su navodno iznajmili, ali ona nema pojma \u0161to se doga\u0111a. Mene dodu\u0161e buni kako prevarantica dolazi do tih fotografija, to je ba\u0161 ta ku\u0107a i to jesu ti apartmani, ali nisu njezini &#8211; upozorava D\u017eana koja je nekoliko puta nakon toga poku\u0161ala do\u0107i do osobe koja ju je prevarila, ali ju je ona blokirala na Facebooku.<\/p>\n\n\n\n<p>Alternativni smje\u0161taj na\u0161li su putem Facebook grupa, jedna im je djevojka ponudila apartman koji nije za \u010detiri osobe, ali im je odlu\u010dila pomo\u0107i i dodala dva le\u017eaja.<\/p>\n\n\n\n<p>&#8211; Meni je ovo \u017ealosno i kvari se ime Jadrana ba\u0161 zbog ovakvih ljudi. Prokazala sam ju po grupama u nadi da netko drugi ne\u0107e nasjesti. Ljudi naporno rade i zara\u0111uju za svoje odmore i onda se na\u0111e osoba koja ni\u0161ta po\u0161teno ne radi, a zara\u0111uje tako da vara ljude. Zahvalna sam svima koji su pomogli, ali ne\u0107u stati na ovome &#8211; govori D\u017eana koja se ve\u0107 \u010dula sa svojom bankom i poku\u0161ala do\u0107i do novca. Banka \u0107e podi\u0107i prijavu, a odmah po povratku u Luxembourg to \u0107e u\u010diniti i D\u017eana.<\/p>\n\n\n\n<p>Nazvali smo pravog vlasnika apartmana u Makarskoj i pitali ga za komentar, a on nam je otkrio da su nakon D\u017eanine stigle jo\u0161 dvije obitelji nasamarene na isti na\u010din.<\/p>\n\n\n\n<p>&#8211; Gledali smo s njima podatke osobe kojoj upla\u0107uju i s kojom se dogovaraju, tu osobu ne poznajemo. Ljudi budu jako ljuti jer do\u0111u s djecom, a nemaju gdje spavati, na kraju im ne bude ni do novca nego do toga kako \u0107e se sna\u0107i &#8211; obja\u0161njava nam vlasnik V.T. (42).<\/p>\n\n\n\n<p>Dodaje kako njegova obitelj slu\u010daj nije prijavljivala policiji, ali smatraju da se ovome \u0161to prije treba stati na kraj. Sumnja da se tu radi o organiziranom kriminalu.<\/p>\n\n\n\n<p>Iz policije neslu\u017ebeno doznajemo kako ve\u0107 imaju nekoliko podnesenih prijava te da znaju za ovaj problem. Poslali smo im i slu\u017ebeni upit koji \u0107emo objaviti \u010dim dobijemo odgovore.<\/p>\n\n\n\n<p>Izvor:jutarnji.hr<\/p>\n","protected":false},"excerpt":{"rendered":"<p>Putovali su iz Luxembourga 20 sati na ljetovanje u Makarsku s dvoje djece, a kad su do\u0161li na lokaciju iznajmljiva\u010d rezerviranog apartmana nije imao pojma tko su oni. Ovo je tom iznajmljiva\u010du ve\u0107 peti slu\u010daj u zadnja dva dana da mu dolazi netko s la\u017enom rezervacijom. Prevarant je o\u010dito preuzeo s interneta slike njegovog apartmana [&hellip;]<\/p>\n","protected":false},"author":2,"featured_media":165905,"comment_status":"closed","ping_status":"closed","sticky":false,"template":"","format":"standard","meta":{"h5ap_radio_sources":[],"footnotes":""},"categories":[1],"tags":[],"class_list":["post-165904","post","type-post","status-publish","format-standard","has-post-thumbnail","hentry","category-bihiregija"],"yoast_head":"<!-- This site is optimized with the Yoast SEO plugin v27.4 - https:\/\/yoast.com\/product\/yoast-seo-wordpress\/ -->\n<title>Obitelj iz BiH platila akontaciju, putovala 20 sati do Makarske pa ostala bez apartmana: \u2018Prevarili su vas!\u2018 - RADIO LJUBU\u0160KI<\/title>\n<meta name=\"robots\" content=\"index, follow, max-snippet:-1, max-image-preview:large, max-video-preview:-1\" \/>\n<link rel=\"canonical\" href=\"https:\/\/radioljubuski.ba\/index.php\/2022\/08\/02\/obitelj-iz-bih-platila-akontaciju-putovala-20-sati-do-makarske-pa-ostala-bez-apartmana-prevarili-su-vas-2\/\" \/>\n<meta property=\"og:locale\" content=\"hr_HR\" \/>\n<meta property=\"og:type\" content=\"article\" \/>\n<meta property=\"og:title\" content=\"Obitelj iz BiH platila akontaciju, putovala 20 sati do Makarske pa ostala bez apartmana: \u2018Prevarili su vas!\u2018 - RADIO LJUBU\u0160KI\" \/>\n<meta property=\"og:description\" content=\"Putovali su iz Luxembourga 20 sati na ljetovanje u Makarsku s dvoje djece, a kad su do\u0161li na lokaciju iznajmljiva\u010d rezerviranog apartmana nije imao pojma tko su oni. Ovo je tom iznajmljiva\u010du ve\u0107 peti slu\u010daj u zadnja dva dana da mu dolazi netko s la\u017enom rezervacijom. Prevarant je o\u010dito preuzeo s interneta slike njegovog apartmana [&hellip;]\" \/>\n<meta property=\"og:url\" content=\"https:\/\/radioljubuski.ba\/index.php\/2022\/08\/02\/obitelj-iz-bih-platila-akontaciju-putovala-20-sati-do-makarske-pa-ostala-bez-apartmana-prevarili-su-vas-2\/\" \/>\n<meta property=\"og:site_name\" content=\"RADIO LJUBU\u0160KI\" \/>\n<meta property=\"article:publisher\" content=\"https:\/\/www.facebook.com\/Radiio-Ljubuski-1490835324566332\" \/>\n<meta property=\"article:published_time\" content=\"2022-08-02T13:06:19+00:00\" \/>\n<meta property=\"article:modified_time\" content=\"2022-08-02T13:06:21+00:00\" \/>\n<meta property=\"og:image\" content=\"https:\/\/radioljubuski.ba\/wp-content\/uploads\/2022\/08\/8-2022-08-02-14-27-15-DZANA.jpg\" \/>\n\t<meta property=\"og:image:width\" content=\"1000\" \/>\n\t<meta property=\"og:image:height\" content=\"625\" \/>\n\t<meta property=\"og:image:type\" content=\"image\/jpeg\" \/>\n<meta name=\"author\" content=\"Radio Ljubu\u0161ki\" \/>\n<meta name=\"twitter:card\" content=\"summary_large_image\" \/>\n<meta name=\"twitter:creator\" content=\"@radioljubuski\" \/>\n<meta name=\"twitter:site\" content=\"@radioljubuski\" \/>\n<meta name=\"twitter:label1\" content=\"Napisao\/la\" \/>\n\t<meta name=\"twitter:data1\" content=\"Radio Ljubu\u0161ki\" \/>\n\t<meta name=\"twitter:label2\" content=\"Procijenjeno vrijeme \u010ditanja\" \/>\n\t<meta name=\"twitter:data2\" content=\"6 minuta\" \/>\n<script type=\"application\/ld+json\" class=\"yoast-schema-graph\">{\"@context\":\"https:\\\/\\\/schema.org\",\"@graph\":[{\"@type\":\"Article\",\"@id\":\"https:\\\/\\\/radioljubuski.ba\\\/index.php\\\/2022\\\/08\\\/02\\\/obitelj-iz-bih-platila-akontaciju-putovala-20-sati-do-makarske-pa-ostala-bez-apartmana-prevarili-su-vas-2\\\/#article\",\"isPartOf\":{\"@id\":\"https:\\\/\\\/radioljubuski.ba\\\/index.php\\\/2022\\\/08\\\/02\\\/obitelj-iz-bih-platila-akontaciju-putovala-20-sati-do-makarske-pa-ostala-bez-apartmana-prevarili-su-vas-2\\\/\"},\"author\":{\"name\":\"Radio Ljubu\u0161ki\",\"@id\":\"https:\\\/\\\/radioljubuski.ba\\\/#\\\/schema\\\/person\\\/19fc700381a780f69665d7956c469e3b\"},\"headline\":\"Obitelj iz BiH platila akontaciju, putovala 20 sati do Makarske pa ostala bez apartmana: \u2018Prevarili su vas!\u2018\",\"datePublished\":\"2022-08-02T13:06:19+00:00\",\"dateModified\":\"2022-08-02T13:06:21+00:00\",\"mainEntityOfPage\":{\"@id\":\"https:\\\/\\\/radioljubuski.ba\\\/index.php\\\/2022\\\/08\\\/02\\\/obitelj-iz-bih-platila-akontaciju-putovala-20-sati-do-makarske-pa-ostala-bez-apartmana-prevarili-su-vas-2\\\/\"},\"wordCount\":1171,\"publisher\":{\"@id\":\"https:\\\/\\\/radioljubuski.ba\\\/#organization\"},\"image\":{\"@id\":\"https:\\\/\\\/radioljubuski.ba\\\/index.php\\\/2022\\\/08\\\/02\\\/obitelj-iz-bih-platila-akontaciju-putovala-20-sati-do-makarske-pa-ostala-bez-apartmana-prevarili-su-vas-2\\\/#primaryimage\"},\"thumbnailUrl\":\"https:\\\/\\\/radioljubuski.ba\\\/wp-content\\\/uploads\\\/2022\\\/08\\\/8-2022-08-02-14-27-15-DZANA.jpg\",\"articleSection\":[\"BIH i regija\"],\"inLanguage\":\"hr\"},{\"@type\":\"WebPage\",\"@id\":\"https:\\\/\\\/radioljubuski.ba\\\/index.php\\\/2022\\\/08\\\/02\\\/obitelj-iz-bih-platila-akontaciju-putovala-20-sati-do-makarske-pa-ostala-bez-apartmana-prevarili-su-vas-2\\\/\",\"url\":\"https:\\\/\\\/radioljubuski.ba\\\/index.php\\\/2022\\\/08\\\/02\\\/obitelj-iz-bih-platila-akontaciju-putovala-20-sati-do-makarske-pa-ostala-bez-apartmana-prevarili-su-vas-2\\\/\",\"name\":\"Obitelj iz BiH platila akontaciju, putovala 20 sati do Makarske pa ostala bez apartmana: \u2018Prevarili su vas!\u2018 - RADIO LJUBU\u0160KI\",\"isPartOf\":{\"@id\":\"https:\\\/\\\/radioljubuski.ba\\\/#website\"},\"primaryImageOfPage\":{\"@id\":\"https:\\\/\\\/radioljubuski.ba\\\/index.php\\\/2022\\\/08\\\/02\\\/obitelj-iz-bih-platila-akontaciju-putovala-20-sati-do-makarske-pa-ostala-bez-apartmana-prevarili-su-vas-2\\\/#primaryimage\"},\"image\":{\"@id\":\"https:\\\/\\\/radioljubuski.ba\\\/index.php\\\/2022\\\/08\\\/02\\\/obitelj-iz-bih-platila-akontaciju-putovala-20-sati-do-makarske-pa-ostala-bez-apartmana-prevarili-su-vas-2\\\/#primaryimage\"},\"thumbnailUrl\":\"https:\\\/\\\/radioljubuski.ba\\\/wp-content\\\/uploads\\\/2022\\\/08\\\/8-2022-08-02-14-27-15-DZANA.jpg\",\"datePublished\":\"2022-08-02T13:06:19+00:00\",\"dateModified\":\"2022-08-02T13:06:21+00:00\",\"breadcrumb\":{\"@id\":\"https:\\\/\\\/radioljubuski.ba\\\/index.php\\\/2022\\\/08\\\/02\\\/obitelj-iz-bih-platila-akontaciju-putovala-20-sati-do-makarske-pa-ostala-bez-apartmana-prevarili-su-vas-2\\\/#breadcrumb\"},\"inLanguage\":\"hr\",\"potentialAction\":[{\"@type\":\"ReadAction\",\"target\":[\"https:\\\/\\\/radioljubuski.ba\\\/index.php\\\/2022\\\/08\\\/02\\\/obitelj-iz-bih-platila-akontaciju-putovala-20-sati-do-makarske-pa-ostala-bez-apartmana-prevarili-su-vas-2\\\/\"]}]},{\"@type\":\"ImageObject\",\"inLanguage\":\"hr\",\"@id\":\"https:\\\/\\\/radioljubuski.ba\\\/index.php\\\/2022\\\/08\\\/02\\\/obitelj-iz-bih-platila-akontaciju-putovala-20-sati-do-makarske-pa-ostala-bez-apartmana-prevarili-su-vas-2\\\/#primaryimage\",\"url\":\"https:\\\/\\\/radioljubuski.ba\\\/wp-content\\\/uploads\\\/2022\\\/08\\\/8-2022-08-02-14-27-15-DZANA.jpg\",\"contentUrl\":\"https:\\\/\\\/radioljubuski.ba\\\/wp-content\\\/uploads\\\/2022\\\/08\\\/8-2022-08-02-14-27-15-DZANA.jpg\",\"width\":1000,\"height\":625},{\"@type\":\"BreadcrumbList\",\"@id\":\"https:\\\/\\\/radioljubuski.ba\\\/index.php\\\/2022\\\/08\\\/02\\\/obitelj-iz-bih-platila-akontaciju-putovala-20-sati-do-makarske-pa-ostala-bez-apartmana-prevarili-su-vas-2\\\/#breadcrumb\",\"itemListElement\":[{\"@type\":\"ListItem\",\"position\":1,\"name\":\"Po\u010detna stranica\",\"item\":\"https:\\\/\\\/radioljubuski.ba\\\/\"},{\"@type\":\"ListItem\",\"position\":2,\"name\":\"Obitelj iz BiH platila akontaciju, putovala 20 sati do Makarske pa ostala bez apartmana: \u2018Prevarili su vas!\u2018\"}]},{\"@type\":\"WebSite\",\"@id\":\"https:\\\/\\\/radioljubuski.ba\\\/#website\",\"url\":\"https:\\\/\\\/radioljubuski.ba\\\/\",\"name\":\"Radio Ljubu\u0161ki\",\"description\":\"Sun\u010dana frekvencija Hercegovine\",\"publisher\":{\"@id\":\"https:\\\/\\\/radioljubuski.ba\\\/#organization\"},\"potentialAction\":[{\"@type\":\"SearchAction\",\"target\":{\"@type\":\"EntryPoint\",\"urlTemplate\":\"https:\\\/\\\/radioljubuski.ba\\\/?s={search_term_string}\"},\"query-input\":{\"@type\":\"PropertyValueSpecification\",\"valueRequired\":true,\"valueName\":\"search_term_string\"}}],\"inLanguage\":\"hr\"},{\"@type\":\"Organization\",\"@id\":\"https:\\\/\\\/radioljubuski.ba\\\/#organization\",\"name\":\"Radio Ljubu\u0161ki\",\"url\":\"https:\\\/\\\/radioljubuski.ba\\\/\",\"logo\":{\"@type\":\"ImageObject\",\"inLanguage\":\"hr\",\"@id\":\"https:\\\/\\\/radioljubuski.ba\\\/#\\\/schema\\\/logo\\\/image\\\/\",\"url\":\"https:\\\/\\\/radioljubuski.ba\\\/wp-content\\\/uploads\\\/2021\\\/02\\\/cropped-Radio_Ljubuski_logo1.jpg\",\"contentUrl\":\"https:\\\/\\\/radioljubuski.ba\\\/wp-content\\\/uploads\\\/2021\\\/02\\\/cropped-Radio_Ljubuski_logo1.jpg\",\"width\":512,\"height\":512,\"caption\":\"Radio Ljubu\u0161ki\"},\"image\":{\"@id\":\"https:\\\/\\\/radioljubuski.ba\\\/#\\\/schema\\\/logo\\\/image\\\/\"},\"sameAs\":[\"https:\\\/\\\/www.facebook.com\\\/Radiio-Ljubuski-1490835324566332\",\"https:\\\/\\\/x.com\\\/radioljubuski\",\"https:\\\/\\\/hr.linkedin.com\\\/company\\\/radio-ljubuski\",\"https:\\\/\\\/www.youtube.com\\\/channel\\\/UCHYaeO_n0Db3tjNGudGpXyw\"]},{\"@type\":\"Person\",\"@id\":\"https:\\\/\\\/radioljubuski.ba\\\/#\\\/schema\\\/person\\\/19fc700381a780f69665d7956c469e3b\",\"name\":\"Radio Ljubu\u0161ki\"}]}<\/script>\n<!-- \/ Yoast SEO plugin. -->","yoast_head_json":{"title":"Obitelj iz BiH platila akontaciju, putovala 20 sati do Makarske pa ostala bez apartmana: \u2018Prevarili su vas!\u2018 - RADIO LJUBU\u0160KI","robots":{"index":"index","follow":"follow","max-snippet":"max-snippet:-1","max-image-preview":"max-image-preview:large","max-video-preview":"max-video-preview:-1"},"canonical":"https:\/\/radioljubuski.ba\/index.php\/2022\/08\/02\/obitelj-iz-bih-platila-akontaciju-putovala-20-sati-do-makarske-pa-ostala-bez-apartmana-prevarili-su-vas-2\/","og_locale":"hr_HR","og_type":"article","og_title":"Obitelj iz BiH platila akontaciju, putovala 20 sati do Makarske pa ostala bez apartmana: \u2018Prevarili su vas!\u2018 - RADIO LJUBU\u0160KI","og_description":"Putovali su iz Luxembourga 20 sati na ljetovanje u Makarsku s dvoje djece, a kad su do\u0161li na lokaciju iznajmljiva\u010d rezerviranog apartmana nije imao pojma tko su oni. Ovo je tom iznajmljiva\u010du ve\u0107 peti slu\u010daj u zadnja dva dana da mu dolazi netko s la\u017enom rezervacijom. Prevarant je o\u010dito preuzeo s interneta slike njegovog apartmana [&hellip;]","og_url":"https:\/\/radioljubuski.ba\/index.php\/2022\/08\/02\/obitelj-iz-bih-platila-akontaciju-putovala-20-sati-do-makarske-pa-ostala-bez-apartmana-prevarili-su-vas-2\/","og_site_name":"RADIO LJUBU\u0160KI","article_publisher":"https:\/\/www.facebook.com\/Radiio-Ljubuski-1490835324566332","article_published_time":"2022-08-02T13:06:19+00:00","article_modified_time":"2022-08-02T13:06:21+00:00","og_image":[{"width":1000,"height":625,"url":"https:\/\/radioljubuski.ba\/wp-content\/uploads\/2022\/08\/8-2022-08-02-14-27-15-DZANA.jpg","type":"image\/jpeg"}],"author":"Radio Ljubu\u0161ki","twitter_card":"summary_large_image","twitter_creator":"@radioljubuski","twitter_site":"@radioljubuski","twitter_misc":{"Napisao\/la":"Radio Ljubu\u0161ki","Procijenjeno vrijeme \u010ditanja":"6 minuta"},"schema":{"@context":"https:\/\/schema.org","@graph":[{"@type":"Article","@id":"https:\/\/radioljubuski.ba\/index.php\/2022\/08\/02\/obitelj-iz-bih-platila-akontaciju-putovala-20-sati-do-makarske-pa-ostala-bez-apartmana-prevarili-su-vas-2\/#article","isPartOf":{"@id":"https:\/\/radioljubuski.ba\/index.php\/2022\/08\/02\/obitelj-iz-bih-platila-akontaciju-putovala-20-sati-do-makarske-pa-ostala-bez-apartmana-prevarili-su-vas-2\/"},"author":{"name":"Radio Ljubu\u0161ki","@id":"https:\/\/radioljubuski.ba\/#\/schema\/person\/19fc700381a780f69665d7956c469e3b"},"headline":"Obitelj iz BiH platila akontaciju, putovala 20 sati do Makarske pa ostala bez apartmana: \u2018Prevarili su vas!\u2018","datePublished":"2022-08-02T13:06:19+00:00","dateModified":"2022-08-02T13:06:21+00:00","mainEntityOfPage":{"@id":"https:\/\/radioljubuski.ba\/index.php\/2022\/08\/02\/obitelj-iz-bih-platila-akontaciju-putovala-20-sati-do-makarske-pa-ostala-bez-apartmana-prevarili-su-vas-2\/"},"wordCount":1171,"publisher":{"@id":"https:\/\/radioljubuski.ba\/#organization"},"image":{"@id":"https:\/\/radioljubuski.ba\/index.php\/2022\/08\/02\/obitelj-iz-bih-platila-akontaciju-putovala-20-sati-do-makarske-pa-ostala-bez-apartmana-prevarili-su-vas-2\/#primaryimage"},"thumbnailUrl":"https:\/\/radioljubuski.ba\/wp-content\/uploads\/2022\/08\/8-2022-08-02-14-27-15-DZANA.jpg","articleSection":["BIH i regija"],"inLanguage":"hr"},{"@type":"WebPage","@id":"https:\/\/radioljubuski.ba\/index.php\/2022\/08\/02\/obitelj-iz-bih-platila-akontaciju-putovala-20-sati-do-makarske-pa-ostala-bez-apartmana-prevarili-su-vas-2\/","url":"https:\/\/radioljubuski.ba\/index.php\/2022\/08\/02\/obitelj-iz-bih-platila-akontaciju-putovala-20-sati-do-makarske-pa-ostala-bez-apartmana-prevarili-su-vas-2\/","name":"Obitelj iz BiH platila akontaciju, putovala 20 sati do Makarske pa ostala bez apartmana: \u2018Prevarili su vas!\u2018 - RADIO LJUBU\u0160KI","isPartOf":{"@id":"https:\/\/radioljubuski.ba\/#website"},"primaryImageOfPage":{"@id":"https:\/\/radioljubuski.ba\/index.php\/2022\/08\/02\/obitelj-iz-bih-platila-akontaciju-putovala-20-sati-do-makarske-pa-ostala-bez-apartmana-prevarili-su-vas-2\/#primaryimage"},"image":{"@id":"https:\/\/radioljubuski.ba\/index.php\/2022\/08\/02\/obitelj-iz-bih-platila-akontaciju-putovala-20-sati-do-makarske-pa-ostala-bez-apartmana-prevarili-su-vas-2\/#primaryimage"},"thumbnailUrl":"https:\/\/radioljubuski.ba\/wp-content\/uploads\/2022\/08\/8-2022-08-02-14-27-15-DZANA.jpg","datePublished":"2022-08-02T13:06:19+00:00","dateModified":"2022-08-02T13:06:21+00:00","breadcrumb":{"@id":"https:\/\/radioljubuski.ba\/index.php\/2022\/08\/02\/obitelj-iz-bih-platila-akontaciju-putovala-20-sati-do-makarske-pa-ostala-bez-apartmana-prevarili-su-vas-2\/#breadcrumb"},"inLanguage":"hr","potentialAction":[{"@type":"ReadAction","target":["https:\/\/radioljubuski.ba\/index.php\/2022\/08\/02\/obitelj-iz-bih-platila-akontaciju-putovala-20-sati-do-makarske-pa-ostala-bez-apartmana-prevarili-su-vas-2\/"]}]},{"@type":"ImageObject","inLanguage":"hr","@id":"https:\/\/radioljubuski.ba\/index.php\/2022\/08\/02\/obitelj-iz-bih-platila-akontaciju-putovala-20-sati-do-makarske-pa-ostala-bez-apartmana-prevarili-su-vas-2\/#primaryimage","url":"https:\/\/radioljubuski.ba\/wp-content\/uploads\/2022\/08\/8-2022-08-02-14-27-15-DZANA.jpg","contentUrl":"https:\/\/radioljubuski.ba\/wp-content\/uploads\/2022\/08\/8-2022-08-02-14-27-15-DZANA.jpg","width":1000,"height":625},{"@type":"BreadcrumbList","@id":"https:\/\/radioljubuski.ba\/index.php\/2022\/08\/02\/obitelj-iz-bih-platila-akontaciju-putovala-20-sati-do-makarske-pa-ostala-bez-apartmana-prevarili-su-vas-2\/#breadcrumb","itemListElement":[{"@type":"ListItem","position":1,"name":"Po\u010detna stranica","item":"https:\/\/radioljubuski.ba\/"},{"@type":"ListItem","position":2,"name":"Obitelj iz BiH platila akontaciju, putovala 20 sati do Makarske pa ostala bez apartmana: \u2018Prevarili su vas!\u2018"}]},{"@type":"WebSite","@id":"https:\/\/radioljubuski.ba\/#website","url":"https:\/\/radioljubuski.ba\/","name":"Radio Ljubu\u0161ki","description":"Sun\u010dana frekvencija Hercegovine","publisher":{"@id":"https:\/\/radioljubuski.ba\/#organization"},"potentialAction":[{"@type":"SearchAction","target":{"@type":"EntryPoint","urlTemplate":"https:\/\/radioljubuski.ba\/?s={search_term_string}"},"query-input":{"@type":"PropertyValueSpecification","valueRequired":true,"valueName":"search_term_string"}}],"inLanguage":"hr"},{"@type":"Organization","@id":"https:\/\/radioljubuski.ba\/#organization","name":"Radio Ljubu\u0161ki","url":"https:\/\/radioljubuski.ba\/","logo":{"@type":"ImageObject","inLanguage":"hr","@id":"https:\/\/radioljubuski.ba\/#\/schema\/logo\/image\/","url":"https:\/\/radioljubuski.ba\/wp-content\/uploads\/2021\/02\/cropped-Radio_Ljubuski_logo1.jpg","contentUrl":"https:\/\/radioljubuski.ba\/wp-content\/uploads\/2021\/02\/cropped-Radio_Ljubuski_logo1.jpg","width":512,"height":512,"caption":"Radio Ljubu\u0161ki"},"image":{"@id":"https:\/\/radioljubuski.ba\/#\/schema\/logo\/image\/"},"sameAs":["https:\/\/www.facebook.com\/Radiio-Ljubuski-1490835324566332","https:\/\/x.com\/radioljubuski","https:\/\/hr.linkedin.com\/company\/radio-ljubuski","https:\/\/www.youtube.com\/channel\/UCHYaeO_n0Db3tjNGudGpXyw"]},{"@type":"Person","@id":"https:\/\/radioljubuski.ba\/#\/schema\/person\/19fc700381a780f69665d7956c469e3b","name":"Radio Ljubu\u0161ki"}]}},"_links":{"self":[{"href":"https:\/\/radioljubuski.ba\/index.php\/wp-json\/wp\/v2\/posts\/165904","targetHints":{"allow":["GET"]}}],"collection":[{"href":"https:\/\/radioljubuski.ba\/index.php\/wp-json\/wp\/v2\/posts"}],"about":[{"href":"https:\/\/radioljubuski.ba\/index.php\/wp-json\/wp\/v2\/types\/post"}],"author":[{"embeddable":true,"href":"https:\/\/radioljubuski.ba\/index.php\/wp-json\/wp\/v2\/users\/2"}],"replies":[{"embeddable":true,"href":"https:\/\/radioljubuski.ba\/index.php\/wp-json\/wp\/v2\/comments?post=165904"}],"version-history":[{"count":1,"href":"https:\/\/radioljubuski.ba\/index.php\/wp-json\/wp\/v2\/posts\/165904\/revisions"}],"predecessor-version":[{"id":165906,"href":"https:\/\/radioljubuski.ba\/index.php\/wp-json\/wp\/v2\/posts\/165904\/revisions\/165906"}],"wp:featuredmedia":[{"embeddable":true,"href":"https:\/\/radioljubuski.ba\/index.php\/wp-json\/wp\/v2\/media\/165905"}],"wp:attachment":[{"href":"https:\/\/radioljubuski.ba\/index.php\/wp-json\/wp\/v2\/media?parent=165904"}],"wp:term":[{"taxonomy":"category","embeddable":true,"href":"https:\/\/radioljubuski.ba\/index.php\/wp-json\/wp\/v2\/categories?post=165904"},{"taxonomy":"post_tag","embeddable":true,"href":"https:\/\/radioljubuski.ba\/index.php\/wp-json\/wp\/v2\/tags?post=165904"}],"curies":[{"name":"wp","href":"https:\/\/api.w.org\/{rel}","templated":true}]}}