{"id":165913,"date":"2022-08-03T07:06:13","date_gmt":"2022-08-03T06:06:13","guid":{"rendered":"https:\/\/radioljubuski.ba\/?p=165913"},"modified":"2022-08-04T08:51:12","modified_gmt":"2022-08-04T07:51:12","slug":"skupstina-zzh-po-hitnom-postupku-usvojila-prijedlog-zakona-o-zastiti-obitelji-s-djecom","status":"publish","type":"post","link":"https:\/\/radioljubuski.ba\/index.php\/2022\/08\/03\/skupstina-zzh-po-hitnom-postupku-usvojila-prijedlog-zakona-o-zastiti-obitelji-s-djecom\/","title":{"rendered":"Skup\u0161tina \u017dZH po hitnom postupku usvojila Prijedlog zakona o za\u0161titi obitelji s djecom"},"content":{"rendered":"\n<p><strong>Na 31. sjednici Skup\u0161tine \u017dupanije Zapadnohercegova\u010dke usvojen je Prijedlog zakona o za\u0161titi obitelji s djecom.<\/strong><\/p>\n\n\n\n<p>Kao razlog za dono\u0161enje ovog ovog zakona navedena je prvenstveno svjesnost pogor\u0161anja ekonomske situacije i pove\u0107anja tro\u0161kova \u017eivota koji se posebno odra\u017eava na vi\u0161e\u010dlane obitelji, a ujedno i \u010dinjenice da se svake godine u \u017dupaniji suo\u010davamo sa sve ve\u0107im negativnim prirodnim prirastom stanovni\u0161tva i smanjenim natalitetom i fertilitetom smatramo da je nu\u017eno potrebna mjeru potpore obiteljima s troje i vi\u0161e djece u \u017dupaniji Zapadnohercegova\u010dkoj.<\/p>\n\n\n\n<p>Kako se navodi, \u201cza prostu reprodukciju stanovni\u0161tva potrebno je da \u017eene u prosjeku ra\u0111aju 2,1 dijete, to jest da bi broj stanovni\u0161tva ostao stabilan, \u017eena bi trebala imati prosje\u010dno vi\u0161e od dvoje djece. U EU stopa fertiliteta je 1,59, u Sloveniji 1,62, a u RH 1,42. U 2017.g. u Federaciji Bosne i Hercegovine stopa fertiliteta iznosila je 1,29, u 2018.g. 1,25, a u 2019.g. pada na 1.21.\u201d<\/p>\n\n\n\n<p>Navedeni podaci su pora\u017eavaju\u0107i, a s obzirom na sve starije stanovni\u0161tvo, iseljavanje, sve manji broj sklopljenih brakova kao i na druge negativne trendove i na sve te\u017eu ekonomsku situaciju, potrebno je pomo\u0107i obiteljima koje imaju troje i vi\u0161e djece, kao i obiteljima koje \u017eele imati vi\u0161e od dvoje djece, ali ih u tome sprje\u010dava lo\u0161a materijalna situacija.<\/p>\n\n\n\n<p>Uvo\u0111enjem ove mjere, odnosno planiranim iznosom potpore od&nbsp;<strong>500,00 KM<\/strong>&nbsp;za tre\u0107e i svako sljede\u0107e dijete u obitelji do dobi od 7 godina omogu\u0107it \u0107e se vi\u0161e\u010dlanim obiteljima lak\u0161e no\u0161enje s tro\u0161kovima izdr\u017eavanja obitelji, a tako\u0111er i roditeljima koji \u017eele imati vi\u0161e od dvoje djece dono\u0161enje odluke o pove\u0107anju obitelji, zbog \u010dega se o\u010dekuje pove\u0107anje fertiliteta i nataliteta u \u017dupaniji.<\/p>\n\n\n\n<p>Tako\u0111er, dono\u0161enjem ovoga Zakona izdvojena je oblast za\u0161tite obitelji s djecom u zaseban Zakon, iz Zakona o socijalnoj za\u0161titi, za\u0161iti civilnih \u017ertava rata i za\u0161titi obitelji s djecom.<\/p>\n\n\n\n<p>Usvojen je i jedan amandman na Prijedlog Zakona o za\u0161titi obitelji s djecom, a vezan na \u010dlanak 17. koji se odnosi na Uvjete daljnjeg kori\u0161tenja prava. \u010clanku 17. dodao se 4. stavak u kojem se definira to da, ukoliko jedno ili vi\u0161e djece poha\u0111a osnovnu \u0161kolu izvan \u017dupanije, moraju imati odobrenje gradskog\/op\u0107inskog tijela za pitanja obrazovanja o upisu u \u0161kolu koja ne obuhva\u0107a upisno podru\u010dje na kojem u\u010denik \u017eivi.<\/p>\n\n\n\n<p><strong>U zakonu je definiran nadzor kao i kaznene odredbe<\/strong><\/p>\n\n\n\n<p>U \u010dlancima<strong>&nbsp;47.-49.<\/strong>&nbsp;obra\u0111en je nadzor nad provo\u0111enjem Zakona, inspekcijski nadzor, kao i pra\u0107enje primjene Zakona. Upravni nadzor je odre\u0111en s obzirom na rje\u0161avanje zahtjeva, te financiranje prava utvr\u0111enih Zakonom, a inspekcijski nadzor provodi Uprava za inspekcijske poslove \u017dupanije Zapadnohercegova\u010dke.<\/p>\n\n\n\n<p>Kaznene odredbe obra\u0111ene su u \u010dlancima&nbsp;<strong>50.-52.<\/strong>&nbsp;pa se tako ure\u0111uju prekr\u0161aji koji proizlaze u slu\u010daju postupanja suprotno odredbama ovog zakona. Zakonom su propisane kazne za Centar, kao i za odgovornu osobu u istom. Ure\u0111uju se prekr\u0161aji koji proizlaze u slu\u010daju postupanja suprotno odredbama ovog zakona. Zakonom su propisane kazne za Centar, kao i za odgovornu osobu u istom, u slu\u010daju ako korisniku uskrati ili ograni\u010di prava koja mu pripadaju, ako omogu\u0107i kori\u0161tenje prava osobi kojoj ne pripada pravo po ovom zakonu ili joj ne pripada u tom obujmu, te ako Ministarstvu i inspektoru ne osigura neometano obavljanje nadzora i inspekcijskog nadzora i ne omogu\u0107i uvid u potrebnu dokumentaciju. Propisane su i kaznene odredbe zu poslodavca, kao i odgovornu osobu poslodavca ako pravovremeno ne obavijesti nadle\u017eni Centar ukoliko se tijekom isplate naknade place promijene okolnosti o kojima ovisi daljnje ostvarivanje prava na naknadu pla\u0107e (npr. povratak na radno mjesto prije isteka porodiljnog dopusta). Tako\u0111er su propisane kaznene odredbe za nenapla\u0107ivanje nov\u010danih iznosa za vrijeme \u201cDje\u010djeg tjedna\u201d.<\/p>\n\n\n\n<p><strong>Dje\u010dji tjedan<\/strong><\/p>\n\n\n\n<p>Dje\u010dji tjedano obra\u0111en je u \u010dlancima&nbsp;<strong>40.-42.<\/strong><\/p>\n\n\n\n<p>Prvog tjedna mjeseca listopada obilje\u017eava se \u201cDje\u010dji tjedan\u201d s ciljem poticanja i organiziranja raznovrsnih kulturo-obrazovnih, rekreativnih i drugih manifestacija posve\u0107enih promoviranju Konvencije o pravima djeteta i poduzimanju drugih mjera i akcija za unapre\u0111enje razvoja brige o djeci i izravne podr\u0161ke djeci radi njihovog efikasnijeg odgoja, obrazovanja i inkluzije, kao i podr\u0161ke djeci koja izlaze iz sustava javne brige.<\/p>\n\n\n\n<p>Na koncu je definiran i dio kojim se ka\u017ee da \u201cSukladno Ustavu \u017dZH odre\u0111eno je stupanje na snagu Zakona osmog dana od od dana objavljivanja u Narodnim novinama \u017dupanije,&nbsp;<strong>te primjena od 1. rujna 2022. godine<\/strong>&nbsp;ukoliko Zakon bude upu\u0107en po skra\u0107enom postupku.\u201d<\/p>\n\n\n\n<p> Izvor: <a href=\"https:\/\/iks-portal.info\/dogadanja\/politika-i-drustvo\/item\/20141-skupstina-zzh-po-hitnom-postupku-usvojila-prijedlog-zakona-o-zastiti-obitelji-s-djecom.html\">Iks portal<\/a><\/p>\n","protected":false},"excerpt":{"rendered":"<p>Na 31. sjednici Skup\u0161tine \u017dupanije Zapadnohercegova\u010dke usvojen je Prijedlog zakona o za\u0161titi obitelji s djecom. Kao razlog za dono\u0161enje ovog ovog zakona navedena je prvenstveno svjesnost pogor\u0161anja ekonomske situacije i pove\u0107anja tro\u0161kova \u017eivota koji se posebno odra\u017eava na vi\u0161e\u010dlane obitelji, a ujedno i \u010dinjenice da se svake godine u \u017dupaniji suo\u010davamo sa sve ve\u0107im negativnim [&hellip;]<\/p>\n","protected":false},"author":2,"featured_media":165914,"comment_status":"closed","ping_status":"closed","sticky":false,"template":"","format":"standard","meta":{"h5ap_radio_sources":[],"footnotes":""},"categories":[1],"tags":[],"class_list":["post-165913","post","type-post","status-publish","format-standard","has-post-thumbnail","hentry","category-bihiregija"],"yoast_head":"<!-- This site is optimized with the Yoast SEO plugin v27.4 - https:\/\/yoast.com\/product\/yoast-seo-wordpress\/ -->\n<title>Skup\u0161tina \u017dZH po hitnom postupku usvojila Prijedlog zakona o za\u0161titi obitelji s djecom - RADIO LJUBU\u0160KI<\/title>\n<meta name=\"robots\" content=\"index, follow, max-snippet:-1, max-image-preview:large, max-video-preview:-1\" \/>\n<link rel=\"canonical\" href=\"https:\/\/radioljubuski.ba\/index.php\/2022\/08\/03\/skupstina-zzh-po-hitnom-postupku-usvojila-prijedlog-zakona-o-zastiti-obitelji-s-djecom\/\" \/>\n<meta property=\"og:locale\" content=\"hr_HR\" \/>\n<meta property=\"og:type\" content=\"article\" \/>\n<meta property=\"og:title\" content=\"Skup\u0161tina \u017dZH po hitnom postupku usvojila Prijedlog zakona o za\u0161titi obitelji s djecom - RADIO LJUBU\u0160KI\" \/>\n<meta property=\"og:description\" content=\"Na 31. sjednici Skup\u0161tine \u017dupanije Zapadnohercegova\u010dke usvojen je Prijedlog zakona o za\u0161titi obitelji s djecom. Kao razlog za dono\u0161enje ovog ovog zakona navedena je prvenstveno svjesnost pogor\u0161anja ekonomske situacije i pove\u0107anja tro\u0161kova \u017eivota koji se posebno odra\u017eava na vi\u0161e\u010dlane obitelji, a ujedno i \u010dinjenice da se svake godine u \u017dupaniji suo\u010davamo sa sve ve\u0107im negativnim [&hellip;]\" \/>\n<meta property=\"og:url\" content=\"https:\/\/radioljubuski.ba\/index.php\/2022\/08\/03\/skupstina-zzh-po-hitnom-postupku-usvojila-prijedlog-zakona-o-zastiti-obitelji-s-djecom\/\" \/>\n<meta property=\"og:site_name\" content=\"RADIO LJUBU\u0160KI\" \/>\n<meta property=\"article:publisher\" content=\"https:\/\/www.facebook.com\/Radiio-Ljubuski-1490835324566332\" \/>\n<meta property=\"article:published_time\" content=\"2022-08-03T06:06:13+00:00\" \/>\n<meta property=\"article:modified_time\" content=\"2022-08-04T07:51:12+00:00\" \/>\n<meta property=\"og:image\" content=\"https:\/\/radioljubuski.ba\/wp-content\/uploads\/2022\/08\/f74f70f80b1f7542c3400fd1192b7496_L.jpg\" \/>\n\t<meta property=\"og:image:width\" content=\"1024\" \/>\n\t<meta property=\"og:image:height\" content=\"657\" \/>\n\t<meta property=\"og:image:type\" content=\"image\/jpeg\" \/>\n<meta name=\"author\" content=\"Radio Ljubu\u0161ki\" \/>\n<meta name=\"twitter:card\" content=\"summary_large_image\" \/>\n<meta name=\"twitter:creator\" content=\"@radioljubuski\" \/>\n<meta name=\"twitter:site\" content=\"@radioljubuski\" \/>\n<meta name=\"twitter:label1\" content=\"Napisao\/la\" \/>\n\t<meta name=\"twitter:data1\" content=\"Radio Ljubu\u0161ki\" \/>\n\t<meta name=\"twitter:label2\" content=\"Procijenjeno vrijeme \u010ditanja\" \/>\n\t<meta name=\"twitter:data2\" content=\"4 minute\" \/>\n<script type=\"application\/ld+json\" class=\"yoast-schema-graph\">{\"@context\":\"https:\\\/\\\/schema.org\",\"@graph\":[{\"@type\":\"Article\",\"@id\":\"https:\\\/\\\/radioljubuski.ba\\\/index.php\\\/2022\\\/08\\\/03\\\/skupstina-zzh-po-hitnom-postupku-usvojila-prijedlog-zakona-o-zastiti-obitelji-s-djecom\\\/#article\",\"isPartOf\":{\"@id\":\"https:\\\/\\\/radioljubuski.ba\\\/index.php\\\/2022\\\/08\\\/03\\\/skupstina-zzh-po-hitnom-postupku-usvojila-prijedlog-zakona-o-zastiti-obitelji-s-djecom\\\/\"},\"author\":{\"name\":\"Radio Ljubu\u0161ki\",\"@id\":\"https:\\\/\\\/radioljubuski.ba\\\/#\\\/schema\\\/person\\\/19fc700381a780f69665d7956c469e3b\"},\"headline\":\"Skup\u0161tina \u017dZH po hitnom postupku usvojila Prijedlog zakona o za\u0161titi obitelji s djecom\",\"datePublished\":\"2022-08-03T06:06:13+00:00\",\"dateModified\":\"2022-08-04T07:51:12+00:00\",\"mainEntityOfPage\":{\"@id\":\"https:\\\/\\\/radioljubuski.ba\\\/index.php\\\/2022\\\/08\\\/03\\\/skupstina-zzh-po-hitnom-postupku-usvojila-prijedlog-zakona-o-zastiti-obitelji-s-djecom\\\/\"},\"wordCount\":796,\"publisher\":{\"@id\":\"https:\\\/\\\/radioljubuski.ba\\\/#organization\"},\"image\":{\"@id\":\"https:\\\/\\\/radioljubuski.ba\\\/index.php\\\/2022\\\/08\\\/03\\\/skupstina-zzh-po-hitnom-postupku-usvojila-prijedlog-zakona-o-zastiti-obitelji-s-djecom\\\/#primaryimage\"},\"thumbnailUrl\":\"https:\\\/\\\/radioljubuski.ba\\\/wp-content\\\/uploads\\\/2022\\\/08\\\/f74f70f80b1f7542c3400fd1192b7496_L.jpg\",\"articleSection\":[\"BIH i regija\"],\"inLanguage\":\"hr\"},{\"@type\":\"WebPage\",\"@id\":\"https:\\\/\\\/radioljubuski.ba\\\/index.php\\\/2022\\\/08\\\/03\\\/skupstina-zzh-po-hitnom-postupku-usvojila-prijedlog-zakona-o-zastiti-obitelji-s-djecom\\\/\",\"url\":\"https:\\\/\\\/radioljubuski.ba\\\/index.php\\\/2022\\\/08\\\/03\\\/skupstina-zzh-po-hitnom-postupku-usvojila-prijedlog-zakona-o-zastiti-obitelji-s-djecom\\\/\",\"name\":\"Skup\u0161tina \u017dZH po hitnom postupku usvojila Prijedlog zakona o za\u0161titi obitelji s djecom - RADIO LJUBU\u0160KI\",\"isPartOf\":{\"@id\":\"https:\\\/\\\/radioljubuski.ba\\\/#website\"},\"primaryImageOfPage\":{\"@id\":\"https:\\\/\\\/radioljubuski.ba\\\/index.php\\\/2022\\\/08\\\/03\\\/skupstina-zzh-po-hitnom-postupku-usvojila-prijedlog-zakona-o-zastiti-obitelji-s-djecom\\\/#primaryimage\"},\"image\":{\"@id\":\"https:\\\/\\\/radioljubuski.ba\\\/index.php\\\/2022\\\/08\\\/03\\\/skupstina-zzh-po-hitnom-postupku-usvojila-prijedlog-zakona-o-zastiti-obitelji-s-djecom\\\/#primaryimage\"},\"thumbnailUrl\":\"https:\\\/\\\/radioljubuski.ba\\\/wp-content\\\/uploads\\\/2022\\\/08\\\/f74f70f80b1f7542c3400fd1192b7496_L.jpg\",\"datePublished\":\"2022-08-03T06:06:13+00:00\",\"dateModified\":\"2022-08-04T07:51:12+00:00\",\"breadcrumb\":{\"@id\":\"https:\\\/\\\/radioljubuski.ba\\\/index.php\\\/2022\\\/08\\\/03\\\/skupstina-zzh-po-hitnom-postupku-usvojila-prijedlog-zakona-o-zastiti-obitelji-s-djecom\\\/#breadcrumb\"},\"inLanguage\":\"hr\",\"potentialAction\":[{\"@type\":\"ReadAction\",\"target\":[\"https:\\\/\\\/radioljubuski.ba\\\/index.php\\\/2022\\\/08\\\/03\\\/skupstina-zzh-po-hitnom-postupku-usvojila-prijedlog-zakona-o-zastiti-obitelji-s-djecom\\\/\"]}]},{\"@type\":\"ImageObject\",\"inLanguage\":\"hr\",\"@id\":\"https:\\\/\\\/radioljubuski.ba\\\/index.php\\\/2022\\\/08\\\/03\\\/skupstina-zzh-po-hitnom-postupku-usvojila-prijedlog-zakona-o-zastiti-obitelji-s-djecom\\\/#primaryimage\",\"url\":\"https:\\\/\\\/radioljubuski.ba\\\/wp-content\\\/uploads\\\/2022\\\/08\\\/f74f70f80b1f7542c3400fd1192b7496_L.jpg\",\"contentUrl\":\"https:\\\/\\\/radioljubuski.ba\\\/wp-content\\\/uploads\\\/2022\\\/08\\\/f74f70f80b1f7542c3400fd1192b7496_L.jpg\",\"width\":1024,\"height\":657},{\"@type\":\"BreadcrumbList\",\"@id\":\"https:\\\/\\\/radioljubuski.ba\\\/index.php\\\/2022\\\/08\\\/03\\\/skupstina-zzh-po-hitnom-postupku-usvojila-prijedlog-zakona-o-zastiti-obitelji-s-djecom\\\/#breadcrumb\",\"itemListElement\":[{\"@type\":\"ListItem\",\"position\":1,\"name\":\"Po\u010detna stranica\",\"item\":\"https:\\\/\\\/radioljubuski.ba\\\/\"},{\"@type\":\"ListItem\",\"position\":2,\"name\":\"Skup\u0161tina \u017dZH po hitnom postupku usvojila Prijedlog zakona o za\u0161titi obitelji s djecom\"}]},{\"@type\":\"WebSite\",\"@id\":\"https:\\\/\\\/radioljubuski.ba\\\/#website\",\"url\":\"https:\\\/\\\/radioljubuski.ba\\\/\",\"name\":\"Radio Ljubu\u0161ki\",\"description\":\"Sun\u010dana frekvencija Hercegovine\",\"publisher\":{\"@id\":\"https:\\\/\\\/radioljubuski.ba\\\/#organization\"},\"potentialAction\":[{\"@type\":\"SearchAction\",\"target\":{\"@type\":\"EntryPoint\",\"urlTemplate\":\"https:\\\/\\\/radioljubuski.ba\\\/?s={search_term_string}\"},\"query-input\":{\"@type\":\"PropertyValueSpecification\",\"valueRequired\":true,\"valueName\":\"search_term_string\"}}],\"inLanguage\":\"hr\"},{\"@type\":\"Organization\",\"@id\":\"https:\\\/\\\/radioljubuski.ba\\\/#organization\",\"name\":\"Radio Ljubu\u0161ki\",\"url\":\"https:\\\/\\\/radioljubuski.ba\\\/\",\"logo\":{\"@type\":\"ImageObject\",\"inLanguage\":\"hr\",\"@id\":\"https:\\\/\\\/radioljubuski.ba\\\/#\\\/schema\\\/logo\\\/image\\\/\",\"url\":\"https:\\\/\\\/radioljubuski.ba\\\/wp-content\\\/uploads\\\/2021\\\/02\\\/cropped-Radio_Ljubuski_logo1.jpg\",\"contentUrl\":\"https:\\\/\\\/radioljubuski.ba\\\/wp-content\\\/uploads\\\/2021\\\/02\\\/cropped-Radio_Ljubuski_logo1.jpg\",\"width\":512,\"height\":512,\"caption\":\"Radio Ljubu\u0161ki\"},\"image\":{\"@id\":\"https:\\\/\\\/radioljubuski.ba\\\/#\\\/schema\\\/logo\\\/image\\\/\"},\"sameAs\":[\"https:\\\/\\\/www.facebook.com\\\/Radiio-Ljubuski-1490835324566332\",\"https:\\\/\\\/x.com\\\/radioljubuski\",\"https:\\\/\\\/hr.linkedin.com\\\/company\\\/radio-ljubuski\",\"https:\\\/\\\/www.youtube.com\\\/channel\\\/UCHYaeO_n0Db3tjNGudGpXyw\"]},{\"@type\":\"Person\",\"@id\":\"https:\\\/\\\/radioljubuski.ba\\\/#\\\/schema\\\/person\\\/19fc700381a780f69665d7956c469e3b\",\"name\":\"Radio Ljubu\u0161ki\"}]}<\/script>\n<!-- \/ Yoast SEO plugin. -->","yoast_head_json":{"title":"Skup\u0161tina \u017dZH po hitnom postupku usvojila Prijedlog zakona o za\u0161titi obitelji s djecom - RADIO LJUBU\u0160KI","robots":{"index":"index","follow":"follow","max-snippet":"max-snippet:-1","max-image-preview":"max-image-preview:large","max-video-preview":"max-video-preview:-1"},"canonical":"https:\/\/radioljubuski.ba\/index.php\/2022\/08\/03\/skupstina-zzh-po-hitnom-postupku-usvojila-prijedlog-zakona-o-zastiti-obitelji-s-djecom\/","og_locale":"hr_HR","og_type":"article","og_title":"Skup\u0161tina \u017dZH po hitnom postupku usvojila Prijedlog zakona o za\u0161titi obitelji s djecom - RADIO LJUBU\u0160KI","og_description":"Na 31. sjednici Skup\u0161tine \u017dupanije Zapadnohercegova\u010dke usvojen je Prijedlog zakona o za\u0161titi obitelji s djecom. Kao razlog za dono\u0161enje ovog ovog zakona navedena je prvenstveno svjesnost pogor\u0161anja ekonomske situacije i pove\u0107anja tro\u0161kova \u017eivota koji se posebno odra\u017eava na vi\u0161e\u010dlane obitelji, a ujedno i \u010dinjenice da se svake godine u \u017dupaniji suo\u010davamo sa sve ve\u0107im negativnim [&hellip;]","og_url":"https:\/\/radioljubuski.ba\/index.php\/2022\/08\/03\/skupstina-zzh-po-hitnom-postupku-usvojila-prijedlog-zakona-o-zastiti-obitelji-s-djecom\/","og_site_name":"RADIO LJUBU\u0160KI","article_publisher":"https:\/\/www.facebook.com\/Radiio-Ljubuski-1490835324566332","article_published_time":"2022-08-03T06:06:13+00:00","article_modified_time":"2022-08-04T07:51:12+00:00","og_image":[{"width":1024,"height":657,"url":"https:\/\/radioljubuski.ba\/wp-content\/uploads\/2022\/08\/f74f70f80b1f7542c3400fd1192b7496_L.jpg","type":"image\/jpeg"}],"author":"Radio Ljubu\u0161ki","twitter_card":"summary_large_image","twitter_creator":"@radioljubuski","twitter_site":"@radioljubuski","twitter_misc":{"Napisao\/la":"Radio Ljubu\u0161ki","Procijenjeno vrijeme \u010ditanja":"4 minute"},"schema":{"@context":"https:\/\/schema.org","@graph":[{"@type":"Article","@id":"https:\/\/radioljubuski.ba\/index.php\/2022\/08\/03\/skupstina-zzh-po-hitnom-postupku-usvojila-prijedlog-zakona-o-zastiti-obitelji-s-djecom\/#article","isPartOf":{"@id":"https:\/\/radioljubuski.ba\/index.php\/2022\/08\/03\/skupstina-zzh-po-hitnom-postupku-usvojila-prijedlog-zakona-o-zastiti-obitelji-s-djecom\/"},"author":{"name":"Radio Ljubu\u0161ki","@id":"https:\/\/radioljubuski.ba\/#\/schema\/person\/19fc700381a780f69665d7956c469e3b"},"headline":"Skup\u0161tina \u017dZH po hitnom postupku usvojila Prijedlog zakona o za\u0161titi obitelji s djecom","datePublished":"2022-08-03T06:06:13+00:00","dateModified":"2022-08-04T07:51:12+00:00","mainEntityOfPage":{"@id":"https:\/\/radioljubuski.ba\/index.php\/2022\/08\/03\/skupstina-zzh-po-hitnom-postupku-usvojila-prijedlog-zakona-o-zastiti-obitelji-s-djecom\/"},"wordCount":796,"publisher":{"@id":"https:\/\/radioljubuski.ba\/#organization"},"image":{"@id":"https:\/\/radioljubuski.ba\/index.php\/2022\/08\/03\/skupstina-zzh-po-hitnom-postupku-usvojila-prijedlog-zakona-o-zastiti-obitelji-s-djecom\/#primaryimage"},"thumbnailUrl":"https:\/\/radioljubuski.ba\/wp-content\/uploads\/2022\/08\/f74f70f80b1f7542c3400fd1192b7496_L.jpg","articleSection":["BIH i regija"],"inLanguage":"hr"},{"@type":"WebPage","@id":"https:\/\/radioljubuski.ba\/index.php\/2022\/08\/03\/skupstina-zzh-po-hitnom-postupku-usvojila-prijedlog-zakona-o-zastiti-obitelji-s-djecom\/","url":"https:\/\/radioljubuski.ba\/index.php\/2022\/08\/03\/skupstina-zzh-po-hitnom-postupku-usvojila-prijedlog-zakona-o-zastiti-obitelji-s-djecom\/","name":"Skup\u0161tina \u017dZH po hitnom postupku usvojila Prijedlog zakona o za\u0161titi obitelji s djecom - RADIO LJUBU\u0160KI","isPartOf":{"@id":"https:\/\/radioljubuski.ba\/#website"},"primaryImageOfPage":{"@id":"https:\/\/radioljubuski.ba\/index.php\/2022\/08\/03\/skupstina-zzh-po-hitnom-postupku-usvojila-prijedlog-zakona-o-zastiti-obitelji-s-djecom\/#primaryimage"},"image":{"@id":"https:\/\/radioljubuski.ba\/index.php\/2022\/08\/03\/skupstina-zzh-po-hitnom-postupku-usvojila-prijedlog-zakona-o-zastiti-obitelji-s-djecom\/#primaryimage"},"thumbnailUrl":"https:\/\/radioljubuski.ba\/wp-content\/uploads\/2022\/08\/f74f70f80b1f7542c3400fd1192b7496_L.jpg","datePublished":"2022-08-03T06:06:13+00:00","dateModified":"2022-08-04T07:51:12+00:00","breadcrumb":{"@id":"https:\/\/radioljubuski.ba\/index.php\/2022\/08\/03\/skupstina-zzh-po-hitnom-postupku-usvojila-prijedlog-zakona-o-zastiti-obitelji-s-djecom\/#breadcrumb"},"inLanguage":"hr","potentialAction":[{"@type":"ReadAction","target":["https:\/\/radioljubuski.ba\/index.php\/2022\/08\/03\/skupstina-zzh-po-hitnom-postupku-usvojila-prijedlog-zakona-o-zastiti-obitelji-s-djecom\/"]}]},{"@type":"ImageObject","inLanguage":"hr","@id":"https:\/\/radioljubuski.ba\/index.php\/2022\/08\/03\/skupstina-zzh-po-hitnom-postupku-usvojila-prijedlog-zakona-o-zastiti-obitelji-s-djecom\/#primaryimage","url":"https:\/\/radioljubuski.ba\/wp-content\/uploads\/2022\/08\/f74f70f80b1f7542c3400fd1192b7496_L.jpg","contentUrl":"https:\/\/radioljubuski.ba\/wp-content\/uploads\/2022\/08\/f74f70f80b1f7542c3400fd1192b7496_L.jpg","width":1024,"height":657},{"@type":"BreadcrumbList","@id":"https:\/\/radioljubuski.ba\/index.php\/2022\/08\/03\/skupstina-zzh-po-hitnom-postupku-usvojila-prijedlog-zakona-o-zastiti-obitelji-s-djecom\/#breadcrumb","itemListElement":[{"@type":"ListItem","position":1,"name":"Po\u010detna stranica","item":"https:\/\/radioljubuski.ba\/"},{"@type":"ListItem","position":2,"name":"Skup\u0161tina \u017dZH po hitnom postupku usvojila Prijedlog zakona o za\u0161titi obitelji s djecom"}]},{"@type":"WebSite","@id":"https:\/\/radioljubuski.ba\/#website","url":"https:\/\/radioljubuski.ba\/","name":"Radio Ljubu\u0161ki","description":"Sun\u010dana frekvencija Hercegovine","publisher":{"@id":"https:\/\/radioljubuski.ba\/#organization"},"potentialAction":[{"@type":"SearchAction","target":{"@type":"EntryPoint","urlTemplate":"https:\/\/radioljubuski.ba\/?s={search_term_string}"},"query-input":{"@type":"PropertyValueSpecification","valueRequired":true,"valueName":"search_term_string"}}],"inLanguage":"hr"},{"@type":"Organization","@id":"https:\/\/radioljubuski.ba\/#organization","name":"Radio Ljubu\u0161ki","url":"https:\/\/radioljubuski.ba\/","logo":{"@type":"ImageObject","inLanguage":"hr","@id":"https:\/\/radioljubuski.ba\/#\/schema\/logo\/image\/","url":"https:\/\/radioljubuski.ba\/wp-content\/uploads\/2021\/02\/cropped-Radio_Ljubuski_logo1.jpg","contentUrl":"https:\/\/radioljubuski.ba\/wp-content\/uploads\/2021\/02\/cropped-Radio_Ljubuski_logo1.jpg","width":512,"height":512,"caption":"Radio Ljubu\u0161ki"},"image":{"@id":"https:\/\/radioljubuski.ba\/#\/schema\/logo\/image\/"},"sameAs":["https:\/\/www.facebook.com\/Radiio-Ljubuski-1490835324566332","https:\/\/x.com\/radioljubuski","https:\/\/hr.linkedin.com\/company\/radio-ljubuski","https:\/\/www.youtube.com\/channel\/UCHYaeO_n0Db3tjNGudGpXyw"]},{"@type":"Person","@id":"https:\/\/radioljubuski.ba\/#\/schema\/person\/19fc700381a780f69665d7956c469e3b","name":"Radio Ljubu\u0161ki"}]}},"_links":{"self":[{"href":"https:\/\/radioljubuski.ba\/index.php\/wp-json\/wp\/v2\/posts\/165913","targetHints":{"allow":["GET"]}}],"collection":[{"href":"https:\/\/radioljubuski.ba\/index.php\/wp-json\/wp\/v2\/posts"}],"about":[{"href":"https:\/\/radioljubuski.ba\/index.php\/wp-json\/wp\/v2\/types\/post"}],"author":[{"embeddable":true,"href":"https:\/\/radioljubuski.ba\/index.php\/wp-json\/wp\/v2\/users\/2"}],"replies":[{"embeddable":true,"href":"https:\/\/radioljubuski.ba\/index.php\/wp-json\/wp\/v2\/comments?post=165913"}],"version-history":[{"count":2,"href":"https:\/\/radioljubuski.ba\/index.php\/wp-json\/wp\/v2\/posts\/165913\/revisions"}],"predecessor-version":[{"id":166023,"href":"https:\/\/radioljubuski.ba\/index.php\/wp-json\/wp\/v2\/posts\/165913\/revisions\/166023"}],"wp:featuredmedia":[{"embeddable":true,"href":"https:\/\/radioljubuski.ba\/index.php\/wp-json\/wp\/v2\/media\/165914"}],"wp:attachment":[{"href":"https:\/\/radioljubuski.ba\/index.php\/wp-json\/wp\/v2\/media?parent=165913"}],"wp:term":[{"taxonomy":"category","embeddable":true,"href":"https:\/\/radioljubuski.ba\/index.php\/wp-json\/wp\/v2\/categories?post=165913"},{"taxonomy":"post_tag","embeddable":true,"href":"https:\/\/radioljubuski.ba\/index.php\/wp-json\/wp\/v2\/tags?post=165913"}],"curies":[{"name":"wp","href":"https:\/\/api.w.org\/{rel}","templated":true}]}}