{"id":165916,"date":"2022-08-03T07:13:43","date_gmt":"2022-08-03T06:13:43","guid":{"rendered":"https:\/\/radioljubuski.ba\/?p=165916"},"modified":"2022-08-03T07:13:43","modified_gmt":"2022-08-03T06:13:43","slug":"teska-situacija-na-pozaristu-u-neumu-ocekuje-se-pomoc-iz-zraka","status":"publish","type":"post","link":"https:\/\/radioljubuski.ba\/index.php\/2022\/08\/03\/teska-situacija-na-pozaristu-u-neumu-ocekuje-se-pomoc-iz-zraka\/","title":{"rendered":"Te\u0161ka situacija na po\u017eari\u0161tu u Neumu, o\u010dekuje se pomo\u0107 iz zraka"},"content":{"rendered":"\n<p>Situacija u Neumu gdje je ju\u010der buknuo po\u017ear i dalje je te\u0161ka. Kako je za portal &#8220;Avaza&#8221; re\u010deno iz Civilne za\u0161tite Neum, o\u010dekuje se pomo\u0107 iz zraka.<\/p>\n\n\n\n<p>&#8211; Gori na \u0161irem podru\u010dju sela Prapratnica. Ku\u0107e su sino\u0107 bile ugro\u017eene, ali i dalje situacija nije ba\u0161 sjajna. Ne znam koliko je to\u010dno vatrogasaca na terenu, ali ima podr\u0161ke iz susjednih op\u0107ina &#8211; re\u010deno je za portal &#8220;<a href=\"https:\/\/avaz.ba\/vijesti\/crna-hronika\/762600\/iz-civilne-zastite-za-avaz-teska-situacija-na-pozaristu-u-neumu-ocekuje-se-pomoc-iz-zraka\" target=\"_blank\" rel=\"noreferrer noopener\">Avaza<\/a>&#8221; iz Civilne za\u0161tite Neum.<\/p>\n\n\n\n<p>Kako su&nbsp; ju\u010der rekli iz Vatrogasne jedinice Neum nakon Bro\u0107anca vatra se pro\u0161irila prema selu Prapratnica. Po\u017earna linija je ogromna, a vatrogascima je vjetar ote\u017eavao ga\u0161enje vatre.<\/p>\n\n\n\n<p>Josip Mati\u0107, jedan od najpoznatijih maslinara u BiH, \u010diji su zasadi, upravo, u Bro\u0107ancu, odakle je i rodom, rekao je za portal &#8220;Avaza&#8221; da je u po\u017earu izgorjelo Bro\u0107ansko polje.<\/p>\n\n\n\n<p>&#8211; Ovo je katastrofa. Eto, sad je vatru prebacilo u Prapratnicu. Sre\u0107om, nisu ku\u0107e izgorjele, jedna \u0161tala je stradala, ali je pri\u010dinjena ogromna \u0161teta maslinicima. Dosta ploda je uni\u0161teno &#8211; rekao je.<\/p>\n\n\n\n<p>Izvor: <a href=\"https:\/\/pogled.ba\/novosti\/teska-situacija-na-pozaristu-u-neumu-ocekuje-se-pomoc-iz-zraka\/252232\">Pogled.ba<\/a><\/p>\n","protected":false},"excerpt":{"rendered":"<p>Situacija u Neumu gdje je ju\u010der buknuo po\u017ear i dalje je te\u0161ka. Kako je za portal &#8220;Avaza&#8221; re\u010deno iz Civilne za\u0161tite Neum, o\u010dekuje se pomo\u0107 iz zraka. &#8211; Gori na \u0161irem podru\u010dju sela Prapratnica. Ku\u0107e su sino\u0107 bile ugro\u017eene, ali i dalje situacija nije ba\u0161 sjajna. Ne znam koliko je to\u010dno vatrogasaca na terenu, ali [&hellip;]<\/p>\n","protected":false},"author":2,"featured_media":165917,"comment_status":"closed","ping_status":"closed","sticky":false,"template":"","format":"standard","meta":{"h5ap_radio_sources":[],"footnotes":""},"categories":[1],"tags":[],"class_list":["post-165916","post","type-post","status-publish","format-standard","has-post-thumbnail","hentry","category-bihiregija"],"yoast_head":"<!-- This site is optimized with the Yoast SEO plugin v27.4 - https:\/\/yoast.com\/product\/yoast-seo-wordpress\/ -->\n<title>Te\u0161ka situacija na po\u017eari\u0161tu u Neumu, o\u010dekuje se pomo\u0107 iz zraka - RADIO LJUBU\u0160KI<\/title>\n<meta name=\"robots\" content=\"index, follow, max-snippet:-1, max-image-preview:large, max-video-preview:-1\" \/>\n<link rel=\"canonical\" href=\"https:\/\/radioljubuski.ba\/index.php\/2022\/08\/03\/teska-situacija-na-pozaristu-u-neumu-ocekuje-se-pomoc-iz-zraka\/\" \/>\n<meta property=\"og:locale\" content=\"hr_HR\" \/>\n<meta property=\"og:type\" content=\"article\" \/>\n<meta property=\"og:title\" content=\"Te\u0161ka situacija na po\u017eari\u0161tu u Neumu, o\u010dekuje se pomo\u0107 iz zraka - RADIO LJUBU\u0160KI\" \/>\n<meta property=\"og:description\" content=\"Situacija u Neumu gdje je ju\u010der buknuo po\u017ear i dalje je te\u0161ka. Kako je za portal &#8220;Avaza&#8221; re\u010deno iz Civilne za\u0161tite Neum, o\u010dekuje se pomo\u0107 iz zraka. &#8211; Gori na \u0161irem podru\u010dju sela Prapratnica. Ku\u0107e su sino\u0107 bile ugro\u017eene, ali i dalje situacija nije ba\u0161 sjajna. Ne znam koliko je to\u010dno vatrogasaca na terenu, ali [&hellip;]\" \/>\n<meta property=\"og:url\" content=\"https:\/\/radioljubuski.ba\/index.php\/2022\/08\/03\/teska-situacija-na-pozaristu-u-neumu-ocekuje-se-pomoc-iz-zraka\/\" \/>\n<meta property=\"og:site_name\" content=\"RADIO LJUBU\u0160KI\" \/>\n<meta property=\"article:publisher\" content=\"https:\/\/www.facebook.com\/Radiio-Ljubuski-1490835324566332\" \/>\n<meta property=\"article:published_time\" content=\"2022-08-03T06:13:43+00:00\" \/>\n<meta property=\"og:image\" content=\"https:\/\/radioljubuski.ba\/wp-content\/uploads\/2022\/08\/8-2022-08-03-07-32-38-NEUM-POZAR-1.jpg\" \/>\n\t<meta property=\"og:image:width\" content=\"1000\" \/>\n\t<meta property=\"og:image:height\" content=\"625\" \/>\n\t<meta property=\"og:image:type\" content=\"image\/jpeg\" \/>\n<meta name=\"author\" content=\"Radio Ljubu\u0161ki\" \/>\n<meta name=\"twitter:card\" content=\"summary_large_image\" \/>\n<meta name=\"twitter:creator\" content=\"@radioljubuski\" \/>\n<meta name=\"twitter:site\" content=\"@radioljubuski\" \/>\n<meta name=\"twitter:label1\" content=\"Napisao\/la\" \/>\n\t<meta name=\"twitter:data1\" content=\"Radio Ljubu\u0161ki\" \/>\n\t<meta name=\"twitter:label2\" content=\"Procijenjeno vrijeme \u010ditanja\" \/>\n\t<meta name=\"twitter:data2\" content=\"1 minuta\" \/>\n<script type=\"application\/ld+json\" class=\"yoast-schema-graph\">{\"@context\":\"https:\\\/\\\/schema.org\",\"@graph\":[{\"@type\":\"Article\",\"@id\":\"https:\\\/\\\/radioljubuski.ba\\\/index.php\\\/2022\\\/08\\\/03\\\/teska-situacija-na-pozaristu-u-neumu-ocekuje-se-pomoc-iz-zraka\\\/#article\",\"isPartOf\":{\"@id\":\"https:\\\/\\\/radioljubuski.ba\\\/index.php\\\/2022\\\/08\\\/03\\\/teska-situacija-na-pozaristu-u-neumu-ocekuje-se-pomoc-iz-zraka\\\/\"},\"author\":{\"name\":\"Radio Ljubu\u0161ki\",\"@id\":\"https:\\\/\\\/radioljubuski.ba\\\/#\\\/schema\\\/person\\\/19fc700381a780f69665d7956c469e3b\"},\"headline\":\"Te\u0161ka situacija na po\u017eari\u0161tu u Neumu, o\u010dekuje se pomo\u0107 iz zraka\",\"datePublished\":\"2022-08-03T06:13:43+00:00\",\"mainEntityOfPage\":{\"@id\":\"https:\\\/\\\/radioljubuski.ba\\\/index.php\\\/2022\\\/08\\\/03\\\/teska-situacija-na-pozaristu-u-neumu-ocekuje-se-pomoc-iz-zraka\\\/\"},\"wordCount\":205,\"publisher\":{\"@id\":\"https:\\\/\\\/radioljubuski.ba\\\/#organization\"},\"image\":{\"@id\":\"https:\\\/\\\/radioljubuski.ba\\\/index.php\\\/2022\\\/08\\\/03\\\/teska-situacija-na-pozaristu-u-neumu-ocekuje-se-pomoc-iz-zraka\\\/#primaryimage\"},\"thumbnailUrl\":\"https:\\\/\\\/radioljubuski.ba\\\/wp-content\\\/uploads\\\/2022\\\/08\\\/8-2022-08-03-07-32-38-NEUM-POZAR-1.jpg\",\"articleSection\":[\"BIH i regija\"],\"inLanguage\":\"hr\"},{\"@type\":\"WebPage\",\"@id\":\"https:\\\/\\\/radioljubuski.ba\\\/index.php\\\/2022\\\/08\\\/03\\\/teska-situacija-na-pozaristu-u-neumu-ocekuje-se-pomoc-iz-zraka\\\/\",\"url\":\"https:\\\/\\\/radioljubuski.ba\\\/index.php\\\/2022\\\/08\\\/03\\\/teska-situacija-na-pozaristu-u-neumu-ocekuje-se-pomoc-iz-zraka\\\/\",\"name\":\"Te\u0161ka situacija na po\u017eari\u0161tu u Neumu, o\u010dekuje se pomo\u0107 iz zraka - RADIO LJUBU\u0160KI\",\"isPartOf\":{\"@id\":\"https:\\\/\\\/radioljubuski.ba\\\/#website\"},\"primaryImageOfPage\":{\"@id\":\"https:\\\/\\\/radioljubuski.ba\\\/index.php\\\/2022\\\/08\\\/03\\\/teska-situacija-na-pozaristu-u-neumu-ocekuje-se-pomoc-iz-zraka\\\/#primaryimage\"},\"image\":{\"@id\":\"https:\\\/\\\/radioljubuski.ba\\\/index.php\\\/2022\\\/08\\\/03\\\/teska-situacija-na-pozaristu-u-neumu-ocekuje-se-pomoc-iz-zraka\\\/#primaryimage\"},\"thumbnailUrl\":\"https:\\\/\\\/radioljubuski.ba\\\/wp-content\\\/uploads\\\/2022\\\/08\\\/8-2022-08-03-07-32-38-NEUM-POZAR-1.jpg\",\"datePublished\":\"2022-08-03T06:13:43+00:00\",\"breadcrumb\":{\"@id\":\"https:\\\/\\\/radioljubuski.ba\\\/index.php\\\/2022\\\/08\\\/03\\\/teska-situacija-na-pozaristu-u-neumu-ocekuje-se-pomoc-iz-zraka\\\/#breadcrumb\"},\"inLanguage\":\"hr\",\"potentialAction\":[{\"@type\":\"ReadAction\",\"target\":[\"https:\\\/\\\/radioljubuski.ba\\\/index.php\\\/2022\\\/08\\\/03\\\/teska-situacija-na-pozaristu-u-neumu-ocekuje-se-pomoc-iz-zraka\\\/\"]}]},{\"@type\":\"ImageObject\",\"inLanguage\":\"hr\",\"@id\":\"https:\\\/\\\/radioljubuski.ba\\\/index.php\\\/2022\\\/08\\\/03\\\/teska-situacija-na-pozaristu-u-neumu-ocekuje-se-pomoc-iz-zraka\\\/#primaryimage\",\"url\":\"https:\\\/\\\/radioljubuski.ba\\\/wp-content\\\/uploads\\\/2022\\\/08\\\/8-2022-08-03-07-32-38-NEUM-POZAR-1.jpg\",\"contentUrl\":\"https:\\\/\\\/radioljubuski.ba\\\/wp-content\\\/uploads\\\/2022\\\/08\\\/8-2022-08-03-07-32-38-NEUM-POZAR-1.jpg\",\"width\":1000,\"height\":625},{\"@type\":\"BreadcrumbList\",\"@id\":\"https:\\\/\\\/radioljubuski.ba\\\/index.php\\\/2022\\\/08\\\/03\\\/teska-situacija-na-pozaristu-u-neumu-ocekuje-se-pomoc-iz-zraka\\\/#breadcrumb\",\"itemListElement\":[{\"@type\":\"ListItem\",\"position\":1,\"name\":\"Po\u010detna stranica\",\"item\":\"https:\\\/\\\/radioljubuski.ba\\\/\"},{\"@type\":\"ListItem\",\"position\":2,\"name\":\"Te\u0161ka situacija na po\u017eari\u0161tu u Neumu, o\u010dekuje se pomo\u0107 iz zraka\"}]},{\"@type\":\"WebSite\",\"@id\":\"https:\\\/\\\/radioljubuski.ba\\\/#website\",\"url\":\"https:\\\/\\\/radioljubuski.ba\\\/\",\"name\":\"Radio Ljubu\u0161ki\",\"description\":\"Sun\u010dana frekvencija Hercegovine\",\"publisher\":{\"@id\":\"https:\\\/\\\/radioljubuski.ba\\\/#organization\"},\"potentialAction\":[{\"@type\":\"SearchAction\",\"target\":{\"@type\":\"EntryPoint\",\"urlTemplate\":\"https:\\\/\\\/radioljubuski.ba\\\/?s={search_term_string}\"},\"query-input\":{\"@type\":\"PropertyValueSpecification\",\"valueRequired\":true,\"valueName\":\"search_term_string\"}}],\"inLanguage\":\"hr\"},{\"@type\":\"Organization\",\"@id\":\"https:\\\/\\\/radioljubuski.ba\\\/#organization\",\"name\":\"Radio Ljubu\u0161ki\",\"url\":\"https:\\\/\\\/radioljubuski.ba\\\/\",\"logo\":{\"@type\":\"ImageObject\",\"inLanguage\":\"hr\",\"@id\":\"https:\\\/\\\/radioljubuski.ba\\\/#\\\/schema\\\/logo\\\/image\\\/\",\"url\":\"https:\\\/\\\/radioljubuski.ba\\\/wp-content\\\/uploads\\\/2021\\\/02\\\/cropped-Radio_Ljubuski_logo1.jpg\",\"contentUrl\":\"https:\\\/\\\/radioljubuski.ba\\\/wp-content\\\/uploads\\\/2021\\\/02\\\/cropped-Radio_Ljubuski_logo1.jpg\",\"width\":512,\"height\":512,\"caption\":\"Radio Ljubu\u0161ki\"},\"image\":{\"@id\":\"https:\\\/\\\/radioljubuski.ba\\\/#\\\/schema\\\/logo\\\/image\\\/\"},\"sameAs\":[\"https:\\\/\\\/www.facebook.com\\\/Radiio-Ljubuski-1490835324566332\",\"https:\\\/\\\/x.com\\\/radioljubuski\",\"https:\\\/\\\/hr.linkedin.com\\\/company\\\/radio-ljubuski\",\"https:\\\/\\\/www.youtube.com\\\/channel\\\/UCHYaeO_n0Db3tjNGudGpXyw\"]},{\"@type\":\"Person\",\"@id\":\"https:\\\/\\\/radioljubuski.ba\\\/#\\\/schema\\\/person\\\/19fc700381a780f69665d7956c469e3b\",\"name\":\"Radio Ljubu\u0161ki\"}]}<\/script>\n<!-- \/ Yoast SEO plugin. -->","yoast_head_json":{"title":"Te\u0161ka situacija na po\u017eari\u0161tu u Neumu, o\u010dekuje se pomo\u0107 iz zraka - RADIO LJUBU\u0160KI","robots":{"index":"index","follow":"follow","max-snippet":"max-snippet:-1","max-image-preview":"max-image-preview:large","max-video-preview":"max-video-preview:-1"},"canonical":"https:\/\/radioljubuski.ba\/index.php\/2022\/08\/03\/teska-situacija-na-pozaristu-u-neumu-ocekuje-se-pomoc-iz-zraka\/","og_locale":"hr_HR","og_type":"article","og_title":"Te\u0161ka situacija na po\u017eari\u0161tu u Neumu, o\u010dekuje se pomo\u0107 iz zraka - RADIO LJUBU\u0160KI","og_description":"Situacija u Neumu gdje je ju\u010der buknuo po\u017ear i dalje je te\u0161ka. Kako je za portal &#8220;Avaza&#8221; re\u010deno iz Civilne za\u0161tite Neum, o\u010dekuje se pomo\u0107 iz zraka. &#8211; Gori na \u0161irem podru\u010dju sela Prapratnica. Ku\u0107e su sino\u0107 bile ugro\u017eene, ali i dalje situacija nije ba\u0161 sjajna. Ne znam koliko je to\u010dno vatrogasaca na terenu, ali [&hellip;]","og_url":"https:\/\/radioljubuski.ba\/index.php\/2022\/08\/03\/teska-situacija-na-pozaristu-u-neumu-ocekuje-se-pomoc-iz-zraka\/","og_site_name":"RADIO LJUBU\u0160KI","article_publisher":"https:\/\/www.facebook.com\/Radiio-Ljubuski-1490835324566332","article_published_time":"2022-08-03T06:13:43+00:00","og_image":[{"width":1000,"height":625,"url":"https:\/\/radioljubuski.ba\/wp-content\/uploads\/2022\/08\/8-2022-08-03-07-32-38-NEUM-POZAR-1.jpg","type":"image\/jpeg"}],"author":"Radio Ljubu\u0161ki","twitter_card":"summary_large_image","twitter_creator":"@radioljubuski","twitter_site":"@radioljubuski","twitter_misc":{"Napisao\/la":"Radio Ljubu\u0161ki","Procijenjeno vrijeme \u010ditanja":"1 minuta"},"schema":{"@context":"https:\/\/schema.org","@graph":[{"@type":"Article","@id":"https:\/\/radioljubuski.ba\/index.php\/2022\/08\/03\/teska-situacija-na-pozaristu-u-neumu-ocekuje-se-pomoc-iz-zraka\/#article","isPartOf":{"@id":"https:\/\/radioljubuski.ba\/index.php\/2022\/08\/03\/teska-situacija-na-pozaristu-u-neumu-ocekuje-se-pomoc-iz-zraka\/"},"author":{"name":"Radio Ljubu\u0161ki","@id":"https:\/\/radioljubuski.ba\/#\/schema\/person\/19fc700381a780f69665d7956c469e3b"},"headline":"Te\u0161ka situacija na po\u017eari\u0161tu u Neumu, o\u010dekuje se pomo\u0107 iz zraka","datePublished":"2022-08-03T06:13:43+00:00","mainEntityOfPage":{"@id":"https:\/\/radioljubuski.ba\/index.php\/2022\/08\/03\/teska-situacija-na-pozaristu-u-neumu-ocekuje-se-pomoc-iz-zraka\/"},"wordCount":205,"publisher":{"@id":"https:\/\/radioljubuski.ba\/#organization"},"image":{"@id":"https:\/\/radioljubuski.ba\/index.php\/2022\/08\/03\/teska-situacija-na-pozaristu-u-neumu-ocekuje-se-pomoc-iz-zraka\/#primaryimage"},"thumbnailUrl":"https:\/\/radioljubuski.ba\/wp-content\/uploads\/2022\/08\/8-2022-08-03-07-32-38-NEUM-POZAR-1.jpg","articleSection":["BIH i regija"],"inLanguage":"hr"},{"@type":"WebPage","@id":"https:\/\/radioljubuski.ba\/index.php\/2022\/08\/03\/teska-situacija-na-pozaristu-u-neumu-ocekuje-se-pomoc-iz-zraka\/","url":"https:\/\/radioljubuski.ba\/index.php\/2022\/08\/03\/teska-situacija-na-pozaristu-u-neumu-ocekuje-se-pomoc-iz-zraka\/","name":"Te\u0161ka situacija na po\u017eari\u0161tu u Neumu, o\u010dekuje se pomo\u0107 iz zraka - RADIO LJUBU\u0160KI","isPartOf":{"@id":"https:\/\/radioljubuski.ba\/#website"},"primaryImageOfPage":{"@id":"https:\/\/radioljubuski.ba\/index.php\/2022\/08\/03\/teska-situacija-na-pozaristu-u-neumu-ocekuje-se-pomoc-iz-zraka\/#primaryimage"},"image":{"@id":"https:\/\/radioljubuski.ba\/index.php\/2022\/08\/03\/teska-situacija-na-pozaristu-u-neumu-ocekuje-se-pomoc-iz-zraka\/#primaryimage"},"thumbnailUrl":"https:\/\/radioljubuski.ba\/wp-content\/uploads\/2022\/08\/8-2022-08-03-07-32-38-NEUM-POZAR-1.jpg","datePublished":"2022-08-03T06:13:43+00:00","breadcrumb":{"@id":"https:\/\/radioljubuski.ba\/index.php\/2022\/08\/03\/teska-situacija-na-pozaristu-u-neumu-ocekuje-se-pomoc-iz-zraka\/#breadcrumb"},"inLanguage":"hr","potentialAction":[{"@type":"ReadAction","target":["https:\/\/radioljubuski.ba\/index.php\/2022\/08\/03\/teska-situacija-na-pozaristu-u-neumu-ocekuje-se-pomoc-iz-zraka\/"]}]},{"@type":"ImageObject","inLanguage":"hr","@id":"https:\/\/radioljubuski.ba\/index.php\/2022\/08\/03\/teska-situacija-na-pozaristu-u-neumu-ocekuje-se-pomoc-iz-zraka\/#primaryimage","url":"https:\/\/radioljubuski.ba\/wp-content\/uploads\/2022\/08\/8-2022-08-03-07-32-38-NEUM-POZAR-1.jpg","contentUrl":"https:\/\/radioljubuski.ba\/wp-content\/uploads\/2022\/08\/8-2022-08-03-07-32-38-NEUM-POZAR-1.jpg","width":1000,"height":625},{"@type":"BreadcrumbList","@id":"https:\/\/radioljubuski.ba\/index.php\/2022\/08\/03\/teska-situacija-na-pozaristu-u-neumu-ocekuje-se-pomoc-iz-zraka\/#breadcrumb","itemListElement":[{"@type":"ListItem","position":1,"name":"Po\u010detna stranica","item":"https:\/\/radioljubuski.ba\/"},{"@type":"ListItem","position":2,"name":"Te\u0161ka situacija na po\u017eari\u0161tu u Neumu, o\u010dekuje se pomo\u0107 iz zraka"}]},{"@type":"WebSite","@id":"https:\/\/radioljubuski.ba\/#website","url":"https:\/\/radioljubuski.ba\/","name":"Radio Ljubu\u0161ki","description":"Sun\u010dana frekvencija Hercegovine","publisher":{"@id":"https:\/\/radioljubuski.ba\/#organization"},"potentialAction":[{"@type":"SearchAction","target":{"@type":"EntryPoint","urlTemplate":"https:\/\/radioljubuski.ba\/?s={search_term_string}"},"query-input":{"@type":"PropertyValueSpecification","valueRequired":true,"valueName":"search_term_string"}}],"inLanguage":"hr"},{"@type":"Organization","@id":"https:\/\/radioljubuski.ba\/#organization","name":"Radio Ljubu\u0161ki","url":"https:\/\/radioljubuski.ba\/","logo":{"@type":"ImageObject","inLanguage":"hr","@id":"https:\/\/radioljubuski.ba\/#\/schema\/logo\/image\/","url":"https:\/\/radioljubuski.ba\/wp-content\/uploads\/2021\/02\/cropped-Radio_Ljubuski_logo1.jpg","contentUrl":"https:\/\/radioljubuski.ba\/wp-content\/uploads\/2021\/02\/cropped-Radio_Ljubuski_logo1.jpg","width":512,"height":512,"caption":"Radio Ljubu\u0161ki"},"image":{"@id":"https:\/\/radioljubuski.ba\/#\/schema\/logo\/image\/"},"sameAs":["https:\/\/www.facebook.com\/Radiio-Ljubuski-1490835324566332","https:\/\/x.com\/radioljubuski","https:\/\/hr.linkedin.com\/company\/radio-ljubuski","https:\/\/www.youtube.com\/channel\/UCHYaeO_n0Db3tjNGudGpXyw"]},{"@type":"Person","@id":"https:\/\/radioljubuski.ba\/#\/schema\/person\/19fc700381a780f69665d7956c469e3b","name":"Radio Ljubu\u0161ki"}]}},"_links":{"self":[{"href":"https:\/\/radioljubuski.ba\/index.php\/wp-json\/wp\/v2\/posts\/165916","targetHints":{"allow":["GET"]}}],"collection":[{"href":"https:\/\/radioljubuski.ba\/index.php\/wp-json\/wp\/v2\/posts"}],"about":[{"href":"https:\/\/radioljubuski.ba\/index.php\/wp-json\/wp\/v2\/types\/post"}],"author":[{"embeddable":true,"href":"https:\/\/radioljubuski.ba\/index.php\/wp-json\/wp\/v2\/users\/2"}],"replies":[{"embeddable":true,"href":"https:\/\/radioljubuski.ba\/index.php\/wp-json\/wp\/v2\/comments?post=165916"}],"version-history":[{"count":1,"href":"https:\/\/radioljubuski.ba\/index.php\/wp-json\/wp\/v2\/posts\/165916\/revisions"}],"predecessor-version":[{"id":165918,"href":"https:\/\/radioljubuski.ba\/index.php\/wp-json\/wp\/v2\/posts\/165916\/revisions\/165918"}],"wp:featuredmedia":[{"embeddable":true,"href":"https:\/\/radioljubuski.ba\/index.php\/wp-json\/wp\/v2\/media\/165917"}],"wp:attachment":[{"href":"https:\/\/radioljubuski.ba\/index.php\/wp-json\/wp\/v2\/media?parent=165916"}],"wp:term":[{"taxonomy":"category","embeddable":true,"href":"https:\/\/radioljubuski.ba\/index.php\/wp-json\/wp\/v2\/categories?post=165916"},{"taxonomy":"post_tag","embeddable":true,"href":"https:\/\/radioljubuski.ba\/index.php\/wp-json\/wp\/v2\/tags?post=165916"}],"curies":[{"name":"wp","href":"https:\/\/api.w.org\/{rel}","templated":true}]}}