{"id":165933,"date":"2022-08-03T07:27:54","date_gmt":"2022-08-03T06:27:54","guid":{"rendered":"https:\/\/radioljubuski.ba\/?p=165933"},"modified":"2022-08-03T07:27:55","modified_gmt":"2022-08-03T06:27:55","slug":"slijede-nam-tropski-dani-i-noci","status":"publish","type":"post","link":"https:\/\/radioljubuski.ba\/index.php\/2022\/08\/03\/slijede-nam-tropski-dani-i-noci\/","title":{"rendered":"Slijede nam tropski dani i no\u0107i"},"content":{"rendered":"\n<p>Tijekom srijede i na planinama sjevera Hercegovine mo\u017ee pasti i pokoja kap ki\u0161ice. <\/p>\n\n\n\n<p>Pritjecanje toplijeg zraka sa sjevera Afrike, do\u0107i \u0107e do porasta temperatura zraka, te se zbog toga u ju\u017enoj i sredi\u0161njoj Hercegovini o\u010dekuju tropski dani, a na krajnjem jugu i ve\u0107 gradovima sredi\u0161nje Hercegovine i tropske no\u0107i. <\/p>\n\n\n\n<p>Prete\u017eno sun\u010dano do sun\u010dano uz razdoblja naoblake i sparno vrijeme ju\u017eno od Dinarida, dok se na sjeveru o\u010dekuje promjenjivo i uglavnom sun\u010dano vrijeme uz dublja zadr\u017eavanja naoblake, uglavnom u podnevnim satima. <\/p>\n\n\n\n<p>Tijekom srijede i na planinama sjevera Hercegovine mo\u017ee pasti i pokoja kap ki\u0161ice. Minimalna temperatura zraka sutra od 14\u00b0C do 24\u00b0C a u nastavku tjedna i pokoji stupanj vi\u0161e. <\/p>\n\n\n\n<p>Najvi\u0161a dnevna temperatura zraka sutra od 25\u00b0C do 36\u00b0C, dok \u0107e se od \u010detvrtka najvi\u0161a dnevna kretati od 28\u00b0C do 38\u00b0C. Biometeorolo\u0161ki uvjeti tijekom ranijih od kasnopopodnevnih sati do ranojutarnjih uglavnom povoljna slika, dok se u popodnevnim satima uslijed tropskog vala i sparine o\u010dekuje pogor\u0161anje biometeorolo\u0161kih uvjeta, stoga se preporu\u010duje izbjegavanje duljeg boravka na otvorenom, kao i aktivnosti u razdoblju od 10 do 18 sati.<\/p>\n\n\n\n<p>Izvor: <a href=\"https:\/\/bljesak.info\/lifestyle\/flash\/slijede-nam-tropski-dani-i-noci\/390010\">Bljesak.info<\/a><\/p>\n","protected":false},"excerpt":{"rendered":"<p>Tijekom srijede i na planinama sjevera Hercegovine mo\u017ee pasti i pokoja kap ki\u0161ice. Pritjecanje toplijeg zraka sa sjevera Afrike, do\u0107i \u0107e do porasta temperatura zraka, te se zbog toga u ju\u017enoj i sredi\u0161njoj Hercegovini o\u010dekuju tropski dani, a na krajnjem jugu i ve\u0107 gradovima sredi\u0161nje Hercegovine i tropske no\u0107i. Prete\u017eno sun\u010dano do sun\u010dano uz razdoblja [&hellip;]<\/p>\n","protected":false},"author":2,"featured_media":165934,"comment_status":"closed","ping_status":"closed","sticky":false,"template":"","format":"standard","meta":{"h5ap_radio_sources":[],"footnotes":""},"categories":[1],"tags":[],"class_list":["post-165933","post","type-post","status-publish","format-standard","has-post-thumbnail","hentry","category-bihiregija"],"yoast_head":"<!-- This site is optimized with the Yoast SEO plugin v27.4 - https:\/\/yoast.com\/product\/yoast-seo-wordpress\/ -->\n<title>Slijede nam tropski dani i no\u0107i - RADIO LJUBU\u0160KI<\/title>\n<meta name=\"robots\" content=\"index, follow, max-snippet:-1, max-image-preview:large, max-video-preview:-1\" \/>\n<link rel=\"canonical\" href=\"https:\/\/radioljubuski.ba\/index.php\/2022\/08\/03\/slijede-nam-tropski-dani-i-noci\/\" \/>\n<meta property=\"og:locale\" content=\"hr_HR\" \/>\n<meta property=\"og:type\" content=\"article\" \/>\n<meta property=\"og:title\" content=\"Slijede nam tropski dani i no\u0107i - RADIO LJUBU\u0160KI\" \/>\n<meta property=\"og:description\" content=\"Tijekom srijede i na planinama sjevera Hercegovine mo\u017ee pasti i pokoja kap ki\u0161ice. Pritjecanje toplijeg zraka sa sjevera Afrike, do\u0107i \u0107e do porasta temperatura zraka, te se zbog toga u ju\u017enoj i sredi\u0161njoj Hercegovini o\u010dekuju tropski dani, a na krajnjem jugu i ve\u0107 gradovima sredi\u0161nje Hercegovine i tropske no\u0107i. Prete\u017eno sun\u010dano do sun\u010dano uz razdoblja [&hellip;]\" \/>\n<meta property=\"og:url\" content=\"https:\/\/radioljubuski.ba\/index.php\/2022\/08\/03\/slijede-nam-tropski-dani-i-noci\/\" \/>\n<meta property=\"og:site_name\" content=\"RADIO LJUBU\u0160KI\" \/>\n<meta property=\"article:publisher\" content=\"https:\/\/www.facebook.com\/Radiio-Ljubuski-1490835324566332\" \/>\n<meta property=\"article:published_time\" content=\"2022-08-03T06:27:54+00:00\" \/>\n<meta property=\"article:modified_time\" content=\"2022-08-03T06:27:55+00:00\" \/>\n<meta property=\"og:image\" content=\"https:\/\/radioljubuski.ba\/wp-content\/uploads\/2022\/08\/vrucine-mostar-1.png\" \/>\n\t<meta property=\"og:image:width\" content=\"800\" \/>\n\t<meta property=\"og:image:height\" content=\"550\" \/>\n\t<meta property=\"og:image:type\" content=\"image\/png\" \/>\n<meta name=\"author\" content=\"Radio Ljubu\u0161ki\" \/>\n<meta name=\"twitter:card\" content=\"summary_large_image\" \/>\n<meta name=\"twitter:creator\" content=\"@radioljubuski\" \/>\n<meta name=\"twitter:site\" content=\"@radioljubuski\" \/>\n<meta name=\"twitter:label1\" content=\"Napisao\/la\" \/>\n\t<meta name=\"twitter:data1\" content=\"Radio Ljubu\u0161ki\" \/>\n\t<meta name=\"twitter:label2\" content=\"Procijenjeno vrijeme \u010ditanja\" \/>\n\t<meta name=\"twitter:data2\" content=\"1 minuta\" \/>\n<script type=\"application\/ld+json\" class=\"yoast-schema-graph\">{\"@context\":\"https:\\\/\\\/schema.org\",\"@graph\":[{\"@type\":\"Article\",\"@id\":\"https:\\\/\\\/radioljubuski.ba\\\/index.php\\\/2022\\\/08\\\/03\\\/slijede-nam-tropski-dani-i-noci\\\/#article\",\"isPartOf\":{\"@id\":\"https:\\\/\\\/radioljubuski.ba\\\/index.php\\\/2022\\\/08\\\/03\\\/slijede-nam-tropski-dani-i-noci\\\/\"},\"author\":{\"name\":\"Radio Ljubu\u0161ki\",\"@id\":\"https:\\\/\\\/radioljubuski.ba\\\/#\\\/schema\\\/person\\\/19fc700381a780f69665d7956c469e3b\"},\"headline\":\"Slijede nam tropski dani i no\u0107i\",\"datePublished\":\"2022-08-03T06:27:54+00:00\",\"dateModified\":\"2022-08-03T06:27:55+00:00\",\"mainEntityOfPage\":{\"@id\":\"https:\\\/\\\/radioljubuski.ba\\\/index.php\\\/2022\\\/08\\\/03\\\/slijede-nam-tropski-dani-i-noci\\\/\"},\"wordCount\":207,\"publisher\":{\"@id\":\"https:\\\/\\\/radioljubuski.ba\\\/#organization\"},\"image\":{\"@id\":\"https:\\\/\\\/radioljubuski.ba\\\/index.php\\\/2022\\\/08\\\/03\\\/slijede-nam-tropski-dani-i-noci\\\/#primaryimage\"},\"thumbnailUrl\":\"https:\\\/\\\/radioljubuski.ba\\\/wp-content\\\/uploads\\\/2022\\\/08\\\/vrucine-mostar-1.png\",\"articleSection\":[\"BIH i regija\"],\"inLanguage\":\"hr\"},{\"@type\":\"WebPage\",\"@id\":\"https:\\\/\\\/radioljubuski.ba\\\/index.php\\\/2022\\\/08\\\/03\\\/slijede-nam-tropski-dani-i-noci\\\/\",\"url\":\"https:\\\/\\\/radioljubuski.ba\\\/index.php\\\/2022\\\/08\\\/03\\\/slijede-nam-tropski-dani-i-noci\\\/\",\"name\":\"Slijede nam tropski dani i no\u0107i - RADIO LJUBU\u0160KI\",\"isPartOf\":{\"@id\":\"https:\\\/\\\/radioljubuski.ba\\\/#website\"},\"primaryImageOfPage\":{\"@id\":\"https:\\\/\\\/radioljubuski.ba\\\/index.php\\\/2022\\\/08\\\/03\\\/slijede-nam-tropski-dani-i-noci\\\/#primaryimage\"},\"image\":{\"@id\":\"https:\\\/\\\/radioljubuski.ba\\\/index.php\\\/2022\\\/08\\\/03\\\/slijede-nam-tropski-dani-i-noci\\\/#primaryimage\"},\"thumbnailUrl\":\"https:\\\/\\\/radioljubuski.ba\\\/wp-content\\\/uploads\\\/2022\\\/08\\\/vrucine-mostar-1.png\",\"datePublished\":\"2022-08-03T06:27:54+00:00\",\"dateModified\":\"2022-08-03T06:27:55+00:00\",\"breadcrumb\":{\"@id\":\"https:\\\/\\\/radioljubuski.ba\\\/index.php\\\/2022\\\/08\\\/03\\\/slijede-nam-tropski-dani-i-noci\\\/#breadcrumb\"},\"inLanguage\":\"hr\",\"potentialAction\":[{\"@type\":\"ReadAction\",\"target\":[\"https:\\\/\\\/radioljubuski.ba\\\/index.php\\\/2022\\\/08\\\/03\\\/slijede-nam-tropski-dani-i-noci\\\/\"]}]},{\"@type\":\"ImageObject\",\"inLanguage\":\"hr\",\"@id\":\"https:\\\/\\\/radioljubuski.ba\\\/index.php\\\/2022\\\/08\\\/03\\\/slijede-nam-tropski-dani-i-noci\\\/#primaryimage\",\"url\":\"https:\\\/\\\/radioljubuski.ba\\\/wp-content\\\/uploads\\\/2022\\\/08\\\/vrucine-mostar-1.png\",\"contentUrl\":\"https:\\\/\\\/radioljubuski.ba\\\/wp-content\\\/uploads\\\/2022\\\/08\\\/vrucine-mostar-1.png\",\"width\":800,\"height\":550},{\"@type\":\"BreadcrumbList\",\"@id\":\"https:\\\/\\\/radioljubuski.ba\\\/index.php\\\/2022\\\/08\\\/03\\\/slijede-nam-tropski-dani-i-noci\\\/#breadcrumb\",\"itemListElement\":[{\"@type\":\"ListItem\",\"position\":1,\"name\":\"Po\u010detna stranica\",\"item\":\"https:\\\/\\\/radioljubuski.ba\\\/\"},{\"@type\":\"ListItem\",\"position\":2,\"name\":\"Slijede nam tropski dani i no\u0107i\"}]},{\"@type\":\"WebSite\",\"@id\":\"https:\\\/\\\/radioljubuski.ba\\\/#website\",\"url\":\"https:\\\/\\\/radioljubuski.ba\\\/\",\"name\":\"Radio Ljubu\u0161ki\",\"description\":\"Sun\u010dana frekvencija Hercegovine\",\"publisher\":{\"@id\":\"https:\\\/\\\/radioljubuski.ba\\\/#organization\"},\"potentialAction\":[{\"@type\":\"SearchAction\",\"target\":{\"@type\":\"EntryPoint\",\"urlTemplate\":\"https:\\\/\\\/radioljubuski.ba\\\/?s={search_term_string}\"},\"query-input\":{\"@type\":\"PropertyValueSpecification\",\"valueRequired\":true,\"valueName\":\"search_term_string\"}}],\"inLanguage\":\"hr\"},{\"@type\":\"Organization\",\"@id\":\"https:\\\/\\\/radioljubuski.ba\\\/#organization\",\"name\":\"Radio Ljubu\u0161ki\",\"url\":\"https:\\\/\\\/radioljubuski.ba\\\/\",\"logo\":{\"@type\":\"ImageObject\",\"inLanguage\":\"hr\",\"@id\":\"https:\\\/\\\/radioljubuski.ba\\\/#\\\/schema\\\/logo\\\/image\\\/\",\"url\":\"https:\\\/\\\/radioljubuski.ba\\\/wp-content\\\/uploads\\\/2021\\\/02\\\/cropped-Radio_Ljubuski_logo1.jpg\",\"contentUrl\":\"https:\\\/\\\/radioljubuski.ba\\\/wp-content\\\/uploads\\\/2021\\\/02\\\/cropped-Radio_Ljubuski_logo1.jpg\",\"width\":512,\"height\":512,\"caption\":\"Radio Ljubu\u0161ki\"},\"image\":{\"@id\":\"https:\\\/\\\/radioljubuski.ba\\\/#\\\/schema\\\/logo\\\/image\\\/\"},\"sameAs\":[\"https:\\\/\\\/www.facebook.com\\\/Radiio-Ljubuski-1490835324566332\",\"https:\\\/\\\/x.com\\\/radioljubuski\",\"https:\\\/\\\/hr.linkedin.com\\\/company\\\/radio-ljubuski\",\"https:\\\/\\\/www.youtube.com\\\/channel\\\/UCHYaeO_n0Db3tjNGudGpXyw\"]},{\"@type\":\"Person\",\"@id\":\"https:\\\/\\\/radioljubuski.ba\\\/#\\\/schema\\\/person\\\/19fc700381a780f69665d7956c469e3b\",\"name\":\"Radio Ljubu\u0161ki\"}]}<\/script>\n<!-- \/ Yoast SEO plugin. -->","yoast_head_json":{"title":"Slijede nam tropski dani i no\u0107i - RADIO LJUBU\u0160KI","robots":{"index":"index","follow":"follow","max-snippet":"max-snippet:-1","max-image-preview":"max-image-preview:large","max-video-preview":"max-video-preview:-1"},"canonical":"https:\/\/radioljubuski.ba\/index.php\/2022\/08\/03\/slijede-nam-tropski-dani-i-noci\/","og_locale":"hr_HR","og_type":"article","og_title":"Slijede nam tropski dani i no\u0107i - RADIO LJUBU\u0160KI","og_description":"Tijekom srijede i na planinama sjevera Hercegovine mo\u017ee pasti i pokoja kap ki\u0161ice. Pritjecanje toplijeg zraka sa sjevera Afrike, do\u0107i \u0107e do porasta temperatura zraka, te se zbog toga u ju\u017enoj i sredi\u0161njoj Hercegovini o\u010dekuju tropski dani, a na krajnjem jugu i ve\u0107 gradovima sredi\u0161nje Hercegovine i tropske no\u0107i. Prete\u017eno sun\u010dano do sun\u010dano uz razdoblja [&hellip;]","og_url":"https:\/\/radioljubuski.ba\/index.php\/2022\/08\/03\/slijede-nam-tropski-dani-i-noci\/","og_site_name":"RADIO LJUBU\u0160KI","article_publisher":"https:\/\/www.facebook.com\/Radiio-Ljubuski-1490835324566332","article_published_time":"2022-08-03T06:27:54+00:00","article_modified_time":"2022-08-03T06:27:55+00:00","og_image":[{"width":800,"height":550,"url":"https:\/\/radioljubuski.ba\/wp-content\/uploads\/2022\/08\/vrucine-mostar-1.png","type":"image\/png"}],"author":"Radio Ljubu\u0161ki","twitter_card":"summary_large_image","twitter_creator":"@radioljubuski","twitter_site":"@radioljubuski","twitter_misc":{"Napisao\/la":"Radio Ljubu\u0161ki","Procijenjeno vrijeme \u010ditanja":"1 minuta"},"schema":{"@context":"https:\/\/schema.org","@graph":[{"@type":"Article","@id":"https:\/\/radioljubuski.ba\/index.php\/2022\/08\/03\/slijede-nam-tropski-dani-i-noci\/#article","isPartOf":{"@id":"https:\/\/radioljubuski.ba\/index.php\/2022\/08\/03\/slijede-nam-tropski-dani-i-noci\/"},"author":{"name":"Radio Ljubu\u0161ki","@id":"https:\/\/radioljubuski.ba\/#\/schema\/person\/19fc700381a780f69665d7956c469e3b"},"headline":"Slijede nam tropski dani i no\u0107i","datePublished":"2022-08-03T06:27:54+00:00","dateModified":"2022-08-03T06:27:55+00:00","mainEntityOfPage":{"@id":"https:\/\/radioljubuski.ba\/index.php\/2022\/08\/03\/slijede-nam-tropski-dani-i-noci\/"},"wordCount":207,"publisher":{"@id":"https:\/\/radioljubuski.ba\/#organization"},"image":{"@id":"https:\/\/radioljubuski.ba\/index.php\/2022\/08\/03\/slijede-nam-tropski-dani-i-noci\/#primaryimage"},"thumbnailUrl":"https:\/\/radioljubuski.ba\/wp-content\/uploads\/2022\/08\/vrucine-mostar-1.png","articleSection":["BIH i regija"],"inLanguage":"hr"},{"@type":"WebPage","@id":"https:\/\/radioljubuski.ba\/index.php\/2022\/08\/03\/slijede-nam-tropski-dani-i-noci\/","url":"https:\/\/radioljubuski.ba\/index.php\/2022\/08\/03\/slijede-nam-tropski-dani-i-noci\/","name":"Slijede nam tropski dani i no\u0107i - RADIO LJUBU\u0160KI","isPartOf":{"@id":"https:\/\/radioljubuski.ba\/#website"},"primaryImageOfPage":{"@id":"https:\/\/radioljubuski.ba\/index.php\/2022\/08\/03\/slijede-nam-tropski-dani-i-noci\/#primaryimage"},"image":{"@id":"https:\/\/radioljubuski.ba\/index.php\/2022\/08\/03\/slijede-nam-tropski-dani-i-noci\/#primaryimage"},"thumbnailUrl":"https:\/\/radioljubuski.ba\/wp-content\/uploads\/2022\/08\/vrucine-mostar-1.png","datePublished":"2022-08-03T06:27:54+00:00","dateModified":"2022-08-03T06:27:55+00:00","breadcrumb":{"@id":"https:\/\/radioljubuski.ba\/index.php\/2022\/08\/03\/slijede-nam-tropski-dani-i-noci\/#breadcrumb"},"inLanguage":"hr","potentialAction":[{"@type":"ReadAction","target":["https:\/\/radioljubuski.ba\/index.php\/2022\/08\/03\/slijede-nam-tropski-dani-i-noci\/"]}]},{"@type":"ImageObject","inLanguage":"hr","@id":"https:\/\/radioljubuski.ba\/index.php\/2022\/08\/03\/slijede-nam-tropski-dani-i-noci\/#primaryimage","url":"https:\/\/radioljubuski.ba\/wp-content\/uploads\/2022\/08\/vrucine-mostar-1.png","contentUrl":"https:\/\/radioljubuski.ba\/wp-content\/uploads\/2022\/08\/vrucine-mostar-1.png","width":800,"height":550},{"@type":"BreadcrumbList","@id":"https:\/\/radioljubuski.ba\/index.php\/2022\/08\/03\/slijede-nam-tropski-dani-i-noci\/#breadcrumb","itemListElement":[{"@type":"ListItem","position":1,"name":"Po\u010detna stranica","item":"https:\/\/radioljubuski.ba\/"},{"@type":"ListItem","position":2,"name":"Slijede nam tropski dani i no\u0107i"}]},{"@type":"WebSite","@id":"https:\/\/radioljubuski.ba\/#website","url":"https:\/\/radioljubuski.ba\/","name":"Radio Ljubu\u0161ki","description":"Sun\u010dana frekvencija Hercegovine","publisher":{"@id":"https:\/\/radioljubuski.ba\/#organization"},"potentialAction":[{"@type":"SearchAction","target":{"@type":"EntryPoint","urlTemplate":"https:\/\/radioljubuski.ba\/?s={search_term_string}"},"query-input":{"@type":"PropertyValueSpecification","valueRequired":true,"valueName":"search_term_string"}}],"inLanguage":"hr"},{"@type":"Organization","@id":"https:\/\/radioljubuski.ba\/#organization","name":"Radio Ljubu\u0161ki","url":"https:\/\/radioljubuski.ba\/","logo":{"@type":"ImageObject","inLanguage":"hr","@id":"https:\/\/radioljubuski.ba\/#\/schema\/logo\/image\/","url":"https:\/\/radioljubuski.ba\/wp-content\/uploads\/2021\/02\/cropped-Radio_Ljubuski_logo1.jpg","contentUrl":"https:\/\/radioljubuski.ba\/wp-content\/uploads\/2021\/02\/cropped-Radio_Ljubuski_logo1.jpg","width":512,"height":512,"caption":"Radio Ljubu\u0161ki"},"image":{"@id":"https:\/\/radioljubuski.ba\/#\/schema\/logo\/image\/"},"sameAs":["https:\/\/www.facebook.com\/Radiio-Ljubuski-1490835324566332","https:\/\/x.com\/radioljubuski","https:\/\/hr.linkedin.com\/company\/radio-ljubuski","https:\/\/www.youtube.com\/channel\/UCHYaeO_n0Db3tjNGudGpXyw"]},{"@type":"Person","@id":"https:\/\/radioljubuski.ba\/#\/schema\/person\/19fc700381a780f69665d7956c469e3b","name":"Radio Ljubu\u0161ki"}]}},"_links":{"self":[{"href":"https:\/\/radioljubuski.ba\/index.php\/wp-json\/wp\/v2\/posts\/165933","targetHints":{"allow":["GET"]}}],"collection":[{"href":"https:\/\/radioljubuski.ba\/index.php\/wp-json\/wp\/v2\/posts"}],"about":[{"href":"https:\/\/radioljubuski.ba\/index.php\/wp-json\/wp\/v2\/types\/post"}],"author":[{"embeddable":true,"href":"https:\/\/radioljubuski.ba\/index.php\/wp-json\/wp\/v2\/users\/2"}],"replies":[{"embeddable":true,"href":"https:\/\/radioljubuski.ba\/index.php\/wp-json\/wp\/v2\/comments?post=165933"}],"version-history":[{"count":1,"href":"https:\/\/radioljubuski.ba\/index.php\/wp-json\/wp\/v2\/posts\/165933\/revisions"}],"predecessor-version":[{"id":165935,"href":"https:\/\/radioljubuski.ba\/index.php\/wp-json\/wp\/v2\/posts\/165933\/revisions\/165935"}],"wp:featuredmedia":[{"embeddable":true,"href":"https:\/\/radioljubuski.ba\/index.php\/wp-json\/wp\/v2\/media\/165934"}],"wp:attachment":[{"href":"https:\/\/radioljubuski.ba\/index.php\/wp-json\/wp\/v2\/media?parent=165933"}],"wp:term":[{"taxonomy":"category","embeddable":true,"href":"https:\/\/radioljubuski.ba\/index.php\/wp-json\/wp\/v2\/categories?post=165933"},{"taxonomy":"post_tag","embeddable":true,"href":"https:\/\/radioljubuski.ba\/index.php\/wp-json\/wp\/v2\/tags?post=165933"}],"curies":[{"name":"wp","href":"https:\/\/api.w.org\/{rel}","templated":true}]}}