{"id":165957,"date":"2022-08-03T08:02:47","date_gmt":"2022-08-03T07:02:47","guid":{"rendered":"https:\/\/radioljubuski.ba\/?p=165957"},"modified":"2022-08-03T08:02:49","modified_gmt":"2022-08-03T07:02:49","slug":"ademi-ludogorec-moze-zapapriti-svakome-ali-spremit-cemo-se-za-uzvrat","status":"publish","type":"post","link":"https:\/\/radioljubuski.ba\/index.php\/2022\/08\/03\/ademi-ludogorec-moze-zapapriti-svakome-ali-spremit-cemo-se-za-uzvrat\/","title":{"rendered":"Ademi: Ludogorec mo\u017ee &#8220;zapapriti&#8221; svakome, ali spremit \u0107emo se za uzvrat"},"content":{"rendered":"\n<p>Nakon pobjede Dinama u Bugarskoj protiv Ludogoreca 2:1 u prvoj utakmici 3. pretkola Lige prvaka, s kapetanom Modrih\u00a0<strong>Arijanom Ademijem<\/strong>\u00a0i strijelcem\u00a0<strong>Dinom Peri\u0107em<\/strong>\u00a0razgovarao je na\u0161 novinar\u00a0<strong>Dameo Rami\u0107 Kova\u010di\u0107<\/strong>.\u00a0<\/p>\n\n\n\n<p>&#8211; \u0160to se ti\u010de rezultata, moramo biti zadovoljni, a \u0161to se ti\u010de igre i dalje imamo puno prostora, Ludogorec je stvorio dosta \u0161ansi iako sam dojma da smo zabili za 3:0 da bi nam bilo puno lak\u0161e. Ludogorec je kvalitetna ekipa s puno dobrih tehni\u010dara, stvorili su dosta \u0161ansi, sre\u0107a je da smo se dobro branili i dolazimo na Maksimir s prednosti, ali opet to ni\u0161ta ne zna\u010di, moramo pobijediti i pro\u0107i dalje, rekao je kapetan Dinama Arijan Ademi u razgovoru za Hrvatski radio.<\/p>\n\n\n\n<p>Igru Ludogoreca komentirao je i brani\u010d Dino Peri\u0107 koji se upisao u strijelce.&nbsp;<\/p>\n\n\n\n<p>&#8211; Ozbiljna su ekipa, to su i pokazali, ja sam malo lo\u0161ije u\u0161ao u utakmicu, one dvije gre\u0161ke su unijele nervozu u cijelu ekipu, jer sve kre\u0107e od mirno\u0107e u obrani, a to danas nismo imali, ali na kraju je najbitnija pobjeda. Kad u\u0111emo tako te\u0161ko i lo\u0161e u utakmicu, bez obzira \u0161to smo poveli, treba izdr\u017eati, mi smo danas izdr\u017eali, \u010deka nas jo\u0161 uzvrat na Maksimiru, jo\u0161 nije ni\u0161ta gotovo, ka\u017ee Peri\u0107.<\/p>\n\n\n\n<p>Ademi vjeruje u prolazak u play-off unato\u010d opasnom suparniku.<\/p>\n\n\n\n<p>&#8211; Oni su opasna ekipa s puno internacionalaca, Brazilaca, svega imaju tako da su dosta tehni\u010dki kvalitetni i mogu &#8220;zapapriti&#8221; svakome tako da mogu i nama, ali spremit \u0107emo se za drugu utakmicu i biti bolji nego danas, vjerujem u prolazak, rekao je Ademi.<\/p>\n\n\n\n<p>Treba i pohvaliti neke stvari, Dino Peri\u0107 sjajno se sna\u0161ao u gu\u017evi i zabio za po\u010detno vodstvo, potom i odli\u010dna akcija za drugi gol. \u0160to jo\u0161 izdvojiti, na \u010demu temeljiti optimizam, ne samo za uzvrat protiv Ludogoreca nego i za ostatak sezone?<\/p>\n\n\n\n<p>&#8211; Sretan sam zbog gola, a jo\u0161 vi\u0161e zbog pobjede i da se ove gre\u0161kice nisu obistinile za njih. Mislim da smo vi\u0161e mi njima dali nego \u0161to su oni napravili, naravno da su oni kvalitetna ekipa, ali i mi smo prekvalitetni, nadam se da \u0107emo to u uzvratu potvrditi i i pokazati, rekao je Peri\u0107.<\/p>\n\n\n\n<p>Prije uzvrata protiv Ludogoreca, Dinamo 5. kolovoza o\u010dekuje gostovanje kod Vara\u017edina u 4. kolu doma\u0107eg prvenstva.<\/p>\n\n\n\n<p>&#8211; Nama je sad trenuta\u010dno najva\u017eniji Vara\u017edin i moramo razmi\u0161ljati samo o tome. Vara\u017edin je ozbiljna ekipa koja je dosta namu\u010dila Hajduk tako da je sav fokus na Vara\u017edinu, rekao je Ademi.<\/p>\n\n\n\n<p>izvor: hrt.hr<\/p>\n","protected":false},"excerpt":{"rendered":"<p>Nakon pobjede Dinama u Bugarskoj protiv Ludogoreca 2:1 u prvoj utakmici 3. pretkola Lige prvaka, s kapetanom Modrih\u00a0Arijanom Ademijem\u00a0i strijelcem\u00a0Dinom Peri\u0107em\u00a0razgovarao je na\u0161 novinar\u00a0Dameo Rami\u0107 Kova\u010di\u0107.\u00a0 &#8211; \u0160to se ti\u010de rezultata, moramo biti zadovoljni, a \u0161to se ti\u010de igre i dalje imamo puno prostora, Ludogorec je stvorio dosta \u0161ansi iako sam dojma da smo zabili [&hellip;]<\/p>\n","protected":false},"author":2,"featured_media":165958,"comment_status":"closed","ping_status":"closed","sticky":false,"template":"","format":"standard","meta":{"h5ap_radio_sources":[],"footnotes":""},"categories":[7],"tags":[],"class_list":["post-165957","post","type-post","status-publish","format-standard","has-post-thumbnail","hentry","category-sport"],"yoast_head":"<!-- This site is optimized with the Yoast SEO plugin v27.4 - https:\/\/yoast.com\/product\/yoast-seo-wordpress\/ -->\n<title>Ademi: Ludogorec mo\u017ee &quot;zapapriti&quot; svakome, ali spremit \u0107emo se za uzvrat - RADIO LJUBU\u0160KI<\/title>\n<meta name=\"robots\" content=\"index, follow, max-snippet:-1, max-image-preview:large, max-video-preview:-1\" \/>\n<link rel=\"canonical\" href=\"https:\/\/radioljubuski.ba\/index.php\/2022\/08\/03\/ademi-ludogorec-moze-zapapriti-svakome-ali-spremit-cemo-se-za-uzvrat\/\" \/>\n<meta property=\"og:locale\" content=\"hr_HR\" \/>\n<meta property=\"og:type\" content=\"article\" \/>\n<meta property=\"og:title\" content=\"Ademi: Ludogorec mo\u017ee &quot;zapapriti&quot; svakome, ali spremit \u0107emo se za uzvrat - RADIO LJUBU\u0160KI\" \/>\n<meta property=\"og:description\" content=\"Nakon pobjede Dinama u Bugarskoj protiv Ludogoreca 2:1 u prvoj utakmici 3. pretkola Lige prvaka, s kapetanom Modrih\u00a0Arijanom Ademijem\u00a0i strijelcem\u00a0Dinom Peri\u0107em\u00a0razgovarao je na\u0161 novinar\u00a0Dameo Rami\u0107 Kova\u010di\u0107.\u00a0 &#8211; \u0160to se ti\u010de rezultata, moramo biti zadovoljni, a \u0161to se ti\u010de igre i dalje imamo puno prostora, Ludogorec je stvorio dosta \u0161ansi iako sam dojma da smo zabili [&hellip;]\" \/>\n<meta property=\"og:url\" content=\"https:\/\/radioljubuski.ba\/index.php\/2022\/08\/03\/ademi-ludogorec-moze-zapapriti-svakome-ali-spremit-cemo-se-za-uzvrat\/\" \/>\n<meta property=\"og:site_name\" content=\"RADIO LJUBU\u0160KI\" \/>\n<meta property=\"article:publisher\" content=\"https:\/\/www.facebook.com\/Radiio-Ljubuski-1490835324566332\" \/>\n<meta property=\"article:published_time\" content=\"2022-08-03T07:02:47+00:00\" \/>\n<meta property=\"article:modified_time\" content=\"2022-08-03T07:02:49+00:00\" \/>\n<meta property=\"og:image\" content=\"https:\/\/radioljubuski.ba\/wp-content\/uploads\/2022\/08\/ademi.jpg\" \/>\n\t<meta property=\"og:image:width\" content=\"225\" \/>\n\t<meta property=\"og:image:height\" content=\"225\" \/>\n\t<meta property=\"og:image:type\" content=\"image\/jpeg\" \/>\n<meta name=\"author\" content=\"Radio Ljubu\u0161ki\" \/>\n<meta name=\"twitter:card\" content=\"summary_large_image\" \/>\n<meta name=\"twitter:creator\" content=\"@radioljubuski\" \/>\n<meta name=\"twitter:site\" content=\"@radioljubuski\" \/>\n<meta name=\"twitter:label1\" content=\"Napisao\/la\" \/>\n\t<meta name=\"twitter:data1\" content=\"Radio Ljubu\u0161ki\" \/>\n\t<meta name=\"twitter:label2\" content=\"Procijenjeno vrijeme \u010ditanja\" \/>\n\t<meta name=\"twitter:data2\" content=\"2 minute\" \/>\n<script type=\"application\/ld+json\" class=\"yoast-schema-graph\">{\"@context\":\"https:\\\/\\\/schema.org\",\"@graph\":[{\"@type\":\"Article\",\"@id\":\"https:\\\/\\\/radioljubuski.ba\\\/index.php\\\/2022\\\/08\\\/03\\\/ademi-ludogorec-moze-zapapriti-svakome-ali-spremit-cemo-se-za-uzvrat\\\/#article\",\"isPartOf\":{\"@id\":\"https:\\\/\\\/radioljubuski.ba\\\/index.php\\\/2022\\\/08\\\/03\\\/ademi-ludogorec-moze-zapapriti-svakome-ali-spremit-cemo-se-za-uzvrat\\\/\"},\"author\":{\"name\":\"Radio Ljubu\u0161ki\",\"@id\":\"https:\\\/\\\/radioljubuski.ba\\\/#\\\/schema\\\/person\\\/19fc700381a780f69665d7956c469e3b\"},\"headline\":\"Ademi: Ludogorec mo\u017ee &#8220;zapapriti&#8221; svakome, ali spremit \u0107emo se za uzvrat\",\"datePublished\":\"2022-08-03T07:02:47+00:00\",\"dateModified\":\"2022-08-03T07:02:49+00:00\",\"mainEntityOfPage\":{\"@id\":\"https:\\\/\\\/radioljubuski.ba\\\/index.php\\\/2022\\\/08\\\/03\\\/ademi-ludogorec-moze-zapapriti-svakome-ali-spremit-cemo-se-za-uzvrat\\\/\"},\"wordCount\":451,\"publisher\":{\"@id\":\"https:\\\/\\\/radioljubuski.ba\\\/#organization\"},\"image\":{\"@id\":\"https:\\\/\\\/radioljubuski.ba\\\/index.php\\\/2022\\\/08\\\/03\\\/ademi-ludogorec-moze-zapapriti-svakome-ali-spremit-cemo-se-za-uzvrat\\\/#primaryimage\"},\"thumbnailUrl\":\"https:\\\/\\\/radioljubuski.ba\\\/wp-content\\\/uploads\\\/2022\\\/08\\\/ademi.jpg\",\"articleSection\":[\"\u0160port\"],\"inLanguage\":\"hr\"},{\"@type\":\"WebPage\",\"@id\":\"https:\\\/\\\/radioljubuski.ba\\\/index.php\\\/2022\\\/08\\\/03\\\/ademi-ludogorec-moze-zapapriti-svakome-ali-spremit-cemo-se-za-uzvrat\\\/\",\"url\":\"https:\\\/\\\/radioljubuski.ba\\\/index.php\\\/2022\\\/08\\\/03\\\/ademi-ludogorec-moze-zapapriti-svakome-ali-spremit-cemo-se-za-uzvrat\\\/\",\"name\":\"Ademi: Ludogorec mo\u017ee \\\"zapapriti\\\" svakome, ali spremit \u0107emo se za uzvrat - RADIO LJUBU\u0160KI\",\"isPartOf\":{\"@id\":\"https:\\\/\\\/radioljubuski.ba\\\/#website\"},\"primaryImageOfPage\":{\"@id\":\"https:\\\/\\\/radioljubuski.ba\\\/index.php\\\/2022\\\/08\\\/03\\\/ademi-ludogorec-moze-zapapriti-svakome-ali-spremit-cemo-se-za-uzvrat\\\/#primaryimage\"},\"image\":{\"@id\":\"https:\\\/\\\/radioljubuski.ba\\\/index.php\\\/2022\\\/08\\\/03\\\/ademi-ludogorec-moze-zapapriti-svakome-ali-spremit-cemo-se-za-uzvrat\\\/#primaryimage\"},\"thumbnailUrl\":\"https:\\\/\\\/radioljubuski.ba\\\/wp-content\\\/uploads\\\/2022\\\/08\\\/ademi.jpg\",\"datePublished\":\"2022-08-03T07:02:47+00:00\",\"dateModified\":\"2022-08-03T07:02:49+00:00\",\"breadcrumb\":{\"@id\":\"https:\\\/\\\/radioljubuski.ba\\\/index.php\\\/2022\\\/08\\\/03\\\/ademi-ludogorec-moze-zapapriti-svakome-ali-spremit-cemo-se-za-uzvrat\\\/#breadcrumb\"},\"inLanguage\":\"hr\",\"potentialAction\":[{\"@type\":\"ReadAction\",\"target\":[\"https:\\\/\\\/radioljubuski.ba\\\/index.php\\\/2022\\\/08\\\/03\\\/ademi-ludogorec-moze-zapapriti-svakome-ali-spremit-cemo-se-za-uzvrat\\\/\"]}]},{\"@type\":\"ImageObject\",\"inLanguage\":\"hr\",\"@id\":\"https:\\\/\\\/radioljubuski.ba\\\/index.php\\\/2022\\\/08\\\/03\\\/ademi-ludogorec-moze-zapapriti-svakome-ali-spremit-cemo-se-za-uzvrat\\\/#primaryimage\",\"url\":\"https:\\\/\\\/radioljubuski.ba\\\/wp-content\\\/uploads\\\/2022\\\/08\\\/ademi.jpg\",\"contentUrl\":\"https:\\\/\\\/radioljubuski.ba\\\/wp-content\\\/uploads\\\/2022\\\/08\\\/ademi.jpg\",\"width\":225,\"height\":225},{\"@type\":\"BreadcrumbList\",\"@id\":\"https:\\\/\\\/radioljubuski.ba\\\/index.php\\\/2022\\\/08\\\/03\\\/ademi-ludogorec-moze-zapapriti-svakome-ali-spremit-cemo-se-za-uzvrat\\\/#breadcrumb\",\"itemListElement\":[{\"@type\":\"ListItem\",\"position\":1,\"name\":\"Po\u010detna stranica\",\"item\":\"https:\\\/\\\/radioljubuski.ba\\\/\"},{\"@type\":\"ListItem\",\"position\":2,\"name\":\"Ademi: Ludogorec mo\u017ee &#8220;zapapriti&#8221; svakome, ali spremit \u0107emo se za uzvrat\"}]},{\"@type\":\"WebSite\",\"@id\":\"https:\\\/\\\/radioljubuski.ba\\\/#website\",\"url\":\"https:\\\/\\\/radioljubuski.ba\\\/\",\"name\":\"Radio Ljubu\u0161ki\",\"description\":\"Sun\u010dana frekvencija Hercegovine\",\"publisher\":{\"@id\":\"https:\\\/\\\/radioljubuski.ba\\\/#organization\"},\"potentialAction\":[{\"@type\":\"SearchAction\",\"target\":{\"@type\":\"EntryPoint\",\"urlTemplate\":\"https:\\\/\\\/radioljubuski.ba\\\/?s={search_term_string}\"},\"query-input\":{\"@type\":\"PropertyValueSpecification\",\"valueRequired\":true,\"valueName\":\"search_term_string\"}}],\"inLanguage\":\"hr\"},{\"@type\":\"Organization\",\"@id\":\"https:\\\/\\\/radioljubuski.ba\\\/#organization\",\"name\":\"Radio Ljubu\u0161ki\",\"url\":\"https:\\\/\\\/radioljubuski.ba\\\/\",\"logo\":{\"@type\":\"ImageObject\",\"inLanguage\":\"hr\",\"@id\":\"https:\\\/\\\/radioljubuski.ba\\\/#\\\/schema\\\/logo\\\/image\\\/\",\"url\":\"https:\\\/\\\/radioljubuski.ba\\\/wp-content\\\/uploads\\\/2021\\\/02\\\/cropped-Radio_Ljubuski_logo1.jpg\",\"contentUrl\":\"https:\\\/\\\/radioljubuski.ba\\\/wp-content\\\/uploads\\\/2021\\\/02\\\/cropped-Radio_Ljubuski_logo1.jpg\",\"width\":512,\"height\":512,\"caption\":\"Radio Ljubu\u0161ki\"},\"image\":{\"@id\":\"https:\\\/\\\/radioljubuski.ba\\\/#\\\/schema\\\/logo\\\/image\\\/\"},\"sameAs\":[\"https:\\\/\\\/www.facebook.com\\\/Radiio-Ljubuski-1490835324566332\",\"https:\\\/\\\/x.com\\\/radioljubuski\",\"https:\\\/\\\/hr.linkedin.com\\\/company\\\/radio-ljubuski\",\"https:\\\/\\\/www.youtube.com\\\/channel\\\/UCHYaeO_n0Db3tjNGudGpXyw\"]},{\"@type\":\"Person\",\"@id\":\"https:\\\/\\\/radioljubuski.ba\\\/#\\\/schema\\\/person\\\/19fc700381a780f69665d7956c469e3b\",\"name\":\"Radio Ljubu\u0161ki\"}]}<\/script>\n<!-- \/ Yoast SEO plugin. -->","yoast_head_json":{"title":"Ademi: Ludogorec mo\u017ee \"zapapriti\" svakome, ali spremit \u0107emo se za uzvrat - RADIO LJUBU\u0160KI","robots":{"index":"index","follow":"follow","max-snippet":"max-snippet:-1","max-image-preview":"max-image-preview:large","max-video-preview":"max-video-preview:-1"},"canonical":"https:\/\/radioljubuski.ba\/index.php\/2022\/08\/03\/ademi-ludogorec-moze-zapapriti-svakome-ali-spremit-cemo-se-za-uzvrat\/","og_locale":"hr_HR","og_type":"article","og_title":"Ademi: Ludogorec mo\u017ee \"zapapriti\" svakome, ali spremit \u0107emo se za uzvrat - RADIO LJUBU\u0160KI","og_description":"Nakon pobjede Dinama u Bugarskoj protiv Ludogoreca 2:1 u prvoj utakmici 3. pretkola Lige prvaka, s kapetanom Modrih\u00a0Arijanom Ademijem\u00a0i strijelcem\u00a0Dinom Peri\u0107em\u00a0razgovarao je na\u0161 novinar\u00a0Dameo Rami\u0107 Kova\u010di\u0107.\u00a0 &#8211; \u0160to se ti\u010de rezultata, moramo biti zadovoljni, a \u0161to se ti\u010de igre i dalje imamo puno prostora, Ludogorec je stvorio dosta \u0161ansi iako sam dojma da smo zabili [&hellip;]","og_url":"https:\/\/radioljubuski.ba\/index.php\/2022\/08\/03\/ademi-ludogorec-moze-zapapriti-svakome-ali-spremit-cemo-se-za-uzvrat\/","og_site_name":"RADIO LJUBU\u0160KI","article_publisher":"https:\/\/www.facebook.com\/Radiio-Ljubuski-1490835324566332","article_published_time":"2022-08-03T07:02:47+00:00","article_modified_time":"2022-08-03T07:02:49+00:00","og_image":[{"width":225,"height":225,"url":"https:\/\/radioljubuski.ba\/wp-content\/uploads\/2022\/08\/ademi.jpg","type":"image\/jpeg"}],"author":"Radio Ljubu\u0161ki","twitter_card":"summary_large_image","twitter_creator":"@radioljubuski","twitter_site":"@radioljubuski","twitter_misc":{"Napisao\/la":"Radio Ljubu\u0161ki","Procijenjeno vrijeme \u010ditanja":"2 minute"},"schema":{"@context":"https:\/\/schema.org","@graph":[{"@type":"Article","@id":"https:\/\/radioljubuski.ba\/index.php\/2022\/08\/03\/ademi-ludogorec-moze-zapapriti-svakome-ali-spremit-cemo-se-za-uzvrat\/#article","isPartOf":{"@id":"https:\/\/radioljubuski.ba\/index.php\/2022\/08\/03\/ademi-ludogorec-moze-zapapriti-svakome-ali-spremit-cemo-se-za-uzvrat\/"},"author":{"name":"Radio Ljubu\u0161ki","@id":"https:\/\/radioljubuski.ba\/#\/schema\/person\/19fc700381a780f69665d7956c469e3b"},"headline":"Ademi: Ludogorec mo\u017ee &#8220;zapapriti&#8221; svakome, ali spremit \u0107emo se za uzvrat","datePublished":"2022-08-03T07:02:47+00:00","dateModified":"2022-08-03T07:02:49+00:00","mainEntityOfPage":{"@id":"https:\/\/radioljubuski.ba\/index.php\/2022\/08\/03\/ademi-ludogorec-moze-zapapriti-svakome-ali-spremit-cemo-se-za-uzvrat\/"},"wordCount":451,"publisher":{"@id":"https:\/\/radioljubuski.ba\/#organization"},"image":{"@id":"https:\/\/radioljubuski.ba\/index.php\/2022\/08\/03\/ademi-ludogorec-moze-zapapriti-svakome-ali-spremit-cemo-se-za-uzvrat\/#primaryimage"},"thumbnailUrl":"https:\/\/radioljubuski.ba\/wp-content\/uploads\/2022\/08\/ademi.jpg","articleSection":["\u0160port"],"inLanguage":"hr"},{"@type":"WebPage","@id":"https:\/\/radioljubuski.ba\/index.php\/2022\/08\/03\/ademi-ludogorec-moze-zapapriti-svakome-ali-spremit-cemo-se-za-uzvrat\/","url":"https:\/\/radioljubuski.ba\/index.php\/2022\/08\/03\/ademi-ludogorec-moze-zapapriti-svakome-ali-spremit-cemo-se-za-uzvrat\/","name":"Ademi: Ludogorec mo\u017ee \"zapapriti\" svakome, ali spremit \u0107emo se za uzvrat - RADIO LJUBU\u0160KI","isPartOf":{"@id":"https:\/\/radioljubuski.ba\/#website"},"primaryImageOfPage":{"@id":"https:\/\/radioljubuski.ba\/index.php\/2022\/08\/03\/ademi-ludogorec-moze-zapapriti-svakome-ali-spremit-cemo-se-za-uzvrat\/#primaryimage"},"image":{"@id":"https:\/\/radioljubuski.ba\/index.php\/2022\/08\/03\/ademi-ludogorec-moze-zapapriti-svakome-ali-spremit-cemo-se-za-uzvrat\/#primaryimage"},"thumbnailUrl":"https:\/\/radioljubuski.ba\/wp-content\/uploads\/2022\/08\/ademi.jpg","datePublished":"2022-08-03T07:02:47+00:00","dateModified":"2022-08-03T07:02:49+00:00","breadcrumb":{"@id":"https:\/\/radioljubuski.ba\/index.php\/2022\/08\/03\/ademi-ludogorec-moze-zapapriti-svakome-ali-spremit-cemo-se-za-uzvrat\/#breadcrumb"},"inLanguage":"hr","potentialAction":[{"@type":"ReadAction","target":["https:\/\/radioljubuski.ba\/index.php\/2022\/08\/03\/ademi-ludogorec-moze-zapapriti-svakome-ali-spremit-cemo-se-za-uzvrat\/"]}]},{"@type":"ImageObject","inLanguage":"hr","@id":"https:\/\/radioljubuski.ba\/index.php\/2022\/08\/03\/ademi-ludogorec-moze-zapapriti-svakome-ali-spremit-cemo-se-za-uzvrat\/#primaryimage","url":"https:\/\/radioljubuski.ba\/wp-content\/uploads\/2022\/08\/ademi.jpg","contentUrl":"https:\/\/radioljubuski.ba\/wp-content\/uploads\/2022\/08\/ademi.jpg","width":225,"height":225},{"@type":"BreadcrumbList","@id":"https:\/\/radioljubuski.ba\/index.php\/2022\/08\/03\/ademi-ludogorec-moze-zapapriti-svakome-ali-spremit-cemo-se-za-uzvrat\/#breadcrumb","itemListElement":[{"@type":"ListItem","position":1,"name":"Po\u010detna stranica","item":"https:\/\/radioljubuski.ba\/"},{"@type":"ListItem","position":2,"name":"Ademi: Ludogorec mo\u017ee &#8220;zapapriti&#8221; svakome, ali spremit \u0107emo se za uzvrat"}]},{"@type":"WebSite","@id":"https:\/\/radioljubuski.ba\/#website","url":"https:\/\/radioljubuski.ba\/","name":"Radio Ljubu\u0161ki","description":"Sun\u010dana frekvencija Hercegovine","publisher":{"@id":"https:\/\/radioljubuski.ba\/#organization"},"potentialAction":[{"@type":"SearchAction","target":{"@type":"EntryPoint","urlTemplate":"https:\/\/radioljubuski.ba\/?s={search_term_string}"},"query-input":{"@type":"PropertyValueSpecification","valueRequired":true,"valueName":"search_term_string"}}],"inLanguage":"hr"},{"@type":"Organization","@id":"https:\/\/radioljubuski.ba\/#organization","name":"Radio Ljubu\u0161ki","url":"https:\/\/radioljubuski.ba\/","logo":{"@type":"ImageObject","inLanguage":"hr","@id":"https:\/\/radioljubuski.ba\/#\/schema\/logo\/image\/","url":"https:\/\/radioljubuski.ba\/wp-content\/uploads\/2021\/02\/cropped-Radio_Ljubuski_logo1.jpg","contentUrl":"https:\/\/radioljubuski.ba\/wp-content\/uploads\/2021\/02\/cropped-Radio_Ljubuski_logo1.jpg","width":512,"height":512,"caption":"Radio Ljubu\u0161ki"},"image":{"@id":"https:\/\/radioljubuski.ba\/#\/schema\/logo\/image\/"},"sameAs":["https:\/\/www.facebook.com\/Radiio-Ljubuski-1490835324566332","https:\/\/x.com\/radioljubuski","https:\/\/hr.linkedin.com\/company\/radio-ljubuski","https:\/\/www.youtube.com\/channel\/UCHYaeO_n0Db3tjNGudGpXyw"]},{"@type":"Person","@id":"https:\/\/radioljubuski.ba\/#\/schema\/person\/19fc700381a780f69665d7956c469e3b","name":"Radio Ljubu\u0161ki"}]}},"_links":{"self":[{"href":"https:\/\/radioljubuski.ba\/index.php\/wp-json\/wp\/v2\/posts\/165957","targetHints":{"allow":["GET"]}}],"collection":[{"href":"https:\/\/radioljubuski.ba\/index.php\/wp-json\/wp\/v2\/posts"}],"about":[{"href":"https:\/\/radioljubuski.ba\/index.php\/wp-json\/wp\/v2\/types\/post"}],"author":[{"embeddable":true,"href":"https:\/\/radioljubuski.ba\/index.php\/wp-json\/wp\/v2\/users\/2"}],"replies":[{"embeddable":true,"href":"https:\/\/radioljubuski.ba\/index.php\/wp-json\/wp\/v2\/comments?post=165957"}],"version-history":[{"count":1,"href":"https:\/\/radioljubuski.ba\/index.php\/wp-json\/wp\/v2\/posts\/165957\/revisions"}],"predecessor-version":[{"id":165959,"href":"https:\/\/radioljubuski.ba\/index.php\/wp-json\/wp\/v2\/posts\/165957\/revisions\/165959"}],"wp:featuredmedia":[{"embeddable":true,"href":"https:\/\/radioljubuski.ba\/index.php\/wp-json\/wp\/v2\/media\/165958"}],"wp:attachment":[{"href":"https:\/\/radioljubuski.ba\/index.php\/wp-json\/wp\/v2\/media?parent=165957"}],"wp:term":[{"taxonomy":"category","embeddable":true,"href":"https:\/\/radioljubuski.ba\/index.php\/wp-json\/wp\/v2\/categories?post=165957"},{"taxonomy":"post_tag","embeddable":true,"href":"https:\/\/radioljubuski.ba\/index.php\/wp-json\/wp\/v2\/tags?post=165957"}],"curies":[{"name":"wp","href":"https:\/\/api.w.org\/{rel}","templated":true}]}}