{"id":165971,"date":"2022-08-03T08:26:14","date_gmt":"2022-08-03T07:26:14","guid":{"rendered":"https:\/\/radioljubuski.ba\/?p=165971"},"modified":"2022-08-03T08:26:15","modified_gmt":"2022-08-03T07:26:15","slug":"novi-sok-za-alpine-nakon-odlaska-alonsa-piastri-objavio-da-nece-voziti-za-njih","status":"publish","type":"post","link":"https:\/\/radioljubuski.ba\/index.php\/2022\/08\/03\/novi-sok-za-alpine-nakon-odlaska-alonsa-piastri-objavio-da-nece-voziti-za-njih\/","title":{"rendered":"Novi \u0161ok za Alpine, nakon odlaska Alonsa Piastri objavio da ne\u0107e voziti za njih"},"content":{"rendered":"\n<p>Tek \u0161to su preboljeli odlazak&nbsp;<strong>Fernanda Alonsa<\/strong>&nbsp;u Aston Martin te objavili da \u0107e \u0160panjolca u 2023. za upravlja\u010dem zamijeniti talentirani&nbsp;<strong>Oscar Piastri<\/strong>, u Alpineu su do\u017eivjeli novi \u0161ok, jer je 21-godi\u0161nji Australac putem dru\u0161tvenih mre\u017ea objavio da ne\u0107e sljede\u0107e godine voziti za ovu francusku mom\u010dad u Formuli 1.<\/p>\n\n\n\n<p>&#8211; Saznao sam da je Alpine F1 bez mog pristanka izdao priop\u0107enje u kojem se navodi da \u0107u voziti za njih sljede\u0107e godine. To je pogre\u0161no, jer nisam potpisao ugovor s Alpineom za 2023. Ne\u0107u voziti za Alpine sljede\u0107e godine, napisao je u svojoj objavi talentirani australski voza\u010d koji je bio u statusu pri\u010duve i testnog voza\u010da za ovu sezonu.<br><br>Piastri je produkt Alpineove voza\u010dke akademije u koju je stigao 2019., nakon \u0161to je osvojio naslov u Formula Renault Eurocupu. Australac je sljede\u0107e sezone bio najbolji u redoslijedu voza\u010da u Formuli 3, da bi 2021. osvojio prvenstvo u Formuli 2.<br><br>Piastriju su u francuskoj mom\u010dadi namijenili ulogu drugog voza\u010da, uz Francuza\u00a0<strong>Estebana Ocona<\/strong>\u00a0koji je u mom\u010dadi od 2020. i trenuta\u010dno se nalazi na osmom mjestu u redoslijedu Svjetskog prvenstva Formule 1.<\/p>\n\n\n\n<p>U utorak ujutro vo\u0111a Alpinea&nbsp;<strong>Otmar Szafnauer<\/strong>&nbsp;je na konferenciji za medije potvrdio da je do razlaza s Alonsom do\u0161lo zbog toga \u0161to se nisu mogli dogovoriti oko duljine novog ugovora. Alpine je nudio jednogodi\u0161nji ugovor s opcijom za 2024., dok je \u0160panjolac \u017eelio jamstvo da \u0107e barem dvije godine mo\u0107i sjediti za upravlja\u010dem u mom\u010dadi kojoj je 2005. i 2006., dok se jo\u0161 natjecala pod imenom Renault, donio dva naslova svjetskog prvaka.<\/p>\n\n\n\n<p>Poznato je, pak, da je Piastri pregovarao s McLarenom oko mogu\u0107eg budu\u0107eg anga\u017emana. S druge strane, Szafnauer tvrdi da je mom\u010dad prema Australcu ispunila sve ugovorne obveze te da postoji ugovor i za budu\u0107u suradnju.<\/p>\n\n\n\n<p>&#8211; Imamo va\u017ee\u0107i ugovor za 2023., a imamo i opciju produ\u017eiti ga i za 2024., izjavio je \u0161ef Alpinea.<\/p>\n\n\n\n<p>Prema Piastrijevoj objavi na dru\u0161tvenim mre\u017eama, \u010dini se da u njegovom taboru ne misle tako i da je njegova budu\u0107nost u Formuli 1 vezana za neku drugu mom\u010dad.<\/p>\n\n\n\n<p>izvor: hrt.hr<\/p>\n","protected":false},"excerpt":{"rendered":"<p>Tek \u0161to su preboljeli odlazak&nbsp;Fernanda Alonsa&nbsp;u Aston Martin te objavili da \u0107e \u0160panjolca u 2023. za upravlja\u010dem zamijeniti talentirani&nbsp;Oscar Piastri, u Alpineu su do\u017eivjeli novi \u0161ok, jer je 21-godi\u0161nji Australac putem dru\u0161tvenih mre\u017ea objavio da ne\u0107e sljede\u0107e godine voziti za ovu francusku mom\u010dad u Formuli 1. &#8211; Saznao sam da je Alpine F1 bez mog [&hellip;]<\/p>\n","protected":false},"author":2,"featured_media":165972,"comment_status":"closed","ping_status":"closed","sticky":false,"template":"","format":"standard","meta":{"h5ap_radio_sources":[],"footnotes":""},"categories":[7],"tags":[],"class_list":["post-165971","post","type-post","status-publish","format-standard","has-post-thumbnail","hentry","category-sport"],"yoast_head":"<!-- This site is optimized with the Yoast SEO plugin v27.4 - https:\/\/yoast.com\/product\/yoast-seo-wordpress\/ -->\n<title>Novi \u0161ok za Alpine, nakon odlaska Alonsa Piastri objavio da ne\u0107e voziti za njih - RADIO LJUBU\u0160KI<\/title>\n<meta name=\"robots\" content=\"index, follow, max-snippet:-1, max-image-preview:large, max-video-preview:-1\" \/>\n<link rel=\"canonical\" href=\"https:\/\/radioljubuski.ba\/index.php\/2022\/08\/03\/novi-sok-za-alpine-nakon-odlaska-alonsa-piastri-objavio-da-nece-voziti-za-njih\/\" \/>\n<meta property=\"og:locale\" content=\"hr_HR\" \/>\n<meta property=\"og:type\" content=\"article\" \/>\n<meta property=\"og:title\" content=\"Novi \u0161ok za Alpine, nakon odlaska Alonsa Piastri objavio da ne\u0107e voziti za njih - RADIO LJUBU\u0160KI\" \/>\n<meta property=\"og:description\" content=\"Tek \u0161to su preboljeli odlazak&nbsp;Fernanda Alonsa&nbsp;u Aston Martin te objavili da \u0107e \u0160panjolca u 2023. za upravlja\u010dem zamijeniti talentirani&nbsp;Oscar Piastri, u Alpineu su do\u017eivjeli novi \u0161ok, jer je 21-godi\u0161nji Australac putem dru\u0161tvenih mre\u017ea objavio da ne\u0107e sljede\u0107e godine voziti za ovu francusku mom\u010dad u Formuli 1. &#8211; Saznao sam da je Alpine F1 bez mog [&hellip;]\" \/>\n<meta property=\"og:url\" content=\"https:\/\/radioljubuski.ba\/index.php\/2022\/08\/03\/novi-sok-za-alpine-nakon-odlaska-alonsa-piastri-objavio-da-nece-voziti-za-njih\/\" \/>\n<meta property=\"og:site_name\" content=\"RADIO LJUBU\u0160KI\" \/>\n<meta property=\"article:publisher\" content=\"https:\/\/www.facebook.com\/Radiio-Ljubuski-1490835324566332\" \/>\n<meta property=\"article:published_time\" content=\"2022-08-03T07:26:14+00:00\" \/>\n<meta property=\"article:modified_time\" content=\"2022-08-03T07:26:15+00:00\" \/>\n<meta property=\"og:image\" content=\"https:\/\/radioljubuski.ba\/wp-content\/uploads\/2022\/08\/piastri.jpg\" \/>\n\t<meta property=\"og:image:width\" content=\"275\" \/>\n\t<meta property=\"og:image:height\" content=\"183\" \/>\n\t<meta property=\"og:image:type\" content=\"image\/jpeg\" \/>\n<meta name=\"author\" content=\"Radio Ljubu\u0161ki\" \/>\n<meta name=\"twitter:card\" content=\"summary_large_image\" \/>\n<meta name=\"twitter:creator\" content=\"@radioljubuski\" \/>\n<meta name=\"twitter:site\" content=\"@radioljubuski\" \/>\n<meta name=\"twitter:label1\" content=\"Napisao\/la\" \/>\n\t<meta name=\"twitter:data1\" content=\"Radio Ljubu\u0161ki\" \/>\n\t<meta name=\"twitter:label2\" content=\"Procijenjeno vrijeme \u010ditanja\" \/>\n\t<meta name=\"twitter:data2\" content=\"2 minute\" \/>\n<script type=\"application\/ld+json\" class=\"yoast-schema-graph\">{\"@context\":\"https:\\\/\\\/schema.org\",\"@graph\":[{\"@type\":\"Article\",\"@id\":\"https:\\\/\\\/radioljubuski.ba\\\/index.php\\\/2022\\\/08\\\/03\\\/novi-sok-za-alpine-nakon-odlaska-alonsa-piastri-objavio-da-nece-voziti-za-njih\\\/#article\",\"isPartOf\":{\"@id\":\"https:\\\/\\\/radioljubuski.ba\\\/index.php\\\/2022\\\/08\\\/03\\\/novi-sok-za-alpine-nakon-odlaska-alonsa-piastri-objavio-da-nece-voziti-za-njih\\\/\"},\"author\":{\"name\":\"Radio Ljubu\u0161ki\",\"@id\":\"https:\\\/\\\/radioljubuski.ba\\\/#\\\/schema\\\/person\\\/19fc700381a780f69665d7956c469e3b\"},\"headline\":\"Novi \u0161ok za Alpine, nakon odlaska Alonsa Piastri objavio da ne\u0107e voziti za njih\",\"datePublished\":\"2022-08-03T07:26:14+00:00\",\"dateModified\":\"2022-08-03T07:26:15+00:00\",\"mainEntityOfPage\":{\"@id\":\"https:\\\/\\\/radioljubuski.ba\\\/index.php\\\/2022\\\/08\\\/03\\\/novi-sok-za-alpine-nakon-odlaska-alonsa-piastri-objavio-da-nece-voziti-za-njih\\\/\"},\"wordCount\":384,\"publisher\":{\"@id\":\"https:\\\/\\\/radioljubuski.ba\\\/#organization\"},\"image\":{\"@id\":\"https:\\\/\\\/radioljubuski.ba\\\/index.php\\\/2022\\\/08\\\/03\\\/novi-sok-za-alpine-nakon-odlaska-alonsa-piastri-objavio-da-nece-voziti-za-njih\\\/#primaryimage\"},\"thumbnailUrl\":\"https:\\\/\\\/radioljubuski.ba\\\/wp-content\\\/uploads\\\/2022\\\/08\\\/piastri.jpg\",\"articleSection\":[\"\u0160port\"],\"inLanguage\":\"hr\"},{\"@type\":\"WebPage\",\"@id\":\"https:\\\/\\\/radioljubuski.ba\\\/index.php\\\/2022\\\/08\\\/03\\\/novi-sok-za-alpine-nakon-odlaska-alonsa-piastri-objavio-da-nece-voziti-za-njih\\\/\",\"url\":\"https:\\\/\\\/radioljubuski.ba\\\/index.php\\\/2022\\\/08\\\/03\\\/novi-sok-za-alpine-nakon-odlaska-alonsa-piastri-objavio-da-nece-voziti-za-njih\\\/\",\"name\":\"Novi \u0161ok za Alpine, nakon odlaska Alonsa Piastri objavio da ne\u0107e voziti za njih - RADIO LJUBU\u0160KI\",\"isPartOf\":{\"@id\":\"https:\\\/\\\/radioljubuski.ba\\\/#website\"},\"primaryImageOfPage\":{\"@id\":\"https:\\\/\\\/radioljubuski.ba\\\/index.php\\\/2022\\\/08\\\/03\\\/novi-sok-za-alpine-nakon-odlaska-alonsa-piastri-objavio-da-nece-voziti-za-njih\\\/#primaryimage\"},\"image\":{\"@id\":\"https:\\\/\\\/radioljubuski.ba\\\/index.php\\\/2022\\\/08\\\/03\\\/novi-sok-za-alpine-nakon-odlaska-alonsa-piastri-objavio-da-nece-voziti-za-njih\\\/#primaryimage\"},\"thumbnailUrl\":\"https:\\\/\\\/radioljubuski.ba\\\/wp-content\\\/uploads\\\/2022\\\/08\\\/piastri.jpg\",\"datePublished\":\"2022-08-03T07:26:14+00:00\",\"dateModified\":\"2022-08-03T07:26:15+00:00\",\"breadcrumb\":{\"@id\":\"https:\\\/\\\/radioljubuski.ba\\\/index.php\\\/2022\\\/08\\\/03\\\/novi-sok-za-alpine-nakon-odlaska-alonsa-piastri-objavio-da-nece-voziti-za-njih\\\/#breadcrumb\"},\"inLanguage\":\"hr\",\"potentialAction\":[{\"@type\":\"ReadAction\",\"target\":[\"https:\\\/\\\/radioljubuski.ba\\\/index.php\\\/2022\\\/08\\\/03\\\/novi-sok-za-alpine-nakon-odlaska-alonsa-piastri-objavio-da-nece-voziti-za-njih\\\/\"]}]},{\"@type\":\"ImageObject\",\"inLanguage\":\"hr\",\"@id\":\"https:\\\/\\\/radioljubuski.ba\\\/index.php\\\/2022\\\/08\\\/03\\\/novi-sok-za-alpine-nakon-odlaska-alonsa-piastri-objavio-da-nece-voziti-za-njih\\\/#primaryimage\",\"url\":\"https:\\\/\\\/radioljubuski.ba\\\/wp-content\\\/uploads\\\/2022\\\/08\\\/piastri.jpg\",\"contentUrl\":\"https:\\\/\\\/radioljubuski.ba\\\/wp-content\\\/uploads\\\/2022\\\/08\\\/piastri.jpg\",\"width\":275,\"height\":183},{\"@type\":\"BreadcrumbList\",\"@id\":\"https:\\\/\\\/radioljubuski.ba\\\/index.php\\\/2022\\\/08\\\/03\\\/novi-sok-za-alpine-nakon-odlaska-alonsa-piastri-objavio-da-nece-voziti-za-njih\\\/#breadcrumb\",\"itemListElement\":[{\"@type\":\"ListItem\",\"position\":1,\"name\":\"Po\u010detna stranica\",\"item\":\"https:\\\/\\\/radioljubuski.ba\\\/\"},{\"@type\":\"ListItem\",\"position\":2,\"name\":\"Novi \u0161ok za Alpine, nakon odlaska Alonsa Piastri objavio da ne\u0107e voziti za njih\"}]},{\"@type\":\"WebSite\",\"@id\":\"https:\\\/\\\/radioljubuski.ba\\\/#website\",\"url\":\"https:\\\/\\\/radioljubuski.ba\\\/\",\"name\":\"Radio Ljubu\u0161ki\",\"description\":\"Sun\u010dana frekvencija Hercegovine\",\"publisher\":{\"@id\":\"https:\\\/\\\/radioljubuski.ba\\\/#organization\"},\"potentialAction\":[{\"@type\":\"SearchAction\",\"target\":{\"@type\":\"EntryPoint\",\"urlTemplate\":\"https:\\\/\\\/radioljubuski.ba\\\/?s={search_term_string}\"},\"query-input\":{\"@type\":\"PropertyValueSpecification\",\"valueRequired\":true,\"valueName\":\"search_term_string\"}}],\"inLanguage\":\"hr\"},{\"@type\":\"Organization\",\"@id\":\"https:\\\/\\\/radioljubuski.ba\\\/#organization\",\"name\":\"Radio Ljubu\u0161ki\",\"url\":\"https:\\\/\\\/radioljubuski.ba\\\/\",\"logo\":{\"@type\":\"ImageObject\",\"inLanguage\":\"hr\",\"@id\":\"https:\\\/\\\/radioljubuski.ba\\\/#\\\/schema\\\/logo\\\/image\\\/\",\"url\":\"https:\\\/\\\/radioljubuski.ba\\\/wp-content\\\/uploads\\\/2021\\\/02\\\/cropped-Radio_Ljubuski_logo1.jpg\",\"contentUrl\":\"https:\\\/\\\/radioljubuski.ba\\\/wp-content\\\/uploads\\\/2021\\\/02\\\/cropped-Radio_Ljubuski_logo1.jpg\",\"width\":512,\"height\":512,\"caption\":\"Radio Ljubu\u0161ki\"},\"image\":{\"@id\":\"https:\\\/\\\/radioljubuski.ba\\\/#\\\/schema\\\/logo\\\/image\\\/\"},\"sameAs\":[\"https:\\\/\\\/www.facebook.com\\\/Radiio-Ljubuski-1490835324566332\",\"https:\\\/\\\/x.com\\\/radioljubuski\",\"https:\\\/\\\/hr.linkedin.com\\\/company\\\/radio-ljubuski\",\"https:\\\/\\\/www.youtube.com\\\/channel\\\/UCHYaeO_n0Db3tjNGudGpXyw\"]},{\"@type\":\"Person\",\"@id\":\"https:\\\/\\\/radioljubuski.ba\\\/#\\\/schema\\\/person\\\/19fc700381a780f69665d7956c469e3b\",\"name\":\"Radio Ljubu\u0161ki\"}]}<\/script>\n<!-- \/ Yoast SEO plugin. -->","yoast_head_json":{"title":"Novi \u0161ok za Alpine, nakon odlaska Alonsa Piastri objavio da ne\u0107e voziti za njih - RADIO LJUBU\u0160KI","robots":{"index":"index","follow":"follow","max-snippet":"max-snippet:-1","max-image-preview":"max-image-preview:large","max-video-preview":"max-video-preview:-1"},"canonical":"https:\/\/radioljubuski.ba\/index.php\/2022\/08\/03\/novi-sok-za-alpine-nakon-odlaska-alonsa-piastri-objavio-da-nece-voziti-za-njih\/","og_locale":"hr_HR","og_type":"article","og_title":"Novi \u0161ok za Alpine, nakon odlaska Alonsa Piastri objavio da ne\u0107e voziti za njih - RADIO LJUBU\u0160KI","og_description":"Tek \u0161to su preboljeli odlazak&nbsp;Fernanda Alonsa&nbsp;u Aston Martin te objavili da \u0107e \u0160panjolca u 2023. za upravlja\u010dem zamijeniti talentirani&nbsp;Oscar Piastri, u Alpineu su do\u017eivjeli novi \u0161ok, jer je 21-godi\u0161nji Australac putem dru\u0161tvenih mre\u017ea objavio da ne\u0107e sljede\u0107e godine voziti za ovu francusku mom\u010dad u Formuli 1. &#8211; Saznao sam da je Alpine F1 bez mog [&hellip;]","og_url":"https:\/\/radioljubuski.ba\/index.php\/2022\/08\/03\/novi-sok-za-alpine-nakon-odlaska-alonsa-piastri-objavio-da-nece-voziti-za-njih\/","og_site_name":"RADIO LJUBU\u0160KI","article_publisher":"https:\/\/www.facebook.com\/Radiio-Ljubuski-1490835324566332","article_published_time":"2022-08-03T07:26:14+00:00","article_modified_time":"2022-08-03T07:26:15+00:00","og_image":[{"width":275,"height":183,"url":"https:\/\/radioljubuski.ba\/wp-content\/uploads\/2022\/08\/piastri.jpg","type":"image\/jpeg"}],"author":"Radio Ljubu\u0161ki","twitter_card":"summary_large_image","twitter_creator":"@radioljubuski","twitter_site":"@radioljubuski","twitter_misc":{"Napisao\/la":"Radio Ljubu\u0161ki","Procijenjeno vrijeme \u010ditanja":"2 minute"},"schema":{"@context":"https:\/\/schema.org","@graph":[{"@type":"Article","@id":"https:\/\/radioljubuski.ba\/index.php\/2022\/08\/03\/novi-sok-za-alpine-nakon-odlaska-alonsa-piastri-objavio-da-nece-voziti-za-njih\/#article","isPartOf":{"@id":"https:\/\/radioljubuski.ba\/index.php\/2022\/08\/03\/novi-sok-za-alpine-nakon-odlaska-alonsa-piastri-objavio-da-nece-voziti-za-njih\/"},"author":{"name":"Radio Ljubu\u0161ki","@id":"https:\/\/radioljubuski.ba\/#\/schema\/person\/19fc700381a780f69665d7956c469e3b"},"headline":"Novi \u0161ok za Alpine, nakon odlaska Alonsa Piastri objavio da ne\u0107e voziti za njih","datePublished":"2022-08-03T07:26:14+00:00","dateModified":"2022-08-03T07:26:15+00:00","mainEntityOfPage":{"@id":"https:\/\/radioljubuski.ba\/index.php\/2022\/08\/03\/novi-sok-za-alpine-nakon-odlaska-alonsa-piastri-objavio-da-nece-voziti-za-njih\/"},"wordCount":384,"publisher":{"@id":"https:\/\/radioljubuski.ba\/#organization"},"image":{"@id":"https:\/\/radioljubuski.ba\/index.php\/2022\/08\/03\/novi-sok-za-alpine-nakon-odlaska-alonsa-piastri-objavio-da-nece-voziti-za-njih\/#primaryimage"},"thumbnailUrl":"https:\/\/radioljubuski.ba\/wp-content\/uploads\/2022\/08\/piastri.jpg","articleSection":["\u0160port"],"inLanguage":"hr"},{"@type":"WebPage","@id":"https:\/\/radioljubuski.ba\/index.php\/2022\/08\/03\/novi-sok-za-alpine-nakon-odlaska-alonsa-piastri-objavio-da-nece-voziti-za-njih\/","url":"https:\/\/radioljubuski.ba\/index.php\/2022\/08\/03\/novi-sok-za-alpine-nakon-odlaska-alonsa-piastri-objavio-da-nece-voziti-za-njih\/","name":"Novi \u0161ok za Alpine, nakon odlaska Alonsa Piastri objavio da ne\u0107e voziti za njih - RADIO LJUBU\u0160KI","isPartOf":{"@id":"https:\/\/radioljubuski.ba\/#website"},"primaryImageOfPage":{"@id":"https:\/\/radioljubuski.ba\/index.php\/2022\/08\/03\/novi-sok-za-alpine-nakon-odlaska-alonsa-piastri-objavio-da-nece-voziti-za-njih\/#primaryimage"},"image":{"@id":"https:\/\/radioljubuski.ba\/index.php\/2022\/08\/03\/novi-sok-za-alpine-nakon-odlaska-alonsa-piastri-objavio-da-nece-voziti-za-njih\/#primaryimage"},"thumbnailUrl":"https:\/\/radioljubuski.ba\/wp-content\/uploads\/2022\/08\/piastri.jpg","datePublished":"2022-08-03T07:26:14+00:00","dateModified":"2022-08-03T07:26:15+00:00","breadcrumb":{"@id":"https:\/\/radioljubuski.ba\/index.php\/2022\/08\/03\/novi-sok-za-alpine-nakon-odlaska-alonsa-piastri-objavio-da-nece-voziti-za-njih\/#breadcrumb"},"inLanguage":"hr","potentialAction":[{"@type":"ReadAction","target":["https:\/\/radioljubuski.ba\/index.php\/2022\/08\/03\/novi-sok-za-alpine-nakon-odlaska-alonsa-piastri-objavio-da-nece-voziti-za-njih\/"]}]},{"@type":"ImageObject","inLanguage":"hr","@id":"https:\/\/radioljubuski.ba\/index.php\/2022\/08\/03\/novi-sok-za-alpine-nakon-odlaska-alonsa-piastri-objavio-da-nece-voziti-za-njih\/#primaryimage","url":"https:\/\/radioljubuski.ba\/wp-content\/uploads\/2022\/08\/piastri.jpg","contentUrl":"https:\/\/radioljubuski.ba\/wp-content\/uploads\/2022\/08\/piastri.jpg","width":275,"height":183},{"@type":"BreadcrumbList","@id":"https:\/\/radioljubuski.ba\/index.php\/2022\/08\/03\/novi-sok-za-alpine-nakon-odlaska-alonsa-piastri-objavio-da-nece-voziti-za-njih\/#breadcrumb","itemListElement":[{"@type":"ListItem","position":1,"name":"Po\u010detna stranica","item":"https:\/\/radioljubuski.ba\/"},{"@type":"ListItem","position":2,"name":"Novi \u0161ok za Alpine, nakon odlaska Alonsa Piastri objavio da ne\u0107e voziti za njih"}]},{"@type":"WebSite","@id":"https:\/\/radioljubuski.ba\/#website","url":"https:\/\/radioljubuski.ba\/","name":"Radio Ljubu\u0161ki","description":"Sun\u010dana frekvencija Hercegovine","publisher":{"@id":"https:\/\/radioljubuski.ba\/#organization"},"potentialAction":[{"@type":"SearchAction","target":{"@type":"EntryPoint","urlTemplate":"https:\/\/radioljubuski.ba\/?s={search_term_string}"},"query-input":{"@type":"PropertyValueSpecification","valueRequired":true,"valueName":"search_term_string"}}],"inLanguage":"hr"},{"@type":"Organization","@id":"https:\/\/radioljubuski.ba\/#organization","name":"Radio Ljubu\u0161ki","url":"https:\/\/radioljubuski.ba\/","logo":{"@type":"ImageObject","inLanguage":"hr","@id":"https:\/\/radioljubuski.ba\/#\/schema\/logo\/image\/","url":"https:\/\/radioljubuski.ba\/wp-content\/uploads\/2021\/02\/cropped-Radio_Ljubuski_logo1.jpg","contentUrl":"https:\/\/radioljubuski.ba\/wp-content\/uploads\/2021\/02\/cropped-Radio_Ljubuski_logo1.jpg","width":512,"height":512,"caption":"Radio Ljubu\u0161ki"},"image":{"@id":"https:\/\/radioljubuski.ba\/#\/schema\/logo\/image\/"},"sameAs":["https:\/\/www.facebook.com\/Radiio-Ljubuski-1490835324566332","https:\/\/x.com\/radioljubuski","https:\/\/hr.linkedin.com\/company\/radio-ljubuski","https:\/\/www.youtube.com\/channel\/UCHYaeO_n0Db3tjNGudGpXyw"]},{"@type":"Person","@id":"https:\/\/radioljubuski.ba\/#\/schema\/person\/19fc700381a780f69665d7956c469e3b","name":"Radio Ljubu\u0161ki"}]}},"_links":{"self":[{"href":"https:\/\/radioljubuski.ba\/index.php\/wp-json\/wp\/v2\/posts\/165971","targetHints":{"allow":["GET"]}}],"collection":[{"href":"https:\/\/radioljubuski.ba\/index.php\/wp-json\/wp\/v2\/posts"}],"about":[{"href":"https:\/\/radioljubuski.ba\/index.php\/wp-json\/wp\/v2\/types\/post"}],"author":[{"embeddable":true,"href":"https:\/\/radioljubuski.ba\/index.php\/wp-json\/wp\/v2\/users\/2"}],"replies":[{"embeddable":true,"href":"https:\/\/radioljubuski.ba\/index.php\/wp-json\/wp\/v2\/comments?post=165971"}],"version-history":[{"count":1,"href":"https:\/\/radioljubuski.ba\/index.php\/wp-json\/wp\/v2\/posts\/165971\/revisions"}],"predecessor-version":[{"id":165973,"href":"https:\/\/radioljubuski.ba\/index.php\/wp-json\/wp\/v2\/posts\/165971\/revisions\/165973"}],"wp:featuredmedia":[{"embeddable":true,"href":"https:\/\/radioljubuski.ba\/index.php\/wp-json\/wp\/v2\/media\/165972"}],"wp:attachment":[{"href":"https:\/\/radioljubuski.ba\/index.php\/wp-json\/wp\/v2\/media?parent=165971"}],"wp:term":[{"taxonomy":"category","embeddable":true,"href":"https:\/\/radioljubuski.ba\/index.php\/wp-json\/wp\/v2\/categories?post=165971"},{"taxonomy":"post_tag","embeddable":true,"href":"https:\/\/radioljubuski.ba\/index.php\/wp-json\/wp\/v2\/tags?post=165971"}],"curies":[{"name":"wp","href":"https:\/\/api.w.org\/{rel}","templated":true}]}}