{"id":165974,"date":"2022-08-03T08:32:03","date_gmt":"2022-08-03T07:32:03","guid":{"rendered":"https:\/\/radioljubuski.ba\/?p=165974"},"modified":"2022-08-03T08:32:03","modified_gmt":"2022-08-03T07:32:03","slug":"mundo-deportivo-pjanic-je-iznenadio-xavija","status":"publish","type":"post","link":"https:\/\/radioljubuski.ba\/index.php\/2022\/08\/03\/mundo-deportivo-pjanic-je-iznenadio-xavija\/","title":{"rendered":"Mundo Deportivo: Pjani\u0107 je iznenadio Xavija"},"content":{"rendered":"\n<p>MIRALEM PJANI\u0106 mogao bi i nakon ovog ljeta ostati u Barceloni. Reprezentativac Bosne i Hercegovine odu\u0161evio je trenera Xavija svojom igrom i fizi\u010dkom spremom te sad i on i uprava kluba ozbiljno razmi\u0161ljaju da zadr\u017ee Pjani\u0107a u mom\u010dadi, pi\u0161e Mundo Deportivo.&nbsp;<\/p>\n\n\n\n<p>Veznjak Barcelone jo\u0161 uvijek mora pro\u0107i odre\u0111ene fizi\u010dke testove, no \u0161anse da ostane u klubu u ovom su mu trenutku puno ve\u0107e nego \u0161to su bile prije mjesec dana. Usto, Pjani\u0107 je prihvatio i zna\u010dajno smanjenje pla\u0107e kako bi pomogao klubu koji mora paziti na svaki euro.\u00a0<\/p>\n\n\n\n<p>Pjani\u0107 je prije dvije godine iz Juventusa stigao u Barcelonu u razmjeni za Arthura Mela, no 32-godi\u0161nji reprezentativac BiH nikad na Camp Nouu nije dobio pravu \u0161ansu. Premda je u Kataloniju stigao kao osvaja\u010d \u010detiri uzastopne titule prvaka Italije, u dresu Barce nije se naigrao te je pro\u0161le godine oti\u0161ao na posudbu u Be\u0161ikta\u0161.<\/p>\n\n\n\n<p>Nitko nije o\u010dekivao da \u0107e se Pjani\u0107 nametnuti Xaviju nakon \u0161to se vratio u Barcelonu, ali upravo se to dogodilo. Na pripremama u SAD-u Pjani\u0107 je dobio \u0161ansu i odigrao je dvije odli\u010dne utakmice protiv Juventusa i New York Red Bulla. Xavi je poslije pri\u010dao da ga je Pjani\u0107 ugodno iznenadio, kao i navija\u010de i suigra\u010de.<\/p>\n\n\n\n<p>Te su pripremne utakmice zapravo bile prekretnice jer dosad za \u0161panjolske medije zapravo nije ni bilo upitno ho\u0107e li Pjani\u0107 napustiti klub, ve\u0107 kad \u0107e se to dogoditi. No 32-godi\u0161nji veznjak mogao bi se pokazati iznimno korisnim, pogotovo ako Frankie de Jong napusti klub.<\/p>\n\n\n\n<p>izvor: index.hr<\/p>\n","protected":false},"excerpt":{"rendered":"<p>MIRALEM PJANI\u0106 mogao bi i nakon ovog ljeta ostati u Barceloni. Reprezentativac Bosne i Hercegovine odu\u0161evio je trenera Xavija svojom igrom i fizi\u010dkom spremom te sad i on i uprava kluba ozbiljno razmi\u0161ljaju da zadr\u017ee Pjani\u0107a u mom\u010dadi, pi\u0161e Mundo Deportivo.&nbsp; Veznjak Barcelone jo\u0161 uvijek mora pro\u0107i odre\u0111ene fizi\u010dke testove, no \u0161anse da ostane u [&hellip;]<\/p>\n","protected":false},"author":2,"featured_media":165975,"comment_status":"closed","ping_status":"closed","sticky":false,"template":"","format":"standard","meta":{"h5ap_radio_sources":[],"footnotes":""},"categories":[7],"tags":[],"class_list":["post-165974","post","type-post","status-publish","format-standard","has-post-thumbnail","hentry","category-sport"],"yoast_head":"<!-- This site is optimized with the Yoast SEO plugin v27.4 - https:\/\/yoast.com\/product\/yoast-seo-wordpress\/ -->\n<title>Mundo Deportivo: Pjani\u0107 je iznenadio Xavija - RADIO LJUBU\u0160KI<\/title>\n<meta name=\"robots\" content=\"index, follow, max-snippet:-1, max-image-preview:large, max-video-preview:-1\" \/>\n<link rel=\"canonical\" href=\"https:\/\/radioljubuski.ba\/index.php\/2022\/08\/03\/mundo-deportivo-pjanic-je-iznenadio-xavija\/\" \/>\n<meta property=\"og:locale\" content=\"hr_HR\" \/>\n<meta property=\"og:type\" content=\"article\" \/>\n<meta property=\"og:title\" content=\"Mundo Deportivo: Pjani\u0107 je iznenadio Xavija - RADIO LJUBU\u0160KI\" \/>\n<meta property=\"og:description\" content=\"MIRALEM PJANI\u0106 mogao bi i nakon ovog ljeta ostati u Barceloni. Reprezentativac Bosne i Hercegovine odu\u0161evio je trenera Xavija svojom igrom i fizi\u010dkom spremom te sad i on i uprava kluba ozbiljno razmi\u0161ljaju da zadr\u017ee Pjani\u0107a u mom\u010dadi, pi\u0161e Mundo Deportivo.&nbsp; Veznjak Barcelone jo\u0161 uvijek mora pro\u0107i odre\u0111ene fizi\u010dke testove, no \u0161anse da ostane u [&hellip;]\" \/>\n<meta property=\"og:url\" content=\"https:\/\/radioljubuski.ba\/index.php\/2022\/08\/03\/mundo-deportivo-pjanic-je-iznenadio-xavija\/\" \/>\n<meta property=\"og:site_name\" content=\"RADIO LJUBU\u0160KI\" \/>\n<meta property=\"article:publisher\" content=\"https:\/\/www.facebook.com\/Radiio-Ljubuski-1490835324566332\" \/>\n<meta property=\"article:published_time\" content=\"2022-08-03T07:32:03+00:00\" \/>\n<meta property=\"og:image\" content=\"https:\/\/radioljubuski.ba\/wp-content\/uploads\/2022\/08\/pjanic.jpg\" \/>\n\t<meta property=\"og:image:width\" content=\"306\" \/>\n\t<meta property=\"og:image:height\" content=\"165\" \/>\n\t<meta property=\"og:image:type\" content=\"image\/jpeg\" \/>\n<meta name=\"author\" content=\"Radio Ljubu\u0161ki\" \/>\n<meta name=\"twitter:card\" content=\"summary_large_image\" \/>\n<meta name=\"twitter:creator\" content=\"@radioljubuski\" \/>\n<meta name=\"twitter:site\" content=\"@radioljubuski\" \/>\n<meta name=\"twitter:label1\" content=\"Napisao\/la\" \/>\n\t<meta name=\"twitter:data1\" content=\"Radio Ljubu\u0161ki\" \/>\n\t<meta name=\"twitter:label2\" content=\"Procijenjeno vrijeme \u010ditanja\" \/>\n\t<meta name=\"twitter:data2\" content=\"2 minute\" \/>\n<script type=\"application\/ld+json\" class=\"yoast-schema-graph\">{\"@context\":\"https:\\\/\\\/schema.org\",\"@graph\":[{\"@type\":\"Article\",\"@id\":\"https:\\\/\\\/radioljubuski.ba\\\/index.php\\\/2022\\\/08\\\/03\\\/mundo-deportivo-pjanic-je-iznenadio-xavija\\\/#article\",\"isPartOf\":{\"@id\":\"https:\\\/\\\/radioljubuski.ba\\\/index.php\\\/2022\\\/08\\\/03\\\/mundo-deportivo-pjanic-je-iznenadio-xavija\\\/\"},\"author\":{\"name\":\"Radio Ljubu\u0161ki\",\"@id\":\"https:\\\/\\\/radioljubuski.ba\\\/#\\\/schema\\\/person\\\/19fc700381a780f69665d7956c469e3b\"},\"headline\":\"Mundo Deportivo: Pjani\u0107 je iznenadio Xavija\",\"datePublished\":\"2022-08-03T07:32:03+00:00\",\"mainEntityOfPage\":{\"@id\":\"https:\\\/\\\/radioljubuski.ba\\\/index.php\\\/2022\\\/08\\\/03\\\/mundo-deportivo-pjanic-je-iznenadio-xavija\\\/\"},\"wordCount\":276,\"publisher\":{\"@id\":\"https:\\\/\\\/radioljubuski.ba\\\/#organization\"},\"image\":{\"@id\":\"https:\\\/\\\/radioljubuski.ba\\\/index.php\\\/2022\\\/08\\\/03\\\/mundo-deportivo-pjanic-je-iznenadio-xavija\\\/#primaryimage\"},\"thumbnailUrl\":\"https:\\\/\\\/radioljubuski.ba\\\/wp-content\\\/uploads\\\/2022\\\/08\\\/pjanic.jpg\",\"articleSection\":[\"\u0160port\"],\"inLanguage\":\"hr\"},{\"@type\":\"WebPage\",\"@id\":\"https:\\\/\\\/radioljubuski.ba\\\/index.php\\\/2022\\\/08\\\/03\\\/mundo-deportivo-pjanic-je-iznenadio-xavija\\\/\",\"url\":\"https:\\\/\\\/radioljubuski.ba\\\/index.php\\\/2022\\\/08\\\/03\\\/mundo-deportivo-pjanic-je-iznenadio-xavija\\\/\",\"name\":\"Mundo Deportivo: Pjani\u0107 je iznenadio Xavija - RADIO LJUBU\u0160KI\",\"isPartOf\":{\"@id\":\"https:\\\/\\\/radioljubuski.ba\\\/#website\"},\"primaryImageOfPage\":{\"@id\":\"https:\\\/\\\/radioljubuski.ba\\\/index.php\\\/2022\\\/08\\\/03\\\/mundo-deportivo-pjanic-je-iznenadio-xavija\\\/#primaryimage\"},\"image\":{\"@id\":\"https:\\\/\\\/radioljubuski.ba\\\/index.php\\\/2022\\\/08\\\/03\\\/mundo-deportivo-pjanic-je-iznenadio-xavija\\\/#primaryimage\"},\"thumbnailUrl\":\"https:\\\/\\\/radioljubuski.ba\\\/wp-content\\\/uploads\\\/2022\\\/08\\\/pjanic.jpg\",\"datePublished\":\"2022-08-03T07:32:03+00:00\",\"breadcrumb\":{\"@id\":\"https:\\\/\\\/radioljubuski.ba\\\/index.php\\\/2022\\\/08\\\/03\\\/mundo-deportivo-pjanic-je-iznenadio-xavija\\\/#breadcrumb\"},\"inLanguage\":\"hr\",\"potentialAction\":[{\"@type\":\"ReadAction\",\"target\":[\"https:\\\/\\\/radioljubuski.ba\\\/index.php\\\/2022\\\/08\\\/03\\\/mundo-deportivo-pjanic-je-iznenadio-xavija\\\/\"]}]},{\"@type\":\"ImageObject\",\"inLanguage\":\"hr\",\"@id\":\"https:\\\/\\\/radioljubuski.ba\\\/index.php\\\/2022\\\/08\\\/03\\\/mundo-deportivo-pjanic-je-iznenadio-xavija\\\/#primaryimage\",\"url\":\"https:\\\/\\\/radioljubuski.ba\\\/wp-content\\\/uploads\\\/2022\\\/08\\\/pjanic.jpg\",\"contentUrl\":\"https:\\\/\\\/radioljubuski.ba\\\/wp-content\\\/uploads\\\/2022\\\/08\\\/pjanic.jpg\",\"width\":306,\"height\":165},{\"@type\":\"BreadcrumbList\",\"@id\":\"https:\\\/\\\/radioljubuski.ba\\\/index.php\\\/2022\\\/08\\\/03\\\/mundo-deportivo-pjanic-je-iznenadio-xavija\\\/#breadcrumb\",\"itemListElement\":[{\"@type\":\"ListItem\",\"position\":1,\"name\":\"Po\u010detna stranica\",\"item\":\"https:\\\/\\\/radioljubuski.ba\\\/\"},{\"@type\":\"ListItem\",\"position\":2,\"name\":\"Mundo Deportivo: Pjani\u0107 je iznenadio Xavija\"}]},{\"@type\":\"WebSite\",\"@id\":\"https:\\\/\\\/radioljubuski.ba\\\/#website\",\"url\":\"https:\\\/\\\/radioljubuski.ba\\\/\",\"name\":\"Radio Ljubu\u0161ki\",\"description\":\"Sun\u010dana frekvencija Hercegovine\",\"publisher\":{\"@id\":\"https:\\\/\\\/radioljubuski.ba\\\/#organization\"},\"potentialAction\":[{\"@type\":\"SearchAction\",\"target\":{\"@type\":\"EntryPoint\",\"urlTemplate\":\"https:\\\/\\\/radioljubuski.ba\\\/?s={search_term_string}\"},\"query-input\":{\"@type\":\"PropertyValueSpecification\",\"valueRequired\":true,\"valueName\":\"search_term_string\"}}],\"inLanguage\":\"hr\"},{\"@type\":\"Organization\",\"@id\":\"https:\\\/\\\/radioljubuski.ba\\\/#organization\",\"name\":\"Radio Ljubu\u0161ki\",\"url\":\"https:\\\/\\\/radioljubuski.ba\\\/\",\"logo\":{\"@type\":\"ImageObject\",\"inLanguage\":\"hr\",\"@id\":\"https:\\\/\\\/radioljubuski.ba\\\/#\\\/schema\\\/logo\\\/image\\\/\",\"url\":\"https:\\\/\\\/radioljubuski.ba\\\/wp-content\\\/uploads\\\/2021\\\/02\\\/cropped-Radio_Ljubuski_logo1.jpg\",\"contentUrl\":\"https:\\\/\\\/radioljubuski.ba\\\/wp-content\\\/uploads\\\/2021\\\/02\\\/cropped-Radio_Ljubuski_logo1.jpg\",\"width\":512,\"height\":512,\"caption\":\"Radio Ljubu\u0161ki\"},\"image\":{\"@id\":\"https:\\\/\\\/radioljubuski.ba\\\/#\\\/schema\\\/logo\\\/image\\\/\"},\"sameAs\":[\"https:\\\/\\\/www.facebook.com\\\/Radiio-Ljubuski-1490835324566332\",\"https:\\\/\\\/x.com\\\/radioljubuski\",\"https:\\\/\\\/hr.linkedin.com\\\/company\\\/radio-ljubuski\",\"https:\\\/\\\/www.youtube.com\\\/channel\\\/UCHYaeO_n0Db3tjNGudGpXyw\"]},{\"@type\":\"Person\",\"@id\":\"https:\\\/\\\/radioljubuski.ba\\\/#\\\/schema\\\/person\\\/19fc700381a780f69665d7956c469e3b\",\"name\":\"Radio Ljubu\u0161ki\"}]}<\/script>\n<!-- \/ Yoast SEO plugin. -->","yoast_head_json":{"title":"Mundo Deportivo: Pjani\u0107 je iznenadio Xavija - RADIO LJUBU\u0160KI","robots":{"index":"index","follow":"follow","max-snippet":"max-snippet:-1","max-image-preview":"max-image-preview:large","max-video-preview":"max-video-preview:-1"},"canonical":"https:\/\/radioljubuski.ba\/index.php\/2022\/08\/03\/mundo-deportivo-pjanic-je-iznenadio-xavija\/","og_locale":"hr_HR","og_type":"article","og_title":"Mundo Deportivo: Pjani\u0107 je iznenadio Xavija - RADIO LJUBU\u0160KI","og_description":"MIRALEM PJANI\u0106 mogao bi i nakon ovog ljeta ostati u Barceloni. Reprezentativac Bosne i Hercegovine odu\u0161evio je trenera Xavija svojom igrom i fizi\u010dkom spremom te sad i on i uprava kluba ozbiljno razmi\u0161ljaju da zadr\u017ee Pjani\u0107a u mom\u010dadi, pi\u0161e Mundo Deportivo.&nbsp; Veznjak Barcelone jo\u0161 uvijek mora pro\u0107i odre\u0111ene fizi\u010dke testove, no \u0161anse da ostane u [&hellip;]","og_url":"https:\/\/radioljubuski.ba\/index.php\/2022\/08\/03\/mundo-deportivo-pjanic-je-iznenadio-xavija\/","og_site_name":"RADIO LJUBU\u0160KI","article_publisher":"https:\/\/www.facebook.com\/Radiio-Ljubuski-1490835324566332","article_published_time":"2022-08-03T07:32:03+00:00","og_image":[{"width":306,"height":165,"url":"https:\/\/radioljubuski.ba\/wp-content\/uploads\/2022\/08\/pjanic.jpg","type":"image\/jpeg"}],"author":"Radio Ljubu\u0161ki","twitter_card":"summary_large_image","twitter_creator":"@radioljubuski","twitter_site":"@radioljubuski","twitter_misc":{"Napisao\/la":"Radio Ljubu\u0161ki","Procijenjeno vrijeme \u010ditanja":"2 minute"},"schema":{"@context":"https:\/\/schema.org","@graph":[{"@type":"Article","@id":"https:\/\/radioljubuski.ba\/index.php\/2022\/08\/03\/mundo-deportivo-pjanic-je-iznenadio-xavija\/#article","isPartOf":{"@id":"https:\/\/radioljubuski.ba\/index.php\/2022\/08\/03\/mundo-deportivo-pjanic-je-iznenadio-xavija\/"},"author":{"name":"Radio Ljubu\u0161ki","@id":"https:\/\/radioljubuski.ba\/#\/schema\/person\/19fc700381a780f69665d7956c469e3b"},"headline":"Mundo Deportivo: Pjani\u0107 je iznenadio Xavija","datePublished":"2022-08-03T07:32:03+00:00","mainEntityOfPage":{"@id":"https:\/\/radioljubuski.ba\/index.php\/2022\/08\/03\/mundo-deportivo-pjanic-je-iznenadio-xavija\/"},"wordCount":276,"publisher":{"@id":"https:\/\/radioljubuski.ba\/#organization"},"image":{"@id":"https:\/\/radioljubuski.ba\/index.php\/2022\/08\/03\/mundo-deportivo-pjanic-je-iznenadio-xavija\/#primaryimage"},"thumbnailUrl":"https:\/\/radioljubuski.ba\/wp-content\/uploads\/2022\/08\/pjanic.jpg","articleSection":["\u0160port"],"inLanguage":"hr"},{"@type":"WebPage","@id":"https:\/\/radioljubuski.ba\/index.php\/2022\/08\/03\/mundo-deportivo-pjanic-je-iznenadio-xavija\/","url":"https:\/\/radioljubuski.ba\/index.php\/2022\/08\/03\/mundo-deportivo-pjanic-je-iznenadio-xavija\/","name":"Mundo Deportivo: Pjani\u0107 je iznenadio Xavija - RADIO LJUBU\u0160KI","isPartOf":{"@id":"https:\/\/radioljubuski.ba\/#website"},"primaryImageOfPage":{"@id":"https:\/\/radioljubuski.ba\/index.php\/2022\/08\/03\/mundo-deportivo-pjanic-je-iznenadio-xavija\/#primaryimage"},"image":{"@id":"https:\/\/radioljubuski.ba\/index.php\/2022\/08\/03\/mundo-deportivo-pjanic-je-iznenadio-xavija\/#primaryimage"},"thumbnailUrl":"https:\/\/radioljubuski.ba\/wp-content\/uploads\/2022\/08\/pjanic.jpg","datePublished":"2022-08-03T07:32:03+00:00","breadcrumb":{"@id":"https:\/\/radioljubuski.ba\/index.php\/2022\/08\/03\/mundo-deportivo-pjanic-je-iznenadio-xavija\/#breadcrumb"},"inLanguage":"hr","potentialAction":[{"@type":"ReadAction","target":["https:\/\/radioljubuski.ba\/index.php\/2022\/08\/03\/mundo-deportivo-pjanic-je-iznenadio-xavija\/"]}]},{"@type":"ImageObject","inLanguage":"hr","@id":"https:\/\/radioljubuski.ba\/index.php\/2022\/08\/03\/mundo-deportivo-pjanic-je-iznenadio-xavija\/#primaryimage","url":"https:\/\/radioljubuski.ba\/wp-content\/uploads\/2022\/08\/pjanic.jpg","contentUrl":"https:\/\/radioljubuski.ba\/wp-content\/uploads\/2022\/08\/pjanic.jpg","width":306,"height":165},{"@type":"BreadcrumbList","@id":"https:\/\/radioljubuski.ba\/index.php\/2022\/08\/03\/mundo-deportivo-pjanic-je-iznenadio-xavija\/#breadcrumb","itemListElement":[{"@type":"ListItem","position":1,"name":"Po\u010detna stranica","item":"https:\/\/radioljubuski.ba\/"},{"@type":"ListItem","position":2,"name":"Mundo Deportivo: Pjani\u0107 je iznenadio Xavija"}]},{"@type":"WebSite","@id":"https:\/\/radioljubuski.ba\/#website","url":"https:\/\/radioljubuski.ba\/","name":"Radio Ljubu\u0161ki","description":"Sun\u010dana frekvencija Hercegovine","publisher":{"@id":"https:\/\/radioljubuski.ba\/#organization"},"potentialAction":[{"@type":"SearchAction","target":{"@type":"EntryPoint","urlTemplate":"https:\/\/radioljubuski.ba\/?s={search_term_string}"},"query-input":{"@type":"PropertyValueSpecification","valueRequired":true,"valueName":"search_term_string"}}],"inLanguage":"hr"},{"@type":"Organization","@id":"https:\/\/radioljubuski.ba\/#organization","name":"Radio Ljubu\u0161ki","url":"https:\/\/radioljubuski.ba\/","logo":{"@type":"ImageObject","inLanguage":"hr","@id":"https:\/\/radioljubuski.ba\/#\/schema\/logo\/image\/","url":"https:\/\/radioljubuski.ba\/wp-content\/uploads\/2021\/02\/cropped-Radio_Ljubuski_logo1.jpg","contentUrl":"https:\/\/radioljubuski.ba\/wp-content\/uploads\/2021\/02\/cropped-Radio_Ljubuski_logo1.jpg","width":512,"height":512,"caption":"Radio Ljubu\u0161ki"},"image":{"@id":"https:\/\/radioljubuski.ba\/#\/schema\/logo\/image\/"},"sameAs":["https:\/\/www.facebook.com\/Radiio-Ljubuski-1490835324566332","https:\/\/x.com\/radioljubuski","https:\/\/hr.linkedin.com\/company\/radio-ljubuski","https:\/\/www.youtube.com\/channel\/UCHYaeO_n0Db3tjNGudGpXyw"]},{"@type":"Person","@id":"https:\/\/radioljubuski.ba\/#\/schema\/person\/19fc700381a780f69665d7956c469e3b","name":"Radio Ljubu\u0161ki"}]}},"_links":{"self":[{"href":"https:\/\/radioljubuski.ba\/index.php\/wp-json\/wp\/v2\/posts\/165974","targetHints":{"allow":["GET"]}}],"collection":[{"href":"https:\/\/radioljubuski.ba\/index.php\/wp-json\/wp\/v2\/posts"}],"about":[{"href":"https:\/\/radioljubuski.ba\/index.php\/wp-json\/wp\/v2\/types\/post"}],"author":[{"embeddable":true,"href":"https:\/\/radioljubuski.ba\/index.php\/wp-json\/wp\/v2\/users\/2"}],"replies":[{"embeddable":true,"href":"https:\/\/radioljubuski.ba\/index.php\/wp-json\/wp\/v2\/comments?post=165974"}],"version-history":[{"count":1,"href":"https:\/\/radioljubuski.ba\/index.php\/wp-json\/wp\/v2\/posts\/165974\/revisions"}],"predecessor-version":[{"id":165976,"href":"https:\/\/radioljubuski.ba\/index.php\/wp-json\/wp\/v2\/posts\/165974\/revisions\/165976"}],"wp:featuredmedia":[{"embeddable":true,"href":"https:\/\/radioljubuski.ba\/index.php\/wp-json\/wp\/v2\/media\/165975"}],"wp:attachment":[{"href":"https:\/\/radioljubuski.ba\/index.php\/wp-json\/wp\/v2\/media?parent=165974"}],"wp:term":[{"taxonomy":"category","embeddable":true,"href":"https:\/\/radioljubuski.ba\/index.php\/wp-json\/wp\/v2\/categories?post=165974"},{"taxonomy":"post_tag","embeddable":true,"href":"https:\/\/radioljubuski.ba\/index.php\/wp-json\/wp\/v2\/tags?post=165974"}],"curies":[{"name":"wp","href":"https:\/\/api.w.org\/{rel}","templated":true}]}}