{"id":165993,"date":"2022-08-03T09:06:23","date_gmt":"2022-08-03T08:06:23","guid":{"rendered":"https:\/\/radioljubuski.ba\/?p=165993"},"modified":"2022-08-03T09:06:24","modified_gmt":"2022-08-03T08:06:24","slug":"objavljena-zajednicka-kandidatura-za-sp-2030-za-100-obljetnicu-zele-finale-ondje-gdje-je-sve-pocelo","status":"publish","type":"post","link":"https:\/\/radioljubuski.ba\/index.php\/2022\/08\/03\/objavljena-zajednicka-kandidatura-za-sp-2030-za-100-obljetnicu-zele-finale-ondje-gdje-je-sve-pocelo\/","title":{"rendered":"Objavljena zajedni\u010dka kandidatura za SP 2030., Za 100. obljetnicu \u017eele finale ondje gdje je sve po\u010delo"},"content":{"rendered":"\n<p><strong>Urugvaj<\/strong>,&nbsp;<strong>Argentina<\/strong>,&nbsp;<strong>\u010cile&nbsp;<\/strong>i&nbsp;<strong>Paragvaj&nbsp;<\/strong>u utorak su formalizirali svoju zajedni\u010dku kandidaturu za doma\u0107instvo&nbsp;<strong>Svjetskog nogometnog prvenstva 2030<\/strong>.&nbsp;<strong>godine&nbsp;<\/strong>kada \u0107e se obilje\u017eiti 100-godi\u0161njica prvog izdanja tog natjecanja.<\/p>\n\n\n\n<p>&#8220;Ovo nije vladin projekt, ovo je san na\u0161eg \u010ditavog kontinenta. Nalazimo se na kultnom mjestu gdje je sve po\u010delo. Bit \u0107e jo\u0161 svjetskih prvenstava, ali 100. godi\u0161njica \u0107e se slaviti samo jednom&#8221;, izjavio je predsjednik&nbsp;<strong>Ju\u017enoameri\u010dke nogometne konfederacije (CONMEBOL) Alejandro Dominguez<\/strong>&nbsp;na stadionu&nbsp;<strong>Centenario&nbsp;<\/strong>u Montevideu okru\u017een predsjednicima saveza sve \u010detiri zemlje kandidata.<\/p>\n\n\n\n<p>Upravo je Urugvaj bio doma\u0107in prvog svjetskog prvenstva 1930. godine, a za tu je prigodu i izgra\u0111en stadion Centenario. U finalu je doma\u0107in svladao Argentinu sa 4-2.<\/p>\n\n\n\n<p>&#8220;Moramo napraviti odr\u017eivo Svjetsko prvenstvo koje \u0107e zemljama doma\u0107inima ostaviti naslje\u0111e&#8221;, dodao je urugvajski ministar sporta&nbsp;<strong>Sebastian<\/strong>&nbsp;<strong>Bauza<\/strong>.<\/p>\n\n\n\n<p>\u010cetiri ju\u017enoameri\u010dke dr\u017eave planiraju odr\u017eati SP na 14 stadiona na kojemu bi sudjelovalo 48 reprezentacija.<\/p>\n\n\n\n<p>Ovogodi\u0161nje&nbsp;<strong>SP u Kataru<\/strong>, koje \u0107e se odr\u017eati od 21. studenoga do 18. prosinca, bit \u0107e posljednje sa 32 zemlje sudionice, dok \u0107e ve\u0107 na sljede\u0107em koje \u0107e se za \u010detiri godine odr\u017eati u SAD-u Meksiku i Kanadi biti 48 zemalja sudionica.<\/p>\n\n\n\n<p>&#8220;S tolikim brojem zemalja sudionica bit je jako te\u0161ko jednoj zemlji organizirati SP. Zajedni\u010dka organizacija uvelike smanjuje tro\u0161kove&#8221;, smatra Dominguez.<\/p>\n\n\n\n<p>Ukoliko bi Urugvaj, Argentina, \u010cile i Paragvaj dobili organizaciju SP-a, to bi bilo \u0161esto SP u Ju\u017enoj Americi, a tri od \u010detiri zemlje kandidata ve\u0107 su ugostile najbolje nogometa\u0161e svijeta &#8211; Urugvaj 1930., \u010cile 1962. i Argentina 1978. Usto je jo\u0161&nbsp;<strong>Brazil&nbsp;<\/strong>dva puta bio doma\u0107in (1950, 2014).<\/p>\n\n\n\n<p>Osim ove zajedni\u010dke kandidature \u010detiri ju\u017enoameri\u010dke dr\u017eave, doma\u0107instvo SP-a 2030. \u017eeljeli bi dobiti i&nbsp;<strong>\u0160panjolska&nbsp;<\/strong>i&nbsp;<strong>Portugal<\/strong>, a spominje se i mogu\u0107a zajedni\u010dka kandidatura&nbsp;<strong>Izraela<\/strong>,&nbsp;<strong>Bahreina<\/strong>&nbsp;i&nbsp;<strong>UAE-a<\/strong>.<\/p>\n\n\n\n<p>Me\u0111unarodni nogometni savez (<strong>FIFA<\/strong>) odluku o doma\u0107instvu SP-a 2030. donijet \u0107e 2024. godine.<\/p>\n\n\n\n<p>izvor: sportske novosti.hr<\/p>\n","protected":false},"excerpt":{"rendered":"<p>Urugvaj,&nbsp;Argentina,&nbsp;\u010cile&nbsp;i&nbsp;Paragvaj&nbsp;u utorak su formalizirali svoju zajedni\u010dku kandidaturu za doma\u0107instvo&nbsp;Svjetskog nogometnog prvenstva 2030.&nbsp;godine&nbsp;kada \u0107e se obilje\u017eiti 100-godi\u0161njica prvog izdanja tog natjecanja. &#8220;Ovo nije vladin projekt, ovo je san na\u0161eg \u010ditavog kontinenta. Nalazimo se na kultnom mjestu gdje je sve po\u010delo. Bit \u0107e jo\u0161 svjetskih prvenstava, ali 100. godi\u0161njica \u0107e se slaviti samo jednom&#8221;, izjavio je predsjednik&nbsp;Ju\u017enoameri\u010dke [&hellip;]<\/p>\n","protected":false},"author":2,"featured_media":165994,"comment_status":"closed","ping_status":"closed","sticky":false,"template":"","format":"standard","meta":{"h5ap_radio_sources":[],"footnotes":""},"categories":[7],"tags":[],"class_list":["post-165993","post","type-post","status-publish","format-standard","has-post-thumbnail","hentry","category-sport"],"yoast_head":"<!-- This site is optimized with the Yoast SEO plugin v27.4 - https:\/\/yoast.com\/product\/yoast-seo-wordpress\/ -->\n<title>Objavljena zajedni\u010dka kandidatura za SP 2030., Za 100. obljetnicu \u017eele finale ondje gdje je sve po\u010delo - RADIO LJUBU\u0160KI<\/title>\n<meta name=\"robots\" content=\"index, follow, max-snippet:-1, max-image-preview:large, max-video-preview:-1\" \/>\n<link rel=\"canonical\" href=\"https:\/\/radioljubuski.ba\/index.php\/2022\/08\/03\/objavljena-zajednicka-kandidatura-za-sp-2030-za-100-obljetnicu-zele-finale-ondje-gdje-je-sve-pocelo\/\" \/>\n<meta property=\"og:locale\" content=\"hr_HR\" \/>\n<meta property=\"og:type\" content=\"article\" \/>\n<meta property=\"og:title\" content=\"Objavljena zajedni\u010dka kandidatura za SP 2030., Za 100. obljetnicu \u017eele finale ondje gdje je sve po\u010delo - RADIO LJUBU\u0160KI\" \/>\n<meta property=\"og:description\" content=\"Urugvaj,&nbsp;Argentina,&nbsp;\u010cile&nbsp;i&nbsp;Paragvaj&nbsp;u utorak su formalizirali svoju zajedni\u010dku kandidaturu za doma\u0107instvo&nbsp;Svjetskog nogometnog prvenstva 2030.&nbsp;godine&nbsp;kada \u0107e se obilje\u017eiti 100-godi\u0161njica prvog izdanja tog natjecanja. &#8220;Ovo nije vladin projekt, ovo je san na\u0161eg \u010ditavog kontinenta. Nalazimo se na kultnom mjestu gdje je sve po\u010delo. Bit \u0107e jo\u0161 svjetskih prvenstava, ali 100. godi\u0161njica \u0107e se slaviti samo jednom&#8221;, izjavio je predsjednik&nbsp;Ju\u017enoameri\u010dke [&hellip;]\" \/>\n<meta property=\"og:url\" content=\"https:\/\/radioljubuski.ba\/index.php\/2022\/08\/03\/objavljena-zajednicka-kandidatura-za-sp-2030-za-100-obljetnicu-zele-finale-ondje-gdje-je-sve-pocelo\/\" \/>\n<meta property=\"og:site_name\" content=\"RADIO LJUBU\u0160KI\" \/>\n<meta property=\"article:publisher\" content=\"https:\/\/www.facebook.com\/Radiio-Ljubuski-1490835324566332\" \/>\n<meta property=\"article:published_time\" content=\"2022-08-03T08:06:23+00:00\" \/>\n<meta property=\"article:modified_time\" content=\"2022-08-03T08:06:24+00:00\" \/>\n<meta property=\"og:image\" content=\"https:\/\/radioljubuski.ba\/wp-content\/uploads\/2022\/08\/sp.jpg\" \/>\n\t<meta property=\"og:image:width\" content=\"225\" \/>\n\t<meta property=\"og:image:height\" content=\"225\" \/>\n\t<meta property=\"og:image:type\" content=\"image\/jpeg\" \/>\n<meta name=\"author\" content=\"Radio Ljubu\u0161ki\" \/>\n<meta name=\"twitter:card\" content=\"summary_large_image\" \/>\n<meta name=\"twitter:creator\" content=\"@radioljubuski\" \/>\n<meta name=\"twitter:site\" content=\"@radioljubuski\" \/>\n<meta name=\"twitter:label1\" content=\"Napisao\/la\" \/>\n\t<meta name=\"twitter:data1\" content=\"Radio Ljubu\u0161ki\" \/>\n\t<meta name=\"twitter:label2\" content=\"Procijenjeno vrijeme \u010ditanja\" \/>\n\t<meta name=\"twitter:data2\" content=\"2 minute\" \/>\n<script type=\"application\/ld+json\" class=\"yoast-schema-graph\">{\"@context\":\"https:\\\/\\\/schema.org\",\"@graph\":[{\"@type\":\"Article\",\"@id\":\"https:\\\/\\\/radioljubuski.ba\\\/index.php\\\/2022\\\/08\\\/03\\\/objavljena-zajednicka-kandidatura-za-sp-2030-za-100-obljetnicu-zele-finale-ondje-gdje-je-sve-pocelo\\\/#article\",\"isPartOf\":{\"@id\":\"https:\\\/\\\/radioljubuski.ba\\\/index.php\\\/2022\\\/08\\\/03\\\/objavljena-zajednicka-kandidatura-za-sp-2030-za-100-obljetnicu-zele-finale-ondje-gdje-je-sve-pocelo\\\/\"},\"author\":{\"name\":\"Radio Ljubu\u0161ki\",\"@id\":\"https:\\\/\\\/radioljubuski.ba\\\/#\\\/schema\\\/person\\\/19fc700381a780f69665d7956c469e3b\"},\"headline\":\"Objavljena zajedni\u010dka kandidatura za SP 2030., Za 100. obljetnicu \u017eele finale ondje gdje je sve po\u010delo\",\"datePublished\":\"2022-08-03T08:06:23+00:00\",\"dateModified\":\"2022-08-03T08:06:24+00:00\",\"mainEntityOfPage\":{\"@id\":\"https:\\\/\\\/radioljubuski.ba\\\/index.php\\\/2022\\\/08\\\/03\\\/objavljena-zajednicka-kandidatura-za-sp-2030-za-100-obljetnicu-zele-finale-ondje-gdje-je-sve-pocelo\\\/\"},\"wordCount\":358,\"publisher\":{\"@id\":\"https:\\\/\\\/radioljubuski.ba\\\/#organization\"},\"image\":{\"@id\":\"https:\\\/\\\/radioljubuski.ba\\\/index.php\\\/2022\\\/08\\\/03\\\/objavljena-zajednicka-kandidatura-za-sp-2030-za-100-obljetnicu-zele-finale-ondje-gdje-je-sve-pocelo\\\/#primaryimage\"},\"thumbnailUrl\":\"https:\\\/\\\/radioljubuski.ba\\\/wp-content\\\/uploads\\\/2022\\\/08\\\/sp.jpg\",\"articleSection\":[\"\u0160port\"],\"inLanguage\":\"hr\"},{\"@type\":\"WebPage\",\"@id\":\"https:\\\/\\\/radioljubuski.ba\\\/index.php\\\/2022\\\/08\\\/03\\\/objavljena-zajednicka-kandidatura-za-sp-2030-za-100-obljetnicu-zele-finale-ondje-gdje-je-sve-pocelo\\\/\",\"url\":\"https:\\\/\\\/radioljubuski.ba\\\/index.php\\\/2022\\\/08\\\/03\\\/objavljena-zajednicka-kandidatura-za-sp-2030-za-100-obljetnicu-zele-finale-ondje-gdje-je-sve-pocelo\\\/\",\"name\":\"Objavljena zajedni\u010dka kandidatura za SP 2030., Za 100. obljetnicu \u017eele finale ondje gdje je sve po\u010delo - RADIO LJUBU\u0160KI\",\"isPartOf\":{\"@id\":\"https:\\\/\\\/radioljubuski.ba\\\/#website\"},\"primaryImageOfPage\":{\"@id\":\"https:\\\/\\\/radioljubuski.ba\\\/index.php\\\/2022\\\/08\\\/03\\\/objavljena-zajednicka-kandidatura-za-sp-2030-za-100-obljetnicu-zele-finale-ondje-gdje-je-sve-pocelo\\\/#primaryimage\"},\"image\":{\"@id\":\"https:\\\/\\\/radioljubuski.ba\\\/index.php\\\/2022\\\/08\\\/03\\\/objavljena-zajednicka-kandidatura-za-sp-2030-za-100-obljetnicu-zele-finale-ondje-gdje-je-sve-pocelo\\\/#primaryimage\"},\"thumbnailUrl\":\"https:\\\/\\\/radioljubuski.ba\\\/wp-content\\\/uploads\\\/2022\\\/08\\\/sp.jpg\",\"datePublished\":\"2022-08-03T08:06:23+00:00\",\"dateModified\":\"2022-08-03T08:06:24+00:00\",\"breadcrumb\":{\"@id\":\"https:\\\/\\\/radioljubuski.ba\\\/index.php\\\/2022\\\/08\\\/03\\\/objavljena-zajednicka-kandidatura-za-sp-2030-za-100-obljetnicu-zele-finale-ondje-gdje-je-sve-pocelo\\\/#breadcrumb\"},\"inLanguage\":\"hr\",\"potentialAction\":[{\"@type\":\"ReadAction\",\"target\":[\"https:\\\/\\\/radioljubuski.ba\\\/index.php\\\/2022\\\/08\\\/03\\\/objavljena-zajednicka-kandidatura-za-sp-2030-za-100-obljetnicu-zele-finale-ondje-gdje-je-sve-pocelo\\\/\"]}]},{\"@type\":\"ImageObject\",\"inLanguage\":\"hr\",\"@id\":\"https:\\\/\\\/radioljubuski.ba\\\/index.php\\\/2022\\\/08\\\/03\\\/objavljena-zajednicka-kandidatura-za-sp-2030-za-100-obljetnicu-zele-finale-ondje-gdje-je-sve-pocelo\\\/#primaryimage\",\"url\":\"https:\\\/\\\/radioljubuski.ba\\\/wp-content\\\/uploads\\\/2022\\\/08\\\/sp.jpg\",\"contentUrl\":\"https:\\\/\\\/radioljubuski.ba\\\/wp-content\\\/uploads\\\/2022\\\/08\\\/sp.jpg\",\"width\":225,\"height\":225},{\"@type\":\"BreadcrumbList\",\"@id\":\"https:\\\/\\\/radioljubuski.ba\\\/index.php\\\/2022\\\/08\\\/03\\\/objavljena-zajednicka-kandidatura-za-sp-2030-za-100-obljetnicu-zele-finale-ondje-gdje-je-sve-pocelo\\\/#breadcrumb\",\"itemListElement\":[{\"@type\":\"ListItem\",\"position\":1,\"name\":\"Po\u010detna stranica\",\"item\":\"https:\\\/\\\/radioljubuski.ba\\\/\"},{\"@type\":\"ListItem\",\"position\":2,\"name\":\"Objavljena zajedni\u010dka kandidatura za SP 2030., Za 100. obljetnicu \u017eele finale ondje gdje je sve po\u010delo\"}]},{\"@type\":\"WebSite\",\"@id\":\"https:\\\/\\\/radioljubuski.ba\\\/#website\",\"url\":\"https:\\\/\\\/radioljubuski.ba\\\/\",\"name\":\"Radio Ljubu\u0161ki\",\"description\":\"Sun\u010dana frekvencija Hercegovine\",\"publisher\":{\"@id\":\"https:\\\/\\\/radioljubuski.ba\\\/#organization\"},\"potentialAction\":[{\"@type\":\"SearchAction\",\"target\":{\"@type\":\"EntryPoint\",\"urlTemplate\":\"https:\\\/\\\/radioljubuski.ba\\\/?s={search_term_string}\"},\"query-input\":{\"@type\":\"PropertyValueSpecification\",\"valueRequired\":true,\"valueName\":\"search_term_string\"}}],\"inLanguage\":\"hr\"},{\"@type\":\"Organization\",\"@id\":\"https:\\\/\\\/radioljubuski.ba\\\/#organization\",\"name\":\"Radio Ljubu\u0161ki\",\"url\":\"https:\\\/\\\/radioljubuski.ba\\\/\",\"logo\":{\"@type\":\"ImageObject\",\"inLanguage\":\"hr\",\"@id\":\"https:\\\/\\\/radioljubuski.ba\\\/#\\\/schema\\\/logo\\\/image\\\/\",\"url\":\"https:\\\/\\\/radioljubuski.ba\\\/wp-content\\\/uploads\\\/2021\\\/02\\\/cropped-Radio_Ljubuski_logo1.jpg\",\"contentUrl\":\"https:\\\/\\\/radioljubuski.ba\\\/wp-content\\\/uploads\\\/2021\\\/02\\\/cropped-Radio_Ljubuski_logo1.jpg\",\"width\":512,\"height\":512,\"caption\":\"Radio Ljubu\u0161ki\"},\"image\":{\"@id\":\"https:\\\/\\\/radioljubuski.ba\\\/#\\\/schema\\\/logo\\\/image\\\/\"},\"sameAs\":[\"https:\\\/\\\/www.facebook.com\\\/Radiio-Ljubuski-1490835324566332\",\"https:\\\/\\\/x.com\\\/radioljubuski\",\"https:\\\/\\\/hr.linkedin.com\\\/company\\\/radio-ljubuski\",\"https:\\\/\\\/www.youtube.com\\\/channel\\\/UCHYaeO_n0Db3tjNGudGpXyw\"]},{\"@type\":\"Person\",\"@id\":\"https:\\\/\\\/radioljubuski.ba\\\/#\\\/schema\\\/person\\\/19fc700381a780f69665d7956c469e3b\",\"name\":\"Radio Ljubu\u0161ki\"}]}<\/script>\n<!-- \/ Yoast SEO plugin. -->","yoast_head_json":{"title":"Objavljena zajedni\u010dka kandidatura za SP 2030., Za 100. obljetnicu \u017eele finale ondje gdje je sve po\u010delo - RADIO LJUBU\u0160KI","robots":{"index":"index","follow":"follow","max-snippet":"max-snippet:-1","max-image-preview":"max-image-preview:large","max-video-preview":"max-video-preview:-1"},"canonical":"https:\/\/radioljubuski.ba\/index.php\/2022\/08\/03\/objavljena-zajednicka-kandidatura-za-sp-2030-za-100-obljetnicu-zele-finale-ondje-gdje-je-sve-pocelo\/","og_locale":"hr_HR","og_type":"article","og_title":"Objavljena zajedni\u010dka kandidatura za SP 2030., Za 100. obljetnicu \u017eele finale ondje gdje je sve po\u010delo - RADIO LJUBU\u0160KI","og_description":"Urugvaj,&nbsp;Argentina,&nbsp;\u010cile&nbsp;i&nbsp;Paragvaj&nbsp;u utorak su formalizirali svoju zajedni\u010dku kandidaturu za doma\u0107instvo&nbsp;Svjetskog nogometnog prvenstva 2030.&nbsp;godine&nbsp;kada \u0107e se obilje\u017eiti 100-godi\u0161njica prvog izdanja tog natjecanja. &#8220;Ovo nije vladin projekt, ovo je san na\u0161eg \u010ditavog kontinenta. Nalazimo se na kultnom mjestu gdje je sve po\u010delo. Bit \u0107e jo\u0161 svjetskih prvenstava, ali 100. godi\u0161njica \u0107e se slaviti samo jednom&#8221;, izjavio je predsjednik&nbsp;Ju\u017enoameri\u010dke [&hellip;]","og_url":"https:\/\/radioljubuski.ba\/index.php\/2022\/08\/03\/objavljena-zajednicka-kandidatura-za-sp-2030-za-100-obljetnicu-zele-finale-ondje-gdje-je-sve-pocelo\/","og_site_name":"RADIO LJUBU\u0160KI","article_publisher":"https:\/\/www.facebook.com\/Radiio-Ljubuski-1490835324566332","article_published_time":"2022-08-03T08:06:23+00:00","article_modified_time":"2022-08-03T08:06:24+00:00","og_image":[{"width":225,"height":225,"url":"https:\/\/radioljubuski.ba\/wp-content\/uploads\/2022\/08\/sp.jpg","type":"image\/jpeg"}],"author":"Radio Ljubu\u0161ki","twitter_card":"summary_large_image","twitter_creator":"@radioljubuski","twitter_site":"@radioljubuski","twitter_misc":{"Napisao\/la":"Radio Ljubu\u0161ki","Procijenjeno vrijeme \u010ditanja":"2 minute"},"schema":{"@context":"https:\/\/schema.org","@graph":[{"@type":"Article","@id":"https:\/\/radioljubuski.ba\/index.php\/2022\/08\/03\/objavljena-zajednicka-kandidatura-za-sp-2030-za-100-obljetnicu-zele-finale-ondje-gdje-je-sve-pocelo\/#article","isPartOf":{"@id":"https:\/\/radioljubuski.ba\/index.php\/2022\/08\/03\/objavljena-zajednicka-kandidatura-za-sp-2030-za-100-obljetnicu-zele-finale-ondje-gdje-je-sve-pocelo\/"},"author":{"name":"Radio Ljubu\u0161ki","@id":"https:\/\/radioljubuski.ba\/#\/schema\/person\/19fc700381a780f69665d7956c469e3b"},"headline":"Objavljena zajedni\u010dka kandidatura za SP 2030., Za 100. obljetnicu \u017eele finale ondje gdje je sve po\u010delo","datePublished":"2022-08-03T08:06:23+00:00","dateModified":"2022-08-03T08:06:24+00:00","mainEntityOfPage":{"@id":"https:\/\/radioljubuski.ba\/index.php\/2022\/08\/03\/objavljena-zajednicka-kandidatura-za-sp-2030-za-100-obljetnicu-zele-finale-ondje-gdje-je-sve-pocelo\/"},"wordCount":358,"publisher":{"@id":"https:\/\/radioljubuski.ba\/#organization"},"image":{"@id":"https:\/\/radioljubuski.ba\/index.php\/2022\/08\/03\/objavljena-zajednicka-kandidatura-za-sp-2030-za-100-obljetnicu-zele-finale-ondje-gdje-je-sve-pocelo\/#primaryimage"},"thumbnailUrl":"https:\/\/radioljubuski.ba\/wp-content\/uploads\/2022\/08\/sp.jpg","articleSection":["\u0160port"],"inLanguage":"hr"},{"@type":"WebPage","@id":"https:\/\/radioljubuski.ba\/index.php\/2022\/08\/03\/objavljena-zajednicka-kandidatura-za-sp-2030-za-100-obljetnicu-zele-finale-ondje-gdje-je-sve-pocelo\/","url":"https:\/\/radioljubuski.ba\/index.php\/2022\/08\/03\/objavljena-zajednicka-kandidatura-za-sp-2030-za-100-obljetnicu-zele-finale-ondje-gdje-je-sve-pocelo\/","name":"Objavljena zajedni\u010dka kandidatura za SP 2030., Za 100. obljetnicu \u017eele finale ondje gdje je sve po\u010delo - RADIO LJUBU\u0160KI","isPartOf":{"@id":"https:\/\/radioljubuski.ba\/#website"},"primaryImageOfPage":{"@id":"https:\/\/radioljubuski.ba\/index.php\/2022\/08\/03\/objavljena-zajednicka-kandidatura-za-sp-2030-za-100-obljetnicu-zele-finale-ondje-gdje-je-sve-pocelo\/#primaryimage"},"image":{"@id":"https:\/\/radioljubuski.ba\/index.php\/2022\/08\/03\/objavljena-zajednicka-kandidatura-za-sp-2030-za-100-obljetnicu-zele-finale-ondje-gdje-je-sve-pocelo\/#primaryimage"},"thumbnailUrl":"https:\/\/radioljubuski.ba\/wp-content\/uploads\/2022\/08\/sp.jpg","datePublished":"2022-08-03T08:06:23+00:00","dateModified":"2022-08-03T08:06:24+00:00","breadcrumb":{"@id":"https:\/\/radioljubuski.ba\/index.php\/2022\/08\/03\/objavljena-zajednicka-kandidatura-za-sp-2030-za-100-obljetnicu-zele-finale-ondje-gdje-je-sve-pocelo\/#breadcrumb"},"inLanguage":"hr","potentialAction":[{"@type":"ReadAction","target":["https:\/\/radioljubuski.ba\/index.php\/2022\/08\/03\/objavljena-zajednicka-kandidatura-za-sp-2030-za-100-obljetnicu-zele-finale-ondje-gdje-je-sve-pocelo\/"]}]},{"@type":"ImageObject","inLanguage":"hr","@id":"https:\/\/radioljubuski.ba\/index.php\/2022\/08\/03\/objavljena-zajednicka-kandidatura-za-sp-2030-za-100-obljetnicu-zele-finale-ondje-gdje-je-sve-pocelo\/#primaryimage","url":"https:\/\/radioljubuski.ba\/wp-content\/uploads\/2022\/08\/sp.jpg","contentUrl":"https:\/\/radioljubuski.ba\/wp-content\/uploads\/2022\/08\/sp.jpg","width":225,"height":225},{"@type":"BreadcrumbList","@id":"https:\/\/radioljubuski.ba\/index.php\/2022\/08\/03\/objavljena-zajednicka-kandidatura-za-sp-2030-za-100-obljetnicu-zele-finale-ondje-gdje-je-sve-pocelo\/#breadcrumb","itemListElement":[{"@type":"ListItem","position":1,"name":"Po\u010detna stranica","item":"https:\/\/radioljubuski.ba\/"},{"@type":"ListItem","position":2,"name":"Objavljena zajedni\u010dka kandidatura za SP 2030., Za 100. obljetnicu \u017eele finale ondje gdje je sve po\u010delo"}]},{"@type":"WebSite","@id":"https:\/\/radioljubuski.ba\/#website","url":"https:\/\/radioljubuski.ba\/","name":"Radio Ljubu\u0161ki","description":"Sun\u010dana frekvencija Hercegovine","publisher":{"@id":"https:\/\/radioljubuski.ba\/#organization"},"potentialAction":[{"@type":"SearchAction","target":{"@type":"EntryPoint","urlTemplate":"https:\/\/radioljubuski.ba\/?s={search_term_string}"},"query-input":{"@type":"PropertyValueSpecification","valueRequired":true,"valueName":"search_term_string"}}],"inLanguage":"hr"},{"@type":"Organization","@id":"https:\/\/radioljubuski.ba\/#organization","name":"Radio Ljubu\u0161ki","url":"https:\/\/radioljubuski.ba\/","logo":{"@type":"ImageObject","inLanguage":"hr","@id":"https:\/\/radioljubuski.ba\/#\/schema\/logo\/image\/","url":"https:\/\/radioljubuski.ba\/wp-content\/uploads\/2021\/02\/cropped-Radio_Ljubuski_logo1.jpg","contentUrl":"https:\/\/radioljubuski.ba\/wp-content\/uploads\/2021\/02\/cropped-Radio_Ljubuski_logo1.jpg","width":512,"height":512,"caption":"Radio Ljubu\u0161ki"},"image":{"@id":"https:\/\/radioljubuski.ba\/#\/schema\/logo\/image\/"},"sameAs":["https:\/\/www.facebook.com\/Radiio-Ljubuski-1490835324566332","https:\/\/x.com\/radioljubuski","https:\/\/hr.linkedin.com\/company\/radio-ljubuski","https:\/\/www.youtube.com\/channel\/UCHYaeO_n0Db3tjNGudGpXyw"]},{"@type":"Person","@id":"https:\/\/radioljubuski.ba\/#\/schema\/person\/19fc700381a780f69665d7956c469e3b","name":"Radio Ljubu\u0161ki"}]}},"_links":{"self":[{"href":"https:\/\/radioljubuski.ba\/index.php\/wp-json\/wp\/v2\/posts\/165993","targetHints":{"allow":["GET"]}}],"collection":[{"href":"https:\/\/radioljubuski.ba\/index.php\/wp-json\/wp\/v2\/posts"}],"about":[{"href":"https:\/\/radioljubuski.ba\/index.php\/wp-json\/wp\/v2\/types\/post"}],"author":[{"embeddable":true,"href":"https:\/\/radioljubuski.ba\/index.php\/wp-json\/wp\/v2\/users\/2"}],"replies":[{"embeddable":true,"href":"https:\/\/radioljubuski.ba\/index.php\/wp-json\/wp\/v2\/comments?post=165993"}],"version-history":[{"count":1,"href":"https:\/\/radioljubuski.ba\/index.php\/wp-json\/wp\/v2\/posts\/165993\/revisions"}],"predecessor-version":[{"id":165995,"href":"https:\/\/radioljubuski.ba\/index.php\/wp-json\/wp\/v2\/posts\/165993\/revisions\/165995"}],"wp:featuredmedia":[{"embeddable":true,"href":"https:\/\/radioljubuski.ba\/index.php\/wp-json\/wp\/v2\/media\/165994"}],"wp:attachment":[{"href":"https:\/\/radioljubuski.ba\/index.php\/wp-json\/wp\/v2\/media?parent=165993"}],"wp:term":[{"taxonomy":"category","embeddable":true,"href":"https:\/\/radioljubuski.ba\/index.php\/wp-json\/wp\/v2\/categories?post=165993"},{"taxonomy":"post_tag","embeddable":true,"href":"https:\/\/radioljubuski.ba\/index.php\/wp-json\/wp\/v2\/tags?post=165993"}],"curies":[{"name":"wp","href":"https:\/\/api.w.org\/{rel}","templated":true}]}}