{"id":165996,"date":"2022-08-03T09:15:50","date_gmt":"2022-08-03T08:15:50","guid":{"rendered":"https:\/\/radioljubuski.ba\/?p=165996"},"modified":"2022-08-03T09:15:51","modified_gmt":"2022-08-03T08:15:51","slug":"u-hrvatskoj-ce-slijedece-sezone-igrati-najstariji-i-najefikasniji-tandem-krila-u-ligi-prvaka","status":"publish","type":"post","link":"https:\/\/radioljubuski.ba\/index.php\/2022\/08\/03\/u-hrvatskoj-ce-slijedece-sezone-igrati-najstariji-i-najefikasniji-tandem-krila-u-ligi-prvaka\/","title":{"rendered":"U Hrvatskoj \u0107e slijede\u0107e sezone igrati najstariji i najefikasniji tandem krila u Ligi prvaka"},"content":{"rendered":"\n<p>Zagreb je pro\u0161li tjedan po\u010deo s pripremama za novu sezonu. Bilo je jako vru\u0107e, tradicionalno je prvi trening odra\u0111en u Grabi na stadionu Tre\u0161njevke preko puta Kutije \u0161ibica. Nisu do\u0161li&nbsp;<strong>\u017deljko Musa&nbsp;<\/strong>i&nbsp;<strong>Vuko Borozan<\/strong>. imali su koronu. No, dok je Musa iz izolacije iza\u0161ao u nedjelju te krenuo s mom\u010dadi put priprema na Vla\u0161i\u0107, Borozan je u Crnog Gori iz koje do srijede zbog zaraze ne\u0107e mo\u0107i iza\u0107i pa \u0107e se ostatku mom\u010dadi priklju\u010diti na Vla\u0161i\u0107u. Dok je mom\u010dad trenirala javio se iz Crne Gore i prvo pitanje je bilo \u201ckako je&nbsp;<strong>\u010cupi\u0107<\/strong>?\u201d. Na prvi trening nije do\u0161ao&nbsp;<strong>Milo\u0161 Kos<\/strong>. Razlog je jednostavan. Premda je klub dogovorio dolazak s mladim reprezentativcem Srbije, Zagreb i Kosov klub Izvi\u0111a\u010d se nisu dogovorili, jer je od\u0161teta koju tra\u017ee iz Ljubu\u0161kog prevelika i Zagreb u takvu utrku ne\u0107e u\u0107i ne promijeni li se ne\u0161to. \u010cekat \u0107e, ako treba, sljede\u0107u sezonu da Kos postane slobodan igra\u010d i da se pojavi u Kutiji \u0161ibica. Svi ostali koji su trebali, uz poja\u010danja predvo\u0111ena&nbsp;<strong>Timurom Dibirovim&nbsp;<\/strong>na vrijeme su se pojavili u Kutiji \u0161ibica.<\/p>\n\n\n\n<p>Zagreb \u0107e u sezonu u\u0107i s najstarijim tandemom krila u Ligi prvaka. Timuru Dibirovu je 39 godina, Ivanu \u010cupi\u0107u 36. No, ono klju\u010dno je da taj tandem zabija skoro 80 golova u Ligi prvaka, da je pro\u0161le sezone briljirao i da takav tandem predstavlja ogroman kapital za Zagreb, tim vi\u0161e jer iza le\u0111a imaju odli\u010dne pratitelje \u017eeljne dokazivanja &#8211;&nbsp;<strong>\u0106avara<\/strong>,&nbsp;<strong>Buvini\u0107a<\/strong>,&nbsp;<strong>Matanovi\u0107<\/strong>,&nbsp;<strong>Peri\u0107a&nbsp;<\/strong>i&nbsp;<strong>Kraljevi\u0107a<\/strong>. Reklo bi se da je Zagreb na krilima sjajno popunjen za novu sezonu od koje se puno o\u010dekuje.<\/p>\n\n\n\n<p>Timur Dibirov je u Zagreb stigao nekoliko dana prije po\u010detka priprema, obitelj je jo\u0161 u Skoplju, do\u0107i \u0107e nakon \u0161to se Zagreb vrati s priprema na Vla\u0161i\u0107u i dotad preseliti u stan. Dibirov je odli\u010dno raspolo\u017een, nema dojam da je u nekoj nepoznatoj sredini. Od prve je jasno da se odli\u010dno sna\u0161ao u novom dru\u0161tvu.<\/p>\n\n\n\n<p>&#8220;Nemam problema s godinama, jako se dobro osje\u0107am, zdrav sam i pun motiva za novi izazov. Iskreno, jedva sam \u010dekao da sve ovo po\u010dne, falilo mi je da se ne\u0161to doga\u0111a.&#8221;<\/p>\n\n\n\n<p>Nisu vas umorile godine za nove pripreme?<\/p>\n\n\n\n<p>&#8220;Ma ne, ja sam ina\u010de hiperaktivan, a ka\u017eem ako netko mo\u017ee vi\u0161e tr\u010dati ili \u0161to bolje raditi od mene, ja \u0107u se prvi maknuti. Nemam problema s tim. Naravno da mi je \u017eao da se s Vardarom dogodilo to \u0161to se dogodilo, ali ja sam profesionalac, morao sam prona\u0107i novi izazov i siguran sam da nisam pogrije\u0161io.&#8221;<\/p>\n\n\n\n<p>Optimizam je \u017ee\u0161\u0107e napao Zagreb?<\/p>\n\n\n\n<p>&#8220;S tim treba oprezno. Svi smo mi naravno optimisti, ali treba biti realan i gledati s kojih pozicija u sve idu\u0107e sezone ulazi Zagreb. Liga prvaka je jako izjedna\u010dena i svaki \u0107e bod trebati i te kako zaraditi. Zato je najva\u017enije da ne letimo, da se dobro pripremimo, kliknemo i da sve to bude kako svi \u017eelimo. Mislim da mogu pomo\u0107i u svemu tome&#8221;, zaklju\u010duje Timur Dibirov. A s druge strane napadat \u0107e Ivan \u010cupi\u0107, njegov nekada\u0161nji suigra\u010d iz Vardara, igra\u010d s kojim je osvojio \u010detiri SEHA naslova i dva naslova europskog prvaka. \u010cupi\u0107 je lani bio najefikasniji igra\u010d Zagreba u Ligi prvaka i ta \u010dinjenica sasvim dovoljno govori o tome \u0161to je donio s Musom i\u00a0<strong>Gojunom\u00a0<\/strong>toj mladoj mom\u010dadi.<\/p>\n\n\n\n<p>Odmor je bio dug&#8230;<\/p>\n\n\n\n<p>&#8220;Dovoljno dug. Odmorio sam se, zdrav sam i to je najva\u017enije. I zavr\u0161io je odmor s otvaranjem Pelje\u0161kog mosta, a kako sam ja u Repi\u0107u koji je odmah do iskoristili smo priliku i drugi dan se provozali. Stvarno sjajna stvar i super osje\u0107aj. Naje\u017eim se i sad. Ne, ne, nismo stajali i slikali se na sred mosta, djeca su bila s nama&#8221;, smije se uvijek raspolo\u017eeni \u010cupi\u0107.<\/p>\n\n\n\n<p>Koje su vam ovo pripreme?<\/p>\n\n\n\n<p>&#8220;A nemam pojma, uglavnom, da mislim da ne mogu ne bih bio tu, ne bih sam sebe mu\u010dio.&#8221;<\/p>\n\n\n\n<p>Optimizam je na visokoj razini, kao nikad posljednjih godina?<\/p>\n\n\n\n<p>&#8220;Treba biti pozitivan od prvog dana usprkos svemu. Evo korona nas ve\u0107 trese od po\u010detka. Sada se treba dobro spremiti, uigrati i od prvog dana biti top. A top je ve\u0107 Vojvodina koja je 17. kolovoza utakmica koja nam odlu\u010duje Final Four SEHA lige, a ta Vojvodina i te dvije utakmice na Final Fouru trebale bi biti vodilja za ulazak u sezonu koja \u0107e biti vrlo zahtjevna. Optimizam sam po sebi je super stvar, mi ga moramo u\u010diniti realnim. Imamo mi i turnire, ali turniri su uvijek drugo od utakmica poput one koja nas \u010deka s Vojvodinom.&#8221;<\/p>\n\n\n\n<p>Imate trojicu igra\u010da Vardara koji su u posljednje vrijeme osvojili europski naslov. Kako je to funkcioniralo u Vardaru? Koliko znamo Dibirov i vi ste imali liderske uloge u toj pri\u010di?<\/p>\n\n\n\n<p>&#8220;Timur je imao veliku minuta\u017eu, bio nositelj mom\u010dadi, najbolji strijelac kluba. Ima liderske crte u sebi i znam da je do\u0161ao jer \u017eeli mom\u010dad koja \u0107e igrati za rezultat. Bili smo na kavi, nagovarao sam ga da do\u0111e, znam \u0161to mo\u017ee donijeti i mom\u010dadi i klubu u svakom pogledu, jer cijeli svijet zna tko je Timur Dibirov. Ima kao i svaki drugi igra\u010d svojih boljih i lo\u0161ijih dana, ali uvijek zdrav, top spreman, ako ka\u017eem da je osam godina igrao bez zamjene onda sam skoro sve rekao. Ta liderska crta i njegova realizacija bit \u0107e nam najve\u0107i dobitak u svla\u010dionici. Svi se vode da nema starih, samo dobrih i lo\u0161ih, a brojke i karijere bolje govore same za sebe. Ali uvijek je svaki po\u010detak novi i tako mu treba pristupiti. U sportu nema opu\u0161tanja. Vuko Borozan je malo specifi\u010dan igra\u010d, ima crnogorsku crtu, ali po meni ako je u pravoj formi i danas me\u0111u 3-4 najbolja lijeva vanjska na svijetu. Kada je zdrav, kada je pravi, kada je sto posto unutra, on je top igra\u010d. Dosta sam razgovarao s njim kada je dolazio, znam da je u Katar i\u0161ao spletom okolnosti da napravi jedan reset u karijeri i sada je pun pozitive i naboja i bit \u0107e nam pravo poja\u010danje u dva pravaca. Mo\u017ee igrati i fino, mo\u017ee i o\u0161tro, tro\u0161i se do zadnjeg atoma snage.&#8221;<\/p>\n\n\n\n<p>Jo\u0161 s detaljem se dotaknuo starog Vardara.<\/p>\n\n\n\n<p>&#8220;Jedino smo Stoleta (<strong>Stojan\u010de Stoilov<\/strong>) ostavili u Vardaru, nekoga smo morali. Ali Stole je ikona Vardara, da on ode ne bi bilo dobro za klub.&#8221;<\/p>\n\n\n\n<p>Komentar na Vardar i izbacivanje iz Europe?<\/p>\n\n\n\n<p>&#8220;Krivo mi je, \u017eao mi je, Vardar je jako puno napravio za rukomet i nadam se da \u0107e se brzo vratiti. Vardar je moj drugi dom i to tako ostaje. Najvi\u0161e mi je \u017eao da ne\u0107u u Skoplje, ponovo igrati pred tim sjajnim navija\u010dima koji su nas nosili dugo godina. To vi\u0161e nije Vardar Sergeja Samsonjenka, ali je i dalje Vardar. Opet su neku mom\u010dad sklepali i prebrodit \u0107e to.&#8221;<\/p>\n\n\n\n<p>Tko je kriv za Vardar, \u010desto se spominje&nbsp;<strong>Samsonjenko<\/strong>?<\/p>\n\n\n\n<p>&#8220;Po meni je Sergej tu najmanje kriv. On jest imao problema po pitanju pla\u0107anja, ali mi smo to s njim izregulirali. On je na\u0161 veliki prijatelj, po\u0161ten i \u010dastan \u010dovjek koji je uvijek bio i ostao korektan. I kada se kasnilo i kada je bilo te\u0161ko, a bilo je takvih momenata, gurali smo zajedno zbog Vardara. Ali posljednje dvije godine se puno toga promijenilo. Klub je oti\u0161ao u druk\u010dijem smjeru, rade se stvari koje se ni meni nisu svi\u0111ale, zbog njih sam i oti\u0161ao u Zagreb. Dolaze igra\u010di na kratko, nakon pola godine odu i tra\u017ee svoje, a mi koji smo godinama bili tu nikad se nismo tako pona\u0161ali i odnosili. I nikad ne bismo tu\u017eili Vardar. Sergej je napravio i dvije Lige prvaka, i \u017eenski rukomet, i hotel, i dvoranu, sve to ostaje Vardaru zauvijek.&#8221;<\/p>\n\n\n\n<p>Mo\u017ee li se ponoviti takav Vardar na Balkanu?<\/p>\n\n\n\n<p>&#8220;Mogu\u0107e je, i drugi su imali probleme, pa su se dizali, ali igra\u010di moraju dati obol u svemu tome da to uspije. Kod nas te stvar puno vi\u0161e ovise i o politici i njenoj pomo\u0107i. Ka\u017eem, mogu\u0107e je, a sve ovisi o odlukama&#8221;, zaklju\u010dio je Ivan \u010cupi\u0107.<\/p>\n\n\n\n<p>izvor: sportske novosti.hr<\/p>\n","protected":false},"excerpt":{"rendered":"<p>Zagreb je pro\u0161li tjedan po\u010deo s pripremama za novu sezonu. Bilo je jako vru\u0107e, tradicionalno je prvi trening odra\u0111en u Grabi na stadionu Tre\u0161njevke preko puta Kutije \u0161ibica. Nisu do\u0161li&nbsp;\u017deljko Musa&nbsp;i&nbsp;Vuko Borozan. imali su koronu. No, dok je Musa iz izolacije iza\u0161ao u nedjelju te krenuo s mom\u010dadi put priprema na Vla\u0161i\u0107, Borozan je u [&hellip;]<\/p>\n","protected":false},"author":2,"featured_media":166004,"comment_status":"closed","ping_status":"closed","sticky":false,"template":"","format":"standard","meta":{"h5ap_radio_sources":[],"footnotes":""},"categories":[7],"tags":[],"class_list":["post-165996","post","type-post","status-publish","format-standard","has-post-thumbnail","hentry","category-sport"],"yoast_head":"<!-- This site is optimized with the Yoast SEO plugin v27.4 - https:\/\/yoast.com\/product\/yoast-seo-wordpress\/ -->\n<title>U Hrvatskoj \u0107e slijede\u0107e sezone igrati najstariji i najefikasniji tandem krila u Ligi prvaka - RADIO LJUBU\u0160KI<\/title>\n<meta name=\"robots\" content=\"index, follow, max-snippet:-1, max-image-preview:large, max-video-preview:-1\" \/>\n<link rel=\"canonical\" href=\"https:\/\/radioljubuski.ba\/index.php\/2022\/08\/03\/u-hrvatskoj-ce-slijedece-sezone-igrati-najstariji-i-najefikasniji-tandem-krila-u-ligi-prvaka\/\" \/>\n<meta property=\"og:locale\" content=\"hr_HR\" \/>\n<meta property=\"og:type\" content=\"article\" \/>\n<meta property=\"og:title\" content=\"U Hrvatskoj \u0107e slijede\u0107e sezone igrati najstariji i najefikasniji tandem krila u Ligi prvaka - RADIO LJUBU\u0160KI\" \/>\n<meta property=\"og:description\" content=\"Zagreb je pro\u0161li tjedan po\u010deo s pripremama za novu sezonu. Bilo je jako vru\u0107e, tradicionalno je prvi trening odra\u0111en u Grabi na stadionu Tre\u0161njevke preko puta Kutije \u0161ibica. Nisu do\u0161li&nbsp;\u017deljko Musa&nbsp;i&nbsp;Vuko Borozan. imali su koronu. No, dok je Musa iz izolacije iza\u0161ao u nedjelju te krenuo s mom\u010dadi put priprema na Vla\u0161i\u0107, Borozan je u [&hellip;]\" \/>\n<meta property=\"og:url\" content=\"https:\/\/radioljubuski.ba\/index.php\/2022\/08\/03\/u-hrvatskoj-ce-slijedece-sezone-igrati-najstariji-i-najefikasniji-tandem-krila-u-ligi-prvaka\/\" \/>\n<meta property=\"og:site_name\" content=\"RADIO LJUBU\u0160KI\" \/>\n<meta property=\"article:publisher\" content=\"https:\/\/www.facebook.com\/Radiio-Ljubuski-1490835324566332\" \/>\n<meta property=\"article:published_time\" content=\"2022-08-03T08:15:50+00:00\" \/>\n<meta property=\"article:modified_time\" content=\"2022-08-03T08:15:51+00:00\" \/>\n<meta property=\"og:image\" content=\"https:\/\/radioljubuski.ba\/wp-content\/uploads\/2022\/08\/cupko.jpg\" \/>\n\t<meta property=\"og:image:width\" content=\"275\" \/>\n\t<meta property=\"og:image:height\" content=\"183\" \/>\n\t<meta property=\"og:image:type\" content=\"image\/jpeg\" \/>\n<meta name=\"author\" content=\"Radio Ljubu\u0161ki\" \/>\n<meta name=\"twitter:card\" content=\"summary_large_image\" \/>\n<meta name=\"twitter:creator\" content=\"@radioljubuski\" \/>\n<meta name=\"twitter:site\" content=\"@radioljubuski\" \/>\n<meta name=\"twitter:label1\" content=\"Napisao\/la\" \/>\n\t<meta name=\"twitter:data1\" content=\"Radio Ljubu\u0161ki\" \/>\n\t<meta name=\"twitter:label2\" content=\"Procijenjeno vrijeme \u010ditanja\" \/>\n\t<meta name=\"twitter:data2\" content=\"6 minuta\" \/>\n<script type=\"application\/ld+json\" class=\"yoast-schema-graph\">{\"@context\":\"https:\\\/\\\/schema.org\",\"@graph\":[{\"@type\":\"Article\",\"@id\":\"https:\\\/\\\/radioljubuski.ba\\\/index.php\\\/2022\\\/08\\\/03\\\/u-hrvatskoj-ce-slijedece-sezone-igrati-najstariji-i-najefikasniji-tandem-krila-u-ligi-prvaka\\\/#article\",\"isPartOf\":{\"@id\":\"https:\\\/\\\/radioljubuski.ba\\\/index.php\\\/2022\\\/08\\\/03\\\/u-hrvatskoj-ce-slijedece-sezone-igrati-najstariji-i-najefikasniji-tandem-krila-u-ligi-prvaka\\\/\"},\"author\":{\"name\":\"Radio Ljubu\u0161ki\",\"@id\":\"https:\\\/\\\/radioljubuski.ba\\\/#\\\/schema\\\/person\\\/19fc700381a780f69665d7956c469e3b\"},\"headline\":\"U Hrvatskoj \u0107e slijede\u0107e sezone igrati najstariji i najefikasniji tandem krila u Ligi prvaka\",\"datePublished\":\"2022-08-03T08:15:50+00:00\",\"dateModified\":\"2022-08-03T08:15:51+00:00\",\"mainEntityOfPage\":{\"@id\":\"https:\\\/\\\/radioljubuski.ba\\\/index.php\\\/2022\\\/08\\\/03\\\/u-hrvatskoj-ce-slijedece-sezone-igrati-najstariji-i-najefikasniji-tandem-krila-u-ligi-prvaka\\\/\"},\"wordCount\":1457,\"publisher\":{\"@id\":\"https:\\\/\\\/radioljubuski.ba\\\/#organization\"},\"image\":{\"@id\":\"https:\\\/\\\/radioljubuski.ba\\\/index.php\\\/2022\\\/08\\\/03\\\/u-hrvatskoj-ce-slijedece-sezone-igrati-najstariji-i-najefikasniji-tandem-krila-u-ligi-prvaka\\\/#primaryimage\"},\"thumbnailUrl\":\"https:\\\/\\\/radioljubuski.ba\\\/wp-content\\\/uploads\\\/2022\\\/08\\\/cupko.jpg\",\"articleSection\":[\"\u0160port\"],\"inLanguage\":\"hr\"},{\"@type\":\"WebPage\",\"@id\":\"https:\\\/\\\/radioljubuski.ba\\\/index.php\\\/2022\\\/08\\\/03\\\/u-hrvatskoj-ce-slijedece-sezone-igrati-najstariji-i-najefikasniji-tandem-krila-u-ligi-prvaka\\\/\",\"url\":\"https:\\\/\\\/radioljubuski.ba\\\/index.php\\\/2022\\\/08\\\/03\\\/u-hrvatskoj-ce-slijedece-sezone-igrati-najstariji-i-najefikasniji-tandem-krila-u-ligi-prvaka\\\/\",\"name\":\"U Hrvatskoj \u0107e slijede\u0107e sezone igrati najstariji i najefikasniji tandem krila u Ligi prvaka - RADIO LJUBU\u0160KI\",\"isPartOf\":{\"@id\":\"https:\\\/\\\/radioljubuski.ba\\\/#website\"},\"primaryImageOfPage\":{\"@id\":\"https:\\\/\\\/radioljubuski.ba\\\/index.php\\\/2022\\\/08\\\/03\\\/u-hrvatskoj-ce-slijedece-sezone-igrati-najstariji-i-najefikasniji-tandem-krila-u-ligi-prvaka\\\/#primaryimage\"},\"image\":{\"@id\":\"https:\\\/\\\/radioljubuski.ba\\\/index.php\\\/2022\\\/08\\\/03\\\/u-hrvatskoj-ce-slijedece-sezone-igrati-najstariji-i-najefikasniji-tandem-krila-u-ligi-prvaka\\\/#primaryimage\"},\"thumbnailUrl\":\"https:\\\/\\\/radioljubuski.ba\\\/wp-content\\\/uploads\\\/2022\\\/08\\\/cupko.jpg\",\"datePublished\":\"2022-08-03T08:15:50+00:00\",\"dateModified\":\"2022-08-03T08:15:51+00:00\",\"breadcrumb\":{\"@id\":\"https:\\\/\\\/radioljubuski.ba\\\/index.php\\\/2022\\\/08\\\/03\\\/u-hrvatskoj-ce-slijedece-sezone-igrati-najstariji-i-najefikasniji-tandem-krila-u-ligi-prvaka\\\/#breadcrumb\"},\"inLanguage\":\"hr\",\"potentialAction\":[{\"@type\":\"ReadAction\",\"target\":[\"https:\\\/\\\/radioljubuski.ba\\\/index.php\\\/2022\\\/08\\\/03\\\/u-hrvatskoj-ce-slijedece-sezone-igrati-najstariji-i-najefikasniji-tandem-krila-u-ligi-prvaka\\\/\"]}]},{\"@type\":\"ImageObject\",\"inLanguage\":\"hr\",\"@id\":\"https:\\\/\\\/radioljubuski.ba\\\/index.php\\\/2022\\\/08\\\/03\\\/u-hrvatskoj-ce-slijedece-sezone-igrati-najstariji-i-najefikasniji-tandem-krila-u-ligi-prvaka\\\/#primaryimage\",\"url\":\"https:\\\/\\\/radioljubuski.ba\\\/wp-content\\\/uploads\\\/2022\\\/08\\\/cupko.jpg\",\"contentUrl\":\"https:\\\/\\\/radioljubuski.ba\\\/wp-content\\\/uploads\\\/2022\\\/08\\\/cupko.jpg\",\"width\":275,\"height\":183},{\"@type\":\"BreadcrumbList\",\"@id\":\"https:\\\/\\\/radioljubuski.ba\\\/index.php\\\/2022\\\/08\\\/03\\\/u-hrvatskoj-ce-slijedece-sezone-igrati-najstariji-i-najefikasniji-tandem-krila-u-ligi-prvaka\\\/#breadcrumb\",\"itemListElement\":[{\"@type\":\"ListItem\",\"position\":1,\"name\":\"Po\u010detna stranica\",\"item\":\"https:\\\/\\\/radioljubuski.ba\\\/\"},{\"@type\":\"ListItem\",\"position\":2,\"name\":\"U Hrvatskoj \u0107e slijede\u0107e sezone igrati najstariji i najefikasniji tandem krila u Ligi prvaka\"}]},{\"@type\":\"WebSite\",\"@id\":\"https:\\\/\\\/radioljubuski.ba\\\/#website\",\"url\":\"https:\\\/\\\/radioljubuski.ba\\\/\",\"name\":\"Radio Ljubu\u0161ki\",\"description\":\"Sun\u010dana frekvencija Hercegovine\",\"publisher\":{\"@id\":\"https:\\\/\\\/radioljubuski.ba\\\/#organization\"},\"potentialAction\":[{\"@type\":\"SearchAction\",\"target\":{\"@type\":\"EntryPoint\",\"urlTemplate\":\"https:\\\/\\\/radioljubuski.ba\\\/?s={search_term_string}\"},\"query-input\":{\"@type\":\"PropertyValueSpecification\",\"valueRequired\":true,\"valueName\":\"search_term_string\"}}],\"inLanguage\":\"hr\"},{\"@type\":\"Organization\",\"@id\":\"https:\\\/\\\/radioljubuski.ba\\\/#organization\",\"name\":\"Radio Ljubu\u0161ki\",\"url\":\"https:\\\/\\\/radioljubuski.ba\\\/\",\"logo\":{\"@type\":\"ImageObject\",\"inLanguage\":\"hr\",\"@id\":\"https:\\\/\\\/radioljubuski.ba\\\/#\\\/schema\\\/logo\\\/image\\\/\",\"url\":\"https:\\\/\\\/radioljubuski.ba\\\/wp-content\\\/uploads\\\/2021\\\/02\\\/cropped-Radio_Ljubuski_logo1.jpg\",\"contentUrl\":\"https:\\\/\\\/radioljubuski.ba\\\/wp-content\\\/uploads\\\/2021\\\/02\\\/cropped-Radio_Ljubuski_logo1.jpg\",\"width\":512,\"height\":512,\"caption\":\"Radio Ljubu\u0161ki\"},\"image\":{\"@id\":\"https:\\\/\\\/radioljubuski.ba\\\/#\\\/schema\\\/logo\\\/image\\\/\"},\"sameAs\":[\"https:\\\/\\\/www.facebook.com\\\/Radiio-Ljubuski-1490835324566332\",\"https:\\\/\\\/x.com\\\/radioljubuski\",\"https:\\\/\\\/hr.linkedin.com\\\/company\\\/radio-ljubuski\",\"https:\\\/\\\/www.youtube.com\\\/channel\\\/UCHYaeO_n0Db3tjNGudGpXyw\"]},{\"@type\":\"Person\",\"@id\":\"https:\\\/\\\/radioljubuski.ba\\\/#\\\/schema\\\/person\\\/19fc700381a780f69665d7956c469e3b\",\"name\":\"Radio Ljubu\u0161ki\"}]}<\/script>\n<!-- \/ Yoast SEO plugin. -->","yoast_head_json":{"title":"U Hrvatskoj \u0107e slijede\u0107e sezone igrati najstariji i najefikasniji tandem krila u Ligi prvaka - RADIO LJUBU\u0160KI","robots":{"index":"index","follow":"follow","max-snippet":"max-snippet:-1","max-image-preview":"max-image-preview:large","max-video-preview":"max-video-preview:-1"},"canonical":"https:\/\/radioljubuski.ba\/index.php\/2022\/08\/03\/u-hrvatskoj-ce-slijedece-sezone-igrati-najstariji-i-najefikasniji-tandem-krila-u-ligi-prvaka\/","og_locale":"hr_HR","og_type":"article","og_title":"U Hrvatskoj \u0107e slijede\u0107e sezone igrati najstariji i najefikasniji tandem krila u Ligi prvaka - RADIO LJUBU\u0160KI","og_description":"Zagreb je pro\u0161li tjedan po\u010deo s pripremama za novu sezonu. Bilo je jako vru\u0107e, tradicionalno je prvi trening odra\u0111en u Grabi na stadionu Tre\u0161njevke preko puta Kutije \u0161ibica. Nisu do\u0161li&nbsp;\u017deljko Musa&nbsp;i&nbsp;Vuko Borozan. imali su koronu. No, dok je Musa iz izolacije iza\u0161ao u nedjelju te krenuo s mom\u010dadi put priprema na Vla\u0161i\u0107, Borozan je u [&hellip;]","og_url":"https:\/\/radioljubuski.ba\/index.php\/2022\/08\/03\/u-hrvatskoj-ce-slijedece-sezone-igrati-najstariji-i-najefikasniji-tandem-krila-u-ligi-prvaka\/","og_site_name":"RADIO LJUBU\u0160KI","article_publisher":"https:\/\/www.facebook.com\/Radiio-Ljubuski-1490835324566332","article_published_time":"2022-08-03T08:15:50+00:00","article_modified_time":"2022-08-03T08:15:51+00:00","og_image":[{"width":275,"height":183,"url":"https:\/\/radioljubuski.ba\/wp-content\/uploads\/2022\/08\/cupko.jpg","type":"image\/jpeg"}],"author":"Radio Ljubu\u0161ki","twitter_card":"summary_large_image","twitter_creator":"@radioljubuski","twitter_site":"@radioljubuski","twitter_misc":{"Napisao\/la":"Radio Ljubu\u0161ki","Procijenjeno vrijeme \u010ditanja":"6 minuta"},"schema":{"@context":"https:\/\/schema.org","@graph":[{"@type":"Article","@id":"https:\/\/radioljubuski.ba\/index.php\/2022\/08\/03\/u-hrvatskoj-ce-slijedece-sezone-igrati-najstariji-i-najefikasniji-tandem-krila-u-ligi-prvaka\/#article","isPartOf":{"@id":"https:\/\/radioljubuski.ba\/index.php\/2022\/08\/03\/u-hrvatskoj-ce-slijedece-sezone-igrati-najstariji-i-najefikasniji-tandem-krila-u-ligi-prvaka\/"},"author":{"name":"Radio Ljubu\u0161ki","@id":"https:\/\/radioljubuski.ba\/#\/schema\/person\/19fc700381a780f69665d7956c469e3b"},"headline":"U Hrvatskoj \u0107e slijede\u0107e sezone igrati najstariji i najefikasniji tandem krila u Ligi prvaka","datePublished":"2022-08-03T08:15:50+00:00","dateModified":"2022-08-03T08:15:51+00:00","mainEntityOfPage":{"@id":"https:\/\/radioljubuski.ba\/index.php\/2022\/08\/03\/u-hrvatskoj-ce-slijedece-sezone-igrati-najstariji-i-najefikasniji-tandem-krila-u-ligi-prvaka\/"},"wordCount":1457,"publisher":{"@id":"https:\/\/radioljubuski.ba\/#organization"},"image":{"@id":"https:\/\/radioljubuski.ba\/index.php\/2022\/08\/03\/u-hrvatskoj-ce-slijedece-sezone-igrati-najstariji-i-najefikasniji-tandem-krila-u-ligi-prvaka\/#primaryimage"},"thumbnailUrl":"https:\/\/radioljubuski.ba\/wp-content\/uploads\/2022\/08\/cupko.jpg","articleSection":["\u0160port"],"inLanguage":"hr"},{"@type":"WebPage","@id":"https:\/\/radioljubuski.ba\/index.php\/2022\/08\/03\/u-hrvatskoj-ce-slijedece-sezone-igrati-najstariji-i-najefikasniji-tandem-krila-u-ligi-prvaka\/","url":"https:\/\/radioljubuski.ba\/index.php\/2022\/08\/03\/u-hrvatskoj-ce-slijedece-sezone-igrati-najstariji-i-najefikasniji-tandem-krila-u-ligi-prvaka\/","name":"U Hrvatskoj \u0107e slijede\u0107e sezone igrati najstariji i najefikasniji tandem krila u Ligi prvaka - RADIO LJUBU\u0160KI","isPartOf":{"@id":"https:\/\/radioljubuski.ba\/#website"},"primaryImageOfPage":{"@id":"https:\/\/radioljubuski.ba\/index.php\/2022\/08\/03\/u-hrvatskoj-ce-slijedece-sezone-igrati-najstariji-i-najefikasniji-tandem-krila-u-ligi-prvaka\/#primaryimage"},"image":{"@id":"https:\/\/radioljubuski.ba\/index.php\/2022\/08\/03\/u-hrvatskoj-ce-slijedece-sezone-igrati-najstariji-i-najefikasniji-tandem-krila-u-ligi-prvaka\/#primaryimage"},"thumbnailUrl":"https:\/\/radioljubuski.ba\/wp-content\/uploads\/2022\/08\/cupko.jpg","datePublished":"2022-08-03T08:15:50+00:00","dateModified":"2022-08-03T08:15:51+00:00","breadcrumb":{"@id":"https:\/\/radioljubuski.ba\/index.php\/2022\/08\/03\/u-hrvatskoj-ce-slijedece-sezone-igrati-najstariji-i-najefikasniji-tandem-krila-u-ligi-prvaka\/#breadcrumb"},"inLanguage":"hr","potentialAction":[{"@type":"ReadAction","target":["https:\/\/radioljubuski.ba\/index.php\/2022\/08\/03\/u-hrvatskoj-ce-slijedece-sezone-igrati-najstariji-i-najefikasniji-tandem-krila-u-ligi-prvaka\/"]}]},{"@type":"ImageObject","inLanguage":"hr","@id":"https:\/\/radioljubuski.ba\/index.php\/2022\/08\/03\/u-hrvatskoj-ce-slijedece-sezone-igrati-najstariji-i-najefikasniji-tandem-krila-u-ligi-prvaka\/#primaryimage","url":"https:\/\/radioljubuski.ba\/wp-content\/uploads\/2022\/08\/cupko.jpg","contentUrl":"https:\/\/radioljubuski.ba\/wp-content\/uploads\/2022\/08\/cupko.jpg","width":275,"height":183},{"@type":"BreadcrumbList","@id":"https:\/\/radioljubuski.ba\/index.php\/2022\/08\/03\/u-hrvatskoj-ce-slijedece-sezone-igrati-najstariji-i-najefikasniji-tandem-krila-u-ligi-prvaka\/#breadcrumb","itemListElement":[{"@type":"ListItem","position":1,"name":"Po\u010detna stranica","item":"https:\/\/radioljubuski.ba\/"},{"@type":"ListItem","position":2,"name":"U Hrvatskoj \u0107e slijede\u0107e sezone igrati najstariji i najefikasniji tandem krila u Ligi prvaka"}]},{"@type":"WebSite","@id":"https:\/\/radioljubuski.ba\/#website","url":"https:\/\/radioljubuski.ba\/","name":"Radio Ljubu\u0161ki","description":"Sun\u010dana frekvencija Hercegovine","publisher":{"@id":"https:\/\/radioljubuski.ba\/#organization"},"potentialAction":[{"@type":"SearchAction","target":{"@type":"EntryPoint","urlTemplate":"https:\/\/radioljubuski.ba\/?s={search_term_string}"},"query-input":{"@type":"PropertyValueSpecification","valueRequired":true,"valueName":"search_term_string"}}],"inLanguage":"hr"},{"@type":"Organization","@id":"https:\/\/radioljubuski.ba\/#organization","name":"Radio Ljubu\u0161ki","url":"https:\/\/radioljubuski.ba\/","logo":{"@type":"ImageObject","inLanguage":"hr","@id":"https:\/\/radioljubuski.ba\/#\/schema\/logo\/image\/","url":"https:\/\/radioljubuski.ba\/wp-content\/uploads\/2021\/02\/cropped-Radio_Ljubuski_logo1.jpg","contentUrl":"https:\/\/radioljubuski.ba\/wp-content\/uploads\/2021\/02\/cropped-Radio_Ljubuski_logo1.jpg","width":512,"height":512,"caption":"Radio Ljubu\u0161ki"},"image":{"@id":"https:\/\/radioljubuski.ba\/#\/schema\/logo\/image\/"},"sameAs":["https:\/\/www.facebook.com\/Radiio-Ljubuski-1490835324566332","https:\/\/x.com\/radioljubuski","https:\/\/hr.linkedin.com\/company\/radio-ljubuski","https:\/\/www.youtube.com\/channel\/UCHYaeO_n0Db3tjNGudGpXyw"]},{"@type":"Person","@id":"https:\/\/radioljubuski.ba\/#\/schema\/person\/19fc700381a780f69665d7956c469e3b","name":"Radio Ljubu\u0161ki"}]}},"_links":{"self":[{"href":"https:\/\/radioljubuski.ba\/index.php\/wp-json\/wp\/v2\/posts\/165996","targetHints":{"allow":["GET"]}}],"collection":[{"href":"https:\/\/radioljubuski.ba\/index.php\/wp-json\/wp\/v2\/posts"}],"about":[{"href":"https:\/\/radioljubuski.ba\/index.php\/wp-json\/wp\/v2\/types\/post"}],"author":[{"embeddable":true,"href":"https:\/\/radioljubuski.ba\/index.php\/wp-json\/wp\/v2\/users\/2"}],"replies":[{"embeddable":true,"href":"https:\/\/radioljubuski.ba\/index.php\/wp-json\/wp\/v2\/comments?post=165996"}],"version-history":[{"count":1,"href":"https:\/\/radioljubuski.ba\/index.php\/wp-json\/wp\/v2\/posts\/165996\/revisions"}],"predecessor-version":[{"id":166005,"href":"https:\/\/radioljubuski.ba\/index.php\/wp-json\/wp\/v2\/posts\/165996\/revisions\/166005"}],"wp:featuredmedia":[{"embeddable":true,"href":"https:\/\/radioljubuski.ba\/index.php\/wp-json\/wp\/v2\/media\/166004"}],"wp:attachment":[{"href":"https:\/\/radioljubuski.ba\/index.php\/wp-json\/wp\/v2\/media?parent=165996"}],"wp:term":[{"taxonomy":"category","embeddable":true,"href":"https:\/\/radioljubuski.ba\/index.php\/wp-json\/wp\/v2\/categories?post=165996"},{"taxonomy":"post_tag","embeddable":true,"href":"https:\/\/radioljubuski.ba\/index.php\/wp-json\/wp\/v2\/tags?post=165996"}],"curies":[{"name":"wp","href":"https:\/\/api.w.org\/{rel}","templated":true}]}}