{"id":166045,"date":"2022-08-03T10:37:15","date_gmt":"2022-08-03T09:37:15","guid":{"rendered":"https:\/\/radioljubuski.ba\/?p=166045"},"modified":"2022-08-03T10:37:16","modified_gmt":"2022-08-03T09:37:16","slug":"od-90-000-odjavljenih-sa-zavoda-vise-od-38-000-nije-prijavilo-zaposlenje-u-bih","status":"publish","type":"post","link":"https:\/\/radioljubuski.ba\/index.php\/2022\/08\/03\/od-90-000-odjavljenih-sa-zavoda-vise-od-38-000-nije-prijavilo-zaposlenje-u-bih\/","title":{"rendered":"Od 90.000 odjavljenih sa zavoda, vi\u0161e od 38.000 nije prijavilo zaposlenje u BiH"},"content":{"rendered":"\n<p><strong>Prema podacima Agencije za rad i zapo\u0161ljavanje BiH, zaklju\u010dno s 30. lipnjem ove godine, bilo je prijavljeno 359.607 nezaposlenih, dok je na kraju lipnja 2018. broj nezaposlenih osoba u BiH iznosio 448.071. Samo od po\u010detka ove godine s evidencije nezaposlenih skinuto je oko 18.000.<\/strong><\/p>\n\n\n\n<p>Me\u0111utim, sude\u0107i po podacima nadle\u017enih slu\u017ebi, od 90.000 odjavljenih sa zavoda za zapo\u0161ljavanje u prethodnih pet godina, vi\u0161e od 38.000 nije prijavilo zaposlenje u BiH.<\/p>\n\n\n\n<p>Naime, dostupni podaci govore da je u lipnju 2018. u BiH bio zaposlen 806.031 gra\u0111anin, dok je u svibnju ove godine broj zaposlenih u BiH iznosio 844.792.<\/p>\n\n\n\n<p>Ekonomist Milenko Stani\u0107 za Nezavisne ka\u017ee da je ovo trend koji traje ve\u0107 dulji niz godina te da je neosporno da ve\u0107ina onih koji se odjave sa slu\u017ebenih zavoda za zapo\u0161ljavanje ne nalazi posao u BiH.<\/p>\n\n\n\n<p>\u2013 Nije otvoren prostor za nova zapo\u0161ljavanja. Ti radnici ili su oti\u0161li u inozemstvo na stalne poslove ili su oti\u0161li na privremeni rad \u2013 smatra. Da je odljev kvalificirane radne snage u inozemstvo, prvenstveno zemljama EU-a, kontinuiran i poja\u010dan, potvr\u0111uju i poslodavci.<\/p>\n\n\n\n<p>Sa\u0161a A\u0107i\u0107, direktor Unije udruge poslodavaca RS-a, ka\u017ee da je to posebno izra\u017eeno nakon popu\u0161tanja pandemije koronavirusa. \u2013 Na\u0161i podaci ukazuju na to da je negdje oko 260.000 ljudi ve\u0107 do sada dobilo status boravi\u0161ta, odnosno boravi\u0161nu dozvolu u zemljama EU\u201d-a \u2013 navodi.<\/p>\n\n\n\n<p>\/HMS\/<\/p>\n","protected":false},"excerpt":{"rendered":"<p>Prema podacima Agencije za rad i zapo\u0161ljavanje BiH, zaklju\u010dno s 30. lipnjem ove godine, bilo je prijavljeno 359.607 nezaposlenih, dok je na kraju lipnja 2018. broj nezaposlenih osoba u BiH iznosio 448.071. Samo od po\u010detka ove godine s evidencije nezaposlenih skinuto je oko 18.000. Me\u0111utim, sude\u0107i po podacima nadle\u017enih slu\u017ebi, od 90.000 odjavljenih sa zavoda [&hellip;]<\/p>\n","protected":false},"author":2,"featured_media":25899,"comment_status":"closed","ping_status":"closed","sticky":false,"template":"","format":"standard","meta":{"h5ap_radio_sources":[],"footnotes":""},"categories":[1],"tags":[],"class_list":["post-166045","post","type-post","status-publish","format-standard","has-post-thumbnail","hentry","category-bihiregija"],"yoast_head":"<!-- This site is optimized with the Yoast SEO plugin v27.4 - https:\/\/yoast.com\/product\/yoast-seo-wordpress\/ -->\n<title>Od 90.000 odjavljenih sa zavoda, vi\u0161e od 38.000 nije prijavilo zaposlenje u BiH - RADIO LJUBU\u0160KI<\/title>\n<meta name=\"robots\" content=\"index, follow, max-snippet:-1, max-image-preview:large, max-video-preview:-1\" \/>\n<link rel=\"canonical\" href=\"https:\/\/radioljubuski.ba\/index.php\/2022\/08\/03\/od-90-000-odjavljenih-sa-zavoda-vise-od-38-000-nije-prijavilo-zaposlenje-u-bih\/\" \/>\n<meta property=\"og:locale\" content=\"hr_HR\" \/>\n<meta property=\"og:type\" content=\"article\" \/>\n<meta property=\"og:title\" content=\"Od 90.000 odjavljenih sa zavoda, vi\u0161e od 38.000 nije prijavilo zaposlenje u BiH - RADIO LJUBU\u0160KI\" \/>\n<meta property=\"og:description\" content=\"Prema podacima Agencije za rad i zapo\u0161ljavanje BiH, zaklju\u010dno s 30. lipnjem ove godine, bilo je prijavljeno 359.607 nezaposlenih, dok je na kraju lipnja 2018. broj nezaposlenih osoba u BiH iznosio 448.071. Samo od po\u010detka ove godine s evidencije nezaposlenih skinuto je oko 18.000. Me\u0111utim, sude\u0107i po podacima nadle\u017enih slu\u017ebi, od 90.000 odjavljenih sa zavoda [&hellip;]\" \/>\n<meta property=\"og:url\" content=\"https:\/\/radioljubuski.ba\/index.php\/2022\/08\/03\/od-90-000-odjavljenih-sa-zavoda-vise-od-38-000-nije-prijavilo-zaposlenje-u-bih\/\" \/>\n<meta property=\"og:site_name\" content=\"RADIO LJUBU\u0160KI\" \/>\n<meta property=\"article:publisher\" content=\"https:\/\/www.facebook.com\/Radiio-Ljubuski-1490835324566332\" \/>\n<meta property=\"article:published_time\" content=\"2022-08-03T09:37:15+00:00\" \/>\n<meta property=\"article:modified_time\" content=\"2022-08-03T09:37:16+00:00\" \/>\n<meta property=\"og:image\" content=\"https:\/\/radioljubuski.ba\/wp-content\/uploads\/2021\/05\/gq7T2SFY_biro.jpg\" \/>\n\t<meta property=\"og:image:width\" content=\"1000\" \/>\n\t<meta property=\"og:image:height\" content=\"625\" \/>\n\t<meta property=\"og:image:type\" content=\"image\/jpeg\" \/>\n<meta name=\"author\" content=\"Radio Ljubu\u0161ki\" \/>\n<meta name=\"twitter:card\" content=\"summary_large_image\" \/>\n<meta name=\"twitter:creator\" content=\"@radioljubuski\" \/>\n<meta name=\"twitter:site\" content=\"@radioljubuski\" \/>\n<meta name=\"twitter:label1\" content=\"Napisao\/la\" \/>\n\t<meta name=\"twitter:data1\" content=\"Radio Ljubu\u0161ki\" \/>\n\t<meta name=\"twitter:label2\" content=\"Procijenjeno vrijeme \u010ditanja\" \/>\n\t<meta name=\"twitter:data2\" content=\"1 minuta\" \/>\n<script type=\"application\/ld+json\" class=\"yoast-schema-graph\">{\"@context\":\"https:\\\/\\\/schema.org\",\"@graph\":[{\"@type\":\"Article\",\"@id\":\"https:\\\/\\\/radioljubuski.ba\\\/index.php\\\/2022\\\/08\\\/03\\\/od-90-000-odjavljenih-sa-zavoda-vise-od-38-000-nije-prijavilo-zaposlenje-u-bih\\\/#article\",\"isPartOf\":{\"@id\":\"https:\\\/\\\/radioljubuski.ba\\\/index.php\\\/2022\\\/08\\\/03\\\/od-90-000-odjavljenih-sa-zavoda-vise-od-38-000-nije-prijavilo-zaposlenje-u-bih\\\/\"},\"author\":{\"name\":\"Radio Ljubu\u0161ki\",\"@id\":\"https:\\\/\\\/radioljubuski.ba\\\/#\\\/schema\\\/person\\\/19fc700381a780f69665d7956c469e3b\"},\"headline\":\"Od 90.000 odjavljenih sa zavoda, vi\u0161e od 38.000 nije prijavilo zaposlenje u BiH\",\"datePublished\":\"2022-08-03T09:37:15+00:00\",\"dateModified\":\"2022-08-03T09:37:16+00:00\",\"mainEntityOfPage\":{\"@id\":\"https:\\\/\\\/radioljubuski.ba\\\/index.php\\\/2022\\\/08\\\/03\\\/od-90-000-odjavljenih-sa-zavoda-vise-od-38-000-nije-prijavilo-zaposlenje-u-bih\\\/\"},\"wordCount\":243,\"publisher\":{\"@id\":\"https:\\\/\\\/radioljubuski.ba\\\/#organization\"},\"image\":{\"@id\":\"https:\\\/\\\/radioljubuski.ba\\\/index.php\\\/2022\\\/08\\\/03\\\/od-90-000-odjavljenih-sa-zavoda-vise-od-38-000-nije-prijavilo-zaposlenje-u-bih\\\/#primaryimage\"},\"thumbnailUrl\":\"https:\\\/\\\/radioljubuski.ba\\\/wp-content\\\/uploads\\\/2021\\\/05\\\/gq7T2SFY_biro.jpg\",\"articleSection\":[\"BIH i regija\"],\"inLanguage\":\"hr\"},{\"@type\":\"WebPage\",\"@id\":\"https:\\\/\\\/radioljubuski.ba\\\/index.php\\\/2022\\\/08\\\/03\\\/od-90-000-odjavljenih-sa-zavoda-vise-od-38-000-nije-prijavilo-zaposlenje-u-bih\\\/\",\"url\":\"https:\\\/\\\/radioljubuski.ba\\\/index.php\\\/2022\\\/08\\\/03\\\/od-90-000-odjavljenih-sa-zavoda-vise-od-38-000-nije-prijavilo-zaposlenje-u-bih\\\/\",\"name\":\"Od 90.000 odjavljenih sa zavoda, vi\u0161e od 38.000 nije prijavilo zaposlenje u BiH - RADIO LJUBU\u0160KI\",\"isPartOf\":{\"@id\":\"https:\\\/\\\/radioljubuski.ba\\\/#website\"},\"primaryImageOfPage\":{\"@id\":\"https:\\\/\\\/radioljubuski.ba\\\/index.php\\\/2022\\\/08\\\/03\\\/od-90-000-odjavljenih-sa-zavoda-vise-od-38-000-nije-prijavilo-zaposlenje-u-bih\\\/#primaryimage\"},\"image\":{\"@id\":\"https:\\\/\\\/radioljubuski.ba\\\/index.php\\\/2022\\\/08\\\/03\\\/od-90-000-odjavljenih-sa-zavoda-vise-od-38-000-nije-prijavilo-zaposlenje-u-bih\\\/#primaryimage\"},\"thumbnailUrl\":\"https:\\\/\\\/radioljubuski.ba\\\/wp-content\\\/uploads\\\/2021\\\/05\\\/gq7T2SFY_biro.jpg\",\"datePublished\":\"2022-08-03T09:37:15+00:00\",\"dateModified\":\"2022-08-03T09:37:16+00:00\",\"breadcrumb\":{\"@id\":\"https:\\\/\\\/radioljubuski.ba\\\/index.php\\\/2022\\\/08\\\/03\\\/od-90-000-odjavljenih-sa-zavoda-vise-od-38-000-nije-prijavilo-zaposlenje-u-bih\\\/#breadcrumb\"},\"inLanguage\":\"hr\",\"potentialAction\":[{\"@type\":\"ReadAction\",\"target\":[\"https:\\\/\\\/radioljubuski.ba\\\/index.php\\\/2022\\\/08\\\/03\\\/od-90-000-odjavljenih-sa-zavoda-vise-od-38-000-nije-prijavilo-zaposlenje-u-bih\\\/\"]}]},{\"@type\":\"ImageObject\",\"inLanguage\":\"hr\",\"@id\":\"https:\\\/\\\/radioljubuski.ba\\\/index.php\\\/2022\\\/08\\\/03\\\/od-90-000-odjavljenih-sa-zavoda-vise-od-38-000-nije-prijavilo-zaposlenje-u-bih\\\/#primaryimage\",\"url\":\"https:\\\/\\\/radioljubuski.ba\\\/wp-content\\\/uploads\\\/2021\\\/05\\\/gq7T2SFY_biro.jpg\",\"contentUrl\":\"https:\\\/\\\/radioljubuski.ba\\\/wp-content\\\/uploads\\\/2021\\\/05\\\/gq7T2SFY_biro.jpg\",\"width\":1000,\"height\":625},{\"@type\":\"BreadcrumbList\",\"@id\":\"https:\\\/\\\/radioljubuski.ba\\\/index.php\\\/2022\\\/08\\\/03\\\/od-90-000-odjavljenih-sa-zavoda-vise-od-38-000-nije-prijavilo-zaposlenje-u-bih\\\/#breadcrumb\",\"itemListElement\":[{\"@type\":\"ListItem\",\"position\":1,\"name\":\"Po\u010detna stranica\",\"item\":\"https:\\\/\\\/radioljubuski.ba\\\/\"},{\"@type\":\"ListItem\",\"position\":2,\"name\":\"Od 90.000 odjavljenih sa zavoda, vi\u0161e od 38.000 nije prijavilo zaposlenje u BiH\"}]},{\"@type\":\"WebSite\",\"@id\":\"https:\\\/\\\/radioljubuski.ba\\\/#website\",\"url\":\"https:\\\/\\\/radioljubuski.ba\\\/\",\"name\":\"Radio Ljubu\u0161ki\",\"description\":\"Sun\u010dana frekvencija Hercegovine\",\"publisher\":{\"@id\":\"https:\\\/\\\/radioljubuski.ba\\\/#organization\"},\"potentialAction\":[{\"@type\":\"SearchAction\",\"target\":{\"@type\":\"EntryPoint\",\"urlTemplate\":\"https:\\\/\\\/radioljubuski.ba\\\/?s={search_term_string}\"},\"query-input\":{\"@type\":\"PropertyValueSpecification\",\"valueRequired\":true,\"valueName\":\"search_term_string\"}}],\"inLanguage\":\"hr\"},{\"@type\":\"Organization\",\"@id\":\"https:\\\/\\\/radioljubuski.ba\\\/#organization\",\"name\":\"Radio Ljubu\u0161ki\",\"url\":\"https:\\\/\\\/radioljubuski.ba\\\/\",\"logo\":{\"@type\":\"ImageObject\",\"inLanguage\":\"hr\",\"@id\":\"https:\\\/\\\/radioljubuski.ba\\\/#\\\/schema\\\/logo\\\/image\\\/\",\"url\":\"https:\\\/\\\/radioljubuski.ba\\\/wp-content\\\/uploads\\\/2021\\\/02\\\/cropped-Radio_Ljubuski_logo1.jpg\",\"contentUrl\":\"https:\\\/\\\/radioljubuski.ba\\\/wp-content\\\/uploads\\\/2021\\\/02\\\/cropped-Radio_Ljubuski_logo1.jpg\",\"width\":512,\"height\":512,\"caption\":\"Radio Ljubu\u0161ki\"},\"image\":{\"@id\":\"https:\\\/\\\/radioljubuski.ba\\\/#\\\/schema\\\/logo\\\/image\\\/\"},\"sameAs\":[\"https:\\\/\\\/www.facebook.com\\\/Radiio-Ljubuski-1490835324566332\",\"https:\\\/\\\/x.com\\\/radioljubuski\",\"https:\\\/\\\/hr.linkedin.com\\\/company\\\/radio-ljubuski\",\"https:\\\/\\\/www.youtube.com\\\/channel\\\/UCHYaeO_n0Db3tjNGudGpXyw\"]},{\"@type\":\"Person\",\"@id\":\"https:\\\/\\\/radioljubuski.ba\\\/#\\\/schema\\\/person\\\/19fc700381a780f69665d7956c469e3b\",\"name\":\"Radio Ljubu\u0161ki\"}]}<\/script>\n<!-- \/ Yoast SEO plugin. -->","yoast_head_json":{"title":"Od 90.000 odjavljenih sa zavoda, vi\u0161e od 38.000 nije prijavilo zaposlenje u BiH - RADIO LJUBU\u0160KI","robots":{"index":"index","follow":"follow","max-snippet":"max-snippet:-1","max-image-preview":"max-image-preview:large","max-video-preview":"max-video-preview:-1"},"canonical":"https:\/\/radioljubuski.ba\/index.php\/2022\/08\/03\/od-90-000-odjavljenih-sa-zavoda-vise-od-38-000-nije-prijavilo-zaposlenje-u-bih\/","og_locale":"hr_HR","og_type":"article","og_title":"Od 90.000 odjavljenih sa zavoda, vi\u0161e od 38.000 nije prijavilo zaposlenje u BiH - RADIO LJUBU\u0160KI","og_description":"Prema podacima Agencije za rad i zapo\u0161ljavanje BiH, zaklju\u010dno s 30. lipnjem ove godine, bilo je prijavljeno 359.607 nezaposlenih, dok je na kraju lipnja 2018. broj nezaposlenih osoba u BiH iznosio 448.071. Samo od po\u010detka ove godine s evidencije nezaposlenih skinuto je oko 18.000. Me\u0111utim, sude\u0107i po podacima nadle\u017enih slu\u017ebi, od 90.000 odjavljenih sa zavoda [&hellip;]","og_url":"https:\/\/radioljubuski.ba\/index.php\/2022\/08\/03\/od-90-000-odjavljenih-sa-zavoda-vise-od-38-000-nije-prijavilo-zaposlenje-u-bih\/","og_site_name":"RADIO LJUBU\u0160KI","article_publisher":"https:\/\/www.facebook.com\/Radiio-Ljubuski-1490835324566332","article_published_time":"2022-08-03T09:37:15+00:00","article_modified_time":"2022-08-03T09:37:16+00:00","og_image":[{"width":1000,"height":625,"url":"https:\/\/radioljubuski.ba\/wp-content\/uploads\/2021\/05\/gq7T2SFY_biro.jpg","type":"image\/jpeg"}],"author":"Radio Ljubu\u0161ki","twitter_card":"summary_large_image","twitter_creator":"@radioljubuski","twitter_site":"@radioljubuski","twitter_misc":{"Napisao\/la":"Radio Ljubu\u0161ki","Procijenjeno vrijeme \u010ditanja":"1 minuta"},"schema":{"@context":"https:\/\/schema.org","@graph":[{"@type":"Article","@id":"https:\/\/radioljubuski.ba\/index.php\/2022\/08\/03\/od-90-000-odjavljenih-sa-zavoda-vise-od-38-000-nije-prijavilo-zaposlenje-u-bih\/#article","isPartOf":{"@id":"https:\/\/radioljubuski.ba\/index.php\/2022\/08\/03\/od-90-000-odjavljenih-sa-zavoda-vise-od-38-000-nije-prijavilo-zaposlenje-u-bih\/"},"author":{"name":"Radio Ljubu\u0161ki","@id":"https:\/\/radioljubuski.ba\/#\/schema\/person\/19fc700381a780f69665d7956c469e3b"},"headline":"Od 90.000 odjavljenih sa zavoda, vi\u0161e od 38.000 nije prijavilo zaposlenje u BiH","datePublished":"2022-08-03T09:37:15+00:00","dateModified":"2022-08-03T09:37:16+00:00","mainEntityOfPage":{"@id":"https:\/\/radioljubuski.ba\/index.php\/2022\/08\/03\/od-90-000-odjavljenih-sa-zavoda-vise-od-38-000-nije-prijavilo-zaposlenje-u-bih\/"},"wordCount":243,"publisher":{"@id":"https:\/\/radioljubuski.ba\/#organization"},"image":{"@id":"https:\/\/radioljubuski.ba\/index.php\/2022\/08\/03\/od-90-000-odjavljenih-sa-zavoda-vise-od-38-000-nije-prijavilo-zaposlenje-u-bih\/#primaryimage"},"thumbnailUrl":"https:\/\/radioljubuski.ba\/wp-content\/uploads\/2021\/05\/gq7T2SFY_biro.jpg","articleSection":["BIH i regija"],"inLanguage":"hr"},{"@type":"WebPage","@id":"https:\/\/radioljubuski.ba\/index.php\/2022\/08\/03\/od-90-000-odjavljenih-sa-zavoda-vise-od-38-000-nije-prijavilo-zaposlenje-u-bih\/","url":"https:\/\/radioljubuski.ba\/index.php\/2022\/08\/03\/od-90-000-odjavljenih-sa-zavoda-vise-od-38-000-nije-prijavilo-zaposlenje-u-bih\/","name":"Od 90.000 odjavljenih sa zavoda, vi\u0161e od 38.000 nije prijavilo zaposlenje u BiH - RADIO LJUBU\u0160KI","isPartOf":{"@id":"https:\/\/radioljubuski.ba\/#website"},"primaryImageOfPage":{"@id":"https:\/\/radioljubuski.ba\/index.php\/2022\/08\/03\/od-90-000-odjavljenih-sa-zavoda-vise-od-38-000-nije-prijavilo-zaposlenje-u-bih\/#primaryimage"},"image":{"@id":"https:\/\/radioljubuski.ba\/index.php\/2022\/08\/03\/od-90-000-odjavljenih-sa-zavoda-vise-od-38-000-nije-prijavilo-zaposlenje-u-bih\/#primaryimage"},"thumbnailUrl":"https:\/\/radioljubuski.ba\/wp-content\/uploads\/2021\/05\/gq7T2SFY_biro.jpg","datePublished":"2022-08-03T09:37:15+00:00","dateModified":"2022-08-03T09:37:16+00:00","breadcrumb":{"@id":"https:\/\/radioljubuski.ba\/index.php\/2022\/08\/03\/od-90-000-odjavljenih-sa-zavoda-vise-od-38-000-nije-prijavilo-zaposlenje-u-bih\/#breadcrumb"},"inLanguage":"hr","potentialAction":[{"@type":"ReadAction","target":["https:\/\/radioljubuski.ba\/index.php\/2022\/08\/03\/od-90-000-odjavljenih-sa-zavoda-vise-od-38-000-nije-prijavilo-zaposlenje-u-bih\/"]}]},{"@type":"ImageObject","inLanguage":"hr","@id":"https:\/\/radioljubuski.ba\/index.php\/2022\/08\/03\/od-90-000-odjavljenih-sa-zavoda-vise-od-38-000-nije-prijavilo-zaposlenje-u-bih\/#primaryimage","url":"https:\/\/radioljubuski.ba\/wp-content\/uploads\/2021\/05\/gq7T2SFY_biro.jpg","contentUrl":"https:\/\/radioljubuski.ba\/wp-content\/uploads\/2021\/05\/gq7T2SFY_biro.jpg","width":1000,"height":625},{"@type":"BreadcrumbList","@id":"https:\/\/radioljubuski.ba\/index.php\/2022\/08\/03\/od-90-000-odjavljenih-sa-zavoda-vise-od-38-000-nije-prijavilo-zaposlenje-u-bih\/#breadcrumb","itemListElement":[{"@type":"ListItem","position":1,"name":"Po\u010detna stranica","item":"https:\/\/radioljubuski.ba\/"},{"@type":"ListItem","position":2,"name":"Od 90.000 odjavljenih sa zavoda, vi\u0161e od 38.000 nije prijavilo zaposlenje u BiH"}]},{"@type":"WebSite","@id":"https:\/\/radioljubuski.ba\/#website","url":"https:\/\/radioljubuski.ba\/","name":"Radio Ljubu\u0161ki","description":"Sun\u010dana frekvencija Hercegovine","publisher":{"@id":"https:\/\/radioljubuski.ba\/#organization"},"potentialAction":[{"@type":"SearchAction","target":{"@type":"EntryPoint","urlTemplate":"https:\/\/radioljubuski.ba\/?s={search_term_string}"},"query-input":{"@type":"PropertyValueSpecification","valueRequired":true,"valueName":"search_term_string"}}],"inLanguage":"hr"},{"@type":"Organization","@id":"https:\/\/radioljubuski.ba\/#organization","name":"Radio Ljubu\u0161ki","url":"https:\/\/radioljubuski.ba\/","logo":{"@type":"ImageObject","inLanguage":"hr","@id":"https:\/\/radioljubuski.ba\/#\/schema\/logo\/image\/","url":"https:\/\/radioljubuski.ba\/wp-content\/uploads\/2021\/02\/cropped-Radio_Ljubuski_logo1.jpg","contentUrl":"https:\/\/radioljubuski.ba\/wp-content\/uploads\/2021\/02\/cropped-Radio_Ljubuski_logo1.jpg","width":512,"height":512,"caption":"Radio Ljubu\u0161ki"},"image":{"@id":"https:\/\/radioljubuski.ba\/#\/schema\/logo\/image\/"},"sameAs":["https:\/\/www.facebook.com\/Radiio-Ljubuski-1490835324566332","https:\/\/x.com\/radioljubuski","https:\/\/hr.linkedin.com\/company\/radio-ljubuski","https:\/\/www.youtube.com\/channel\/UCHYaeO_n0Db3tjNGudGpXyw"]},{"@type":"Person","@id":"https:\/\/radioljubuski.ba\/#\/schema\/person\/19fc700381a780f69665d7956c469e3b","name":"Radio Ljubu\u0161ki"}]}},"_links":{"self":[{"href":"https:\/\/radioljubuski.ba\/index.php\/wp-json\/wp\/v2\/posts\/166045","targetHints":{"allow":["GET"]}}],"collection":[{"href":"https:\/\/radioljubuski.ba\/index.php\/wp-json\/wp\/v2\/posts"}],"about":[{"href":"https:\/\/radioljubuski.ba\/index.php\/wp-json\/wp\/v2\/types\/post"}],"author":[{"embeddable":true,"href":"https:\/\/radioljubuski.ba\/index.php\/wp-json\/wp\/v2\/users\/2"}],"replies":[{"embeddable":true,"href":"https:\/\/radioljubuski.ba\/index.php\/wp-json\/wp\/v2\/comments?post=166045"}],"version-history":[{"count":1,"href":"https:\/\/radioljubuski.ba\/index.php\/wp-json\/wp\/v2\/posts\/166045\/revisions"}],"predecessor-version":[{"id":166046,"href":"https:\/\/radioljubuski.ba\/index.php\/wp-json\/wp\/v2\/posts\/166045\/revisions\/166046"}],"wp:featuredmedia":[{"embeddable":true,"href":"https:\/\/radioljubuski.ba\/index.php\/wp-json\/wp\/v2\/media\/25899"}],"wp:attachment":[{"href":"https:\/\/radioljubuski.ba\/index.php\/wp-json\/wp\/v2\/media?parent=166045"}],"wp:term":[{"taxonomy":"category","embeddable":true,"href":"https:\/\/radioljubuski.ba\/index.php\/wp-json\/wp\/v2\/categories?post=166045"},{"taxonomy":"post_tag","embeddable":true,"href":"https:\/\/radioljubuski.ba\/index.php\/wp-json\/wp\/v2\/tags?post=166045"}],"curies":[{"name":"wp","href":"https:\/\/api.w.org\/{rel}","templated":true}]}}