{"id":166047,"date":"2022-08-03T10:38:43","date_gmt":"2022-08-03T09:38:43","guid":{"rendered":"https:\/\/radioljubuski.ba\/?p=166047"},"modified":"2022-08-03T10:38:45","modified_gmt":"2022-08-03T09:38:45","slug":"ravno-gradi-se-vjetropark-i-solarne-elektrane-u-fazi-je-ishodovanje-potrebnih-dozvola","status":"publish","type":"post","link":"https:\/\/radioljubuski.ba\/index.php\/2022\/08\/03\/ravno-gradi-se-vjetropark-i-solarne-elektrane-u-fazi-je-ishodovanje-potrebnih-dozvola\/","title":{"rendered":"Ravno: Gradi se vjetropark i solarne elektrane, u fazi je ishodovanje potrebnih dozvola"},"content":{"rendered":"\n<p><strong>Op\u0107ina Ravno zaklju\u010dila je nedavno dva ugovora o izgradnji vjetroparka i solarnih elektrana i to, na lokacijama Velja Me\u0111a te Golubov kamen u blizini naselja Ivanica, na razdoblje od 30 godina u svrhu proizvodnje elektri\u010dne energije u vjetroelektranama. Vrijednost investicija je po obuhvatu spomenutih lokacija oko 100 milijuna eura, kako za jedan tako i za drugi ugovor.<\/strong><\/p>\n\n\n\n<p>\u2013 Na podru\u010dju naselja Velja Me\u0111a, ubuhvata 280 hektara povr\u0161ine, planirana je izgradnja kombinacija vjetroelektrana i solarnih panela, snage ve\u0107e od 100 MW za proizvodnju elektri\u010dne energije, dok bi na lokaciji Golubov kamen, povr\u0161ine oko 260 hektara, gdje je planirana izgradnja solarnih panela, snaga bila od 80 do 100 MW za proizvodnju elektri\u010dne energije \u2013 pojasnio je u razgovoru za Fenu voditelj Slu\u017ebe za prostorno ure\u0111enje i graditeljstvo Op\u0107ine Ravno Josip Ragu\u017e.<\/p>\n\n\n\n<p>On napominje kako je ova gradnja vjetroparka i solarnih panela od velikoga zna\u010daja za gospodarski razvoj kako za tu op\u0107inu, tako i za cijelu Hercegova\u010dko-neretvansku \u017eupaniju.<\/p>\n\n\n\n<p>-Naime, za zakup po dio dobiva i Op\u0107ina i \u017eupanija, a sama Op\u0107ina Ravno ima benefit kada govorimo i o kWh proizvedene elektri\u010dne energije, te bi godi\u0161nje po jednom ugovoru Op\u0107ina dobivala minimum 300 do 400 tisu\u0107a maraka \u2013 isti\u010de Ragu\u017e, napominju\u0107i kako to opet ovisi o koli\u010dini proizvedene elektri\u010dne energije.<\/p>\n\n\n\n<p>Po sada\u0161njim izra\u010dunima, navodi on, vrijednost investicija je po obuhvatu spomenutih lokacija oko 100 milijuna eura, kako za jedan tako i za drugi ugovor.<\/p>\n\n\n\n<p>Za ugovor na lokaciji Velja Me\u0111a, op\u0107ina Ravno javila se tvrtka Ventus industria, partner njema\u010dke kompanije WPD koja je jedna od vode\u0107ih svjetskih proizvo\u0111a\u010da elektri\u010dne energije iz obnovljivih izvora energije, dok je za podru\u010dje Golubov kamen interes pokazala Winter Wind Tomislavgrad, poznata vrhunska tvrtka iz koncerna \u0161irokobrije\u0161koga Feala.<\/p>\n\n\n\n<p>Voditelj Slu\u017ebe za prostorno ure\u0111enje i graditeljstvo Op\u0107ine Ravno dodaje na kraju da su sada u fazi ishodovanja potrebnih dokumenata i dozvola, a sukladno ugovorima o zakupu, vjetropark i solarne elektrane bi trebalo staviti u funkciju i krenuti s proizvodnjom elektri\u010dne energije u roku od pet godina.<\/p>\n\n\n\n<p>\/Fena\/HMS\/<\/p>\n","protected":false},"excerpt":{"rendered":"<p>Op\u0107ina Ravno zaklju\u010dila je nedavno dva ugovora o izgradnji vjetroparka i solarnih elektrana i to, na lokacijama Velja Me\u0111a te Golubov kamen u blizini naselja Ivanica, na razdoblje od 30 godina u svrhu proizvodnje elektri\u010dne energije u vjetroelektranama. Vrijednost investicija je po obuhvatu spomenutih lokacija oko 100 milijuna eura, kako za jedan tako i za [&hellip;]<\/p>\n","protected":false},"author":2,"featured_media":166048,"comment_status":"closed","ping_status":"closed","sticky":false,"template":"","format":"standard","meta":{"h5ap_radio_sources":[],"footnotes":""},"categories":[1],"tags":[],"class_list":["post-166047","post","type-post","status-publish","format-standard","has-post-thumbnail","hentry","category-bihiregija"],"yoast_head":"<!-- This site is optimized with the Yoast SEO plugin v27.4 - https:\/\/yoast.com\/product\/yoast-seo-wordpress\/ -->\n<title>Ravno: Gradi se vjetropark i solarne elektrane, u fazi je ishodovanje potrebnih dozvola - RADIO LJUBU\u0160KI<\/title>\n<meta name=\"robots\" content=\"index, follow, max-snippet:-1, max-image-preview:large, max-video-preview:-1\" \/>\n<link rel=\"canonical\" href=\"https:\/\/radioljubuski.ba\/index.php\/2022\/08\/03\/ravno-gradi-se-vjetropark-i-solarne-elektrane-u-fazi-je-ishodovanje-potrebnih-dozvola\/\" \/>\n<meta property=\"og:locale\" content=\"hr_HR\" \/>\n<meta property=\"og:type\" content=\"article\" \/>\n<meta property=\"og:title\" content=\"Ravno: Gradi se vjetropark i solarne elektrane, u fazi je ishodovanje potrebnih dozvola - RADIO LJUBU\u0160KI\" \/>\n<meta property=\"og:description\" content=\"Op\u0107ina Ravno zaklju\u010dila je nedavno dva ugovora o izgradnji vjetroparka i solarnih elektrana i to, na lokacijama Velja Me\u0111a te Golubov kamen u blizini naselja Ivanica, na razdoblje od 30 godina u svrhu proizvodnje elektri\u010dne energije u vjetroelektranama. Vrijednost investicija je po obuhvatu spomenutih lokacija oko 100 milijuna eura, kako za jedan tako i za [&hellip;]\" \/>\n<meta property=\"og:url\" content=\"https:\/\/radioljubuski.ba\/index.php\/2022\/08\/03\/ravno-gradi-se-vjetropark-i-solarne-elektrane-u-fazi-je-ishodovanje-potrebnih-dozvola\/\" \/>\n<meta property=\"og:site_name\" content=\"RADIO LJUBU\u0160KI\" \/>\n<meta property=\"article:publisher\" content=\"https:\/\/www.facebook.com\/Radiio-Ljubuski-1490835324566332\" \/>\n<meta property=\"article:published_time\" content=\"2022-08-03T09:38:43+00:00\" \/>\n<meta property=\"article:modified_time\" content=\"2022-08-03T09:38:45+00:00\" \/>\n<meta property=\"og:image\" content=\"https:\/\/radioljubuski.ba\/wp-content\/uploads\/2022\/08\/l_739a85d5a0cbd412e640e7f455a44de3.jpg\" \/>\n\t<meta property=\"og:image:width\" content=\"1024\" \/>\n\t<meta property=\"og:image:height\" content=\"711\" \/>\n\t<meta property=\"og:image:type\" content=\"image\/jpeg\" \/>\n<meta name=\"author\" content=\"Radio Ljubu\u0161ki\" \/>\n<meta name=\"twitter:card\" content=\"summary_large_image\" \/>\n<meta name=\"twitter:creator\" content=\"@radioljubuski\" \/>\n<meta name=\"twitter:site\" content=\"@radioljubuski\" \/>\n<meta name=\"twitter:label1\" content=\"Napisao\/la\" \/>\n\t<meta name=\"twitter:data1\" content=\"Radio Ljubu\u0161ki\" \/>\n\t<meta name=\"twitter:label2\" content=\"Procijenjeno vrijeme \u010ditanja\" \/>\n\t<meta name=\"twitter:data2\" content=\"2 minute\" \/>\n<script type=\"application\/ld+json\" class=\"yoast-schema-graph\">{\"@context\":\"https:\\\/\\\/schema.org\",\"@graph\":[{\"@type\":\"Article\",\"@id\":\"https:\\\/\\\/radioljubuski.ba\\\/index.php\\\/2022\\\/08\\\/03\\\/ravno-gradi-se-vjetropark-i-solarne-elektrane-u-fazi-je-ishodovanje-potrebnih-dozvola\\\/#article\",\"isPartOf\":{\"@id\":\"https:\\\/\\\/radioljubuski.ba\\\/index.php\\\/2022\\\/08\\\/03\\\/ravno-gradi-se-vjetropark-i-solarne-elektrane-u-fazi-je-ishodovanje-potrebnih-dozvola\\\/\"},\"author\":{\"name\":\"Radio Ljubu\u0161ki\",\"@id\":\"https:\\\/\\\/radioljubuski.ba\\\/#\\\/schema\\\/person\\\/19fc700381a780f69665d7956c469e3b\"},\"headline\":\"Ravno: Gradi se vjetropark i solarne elektrane, u fazi je ishodovanje potrebnih dozvola\",\"datePublished\":\"2022-08-03T09:38:43+00:00\",\"dateModified\":\"2022-08-03T09:38:45+00:00\",\"mainEntityOfPage\":{\"@id\":\"https:\\\/\\\/radioljubuski.ba\\\/index.php\\\/2022\\\/08\\\/03\\\/ravno-gradi-se-vjetropark-i-solarne-elektrane-u-fazi-je-ishodovanje-potrebnih-dozvola\\\/\"},\"wordCount\":369,\"publisher\":{\"@id\":\"https:\\\/\\\/radioljubuski.ba\\\/#organization\"},\"image\":{\"@id\":\"https:\\\/\\\/radioljubuski.ba\\\/index.php\\\/2022\\\/08\\\/03\\\/ravno-gradi-se-vjetropark-i-solarne-elektrane-u-fazi-je-ishodovanje-potrebnih-dozvola\\\/#primaryimage\"},\"thumbnailUrl\":\"https:\\\/\\\/radioljubuski.ba\\\/wp-content\\\/uploads\\\/2022\\\/08\\\/l_739a85d5a0cbd412e640e7f455a44de3.jpg\",\"articleSection\":[\"BIH i regija\"],\"inLanguage\":\"hr\"},{\"@type\":\"WebPage\",\"@id\":\"https:\\\/\\\/radioljubuski.ba\\\/index.php\\\/2022\\\/08\\\/03\\\/ravno-gradi-se-vjetropark-i-solarne-elektrane-u-fazi-je-ishodovanje-potrebnih-dozvola\\\/\",\"url\":\"https:\\\/\\\/radioljubuski.ba\\\/index.php\\\/2022\\\/08\\\/03\\\/ravno-gradi-se-vjetropark-i-solarne-elektrane-u-fazi-je-ishodovanje-potrebnih-dozvola\\\/\",\"name\":\"Ravno: Gradi se vjetropark i solarne elektrane, u fazi je ishodovanje potrebnih dozvola - RADIO LJUBU\u0160KI\",\"isPartOf\":{\"@id\":\"https:\\\/\\\/radioljubuski.ba\\\/#website\"},\"primaryImageOfPage\":{\"@id\":\"https:\\\/\\\/radioljubuski.ba\\\/index.php\\\/2022\\\/08\\\/03\\\/ravno-gradi-se-vjetropark-i-solarne-elektrane-u-fazi-je-ishodovanje-potrebnih-dozvola\\\/#primaryimage\"},\"image\":{\"@id\":\"https:\\\/\\\/radioljubuski.ba\\\/index.php\\\/2022\\\/08\\\/03\\\/ravno-gradi-se-vjetropark-i-solarne-elektrane-u-fazi-je-ishodovanje-potrebnih-dozvola\\\/#primaryimage\"},\"thumbnailUrl\":\"https:\\\/\\\/radioljubuski.ba\\\/wp-content\\\/uploads\\\/2022\\\/08\\\/l_739a85d5a0cbd412e640e7f455a44de3.jpg\",\"datePublished\":\"2022-08-03T09:38:43+00:00\",\"dateModified\":\"2022-08-03T09:38:45+00:00\",\"breadcrumb\":{\"@id\":\"https:\\\/\\\/radioljubuski.ba\\\/index.php\\\/2022\\\/08\\\/03\\\/ravno-gradi-se-vjetropark-i-solarne-elektrane-u-fazi-je-ishodovanje-potrebnih-dozvola\\\/#breadcrumb\"},\"inLanguage\":\"hr\",\"potentialAction\":[{\"@type\":\"ReadAction\",\"target\":[\"https:\\\/\\\/radioljubuski.ba\\\/index.php\\\/2022\\\/08\\\/03\\\/ravno-gradi-se-vjetropark-i-solarne-elektrane-u-fazi-je-ishodovanje-potrebnih-dozvola\\\/\"]}]},{\"@type\":\"ImageObject\",\"inLanguage\":\"hr\",\"@id\":\"https:\\\/\\\/radioljubuski.ba\\\/index.php\\\/2022\\\/08\\\/03\\\/ravno-gradi-se-vjetropark-i-solarne-elektrane-u-fazi-je-ishodovanje-potrebnih-dozvola\\\/#primaryimage\",\"url\":\"https:\\\/\\\/radioljubuski.ba\\\/wp-content\\\/uploads\\\/2022\\\/08\\\/l_739a85d5a0cbd412e640e7f455a44de3.jpg\",\"contentUrl\":\"https:\\\/\\\/radioljubuski.ba\\\/wp-content\\\/uploads\\\/2022\\\/08\\\/l_739a85d5a0cbd412e640e7f455a44de3.jpg\",\"width\":1024,\"height\":711},{\"@type\":\"BreadcrumbList\",\"@id\":\"https:\\\/\\\/radioljubuski.ba\\\/index.php\\\/2022\\\/08\\\/03\\\/ravno-gradi-se-vjetropark-i-solarne-elektrane-u-fazi-je-ishodovanje-potrebnih-dozvola\\\/#breadcrumb\",\"itemListElement\":[{\"@type\":\"ListItem\",\"position\":1,\"name\":\"Po\u010detna stranica\",\"item\":\"https:\\\/\\\/radioljubuski.ba\\\/\"},{\"@type\":\"ListItem\",\"position\":2,\"name\":\"Ravno: Gradi se vjetropark i solarne elektrane, u fazi je ishodovanje potrebnih dozvola\"}]},{\"@type\":\"WebSite\",\"@id\":\"https:\\\/\\\/radioljubuski.ba\\\/#website\",\"url\":\"https:\\\/\\\/radioljubuski.ba\\\/\",\"name\":\"Radio Ljubu\u0161ki\",\"description\":\"Sun\u010dana frekvencija Hercegovine\",\"publisher\":{\"@id\":\"https:\\\/\\\/radioljubuski.ba\\\/#organization\"},\"potentialAction\":[{\"@type\":\"SearchAction\",\"target\":{\"@type\":\"EntryPoint\",\"urlTemplate\":\"https:\\\/\\\/radioljubuski.ba\\\/?s={search_term_string}\"},\"query-input\":{\"@type\":\"PropertyValueSpecification\",\"valueRequired\":true,\"valueName\":\"search_term_string\"}}],\"inLanguage\":\"hr\"},{\"@type\":\"Organization\",\"@id\":\"https:\\\/\\\/radioljubuski.ba\\\/#organization\",\"name\":\"Radio Ljubu\u0161ki\",\"url\":\"https:\\\/\\\/radioljubuski.ba\\\/\",\"logo\":{\"@type\":\"ImageObject\",\"inLanguage\":\"hr\",\"@id\":\"https:\\\/\\\/radioljubuski.ba\\\/#\\\/schema\\\/logo\\\/image\\\/\",\"url\":\"https:\\\/\\\/radioljubuski.ba\\\/wp-content\\\/uploads\\\/2021\\\/02\\\/cropped-Radio_Ljubuski_logo1.jpg\",\"contentUrl\":\"https:\\\/\\\/radioljubuski.ba\\\/wp-content\\\/uploads\\\/2021\\\/02\\\/cropped-Radio_Ljubuski_logo1.jpg\",\"width\":512,\"height\":512,\"caption\":\"Radio Ljubu\u0161ki\"},\"image\":{\"@id\":\"https:\\\/\\\/radioljubuski.ba\\\/#\\\/schema\\\/logo\\\/image\\\/\"},\"sameAs\":[\"https:\\\/\\\/www.facebook.com\\\/Radiio-Ljubuski-1490835324566332\",\"https:\\\/\\\/x.com\\\/radioljubuski\",\"https:\\\/\\\/hr.linkedin.com\\\/company\\\/radio-ljubuski\",\"https:\\\/\\\/www.youtube.com\\\/channel\\\/UCHYaeO_n0Db3tjNGudGpXyw\"]},{\"@type\":\"Person\",\"@id\":\"https:\\\/\\\/radioljubuski.ba\\\/#\\\/schema\\\/person\\\/19fc700381a780f69665d7956c469e3b\",\"name\":\"Radio Ljubu\u0161ki\"}]}<\/script>\n<!-- \/ Yoast SEO plugin. -->","yoast_head_json":{"title":"Ravno: Gradi se vjetropark i solarne elektrane, u fazi je ishodovanje potrebnih dozvola - RADIO LJUBU\u0160KI","robots":{"index":"index","follow":"follow","max-snippet":"max-snippet:-1","max-image-preview":"max-image-preview:large","max-video-preview":"max-video-preview:-1"},"canonical":"https:\/\/radioljubuski.ba\/index.php\/2022\/08\/03\/ravno-gradi-se-vjetropark-i-solarne-elektrane-u-fazi-je-ishodovanje-potrebnih-dozvola\/","og_locale":"hr_HR","og_type":"article","og_title":"Ravno: Gradi se vjetropark i solarne elektrane, u fazi je ishodovanje potrebnih dozvola - RADIO LJUBU\u0160KI","og_description":"Op\u0107ina Ravno zaklju\u010dila je nedavno dva ugovora o izgradnji vjetroparka i solarnih elektrana i to, na lokacijama Velja Me\u0111a te Golubov kamen u blizini naselja Ivanica, na razdoblje od 30 godina u svrhu proizvodnje elektri\u010dne energije u vjetroelektranama. Vrijednost investicija je po obuhvatu spomenutih lokacija oko 100 milijuna eura, kako za jedan tako i za [&hellip;]","og_url":"https:\/\/radioljubuski.ba\/index.php\/2022\/08\/03\/ravno-gradi-se-vjetropark-i-solarne-elektrane-u-fazi-je-ishodovanje-potrebnih-dozvola\/","og_site_name":"RADIO LJUBU\u0160KI","article_publisher":"https:\/\/www.facebook.com\/Radiio-Ljubuski-1490835324566332","article_published_time":"2022-08-03T09:38:43+00:00","article_modified_time":"2022-08-03T09:38:45+00:00","og_image":[{"width":1024,"height":711,"url":"https:\/\/radioljubuski.ba\/wp-content\/uploads\/2022\/08\/l_739a85d5a0cbd412e640e7f455a44de3.jpg","type":"image\/jpeg"}],"author":"Radio Ljubu\u0161ki","twitter_card":"summary_large_image","twitter_creator":"@radioljubuski","twitter_site":"@radioljubuski","twitter_misc":{"Napisao\/la":"Radio Ljubu\u0161ki","Procijenjeno vrijeme \u010ditanja":"2 minute"},"schema":{"@context":"https:\/\/schema.org","@graph":[{"@type":"Article","@id":"https:\/\/radioljubuski.ba\/index.php\/2022\/08\/03\/ravno-gradi-se-vjetropark-i-solarne-elektrane-u-fazi-je-ishodovanje-potrebnih-dozvola\/#article","isPartOf":{"@id":"https:\/\/radioljubuski.ba\/index.php\/2022\/08\/03\/ravno-gradi-se-vjetropark-i-solarne-elektrane-u-fazi-je-ishodovanje-potrebnih-dozvola\/"},"author":{"name":"Radio Ljubu\u0161ki","@id":"https:\/\/radioljubuski.ba\/#\/schema\/person\/19fc700381a780f69665d7956c469e3b"},"headline":"Ravno: Gradi se vjetropark i solarne elektrane, u fazi je ishodovanje potrebnih dozvola","datePublished":"2022-08-03T09:38:43+00:00","dateModified":"2022-08-03T09:38:45+00:00","mainEntityOfPage":{"@id":"https:\/\/radioljubuski.ba\/index.php\/2022\/08\/03\/ravno-gradi-se-vjetropark-i-solarne-elektrane-u-fazi-je-ishodovanje-potrebnih-dozvola\/"},"wordCount":369,"publisher":{"@id":"https:\/\/radioljubuski.ba\/#organization"},"image":{"@id":"https:\/\/radioljubuski.ba\/index.php\/2022\/08\/03\/ravno-gradi-se-vjetropark-i-solarne-elektrane-u-fazi-je-ishodovanje-potrebnih-dozvola\/#primaryimage"},"thumbnailUrl":"https:\/\/radioljubuski.ba\/wp-content\/uploads\/2022\/08\/l_739a85d5a0cbd412e640e7f455a44de3.jpg","articleSection":["BIH i regija"],"inLanguage":"hr"},{"@type":"WebPage","@id":"https:\/\/radioljubuski.ba\/index.php\/2022\/08\/03\/ravno-gradi-se-vjetropark-i-solarne-elektrane-u-fazi-je-ishodovanje-potrebnih-dozvola\/","url":"https:\/\/radioljubuski.ba\/index.php\/2022\/08\/03\/ravno-gradi-se-vjetropark-i-solarne-elektrane-u-fazi-je-ishodovanje-potrebnih-dozvola\/","name":"Ravno: Gradi se vjetropark i solarne elektrane, u fazi je ishodovanje potrebnih dozvola - RADIO LJUBU\u0160KI","isPartOf":{"@id":"https:\/\/radioljubuski.ba\/#website"},"primaryImageOfPage":{"@id":"https:\/\/radioljubuski.ba\/index.php\/2022\/08\/03\/ravno-gradi-se-vjetropark-i-solarne-elektrane-u-fazi-je-ishodovanje-potrebnih-dozvola\/#primaryimage"},"image":{"@id":"https:\/\/radioljubuski.ba\/index.php\/2022\/08\/03\/ravno-gradi-se-vjetropark-i-solarne-elektrane-u-fazi-je-ishodovanje-potrebnih-dozvola\/#primaryimage"},"thumbnailUrl":"https:\/\/radioljubuski.ba\/wp-content\/uploads\/2022\/08\/l_739a85d5a0cbd412e640e7f455a44de3.jpg","datePublished":"2022-08-03T09:38:43+00:00","dateModified":"2022-08-03T09:38:45+00:00","breadcrumb":{"@id":"https:\/\/radioljubuski.ba\/index.php\/2022\/08\/03\/ravno-gradi-se-vjetropark-i-solarne-elektrane-u-fazi-je-ishodovanje-potrebnih-dozvola\/#breadcrumb"},"inLanguage":"hr","potentialAction":[{"@type":"ReadAction","target":["https:\/\/radioljubuski.ba\/index.php\/2022\/08\/03\/ravno-gradi-se-vjetropark-i-solarne-elektrane-u-fazi-je-ishodovanje-potrebnih-dozvola\/"]}]},{"@type":"ImageObject","inLanguage":"hr","@id":"https:\/\/radioljubuski.ba\/index.php\/2022\/08\/03\/ravno-gradi-se-vjetropark-i-solarne-elektrane-u-fazi-je-ishodovanje-potrebnih-dozvola\/#primaryimage","url":"https:\/\/radioljubuski.ba\/wp-content\/uploads\/2022\/08\/l_739a85d5a0cbd412e640e7f455a44de3.jpg","contentUrl":"https:\/\/radioljubuski.ba\/wp-content\/uploads\/2022\/08\/l_739a85d5a0cbd412e640e7f455a44de3.jpg","width":1024,"height":711},{"@type":"BreadcrumbList","@id":"https:\/\/radioljubuski.ba\/index.php\/2022\/08\/03\/ravno-gradi-se-vjetropark-i-solarne-elektrane-u-fazi-je-ishodovanje-potrebnih-dozvola\/#breadcrumb","itemListElement":[{"@type":"ListItem","position":1,"name":"Po\u010detna stranica","item":"https:\/\/radioljubuski.ba\/"},{"@type":"ListItem","position":2,"name":"Ravno: Gradi se vjetropark i solarne elektrane, u fazi je ishodovanje potrebnih dozvola"}]},{"@type":"WebSite","@id":"https:\/\/radioljubuski.ba\/#website","url":"https:\/\/radioljubuski.ba\/","name":"Radio Ljubu\u0161ki","description":"Sun\u010dana frekvencija Hercegovine","publisher":{"@id":"https:\/\/radioljubuski.ba\/#organization"},"potentialAction":[{"@type":"SearchAction","target":{"@type":"EntryPoint","urlTemplate":"https:\/\/radioljubuski.ba\/?s={search_term_string}"},"query-input":{"@type":"PropertyValueSpecification","valueRequired":true,"valueName":"search_term_string"}}],"inLanguage":"hr"},{"@type":"Organization","@id":"https:\/\/radioljubuski.ba\/#organization","name":"Radio Ljubu\u0161ki","url":"https:\/\/radioljubuski.ba\/","logo":{"@type":"ImageObject","inLanguage":"hr","@id":"https:\/\/radioljubuski.ba\/#\/schema\/logo\/image\/","url":"https:\/\/radioljubuski.ba\/wp-content\/uploads\/2021\/02\/cropped-Radio_Ljubuski_logo1.jpg","contentUrl":"https:\/\/radioljubuski.ba\/wp-content\/uploads\/2021\/02\/cropped-Radio_Ljubuski_logo1.jpg","width":512,"height":512,"caption":"Radio Ljubu\u0161ki"},"image":{"@id":"https:\/\/radioljubuski.ba\/#\/schema\/logo\/image\/"},"sameAs":["https:\/\/www.facebook.com\/Radiio-Ljubuski-1490835324566332","https:\/\/x.com\/radioljubuski","https:\/\/hr.linkedin.com\/company\/radio-ljubuski","https:\/\/www.youtube.com\/channel\/UCHYaeO_n0Db3tjNGudGpXyw"]},{"@type":"Person","@id":"https:\/\/radioljubuski.ba\/#\/schema\/person\/19fc700381a780f69665d7956c469e3b","name":"Radio Ljubu\u0161ki"}]}},"_links":{"self":[{"href":"https:\/\/radioljubuski.ba\/index.php\/wp-json\/wp\/v2\/posts\/166047","targetHints":{"allow":["GET"]}}],"collection":[{"href":"https:\/\/radioljubuski.ba\/index.php\/wp-json\/wp\/v2\/posts"}],"about":[{"href":"https:\/\/radioljubuski.ba\/index.php\/wp-json\/wp\/v2\/types\/post"}],"author":[{"embeddable":true,"href":"https:\/\/radioljubuski.ba\/index.php\/wp-json\/wp\/v2\/users\/2"}],"replies":[{"embeddable":true,"href":"https:\/\/radioljubuski.ba\/index.php\/wp-json\/wp\/v2\/comments?post=166047"}],"version-history":[{"count":1,"href":"https:\/\/radioljubuski.ba\/index.php\/wp-json\/wp\/v2\/posts\/166047\/revisions"}],"predecessor-version":[{"id":166049,"href":"https:\/\/radioljubuski.ba\/index.php\/wp-json\/wp\/v2\/posts\/166047\/revisions\/166049"}],"wp:featuredmedia":[{"embeddable":true,"href":"https:\/\/radioljubuski.ba\/index.php\/wp-json\/wp\/v2\/media\/166048"}],"wp:attachment":[{"href":"https:\/\/radioljubuski.ba\/index.php\/wp-json\/wp\/v2\/media?parent=166047"}],"wp:term":[{"taxonomy":"category","embeddable":true,"href":"https:\/\/radioljubuski.ba\/index.php\/wp-json\/wp\/v2\/categories?post=166047"},{"taxonomy":"post_tag","embeddable":true,"href":"https:\/\/radioljubuski.ba\/index.php\/wp-json\/wp\/v2\/tags?post=166047"}],"curies":[{"name":"wp","href":"https:\/\/api.w.org\/{rel}","templated":true}]}}