{"id":166074,"date":"2022-08-03T10:53:10","date_gmt":"2022-08-03T09:53:10","guid":{"rendered":"https:\/\/radioljubuski.ba\/?p=166074"},"modified":"2022-08-03T10:53:11","modified_gmt":"2022-08-03T09:53:11","slug":"punac-preminuo-od-zaraze-koronavirusom-zetu-prijeti-zatvorska-kazna","status":"publish","type":"post","link":"https:\/\/radioljubuski.ba\/index.php\/2022\/08\/03\/punac-preminuo-od-zaraze-koronavirusom-zetu-prijeti-zatvorska-kazna\/","title":{"rendered":"Punac preminuo od zaraze koronavirusom, zetu prijeti zatvorska kazna"},"content":{"rendered":"\n<p>Op\u0107insko dr\u017eavno odvjetni\u0161tvo u Virovitici objavilo je u utorak da provodi istragu protiv 42-ogodi\u0161njaka za kojeg sumnjaju da je zarazio svog punca koronavirusom jer se nije pridr\u017eavao mjera samoizolacije.<\/p>\n\n\n\n<p>Punac je od posljedica zaraze virusom Sars-Cov-2 umro nakon hospitalizacije u respiracijskom centru KBC-a Osijek, a zetu sada prijeti zatvorska kazna jer ga DORH tereti zbog osnovane sumnje na po\u010dinjenje te\u0161kog kaznenog djela protiv zdravlja ljudi.<\/p>\n\n\n\n<p>\u201cPostoji osnovana sumnja da je okrivljeni 42-godi\u0161njak od 13. studenoga do 19. studenoga 2021. u Virovitici, po\u010dinio navedeno kazneno djelo znaju\u0107i da mu je dijagnosticirana akutna respiratorna bolest covid-19, uzrokovana virusom Sars-Cov-2 i da mu je Zavod za javno zdravstvo odredio posebnu mjeru za spre\u010davanje i suzbijanje zarazne bolesti iz \u010dlanka 21. stavka 2. Zakona o za\u0161titi pu\u010danstva od zaraznih bolesti u vidu izolacije na adresi prebivali\u0161ta\u201d, stoji u priop\u0107enju \u017dupanijskog dr\u017eavnog odvjetni\u0161tva u Bjelovaru objavljenom u utorak.<\/p>\n\n\n\n<p>Osnovano se sumnja da se okrivljeni 42-godi\u0161njak, navodi DORH, pristaju\u0107i ugroziti zdravlje drugih uku\u0107ana i svjestan lo\u0161eg zdravstvenog stanja njegovog punca, nije izolirao u jednu prostoriju obiteljske ku\u0107e ve\u0107 se kretao po drugim prostorijama i bio u neposrednom kontaktu s puncem kojeg je zarazio virusom Sars-Cov-2. Punac se uslijed te zaraze razbolio od respiratorne bolesti covid-19 zbog \u010dega je morao biti hospitaliziran u respiracijskom centru KBC-a Osijek u kojem je umro&nbsp;26. studenoga 2021.<\/p>\n\n\n\n<p>Izvor: Dnevnik.ba<\/p>\n","protected":false},"excerpt":{"rendered":"<p>Op\u0107insko dr\u017eavno odvjetni\u0161tvo u Virovitici objavilo je u utorak da provodi istragu protiv 42-ogodi\u0161njaka za kojeg sumnjaju da je zarazio svog punca koronavirusom jer se nije pridr\u017eavao mjera samoizolacije. Punac je od posljedica zaraze virusom Sars-Cov-2 umro nakon hospitalizacije u respiracijskom centru KBC-a Osijek, a zetu sada prijeti zatvorska kazna jer ga DORH tereti zbog [&hellip;]<\/p>\n","protected":false},"author":2,"featured_media":166077,"comment_status":"closed","ping_status":"closed","sticky":false,"template":"","format":"standard","meta":{"h5ap_radio_sources":[],"footnotes":""},"categories":[1],"tags":[],"class_list":["post-166074","post","type-post","status-publish","format-standard","has-post-thumbnail","hentry","category-bihiregija"],"yoast_head":"<!-- This site is optimized with the Yoast SEO plugin v27.4 - https:\/\/yoast.com\/product\/yoast-seo-wordpress\/ -->\n<title>Punac preminuo od zaraze koronavirusom, zetu prijeti zatvorska kazna - RADIO LJUBU\u0160KI<\/title>\n<meta name=\"robots\" content=\"index, follow, max-snippet:-1, max-image-preview:large, max-video-preview:-1\" \/>\n<link rel=\"canonical\" href=\"https:\/\/radioljubuski.ba\/index.php\/2022\/08\/03\/punac-preminuo-od-zaraze-koronavirusom-zetu-prijeti-zatvorska-kazna\/\" \/>\n<meta property=\"og:locale\" content=\"hr_HR\" \/>\n<meta property=\"og:type\" content=\"article\" \/>\n<meta property=\"og:title\" content=\"Punac preminuo od zaraze koronavirusom, zetu prijeti zatvorska kazna - RADIO LJUBU\u0160KI\" \/>\n<meta property=\"og:description\" content=\"Op\u0107insko dr\u017eavno odvjetni\u0161tvo u Virovitici objavilo je u utorak da provodi istragu protiv 42-ogodi\u0161njaka za kojeg sumnjaju da je zarazio svog punca koronavirusom jer se nije pridr\u017eavao mjera samoizolacije. Punac je od posljedica zaraze virusom Sars-Cov-2 umro nakon hospitalizacije u respiracijskom centru KBC-a Osijek, a zetu sada prijeti zatvorska kazna jer ga DORH tereti zbog [&hellip;]\" \/>\n<meta property=\"og:url\" content=\"https:\/\/radioljubuski.ba\/index.php\/2022\/08\/03\/punac-preminuo-od-zaraze-koronavirusom-zetu-prijeti-zatvorska-kazna\/\" \/>\n<meta property=\"og:site_name\" content=\"RADIO LJUBU\u0160KI\" \/>\n<meta property=\"article:publisher\" content=\"https:\/\/www.facebook.com\/Radiio-Ljubuski-1490835324566332\" \/>\n<meta property=\"article:published_time\" content=\"2022-08-03T09:53:10+00:00\" \/>\n<meta property=\"article:modified_time\" content=\"2022-08-03T09:53:11+00:00\" \/>\n<meta property=\"og:image\" content=\"https:\/\/radioljubuski.ba\/wp-content\/uploads\/2022\/08\/o_26114_1024.jpg\" \/>\n\t<meta property=\"og:image:width\" content=\"1024\" \/>\n\t<meta property=\"og:image:height\" content=\"648\" \/>\n\t<meta property=\"og:image:type\" content=\"image\/jpeg\" \/>\n<meta name=\"author\" content=\"Radio Ljubu\u0161ki\" \/>\n<meta name=\"twitter:card\" content=\"summary_large_image\" \/>\n<meta name=\"twitter:creator\" content=\"@radioljubuski\" \/>\n<meta name=\"twitter:site\" content=\"@radioljubuski\" \/>\n<meta name=\"twitter:label1\" content=\"Napisao\/la\" \/>\n\t<meta name=\"twitter:data1\" content=\"Radio Ljubu\u0161ki\" \/>\n\t<meta name=\"twitter:label2\" content=\"Procijenjeno vrijeme \u010ditanja\" \/>\n\t<meta name=\"twitter:data2\" content=\"1 minuta\" \/>\n<script type=\"application\/ld+json\" class=\"yoast-schema-graph\">{\"@context\":\"https:\\\/\\\/schema.org\",\"@graph\":[{\"@type\":\"Article\",\"@id\":\"https:\\\/\\\/radioljubuski.ba\\\/index.php\\\/2022\\\/08\\\/03\\\/punac-preminuo-od-zaraze-koronavirusom-zetu-prijeti-zatvorska-kazna\\\/#article\",\"isPartOf\":{\"@id\":\"https:\\\/\\\/radioljubuski.ba\\\/index.php\\\/2022\\\/08\\\/03\\\/punac-preminuo-od-zaraze-koronavirusom-zetu-prijeti-zatvorska-kazna\\\/\"},\"author\":{\"name\":\"Radio Ljubu\u0161ki\",\"@id\":\"https:\\\/\\\/radioljubuski.ba\\\/#\\\/schema\\\/person\\\/19fc700381a780f69665d7956c469e3b\"},\"headline\":\"Punac preminuo od zaraze koronavirusom, zetu prijeti zatvorska kazna\",\"datePublished\":\"2022-08-03T09:53:10+00:00\",\"dateModified\":\"2022-08-03T09:53:11+00:00\",\"mainEntityOfPage\":{\"@id\":\"https:\\\/\\\/radioljubuski.ba\\\/index.php\\\/2022\\\/08\\\/03\\\/punac-preminuo-od-zaraze-koronavirusom-zetu-prijeti-zatvorska-kazna\\\/\"},\"wordCount\":245,\"publisher\":{\"@id\":\"https:\\\/\\\/radioljubuski.ba\\\/#organization\"},\"image\":{\"@id\":\"https:\\\/\\\/radioljubuski.ba\\\/index.php\\\/2022\\\/08\\\/03\\\/punac-preminuo-od-zaraze-koronavirusom-zetu-prijeti-zatvorska-kazna\\\/#primaryimage\"},\"thumbnailUrl\":\"https:\\\/\\\/radioljubuski.ba\\\/wp-content\\\/uploads\\\/2022\\\/08\\\/o_26114_1024.jpg\",\"articleSection\":[\"BIH i regija\"],\"inLanguage\":\"hr\"},{\"@type\":\"WebPage\",\"@id\":\"https:\\\/\\\/radioljubuski.ba\\\/index.php\\\/2022\\\/08\\\/03\\\/punac-preminuo-od-zaraze-koronavirusom-zetu-prijeti-zatvorska-kazna\\\/\",\"url\":\"https:\\\/\\\/radioljubuski.ba\\\/index.php\\\/2022\\\/08\\\/03\\\/punac-preminuo-od-zaraze-koronavirusom-zetu-prijeti-zatvorska-kazna\\\/\",\"name\":\"Punac preminuo od zaraze koronavirusom, zetu prijeti zatvorska kazna - RADIO LJUBU\u0160KI\",\"isPartOf\":{\"@id\":\"https:\\\/\\\/radioljubuski.ba\\\/#website\"},\"primaryImageOfPage\":{\"@id\":\"https:\\\/\\\/radioljubuski.ba\\\/index.php\\\/2022\\\/08\\\/03\\\/punac-preminuo-od-zaraze-koronavirusom-zetu-prijeti-zatvorska-kazna\\\/#primaryimage\"},\"image\":{\"@id\":\"https:\\\/\\\/radioljubuski.ba\\\/index.php\\\/2022\\\/08\\\/03\\\/punac-preminuo-od-zaraze-koronavirusom-zetu-prijeti-zatvorska-kazna\\\/#primaryimage\"},\"thumbnailUrl\":\"https:\\\/\\\/radioljubuski.ba\\\/wp-content\\\/uploads\\\/2022\\\/08\\\/o_26114_1024.jpg\",\"datePublished\":\"2022-08-03T09:53:10+00:00\",\"dateModified\":\"2022-08-03T09:53:11+00:00\",\"breadcrumb\":{\"@id\":\"https:\\\/\\\/radioljubuski.ba\\\/index.php\\\/2022\\\/08\\\/03\\\/punac-preminuo-od-zaraze-koronavirusom-zetu-prijeti-zatvorska-kazna\\\/#breadcrumb\"},\"inLanguage\":\"hr\",\"potentialAction\":[{\"@type\":\"ReadAction\",\"target\":[\"https:\\\/\\\/radioljubuski.ba\\\/index.php\\\/2022\\\/08\\\/03\\\/punac-preminuo-od-zaraze-koronavirusom-zetu-prijeti-zatvorska-kazna\\\/\"]}]},{\"@type\":\"ImageObject\",\"inLanguage\":\"hr\",\"@id\":\"https:\\\/\\\/radioljubuski.ba\\\/index.php\\\/2022\\\/08\\\/03\\\/punac-preminuo-od-zaraze-koronavirusom-zetu-prijeti-zatvorska-kazna\\\/#primaryimage\",\"url\":\"https:\\\/\\\/radioljubuski.ba\\\/wp-content\\\/uploads\\\/2022\\\/08\\\/o_26114_1024.jpg\",\"contentUrl\":\"https:\\\/\\\/radioljubuski.ba\\\/wp-content\\\/uploads\\\/2022\\\/08\\\/o_26114_1024.jpg\",\"width\":1024,\"height\":648},{\"@type\":\"BreadcrumbList\",\"@id\":\"https:\\\/\\\/radioljubuski.ba\\\/index.php\\\/2022\\\/08\\\/03\\\/punac-preminuo-od-zaraze-koronavirusom-zetu-prijeti-zatvorska-kazna\\\/#breadcrumb\",\"itemListElement\":[{\"@type\":\"ListItem\",\"position\":1,\"name\":\"Po\u010detna stranica\",\"item\":\"https:\\\/\\\/radioljubuski.ba\\\/\"},{\"@type\":\"ListItem\",\"position\":2,\"name\":\"Punac preminuo od zaraze koronavirusom, zetu prijeti zatvorska kazna\"}]},{\"@type\":\"WebSite\",\"@id\":\"https:\\\/\\\/radioljubuski.ba\\\/#website\",\"url\":\"https:\\\/\\\/radioljubuski.ba\\\/\",\"name\":\"Radio Ljubu\u0161ki\",\"description\":\"Sun\u010dana frekvencija Hercegovine\",\"publisher\":{\"@id\":\"https:\\\/\\\/radioljubuski.ba\\\/#organization\"},\"potentialAction\":[{\"@type\":\"SearchAction\",\"target\":{\"@type\":\"EntryPoint\",\"urlTemplate\":\"https:\\\/\\\/radioljubuski.ba\\\/?s={search_term_string}\"},\"query-input\":{\"@type\":\"PropertyValueSpecification\",\"valueRequired\":true,\"valueName\":\"search_term_string\"}}],\"inLanguage\":\"hr\"},{\"@type\":\"Organization\",\"@id\":\"https:\\\/\\\/radioljubuski.ba\\\/#organization\",\"name\":\"Radio Ljubu\u0161ki\",\"url\":\"https:\\\/\\\/radioljubuski.ba\\\/\",\"logo\":{\"@type\":\"ImageObject\",\"inLanguage\":\"hr\",\"@id\":\"https:\\\/\\\/radioljubuski.ba\\\/#\\\/schema\\\/logo\\\/image\\\/\",\"url\":\"https:\\\/\\\/radioljubuski.ba\\\/wp-content\\\/uploads\\\/2021\\\/02\\\/cropped-Radio_Ljubuski_logo1.jpg\",\"contentUrl\":\"https:\\\/\\\/radioljubuski.ba\\\/wp-content\\\/uploads\\\/2021\\\/02\\\/cropped-Radio_Ljubuski_logo1.jpg\",\"width\":512,\"height\":512,\"caption\":\"Radio Ljubu\u0161ki\"},\"image\":{\"@id\":\"https:\\\/\\\/radioljubuski.ba\\\/#\\\/schema\\\/logo\\\/image\\\/\"},\"sameAs\":[\"https:\\\/\\\/www.facebook.com\\\/Radiio-Ljubuski-1490835324566332\",\"https:\\\/\\\/x.com\\\/radioljubuski\",\"https:\\\/\\\/hr.linkedin.com\\\/company\\\/radio-ljubuski\",\"https:\\\/\\\/www.youtube.com\\\/channel\\\/UCHYaeO_n0Db3tjNGudGpXyw\"]},{\"@type\":\"Person\",\"@id\":\"https:\\\/\\\/radioljubuski.ba\\\/#\\\/schema\\\/person\\\/19fc700381a780f69665d7956c469e3b\",\"name\":\"Radio Ljubu\u0161ki\"}]}<\/script>\n<!-- \/ Yoast SEO plugin. -->","yoast_head_json":{"title":"Punac preminuo od zaraze koronavirusom, zetu prijeti zatvorska kazna - RADIO LJUBU\u0160KI","robots":{"index":"index","follow":"follow","max-snippet":"max-snippet:-1","max-image-preview":"max-image-preview:large","max-video-preview":"max-video-preview:-1"},"canonical":"https:\/\/radioljubuski.ba\/index.php\/2022\/08\/03\/punac-preminuo-od-zaraze-koronavirusom-zetu-prijeti-zatvorska-kazna\/","og_locale":"hr_HR","og_type":"article","og_title":"Punac preminuo od zaraze koronavirusom, zetu prijeti zatvorska kazna - RADIO LJUBU\u0160KI","og_description":"Op\u0107insko dr\u017eavno odvjetni\u0161tvo u Virovitici objavilo je u utorak da provodi istragu protiv 42-ogodi\u0161njaka za kojeg sumnjaju da je zarazio svog punca koronavirusom jer se nije pridr\u017eavao mjera samoizolacije. Punac je od posljedica zaraze virusom Sars-Cov-2 umro nakon hospitalizacije u respiracijskom centru KBC-a Osijek, a zetu sada prijeti zatvorska kazna jer ga DORH tereti zbog [&hellip;]","og_url":"https:\/\/radioljubuski.ba\/index.php\/2022\/08\/03\/punac-preminuo-od-zaraze-koronavirusom-zetu-prijeti-zatvorska-kazna\/","og_site_name":"RADIO LJUBU\u0160KI","article_publisher":"https:\/\/www.facebook.com\/Radiio-Ljubuski-1490835324566332","article_published_time":"2022-08-03T09:53:10+00:00","article_modified_time":"2022-08-03T09:53:11+00:00","og_image":[{"width":1024,"height":648,"url":"https:\/\/radioljubuski.ba\/wp-content\/uploads\/2022\/08\/o_26114_1024.jpg","type":"image\/jpeg"}],"author":"Radio Ljubu\u0161ki","twitter_card":"summary_large_image","twitter_creator":"@radioljubuski","twitter_site":"@radioljubuski","twitter_misc":{"Napisao\/la":"Radio Ljubu\u0161ki","Procijenjeno vrijeme \u010ditanja":"1 minuta"},"schema":{"@context":"https:\/\/schema.org","@graph":[{"@type":"Article","@id":"https:\/\/radioljubuski.ba\/index.php\/2022\/08\/03\/punac-preminuo-od-zaraze-koronavirusom-zetu-prijeti-zatvorska-kazna\/#article","isPartOf":{"@id":"https:\/\/radioljubuski.ba\/index.php\/2022\/08\/03\/punac-preminuo-od-zaraze-koronavirusom-zetu-prijeti-zatvorska-kazna\/"},"author":{"name":"Radio Ljubu\u0161ki","@id":"https:\/\/radioljubuski.ba\/#\/schema\/person\/19fc700381a780f69665d7956c469e3b"},"headline":"Punac preminuo od zaraze koronavirusom, zetu prijeti zatvorska kazna","datePublished":"2022-08-03T09:53:10+00:00","dateModified":"2022-08-03T09:53:11+00:00","mainEntityOfPage":{"@id":"https:\/\/radioljubuski.ba\/index.php\/2022\/08\/03\/punac-preminuo-od-zaraze-koronavirusom-zetu-prijeti-zatvorska-kazna\/"},"wordCount":245,"publisher":{"@id":"https:\/\/radioljubuski.ba\/#organization"},"image":{"@id":"https:\/\/radioljubuski.ba\/index.php\/2022\/08\/03\/punac-preminuo-od-zaraze-koronavirusom-zetu-prijeti-zatvorska-kazna\/#primaryimage"},"thumbnailUrl":"https:\/\/radioljubuski.ba\/wp-content\/uploads\/2022\/08\/o_26114_1024.jpg","articleSection":["BIH i regija"],"inLanguage":"hr"},{"@type":"WebPage","@id":"https:\/\/radioljubuski.ba\/index.php\/2022\/08\/03\/punac-preminuo-od-zaraze-koronavirusom-zetu-prijeti-zatvorska-kazna\/","url":"https:\/\/radioljubuski.ba\/index.php\/2022\/08\/03\/punac-preminuo-od-zaraze-koronavirusom-zetu-prijeti-zatvorska-kazna\/","name":"Punac preminuo od zaraze koronavirusom, zetu prijeti zatvorska kazna - RADIO LJUBU\u0160KI","isPartOf":{"@id":"https:\/\/radioljubuski.ba\/#website"},"primaryImageOfPage":{"@id":"https:\/\/radioljubuski.ba\/index.php\/2022\/08\/03\/punac-preminuo-od-zaraze-koronavirusom-zetu-prijeti-zatvorska-kazna\/#primaryimage"},"image":{"@id":"https:\/\/radioljubuski.ba\/index.php\/2022\/08\/03\/punac-preminuo-od-zaraze-koronavirusom-zetu-prijeti-zatvorska-kazna\/#primaryimage"},"thumbnailUrl":"https:\/\/radioljubuski.ba\/wp-content\/uploads\/2022\/08\/o_26114_1024.jpg","datePublished":"2022-08-03T09:53:10+00:00","dateModified":"2022-08-03T09:53:11+00:00","breadcrumb":{"@id":"https:\/\/radioljubuski.ba\/index.php\/2022\/08\/03\/punac-preminuo-od-zaraze-koronavirusom-zetu-prijeti-zatvorska-kazna\/#breadcrumb"},"inLanguage":"hr","potentialAction":[{"@type":"ReadAction","target":["https:\/\/radioljubuski.ba\/index.php\/2022\/08\/03\/punac-preminuo-od-zaraze-koronavirusom-zetu-prijeti-zatvorska-kazna\/"]}]},{"@type":"ImageObject","inLanguage":"hr","@id":"https:\/\/radioljubuski.ba\/index.php\/2022\/08\/03\/punac-preminuo-od-zaraze-koronavirusom-zetu-prijeti-zatvorska-kazna\/#primaryimage","url":"https:\/\/radioljubuski.ba\/wp-content\/uploads\/2022\/08\/o_26114_1024.jpg","contentUrl":"https:\/\/radioljubuski.ba\/wp-content\/uploads\/2022\/08\/o_26114_1024.jpg","width":1024,"height":648},{"@type":"BreadcrumbList","@id":"https:\/\/radioljubuski.ba\/index.php\/2022\/08\/03\/punac-preminuo-od-zaraze-koronavirusom-zetu-prijeti-zatvorska-kazna\/#breadcrumb","itemListElement":[{"@type":"ListItem","position":1,"name":"Po\u010detna stranica","item":"https:\/\/radioljubuski.ba\/"},{"@type":"ListItem","position":2,"name":"Punac preminuo od zaraze koronavirusom, zetu prijeti zatvorska kazna"}]},{"@type":"WebSite","@id":"https:\/\/radioljubuski.ba\/#website","url":"https:\/\/radioljubuski.ba\/","name":"Radio Ljubu\u0161ki","description":"Sun\u010dana frekvencija Hercegovine","publisher":{"@id":"https:\/\/radioljubuski.ba\/#organization"},"potentialAction":[{"@type":"SearchAction","target":{"@type":"EntryPoint","urlTemplate":"https:\/\/radioljubuski.ba\/?s={search_term_string}"},"query-input":{"@type":"PropertyValueSpecification","valueRequired":true,"valueName":"search_term_string"}}],"inLanguage":"hr"},{"@type":"Organization","@id":"https:\/\/radioljubuski.ba\/#organization","name":"Radio Ljubu\u0161ki","url":"https:\/\/radioljubuski.ba\/","logo":{"@type":"ImageObject","inLanguage":"hr","@id":"https:\/\/radioljubuski.ba\/#\/schema\/logo\/image\/","url":"https:\/\/radioljubuski.ba\/wp-content\/uploads\/2021\/02\/cropped-Radio_Ljubuski_logo1.jpg","contentUrl":"https:\/\/radioljubuski.ba\/wp-content\/uploads\/2021\/02\/cropped-Radio_Ljubuski_logo1.jpg","width":512,"height":512,"caption":"Radio Ljubu\u0161ki"},"image":{"@id":"https:\/\/radioljubuski.ba\/#\/schema\/logo\/image\/"},"sameAs":["https:\/\/www.facebook.com\/Radiio-Ljubuski-1490835324566332","https:\/\/x.com\/radioljubuski","https:\/\/hr.linkedin.com\/company\/radio-ljubuski","https:\/\/www.youtube.com\/channel\/UCHYaeO_n0Db3tjNGudGpXyw"]},{"@type":"Person","@id":"https:\/\/radioljubuski.ba\/#\/schema\/person\/19fc700381a780f69665d7956c469e3b","name":"Radio Ljubu\u0161ki"}]}},"_links":{"self":[{"href":"https:\/\/radioljubuski.ba\/index.php\/wp-json\/wp\/v2\/posts\/166074","targetHints":{"allow":["GET"]}}],"collection":[{"href":"https:\/\/radioljubuski.ba\/index.php\/wp-json\/wp\/v2\/posts"}],"about":[{"href":"https:\/\/radioljubuski.ba\/index.php\/wp-json\/wp\/v2\/types\/post"}],"author":[{"embeddable":true,"href":"https:\/\/radioljubuski.ba\/index.php\/wp-json\/wp\/v2\/users\/2"}],"replies":[{"embeddable":true,"href":"https:\/\/radioljubuski.ba\/index.php\/wp-json\/wp\/v2\/comments?post=166074"}],"version-history":[{"count":1,"href":"https:\/\/radioljubuski.ba\/index.php\/wp-json\/wp\/v2\/posts\/166074\/revisions"}],"predecessor-version":[{"id":166078,"href":"https:\/\/radioljubuski.ba\/index.php\/wp-json\/wp\/v2\/posts\/166074\/revisions\/166078"}],"wp:featuredmedia":[{"embeddable":true,"href":"https:\/\/radioljubuski.ba\/index.php\/wp-json\/wp\/v2\/media\/166077"}],"wp:attachment":[{"href":"https:\/\/radioljubuski.ba\/index.php\/wp-json\/wp\/v2\/media?parent=166074"}],"wp:term":[{"taxonomy":"category","embeddable":true,"href":"https:\/\/radioljubuski.ba\/index.php\/wp-json\/wp\/v2\/categories?post=166074"},{"taxonomy":"post_tag","embeddable":true,"href":"https:\/\/radioljubuski.ba\/index.php\/wp-json\/wp\/v2\/tags?post=166074"}],"curies":[{"name":"wp","href":"https:\/\/api.w.org\/{rel}","templated":true}]}}